{"id":126485,"date":"2023-04-25T16:41:59","date_gmt":"2023-04-25T19:41:59","guid":{"rendered":"https:\/\/folhapopular.info\/?p=126485"},"modified":"2023-04-25T17:24:05","modified_gmt":"2023-04-25T20:24:05","slug":"emef-leopoldo-klepker-inicia-projeto-lk-sustentavel-para-2023-em-teutonia","status":"publish","type":"post","link":"https:\/\/folhapopular.info\/index.php\/2023\/04\/25\/emef-leopoldo-klepker-inicia-projeto-lk-sustentavel-para-2023-em-teutonia\/","title":{"rendered":"Emef Leopoldo Klepker d\u00e1 in\u00edcio a Programa LK Sustent\u00e1vel de 2023 em Teut\u00f4nia"},"content":{"rendered":"\n<p>A Escola Municipal de Ensino Fundamental (Emef) Leopoldo Klepker realizou a primeira a\u00e7\u00e3o do ano do Programa LK Sustent\u00e1vel. O momento aconteceu na quarta-feira (19\/4) nas proximidades do educand\u00e1rio. Foram coletados res\u00edduos recicl\u00e1veis como papel\u00e3o, latinhas e garrafas pet, que foram pesados por uma equipe parceira do programa. Os alunos receberam pontos, que foram convertidos para suas contas virtuais.<\/p>\n\n\n\n<p>Os pontos acumulados a cada atividade permitem aos estudantes adquirir diferentes produtos contemplados pelo programa, como bicicletas, eletr\u00f4nicos, eletrodom\u00e9sticos, materiais escolares, livros e brinquedos, entre outros.<\/p>\n\n\n\n<p>A Cooperativa Escolar da Emef &#8211; Cooperlares &#8211; tamb\u00e9m \u00e9 apoiadora da iniciativa e participou da ocasi\u00e3o. Em outra atividade conjunta entre alunos e a cooperativa, foram arrecadados 330 litros de \u00f3leo de cozinha usado, encaminhados para destina\u00e7\u00e3o correta.<\/p>\n\n\n\n<p>Fam\u00edlias e estudantes estiveram envolvidos com os momentos proporcionados. Os estudantes que trouxeram o \u00f3leo tamb\u00e9m ser\u00e3o recompensados com o \u201cLK\u201d, que \u00e9 a moeda ecol\u00f3gica virtual.<\/p>\n\n\n\n<p>O projeto \u00e9 uma realiza\u00e7\u00e3o da Emef Leopoldo Klepker em parceria com a Cooperativa Sicredi, Cooperales, Secretaria Municipal de Educa\u00e7\u00e3o (SME) e Secretaria Municipal de Agricultura e Meio Ambiente (SMAMA) de Teut\u00f4nia.<\/p>\n\n\n\n<p><strong>Venda de Res\u00edduos<\/strong><\/p>\n\n\n\n<figure class=\"wp-block-table\"><table><tbody><tr><td>Material<\/td><td>Kg<\/td><\/tr><tr><td>Latinhas<\/td><td>262,7<\/td><\/tr><tr><td>PEAD<\/td><td>100,65<\/td><\/tr><tr><td>Pet Verde<\/td><td>63,18<\/td><\/tr><tr><td>Pet Transparente<\/td><td>458,25<\/td><\/tr><tr><td>Papel\u00e3o<\/td><td>1.423,2<\/td><\/tr><\/tbody><\/table><\/figure>\n\n\n\n<div class=\"wp-block-jetpack-slideshow aligncenter\" data-effect=\"slide\"><div class=\"wp-block-jetpack-slideshow_container swiper-container\"><ul class=\"wp-block-jetpack-slideshow_swiper-wrapper swiper-wrapper\"><li class=\"wp-block-jetpack-slideshow_slide swiper-slide\"><figure><img loading=\"lazy\" decoding=\"async\" width=\"1024\" height=\"577\" alt=\"\" class=\"wp-block-jetpack-slideshow_image wp-image-126493\" data-id=\"126493\" src=\"https:\/\/folhapopular.info\/wp-content\/uploads\/2023\/04\/WhatsApp-Image-2023-04-25-at-14.55.25-1024x577.jpeg\" srcset=\"https:\/\/folhapopular.info\/wp-content\/uploads\/2023\/04\/WhatsApp-Image-2023-04-25-at-14.55.25-1024x577.jpeg 1024w, https:\/\/folhapopular.info\/wp-content\/uploads\/2023\/04\/WhatsApp-Image-2023-04-25-at-14.55.25-300x169.jpeg 300w, https:\/\/folhapopular.info\/wp-content\/uploads\/2023\/04\/WhatsApp-Image-2023-04-25-at-14.55.25-768x432.jpeg 768w, https:\/\/folhapopular.info\/wp-content\/uploads\/2023\/04\/WhatsApp-Image-2023-04-25-at-14.55.25-1536x865.jpeg 1536w, https:\/\/folhapopular.info\/wp-content\/uploads\/2023\/04\/WhatsApp-Image-2023-04-25-at-14.55.25-696x392.jpeg 696w, https:\/\/folhapopular.info\/wp-content\/uploads\/2023\/04\/WhatsApp-Image-2023-04-25-at-14.55.25-1068x601.jpeg 1068w, https:\/\/folhapopular.info\/wp-content\/uploads\/2023\/04\/WhatsApp-Image-2023-04-25-at-14.55.25.jpeg 1600w\" sizes=\"(max-width: 1024px) 100vw, 1024px\" \/><\/figure><\/li><li class=\"wp-block-jetpack-slideshow_slide swiper-slide\"><figure><img loading=\"lazy\" decoding=\"async\" width=\"1024\" height=\"768\" alt=\"\" class=\"wp-block-jetpack-slideshow_image wp-image-126495\" data-id=\"126495\" src=\"https:\/\/folhapopular.info\/wp-content\/uploads\/2023\/04\/WhatsApp-Image-2023-04-25-at-14.55.27-1-1024x768.jpeg\" srcset=\"https:\/\/folhapopular.info\/wp-content\/uploads\/2023\/04\/WhatsApp-Image-2023-04-25-at-14.55.27-1-1024x768.jpeg 1024w, https:\/\/folhapopular.info\/wp-content\/uploads\/2023\/04\/WhatsApp-Image-2023-04-25-at-14.55.27-1-300x225.jpeg 300w, https:\/\/folhapopular.info\/wp-content\/uploads\/2023\/04\/WhatsApp-Image-2023-04-25-at-14.55.27-1-768x576.jpeg 768w, https:\/\/folhapopular.info\/wp-content\/uploads\/2023\/04\/WhatsApp-Image-2023-04-25-at-14.55.27-1-1536x1152.jpeg 1536w, https:\/\/folhapopular.info\/wp-content\/uploads\/2023\/04\/WhatsApp-Image-2023-04-25-at-14.55.27-1-696x522.jpeg 696w, https:\/\/folhapopular.info\/wp-content\/uploads\/2023\/04\/WhatsApp-Image-2023-04-25-at-14.55.27-1-1068x801.jpeg 1068w, https:\/\/folhapopular.info\/wp-content\/uploads\/2023\/04\/WhatsApp-Image-2023-04-25-at-14.55.27-1.jpeg 1600w\" sizes=\"(max-width: 1024px) 100vw, 1024px\" \/><\/figure><\/li><\/ul><a class=\"wp-block-jetpack-slideshow_button-prev swiper-button-prev swiper-button-white\" role=\"button\"><\/a><a class=\"wp-block-jetpack-slideshow_button-next swiper-button-next swiper-button-white\" role=\"button\"><\/a><a aria-label=\"Pause Slideshow\" class=\"wp-block-jetpack-slideshow_button-pause\" role=\"button\"><\/a><div class=\"wp-block-jetpack-slideshow_pagination swiper-pagination swiper-pagination-white\"><\/div><\/div><\/div>\n","protected":false},"excerpt":{"rendered":"<p>A Escola Municipal de Ensino Fundamental (Emef) Leopoldo Klepker realizou a primeira a\u00e7\u00e3o do ano do Programa LK Sustent\u00e1vel. O momento aconteceu na quarta-feira (19\/4) nas proximidades do educand\u00e1rio. Foram coletados res\u00edduos recicl\u00e1veis como papel\u00e3o, latinhas e garrafas pet, que foram pesados por uma equipe parceira do programa. Os alunos receberam pontos, que foram convertidos [&hellip;]<\/p>\n","protected":false},"author":8,"featured_media":126494,"comment_status":"open","ping_status":"open","sticky":false,"template":"","format":"standard","meta":{"pmpro_default_level":"","_jetpack_memberships_contains_paid_content":false,"footnotes":""},"categories":[2,10988,3,11025],"tags":[73,700,9036,57,1712,26],"class_list":{"0":"post-126485","1":"post","2":"type-post","3":"status-publish","4":"format-standard","5":"has-post-thumbnail","7":"category-featured","8":"category-educacao","9":"category-geral","10":"category-meio-ambiente","11":"tag-educacao","12":"tag-emef-leopoldo-klepker","13":"tag-leopoldo-klepker-sustentavel","14":"tag-meio-ambiente","15":"tag-projeto","16":"tag-teutonia","17":"pmpro-has-access"},"yoast_head":"<!-- This site is optimized with the Yoast SEO plugin v27.5 - https:\/\/yoast.com\/product\/yoast-seo-wordpress\/ -->\n<title>Emef Leopoldo Klepker d\u00e1 in\u00edcio a Programa LK Sustent\u00e1vel de 2023 em Teut\u00f4nia - Folha Popular<\/title>\n<meta name=\"robots\" content=\"index, follow, max-snippet:-1, max-image-preview:large, max-video-preview:-1\" \/>\n<link rel=\"canonical\" href=\"https:\/\/folhapopular.info\/index.php\/2023\/04\/25\/emef-leopoldo-klepker-inicia-projeto-lk-sustentavel-para-2023-em-teutonia\/\" \/>\n<meta property=\"og:locale\" content=\"pt_BR\" \/>\n<meta property=\"og:type\" content=\"article\" \/>\n<meta property=\"og:title\" content=\"Emef Leopoldo Klepker d\u00e1 in\u00edcio a Programa LK Sustent\u00e1vel de 2023 em Teut\u00f4nia - Folha Popular\" \/>\n<meta property=\"og:description\" content=\"A Escola Municipal de Ensino Fundamental (Emef) Leopoldo Klepker realizou a primeira a\u00e7\u00e3o do ano do Programa LK Sustent\u00e1vel. O momento aconteceu na quarta-feira (19\/4) nas proximidades do educand\u00e1rio. Foram coletados res\u00edduos recicl\u00e1veis como papel\u00e3o, latinhas e garrafas pet, que foram pesados por uma equipe parceira do programa. Os alunos receberam pontos, que foram convertidos [&hellip;]\" \/>\n<meta property=\"og:url\" content=\"https:\/\/folhapopular.info\/index.php\/2023\/04\/25\/emef-leopoldo-klepker-inicia-projeto-lk-sustentavel-para-2023-em-teutonia\/\" \/>\n<meta property=\"og:site_name\" content=\"Folha Popular\" \/>\n<meta property=\"article:published_time\" content=\"2023-04-25T19:41:59+00:00\" \/>\n<meta property=\"article:modified_time\" content=\"2023-04-25T20:24:05+00:00\" \/>\n<meta property=\"og:image\" content=\"http:\/\/folhapopular.info\/wp-content\/uploads\/2023\/04\/WhatsApp-Image-2023-04-25-at-14.55.23-e1682451576714.jpeg\" \/>\n\t<meta property=\"og:image:width\" content=\"1200\" \/>\n\t<meta property=\"og:image:height\" content=\"591\" \/>\n\t<meta property=\"og:image:type\" content=\"image\/jpeg\" \/>\n<meta name=\"author\" content=\"Reda\u00e7\u00e3o Folha Popular\" \/>\n<meta name=\"twitter:card\" content=\"summary_large_image\" \/>\n<meta name=\"twitter:label1\" content=\"Escrito por\" \/>\n\t<meta name=\"twitter:data1\" content=\"Reda\u00e7\u00e3o Folha Popular\" \/>\n\t<meta name=\"twitter:label2\" content=\"Est. tempo de leitura\" \/>\n\t<meta name=\"twitter:data2\" content=\"2 minutos\" \/>\n<script type=\"application\/ld+json\" class=\"yoast-schema-graph\">{\"@context\":\"https:\\\/\\\/schema.org\",\"@graph\":[{\"@type\":\"Article\",\"@id\":\"https:\\\/\\\/folhapopular.info\\\/index.php\\\/2023\\\/04\\\/25\\\/emef-leopoldo-klepker-inicia-projeto-lk-sustentavel-para-2023-em-teutonia\\\/#article\",\"isPartOf\":{\"@id\":\"https:\\\/\\\/folhapopular.info\\\/index.php\\\/2023\\\/04\\\/25\\\/emef-leopoldo-klepker-inicia-projeto-lk-sustentavel-para-2023-em-teutonia\\\/\"},\"author\":{\"name\":\"Reda\u00e7\u00e3o Folha Popular\",\"@id\":\"https:\\\/\\\/folhapopular.info\\\/#\\\/schema\\\/person\\\/2814e8a0df7643585a9ca38bc6eb9d4b\"},\"headline\":\"Emef Leopoldo Klepker d\u00e1 in\u00edcio a Programa LK Sustent\u00e1vel de 2023 em Teut\u00f4nia\",\"datePublished\":\"2023-04-25T19:41:59+00:00\",\"dateModified\":\"2023-04-25T20:24:05+00:00\",\"mainEntityOfPage\":{\"@id\":\"https:\\\/\\\/folhapopular.info\\\/index.php\\\/2023\\\/04\\\/25\\\/emef-leopoldo-klepker-inicia-projeto-lk-sustentavel-para-2023-em-teutonia\\\/\"},\"wordCount\":225,\"commentCount\":0,\"image\":{\"@id\":\"https:\\\/\\\/folhapopular.info\\\/index.php\\\/2023\\\/04\\\/25\\\/emef-leopoldo-klepker-inicia-projeto-lk-sustentavel-para-2023-em-teutonia\\\/#primaryimage\"},\"thumbnailUrl\":\"https:\\\/\\\/folhapopular.info\\\/wp-content\\\/uploads\\\/2023\\\/04\\\/WhatsApp-Image-2023-04-25-at-14.55.23-e1682451576714.jpeg\",\"keywords\":[\"Educa\u00e7\u00e3o\",\"EMEF Leopoldo Klepker\",\"Leopoldo Klepker Sustent\u00e1vel\",\"Meio Ambiente\",\"Projeto\",\"Teut\u00f4nia\"],\"articleSection\":[\"Destaques\",\"Educa\u00e7\u00e3o\",\"Geral\",\"Meio Ambiente\"],\"inLanguage\":\"pt-BR\",\"potentialAction\":[{\"@type\":\"CommentAction\",\"name\":\"Comment\",\"target\":[\"https:\\\/\\\/folhapopular.info\\\/index.php\\\/2023\\\/04\\\/25\\\/emef-leopoldo-klepker-inicia-projeto-lk-sustentavel-para-2023-em-teutonia\\\/#respond\"]}]},{\"@type\":\"WebPage\",\"@id\":\"https:\\\/\\\/folhapopular.info\\\/index.php\\\/2023\\\/04\\\/25\\\/emef-leopoldo-klepker-inicia-projeto-lk-sustentavel-para-2023-em-teutonia\\\/\",\"url\":\"https:\\\/\\\/folhapopular.info\\\/index.php\\\/2023\\\/04\\\/25\\\/emef-leopoldo-klepker-inicia-projeto-lk-sustentavel-para-2023-em-teutonia\\\/\",\"name\":\"Emef Leopoldo Klepker d\u00e1 in\u00edcio a Programa LK Sustent\u00e1vel de 2023 em Teut\u00f4nia - Folha Popular\",\"isPartOf\":{\"@id\":\"https:\\\/\\\/folhapopular.info\\\/#website\"},\"primaryImageOfPage\":{\"@id\":\"https:\\\/\\\/folhapopular.info\\\/index.php\\\/2023\\\/04\\\/25\\\/emef-leopoldo-klepker-inicia-projeto-lk-sustentavel-para-2023-em-teutonia\\\/#primaryimage\"},\"image\":{\"@id\":\"https:\\\/\\\/folhapopular.info\\\/index.php\\\/2023\\\/04\\\/25\\\/emef-leopoldo-klepker-inicia-projeto-lk-sustentavel-para-2023-em-teutonia\\\/#primaryimage\"},\"thumbnailUrl\":\"https:\\\/\\\/folhapopular.info\\\/wp-content\\\/uploads\\\/2023\\\/04\\\/WhatsApp-Image-2023-04-25-at-14.55.23-e1682451576714.jpeg\",\"datePublished\":\"2023-04-25T19:41:59+00:00\",\"dateModified\":\"2023-04-25T20:24:05+00:00\",\"author\":{\"@id\":\"https:\\\/\\\/folhapopular.info\\\/#\\\/schema\\\/person\\\/2814e8a0df7643585a9ca38bc6eb9d4b\"},\"breadcrumb\":{\"@id\":\"https:\\\/\\\/folhapopular.info\\\/index.php\\\/2023\\\/04\\\/25\\\/emef-leopoldo-klepker-inicia-projeto-lk-sustentavel-para-2023-em-teutonia\\\/#breadcrumb\"},\"inLanguage\":\"pt-BR\",\"potentialAction\":[{\"@type\":\"ReadAction\",\"target\":[\"https:\\\/\\\/folhapopular.info\\\/index.php\\\/2023\\\/04\\\/25\\\/emef-leopoldo-klepker-inicia-projeto-lk-sustentavel-para-2023-em-teutonia\\\/\"]}]},{\"@type\":\"ImageObject\",\"inLanguage\":\"pt-BR\",\"@id\":\"https:\\\/\\\/folhapopular.info\\\/index.php\\\/2023\\\/04\\\/25\\\/emef-leopoldo-klepker-inicia-projeto-lk-sustentavel-para-2023-em-teutonia\\\/#primaryimage\",\"url\":\"https:\\\/\\\/folhapopular.info\\\/wp-content\\\/uploads\\\/2023\\\/04\\\/WhatsApp-Image-2023-04-25-at-14.55.23-e1682451576714.jpeg\",\"contentUrl\":\"https:\\\/\\\/folhapopular.info\\\/wp-content\\\/uploads\\\/2023\\\/04\\\/WhatsApp-Image-2023-04-25-at-14.55.23-e1682451576714.jpeg\",\"width\":1200,\"height\":591,\"caption\":\"Cr\u00e9dito: Divulga\u00e7\u00e3o\"},{\"@type\":\"BreadcrumbList\",\"@id\":\"https:\\\/\\\/folhapopular.info\\\/index.php\\\/2023\\\/04\\\/25\\\/emef-leopoldo-klepker-inicia-projeto-lk-sustentavel-para-2023-em-teutonia\\\/#breadcrumb\",\"itemListElement\":[{\"@type\":\"ListItem\",\"position\":1,\"name\":\"In\u00edcio\",\"item\":\"https:\\\/\\\/folhapopular.info\\\/\"},{\"@type\":\"ListItem\",\"position\":2,\"name\":\"Emef Leopoldo Klepker d\u00e1 in\u00edcio a Programa LK Sustent\u00e1vel de 2023 em Teut\u00f4nia\"}]},{\"@type\":\"WebSite\",\"@id\":\"https:\\\/\\\/folhapopular.info\\\/#website\",\"url\":\"https:\\\/\\\/folhapopular.info\\\/\",\"name\":\"Folha Popular\",\"description\":\"Onde voc\u00ea tem vez e voz\",\"potentialAction\":[{\"@type\":\"SearchAction\",\"target\":{\"@type\":\"EntryPoint\",\"urlTemplate\":\"https:\\\/\\\/folhapopular.info\\\/?s={search_term_string}\"},\"query-input\":{\"@type\":\"PropertyValueSpecification\",\"valueRequired\":true,\"valueName\":\"search_term_string\"}}],\"inLanguage\":\"pt-BR\"},{\"@type\":\"Person\",\"@id\":\"https:\\\/\\\/folhapopular.info\\\/#\\\/schema\\\/person\\\/2814e8a0df7643585a9ca38bc6eb9d4b\",\"name\":\"Reda\u00e7\u00e3o Folha Popular\",\"image\":{\"@type\":\"ImageObject\",\"inLanguage\":\"pt-BR\",\"@id\":\"https:\\\/\\\/folhapopular.info\\\/wp-content\\\/uploads\\\/2026\\\/04\\\/Folha-1.webp\",\"url\":\"https:\\\/\\\/folhapopular.info\\\/wp-content\\\/uploads\\\/2026\\\/04\\\/Folha-1.webp\",\"contentUrl\":\"https:\\\/\\\/folhapopular.info\\\/wp-content\\\/uploads\\\/2026\\\/04\\\/Folha-1.webp\",\"caption\":\"Reda\u00e7\u00e3o Folha Popular\"},\"url\":\"https:\\\/\\\/folhapopular.info\\\/index.php\\\/author\\\/redacao\\\/\"}]}<\/script>\n<!-- \/ Yoast SEO plugin. -->","yoast_head_json":{"title":"Emef Leopoldo Klepker d\u00e1 in\u00edcio a Programa LK Sustent\u00e1vel de 2023 em Teut\u00f4nia - Folha Popular","robots":{"index":"index","follow":"follow","max-snippet":"max-snippet:-1","max-image-preview":"max-image-preview:large","max-video-preview":"max-video-preview:-1"},"canonical":"https:\/\/folhapopular.info\/index.php\/2023\/04\/25\/emef-leopoldo-klepker-inicia-projeto-lk-sustentavel-para-2023-em-teutonia\/","og_locale":"pt_BR","og_type":"article","og_title":"Emef Leopoldo Klepker d\u00e1 in\u00edcio a Programa LK Sustent\u00e1vel de 2023 em Teut\u00f4nia - Folha Popular","og_description":"A Escola Municipal de Ensino Fundamental (Emef) Leopoldo Klepker realizou a primeira a\u00e7\u00e3o do ano do Programa LK Sustent\u00e1vel. O momento aconteceu na quarta-feira (19\/4) nas proximidades do educand\u00e1rio. Foram coletados res\u00edduos recicl\u00e1veis como papel\u00e3o, latinhas e garrafas pet, que foram pesados por uma equipe parceira do programa. Os alunos receberam pontos, que foram convertidos [&hellip;]","og_url":"https:\/\/folhapopular.info\/index.php\/2023\/04\/25\/emef-leopoldo-klepker-inicia-projeto-lk-sustentavel-para-2023-em-teutonia\/","og_site_name":"Folha Popular","article_published_time":"2023-04-25T19:41:59+00:00","article_modified_time":"2023-04-25T20:24:05+00:00","og_image":[{"width":1200,"height":591,"url":"http:\/\/folhapopular.info\/wp-content\/uploads\/2023\/04\/WhatsApp-Image-2023-04-25-at-14.55.23-e1682451576714.jpeg","type":"image\/jpeg"}],"author":"Reda\u00e7\u00e3o Folha Popular","twitter_card":"summary_large_image","twitter_misc":{"Escrito por":"Reda\u00e7\u00e3o Folha Popular","Est. tempo de leitura":"2 minutos"},"schema":{"@context":"https:\/\/schema.org","@graph":[{"@type":"Article","@id":"https:\/\/folhapopular.info\/index.php\/2023\/04\/25\/emef-leopoldo-klepker-inicia-projeto-lk-sustentavel-para-2023-em-teutonia\/#article","isPartOf":{"@id":"https:\/\/folhapopular.info\/index.php\/2023\/04\/25\/emef-leopoldo-klepker-inicia-projeto-lk-sustentavel-para-2023-em-teutonia\/"},"author":{"name":"Reda\u00e7\u00e3o Folha Popular","@id":"https:\/\/folhapopular.info\/#\/schema\/person\/2814e8a0df7643585a9ca38bc6eb9d4b"},"headline":"Emef Leopoldo Klepker d\u00e1 in\u00edcio a Programa LK Sustent\u00e1vel de 2023 em Teut\u00f4nia","datePublished":"2023-04-25T19:41:59+00:00","dateModified":"2023-04-25T20:24:05+00:00","mainEntityOfPage":{"@id":"https:\/\/folhapopular.info\/index.php\/2023\/04\/25\/emef-leopoldo-klepker-inicia-projeto-lk-sustentavel-para-2023-em-teutonia\/"},"wordCount":225,"commentCount":0,"image":{"@id":"https:\/\/folhapopular.info\/index.php\/2023\/04\/25\/emef-leopoldo-klepker-inicia-projeto-lk-sustentavel-para-2023-em-teutonia\/#primaryimage"},"thumbnailUrl":"https:\/\/folhapopular.info\/wp-content\/uploads\/2023\/04\/WhatsApp-Image-2023-04-25-at-14.55.23-e1682451576714.jpeg","keywords":["Educa\u00e7\u00e3o","EMEF Leopoldo Klepker","Leopoldo Klepker Sustent\u00e1vel","Meio Ambiente","Projeto","Teut\u00f4nia"],"articleSection":["Destaques","Educa\u00e7\u00e3o","Geral","Meio Ambiente"],"inLanguage":"pt-BR","potentialAction":[{"@type":"CommentAction","name":"Comment","target":["https:\/\/folhapopular.info\/index.php\/2023\/04\/25\/emef-leopoldo-klepker-inicia-projeto-lk-sustentavel-para-2023-em-teutonia\/#respond"]}]},{"@type":"WebPage","@id":"https:\/\/folhapopular.info\/index.php\/2023\/04\/25\/emef-leopoldo-klepker-inicia-projeto-lk-sustentavel-para-2023-em-teutonia\/","url":"https:\/\/folhapopular.info\/index.php\/2023\/04\/25\/emef-leopoldo-klepker-inicia-projeto-lk-sustentavel-para-2023-em-teutonia\/","name":"Emef Leopoldo Klepker d\u00e1 in\u00edcio a Programa LK Sustent\u00e1vel de 2023 em Teut\u00f4nia - Folha Popular","isPartOf":{"@id":"https:\/\/folhapopular.info\/#website"},"primaryImageOfPage":{"@id":"https:\/\/folhapopular.info\/index.php\/2023\/04\/25\/emef-leopoldo-klepker-inicia-projeto-lk-sustentavel-para-2023-em-teutonia\/#primaryimage"},"image":{"@id":"https:\/\/folhapopular.info\/index.php\/2023\/04\/25\/emef-leopoldo-klepker-inicia-projeto-lk-sustentavel-para-2023-em-teutonia\/#primaryimage"},"thumbnailUrl":"https:\/\/folhapopular.info\/wp-content\/uploads\/2023\/04\/WhatsApp-Image-2023-04-25-at-14.55.23-e1682451576714.jpeg","datePublished":"2023-04-25T19:41:59+00:00","dateModified":"2023-04-25T20:24:05+00:00","author":{"@id":"https:\/\/folhapopular.info\/#\/schema\/person\/2814e8a0df7643585a9ca38bc6eb9d4b"},"breadcrumb":{"@id":"https:\/\/folhapopular.info\/index.php\/2023\/04\/25\/emef-leopoldo-klepker-inicia-projeto-lk-sustentavel-para-2023-em-teutonia\/#breadcrumb"},"inLanguage":"pt-BR","potentialAction":[{"@type":"ReadAction","target":["https:\/\/folhapopular.info\/index.php\/2023\/04\/25\/emef-leopoldo-klepker-inicia-projeto-lk-sustentavel-para-2023-em-teutonia\/"]}]},{"@type":"ImageObject","inLanguage":"pt-BR","@id":"https:\/\/folhapopular.info\/index.php\/2023\/04\/25\/emef-leopoldo-klepker-inicia-projeto-lk-sustentavel-para-2023-em-teutonia\/#primaryimage","url":"https:\/\/folhapopular.info\/wp-content\/uploads\/2023\/04\/WhatsApp-Image-2023-04-25-at-14.55.23-e1682451576714.jpeg","contentUrl":"https:\/\/folhapopular.info\/wp-content\/uploads\/2023\/04\/WhatsApp-Image-2023-04-25-at-14.55.23-e1682451576714.jpeg","width":1200,"height":591,"caption":"Cr\u00e9dito: Divulga\u00e7\u00e3o"},{"@type":"BreadcrumbList","@id":"https:\/\/folhapopular.info\/index.php\/2023\/04\/25\/emef-leopoldo-klepker-inicia-projeto-lk-sustentavel-para-2023-em-teutonia\/#breadcrumb","itemListElement":[{"@type":"ListItem","position":1,"name":"In\u00edcio","item":"https:\/\/folhapopular.info\/"},{"@type":"ListItem","position":2,"name":"Emef Leopoldo Klepker d\u00e1 in\u00edcio a Programa LK Sustent\u00e1vel de 2023 em Teut\u00f4nia"}]},{"@type":"WebSite","@id":"https:\/\/folhapopular.info\/#website","url":"https:\/\/folhapopular.info\/","name":"Folha Popular","description":"Onde voc\u00ea tem vez e voz","potentialAction":[{"@type":"SearchAction","target":{"@type":"EntryPoint","urlTemplate":"https:\/\/folhapopular.info\/?s={search_term_string}"},"query-input":{"@type":"PropertyValueSpecification","valueRequired":true,"valueName":"search_term_string"}}],"inLanguage":"pt-BR"},{"@type":"Person","@id":"https:\/\/folhapopular.info\/#\/schema\/person\/2814e8a0df7643585a9ca38bc6eb9d4b","name":"Reda\u00e7\u00e3o Folha Popular","image":{"@type":"ImageObject","inLanguage":"pt-BR","@id":"https:\/\/folhapopular.info\/wp-content\/uploads\/2026\/04\/Folha-1.webp","url":"https:\/\/folhapopular.info\/wp-content\/uploads\/2026\/04\/Folha-1.webp","contentUrl":"https:\/\/folhapopular.info\/wp-content\/uploads\/2026\/04\/Folha-1.webp","caption":"Reda\u00e7\u00e3o Folha Popular"},"url":"https:\/\/folhapopular.info\/index.php\/author\/redacao\/"}]}},"jetpack_featured_media_url":"https:\/\/folhapopular.info\/wp-content\/uploads\/2023\/04\/WhatsApp-Image-2023-04-25-at-14.55.23-e1682451576714.jpeg","jetpack_sharing_enabled":true,"amp_enabled":true,"_links":{"self":[{"href":"https:\/\/folhapopular.info\/index.php\/wp-json\/wp\/v2\/posts\/126485","targetHints":{"allow":["GET"]}}],"collection":[{"href":"https:\/\/folhapopular.info\/index.php\/wp-json\/wp\/v2\/posts"}],"about":[{"href":"https:\/\/folhapopular.info\/index.php\/wp-json\/wp\/v2\/types\/post"}],"author":[{"embeddable":true,"href":"https:\/\/folhapopular.info\/index.php\/wp-json\/wp\/v2\/users\/8"}],"replies":[{"embeddable":true,"href":"https:\/\/folhapopular.info\/index.php\/wp-json\/wp\/v2\/comments?post=126485"}],"version-history":[{"count":0,"href":"https:\/\/folhapopular.info\/index.php\/wp-json\/wp\/v2\/posts\/126485\/revisions"}],"wp:featuredmedia":[{"embeddable":true,"href":"https:\/\/folhapopular.info\/index.php\/wp-json\/wp\/v2\/media\/126494"}],"wp:attachment":[{"href":"https:\/\/folhapopular.info\/index.php\/wp-json\/wp\/v2\/media?parent=126485"}],"wp:term":[{"taxonomy":"category","embeddable":true,"href":"https:\/\/folhapopular.info\/index.php\/wp-json\/wp\/v2\/categories?post=126485"},{"taxonomy":"post_tag","embeddable":true,"href":"https:\/\/folhapopular.info\/index.php\/wp-json\/wp\/v2\/tags?post=126485"}],"curies":[{"name":"wp","href":"https:\/\/api.w.org\/{rel}","templated":true}]}}