{"id":126556,"date":"2023-04-26T20:00:00","date_gmt":"2023-04-26T23:00:00","guid":{"rendered":"https:\/\/folhapopular.info\/?p=126556"},"modified":"2023-04-26T16:47:19","modified_gmt":"2023-04-26T19:47:19","slug":"poco-das-antas-realiza-1o-seminario-regional-de-fruticultura-em-maio","status":"publish","type":"post","link":"https:\/\/folhapopular.info\/index.php\/2023\/04\/26\/poco-das-antas-realiza-1o-seminario-regional-de-fruticultura-em-maio\/","title":{"rendered":"Po\u00e7o das Antas realiza 1\u00ba Semin\u00e1rio Regional de Fruticultura em maio"},"content":{"rendered":"\n<p>O Munic\u00edpio de Po\u00e7o das Antas ir\u00e1 promover, no dia 31 de maio, no audit\u00f3rio da Prefeitura Municipal, o 1\u00ba Semin\u00e1rio Regional de Fruticultura Diversificada &#8211; Desafios e perspectivas da produ\u00e7\u00e3o de frutas em Po\u00e7o das Antas e regi\u00e3o. A programa\u00e7\u00e3o, inserida nas festividades de 35 anos do Munic\u00edpio, contar\u00e1 com palestras no turno da tarde. As inscri\u00e7\u00f5es s\u00e3o gratuitas e est\u00e3o abertas at\u00e9 o dia 24 de maio pelo site da prefeitura\u00a0www.pocodasantas.rs.gov.br. <\/p>\n\n\n\n<h2 class=\"wp-block-heading\">Programa\u00e7\u00e3o:<\/h2>\n\n\n\n<p>13h &#8211; Recep\u00e7\u00e3o e credenciamento;<\/p>\n\n\n\n<p>13h30 &#8211; Abertura oficial;<\/p>\n\n\n\n<p>14h &#8211; Cen\u00e1rio atual da Fruticultura em Po\u00e7o das Antas e potencialidades da Fruticultura na Regi\u00e3o, com Ricardo Henrique Cord &#8211; t\u00e9cnico agropecu\u00e1rio da Emater\/RS;<\/p>\n\n\n\n<p>14h30 &#8211; Aspectos a serem observados na implanta\u00e7\u00e3o de Pomares Comerciais, com Marcos Jos\u00e9 Sch\u00e4ffer &#8211; engenheiro agr\u00f4nomo e assistente t\u00e9cnico regional em Fruticultura da Emater\/RS;<\/p>\n\n\n\n<p>15h30 &#8211; Preven\u00e7\u00e3o e controle da Mosca da Fruta, com Anna Cristina Xavier &#8211; engenheira agr\u00f4noma da Emater\/RS;<\/p>\n\n\n\n<p>16h15 &#8211; Armazenamento de \u00e1gua para irriga\u00e7\u00e3o de Pomares, com Marcelo Ant\u00f4nio Araldi Brandoli, engenheiro agr\u00f4nomo e assistente t\u00e9cnico regional em Irriga\u00e7\u00e3o da Emater\/RS;<\/p>\n\n\n\n<p>16h45 &#8211; Encerramento com entrega dos certificados e coffee break.<\/p>\n","protected":false},"excerpt":{"rendered":"<p>O Munic\u00edpio de Po\u00e7o das Antas ir\u00e1 promover, no dia 31 de maio, no audit\u00f3rio da Prefeitura Municipal, o 1\u00ba Semin\u00e1rio Regional de Fruticultura Diversificada &#8211; Desafios e perspectivas da produ\u00e7\u00e3o de frutas em Po\u00e7o das Antas e regi\u00e3o. A programa\u00e7\u00e3o, inserida nas festividades de 35 anos do Munic\u00edpio, contar\u00e1 com palestras no turno da [&hellip;]<\/p>\n","protected":false},"author":8,"featured_media":126557,"comment_status":"open","ping_status":"open","sticky":false,"template":"","format":"standard","meta":{"pmpro_default_level":"","_jetpack_memberships_contains_paid_content":false,"footnotes":""},"categories":[2,10994],"tags":[3055,1402,5971,40,11027],"class_list":{"0":"post-126556","1":"post","2":"type-post","3":"status-publish","4":"format-standard","5":"has-post-thumbnail","7":"category-featured","8":"category-rural","9":"tag-fruticultura","10":"tag-palestras","11":"tag-poco","12":"tag-poco-das-antas","13":"tag-rural","14":"pmpro-has-access"},"yoast_head":"<!-- This site is optimized with the Yoast SEO plugin v27.5 - https:\/\/yoast.com\/product\/yoast-seo-wordpress\/ -->\n<title>Po\u00e7o das Antas realiza 1\u00ba Semin\u00e1rio Regional de Fruticultura em maio - Folha Popular<\/title>\n<meta name=\"description\" content=\"As inscri\u00e7\u00f5es s\u00e3o gratuitas e est\u00e3o abertas at\u00e9 o dia 24 de maio pelo site da prefeitura\u00a0www.pocodasantas.rs.gov.br.\" \/>\n<meta name=\"robots\" content=\"index, follow, max-snippet:-1, max-image-preview:large, max-video-preview:-1\" \/>\n<link rel=\"canonical\" href=\"https:\/\/folhapopular.info\/index.php\/2023\/04\/26\/poco-das-antas-realiza-1o-seminario-regional-de-fruticultura-em-maio\/\" \/>\n<meta property=\"og:locale\" content=\"pt_BR\" \/>\n<meta property=\"og:type\" content=\"article\" \/>\n<meta property=\"og:title\" content=\"Po\u00e7o das Antas realiza 1\u00ba Semin\u00e1rio Regional de Fruticultura em maio - Folha Popular\" \/>\n<meta property=\"og:description\" content=\"As inscri\u00e7\u00f5es s\u00e3o gratuitas e est\u00e3o abertas at\u00e9 o dia 24 de maio pelo site da prefeitura\u00a0www.pocodasantas.rs.gov.br.\" \/>\n<meta property=\"og:url\" content=\"https:\/\/folhapopular.info\/index.php\/2023\/04\/26\/poco-das-antas-realiza-1o-seminario-regional-de-fruticultura-em-maio\/\" \/>\n<meta property=\"og:site_name\" content=\"Folha Popular\" \/>\n<meta property=\"article:published_time\" content=\"2023-04-26T23:00:00+00:00\" \/>\n<meta property=\"og:image\" content=\"https:\/\/folhapopular.info\/wp-content\/uploads\/2023\/04\/1-1o-Seminario-Regional-de-Fruticultura-Diversificada-sera-no-dia-31-de-maio.png\" \/>\n\t<meta property=\"og:image:width\" content=\"1080\" \/>\n\t<meta property=\"og:image:height\" content=\"1350\" \/>\n\t<meta property=\"og:image:type\" content=\"image\/png\" \/>\n<meta name=\"author\" content=\"Reda\u00e7\u00e3o Folha Popular\" \/>\n<meta name=\"twitter:card\" content=\"summary_large_image\" \/>\n<meta name=\"twitter:label1\" content=\"Escrito por\" \/>\n\t<meta name=\"twitter:data1\" content=\"Reda\u00e7\u00e3o Folha Popular\" \/>\n\t<meta name=\"twitter:label2\" content=\"Est. tempo de leitura\" \/>\n\t<meta name=\"twitter:data2\" content=\"1 minuto\" \/>\n<script type=\"application\/ld+json\" class=\"yoast-schema-graph\">{\"@context\":\"https:\\\/\\\/schema.org\",\"@graph\":[{\"@type\":\"Article\",\"@id\":\"https:\\\/\\\/folhapopular.info\\\/index.php\\\/2023\\\/04\\\/26\\\/poco-das-antas-realiza-1o-seminario-regional-de-fruticultura-em-maio\\\/#article\",\"isPartOf\":{\"@id\":\"https:\\\/\\\/folhapopular.info\\\/index.php\\\/2023\\\/04\\\/26\\\/poco-das-antas-realiza-1o-seminario-regional-de-fruticultura-em-maio\\\/\"},\"author\":{\"name\":\"Reda\u00e7\u00e3o Folha Popular\",\"@id\":\"https:\\\/\\\/folhapopular.info\\\/#\\\/schema\\\/person\\\/2814e8a0df7643585a9ca38bc6eb9d4b\"},\"headline\":\"Po\u00e7o das Antas realiza 1\u00ba Semin\u00e1rio Regional de Fruticultura em maio\",\"datePublished\":\"2023-04-26T23:00:00+00:00\",\"mainEntityOfPage\":{\"@id\":\"https:\\\/\\\/folhapopular.info\\\/index.php\\\/2023\\\/04\\\/26\\\/poco-das-antas-realiza-1o-seminario-regional-de-fruticultura-em-maio\\\/\"},\"wordCount\":233,\"commentCount\":0,\"image\":{\"@id\":\"https:\\\/\\\/folhapopular.info\\\/index.php\\\/2023\\\/04\\\/26\\\/poco-das-antas-realiza-1o-seminario-regional-de-fruticultura-em-maio\\\/#primaryimage\"},\"thumbnailUrl\":\"https:\\\/\\\/folhapopular.info\\\/wp-content\\\/uploads\\\/2023\\\/04\\\/1-1o-Seminario-Regional-de-Fruticultura-Diversificada-sera-no-dia-31-de-maio.png\",\"keywords\":[\"Fruticultura\",\"palestras\",\"Po\u00e7o\",\"Po\u00e7o das Antas\",\"rural\"],\"articleSection\":[\"Destaques\",\"Rural\"],\"inLanguage\":\"pt-BR\",\"potentialAction\":[{\"@type\":\"CommentAction\",\"name\":\"Comment\",\"target\":[\"https:\\\/\\\/folhapopular.info\\\/index.php\\\/2023\\\/04\\\/26\\\/poco-das-antas-realiza-1o-seminario-regional-de-fruticultura-em-maio\\\/#respond\"]}]},{\"@type\":\"WebPage\",\"@id\":\"https:\\\/\\\/folhapopular.info\\\/index.php\\\/2023\\\/04\\\/26\\\/poco-das-antas-realiza-1o-seminario-regional-de-fruticultura-em-maio\\\/\",\"url\":\"https:\\\/\\\/folhapopular.info\\\/index.php\\\/2023\\\/04\\\/26\\\/poco-das-antas-realiza-1o-seminario-regional-de-fruticultura-em-maio\\\/\",\"name\":\"Po\u00e7o das Antas realiza 1\u00ba Semin\u00e1rio Regional de Fruticultura em maio - Folha Popular\",\"isPartOf\":{\"@id\":\"https:\\\/\\\/folhapopular.info\\\/#website\"},\"primaryImageOfPage\":{\"@id\":\"https:\\\/\\\/folhapopular.info\\\/index.php\\\/2023\\\/04\\\/26\\\/poco-das-antas-realiza-1o-seminario-regional-de-fruticultura-em-maio\\\/#primaryimage\"},\"image\":{\"@id\":\"https:\\\/\\\/folhapopular.info\\\/index.php\\\/2023\\\/04\\\/26\\\/poco-das-antas-realiza-1o-seminario-regional-de-fruticultura-em-maio\\\/#primaryimage\"},\"thumbnailUrl\":\"https:\\\/\\\/folhapopular.info\\\/wp-content\\\/uploads\\\/2023\\\/04\\\/1-1o-Seminario-Regional-de-Fruticultura-Diversificada-sera-no-dia-31-de-maio.png\",\"datePublished\":\"2023-04-26T23:00:00+00:00\",\"author\":{\"@id\":\"https:\\\/\\\/folhapopular.info\\\/#\\\/schema\\\/person\\\/2814e8a0df7643585a9ca38bc6eb9d4b\"},\"description\":\"As inscri\u00e7\u00f5es s\u00e3o gratuitas e est\u00e3o abertas at\u00e9 o dia 24 de maio pelo site da prefeitura\u00a0www.pocodasantas.rs.gov.br.\",\"breadcrumb\":{\"@id\":\"https:\\\/\\\/folhapopular.info\\\/index.php\\\/2023\\\/04\\\/26\\\/poco-das-antas-realiza-1o-seminario-regional-de-fruticultura-em-maio\\\/#breadcrumb\"},\"inLanguage\":\"pt-BR\",\"potentialAction\":[{\"@type\":\"ReadAction\",\"target\":[\"https:\\\/\\\/folhapopular.info\\\/index.php\\\/2023\\\/04\\\/26\\\/poco-das-antas-realiza-1o-seminario-regional-de-fruticultura-em-maio\\\/\"]}]},{\"@type\":\"ImageObject\",\"inLanguage\":\"pt-BR\",\"@id\":\"https:\\\/\\\/folhapopular.info\\\/index.php\\\/2023\\\/04\\\/26\\\/poco-das-antas-realiza-1o-seminario-regional-de-fruticultura-em-maio\\\/#primaryimage\",\"url\":\"https:\\\/\\\/folhapopular.info\\\/wp-content\\\/uploads\\\/2023\\\/04\\\/1-1o-Seminario-Regional-de-Fruticultura-Diversificada-sera-no-dia-31-de-maio.png\",\"contentUrl\":\"https:\\\/\\\/folhapopular.info\\\/wp-content\\\/uploads\\\/2023\\\/04\\\/1-1o-Seminario-Regional-de-Fruticultura-Diversificada-sera-no-dia-31-de-maio.png\",\"width\":1080,\"height\":1350,\"caption\":\"AI: DIVULGA\u00c7\u00c3O\"},{\"@type\":\"BreadcrumbList\",\"@id\":\"https:\\\/\\\/folhapopular.info\\\/index.php\\\/2023\\\/04\\\/26\\\/poco-das-antas-realiza-1o-seminario-regional-de-fruticultura-em-maio\\\/#breadcrumb\",\"itemListElement\":[{\"@type\":\"ListItem\",\"position\":1,\"name\":\"In\u00edcio\",\"item\":\"https:\\\/\\\/folhapopular.info\\\/\"},{\"@type\":\"ListItem\",\"position\":2,\"name\":\"Po\u00e7o das Antas realiza 1\u00ba Semin\u00e1rio Regional de Fruticultura em maio\"}]},{\"@type\":\"WebSite\",\"@id\":\"https:\\\/\\\/folhapopular.info\\\/#website\",\"url\":\"https:\\\/\\\/folhapopular.info\\\/\",\"name\":\"Folha Popular\",\"description\":\"Onde voc\u00ea tem vez e voz\",\"potentialAction\":[{\"@type\":\"SearchAction\",\"target\":{\"@type\":\"EntryPoint\",\"urlTemplate\":\"https:\\\/\\\/folhapopular.info\\\/?s={search_term_string}\"},\"query-input\":{\"@type\":\"PropertyValueSpecification\",\"valueRequired\":true,\"valueName\":\"search_term_string\"}}],\"inLanguage\":\"pt-BR\"},{\"@type\":\"Person\",\"@id\":\"https:\\\/\\\/folhapopular.info\\\/#\\\/schema\\\/person\\\/2814e8a0df7643585a9ca38bc6eb9d4b\",\"name\":\"Reda\u00e7\u00e3o Folha Popular\",\"image\":{\"@type\":\"ImageObject\",\"inLanguage\":\"pt-BR\",\"@id\":\"https:\\\/\\\/folhapopular.info\\\/wp-content\\\/uploads\\\/2026\\\/04\\\/Folha-1.webp\",\"url\":\"https:\\\/\\\/folhapopular.info\\\/wp-content\\\/uploads\\\/2026\\\/04\\\/Folha-1.webp\",\"contentUrl\":\"https:\\\/\\\/folhapopular.info\\\/wp-content\\\/uploads\\\/2026\\\/04\\\/Folha-1.webp\",\"caption\":\"Reda\u00e7\u00e3o Folha Popular\"},\"url\":\"https:\\\/\\\/folhapopular.info\\\/index.php\\\/author\\\/redacao\\\/\"}]}<\/script>\n<!-- \/ Yoast SEO plugin. -->","yoast_head_json":{"title":"Po\u00e7o das Antas realiza 1\u00ba Semin\u00e1rio Regional de Fruticultura em maio - Folha Popular","description":"As inscri\u00e7\u00f5es s\u00e3o gratuitas e est\u00e3o abertas at\u00e9 o dia 24 de maio pelo site da prefeitura\u00a0www.pocodasantas.rs.gov.br.","robots":{"index":"index","follow":"follow","max-snippet":"max-snippet:-1","max-image-preview":"max-image-preview:large","max-video-preview":"max-video-preview:-1"},"canonical":"https:\/\/folhapopular.info\/index.php\/2023\/04\/26\/poco-das-antas-realiza-1o-seminario-regional-de-fruticultura-em-maio\/","og_locale":"pt_BR","og_type":"article","og_title":"Po\u00e7o das Antas realiza 1\u00ba Semin\u00e1rio Regional de Fruticultura em maio - Folha Popular","og_description":"As inscri\u00e7\u00f5es s\u00e3o gratuitas e est\u00e3o abertas at\u00e9 o dia 24 de maio pelo site da prefeitura\u00a0www.pocodasantas.rs.gov.br.","og_url":"https:\/\/folhapopular.info\/index.php\/2023\/04\/26\/poco-das-antas-realiza-1o-seminario-regional-de-fruticultura-em-maio\/","og_site_name":"Folha Popular","article_published_time":"2023-04-26T23:00:00+00:00","og_image":[{"width":1080,"height":1350,"url":"https:\/\/folhapopular.info\/wp-content\/uploads\/2023\/04\/1-1o-Seminario-Regional-de-Fruticultura-Diversificada-sera-no-dia-31-de-maio.png","type":"image\/png"}],"author":"Reda\u00e7\u00e3o Folha Popular","twitter_card":"summary_large_image","twitter_misc":{"Escrito por":"Reda\u00e7\u00e3o Folha Popular","Est. tempo de leitura":"1 minuto"},"schema":{"@context":"https:\/\/schema.org","@graph":[{"@type":"Article","@id":"https:\/\/folhapopular.info\/index.php\/2023\/04\/26\/poco-das-antas-realiza-1o-seminario-regional-de-fruticultura-em-maio\/#article","isPartOf":{"@id":"https:\/\/folhapopular.info\/index.php\/2023\/04\/26\/poco-das-antas-realiza-1o-seminario-regional-de-fruticultura-em-maio\/"},"author":{"name":"Reda\u00e7\u00e3o Folha Popular","@id":"https:\/\/folhapopular.info\/#\/schema\/person\/2814e8a0df7643585a9ca38bc6eb9d4b"},"headline":"Po\u00e7o das Antas realiza 1\u00ba Semin\u00e1rio Regional de Fruticultura em maio","datePublished":"2023-04-26T23:00:00+00:00","mainEntityOfPage":{"@id":"https:\/\/folhapopular.info\/index.php\/2023\/04\/26\/poco-das-antas-realiza-1o-seminario-regional-de-fruticultura-em-maio\/"},"wordCount":233,"commentCount":0,"image":{"@id":"https:\/\/folhapopular.info\/index.php\/2023\/04\/26\/poco-das-antas-realiza-1o-seminario-regional-de-fruticultura-em-maio\/#primaryimage"},"thumbnailUrl":"https:\/\/folhapopular.info\/wp-content\/uploads\/2023\/04\/1-1o-Seminario-Regional-de-Fruticultura-Diversificada-sera-no-dia-31-de-maio.png","keywords":["Fruticultura","palestras","Po\u00e7o","Po\u00e7o das Antas","rural"],"articleSection":["Destaques","Rural"],"inLanguage":"pt-BR","potentialAction":[{"@type":"CommentAction","name":"Comment","target":["https:\/\/folhapopular.info\/index.php\/2023\/04\/26\/poco-das-antas-realiza-1o-seminario-regional-de-fruticultura-em-maio\/#respond"]}]},{"@type":"WebPage","@id":"https:\/\/folhapopular.info\/index.php\/2023\/04\/26\/poco-das-antas-realiza-1o-seminario-regional-de-fruticultura-em-maio\/","url":"https:\/\/folhapopular.info\/index.php\/2023\/04\/26\/poco-das-antas-realiza-1o-seminario-regional-de-fruticultura-em-maio\/","name":"Po\u00e7o das Antas realiza 1\u00ba Semin\u00e1rio Regional de Fruticultura em maio - Folha Popular","isPartOf":{"@id":"https:\/\/folhapopular.info\/#website"},"primaryImageOfPage":{"@id":"https:\/\/folhapopular.info\/index.php\/2023\/04\/26\/poco-das-antas-realiza-1o-seminario-regional-de-fruticultura-em-maio\/#primaryimage"},"image":{"@id":"https:\/\/folhapopular.info\/index.php\/2023\/04\/26\/poco-das-antas-realiza-1o-seminario-regional-de-fruticultura-em-maio\/#primaryimage"},"thumbnailUrl":"https:\/\/folhapopular.info\/wp-content\/uploads\/2023\/04\/1-1o-Seminario-Regional-de-Fruticultura-Diversificada-sera-no-dia-31-de-maio.png","datePublished":"2023-04-26T23:00:00+00:00","author":{"@id":"https:\/\/folhapopular.info\/#\/schema\/person\/2814e8a0df7643585a9ca38bc6eb9d4b"},"description":"As inscri\u00e7\u00f5es s\u00e3o gratuitas e est\u00e3o abertas at\u00e9 o dia 24 de maio pelo site da prefeitura\u00a0www.pocodasantas.rs.gov.br.","breadcrumb":{"@id":"https:\/\/folhapopular.info\/index.php\/2023\/04\/26\/poco-das-antas-realiza-1o-seminario-regional-de-fruticultura-em-maio\/#breadcrumb"},"inLanguage":"pt-BR","potentialAction":[{"@type":"ReadAction","target":["https:\/\/folhapopular.info\/index.php\/2023\/04\/26\/poco-das-antas-realiza-1o-seminario-regional-de-fruticultura-em-maio\/"]}]},{"@type":"ImageObject","inLanguage":"pt-BR","@id":"https:\/\/folhapopular.info\/index.php\/2023\/04\/26\/poco-das-antas-realiza-1o-seminario-regional-de-fruticultura-em-maio\/#primaryimage","url":"https:\/\/folhapopular.info\/wp-content\/uploads\/2023\/04\/1-1o-Seminario-Regional-de-Fruticultura-Diversificada-sera-no-dia-31-de-maio.png","contentUrl":"https:\/\/folhapopular.info\/wp-content\/uploads\/2023\/04\/1-1o-Seminario-Regional-de-Fruticultura-Diversificada-sera-no-dia-31-de-maio.png","width":1080,"height":1350,"caption":"AI: DIVULGA\u00c7\u00c3O"},{"@type":"BreadcrumbList","@id":"https:\/\/folhapopular.info\/index.php\/2023\/04\/26\/poco-das-antas-realiza-1o-seminario-regional-de-fruticultura-em-maio\/#breadcrumb","itemListElement":[{"@type":"ListItem","position":1,"name":"In\u00edcio","item":"https:\/\/folhapopular.info\/"},{"@type":"ListItem","position":2,"name":"Po\u00e7o das Antas realiza 1\u00ba Semin\u00e1rio Regional de Fruticultura em maio"}]},{"@type":"WebSite","@id":"https:\/\/folhapopular.info\/#website","url":"https:\/\/folhapopular.info\/","name":"Folha Popular","description":"Onde voc\u00ea tem vez e voz","potentialAction":[{"@type":"SearchAction","target":{"@type":"EntryPoint","urlTemplate":"https:\/\/folhapopular.info\/?s={search_term_string}"},"query-input":{"@type":"PropertyValueSpecification","valueRequired":true,"valueName":"search_term_string"}}],"inLanguage":"pt-BR"},{"@type":"Person","@id":"https:\/\/folhapopular.info\/#\/schema\/person\/2814e8a0df7643585a9ca38bc6eb9d4b","name":"Reda\u00e7\u00e3o Folha Popular","image":{"@type":"ImageObject","inLanguage":"pt-BR","@id":"https:\/\/folhapopular.info\/wp-content\/uploads\/2026\/04\/Folha-1.webp","url":"https:\/\/folhapopular.info\/wp-content\/uploads\/2026\/04\/Folha-1.webp","contentUrl":"https:\/\/folhapopular.info\/wp-content\/uploads\/2026\/04\/Folha-1.webp","caption":"Reda\u00e7\u00e3o Folha Popular"},"url":"https:\/\/folhapopular.info\/index.php\/author\/redacao\/"}]}},"jetpack_featured_media_url":"https:\/\/folhapopular.info\/wp-content\/uploads\/2023\/04\/1-1o-Seminario-Regional-de-Fruticultura-Diversificada-sera-no-dia-31-de-maio.png","jetpack_sharing_enabled":true,"amp_enabled":true,"_links":{"self":[{"href":"https:\/\/folhapopular.info\/index.php\/wp-json\/wp\/v2\/posts\/126556","targetHints":{"allow":["GET"]}}],"collection":[{"href":"https:\/\/folhapopular.info\/index.php\/wp-json\/wp\/v2\/posts"}],"about":[{"href":"https:\/\/folhapopular.info\/index.php\/wp-json\/wp\/v2\/types\/post"}],"author":[{"embeddable":true,"href":"https:\/\/folhapopular.info\/index.php\/wp-json\/wp\/v2\/users\/8"}],"replies":[{"embeddable":true,"href":"https:\/\/folhapopular.info\/index.php\/wp-json\/wp\/v2\/comments?post=126556"}],"version-history":[{"count":0,"href":"https:\/\/folhapopular.info\/index.php\/wp-json\/wp\/v2\/posts\/126556\/revisions"}],"wp:featuredmedia":[{"embeddable":true,"href":"https:\/\/folhapopular.info\/index.php\/wp-json\/wp\/v2\/media\/126557"}],"wp:attachment":[{"href":"https:\/\/folhapopular.info\/index.php\/wp-json\/wp\/v2\/media?parent=126556"}],"wp:term":[{"taxonomy":"category","embeddable":true,"href":"https:\/\/folhapopular.info\/index.php\/wp-json\/wp\/v2\/categories?post=126556"},{"taxonomy":"post_tag","embeddable":true,"href":"https:\/\/folhapopular.info\/index.php\/wp-json\/wp\/v2\/tags?post=126556"}],"curies":[{"name":"wp","href":"https:\/\/api.w.org\/{rel}","templated":true}]}}