{"id":126665,"date":"2023-04-28T10:40:13","date_gmt":"2023-04-28T13:40:13","guid":{"rendered":"https:\/\/folhapopular.info\/?p=126665"},"modified":"2023-04-28T10:40:21","modified_gmt":"2023-04-28T13:40:21","slug":"atencao-basica-de-imigrante-recebe-treinamento-sobre-parto-de-emergencia","status":"publish","type":"post","link":"https:\/\/folhapopular.info\/index.php\/2023\/04\/28\/atencao-basica-de-imigrante-recebe-treinamento-sobre-parto-de-emergencia\/","title":{"rendered":"Aten\u00e7\u00e3o b\u00e1sica de Imigrante recebe treinamento sobre parto de emerg\u00eancia"},"content":{"rendered":"\n<p>A Secretaria de Sa\u00fade e Assist\u00eancia Social de Imigrante promoveu nessa quarta-feira um treinamento de aten\u00e7\u00e3o ao trabalho de parto e p\u00f3s-parto imediato. A forma\u00e7\u00e3o foi direcionada \u00e0 equipe de enfermagem da aten\u00e7\u00e3o b\u00e1sica.<\/p>\n\n\n\n<p>Conforme Rosel\u00e9ia Regina Halmenschlager, enfermeira obstetra e consultora de amamenta\u00e7\u00e3o com mestrado em sa\u00fade materno-infantil, a inten\u00e7\u00e3o \u00e9 preparar a equipe de enfermagem para identificar o trabalho de parto. \u201cAo mesmo tempo, capacitar a equipe para a assist\u00eancia, se por algum motivo, ocorrer no transporte da gestante para o hospital\u201d, explica.<\/p>\n\n\n\n<h2 class=\"wp-block-heading\"><strong>Aleitamento materno<\/strong><\/h2>\n\n\n\n<p>Em mar\u00e7o, a equipe recebeu treinamento sobre promo\u00e7\u00e3o ao aleitamento materno. A forma\u00e7\u00e3o visa ao aperfei\u00e7oamento da aten\u00e7\u00e3o b\u00e1sica, com orienta\u00e7\u00e3o e informa\u00e7\u00e3o \u00e0s gestantes e fam\u00edlias j\u00e1 no pr\u00e9-natal sobre os benef\u00edcios da amamenta\u00e7\u00e3o, al\u00e9m de como auxiliar e apoiar as fam\u00edlias ap\u00f3s o nascimento do beb\u00ea.<\/p>\n\n\n\n<p>Conforme a secret\u00e1ria J\u00f3ice Cristina Horst, \u00e9 importante investir em capacita\u00e7\u00f5es cont\u00ednuas para a equipe assistencial, que desenvolve habilidades e maior seguran\u00e7a ao executar suas fun\u00e7\u00f5es. &#8220;O atendimento se torna muito mais fidedigno com conhecimento e o paciente sente essa confian\u00e7a\u201d, considera.<\/p>\n","protected":false},"excerpt":{"rendered":"<p>A Secretaria de Sa\u00fade e Assist\u00eancia Social de Imigrante promoveu nessa quarta-feira um treinamento de aten\u00e7\u00e3o ao trabalho de parto e p\u00f3s-parto imediato. A forma\u00e7\u00e3o foi direcionada \u00e0 equipe de enfermagem da aten\u00e7\u00e3o b\u00e1sica. Conforme Rosel\u00e9ia Regina Halmenschlager, enfermeira obstetra e consultora de amamenta\u00e7\u00e3o com mestrado em sa\u00fade materno-infantil, a inten\u00e7\u00e3o \u00e9 preparar a equipe [&hellip;]<\/p>\n","protected":false},"author":8,"featured_media":126666,"comment_status":"open","ping_status":"open","sticky":false,"template":"","format":"standard","meta":{"pmpro_default_level":"","_jetpack_memberships_contains_paid_content":false,"footnotes":""},"categories":[2,3,10986],"tags":[9408,34,12008,9260,12009,334],"class_list":{"0":"post-126665","1":"post","2":"type-post","3":"status-publish","4":"format-standard","5":"has-post-thumbnail","7":"category-featured","8":"category-geral","9":"category-saude","10":"tag-atencao-basica","11":"tag-imigrante","12":"tag-parto","13":"tag-pos-parto-2","14":"tag-secretaria-de-saude-e-assistencia-social-de-imigrante","15":"tag-treinamento","16":"pmpro-has-access"},"yoast_head":"<!-- This site is optimized with the Yoast SEO plugin v27.5 - https:\/\/yoast.com\/product\/yoast-seo-wordpress\/ -->\n<title>Aten\u00e7\u00e3o b\u00e1sica de Imigrante recebe treinamento sobre parto de emerg\u00eancia - Folha Popular<\/title>\n<meta name=\"robots\" content=\"index, follow, max-snippet:-1, max-image-preview:large, max-video-preview:-1\" \/>\n<link rel=\"canonical\" href=\"https:\/\/folhapopular.info\/index.php\/2023\/04\/28\/atencao-basica-de-imigrante-recebe-treinamento-sobre-parto-de-emergencia\/\" \/>\n<meta property=\"og:locale\" content=\"pt_BR\" \/>\n<meta property=\"og:type\" content=\"article\" \/>\n<meta property=\"og:title\" content=\"Aten\u00e7\u00e3o b\u00e1sica de Imigrante recebe treinamento sobre parto de emerg\u00eancia - Folha Popular\" \/>\n<meta property=\"og:description\" content=\"A Secretaria de Sa\u00fade e Assist\u00eancia Social de Imigrante promoveu nessa quarta-feira um treinamento de aten\u00e7\u00e3o ao trabalho de parto e p\u00f3s-parto imediato. A forma\u00e7\u00e3o foi direcionada \u00e0 equipe de enfermagem da aten\u00e7\u00e3o b\u00e1sica. Conforme Rosel\u00e9ia Regina Halmenschlager, enfermeira obstetra e consultora de amamenta\u00e7\u00e3o com mestrado em sa\u00fade materno-infantil, a inten\u00e7\u00e3o \u00e9 preparar a equipe [&hellip;]\" \/>\n<meta property=\"og:url\" content=\"https:\/\/folhapopular.info\/index.php\/2023\/04\/28\/atencao-basica-de-imigrante-recebe-treinamento-sobre-parto-de-emergencia\/\" \/>\n<meta property=\"og:site_name\" content=\"Folha Popular\" \/>\n<meta property=\"article:published_time\" content=\"2023-04-28T13:40:13+00:00\" \/>\n<meta property=\"article:modified_time\" content=\"2023-04-28T13:40:21+00:00\" \/>\n<meta property=\"og:image\" content=\"http:\/\/folhapopular.info\/wp-content\/uploads\/2023\/04\/PARTO-DE-EMERGENCIA-3.jpg\" \/>\n\t<meta property=\"og:image:width\" content=\"1600\" \/>\n\t<meta property=\"og:image:height\" content=\"1200\" \/>\n\t<meta property=\"og:image:type\" content=\"image\/jpeg\" \/>\n<meta name=\"author\" content=\"Reda\u00e7\u00e3o Folha Popular\" \/>\n<meta name=\"twitter:card\" content=\"summary_large_image\" \/>\n<meta name=\"twitter:label1\" content=\"Escrito por\" \/>\n\t<meta name=\"twitter:data1\" content=\"Reda\u00e7\u00e3o Folha Popular\" \/>\n\t<meta name=\"twitter:label2\" content=\"Est. tempo de leitura\" \/>\n\t<meta name=\"twitter:data2\" content=\"1 minuto\" \/>\n<script type=\"application\/ld+json\" class=\"yoast-schema-graph\">{\"@context\":\"https:\\\/\\\/schema.org\",\"@graph\":[{\"@type\":\"Article\",\"@id\":\"https:\\\/\\\/folhapopular.info\\\/index.php\\\/2023\\\/04\\\/28\\\/atencao-basica-de-imigrante-recebe-treinamento-sobre-parto-de-emergencia\\\/#article\",\"isPartOf\":{\"@id\":\"https:\\\/\\\/folhapopular.info\\\/index.php\\\/2023\\\/04\\\/28\\\/atencao-basica-de-imigrante-recebe-treinamento-sobre-parto-de-emergencia\\\/\"},\"author\":{\"name\":\"Reda\u00e7\u00e3o Folha Popular\",\"@id\":\"https:\\\/\\\/folhapopular.info\\\/#\\\/schema\\\/person\\\/2814e8a0df7643585a9ca38bc6eb9d4b\"},\"headline\":\"Aten\u00e7\u00e3o b\u00e1sica de Imigrante recebe treinamento sobre parto de emerg\u00eancia\",\"datePublished\":\"2023-04-28T13:40:13+00:00\",\"dateModified\":\"2023-04-28T13:40:21+00:00\",\"mainEntityOfPage\":{\"@id\":\"https:\\\/\\\/folhapopular.info\\\/index.php\\\/2023\\\/04\\\/28\\\/atencao-basica-de-imigrante-recebe-treinamento-sobre-parto-de-emergencia\\\/\"},\"wordCount\":221,\"commentCount\":0,\"image\":{\"@id\":\"https:\\\/\\\/folhapopular.info\\\/index.php\\\/2023\\\/04\\\/28\\\/atencao-basica-de-imigrante-recebe-treinamento-sobre-parto-de-emergencia\\\/#primaryimage\"},\"thumbnailUrl\":\"https:\\\/\\\/folhapopular.info\\\/wp-content\\\/uploads\\\/2023\\\/04\\\/PARTO-DE-EMERGENCIA-3.jpg\",\"keywords\":[\"Aten\u00e7\u00e3o B\u00e1sica\",\"Imigrante\",\"parto\",\"P\u00f3s-parto\",\"secretaria de sa\u00fade e assist\u00eancia social de imigrante\",\"Treinamento\"],\"articleSection\":[\"Destaques\",\"Geral\",\"Sa\u00fade\"],\"inLanguage\":\"pt-BR\",\"potentialAction\":[{\"@type\":\"CommentAction\",\"name\":\"Comment\",\"target\":[\"https:\\\/\\\/folhapopular.info\\\/index.php\\\/2023\\\/04\\\/28\\\/atencao-basica-de-imigrante-recebe-treinamento-sobre-parto-de-emergencia\\\/#respond\"]}]},{\"@type\":\"WebPage\",\"@id\":\"https:\\\/\\\/folhapopular.info\\\/index.php\\\/2023\\\/04\\\/28\\\/atencao-basica-de-imigrante-recebe-treinamento-sobre-parto-de-emergencia\\\/\",\"url\":\"https:\\\/\\\/folhapopular.info\\\/index.php\\\/2023\\\/04\\\/28\\\/atencao-basica-de-imigrante-recebe-treinamento-sobre-parto-de-emergencia\\\/\",\"name\":\"Aten\u00e7\u00e3o b\u00e1sica de Imigrante recebe treinamento sobre parto de emerg\u00eancia - Folha Popular\",\"isPartOf\":{\"@id\":\"https:\\\/\\\/folhapopular.info\\\/#website\"},\"primaryImageOfPage\":{\"@id\":\"https:\\\/\\\/folhapopular.info\\\/index.php\\\/2023\\\/04\\\/28\\\/atencao-basica-de-imigrante-recebe-treinamento-sobre-parto-de-emergencia\\\/#primaryimage\"},\"image\":{\"@id\":\"https:\\\/\\\/folhapopular.info\\\/index.php\\\/2023\\\/04\\\/28\\\/atencao-basica-de-imigrante-recebe-treinamento-sobre-parto-de-emergencia\\\/#primaryimage\"},\"thumbnailUrl\":\"https:\\\/\\\/folhapopular.info\\\/wp-content\\\/uploads\\\/2023\\\/04\\\/PARTO-DE-EMERGENCIA-3.jpg\",\"datePublished\":\"2023-04-28T13:40:13+00:00\",\"dateModified\":\"2023-04-28T13:40:21+00:00\",\"author\":{\"@id\":\"https:\\\/\\\/folhapopular.info\\\/#\\\/schema\\\/person\\\/2814e8a0df7643585a9ca38bc6eb9d4b\"},\"breadcrumb\":{\"@id\":\"https:\\\/\\\/folhapopular.info\\\/index.php\\\/2023\\\/04\\\/28\\\/atencao-basica-de-imigrante-recebe-treinamento-sobre-parto-de-emergencia\\\/#breadcrumb\"},\"inLanguage\":\"pt-BR\",\"potentialAction\":[{\"@type\":\"ReadAction\",\"target\":[\"https:\\\/\\\/folhapopular.info\\\/index.php\\\/2023\\\/04\\\/28\\\/atencao-basica-de-imigrante-recebe-treinamento-sobre-parto-de-emergencia\\\/\"]}]},{\"@type\":\"ImageObject\",\"inLanguage\":\"pt-BR\",\"@id\":\"https:\\\/\\\/folhapopular.info\\\/index.php\\\/2023\\\/04\\\/28\\\/atencao-basica-de-imigrante-recebe-treinamento-sobre-parto-de-emergencia\\\/#primaryimage\",\"url\":\"https:\\\/\\\/folhapopular.info\\\/wp-content\\\/uploads\\\/2023\\\/04\\\/PARTO-DE-EMERGENCIA-3.jpg\",\"contentUrl\":\"https:\\\/\\\/folhapopular.info\\\/wp-content\\\/uploads\\\/2023\\\/04\\\/PARTO-DE-EMERGENCIA-3.jpg\",\"width\":1600,\"height\":1200,\"caption\":\"Cr\u00e9ditos: Carlos Eduardo Schneider\"},{\"@type\":\"BreadcrumbList\",\"@id\":\"https:\\\/\\\/folhapopular.info\\\/index.php\\\/2023\\\/04\\\/28\\\/atencao-basica-de-imigrante-recebe-treinamento-sobre-parto-de-emergencia\\\/#breadcrumb\",\"itemListElement\":[{\"@type\":\"ListItem\",\"position\":1,\"name\":\"In\u00edcio\",\"item\":\"https:\\\/\\\/folhapopular.info\\\/\"},{\"@type\":\"ListItem\",\"position\":2,\"name\":\"Aten\u00e7\u00e3o b\u00e1sica de Imigrante recebe treinamento sobre parto de emerg\u00eancia\"}]},{\"@type\":\"WebSite\",\"@id\":\"https:\\\/\\\/folhapopular.info\\\/#website\",\"url\":\"https:\\\/\\\/folhapopular.info\\\/\",\"name\":\"Folha Popular\",\"description\":\"Onde voc\u00ea tem vez e voz\",\"potentialAction\":[{\"@type\":\"SearchAction\",\"target\":{\"@type\":\"EntryPoint\",\"urlTemplate\":\"https:\\\/\\\/folhapopular.info\\\/?s={search_term_string}\"},\"query-input\":{\"@type\":\"PropertyValueSpecification\",\"valueRequired\":true,\"valueName\":\"search_term_string\"}}],\"inLanguage\":\"pt-BR\"},{\"@type\":\"Person\",\"@id\":\"https:\\\/\\\/folhapopular.info\\\/#\\\/schema\\\/person\\\/2814e8a0df7643585a9ca38bc6eb9d4b\",\"name\":\"Reda\u00e7\u00e3o Folha Popular\",\"image\":{\"@type\":\"ImageObject\",\"inLanguage\":\"pt-BR\",\"@id\":\"https:\\\/\\\/folhapopular.info\\\/wp-content\\\/uploads\\\/2026\\\/04\\\/Folha-1.webp\",\"url\":\"https:\\\/\\\/folhapopular.info\\\/wp-content\\\/uploads\\\/2026\\\/04\\\/Folha-1.webp\",\"contentUrl\":\"https:\\\/\\\/folhapopular.info\\\/wp-content\\\/uploads\\\/2026\\\/04\\\/Folha-1.webp\",\"caption\":\"Reda\u00e7\u00e3o Folha Popular\"},\"url\":\"https:\\\/\\\/folhapopular.info\\\/index.php\\\/author\\\/redacao\\\/\"}]}<\/script>\n<!-- \/ Yoast SEO plugin. -->","yoast_head_json":{"title":"Aten\u00e7\u00e3o b\u00e1sica de Imigrante recebe treinamento sobre parto de emerg\u00eancia - Folha Popular","robots":{"index":"index","follow":"follow","max-snippet":"max-snippet:-1","max-image-preview":"max-image-preview:large","max-video-preview":"max-video-preview:-1"},"canonical":"https:\/\/folhapopular.info\/index.php\/2023\/04\/28\/atencao-basica-de-imigrante-recebe-treinamento-sobre-parto-de-emergencia\/","og_locale":"pt_BR","og_type":"article","og_title":"Aten\u00e7\u00e3o b\u00e1sica de Imigrante recebe treinamento sobre parto de emerg\u00eancia - Folha Popular","og_description":"A Secretaria de Sa\u00fade e Assist\u00eancia Social de Imigrante promoveu nessa quarta-feira um treinamento de aten\u00e7\u00e3o ao trabalho de parto e p\u00f3s-parto imediato. A forma\u00e7\u00e3o foi direcionada \u00e0 equipe de enfermagem da aten\u00e7\u00e3o b\u00e1sica. Conforme Rosel\u00e9ia Regina Halmenschlager, enfermeira obstetra e consultora de amamenta\u00e7\u00e3o com mestrado em sa\u00fade materno-infantil, a inten\u00e7\u00e3o \u00e9 preparar a equipe [&hellip;]","og_url":"https:\/\/folhapopular.info\/index.php\/2023\/04\/28\/atencao-basica-de-imigrante-recebe-treinamento-sobre-parto-de-emergencia\/","og_site_name":"Folha Popular","article_published_time":"2023-04-28T13:40:13+00:00","article_modified_time":"2023-04-28T13:40:21+00:00","og_image":[{"width":1600,"height":1200,"url":"http:\/\/folhapopular.info\/wp-content\/uploads\/2023\/04\/PARTO-DE-EMERGENCIA-3.jpg","type":"image\/jpeg"}],"author":"Reda\u00e7\u00e3o Folha Popular","twitter_card":"summary_large_image","twitter_misc":{"Escrito por":"Reda\u00e7\u00e3o Folha Popular","Est. tempo de leitura":"1 minuto"},"schema":{"@context":"https:\/\/schema.org","@graph":[{"@type":"Article","@id":"https:\/\/folhapopular.info\/index.php\/2023\/04\/28\/atencao-basica-de-imigrante-recebe-treinamento-sobre-parto-de-emergencia\/#article","isPartOf":{"@id":"https:\/\/folhapopular.info\/index.php\/2023\/04\/28\/atencao-basica-de-imigrante-recebe-treinamento-sobre-parto-de-emergencia\/"},"author":{"name":"Reda\u00e7\u00e3o Folha Popular","@id":"https:\/\/folhapopular.info\/#\/schema\/person\/2814e8a0df7643585a9ca38bc6eb9d4b"},"headline":"Aten\u00e7\u00e3o b\u00e1sica de Imigrante recebe treinamento sobre parto de emerg\u00eancia","datePublished":"2023-04-28T13:40:13+00:00","dateModified":"2023-04-28T13:40:21+00:00","mainEntityOfPage":{"@id":"https:\/\/folhapopular.info\/index.php\/2023\/04\/28\/atencao-basica-de-imigrante-recebe-treinamento-sobre-parto-de-emergencia\/"},"wordCount":221,"commentCount":0,"image":{"@id":"https:\/\/folhapopular.info\/index.php\/2023\/04\/28\/atencao-basica-de-imigrante-recebe-treinamento-sobre-parto-de-emergencia\/#primaryimage"},"thumbnailUrl":"https:\/\/folhapopular.info\/wp-content\/uploads\/2023\/04\/PARTO-DE-EMERGENCIA-3.jpg","keywords":["Aten\u00e7\u00e3o B\u00e1sica","Imigrante","parto","P\u00f3s-parto","secretaria de sa\u00fade e assist\u00eancia social de imigrante","Treinamento"],"articleSection":["Destaques","Geral","Sa\u00fade"],"inLanguage":"pt-BR","potentialAction":[{"@type":"CommentAction","name":"Comment","target":["https:\/\/folhapopular.info\/index.php\/2023\/04\/28\/atencao-basica-de-imigrante-recebe-treinamento-sobre-parto-de-emergencia\/#respond"]}]},{"@type":"WebPage","@id":"https:\/\/folhapopular.info\/index.php\/2023\/04\/28\/atencao-basica-de-imigrante-recebe-treinamento-sobre-parto-de-emergencia\/","url":"https:\/\/folhapopular.info\/index.php\/2023\/04\/28\/atencao-basica-de-imigrante-recebe-treinamento-sobre-parto-de-emergencia\/","name":"Aten\u00e7\u00e3o b\u00e1sica de Imigrante recebe treinamento sobre parto de emerg\u00eancia - Folha Popular","isPartOf":{"@id":"https:\/\/folhapopular.info\/#website"},"primaryImageOfPage":{"@id":"https:\/\/folhapopular.info\/index.php\/2023\/04\/28\/atencao-basica-de-imigrante-recebe-treinamento-sobre-parto-de-emergencia\/#primaryimage"},"image":{"@id":"https:\/\/folhapopular.info\/index.php\/2023\/04\/28\/atencao-basica-de-imigrante-recebe-treinamento-sobre-parto-de-emergencia\/#primaryimage"},"thumbnailUrl":"https:\/\/folhapopular.info\/wp-content\/uploads\/2023\/04\/PARTO-DE-EMERGENCIA-3.jpg","datePublished":"2023-04-28T13:40:13+00:00","dateModified":"2023-04-28T13:40:21+00:00","author":{"@id":"https:\/\/folhapopular.info\/#\/schema\/person\/2814e8a0df7643585a9ca38bc6eb9d4b"},"breadcrumb":{"@id":"https:\/\/folhapopular.info\/index.php\/2023\/04\/28\/atencao-basica-de-imigrante-recebe-treinamento-sobre-parto-de-emergencia\/#breadcrumb"},"inLanguage":"pt-BR","potentialAction":[{"@type":"ReadAction","target":["https:\/\/folhapopular.info\/index.php\/2023\/04\/28\/atencao-basica-de-imigrante-recebe-treinamento-sobre-parto-de-emergencia\/"]}]},{"@type":"ImageObject","inLanguage":"pt-BR","@id":"https:\/\/folhapopular.info\/index.php\/2023\/04\/28\/atencao-basica-de-imigrante-recebe-treinamento-sobre-parto-de-emergencia\/#primaryimage","url":"https:\/\/folhapopular.info\/wp-content\/uploads\/2023\/04\/PARTO-DE-EMERGENCIA-3.jpg","contentUrl":"https:\/\/folhapopular.info\/wp-content\/uploads\/2023\/04\/PARTO-DE-EMERGENCIA-3.jpg","width":1600,"height":1200,"caption":"Cr\u00e9ditos: Carlos Eduardo Schneider"},{"@type":"BreadcrumbList","@id":"https:\/\/folhapopular.info\/index.php\/2023\/04\/28\/atencao-basica-de-imigrante-recebe-treinamento-sobre-parto-de-emergencia\/#breadcrumb","itemListElement":[{"@type":"ListItem","position":1,"name":"In\u00edcio","item":"https:\/\/folhapopular.info\/"},{"@type":"ListItem","position":2,"name":"Aten\u00e7\u00e3o b\u00e1sica de Imigrante recebe treinamento sobre parto de emerg\u00eancia"}]},{"@type":"WebSite","@id":"https:\/\/folhapopular.info\/#website","url":"https:\/\/folhapopular.info\/","name":"Folha Popular","description":"Onde voc\u00ea tem vez e voz","potentialAction":[{"@type":"SearchAction","target":{"@type":"EntryPoint","urlTemplate":"https:\/\/folhapopular.info\/?s={search_term_string}"},"query-input":{"@type":"PropertyValueSpecification","valueRequired":true,"valueName":"search_term_string"}}],"inLanguage":"pt-BR"},{"@type":"Person","@id":"https:\/\/folhapopular.info\/#\/schema\/person\/2814e8a0df7643585a9ca38bc6eb9d4b","name":"Reda\u00e7\u00e3o Folha Popular","image":{"@type":"ImageObject","inLanguage":"pt-BR","@id":"https:\/\/folhapopular.info\/wp-content\/uploads\/2026\/04\/Folha-1.webp","url":"https:\/\/folhapopular.info\/wp-content\/uploads\/2026\/04\/Folha-1.webp","contentUrl":"https:\/\/folhapopular.info\/wp-content\/uploads\/2026\/04\/Folha-1.webp","caption":"Reda\u00e7\u00e3o Folha Popular"},"url":"https:\/\/folhapopular.info\/index.php\/author\/redacao\/"}]}},"jetpack_featured_media_url":"https:\/\/folhapopular.info\/wp-content\/uploads\/2023\/04\/PARTO-DE-EMERGENCIA-3.jpg","jetpack_sharing_enabled":true,"amp_enabled":true,"_links":{"self":[{"href":"https:\/\/folhapopular.info\/index.php\/wp-json\/wp\/v2\/posts\/126665","targetHints":{"allow":["GET"]}}],"collection":[{"href":"https:\/\/folhapopular.info\/index.php\/wp-json\/wp\/v2\/posts"}],"about":[{"href":"https:\/\/folhapopular.info\/index.php\/wp-json\/wp\/v2\/types\/post"}],"author":[{"embeddable":true,"href":"https:\/\/folhapopular.info\/index.php\/wp-json\/wp\/v2\/users\/8"}],"replies":[{"embeddable":true,"href":"https:\/\/folhapopular.info\/index.php\/wp-json\/wp\/v2\/comments?post=126665"}],"version-history":[{"count":0,"href":"https:\/\/folhapopular.info\/index.php\/wp-json\/wp\/v2\/posts\/126665\/revisions"}],"wp:featuredmedia":[{"embeddable":true,"href":"https:\/\/folhapopular.info\/index.php\/wp-json\/wp\/v2\/media\/126666"}],"wp:attachment":[{"href":"https:\/\/folhapopular.info\/index.php\/wp-json\/wp\/v2\/media?parent=126665"}],"wp:term":[{"taxonomy":"category","embeddable":true,"href":"https:\/\/folhapopular.info\/index.php\/wp-json\/wp\/v2\/categories?post=126665"},{"taxonomy":"post_tag","embeddable":true,"href":"https:\/\/folhapopular.info\/index.php\/wp-json\/wp\/v2\/tags?post=126665"}],"curies":[{"name":"wp","href":"https:\/\/api.w.org\/{rel}","templated":true}]}}