{"id":126694,"date":"2023-04-29T07:00:00","date_gmt":"2023-04-29T10:00:00","guid":{"rendered":"https:\/\/folhapopular.info\/?p=126694"},"modified":"2023-04-28T18:17:51","modified_gmt":"2023-04-28T21:17:51","slug":"coloque-uma-musica-e-dance-em-casa-mesmo-que-sozinho-diz-professora","status":"publish","type":"post","link":"https:\/\/folhapopular.info\/index.php\/2023\/04\/29\/coloque-uma-musica-e-dance-em-casa-mesmo-que-sozinho-diz-professora\/","title":{"rendered":"&#8220;Coloque uma m\u00fasica e dance em casa, mesmo que sozinho&#8221;, diz professora"},"content":{"rendered":"<p>H\u00e1 um velho ditado que &#8220;quem canta os males espanta&#8221;, mas h\u00e1 quem diz que ele tamb\u00e9m vale para a dan\u00e7a. Neste s\u00e1bado (29\/4) \u00e9 comemorado o Dia Internacional da Dan\u00e7a, aquela profiss\u00e3o, atividade f\u00edsica ou hobby que une pessoas, gera\u00e7\u00f5es e traz mais energia ao dia a dia. A professora de dan\u00e7a, S\u00f4nia L\u00facia&#8230; <\/p>\n<div class=\"pmpro\">\n<div class=\"pmpro_card pmpro_content_message\">\n<div class=\"pmpro_card_content\">Este conte\u00fado \u00e9 apenas para associados Grupo Popular &#8211; Conte\u00fado Total Anual e Grupo Popular &#8211; Conte\u00fado Total Mensal. <br \/><a href=\"https:\/\/folhapopular.info\/wp-login.php?action=register\">Cadastre-se<\/a><\/div>\n<div class=\"pmpro_card_actions pmpro_font-medium\">J\u00e1 se associou? <a href=\"https:\/\/folhapopular.info\/wp-login.php?redirect_to=https%3A%2F%2Ffolhapopular.info%2Findex.php%2F2023%2F04%2F29%2Fcoloque-uma-musica-e-dance-em-casa-mesmo-que-sozinho-diz-professora%2F\">Acesse aqui<\/a><\/div>\n<\/div>\n<\/div>\n","protected":false},"excerpt":{"rendered":"<p>H\u00e1 um velho ditado que &#8220;quem canta os males espanta&#8221;, mas h\u00e1 quem diz que ele tamb\u00e9m vale para a dan\u00e7a. Neste s\u00e1bado (29\/4) \u00e9 comemorado o Dia Internacional da Dan\u00e7a, aquela profiss\u00e3o, atividade f\u00edsica ou hobby que une pessoas, gera\u00e7\u00f5es e traz mais energia ao dia a dia. A professora de dan\u00e7a, S\u00f4nia L\u00facia... <\/p>\n<div class=\"pmpro\"><div class=\"pmpro_card pmpro_content_message\"><div class=\"pmpro_card_content\">Este conte\u00fado \u00e9 apenas para associados Grupo Popular - Conte\u00fado Total Anual e Grupo Popular - Conte\u00fado Total Mensal. <br \/><a href=\"https:\/\/folhapopular.info\/wp-login.php?action=register\">Cadastre-se<\/a><\/div><div class=\"pmpro_card_actions pmpro_font-medium\">J\u00e1 se associou? <a href=\"https:\/\/folhapopular.info\/wp-login.php?redirect_to=https%3A%2F%2Ffolhapopular.info%2Findex.php%2F2023%2F04%2F29%2Fcoloque-uma-musica-e-dance-em-casa-mesmo-que-sozinho-diz-professora%2F\">Acesse aqui<\/a><\/div><\/div><\/div>","protected":false},"author":644,"featured_media":126695,"comment_status":"open","ping_status":"open","sticky":false,"template":"","format":"standard","meta":{"pmpro_default_level":"","_jetpack_memberships_contains_paid_content":false,"footnotes":""},"categories":[5990,2,6,10997],"tags":[1601,12016,12014,8831,63,12015,2084],"class_list":{"0":"post-126694","1":"post","2":"type-post","3":"status-publish","4":"format-standard","5":"has-post-thumbnail","7":"category-conteudo-exclusivo","8":"category-featured","9":"category-inclusive","10":"category-variedades","11":"tag-danca","12":"tag-dancar","13":"tag-dia-da-danca","14":"tag-dia-internacional-da-danca","15":"tag-musica","16":"tag-sonia","17":"tag-yoga","18":"pmpro-level-required","19":"pmpro-level-2","20":"pmpro-level-4","21":"pmpro-level-5","22":"pmpro-no-access"},"yoast_head":"<!-- This site is optimized with the Yoast SEO plugin v27.5 - https:\/\/yoast.com\/product\/yoast-seo-wordpress\/ -->\n<title>&quot;Coloque uma m\u00fasica e dance em casa, mesmo que sozinho&quot;, diz professora - Folha Popular<\/title>\n<meta name=\"description\" content=\"Educadora f\u00edsica, p\u00f3s-graduada em dan\u00e7a, hoje ela atua dando aulas de dan\u00e7a para crian\u00e7as de escolas da rede municipal de Teut\u00f4nia\" \/>\n<meta name=\"robots\" content=\"index, follow, max-snippet:-1, max-image-preview:large, max-video-preview:-1\" \/>\n<link rel=\"canonical\" href=\"https:\/\/folhapopular.info\/index.php\/2023\/04\/29\/coloque-uma-musica-e-dance-em-casa-mesmo-que-sozinho-diz-professora\/\" \/>\n<meta property=\"og:locale\" content=\"pt_BR\" \/>\n<meta property=\"og:type\" content=\"article\" \/>\n<meta property=\"og:title\" content=\"&quot;Coloque uma m\u00fasica e dance em casa, mesmo que sozinho&quot;, diz professora - Folha Popular\" \/>\n<meta property=\"og:description\" content=\"Educadora f\u00edsica, p\u00f3s-graduada em dan\u00e7a, hoje ela atua dando aulas de dan\u00e7a para crian\u00e7as de escolas da rede municipal de Teut\u00f4nia\" \/>\n<meta property=\"og:url\" content=\"https:\/\/folhapopular.info\/index.php\/2023\/04\/29\/coloque-uma-musica-e-dance-em-casa-mesmo-que-sozinho-diz-professora\/\" \/>\n<meta property=\"og:site_name\" content=\"Folha Popular\" \/>\n<meta property=\"article:published_time\" content=\"2023-04-29T10:00:00+00:00\" \/>\n<meta property=\"og:image\" content=\"https:\/\/folhapopular.info\/wp-content\/uploads\/2023\/04\/sonia.jpg\" \/>\n\t<meta property=\"og:image:width\" content=\"1600\" \/>\n\t<meta property=\"og:image:height\" content=\"1200\" \/>\n\t<meta property=\"og:image:type\" content=\"image\/jpeg\" \/>\n<meta name=\"author\" content=\"Eduarda Wenzel\" \/>\n<meta name=\"twitter:card\" content=\"summary_large_image\" \/>\n<meta name=\"twitter:label1\" content=\"Escrito por\" \/>\n\t<meta name=\"twitter:data1\" content=\"Eduarda Wenzel\" \/>\n\t<meta name=\"twitter:label2\" content=\"Est. tempo de leitura\" \/>\n\t<meta name=\"twitter:data2\" content=\"3 minutos\" \/>\n<script type=\"application\/ld+json\" class=\"yoast-schema-graph\">{\"@context\":\"https:\\\/\\\/schema.org\",\"@graph\":[{\"@type\":\"Article\",\"@id\":\"https:\\\/\\\/folhapopular.info\\\/index.php\\\/2023\\\/04\\\/29\\\/coloque-uma-musica-e-dance-em-casa-mesmo-que-sozinho-diz-professora\\\/#article\",\"isPartOf\":{\"@id\":\"https:\\\/\\\/folhapopular.info\\\/index.php\\\/2023\\\/04\\\/29\\\/coloque-uma-musica-e-dance-em-casa-mesmo-que-sozinho-diz-professora\\\/\"},\"author\":{\"name\":\"Eduarda Wenzel\",\"@id\":\"https:\\\/\\\/folhapopular.info\\\/#\\\/schema\\\/person\\\/56503b37bb37e34ad83486450c8dd536\"},\"headline\":\"&#8220;Coloque uma m\u00fasica e dance em casa, mesmo que sozinho&#8221;, diz professora\",\"datePublished\":\"2023-04-29T10:00:00+00:00\",\"mainEntityOfPage\":{\"@id\":\"https:\\\/\\\/folhapopular.info\\\/index.php\\\/2023\\\/04\\\/29\\\/coloque-uma-musica-e-dance-em-casa-mesmo-que-sozinho-diz-professora\\\/\"},\"wordCount\":574,\"commentCount\":0,\"image\":{\"@id\":\"https:\\\/\\\/folhapopular.info\\\/index.php\\\/2023\\\/04\\\/29\\\/coloque-uma-musica-e-dance-em-casa-mesmo-que-sozinho-diz-professora\\\/#primaryimage\"},\"thumbnailUrl\":\"https:\\\/\\\/folhapopular.info\\\/wp-content\\\/uploads\\\/2023\\\/04\\\/sonia.jpg\",\"keywords\":[\"Dan\u00e7a\",\"dan\u00e7ar\",\"dia da dan\u00e7a\",\"Dia Internacional da Dan\u00e7a\",\"Musica\",\"sonia\",\"Yoga\"],\"articleSection\":[\"Conte\u00fado Exclusivo\",\"Destaques\",\"Inclusive\",\"Variedades\"],\"inLanguage\":\"pt-BR\",\"potentialAction\":[{\"@type\":\"CommentAction\",\"name\":\"Comment\",\"target\":[\"https:\\\/\\\/folhapopular.info\\\/index.php\\\/2023\\\/04\\\/29\\\/coloque-uma-musica-e-dance-em-casa-mesmo-que-sozinho-diz-professora\\\/#respond\"]}]},{\"@type\":\"WebPage\",\"@id\":\"https:\\\/\\\/folhapopular.info\\\/index.php\\\/2023\\\/04\\\/29\\\/coloque-uma-musica-e-dance-em-casa-mesmo-que-sozinho-diz-professora\\\/\",\"url\":\"https:\\\/\\\/folhapopular.info\\\/index.php\\\/2023\\\/04\\\/29\\\/coloque-uma-musica-e-dance-em-casa-mesmo-que-sozinho-diz-professora\\\/\",\"name\":\"\\\"Coloque uma m\u00fasica e dance em casa, mesmo que sozinho\\\", diz professora - Folha Popular\",\"isPartOf\":{\"@id\":\"https:\\\/\\\/folhapopular.info\\\/#website\"},\"primaryImageOfPage\":{\"@id\":\"https:\\\/\\\/folhapopular.info\\\/index.php\\\/2023\\\/04\\\/29\\\/coloque-uma-musica-e-dance-em-casa-mesmo-que-sozinho-diz-professora\\\/#primaryimage\"},\"image\":{\"@id\":\"https:\\\/\\\/folhapopular.info\\\/index.php\\\/2023\\\/04\\\/29\\\/coloque-uma-musica-e-dance-em-casa-mesmo-que-sozinho-diz-professora\\\/#primaryimage\"},\"thumbnailUrl\":\"https:\\\/\\\/folhapopular.info\\\/wp-content\\\/uploads\\\/2023\\\/04\\\/sonia.jpg\",\"datePublished\":\"2023-04-29T10:00:00+00:00\",\"author\":{\"@id\":\"https:\\\/\\\/folhapopular.info\\\/#\\\/schema\\\/person\\\/56503b37bb37e34ad83486450c8dd536\"},\"description\":\"Educadora f\u00edsica, p\u00f3s-graduada em dan\u00e7a, hoje ela atua dando aulas de dan\u00e7a para crian\u00e7as de escolas da rede municipal de Teut\u00f4nia\",\"breadcrumb\":{\"@id\":\"https:\\\/\\\/folhapopular.info\\\/index.php\\\/2023\\\/04\\\/29\\\/coloque-uma-musica-e-dance-em-casa-mesmo-que-sozinho-diz-professora\\\/#breadcrumb\"},\"inLanguage\":\"pt-BR\",\"potentialAction\":[{\"@type\":\"ReadAction\",\"target\":[\"https:\\\/\\\/folhapopular.info\\\/index.php\\\/2023\\\/04\\\/29\\\/coloque-uma-musica-e-dance-em-casa-mesmo-que-sozinho-diz-professora\\\/\"]}]},{\"@type\":\"ImageObject\",\"inLanguage\":\"pt-BR\",\"@id\":\"https:\\\/\\\/folhapopular.info\\\/index.php\\\/2023\\\/04\\\/29\\\/coloque-uma-musica-e-dance-em-casa-mesmo-que-sozinho-diz-professora\\\/#primaryimage\",\"url\":\"https:\\\/\\\/folhapopular.info\\\/wp-content\\\/uploads\\\/2023\\\/04\\\/sonia.jpg\",\"contentUrl\":\"https:\\\/\\\/folhapopular.info\\\/wp-content\\\/uploads\\\/2023\\\/04\\\/sonia.jpg\",\"width\":1600,\"height\":1200,\"caption\":\"Al\u00e9m da dan\u00e7a, S\u00f4nia tamb\u00e9m d\u00e1 aula de Yoga e junta as pr\u00e1ticas. \\\/ Cr\u00e9dito: Eduarda Wenzel\"},{\"@type\":\"BreadcrumbList\",\"@id\":\"https:\\\/\\\/folhapopular.info\\\/index.php\\\/2023\\\/04\\\/29\\\/coloque-uma-musica-e-dance-em-casa-mesmo-que-sozinho-diz-professora\\\/#breadcrumb\",\"itemListElement\":[{\"@type\":\"ListItem\",\"position\":1,\"name\":\"In\u00edcio\",\"item\":\"https:\\\/\\\/folhapopular.info\\\/\"},{\"@type\":\"ListItem\",\"position\":2,\"name\":\"&#8220;Coloque uma m\u00fasica e dance em casa, mesmo que sozinho&#8221;, diz professora\"}]},{\"@type\":\"WebSite\",\"@id\":\"https:\\\/\\\/folhapopular.info\\\/#website\",\"url\":\"https:\\\/\\\/folhapopular.info\\\/\",\"name\":\"Folha Popular\",\"description\":\"Onde voc\u00ea tem vez e voz\",\"potentialAction\":[{\"@type\":\"SearchAction\",\"target\":{\"@type\":\"EntryPoint\",\"urlTemplate\":\"https:\\\/\\\/folhapopular.info\\\/?s={search_term_string}\"},\"query-input\":{\"@type\":\"PropertyValueSpecification\",\"valueRequired\":true,\"valueName\":\"search_term_string\"}}],\"inLanguage\":\"pt-BR\"},{\"@type\":\"Person\",\"@id\":\"https:\\\/\\\/folhapopular.info\\\/#\\\/schema\\\/person\\\/56503b37bb37e34ad83486450c8dd536\",\"name\":\"Eduarda Wenzel\",\"image\":{\"@type\":\"ImageObject\",\"inLanguage\":\"pt-BR\",\"@id\":\"https:\\\/\\\/secure.gravatar.com\\\/avatar\\\/84a92258d5ebb7523b3978df951af09337f402d618cba5001aa8b2a2fc633090?s=96&d=mm&r=g\",\"url\":\"https:\\\/\\\/secure.gravatar.com\\\/avatar\\\/84a92258d5ebb7523b3978df951af09337f402d618cba5001aa8b2a2fc633090?s=96&d=mm&r=g\",\"contentUrl\":\"https:\\\/\\\/secure.gravatar.com\\\/avatar\\\/84a92258d5ebb7523b3978df951af09337f402d618cba5001aa8b2a2fc633090?s=96&d=mm&r=g\",\"caption\":\"Eduarda Wenzel\"},\"url\":\"https:\\\/\\\/folhapopular.info\\\/index.php\\\/author\\\/eduarda-wenzeluniverso-univates-br\\\/\"}]}<\/script>\n<!-- \/ Yoast SEO plugin. -->","yoast_head_json":{"title":"\"Coloque uma m\u00fasica e dance em casa, mesmo que sozinho\", diz professora - Folha Popular","description":"Educadora f\u00edsica, p\u00f3s-graduada em dan\u00e7a, hoje ela atua dando aulas de dan\u00e7a para crian\u00e7as de escolas da rede municipal de Teut\u00f4nia","robots":{"index":"index","follow":"follow","max-snippet":"max-snippet:-1","max-image-preview":"max-image-preview:large","max-video-preview":"max-video-preview:-1"},"canonical":"https:\/\/folhapopular.info\/index.php\/2023\/04\/29\/coloque-uma-musica-e-dance-em-casa-mesmo-que-sozinho-diz-professora\/","og_locale":"pt_BR","og_type":"article","og_title":"\"Coloque uma m\u00fasica e dance em casa, mesmo que sozinho\", diz professora - Folha Popular","og_description":"Educadora f\u00edsica, p\u00f3s-graduada em dan\u00e7a, hoje ela atua dando aulas de dan\u00e7a para crian\u00e7as de escolas da rede municipal de Teut\u00f4nia","og_url":"https:\/\/folhapopular.info\/index.php\/2023\/04\/29\/coloque-uma-musica-e-dance-em-casa-mesmo-que-sozinho-diz-professora\/","og_site_name":"Folha Popular","article_published_time":"2023-04-29T10:00:00+00:00","og_image":[{"width":1600,"height":1200,"url":"https:\/\/folhapopular.info\/wp-content\/uploads\/2023\/04\/sonia.jpg","type":"image\/jpeg"}],"author":"Eduarda Wenzel","twitter_card":"summary_large_image","twitter_misc":{"Escrito por":"Eduarda Wenzel","Est. tempo de leitura":"3 minutos"},"schema":{"@context":"https:\/\/schema.org","@graph":[{"@type":"Article","@id":"https:\/\/folhapopular.info\/index.php\/2023\/04\/29\/coloque-uma-musica-e-dance-em-casa-mesmo-que-sozinho-diz-professora\/#article","isPartOf":{"@id":"https:\/\/folhapopular.info\/index.php\/2023\/04\/29\/coloque-uma-musica-e-dance-em-casa-mesmo-que-sozinho-diz-professora\/"},"author":{"name":"Eduarda Wenzel","@id":"https:\/\/folhapopular.info\/#\/schema\/person\/56503b37bb37e34ad83486450c8dd536"},"headline":"&#8220;Coloque uma m\u00fasica e dance em casa, mesmo que sozinho&#8221;, diz professora","datePublished":"2023-04-29T10:00:00+00:00","mainEntityOfPage":{"@id":"https:\/\/folhapopular.info\/index.php\/2023\/04\/29\/coloque-uma-musica-e-dance-em-casa-mesmo-que-sozinho-diz-professora\/"},"wordCount":574,"commentCount":0,"image":{"@id":"https:\/\/folhapopular.info\/index.php\/2023\/04\/29\/coloque-uma-musica-e-dance-em-casa-mesmo-que-sozinho-diz-professora\/#primaryimage"},"thumbnailUrl":"https:\/\/folhapopular.info\/wp-content\/uploads\/2023\/04\/sonia.jpg","keywords":["Dan\u00e7a","dan\u00e7ar","dia da dan\u00e7a","Dia Internacional da Dan\u00e7a","Musica","sonia","Yoga"],"articleSection":["Conte\u00fado Exclusivo","Destaques","Inclusive","Variedades"],"inLanguage":"pt-BR","potentialAction":[{"@type":"CommentAction","name":"Comment","target":["https:\/\/folhapopular.info\/index.php\/2023\/04\/29\/coloque-uma-musica-e-dance-em-casa-mesmo-que-sozinho-diz-professora\/#respond"]}]},{"@type":"WebPage","@id":"https:\/\/folhapopular.info\/index.php\/2023\/04\/29\/coloque-uma-musica-e-dance-em-casa-mesmo-que-sozinho-diz-professora\/","url":"https:\/\/folhapopular.info\/index.php\/2023\/04\/29\/coloque-uma-musica-e-dance-em-casa-mesmo-que-sozinho-diz-professora\/","name":"\"Coloque uma m\u00fasica e dance em casa, mesmo que sozinho\", diz professora - Folha Popular","isPartOf":{"@id":"https:\/\/folhapopular.info\/#website"},"primaryImageOfPage":{"@id":"https:\/\/folhapopular.info\/index.php\/2023\/04\/29\/coloque-uma-musica-e-dance-em-casa-mesmo-que-sozinho-diz-professora\/#primaryimage"},"image":{"@id":"https:\/\/folhapopular.info\/index.php\/2023\/04\/29\/coloque-uma-musica-e-dance-em-casa-mesmo-que-sozinho-diz-professora\/#primaryimage"},"thumbnailUrl":"https:\/\/folhapopular.info\/wp-content\/uploads\/2023\/04\/sonia.jpg","datePublished":"2023-04-29T10:00:00+00:00","author":{"@id":"https:\/\/folhapopular.info\/#\/schema\/person\/56503b37bb37e34ad83486450c8dd536"},"description":"Educadora f\u00edsica, p\u00f3s-graduada em dan\u00e7a, hoje ela atua dando aulas de dan\u00e7a para crian\u00e7as de escolas da rede municipal de Teut\u00f4nia","breadcrumb":{"@id":"https:\/\/folhapopular.info\/index.php\/2023\/04\/29\/coloque-uma-musica-e-dance-em-casa-mesmo-que-sozinho-diz-professora\/#breadcrumb"},"inLanguage":"pt-BR","potentialAction":[{"@type":"ReadAction","target":["https:\/\/folhapopular.info\/index.php\/2023\/04\/29\/coloque-uma-musica-e-dance-em-casa-mesmo-que-sozinho-diz-professora\/"]}]},{"@type":"ImageObject","inLanguage":"pt-BR","@id":"https:\/\/folhapopular.info\/index.php\/2023\/04\/29\/coloque-uma-musica-e-dance-em-casa-mesmo-que-sozinho-diz-professora\/#primaryimage","url":"https:\/\/folhapopular.info\/wp-content\/uploads\/2023\/04\/sonia.jpg","contentUrl":"https:\/\/folhapopular.info\/wp-content\/uploads\/2023\/04\/sonia.jpg","width":1600,"height":1200,"caption":"Al\u00e9m da dan\u00e7a, S\u00f4nia tamb\u00e9m d\u00e1 aula de Yoga e junta as pr\u00e1ticas. \/ Cr\u00e9dito: Eduarda Wenzel"},{"@type":"BreadcrumbList","@id":"https:\/\/folhapopular.info\/index.php\/2023\/04\/29\/coloque-uma-musica-e-dance-em-casa-mesmo-que-sozinho-diz-professora\/#breadcrumb","itemListElement":[{"@type":"ListItem","position":1,"name":"In\u00edcio","item":"https:\/\/folhapopular.info\/"},{"@type":"ListItem","position":2,"name":"&#8220;Coloque uma m\u00fasica e dance em casa, mesmo que sozinho&#8221;, diz professora"}]},{"@type":"WebSite","@id":"https:\/\/folhapopular.info\/#website","url":"https:\/\/folhapopular.info\/","name":"Folha Popular","description":"Onde voc\u00ea tem vez e voz","potentialAction":[{"@type":"SearchAction","target":{"@type":"EntryPoint","urlTemplate":"https:\/\/folhapopular.info\/?s={search_term_string}"},"query-input":{"@type":"PropertyValueSpecification","valueRequired":true,"valueName":"search_term_string"}}],"inLanguage":"pt-BR"},{"@type":"Person","@id":"https:\/\/folhapopular.info\/#\/schema\/person\/56503b37bb37e34ad83486450c8dd536","name":"Eduarda Wenzel","image":{"@type":"ImageObject","inLanguage":"pt-BR","@id":"https:\/\/secure.gravatar.com\/avatar\/84a92258d5ebb7523b3978df951af09337f402d618cba5001aa8b2a2fc633090?s=96&d=mm&r=g","url":"https:\/\/secure.gravatar.com\/avatar\/84a92258d5ebb7523b3978df951af09337f402d618cba5001aa8b2a2fc633090?s=96&d=mm&r=g","contentUrl":"https:\/\/secure.gravatar.com\/avatar\/84a92258d5ebb7523b3978df951af09337f402d618cba5001aa8b2a2fc633090?s=96&d=mm&r=g","caption":"Eduarda Wenzel"},"url":"https:\/\/folhapopular.info\/index.php\/author\/eduarda-wenzeluniverso-univates-br\/"}]}},"jetpack_featured_media_url":"https:\/\/folhapopular.info\/wp-content\/uploads\/2023\/04\/sonia.jpg","jetpack_sharing_enabled":true,"amp_enabled":true,"_links":{"self":[{"href":"https:\/\/folhapopular.info\/index.php\/wp-json\/wp\/v2\/posts\/126694","targetHints":{"allow":["GET"]}}],"collection":[{"href":"https:\/\/folhapopular.info\/index.php\/wp-json\/wp\/v2\/posts"}],"about":[{"href":"https:\/\/folhapopular.info\/index.php\/wp-json\/wp\/v2\/types\/post"}],"author":[{"embeddable":true,"href":"https:\/\/folhapopular.info\/index.php\/wp-json\/wp\/v2\/users\/644"}],"replies":[{"embeddable":true,"href":"https:\/\/folhapopular.info\/index.php\/wp-json\/wp\/v2\/comments?post=126694"}],"version-history":[{"count":0,"href":"https:\/\/folhapopular.info\/index.php\/wp-json\/wp\/v2\/posts\/126694\/revisions"}],"wp:featuredmedia":[{"embeddable":true,"href":"https:\/\/folhapopular.info\/index.php\/wp-json\/wp\/v2\/media\/126695"}],"wp:attachment":[{"href":"https:\/\/folhapopular.info\/index.php\/wp-json\/wp\/v2\/media?parent=126694"}],"wp:term":[{"taxonomy":"category","embeddable":true,"href":"https:\/\/folhapopular.info\/index.php\/wp-json\/wp\/v2\/categories?post=126694"},{"taxonomy":"post_tag","embeddable":true,"href":"https:\/\/folhapopular.info\/index.php\/wp-json\/wp\/v2\/tags?post=126694"}],"curies":[{"name":"wp","href":"https:\/\/api.w.org\/{rel}","templated":true}]}}