{"id":126764,"date":"2023-04-29T12:51:52","date_gmt":"2023-04-29T15:51:52","guid":{"rendered":"https:\/\/folhapopular.info\/?p=126764"},"modified":"2023-04-29T12:53:44","modified_gmt":"2023-04-29T15:53:44","slug":"terceira-rodada-da-divisao-de-acesso-projeta-classico-do-vale","status":"publish","type":"post","link":"https:\/\/folhapopular.info\/index.php\/2023\/04\/29\/terceira-rodada-da-divisao-de-acesso-projeta-classico-do-vale\/","title":{"rendered":"Terceira rodada da Divis\u00e3o de Acesso projeta Cl\u00e1ssico do Vale"},"content":{"rendered":"\n<p>O Clube Esportivo Lajeadense entra em campo no pr\u00f3ximo domingo (30\/4) para disputar a terceira rodada da Divis\u00e3o de Acesso 2023. No Cl\u00e1ssico do Vale, o Lajeadense enfrenta o Guarani de Ven\u00e2ncio Aires. O jogo acontece a partir das 16h, na Arena Alviazul, em Lajeado.<\/p>\n\n\n\n<p>\u201cTivemos dois jogos importantes. A evolu\u00e7\u00e3o tem sido grande, as dificuldades tamb\u00e9m apareceram, mas conseguimos contornar. O Lajeadense fez uma boa estreia, conseguimos um bom resultado diante do Bag\u00e9. Segunda partida foi em S\u00e3o Gabriel, muito dif\u00edcil. Equipe bem formatada, forte, que sabe joga com segunda bola. Agora esperamos pelo cl\u00e1ssico, que n\u00e3o se joga, se ganha. N\u00e3o tem como dizer quem est\u00e1 melhor. \u00c9 uma gangorra. Felizes pela campanha e esperamos melhorar\u201d, destaca o t\u00e9cnico Serginho Almeida.<\/p>\n\n\n\n<p>No domingo passado, o Alviazul empatou em 1 a 1 com o S\u00e3o Gabriel, jogo v\u00e1lido pela segunda rodada da competi\u00e7\u00e3o. O Alviazul largou em desvantagem. Aos 29min, Cadinho concluiu a gol, a bola bateu na trave e foi para o fundo das redes. A rea\u00e7\u00e3o do Lajeadense veio com um gol de cabe\u00e7a do zagueiro V\u00edtor Dadalt.<\/p>\n\n\n\n<p>O t\u00e9cnico Serginho Almeida optou em sair jogando com Igor Castro, Camargo, Pedro Miritz, Dadalt, Alan Bald, Welington Par\u00e1, J\u00falio C\u00e9zar, Marquinhos, Lagoa e Patrick. J\u00e1 o treinador Douglas Rodrigues foi a campo com Jeferson, Maicon, Alex, Matheus, Obina, Gabriel, Abreu, Kaio, Barrero, Cadu e Cadinho.<\/p>\n\n\n\n<p><strong>Classifica\u00e7\u00e3o Grupo B:<\/strong> Guarany-Bag\u00e9 (6); Santa Cruz, Lajeadense e Inter-SM (4); Pelotas (2); S\u00e3o Gabriel (1); Guarani-VA e Bag\u00e9 (sem pontuar).<\/p>\n","protected":false},"excerpt":{"rendered":"<p>O Clube Esportivo Lajeadense entra em campo no pr\u00f3ximo domingo (30\/4) para disputar a terceira rodada da Divis\u00e3o de Acesso 2023. No Cl\u00e1ssico do Vale, o Lajeadense enfrenta o Guarani de Ven\u00e2ncio Aires. O jogo acontece a partir das 16h, na Arena Alviazul, em Lajeado. \u201cTivemos dois jogos importantes. A evolu\u00e7\u00e3o tem sido grande, as [&hellip;]<\/p>\n","protected":false},"author":601,"featured_media":126765,"comment_status":"open","ping_status":"open","sticky":false,"template":"","format":"standard","meta":{"pmpro_default_level":"","_jetpack_memberships_contains_paid_content":false,"footnotes":""},"categories":[5,2243],"tags":[8374,6045,12039,12038,137,498,471],"class_list":{"0":"post-126764","1":"post","2":"type-post","3":"status-publish","4":"format-standard","5":"has-post-thumbnail","7":"category-esportes","8":"category-futebol-profissional","9":"tag-8374","10":"tag-acesso","11":"tag-classico-do-vale","12":"tag-divisao","13":"tag-esporte","14":"tag-futebol","15":"tag-lajeadense","16":"pmpro-has-access"},"yoast_head":"<!-- This site is optimized with the Yoast SEO plugin v27.5 - https:\/\/yoast.com\/product\/yoast-seo-wordpress\/ -->\n<title>Terceira rodada da Divis\u00e3o de Acesso projeta Cl\u00e1ssico do Vale - Folha Popular<\/title>\n<meta name=\"robots\" content=\"index, follow, max-snippet:-1, max-image-preview:large, max-video-preview:-1\" \/>\n<link rel=\"canonical\" href=\"https:\/\/folhapopular.info\/index.php\/2023\/04\/29\/terceira-rodada-da-divisao-de-acesso-projeta-classico-do-vale\/\" \/>\n<meta property=\"og:locale\" content=\"pt_BR\" \/>\n<meta property=\"og:type\" content=\"article\" \/>\n<meta property=\"og:title\" content=\"Terceira rodada da Divis\u00e3o de Acesso projeta Cl\u00e1ssico do Vale - Folha Popular\" \/>\n<meta property=\"og:description\" content=\"O Clube Esportivo Lajeadense entra em campo no pr\u00f3ximo domingo (30\/4) para disputar a terceira rodada da Divis\u00e3o de Acesso 2023. No Cl\u00e1ssico do Vale, o Lajeadense enfrenta o Guarani de Ven\u00e2ncio Aires. O jogo acontece a partir das 16h, na Arena Alviazul, em Lajeado. \u201cTivemos dois jogos importantes. A evolu\u00e7\u00e3o tem sido grande, as [&hellip;]\" \/>\n<meta property=\"og:url\" content=\"https:\/\/folhapopular.info\/index.php\/2023\/04\/29\/terceira-rodada-da-divisao-de-acesso-projeta-classico-do-vale\/\" \/>\n<meta property=\"og:site_name\" content=\"Folha Popular\" \/>\n<meta property=\"article:published_time\" content=\"2023-04-29T15:51:52+00:00\" \/>\n<meta property=\"article:modified_time\" content=\"2023-04-29T15:53:44+00:00\" \/>\n<meta property=\"og:image\" content=\"http:\/\/folhapopular.info\/wp-content\/uploads\/2023\/04\/WhatsApp-Image-2023-04-23-at-20.49.54-1-e1682783468135.jpeg\" \/>\n\t<meta property=\"og:image:width\" content=\"1200\" \/>\n\t<meta property=\"og:image:height\" content=\"674\" \/>\n\t<meta property=\"og:image:type\" content=\"image\/jpeg\" \/>\n<meta name=\"author\" content=\"Carla Beckmann\" \/>\n<meta name=\"twitter:card\" content=\"summary_large_image\" \/>\n<meta name=\"twitter:label1\" content=\"Escrito por\" \/>\n\t<meta name=\"twitter:data1\" content=\"Carla Beckmann\" \/>\n\t<meta name=\"twitter:label2\" content=\"Est. tempo de leitura\" \/>\n\t<meta name=\"twitter:data2\" content=\"2 minutos\" \/>\n<script type=\"application\/ld+json\" class=\"yoast-schema-graph\">{\"@context\":\"https:\\\/\\\/schema.org\",\"@graph\":[{\"@type\":\"Article\",\"@id\":\"https:\\\/\\\/folhapopular.info\\\/index.php\\\/2023\\\/04\\\/29\\\/terceira-rodada-da-divisao-de-acesso-projeta-classico-do-vale\\\/#article\",\"isPartOf\":{\"@id\":\"https:\\\/\\\/folhapopular.info\\\/index.php\\\/2023\\\/04\\\/29\\\/terceira-rodada-da-divisao-de-acesso-projeta-classico-do-vale\\\/\"},\"author\":{\"name\":\"Carla Beckmann\",\"@id\":\"https:\\\/\\\/folhapopular.info\\\/#\\\/schema\\\/person\\\/c9138938e4781f3e1ca513f9bea5659c\"},\"headline\":\"Terceira rodada da Divis\u00e3o de Acesso projeta Cl\u00e1ssico do Vale\",\"datePublished\":\"2023-04-29T15:51:52+00:00\",\"dateModified\":\"2023-04-29T15:53:44+00:00\",\"mainEntityOfPage\":{\"@id\":\"https:\\\/\\\/folhapopular.info\\\/index.php\\\/2023\\\/04\\\/29\\\/terceira-rodada-da-divisao-de-acesso-projeta-classico-do-vale\\\/\"},\"wordCount\":274,\"commentCount\":0,\"image\":{\"@id\":\"https:\\\/\\\/folhapopular.info\\\/index.php\\\/2023\\\/04\\\/29\\\/terceira-rodada-da-divisao-de-acesso-projeta-classico-do-vale\\\/#primaryimage\"},\"thumbnailUrl\":\"https:\\\/\\\/folhapopular.info\\\/wp-content\\\/uploads\\\/2023\\\/04\\\/WhatsApp-Image-2023-04-23-at-20.49.54-1-e1682783468135.jpeg\",\"keywords\":[\"2023\",\"acesso\",\"Cl\u00e1ssico do Vale\",\"Divis\u00e3o\",\"Esporte\",\"Futebol\",\"Lajeadense\"],\"articleSection\":[\"Esportes\",\"Futebol Profissional\"],\"inLanguage\":\"pt-BR\",\"potentialAction\":[{\"@type\":\"CommentAction\",\"name\":\"Comment\",\"target\":[\"https:\\\/\\\/folhapopular.info\\\/index.php\\\/2023\\\/04\\\/29\\\/terceira-rodada-da-divisao-de-acesso-projeta-classico-do-vale\\\/#respond\"]}]},{\"@type\":\"WebPage\",\"@id\":\"https:\\\/\\\/folhapopular.info\\\/index.php\\\/2023\\\/04\\\/29\\\/terceira-rodada-da-divisao-de-acesso-projeta-classico-do-vale\\\/\",\"url\":\"https:\\\/\\\/folhapopular.info\\\/index.php\\\/2023\\\/04\\\/29\\\/terceira-rodada-da-divisao-de-acesso-projeta-classico-do-vale\\\/\",\"name\":\"Terceira rodada da Divis\u00e3o de Acesso projeta Cl\u00e1ssico do Vale - Folha Popular\",\"isPartOf\":{\"@id\":\"https:\\\/\\\/folhapopular.info\\\/#website\"},\"primaryImageOfPage\":{\"@id\":\"https:\\\/\\\/folhapopular.info\\\/index.php\\\/2023\\\/04\\\/29\\\/terceira-rodada-da-divisao-de-acesso-projeta-classico-do-vale\\\/#primaryimage\"},\"image\":{\"@id\":\"https:\\\/\\\/folhapopular.info\\\/index.php\\\/2023\\\/04\\\/29\\\/terceira-rodada-da-divisao-de-acesso-projeta-classico-do-vale\\\/#primaryimage\"},\"thumbnailUrl\":\"https:\\\/\\\/folhapopular.info\\\/wp-content\\\/uploads\\\/2023\\\/04\\\/WhatsApp-Image-2023-04-23-at-20.49.54-1-e1682783468135.jpeg\",\"datePublished\":\"2023-04-29T15:51:52+00:00\",\"dateModified\":\"2023-04-29T15:53:44+00:00\",\"author\":{\"@id\":\"https:\\\/\\\/folhapopular.info\\\/#\\\/schema\\\/person\\\/c9138938e4781f3e1ca513f9bea5659c\"},\"breadcrumb\":{\"@id\":\"https:\\\/\\\/folhapopular.info\\\/index.php\\\/2023\\\/04\\\/29\\\/terceira-rodada-da-divisao-de-acesso-projeta-classico-do-vale\\\/#breadcrumb\"},\"inLanguage\":\"pt-BR\",\"potentialAction\":[{\"@type\":\"ReadAction\",\"target\":[\"https:\\\/\\\/folhapopular.info\\\/index.php\\\/2023\\\/04\\\/29\\\/terceira-rodada-da-divisao-de-acesso-projeta-classico-do-vale\\\/\"]}]},{\"@type\":\"ImageObject\",\"inLanguage\":\"pt-BR\",\"@id\":\"https:\\\/\\\/folhapopular.info\\\/index.php\\\/2023\\\/04\\\/29\\\/terceira-rodada-da-divisao-de-acesso-projeta-classico-do-vale\\\/#primaryimage\",\"url\":\"https:\\\/\\\/folhapopular.info\\\/wp-content\\\/uploads\\\/2023\\\/04\\\/WhatsApp-Image-2023-04-23-at-20.49.54-1-e1682783468135.jpeg\",\"contentUrl\":\"https:\\\/\\\/folhapopular.info\\\/wp-content\\\/uploads\\\/2023\\\/04\\\/WhatsApp-Image-2023-04-23-at-20.49.54-1-e1682783468135.jpeg\",\"width\":1200,\"height\":674,\"caption\":\"Elenco titular do jogo contra o S\u00e3o Gabriel \\\/ Cr\u00e9dito: Estev\u00e3o Seltenreich \\\/ Divulga\u00e7\u00e3o\"},{\"@type\":\"BreadcrumbList\",\"@id\":\"https:\\\/\\\/folhapopular.info\\\/index.php\\\/2023\\\/04\\\/29\\\/terceira-rodada-da-divisao-de-acesso-projeta-classico-do-vale\\\/#breadcrumb\",\"itemListElement\":[{\"@type\":\"ListItem\",\"position\":1,\"name\":\"In\u00edcio\",\"item\":\"https:\\\/\\\/folhapopular.info\\\/\"},{\"@type\":\"ListItem\",\"position\":2,\"name\":\"Terceira rodada da Divis\u00e3o de Acesso projeta Cl\u00e1ssico do Vale\"}]},{\"@type\":\"WebSite\",\"@id\":\"https:\\\/\\\/folhapopular.info\\\/#website\",\"url\":\"https:\\\/\\\/folhapopular.info\\\/\",\"name\":\"Folha Popular\",\"description\":\"Onde voc\u00ea tem vez e voz\",\"potentialAction\":[{\"@type\":\"SearchAction\",\"target\":{\"@type\":\"EntryPoint\",\"urlTemplate\":\"https:\\\/\\\/folhapopular.info\\\/?s={search_term_string}\"},\"query-input\":{\"@type\":\"PropertyValueSpecification\",\"valueRequired\":true,\"valueName\":\"search_term_string\"}}],\"inLanguage\":\"pt-BR\"},{\"@type\":\"Person\",\"@id\":\"https:\\\/\\\/folhapopular.info\\\/#\\\/schema\\\/person\\\/c9138938e4781f3e1ca513f9bea5659c\",\"name\":\"Carla Beckmann\",\"image\":{\"@type\":\"ImageObject\",\"inLanguage\":\"pt-BR\",\"@id\":\"https:\\\/\\\/secure.gravatar.com\\\/avatar\\\/790078f6ade9f70c31db5a673b88c15df0904c2847c456b3599f72843ac11eb9?s=96&d=mm&r=g\",\"url\":\"https:\\\/\\\/secure.gravatar.com\\\/avatar\\\/790078f6ade9f70c31db5a673b88c15df0904c2847c456b3599f72843ac11eb9?s=96&d=mm&r=g\",\"contentUrl\":\"https:\\\/\\\/secure.gravatar.com\\\/avatar\\\/790078f6ade9f70c31db5a673b88c15df0904c2847c456b3599f72843ac11eb9?s=96&d=mm&r=g\",\"caption\":\"Carla Beckmann\"},\"url\":\"https:\\\/\\\/folhapopular.info\\\/index.php\\\/author\\\/carlabeckmann03gmail-com\\\/\"}]}<\/script>\n<!-- \/ Yoast SEO plugin. -->","yoast_head_json":{"title":"Terceira rodada da Divis\u00e3o de Acesso projeta Cl\u00e1ssico do Vale - Folha Popular","robots":{"index":"index","follow":"follow","max-snippet":"max-snippet:-1","max-image-preview":"max-image-preview:large","max-video-preview":"max-video-preview:-1"},"canonical":"https:\/\/folhapopular.info\/index.php\/2023\/04\/29\/terceira-rodada-da-divisao-de-acesso-projeta-classico-do-vale\/","og_locale":"pt_BR","og_type":"article","og_title":"Terceira rodada da Divis\u00e3o de Acesso projeta Cl\u00e1ssico do Vale - Folha Popular","og_description":"O Clube Esportivo Lajeadense entra em campo no pr\u00f3ximo domingo (30\/4) para disputar a terceira rodada da Divis\u00e3o de Acesso 2023. No Cl\u00e1ssico do Vale, o Lajeadense enfrenta o Guarani de Ven\u00e2ncio Aires. O jogo acontece a partir das 16h, na Arena Alviazul, em Lajeado. \u201cTivemos dois jogos importantes. A evolu\u00e7\u00e3o tem sido grande, as [&hellip;]","og_url":"https:\/\/folhapopular.info\/index.php\/2023\/04\/29\/terceira-rodada-da-divisao-de-acesso-projeta-classico-do-vale\/","og_site_name":"Folha Popular","article_published_time":"2023-04-29T15:51:52+00:00","article_modified_time":"2023-04-29T15:53:44+00:00","og_image":[{"width":1200,"height":674,"url":"http:\/\/folhapopular.info\/wp-content\/uploads\/2023\/04\/WhatsApp-Image-2023-04-23-at-20.49.54-1-e1682783468135.jpeg","type":"image\/jpeg"}],"author":"Carla Beckmann","twitter_card":"summary_large_image","twitter_misc":{"Escrito por":"Carla Beckmann","Est. tempo de leitura":"2 minutos"},"schema":{"@context":"https:\/\/schema.org","@graph":[{"@type":"Article","@id":"https:\/\/folhapopular.info\/index.php\/2023\/04\/29\/terceira-rodada-da-divisao-de-acesso-projeta-classico-do-vale\/#article","isPartOf":{"@id":"https:\/\/folhapopular.info\/index.php\/2023\/04\/29\/terceira-rodada-da-divisao-de-acesso-projeta-classico-do-vale\/"},"author":{"name":"Carla Beckmann","@id":"https:\/\/folhapopular.info\/#\/schema\/person\/c9138938e4781f3e1ca513f9bea5659c"},"headline":"Terceira rodada da Divis\u00e3o de Acesso projeta Cl\u00e1ssico do Vale","datePublished":"2023-04-29T15:51:52+00:00","dateModified":"2023-04-29T15:53:44+00:00","mainEntityOfPage":{"@id":"https:\/\/folhapopular.info\/index.php\/2023\/04\/29\/terceira-rodada-da-divisao-de-acesso-projeta-classico-do-vale\/"},"wordCount":274,"commentCount":0,"image":{"@id":"https:\/\/folhapopular.info\/index.php\/2023\/04\/29\/terceira-rodada-da-divisao-de-acesso-projeta-classico-do-vale\/#primaryimage"},"thumbnailUrl":"https:\/\/folhapopular.info\/wp-content\/uploads\/2023\/04\/WhatsApp-Image-2023-04-23-at-20.49.54-1-e1682783468135.jpeg","keywords":["2023","acesso","Cl\u00e1ssico do Vale","Divis\u00e3o","Esporte","Futebol","Lajeadense"],"articleSection":["Esportes","Futebol Profissional"],"inLanguage":"pt-BR","potentialAction":[{"@type":"CommentAction","name":"Comment","target":["https:\/\/folhapopular.info\/index.php\/2023\/04\/29\/terceira-rodada-da-divisao-de-acesso-projeta-classico-do-vale\/#respond"]}]},{"@type":"WebPage","@id":"https:\/\/folhapopular.info\/index.php\/2023\/04\/29\/terceira-rodada-da-divisao-de-acesso-projeta-classico-do-vale\/","url":"https:\/\/folhapopular.info\/index.php\/2023\/04\/29\/terceira-rodada-da-divisao-de-acesso-projeta-classico-do-vale\/","name":"Terceira rodada da Divis\u00e3o de Acesso projeta Cl\u00e1ssico do Vale - Folha Popular","isPartOf":{"@id":"https:\/\/folhapopular.info\/#website"},"primaryImageOfPage":{"@id":"https:\/\/folhapopular.info\/index.php\/2023\/04\/29\/terceira-rodada-da-divisao-de-acesso-projeta-classico-do-vale\/#primaryimage"},"image":{"@id":"https:\/\/folhapopular.info\/index.php\/2023\/04\/29\/terceira-rodada-da-divisao-de-acesso-projeta-classico-do-vale\/#primaryimage"},"thumbnailUrl":"https:\/\/folhapopular.info\/wp-content\/uploads\/2023\/04\/WhatsApp-Image-2023-04-23-at-20.49.54-1-e1682783468135.jpeg","datePublished":"2023-04-29T15:51:52+00:00","dateModified":"2023-04-29T15:53:44+00:00","author":{"@id":"https:\/\/folhapopular.info\/#\/schema\/person\/c9138938e4781f3e1ca513f9bea5659c"},"breadcrumb":{"@id":"https:\/\/folhapopular.info\/index.php\/2023\/04\/29\/terceira-rodada-da-divisao-de-acesso-projeta-classico-do-vale\/#breadcrumb"},"inLanguage":"pt-BR","potentialAction":[{"@type":"ReadAction","target":["https:\/\/folhapopular.info\/index.php\/2023\/04\/29\/terceira-rodada-da-divisao-de-acesso-projeta-classico-do-vale\/"]}]},{"@type":"ImageObject","inLanguage":"pt-BR","@id":"https:\/\/folhapopular.info\/index.php\/2023\/04\/29\/terceira-rodada-da-divisao-de-acesso-projeta-classico-do-vale\/#primaryimage","url":"https:\/\/folhapopular.info\/wp-content\/uploads\/2023\/04\/WhatsApp-Image-2023-04-23-at-20.49.54-1-e1682783468135.jpeg","contentUrl":"https:\/\/folhapopular.info\/wp-content\/uploads\/2023\/04\/WhatsApp-Image-2023-04-23-at-20.49.54-1-e1682783468135.jpeg","width":1200,"height":674,"caption":"Elenco titular do jogo contra o S\u00e3o Gabriel \/ Cr\u00e9dito: Estev\u00e3o Seltenreich \/ Divulga\u00e7\u00e3o"},{"@type":"BreadcrumbList","@id":"https:\/\/folhapopular.info\/index.php\/2023\/04\/29\/terceira-rodada-da-divisao-de-acesso-projeta-classico-do-vale\/#breadcrumb","itemListElement":[{"@type":"ListItem","position":1,"name":"In\u00edcio","item":"https:\/\/folhapopular.info\/"},{"@type":"ListItem","position":2,"name":"Terceira rodada da Divis\u00e3o de Acesso projeta Cl\u00e1ssico do Vale"}]},{"@type":"WebSite","@id":"https:\/\/folhapopular.info\/#website","url":"https:\/\/folhapopular.info\/","name":"Folha Popular","description":"Onde voc\u00ea tem vez e voz","potentialAction":[{"@type":"SearchAction","target":{"@type":"EntryPoint","urlTemplate":"https:\/\/folhapopular.info\/?s={search_term_string}"},"query-input":{"@type":"PropertyValueSpecification","valueRequired":true,"valueName":"search_term_string"}}],"inLanguage":"pt-BR"},{"@type":"Person","@id":"https:\/\/folhapopular.info\/#\/schema\/person\/c9138938e4781f3e1ca513f9bea5659c","name":"Carla Beckmann","image":{"@type":"ImageObject","inLanguage":"pt-BR","@id":"https:\/\/secure.gravatar.com\/avatar\/790078f6ade9f70c31db5a673b88c15df0904c2847c456b3599f72843ac11eb9?s=96&d=mm&r=g","url":"https:\/\/secure.gravatar.com\/avatar\/790078f6ade9f70c31db5a673b88c15df0904c2847c456b3599f72843ac11eb9?s=96&d=mm&r=g","contentUrl":"https:\/\/secure.gravatar.com\/avatar\/790078f6ade9f70c31db5a673b88c15df0904c2847c456b3599f72843ac11eb9?s=96&d=mm&r=g","caption":"Carla Beckmann"},"url":"https:\/\/folhapopular.info\/index.php\/author\/carlabeckmann03gmail-com\/"}]}},"jetpack_featured_media_url":"https:\/\/folhapopular.info\/wp-content\/uploads\/2023\/04\/WhatsApp-Image-2023-04-23-at-20.49.54-1-e1682783468135.jpeg","jetpack_sharing_enabled":true,"amp_enabled":true,"_links":{"self":[{"href":"https:\/\/folhapopular.info\/index.php\/wp-json\/wp\/v2\/posts\/126764","targetHints":{"allow":["GET"]}}],"collection":[{"href":"https:\/\/folhapopular.info\/index.php\/wp-json\/wp\/v2\/posts"}],"about":[{"href":"https:\/\/folhapopular.info\/index.php\/wp-json\/wp\/v2\/types\/post"}],"author":[{"embeddable":true,"href":"https:\/\/folhapopular.info\/index.php\/wp-json\/wp\/v2\/users\/601"}],"replies":[{"embeddable":true,"href":"https:\/\/folhapopular.info\/index.php\/wp-json\/wp\/v2\/comments?post=126764"}],"version-history":[{"count":0,"href":"https:\/\/folhapopular.info\/index.php\/wp-json\/wp\/v2\/posts\/126764\/revisions"}],"wp:featuredmedia":[{"embeddable":true,"href":"https:\/\/folhapopular.info\/index.php\/wp-json\/wp\/v2\/media\/126765"}],"wp:attachment":[{"href":"https:\/\/folhapopular.info\/index.php\/wp-json\/wp\/v2\/media?parent=126764"}],"wp:term":[{"taxonomy":"category","embeddable":true,"href":"https:\/\/folhapopular.info\/index.php\/wp-json\/wp\/v2\/categories?post=126764"},{"taxonomy":"post_tag","embeddable":true,"href":"https:\/\/folhapopular.info\/index.php\/wp-json\/wp\/v2\/tags?post=126764"}],"curies":[{"name":"wp","href":"https:\/\/api.w.org\/{rel}","templated":true}]}}