{"id":127211,"date":"2023-05-08T14:13:20","date_gmt":"2023-05-08T17:13:20","guid":{"rendered":"https:\/\/folhapopular.info\/?p=127211"},"modified":"2023-05-08T14:13:22","modified_gmt":"2023-05-08T17:13:22","slug":"residencia-tem-principio-de-incendio-no-bairro-imigrantes-em-estrela","status":"publish","type":"post","link":"https:\/\/folhapopular.info\/index.php\/2023\/05\/08\/residencia-tem-principio-de-incendio-no-bairro-imigrantes-em-estrela\/","title":{"rendered":"Resid\u00eancia tem princ\u00edpio de inc\u00eandio no Bairro Imigrantes em Estrela"},"content":{"rendered":"\n<p>Na madrugada desta segunda-feira (8\/5), o Corpo de Bombeiros Militar de Estrela foi acionado para atendimento de ocorr\u00eancia de princ\u00edpio de inc\u00eandio. Chegando ao local, na Rua S\u00e3o Francisco de Assis, Bairro Imigrantes em Estrela, foi constatado que o fogo teve in\u00edcio na central da cerca el\u00e9trica.<\/p>\n\n\n\n<p>Ap\u00f3s avalia\u00e7\u00e3o, foi constatado que o pr\u00f3prio morador j\u00e1 havia controlado o inc\u00eandio, n\u00e3o sendo necess\u00e1rio a interven\u00e7\u00e3o da guarni\u00e7\u00e3o dos Bombeiros.<\/p>\n\n\n\n<p>A queima foi parcial, atingindo a central da cerca el\u00e9trica, o forro e a pintura da parede. Por solicita\u00e7\u00e3o dos propriet\u00e1rios, para a retirada dos ve\u00edculos foi necess\u00e1rio o corte da haste de suporte do port\u00e3o de entrada, devido \u00e0 eletricidade ter sido desligada e n\u00e3o estar abrindo manualmente. Os propriet\u00e1rios informaram que possuem seguro.<\/p>\n","protected":false},"excerpt":{"rendered":"<p>Na madrugada desta segunda-feira (8\/5), o Corpo de Bombeiros Militar de Estrela foi acionado para atendimento de ocorr\u00eancia de princ\u00edpio de inc\u00eandio. Chegando ao local, na Rua S\u00e3o Francisco de Assis, Bairro Imigrantes em Estrela, foi constatado que o fogo teve in\u00edcio na central da cerca el\u00e9trica. Ap\u00f3s avalia\u00e7\u00e3o, foi constatado que o pr\u00f3prio morador [&hellip;]<\/p>\n","protected":false},"author":646,"featured_media":127212,"comment_status":"open","ping_status":"open","sticky":false,"template":"","format":"standard","meta":{"pmpro_default_level":"","_jetpack_memberships_contains_paid_content":false,"footnotes":""},"categories":[10984,7],"tags":[3990,6166,8,775,3404],"class_list":{"0":"post-127211","1":"post","2":"type-post","3":"status-publish","4":"format-standard","5":"has-post-thumbnail","7":"category-bombeiros","8":"category-seguranca","9":"tag-bairro-imigrantes","10":"tag-bombeiros-militares","11":"tag-estrela","12":"tag-fogo","13":"tag-principio-de-incendio","14":"pmpro-has-access"},"yoast_head":"<!-- This site is optimized with the Yoast SEO plugin v27.5 - https:\/\/yoast.com\/product\/yoast-seo-wordpress\/ -->\n<title>Resid\u00eancia tem princ\u00edpio de inc\u00eandio no Bairro Imigrantes em Estrela - Folha Popular<\/title>\n<meta name=\"robots\" content=\"index, follow, max-snippet:-1, max-image-preview:large, max-video-preview:-1\" \/>\n<link rel=\"canonical\" href=\"https:\/\/folhapopular.info\/index.php\/2023\/05\/08\/residencia-tem-principio-de-incendio-no-bairro-imigrantes-em-estrela\/\" \/>\n<meta property=\"og:locale\" content=\"pt_BR\" \/>\n<meta property=\"og:type\" content=\"article\" \/>\n<meta property=\"og:title\" content=\"Resid\u00eancia tem princ\u00edpio de inc\u00eandio no Bairro Imigrantes em Estrela - Folha Popular\" \/>\n<meta property=\"og:description\" content=\"Na madrugada desta segunda-feira (8\/5), o Corpo de Bombeiros Militar de Estrela foi acionado para atendimento de ocorr\u00eancia de princ\u00edpio de inc\u00eandio. Chegando ao local, na Rua S\u00e3o Francisco de Assis, Bairro Imigrantes em Estrela, foi constatado que o fogo teve in\u00edcio na central da cerca el\u00e9trica. Ap\u00f3s avalia\u00e7\u00e3o, foi constatado que o pr\u00f3prio morador [&hellip;]\" \/>\n<meta property=\"og:url\" content=\"https:\/\/folhapopular.info\/index.php\/2023\/05\/08\/residencia-tem-principio-de-incendio-no-bairro-imigrantes-em-estrela\/\" \/>\n<meta property=\"og:site_name\" content=\"Folha Popular\" \/>\n<meta property=\"article:published_time\" content=\"2023-05-08T17:13:20+00:00\" \/>\n<meta property=\"article:modified_time\" content=\"2023-05-08T17:13:22+00:00\" \/>\n<meta property=\"og:image\" content=\"http:\/\/folhapopular.info\/wp-content\/uploads\/2023\/05\/WhatsApp-Image-2023-05-08-at-13.53.51.jpeg\" \/>\n\t<meta property=\"og:image:width\" content=\"675\" \/>\n\t<meta property=\"og:image:height\" content=\"569\" \/>\n\t<meta property=\"og:image:type\" content=\"image\/jpeg\" \/>\n<meta name=\"author\" content=\"J\u00falio C\u00e9sar Lenhard\" \/>\n<meta name=\"twitter:card\" content=\"summary_large_image\" \/>\n<meta name=\"twitter:label1\" content=\"Escrito por\" \/>\n\t<meta name=\"twitter:data1\" content=\"J\u00falio C\u00e9sar Lenhard\" \/>\n\t<meta name=\"twitter:label2\" content=\"Est. tempo de leitura\" \/>\n\t<meta name=\"twitter:data2\" content=\"1 minuto\" \/>\n<script type=\"application\/ld+json\" class=\"yoast-schema-graph\">{\"@context\":\"https:\\\/\\\/schema.org\",\"@graph\":[{\"@type\":\"Article\",\"@id\":\"https:\\\/\\\/folhapopular.info\\\/index.php\\\/2023\\\/05\\\/08\\\/residencia-tem-principio-de-incendio-no-bairro-imigrantes-em-estrela\\\/#article\",\"isPartOf\":{\"@id\":\"https:\\\/\\\/folhapopular.info\\\/index.php\\\/2023\\\/05\\\/08\\\/residencia-tem-principio-de-incendio-no-bairro-imigrantes-em-estrela\\\/\"},\"author\":{\"name\":\"J\u00falio C\u00e9sar Lenhard\",\"@id\":\"https:\\\/\\\/folhapopular.info\\\/#\\\/schema\\\/person\\\/2c678f1be6a810fa1aa8786f135b80d8\"},\"headline\":\"Resid\u00eancia tem princ\u00edpio de inc\u00eandio no Bairro Imigrantes em Estrela\",\"datePublished\":\"2023-05-08T17:13:20+00:00\",\"dateModified\":\"2023-05-08T17:13:22+00:00\",\"mainEntityOfPage\":{\"@id\":\"https:\\\/\\\/folhapopular.info\\\/index.php\\\/2023\\\/05\\\/08\\\/residencia-tem-principio-de-incendio-no-bairro-imigrantes-em-estrela\\\/\"},\"wordCount\":157,\"commentCount\":0,\"image\":{\"@id\":\"https:\\\/\\\/folhapopular.info\\\/index.php\\\/2023\\\/05\\\/08\\\/residencia-tem-principio-de-incendio-no-bairro-imigrantes-em-estrela\\\/#primaryimage\"},\"thumbnailUrl\":\"https:\\\/\\\/folhapopular.info\\\/wp-content\\\/uploads\\\/2023\\\/05\\\/WhatsApp-Image-2023-05-08-at-13.53.51.jpeg\",\"keywords\":[\"Bairro Imigrantes\",\"Bombeiros Militares\",\"Estrela\",\"fogo\",\"Princ\u00edpio de inc\u00eandio\"],\"articleSection\":[\"Bombeiros\",\"Seguran\u00e7a\"],\"inLanguage\":\"pt-BR\",\"potentialAction\":[{\"@type\":\"CommentAction\",\"name\":\"Comment\",\"target\":[\"https:\\\/\\\/folhapopular.info\\\/index.php\\\/2023\\\/05\\\/08\\\/residencia-tem-principio-de-incendio-no-bairro-imigrantes-em-estrela\\\/#respond\"]}]},{\"@type\":\"WebPage\",\"@id\":\"https:\\\/\\\/folhapopular.info\\\/index.php\\\/2023\\\/05\\\/08\\\/residencia-tem-principio-de-incendio-no-bairro-imigrantes-em-estrela\\\/\",\"url\":\"https:\\\/\\\/folhapopular.info\\\/index.php\\\/2023\\\/05\\\/08\\\/residencia-tem-principio-de-incendio-no-bairro-imigrantes-em-estrela\\\/\",\"name\":\"Resid\u00eancia tem princ\u00edpio de inc\u00eandio no Bairro Imigrantes em Estrela - Folha Popular\",\"isPartOf\":{\"@id\":\"https:\\\/\\\/folhapopular.info\\\/#website\"},\"primaryImageOfPage\":{\"@id\":\"https:\\\/\\\/folhapopular.info\\\/index.php\\\/2023\\\/05\\\/08\\\/residencia-tem-principio-de-incendio-no-bairro-imigrantes-em-estrela\\\/#primaryimage\"},\"image\":{\"@id\":\"https:\\\/\\\/folhapopular.info\\\/index.php\\\/2023\\\/05\\\/08\\\/residencia-tem-principio-de-incendio-no-bairro-imigrantes-em-estrela\\\/#primaryimage\"},\"thumbnailUrl\":\"https:\\\/\\\/folhapopular.info\\\/wp-content\\\/uploads\\\/2023\\\/05\\\/WhatsApp-Image-2023-05-08-at-13.53.51.jpeg\",\"datePublished\":\"2023-05-08T17:13:20+00:00\",\"dateModified\":\"2023-05-08T17:13:22+00:00\",\"author\":{\"@id\":\"https:\\\/\\\/folhapopular.info\\\/#\\\/schema\\\/person\\\/2c678f1be6a810fa1aa8786f135b80d8\"},\"breadcrumb\":{\"@id\":\"https:\\\/\\\/folhapopular.info\\\/index.php\\\/2023\\\/05\\\/08\\\/residencia-tem-principio-de-incendio-no-bairro-imigrantes-em-estrela\\\/#breadcrumb\"},\"inLanguage\":\"pt-BR\",\"potentialAction\":[{\"@type\":\"ReadAction\",\"target\":[\"https:\\\/\\\/folhapopular.info\\\/index.php\\\/2023\\\/05\\\/08\\\/residencia-tem-principio-de-incendio-no-bairro-imigrantes-em-estrela\\\/\"]}]},{\"@type\":\"ImageObject\",\"inLanguage\":\"pt-BR\",\"@id\":\"https:\\\/\\\/folhapopular.info\\\/index.php\\\/2023\\\/05\\\/08\\\/residencia-tem-principio-de-incendio-no-bairro-imigrantes-em-estrela\\\/#primaryimage\",\"url\":\"https:\\\/\\\/folhapopular.info\\\/wp-content\\\/uploads\\\/2023\\\/05\\\/WhatsApp-Image-2023-05-08-at-13.53.51.jpeg\",\"contentUrl\":\"https:\\\/\\\/folhapopular.info\\\/wp-content\\\/uploads\\\/2023\\\/05\\\/WhatsApp-Image-2023-05-08-at-13.53.51.jpeg\",\"width\":675,\"height\":569,\"caption\":\"Cr\u00e9ditos: Corpo de Bombeiros Militar de Estrela\"},{\"@type\":\"BreadcrumbList\",\"@id\":\"https:\\\/\\\/folhapopular.info\\\/index.php\\\/2023\\\/05\\\/08\\\/residencia-tem-principio-de-incendio-no-bairro-imigrantes-em-estrela\\\/#breadcrumb\",\"itemListElement\":[{\"@type\":\"ListItem\",\"position\":1,\"name\":\"In\u00edcio\",\"item\":\"https:\\\/\\\/folhapopular.info\\\/\"},{\"@type\":\"ListItem\",\"position\":2,\"name\":\"Resid\u00eancia tem princ\u00edpio de inc\u00eandio no Bairro Imigrantes em Estrela\"}]},{\"@type\":\"WebSite\",\"@id\":\"https:\\\/\\\/folhapopular.info\\\/#website\",\"url\":\"https:\\\/\\\/folhapopular.info\\\/\",\"name\":\"Folha Popular\",\"description\":\"Onde voc\u00ea tem vez e voz\",\"potentialAction\":[{\"@type\":\"SearchAction\",\"target\":{\"@type\":\"EntryPoint\",\"urlTemplate\":\"https:\\\/\\\/folhapopular.info\\\/?s={search_term_string}\"},\"query-input\":{\"@type\":\"PropertyValueSpecification\",\"valueRequired\":true,\"valueName\":\"search_term_string\"}}],\"inLanguage\":\"pt-BR\"},{\"@type\":\"Person\",\"@id\":\"https:\\\/\\\/folhapopular.info\\\/#\\\/schema\\\/person\\\/2c678f1be6a810fa1aa8786f135b80d8\",\"name\":\"J\u00falio C\u00e9sar Lenhard\",\"image\":{\"@type\":\"ImageObject\",\"inLanguage\":\"pt-BR\",\"@id\":\"https:\\\/\\\/secure.gravatar.com\\\/avatar\\\/5fc145ba28daff4b7a20678a28e78dc0d1082681a40346a925de39665b5d8cd6?s=96&d=mm&r=g\",\"url\":\"https:\\\/\\\/secure.gravatar.com\\\/avatar\\\/5fc145ba28daff4b7a20678a28e78dc0d1082681a40346a925de39665b5d8cd6?s=96&d=mm&r=g\",\"contentUrl\":\"https:\\\/\\\/secure.gravatar.com\\\/avatar\\\/5fc145ba28daff4b7a20678a28e78dc0d1082681a40346a925de39665b5d8cd6?s=96&d=mm&r=g\",\"caption\":\"J\u00falio C\u00e9sar Lenhard\"},\"url\":\"https:\\\/\\\/folhapopular.info\\\/index.php\\\/author\\\/julio_lenhardhotmail-com\\\/\"}]}<\/script>\n<!-- \/ Yoast SEO plugin. -->","yoast_head_json":{"title":"Resid\u00eancia tem princ\u00edpio de inc\u00eandio no Bairro Imigrantes em Estrela - Folha Popular","robots":{"index":"index","follow":"follow","max-snippet":"max-snippet:-1","max-image-preview":"max-image-preview:large","max-video-preview":"max-video-preview:-1"},"canonical":"https:\/\/folhapopular.info\/index.php\/2023\/05\/08\/residencia-tem-principio-de-incendio-no-bairro-imigrantes-em-estrela\/","og_locale":"pt_BR","og_type":"article","og_title":"Resid\u00eancia tem princ\u00edpio de inc\u00eandio no Bairro Imigrantes em Estrela - Folha Popular","og_description":"Na madrugada desta segunda-feira (8\/5), o Corpo de Bombeiros Militar de Estrela foi acionado para atendimento de ocorr\u00eancia de princ\u00edpio de inc\u00eandio. Chegando ao local, na Rua S\u00e3o Francisco de Assis, Bairro Imigrantes em Estrela, foi constatado que o fogo teve in\u00edcio na central da cerca el\u00e9trica. Ap\u00f3s avalia\u00e7\u00e3o, foi constatado que o pr\u00f3prio morador [&hellip;]","og_url":"https:\/\/folhapopular.info\/index.php\/2023\/05\/08\/residencia-tem-principio-de-incendio-no-bairro-imigrantes-em-estrela\/","og_site_name":"Folha Popular","article_published_time":"2023-05-08T17:13:20+00:00","article_modified_time":"2023-05-08T17:13:22+00:00","og_image":[{"width":675,"height":569,"url":"http:\/\/folhapopular.info\/wp-content\/uploads\/2023\/05\/WhatsApp-Image-2023-05-08-at-13.53.51.jpeg","type":"image\/jpeg"}],"author":"J\u00falio C\u00e9sar Lenhard","twitter_card":"summary_large_image","twitter_misc":{"Escrito por":"J\u00falio C\u00e9sar Lenhard","Est. tempo de leitura":"1 minuto"},"schema":{"@context":"https:\/\/schema.org","@graph":[{"@type":"Article","@id":"https:\/\/folhapopular.info\/index.php\/2023\/05\/08\/residencia-tem-principio-de-incendio-no-bairro-imigrantes-em-estrela\/#article","isPartOf":{"@id":"https:\/\/folhapopular.info\/index.php\/2023\/05\/08\/residencia-tem-principio-de-incendio-no-bairro-imigrantes-em-estrela\/"},"author":{"name":"J\u00falio C\u00e9sar Lenhard","@id":"https:\/\/folhapopular.info\/#\/schema\/person\/2c678f1be6a810fa1aa8786f135b80d8"},"headline":"Resid\u00eancia tem princ\u00edpio de inc\u00eandio no Bairro Imigrantes em Estrela","datePublished":"2023-05-08T17:13:20+00:00","dateModified":"2023-05-08T17:13:22+00:00","mainEntityOfPage":{"@id":"https:\/\/folhapopular.info\/index.php\/2023\/05\/08\/residencia-tem-principio-de-incendio-no-bairro-imigrantes-em-estrela\/"},"wordCount":157,"commentCount":0,"image":{"@id":"https:\/\/folhapopular.info\/index.php\/2023\/05\/08\/residencia-tem-principio-de-incendio-no-bairro-imigrantes-em-estrela\/#primaryimage"},"thumbnailUrl":"https:\/\/folhapopular.info\/wp-content\/uploads\/2023\/05\/WhatsApp-Image-2023-05-08-at-13.53.51.jpeg","keywords":["Bairro Imigrantes","Bombeiros Militares","Estrela","fogo","Princ\u00edpio de inc\u00eandio"],"articleSection":["Bombeiros","Seguran\u00e7a"],"inLanguage":"pt-BR","potentialAction":[{"@type":"CommentAction","name":"Comment","target":["https:\/\/folhapopular.info\/index.php\/2023\/05\/08\/residencia-tem-principio-de-incendio-no-bairro-imigrantes-em-estrela\/#respond"]}]},{"@type":"WebPage","@id":"https:\/\/folhapopular.info\/index.php\/2023\/05\/08\/residencia-tem-principio-de-incendio-no-bairro-imigrantes-em-estrela\/","url":"https:\/\/folhapopular.info\/index.php\/2023\/05\/08\/residencia-tem-principio-de-incendio-no-bairro-imigrantes-em-estrela\/","name":"Resid\u00eancia tem princ\u00edpio de inc\u00eandio no Bairro Imigrantes em Estrela - Folha Popular","isPartOf":{"@id":"https:\/\/folhapopular.info\/#website"},"primaryImageOfPage":{"@id":"https:\/\/folhapopular.info\/index.php\/2023\/05\/08\/residencia-tem-principio-de-incendio-no-bairro-imigrantes-em-estrela\/#primaryimage"},"image":{"@id":"https:\/\/folhapopular.info\/index.php\/2023\/05\/08\/residencia-tem-principio-de-incendio-no-bairro-imigrantes-em-estrela\/#primaryimage"},"thumbnailUrl":"https:\/\/folhapopular.info\/wp-content\/uploads\/2023\/05\/WhatsApp-Image-2023-05-08-at-13.53.51.jpeg","datePublished":"2023-05-08T17:13:20+00:00","dateModified":"2023-05-08T17:13:22+00:00","author":{"@id":"https:\/\/folhapopular.info\/#\/schema\/person\/2c678f1be6a810fa1aa8786f135b80d8"},"breadcrumb":{"@id":"https:\/\/folhapopular.info\/index.php\/2023\/05\/08\/residencia-tem-principio-de-incendio-no-bairro-imigrantes-em-estrela\/#breadcrumb"},"inLanguage":"pt-BR","potentialAction":[{"@type":"ReadAction","target":["https:\/\/folhapopular.info\/index.php\/2023\/05\/08\/residencia-tem-principio-de-incendio-no-bairro-imigrantes-em-estrela\/"]}]},{"@type":"ImageObject","inLanguage":"pt-BR","@id":"https:\/\/folhapopular.info\/index.php\/2023\/05\/08\/residencia-tem-principio-de-incendio-no-bairro-imigrantes-em-estrela\/#primaryimage","url":"https:\/\/folhapopular.info\/wp-content\/uploads\/2023\/05\/WhatsApp-Image-2023-05-08-at-13.53.51.jpeg","contentUrl":"https:\/\/folhapopular.info\/wp-content\/uploads\/2023\/05\/WhatsApp-Image-2023-05-08-at-13.53.51.jpeg","width":675,"height":569,"caption":"Cr\u00e9ditos: Corpo de Bombeiros Militar de Estrela"},{"@type":"BreadcrumbList","@id":"https:\/\/folhapopular.info\/index.php\/2023\/05\/08\/residencia-tem-principio-de-incendio-no-bairro-imigrantes-em-estrela\/#breadcrumb","itemListElement":[{"@type":"ListItem","position":1,"name":"In\u00edcio","item":"https:\/\/folhapopular.info\/"},{"@type":"ListItem","position":2,"name":"Resid\u00eancia tem princ\u00edpio de inc\u00eandio no Bairro Imigrantes em Estrela"}]},{"@type":"WebSite","@id":"https:\/\/folhapopular.info\/#website","url":"https:\/\/folhapopular.info\/","name":"Folha Popular","description":"Onde voc\u00ea tem vez e voz","potentialAction":[{"@type":"SearchAction","target":{"@type":"EntryPoint","urlTemplate":"https:\/\/folhapopular.info\/?s={search_term_string}"},"query-input":{"@type":"PropertyValueSpecification","valueRequired":true,"valueName":"search_term_string"}}],"inLanguage":"pt-BR"},{"@type":"Person","@id":"https:\/\/folhapopular.info\/#\/schema\/person\/2c678f1be6a810fa1aa8786f135b80d8","name":"J\u00falio C\u00e9sar Lenhard","image":{"@type":"ImageObject","inLanguage":"pt-BR","@id":"https:\/\/secure.gravatar.com\/avatar\/5fc145ba28daff4b7a20678a28e78dc0d1082681a40346a925de39665b5d8cd6?s=96&d=mm&r=g","url":"https:\/\/secure.gravatar.com\/avatar\/5fc145ba28daff4b7a20678a28e78dc0d1082681a40346a925de39665b5d8cd6?s=96&d=mm&r=g","contentUrl":"https:\/\/secure.gravatar.com\/avatar\/5fc145ba28daff4b7a20678a28e78dc0d1082681a40346a925de39665b5d8cd6?s=96&d=mm&r=g","caption":"J\u00falio C\u00e9sar Lenhard"},"url":"https:\/\/folhapopular.info\/index.php\/author\/julio_lenhardhotmail-com\/"}]}},"jetpack_featured_media_url":"https:\/\/folhapopular.info\/wp-content\/uploads\/2023\/05\/WhatsApp-Image-2023-05-08-at-13.53.51.jpeg","jetpack_sharing_enabled":true,"amp_enabled":true,"_links":{"self":[{"href":"https:\/\/folhapopular.info\/index.php\/wp-json\/wp\/v2\/posts\/127211","targetHints":{"allow":["GET"]}}],"collection":[{"href":"https:\/\/folhapopular.info\/index.php\/wp-json\/wp\/v2\/posts"}],"about":[{"href":"https:\/\/folhapopular.info\/index.php\/wp-json\/wp\/v2\/types\/post"}],"author":[{"embeddable":true,"href":"https:\/\/folhapopular.info\/index.php\/wp-json\/wp\/v2\/users\/646"}],"replies":[{"embeddable":true,"href":"https:\/\/folhapopular.info\/index.php\/wp-json\/wp\/v2\/comments?post=127211"}],"version-history":[{"count":0,"href":"https:\/\/folhapopular.info\/index.php\/wp-json\/wp\/v2\/posts\/127211\/revisions"}],"wp:featuredmedia":[{"embeddable":true,"href":"https:\/\/folhapopular.info\/index.php\/wp-json\/wp\/v2\/media\/127212"}],"wp:attachment":[{"href":"https:\/\/folhapopular.info\/index.php\/wp-json\/wp\/v2\/media?parent=127211"}],"wp:term":[{"taxonomy":"category","embeddable":true,"href":"https:\/\/folhapopular.info\/index.php\/wp-json\/wp\/v2\/categories?post=127211"},{"taxonomy":"post_tag","embeddable":true,"href":"https:\/\/folhapopular.info\/index.php\/wp-json\/wp\/v2\/tags?post=127211"}],"curies":[{"name":"wp","href":"https:\/\/api.w.org\/{rel}","templated":true}]}}