{"id":127364,"date":"2023-05-11T09:21:36","date_gmt":"2023-05-11T12:21:36","guid":{"rendered":"https:\/\/folhapopular.info\/?p=127364"},"modified":"2023-05-11T09:22:10","modified_gmt":"2023-05-11T12:22:10","slug":"emater-e-prefeitura-de-colinas-realizam-trabalho-de-protecao-as-nascentes","status":"publish","type":"post","link":"https:\/\/folhapopular.info\/index.php\/2023\/05\/11\/emater-e-prefeitura-de-colinas-realizam-trabalho-de-protecao-as-nascentes\/","title":{"rendered":"Emater e Prefeitura de Colinas realizam trabalho de prote\u00e7\u00e3o \u00e0s nascentes"},"content":{"rendered":"\n<p>A Emater\/Ascar-RS, junto com a Prefeitura de Colinas, est\u00e1 trabalhando para proteger as nascentes presentes nas propriedades rurais. O objetivo \u00e9 preservar as fontes de \u00e1gua utilizadas pelas fam\u00edlias em suas atividades produtivas e necessidades b\u00e1sicas, melhorando a qualidade da \u00e1gua dispon\u00edvel. <\/p>\n\n\n\n<p>O programa incentiva os propriet\u00e1rios a protegerem as nascentes em suas propriedades, oferecendo apoio t\u00e9cnico e operacional da Emater e incentivos em horas-m\u00e1quina da Prefeitura.<\/p>\n\n\n\n<p>O projeto busca promover o uso sustent\u00e1vel das nascentes, por meio da t\u00e9cnica correta de prote\u00e7\u00e3o e recupera\u00e7\u00e3o da mata ciliar, o que trar\u00e1 ganhos ambientais e econ\u00f4micos a curto, m\u00e9dio e longo prazo, al\u00e9m de contribuir para a economia de \u00e1gua de profundidade (de po\u00e7os artesianos). <\/p>\n\n\n\n<p>Propriet\u00e1rios interessados em realizar a prote\u00e7\u00e3o e conserva\u00e7\u00e3o das nascentes em suas propriedades devem entrar em contato com os t\u00e9cnicos da Emater e realizar o protocolo de solicita\u00e7\u00e3o de m\u00e1quina, se necess\u00e1rio.<\/p>\n\n\n\n<h2 class=\"wp-block-heading\"><strong>J\u00e1 realizados<\/strong><\/h2>\n\n\n\n<p>Na semana passada, quatro nascentes foram protegidas na propriedade do agricultor Egon Horst. Ele ressalta a import\u00e2ncia de conservar as fontes de \u00e1gua para garantir o acesso a um recurso indispens\u00e1vel em todas as atividades rurais.<\/p>\n\n\n\n<p>O secret\u00e1rio de Agricultura, Klaus Driemeyer, destaca a relev\u00e2ncia da iniciativa para conscientizar os produtores sobre a import\u00e2ncia da pr\u00e1tica de prote\u00e7\u00e3o de nascentes, especialmente em per\u00edodos de estiagem.<\/p>\n","protected":false},"excerpt":{"rendered":"<p>A Emater\/Ascar-RS, junto com a Prefeitura de Colinas, est\u00e1 trabalhando para proteger as nascentes presentes nas propriedades rurais. O objetivo \u00e9 preservar as fontes de \u00e1gua utilizadas pelas fam\u00edlias em suas atividades produtivas e necessidades b\u00e1sicas, melhorando a qualidade da \u00e1gua dispon\u00edvel. O programa incentiva os propriet\u00e1rios a protegerem as nascentes em suas propriedades, oferecendo [&hellip;]<\/p>\n","protected":false},"author":8,"featured_media":127367,"comment_status":"open","ping_status":"open","sticky":false,"template":"","format":"standard","meta":{"pmpro_default_level":"","_jetpack_memberships_contains_paid_content":false,"footnotes":""},"categories":[2,3,10994],"tags":[183,173,12156,11027],"class_list":{"0":"post-127364","1":"post","2":"type-post","3":"status-publish","4":"format-standard","5":"has-post-thumbnail","7":"category-featured","8":"category-geral","9":"category-rural","10":"tag-colinas","11":"tag-emater","12":"tag-nascentes","13":"tag-rural","14":"pmpro-has-access"},"yoast_head":"<!-- This site is optimized with the Yoast SEO plugin v27.5 - https:\/\/yoast.com\/product\/yoast-seo-wordpress\/ -->\n<title>Emater e Prefeitura de Colinas realizam trabalho de prote\u00e7\u00e3o \u00e0s nascentes - Folha Popular<\/title>\n<meta name=\"robots\" content=\"index, follow, max-snippet:-1, max-image-preview:large, max-video-preview:-1\" \/>\n<link rel=\"canonical\" href=\"https:\/\/folhapopular.info\/index.php\/2023\/05\/11\/emater-e-prefeitura-de-colinas-realizam-trabalho-de-protecao-as-nascentes\/\" \/>\n<meta property=\"og:locale\" content=\"pt_BR\" \/>\n<meta property=\"og:type\" content=\"article\" \/>\n<meta property=\"og:title\" content=\"Emater e Prefeitura de Colinas realizam trabalho de prote\u00e7\u00e3o \u00e0s nascentes - Folha Popular\" \/>\n<meta property=\"og:description\" content=\"A Emater\/Ascar-RS, junto com a Prefeitura de Colinas, est\u00e1 trabalhando para proteger as nascentes presentes nas propriedades rurais. O objetivo \u00e9 preservar as fontes de \u00e1gua utilizadas pelas fam\u00edlias em suas atividades produtivas e necessidades b\u00e1sicas, melhorando a qualidade da \u00e1gua dispon\u00edvel. O programa incentiva os propriet\u00e1rios a protegerem as nascentes em suas propriedades, oferecendo [&hellip;]\" \/>\n<meta property=\"og:url\" content=\"https:\/\/folhapopular.info\/index.php\/2023\/05\/11\/emater-e-prefeitura-de-colinas-realizam-trabalho-de-protecao-as-nascentes\/\" \/>\n<meta property=\"og:site_name\" content=\"Folha Popular\" \/>\n<meta property=\"article:published_time\" content=\"2023-05-11T12:21:36+00:00\" \/>\n<meta property=\"article:modified_time\" content=\"2023-05-11T12:22:10+00:00\" \/>\n<meta property=\"og:image\" content=\"http:\/\/folhapopular.info\/wp-content\/uploads\/2023\/05\/nascentes-colinas.png\" \/>\n\t<meta property=\"og:image:width\" content=\"770\" \/>\n\t<meta property=\"og:image:height\" content=\"628\" \/>\n\t<meta property=\"og:image:type\" content=\"image\/png\" \/>\n<meta name=\"author\" content=\"Reda\u00e7\u00e3o Folha Popular\" \/>\n<meta name=\"twitter:card\" content=\"summary_large_image\" \/>\n<meta name=\"twitter:label1\" content=\"Escrito por\" \/>\n\t<meta name=\"twitter:data1\" content=\"Reda\u00e7\u00e3o Folha Popular\" \/>\n\t<meta name=\"twitter:label2\" content=\"Est. tempo de leitura\" \/>\n\t<meta name=\"twitter:data2\" content=\"2 minutos\" \/>\n<script type=\"application\/ld+json\" class=\"yoast-schema-graph\">{\"@context\":\"https:\\\/\\\/schema.org\",\"@graph\":[{\"@type\":\"Article\",\"@id\":\"https:\\\/\\\/folhapopular.info\\\/index.php\\\/2023\\\/05\\\/11\\\/emater-e-prefeitura-de-colinas-realizam-trabalho-de-protecao-as-nascentes\\\/#article\",\"isPartOf\":{\"@id\":\"https:\\\/\\\/folhapopular.info\\\/index.php\\\/2023\\\/05\\\/11\\\/emater-e-prefeitura-de-colinas-realizam-trabalho-de-protecao-as-nascentes\\\/\"},\"author\":{\"name\":\"Reda\u00e7\u00e3o Folha Popular\",\"@id\":\"https:\\\/\\\/folhapopular.info\\\/#\\\/schema\\\/person\\\/2814e8a0df7643585a9ca38bc6eb9d4b\"},\"headline\":\"Emater e Prefeitura de Colinas realizam trabalho de prote\u00e7\u00e3o \u00e0s nascentes\",\"datePublished\":\"2023-05-11T12:21:36+00:00\",\"dateModified\":\"2023-05-11T12:22:10+00:00\",\"mainEntityOfPage\":{\"@id\":\"https:\\\/\\\/folhapopular.info\\\/index.php\\\/2023\\\/05\\\/11\\\/emater-e-prefeitura-de-colinas-realizam-trabalho-de-protecao-as-nascentes\\\/\"},\"wordCount\":254,\"commentCount\":0,\"image\":{\"@id\":\"https:\\\/\\\/folhapopular.info\\\/index.php\\\/2023\\\/05\\\/11\\\/emater-e-prefeitura-de-colinas-realizam-trabalho-de-protecao-as-nascentes\\\/#primaryimage\"},\"thumbnailUrl\":\"https:\\\/\\\/folhapopular.info\\\/wp-content\\\/uploads\\\/2023\\\/05\\\/nascentes-colinas.png\",\"keywords\":[\"Colinas\",\"Emater\",\"nascentes\",\"rural\"],\"articleSection\":[\"Destaques\",\"Geral\",\"Rural\"],\"inLanguage\":\"pt-BR\",\"potentialAction\":[{\"@type\":\"CommentAction\",\"name\":\"Comment\",\"target\":[\"https:\\\/\\\/folhapopular.info\\\/index.php\\\/2023\\\/05\\\/11\\\/emater-e-prefeitura-de-colinas-realizam-trabalho-de-protecao-as-nascentes\\\/#respond\"]}]},{\"@type\":\"WebPage\",\"@id\":\"https:\\\/\\\/folhapopular.info\\\/index.php\\\/2023\\\/05\\\/11\\\/emater-e-prefeitura-de-colinas-realizam-trabalho-de-protecao-as-nascentes\\\/\",\"url\":\"https:\\\/\\\/folhapopular.info\\\/index.php\\\/2023\\\/05\\\/11\\\/emater-e-prefeitura-de-colinas-realizam-trabalho-de-protecao-as-nascentes\\\/\",\"name\":\"Emater e Prefeitura de Colinas realizam trabalho de prote\u00e7\u00e3o \u00e0s nascentes - Folha Popular\",\"isPartOf\":{\"@id\":\"https:\\\/\\\/folhapopular.info\\\/#website\"},\"primaryImageOfPage\":{\"@id\":\"https:\\\/\\\/folhapopular.info\\\/index.php\\\/2023\\\/05\\\/11\\\/emater-e-prefeitura-de-colinas-realizam-trabalho-de-protecao-as-nascentes\\\/#primaryimage\"},\"image\":{\"@id\":\"https:\\\/\\\/folhapopular.info\\\/index.php\\\/2023\\\/05\\\/11\\\/emater-e-prefeitura-de-colinas-realizam-trabalho-de-protecao-as-nascentes\\\/#primaryimage\"},\"thumbnailUrl\":\"https:\\\/\\\/folhapopular.info\\\/wp-content\\\/uploads\\\/2023\\\/05\\\/nascentes-colinas.png\",\"datePublished\":\"2023-05-11T12:21:36+00:00\",\"dateModified\":\"2023-05-11T12:22:10+00:00\",\"author\":{\"@id\":\"https:\\\/\\\/folhapopular.info\\\/#\\\/schema\\\/person\\\/2814e8a0df7643585a9ca38bc6eb9d4b\"},\"breadcrumb\":{\"@id\":\"https:\\\/\\\/folhapopular.info\\\/index.php\\\/2023\\\/05\\\/11\\\/emater-e-prefeitura-de-colinas-realizam-trabalho-de-protecao-as-nascentes\\\/#breadcrumb\"},\"inLanguage\":\"pt-BR\",\"potentialAction\":[{\"@type\":\"ReadAction\",\"target\":[\"https:\\\/\\\/folhapopular.info\\\/index.php\\\/2023\\\/05\\\/11\\\/emater-e-prefeitura-de-colinas-realizam-trabalho-de-protecao-as-nascentes\\\/\"]}]},{\"@type\":\"ImageObject\",\"inLanguage\":\"pt-BR\",\"@id\":\"https:\\\/\\\/folhapopular.info\\\/index.php\\\/2023\\\/05\\\/11\\\/emater-e-prefeitura-de-colinas-realizam-trabalho-de-protecao-as-nascentes\\\/#primaryimage\",\"url\":\"https:\\\/\\\/folhapopular.info\\\/wp-content\\\/uploads\\\/2023\\\/05\\\/nascentes-colinas.png\",\"contentUrl\":\"https:\\\/\\\/folhapopular.info\\\/wp-content\\\/uploads\\\/2023\\\/05\\\/nascentes-colinas.png\",\"width\":770,\"height\":628,\"caption\":\"Cr\u00e9ditos: AI Prefeitura de Colinas\"},{\"@type\":\"BreadcrumbList\",\"@id\":\"https:\\\/\\\/folhapopular.info\\\/index.php\\\/2023\\\/05\\\/11\\\/emater-e-prefeitura-de-colinas-realizam-trabalho-de-protecao-as-nascentes\\\/#breadcrumb\",\"itemListElement\":[{\"@type\":\"ListItem\",\"position\":1,\"name\":\"In\u00edcio\",\"item\":\"https:\\\/\\\/folhapopular.info\\\/\"},{\"@type\":\"ListItem\",\"position\":2,\"name\":\"Emater e Prefeitura de Colinas realizam trabalho de prote\u00e7\u00e3o \u00e0s nascentes\"}]},{\"@type\":\"WebSite\",\"@id\":\"https:\\\/\\\/folhapopular.info\\\/#website\",\"url\":\"https:\\\/\\\/folhapopular.info\\\/\",\"name\":\"Folha Popular\",\"description\":\"Onde voc\u00ea tem vez e voz\",\"potentialAction\":[{\"@type\":\"SearchAction\",\"target\":{\"@type\":\"EntryPoint\",\"urlTemplate\":\"https:\\\/\\\/folhapopular.info\\\/?s={search_term_string}\"},\"query-input\":{\"@type\":\"PropertyValueSpecification\",\"valueRequired\":true,\"valueName\":\"search_term_string\"}}],\"inLanguage\":\"pt-BR\"},{\"@type\":\"Person\",\"@id\":\"https:\\\/\\\/folhapopular.info\\\/#\\\/schema\\\/person\\\/2814e8a0df7643585a9ca38bc6eb9d4b\",\"name\":\"Reda\u00e7\u00e3o Folha Popular\",\"image\":{\"@type\":\"ImageObject\",\"inLanguage\":\"pt-BR\",\"@id\":\"https:\\\/\\\/folhapopular.info\\\/wp-content\\\/uploads\\\/2026\\\/04\\\/Folha-1.webp\",\"url\":\"https:\\\/\\\/folhapopular.info\\\/wp-content\\\/uploads\\\/2026\\\/04\\\/Folha-1.webp\",\"contentUrl\":\"https:\\\/\\\/folhapopular.info\\\/wp-content\\\/uploads\\\/2026\\\/04\\\/Folha-1.webp\",\"caption\":\"Reda\u00e7\u00e3o Folha Popular\"},\"url\":\"https:\\\/\\\/folhapopular.info\\\/index.php\\\/author\\\/redacao\\\/\"}]}<\/script>\n<!-- \/ Yoast SEO plugin. -->","yoast_head_json":{"title":"Emater e Prefeitura de Colinas realizam trabalho de prote\u00e7\u00e3o \u00e0s nascentes - Folha Popular","robots":{"index":"index","follow":"follow","max-snippet":"max-snippet:-1","max-image-preview":"max-image-preview:large","max-video-preview":"max-video-preview:-1"},"canonical":"https:\/\/folhapopular.info\/index.php\/2023\/05\/11\/emater-e-prefeitura-de-colinas-realizam-trabalho-de-protecao-as-nascentes\/","og_locale":"pt_BR","og_type":"article","og_title":"Emater e Prefeitura de Colinas realizam trabalho de prote\u00e7\u00e3o \u00e0s nascentes - Folha Popular","og_description":"A Emater\/Ascar-RS, junto com a Prefeitura de Colinas, est\u00e1 trabalhando para proteger as nascentes presentes nas propriedades rurais. O objetivo \u00e9 preservar as fontes de \u00e1gua utilizadas pelas fam\u00edlias em suas atividades produtivas e necessidades b\u00e1sicas, melhorando a qualidade da \u00e1gua dispon\u00edvel. O programa incentiva os propriet\u00e1rios a protegerem as nascentes em suas propriedades, oferecendo [&hellip;]","og_url":"https:\/\/folhapopular.info\/index.php\/2023\/05\/11\/emater-e-prefeitura-de-colinas-realizam-trabalho-de-protecao-as-nascentes\/","og_site_name":"Folha Popular","article_published_time":"2023-05-11T12:21:36+00:00","article_modified_time":"2023-05-11T12:22:10+00:00","og_image":[{"width":770,"height":628,"url":"http:\/\/folhapopular.info\/wp-content\/uploads\/2023\/05\/nascentes-colinas.png","type":"image\/png"}],"author":"Reda\u00e7\u00e3o Folha Popular","twitter_card":"summary_large_image","twitter_misc":{"Escrito por":"Reda\u00e7\u00e3o Folha Popular","Est. tempo de leitura":"2 minutos"},"schema":{"@context":"https:\/\/schema.org","@graph":[{"@type":"Article","@id":"https:\/\/folhapopular.info\/index.php\/2023\/05\/11\/emater-e-prefeitura-de-colinas-realizam-trabalho-de-protecao-as-nascentes\/#article","isPartOf":{"@id":"https:\/\/folhapopular.info\/index.php\/2023\/05\/11\/emater-e-prefeitura-de-colinas-realizam-trabalho-de-protecao-as-nascentes\/"},"author":{"name":"Reda\u00e7\u00e3o Folha Popular","@id":"https:\/\/folhapopular.info\/#\/schema\/person\/2814e8a0df7643585a9ca38bc6eb9d4b"},"headline":"Emater e Prefeitura de Colinas realizam trabalho de prote\u00e7\u00e3o \u00e0s nascentes","datePublished":"2023-05-11T12:21:36+00:00","dateModified":"2023-05-11T12:22:10+00:00","mainEntityOfPage":{"@id":"https:\/\/folhapopular.info\/index.php\/2023\/05\/11\/emater-e-prefeitura-de-colinas-realizam-trabalho-de-protecao-as-nascentes\/"},"wordCount":254,"commentCount":0,"image":{"@id":"https:\/\/folhapopular.info\/index.php\/2023\/05\/11\/emater-e-prefeitura-de-colinas-realizam-trabalho-de-protecao-as-nascentes\/#primaryimage"},"thumbnailUrl":"https:\/\/folhapopular.info\/wp-content\/uploads\/2023\/05\/nascentes-colinas.png","keywords":["Colinas","Emater","nascentes","rural"],"articleSection":["Destaques","Geral","Rural"],"inLanguage":"pt-BR","potentialAction":[{"@type":"CommentAction","name":"Comment","target":["https:\/\/folhapopular.info\/index.php\/2023\/05\/11\/emater-e-prefeitura-de-colinas-realizam-trabalho-de-protecao-as-nascentes\/#respond"]}]},{"@type":"WebPage","@id":"https:\/\/folhapopular.info\/index.php\/2023\/05\/11\/emater-e-prefeitura-de-colinas-realizam-trabalho-de-protecao-as-nascentes\/","url":"https:\/\/folhapopular.info\/index.php\/2023\/05\/11\/emater-e-prefeitura-de-colinas-realizam-trabalho-de-protecao-as-nascentes\/","name":"Emater e Prefeitura de Colinas realizam trabalho de prote\u00e7\u00e3o \u00e0s nascentes - Folha Popular","isPartOf":{"@id":"https:\/\/folhapopular.info\/#website"},"primaryImageOfPage":{"@id":"https:\/\/folhapopular.info\/index.php\/2023\/05\/11\/emater-e-prefeitura-de-colinas-realizam-trabalho-de-protecao-as-nascentes\/#primaryimage"},"image":{"@id":"https:\/\/folhapopular.info\/index.php\/2023\/05\/11\/emater-e-prefeitura-de-colinas-realizam-trabalho-de-protecao-as-nascentes\/#primaryimage"},"thumbnailUrl":"https:\/\/folhapopular.info\/wp-content\/uploads\/2023\/05\/nascentes-colinas.png","datePublished":"2023-05-11T12:21:36+00:00","dateModified":"2023-05-11T12:22:10+00:00","author":{"@id":"https:\/\/folhapopular.info\/#\/schema\/person\/2814e8a0df7643585a9ca38bc6eb9d4b"},"breadcrumb":{"@id":"https:\/\/folhapopular.info\/index.php\/2023\/05\/11\/emater-e-prefeitura-de-colinas-realizam-trabalho-de-protecao-as-nascentes\/#breadcrumb"},"inLanguage":"pt-BR","potentialAction":[{"@type":"ReadAction","target":["https:\/\/folhapopular.info\/index.php\/2023\/05\/11\/emater-e-prefeitura-de-colinas-realizam-trabalho-de-protecao-as-nascentes\/"]}]},{"@type":"ImageObject","inLanguage":"pt-BR","@id":"https:\/\/folhapopular.info\/index.php\/2023\/05\/11\/emater-e-prefeitura-de-colinas-realizam-trabalho-de-protecao-as-nascentes\/#primaryimage","url":"https:\/\/folhapopular.info\/wp-content\/uploads\/2023\/05\/nascentes-colinas.png","contentUrl":"https:\/\/folhapopular.info\/wp-content\/uploads\/2023\/05\/nascentes-colinas.png","width":770,"height":628,"caption":"Cr\u00e9ditos: AI Prefeitura de Colinas"},{"@type":"BreadcrumbList","@id":"https:\/\/folhapopular.info\/index.php\/2023\/05\/11\/emater-e-prefeitura-de-colinas-realizam-trabalho-de-protecao-as-nascentes\/#breadcrumb","itemListElement":[{"@type":"ListItem","position":1,"name":"In\u00edcio","item":"https:\/\/folhapopular.info\/"},{"@type":"ListItem","position":2,"name":"Emater e Prefeitura de Colinas realizam trabalho de prote\u00e7\u00e3o \u00e0s nascentes"}]},{"@type":"WebSite","@id":"https:\/\/folhapopular.info\/#website","url":"https:\/\/folhapopular.info\/","name":"Folha Popular","description":"Onde voc\u00ea tem vez e voz","potentialAction":[{"@type":"SearchAction","target":{"@type":"EntryPoint","urlTemplate":"https:\/\/folhapopular.info\/?s={search_term_string}"},"query-input":{"@type":"PropertyValueSpecification","valueRequired":true,"valueName":"search_term_string"}}],"inLanguage":"pt-BR"},{"@type":"Person","@id":"https:\/\/folhapopular.info\/#\/schema\/person\/2814e8a0df7643585a9ca38bc6eb9d4b","name":"Reda\u00e7\u00e3o Folha Popular","image":{"@type":"ImageObject","inLanguage":"pt-BR","@id":"https:\/\/folhapopular.info\/wp-content\/uploads\/2026\/04\/Folha-1.webp","url":"https:\/\/folhapopular.info\/wp-content\/uploads\/2026\/04\/Folha-1.webp","contentUrl":"https:\/\/folhapopular.info\/wp-content\/uploads\/2026\/04\/Folha-1.webp","caption":"Reda\u00e7\u00e3o Folha Popular"},"url":"https:\/\/folhapopular.info\/index.php\/author\/redacao\/"}]}},"jetpack_featured_media_url":"https:\/\/folhapopular.info\/wp-content\/uploads\/2023\/05\/nascentes-colinas.png","jetpack_sharing_enabled":true,"amp_enabled":true,"_links":{"self":[{"href":"https:\/\/folhapopular.info\/index.php\/wp-json\/wp\/v2\/posts\/127364","targetHints":{"allow":["GET"]}}],"collection":[{"href":"https:\/\/folhapopular.info\/index.php\/wp-json\/wp\/v2\/posts"}],"about":[{"href":"https:\/\/folhapopular.info\/index.php\/wp-json\/wp\/v2\/types\/post"}],"author":[{"embeddable":true,"href":"https:\/\/folhapopular.info\/index.php\/wp-json\/wp\/v2\/users\/8"}],"replies":[{"embeddable":true,"href":"https:\/\/folhapopular.info\/index.php\/wp-json\/wp\/v2\/comments?post=127364"}],"version-history":[{"count":0,"href":"https:\/\/folhapopular.info\/index.php\/wp-json\/wp\/v2\/posts\/127364\/revisions"}],"wp:featuredmedia":[{"embeddable":true,"href":"https:\/\/folhapopular.info\/index.php\/wp-json\/wp\/v2\/media\/127367"}],"wp:attachment":[{"href":"https:\/\/folhapopular.info\/index.php\/wp-json\/wp\/v2\/media?parent=127364"}],"wp:term":[{"taxonomy":"category","embeddable":true,"href":"https:\/\/folhapopular.info\/index.php\/wp-json\/wp\/v2\/categories?post=127364"},{"taxonomy":"post_tag","embeddable":true,"href":"https:\/\/folhapopular.info\/index.php\/wp-json\/wp\/v2\/tags?post=127364"}],"curies":[{"name":"wp","href":"https:\/\/api.w.org\/{rel}","templated":true}]}}