{"id":127388,"date":"2023-05-11T15:14:00","date_gmt":"2023-05-11T18:14:00","guid":{"rendered":"https:\/\/folhapopular.info\/?p=127388"},"modified":"2023-05-11T15:14:03","modified_gmt":"2023-05-11T18:14:03","slug":"atleta-formada-na-base-da-avates-e-convocada-para-selecao-brasileira-de-voleibol","status":"publish","type":"post","link":"https:\/\/folhapopular.info\/index.php\/2023\/05\/11\/atleta-formada-na-base-da-avates-e-convocada-para-selecao-brasileira-de-voleibol\/","title":{"rendered":"Atleta formada na base da Avates \u00e9 convocada para Sele\u00e7\u00e3o Brasileira de Voleibol"},"content":{"rendered":"\n<p>A Associa\u00e7\u00e3o Vale do Taquari de Esportes (Avates) teve uma atleta convocada para a Sele\u00e7\u00e3o Brasileira de Voleibol Sub-21. A lista foi divulgada no fim do m\u00eas de abril pela Confedera\u00e7\u00e3o Brasileira de Voleibol (CBV). O elenco representar\u00e1 o pa\u00eds no Campeonato Mundial, que ocorrer\u00e1 de 17 a 26 de agosto, no M\u00e9xico.<\/p>\n\n\n\n<p>Dentre as atletas convocadas est\u00e1 Dara Fernanda Hendges, formada na base da Avates e atualmente joga pela equipe do S\u00e3o Caetano, de S\u00e3o Paulo. Quando terminou a base na Avates em 2021, Dara foi indicada para a equipe paulista para a categoria Juvenil, conquistando logo um espa\u00e7o tamb\u00e9m no adulto que disputou a Superliga &#8220;A&#8221; desta temporada (2022\/2023). A jovem firmou-se na equipe titular e apresentou um \u00f3timo desempenho durante a temporada, o que rendeu a convoca\u00e7\u00e3o do t\u00e9cnico Wag\u00e3o para os treinamentos da Sele\u00e7\u00e3o Brasileira.<\/p>\n\n\n\n<p>\u201cFiquei muito feliz, pois quando vi que meu nome estava na lista, percebi o quanto o nosso esfor\u00e7o vale a pena a cada dia. Vou dar meu m\u00e1ximo para passar pelas avalia\u00e7\u00f5es e disputar o Mundial, representando o pa\u00eds. Acho que todo o atleta j\u00e1 pensou em desistir, e alguns at\u00e9 desistem, mas gra\u00e7as a Deus e a minha fam\u00edlia, sempre dei meu m\u00e1ximo e luto at\u00e9 hoje para conseguir grandes conquistas\u201d, destaca a atleta.<\/p>\n\n\n\n<p>Dara \u00e9 a segunda atleta da Avates, somente neste ano, que \u00e9 convocada para as sele\u00e7\u00f5es nacionais de base. Juliana Leke j\u00e1 havia sido convocada para a Sele\u00e7\u00e3o Brasileira Sub-19.<\/p>\n\n\n\n<p>Para o presidente da Avates, Rodrigo Rother, \u201c\u00e9 um orgulho ver gurias que come\u00e7aram novinhas vestindo a camisa da Sele\u00e7\u00e3o Brasileira. Orgulho delas e de nossa equipe t\u00e9cnica que trabalha incansavelmente, de forma dedicada e qualificada para proporcionar a elas a melhor forma\u00e7\u00e3o esportiva poss\u00edvel. Agradecer aos nossos apoiadores, porque s\u00e3o os que acreditam de verdade no potencial do esporte\u201d.<\/p>\n\n\n\n<p>O trabalho de forma\u00e7\u00e3o de atletas da Avates conta com o apoio do Governo de Estrela, Benoit, Univates, Sicredi, Loja Prosport, Brasrede e Col\u00e9gio Martin Luther.<\/p>\n","protected":false},"excerpt":{"rendered":"<p>A Associa\u00e7\u00e3o Vale do Taquari de Esportes (Avates) teve uma atleta convocada para a Sele\u00e7\u00e3o Brasileira de Voleibol Sub-21. A lista foi divulgada no fim do m\u00eas de abril pela Confedera\u00e7\u00e3o Brasileira de Voleibol (CBV). O elenco representar\u00e1 o pa\u00eds no Campeonato Mundial, que ocorrer\u00e1 de 17 a 26 de agosto, no M\u00e9xico. Dentre as [&hellip;]<\/p>\n","protected":false},"author":8,"featured_media":127389,"comment_status":"open","ping_status":"open","sticky":false,"template":"","format":"standard","meta":{"pmpro_default_level":"","_jetpack_memberships_contains_paid_content":false,"footnotes":""},"categories":[5],"tags":[7364,2144,8368,137,2897,1653],"class_list":{"0":"post-127388","1":"post","2":"type-post","3":"status-publish","4":"format-standard","5":"has-post-thumbnail","7":"category-esportes","8":"tag-atleta","9":"tag-avates","10":"tag-base","11":"tag-esporte","12":"tag-selecao-brasileira","13":"tag-voleibol","14":"pmpro-has-access"},"yoast_head":"<!-- This site is optimized with the Yoast SEO plugin v27.5 - https:\/\/yoast.com\/product\/yoast-seo-wordpress\/ -->\n<title>Atleta formada na base da Avates \u00e9 convocada para Sele\u00e7\u00e3o Brasileira de Voleibol - Folha Popular<\/title>\n<meta name=\"robots\" content=\"index, follow, max-snippet:-1, max-image-preview:large, max-video-preview:-1\" \/>\n<link rel=\"canonical\" href=\"https:\/\/folhapopular.info\/index.php\/2023\/05\/11\/atleta-formada-na-base-da-avates-e-convocada-para-selecao-brasileira-de-voleibol\/\" \/>\n<meta property=\"og:locale\" content=\"pt_BR\" \/>\n<meta property=\"og:type\" content=\"article\" \/>\n<meta property=\"og:title\" content=\"Atleta formada na base da Avates \u00e9 convocada para Sele\u00e7\u00e3o Brasileira de Voleibol - Folha Popular\" \/>\n<meta property=\"og:description\" content=\"A Associa\u00e7\u00e3o Vale do Taquari de Esportes (Avates) teve uma atleta convocada para a Sele\u00e7\u00e3o Brasileira de Voleibol Sub-21. A lista foi divulgada no fim do m\u00eas de abril pela Confedera\u00e7\u00e3o Brasileira de Voleibol (CBV). O elenco representar\u00e1 o pa\u00eds no Campeonato Mundial, que ocorrer\u00e1 de 17 a 26 de agosto, no M\u00e9xico. Dentre as [&hellip;]\" \/>\n<meta property=\"og:url\" content=\"https:\/\/folhapopular.info\/index.php\/2023\/05\/11\/atleta-formada-na-base-da-avates-e-convocada-para-selecao-brasileira-de-voleibol\/\" \/>\n<meta property=\"og:site_name\" content=\"Folha Popular\" \/>\n<meta property=\"article:published_time\" content=\"2023-05-11T18:14:00+00:00\" \/>\n<meta property=\"article:modified_time\" content=\"2023-05-11T18:14:03+00:00\" \/>\n<meta property=\"og:image\" content=\"http:\/\/folhapopular.info\/wp-content\/uploads\/2023\/05\/WhatsApp-Image-2023-04-27-at-16.27.45-e1683828802205.jpeg\" \/>\n\t<meta property=\"og:image:width\" content=\"1200\" \/>\n\t<meta property=\"og:image:height\" content=\"1130\" \/>\n\t<meta property=\"og:image:type\" content=\"image\/jpeg\" \/>\n<meta name=\"author\" content=\"Reda\u00e7\u00e3o Folha Popular\" \/>\n<meta name=\"twitter:card\" content=\"summary_large_image\" \/>\n<meta name=\"twitter:label1\" content=\"Escrito por\" \/>\n\t<meta name=\"twitter:data1\" content=\"Reda\u00e7\u00e3o Folha Popular\" \/>\n\t<meta name=\"twitter:label2\" content=\"Est. tempo de leitura\" \/>\n\t<meta name=\"twitter:data2\" content=\"2 minutos\" \/>\n<script type=\"application\/ld+json\" class=\"yoast-schema-graph\">{\"@context\":\"https:\\\/\\\/schema.org\",\"@graph\":[{\"@type\":\"Article\",\"@id\":\"https:\\\/\\\/folhapopular.info\\\/index.php\\\/2023\\\/05\\\/11\\\/atleta-formada-na-base-da-avates-e-convocada-para-selecao-brasileira-de-voleibol\\\/#article\",\"isPartOf\":{\"@id\":\"https:\\\/\\\/folhapopular.info\\\/index.php\\\/2023\\\/05\\\/11\\\/atleta-formada-na-base-da-avates-e-convocada-para-selecao-brasileira-de-voleibol\\\/\"},\"author\":{\"name\":\"Reda\u00e7\u00e3o Folha Popular\",\"@id\":\"https:\\\/\\\/folhapopular.info\\\/#\\\/schema\\\/person\\\/2814e8a0df7643585a9ca38bc6eb9d4b\"},\"headline\":\"Atleta formada na base da Avates \u00e9 convocada para Sele\u00e7\u00e3o Brasileira de Voleibol\",\"datePublished\":\"2023-05-11T18:14:00+00:00\",\"dateModified\":\"2023-05-11T18:14:03+00:00\",\"mainEntityOfPage\":{\"@id\":\"https:\\\/\\\/folhapopular.info\\\/index.php\\\/2023\\\/05\\\/11\\\/atleta-formada-na-base-da-avates-e-convocada-para-selecao-brasileira-de-voleibol\\\/\"},\"wordCount\":367,\"commentCount\":0,\"image\":{\"@id\":\"https:\\\/\\\/folhapopular.info\\\/index.php\\\/2023\\\/05\\\/11\\\/atleta-formada-na-base-da-avates-e-convocada-para-selecao-brasileira-de-voleibol\\\/#primaryimage\"},\"thumbnailUrl\":\"https:\\\/\\\/folhapopular.info\\\/wp-content\\\/uploads\\\/2023\\\/05\\\/WhatsApp-Image-2023-04-27-at-16.27.45-e1683828802205.jpeg\",\"keywords\":[\"Atleta\",\"Avates\",\"Base\",\"Esporte\",\"Sele\u00e7\u00e3o Brasileira\",\"Voleibol\"],\"articleSection\":[\"Esportes\"],\"inLanguage\":\"pt-BR\",\"potentialAction\":[{\"@type\":\"CommentAction\",\"name\":\"Comment\",\"target\":[\"https:\\\/\\\/folhapopular.info\\\/index.php\\\/2023\\\/05\\\/11\\\/atleta-formada-na-base-da-avates-e-convocada-para-selecao-brasileira-de-voleibol\\\/#respond\"]}]},{\"@type\":\"WebPage\",\"@id\":\"https:\\\/\\\/folhapopular.info\\\/index.php\\\/2023\\\/05\\\/11\\\/atleta-formada-na-base-da-avates-e-convocada-para-selecao-brasileira-de-voleibol\\\/\",\"url\":\"https:\\\/\\\/folhapopular.info\\\/index.php\\\/2023\\\/05\\\/11\\\/atleta-formada-na-base-da-avates-e-convocada-para-selecao-brasileira-de-voleibol\\\/\",\"name\":\"Atleta formada na base da Avates \u00e9 convocada para Sele\u00e7\u00e3o Brasileira de Voleibol - Folha Popular\",\"isPartOf\":{\"@id\":\"https:\\\/\\\/folhapopular.info\\\/#website\"},\"primaryImageOfPage\":{\"@id\":\"https:\\\/\\\/folhapopular.info\\\/index.php\\\/2023\\\/05\\\/11\\\/atleta-formada-na-base-da-avates-e-convocada-para-selecao-brasileira-de-voleibol\\\/#primaryimage\"},\"image\":{\"@id\":\"https:\\\/\\\/folhapopular.info\\\/index.php\\\/2023\\\/05\\\/11\\\/atleta-formada-na-base-da-avates-e-convocada-para-selecao-brasileira-de-voleibol\\\/#primaryimage\"},\"thumbnailUrl\":\"https:\\\/\\\/folhapopular.info\\\/wp-content\\\/uploads\\\/2023\\\/05\\\/WhatsApp-Image-2023-04-27-at-16.27.45-e1683828802205.jpeg\",\"datePublished\":\"2023-05-11T18:14:00+00:00\",\"dateModified\":\"2023-05-11T18:14:03+00:00\",\"author\":{\"@id\":\"https:\\\/\\\/folhapopular.info\\\/#\\\/schema\\\/person\\\/2814e8a0df7643585a9ca38bc6eb9d4b\"},\"breadcrumb\":{\"@id\":\"https:\\\/\\\/folhapopular.info\\\/index.php\\\/2023\\\/05\\\/11\\\/atleta-formada-na-base-da-avates-e-convocada-para-selecao-brasileira-de-voleibol\\\/#breadcrumb\"},\"inLanguage\":\"pt-BR\",\"potentialAction\":[{\"@type\":\"ReadAction\",\"target\":[\"https:\\\/\\\/folhapopular.info\\\/index.php\\\/2023\\\/05\\\/11\\\/atleta-formada-na-base-da-avates-e-convocada-para-selecao-brasileira-de-voleibol\\\/\"]}]},{\"@type\":\"ImageObject\",\"inLanguage\":\"pt-BR\",\"@id\":\"https:\\\/\\\/folhapopular.info\\\/index.php\\\/2023\\\/05\\\/11\\\/atleta-formada-na-base-da-avates-e-convocada-para-selecao-brasileira-de-voleibol\\\/#primaryimage\",\"url\":\"https:\\\/\\\/folhapopular.info\\\/wp-content\\\/uploads\\\/2023\\\/05\\\/WhatsApp-Image-2023-04-27-at-16.27.45-e1683828802205.jpeg\",\"contentUrl\":\"https:\\\/\\\/folhapopular.info\\\/wp-content\\\/uploads\\\/2023\\\/05\\\/WhatsApp-Image-2023-04-27-at-16.27.45-e1683828802205.jpeg\",\"width\":1200,\"height\":1130,\"caption\":\"Atualmente, Dara joga pela equipe do S\u00e3o Caetano, de S\u00e3o Paulo \\\/ Cr\u00e9dito: Arquivo pessoal\"},{\"@type\":\"BreadcrumbList\",\"@id\":\"https:\\\/\\\/folhapopular.info\\\/index.php\\\/2023\\\/05\\\/11\\\/atleta-formada-na-base-da-avates-e-convocada-para-selecao-brasileira-de-voleibol\\\/#breadcrumb\",\"itemListElement\":[{\"@type\":\"ListItem\",\"position\":1,\"name\":\"In\u00edcio\",\"item\":\"https:\\\/\\\/folhapopular.info\\\/\"},{\"@type\":\"ListItem\",\"position\":2,\"name\":\"Atleta formada na base da Avates \u00e9 convocada para Sele\u00e7\u00e3o Brasileira de Voleibol\"}]},{\"@type\":\"WebSite\",\"@id\":\"https:\\\/\\\/folhapopular.info\\\/#website\",\"url\":\"https:\\\/\\\/folhapopular.info\\\/\",\"name\":\"Folha Popular\",\"description\":\"Onde voc\u00ea tem vez e voz\",\"potentialAction\":[{\"@type\":\"SearchAction\",\"target\":{\"@type\":\"EntryPoint\",\"urlTemplate\":\"https:\\\/\\\/folhapopular.info\\\/?s={search_term_string}\"},\"query-input\":{\"@type\":\"PropertyValueSpecification\",\"valueRequired\":true,\"valueName\":\"search_term_string\"}}],\"inLanguage\":\"pt-BR\"},{\"@type\":\"Person\",\"@id\":\"https:\\\/\\\/folhapopular.info\\\/#\\\/schema\\\/person\\\/2814e8a0df7643585a9ca38bc6eb9d4b\",\"name\":\"Reda\u00e7\u00e3o Folha Popular\",\"image\":{\"@type\":\"ImageObject\",\"inLanguage\":\"pt-BR\",\"@id\":\"https:\\\/\\\/folhapopular.info\\\/wp-content\\\/uploads\\\/2026\\\/04\\\/Folha-1.webp\",\"url\":\"https:\\\/\\\/folhapopular.info\\\/wp-content\\\/uploads\\\/2026\\\/04\\\/Folha-1.webp\",\"contentUrl\":\"https:\\\/\\\/folhapopular.info\\\/wp-content\\\/uploads\\\/2026\\\/04\\\/Folha-1.webp\",\"caption\":\"Reda\u00e7\u00e3o Folha Popular\"},\"url\":\"https:\\\/\\\/folhapopular.info\\\/index.php\\\/author\\\/redacao\\\/\"}]}<\/script>\n<!-- \/ Yoast SEO plugin. -->","yoast_head_json":{"title":"Atleta formada na base da Avates \u00e9 convocada para Sele\u00e7\u00e3o Brasileira de Voleibol - Folha Popular","robots":{"index":"index","follow":"follow","max-snippet":"max-snippet:-1","max-image-preview":"max-image-preview:large","max-video-preview":"max-video-preview:-1"},"canonical":"https:\/\/folhapopular.info\/index.php\/2023\/05\/11\/atleta-formada-na-base-da-avates-e-convocada-para-selecao-brasileira-de-voleibol\/","og_locale":"pt_BR","og_type":"article","og_title":"Atleta formada na base da Avates \u00e9 convocada para Sele\u00e7\u00e3o Brasileira de Voleibol - Folha Popular","og_description":"A Associa\u00e7\u00e3o Vale do Taquari de Esportes (Avates) teve uma atleta convocada para a Sele\u00e7\u00e3o Brasileira de Voleibol Sub-21. A lista foi divulgada no fim do m\u00eas de abril pela Confedera\u00e7\u00e3o Brasileira de Voleibol (CBV). O elenco representar\u00e1 o pa\u00eds no Campeonato Mundial, que ocorrer\u00e1 de 17 a 26 de agosto, no M\u00e9xico. Dentre as [&hellip;]","og_url":"https:\/\/folhapopular.info\/index.php\/2023\/05\/11\/atleta-formada-na-base-da-avates-e-convocada-para-selecao-brasileira-de-voleibol\/","og_site_name":"Folha Popular","article_published_time":"2023-05-11T18:14:00+00:00","article_modified_time":"2023-05-11T18:14:03+00:00","og_image":[{"width":1200,"height":1130,"url":"http:\/\/folhapopular.info\/wp-content\/uploads\/2023\/05\/WhatsApp-Image-2023-04-27-at-16.27.45-e1683828802205.jpeg","type":"image\/jpeg"}],"author":"Reda\u00e7\u00e3o Folha Popular","twitter_card":"summary_large_image","twitter_misc":{"Escrito por":"Reda\u00e7\u00e3o Folha Popular","Est. tempo de leitura":"2 minutos"},"schema":{"@context":"https:\/\/schema.org","@graph":[{"@type":"Article","@id":"https:\/\/folhapopular.info\/index.php\/2023\/05\/11\/atleta-formada-na-base-da-avates-e-convocada-para-selecao-brasileira-de-voleibol\/#article","isPartOf":{"@id":"https:\/\/folhapopular.info\/index.php\/2023\/05\/11\/atleta-formada-na-base-da-avates-e-convocada-para-selecao-brasileira-de-voleibol\/"},"author":{"name":"Reda\u00e7\u00e3o Folha Popular","@id":"https:\/\/folhapopular.info\/#\/schema\/person\/2814e8a0df7643585a9ca38bc6eb9d4b"},"headline":"Atleta formada na base da Avates \u00e9 convocada para Sele\u00e7\u00e3o Brasileira de Voleibol","datePublished":"2023-05-11T18:14:00+00:00","dateModified":"2023-05-11T18:14:03+00:00","mainEntityOfPage":{"@id":"https:\/\/folhapopular.info\/index.php\/2023\/05\/11\/atleta-formada-na-base-da-avates-e-convocada-para-selecao-brasileira-de-voleibol\/"},"wordCount":367,"commentCount":0,"image":{"@id":"https:\/\/folhapopular.info\/index.php\/2023\/05\/11\/atleta-formada-na-base-da-avates-e-convocada-para-selecao-brasileira-de-voleibol\/#primaryimage"},"thumbnailUrl":"https:\/\/folhapopular.info\/wp-content\/uploads\/2023\/05\/WhatsApp-Image-2023-04-27-at-16.27.45-e1683828802205.jpeg","keywords":["Atleta","Avates","Base","Esporte","Sele\u00e7\u00e3o Brasileira","Voleibol"],"articleSection":["Esportes"],"inLanguage":"pt-BR","potentialAction":[{"@type":"CommentAction","name":"Comment","target":["https:\/\/folhapopular.info\/index.php\/2023\/05\/11\/atleta-formada-na-base-da-avates-e-convocada-para-selecao-brasileira-de-voleibol\/#respond"]}]},{"@type":"WebPage","@id":"https:\/\/folhapopular.info\/index.php\/2023\/05\/11\/atleta-formada-na-base-da-avates-e-convocada-para-selecao-brasileira-de-voleibol\/","url":"https:\/\/folhapopular.info\/index.php\/2023\/05\/11\/atleta-formada-na-base-da-avates-e-convocada-para-selecao-brasileira-de-voleibol\/","name":"Atleta formada na base da Avates \u00e9 convocada para Sele\u00e7\u00e3o Brasileira de Voleibol - Folha Popular","isPartOf":{"@id":"https:\/\/folhapopular.info\/#website"},"primaryImageOfPage":{"@id":"https:\/\/folhapopular.info\/index.php\/2023\/05\/11\/atleta-formada-na-base-da-avates-e-convocada-para-selecao-brasileira-de-voleibol\/#primaryimage"},"image":{"@id":"https:\/\/folhapopular.info\/index.php\/2023\/05\/11\/atleta-formada-na-base-da-avates-e-convocada-para-selecao-brasileira-de-voleibol\/#primaryimage"},"thumbnailUrl":"https:\/\/folhapopular.info\/wp-content\/uploads\/2023\/05\/WhatsApp-Image-2023-04-27-at-16.27.45-e1683828802205.jpeg","datePublished":"2023-05-11T18:14:00+00:00","dateModified":"2023-05-11T18:14:03+00:00","author":{"@id":"https:\/\/folhapopular.info\/#\/schema\/person\/2814e8a0df7643585a9ca38bc6eb9d4b"},"breadcrumb":{"@id":"https:\/\/folhapopular.info\/index.php\/2023\/05\/11\/atleta-formada-na-base-da-avates-e-convocada-para-selecao-brasileira-de-voleibol\/#breadcrumb"},"inLanguage":"pt-BR","potentialAction":[{"@type":"ReadAction","target":["https:\/\/folhapopular.info\/index.php\/2023\/05\/11\/atleta-formada-na-base-da-avates-e-convocada-para-selecao-brasileira-de-voleibol\/"]}]},{"@type":"ImageObject","inLanguage":"pt-BR","@id":"https:\/\/folhapopular.info\/index.php\/2023\/05\/11\/atleta-formada-na-base-da-avates-e-convocada-para-selecao-brasileira-de-voleibol\/#primaryimage","url":"https:\/\/folhapopular.info\/wp-content\/uploads\/2023\/05\/WhatsApp-Image-2023-04-27-at-16.27.45-e1683828802205.jpeg","contentUrl":"https:\/\/folhapopular.info\/wp-content\/uploads\/2023\/05\/WhatsApp-Image-2023-04-27-at-16.27.45-e1683828802205.jpeg","width":1200,"height":1130,"caption":"Atualmente, Dara joga pela equipe do S\u00e3o Caetano, de S\u00e3o Paulo \/ Cr\u00e9dito: Arquivo pessoal"},{"@type":"BreadcrumbList","@id":"https:\/\/folhapopular.info\/index.php\/2023\/05\/11\/atleta-formada-na-base-da-avates-e-convocada-para-selecao-brasileira-de-voleibol\/#breadcrumb","itemListElement":[{"@type":"ListItem","position":1,"name":"In\u00edcio","item":"https:\/\/folhapopular.info\/"},{"@type":"ListItem","position":2,"name":"Atleta formada na base da Avates \u00e9 convocada para Sele\u00e7\u00e3o Brasileira de Voleibol"}]},{"@type":"WebSite","@id":"https:\/\/folhapopular.info\/#website","url":"https:\/\/folhapopular.info\/","name":"Folha Popular","description":"Onde voc\u00ea tem vez e voz","potentialAction":[{"@type":"SearchAction","target":{"@type":"EntryPoint","urlTemplate":"https:\/\/folhapopular.info\/?s={search_term_string}"},"query-input":{"@type":"PropertyValueSpecification","valueRequired":true,"valueName":"search_term_string"}}],"inLanguage":"pt-BR"},{"@type":"Person","@id":"https:\/\/folhapopular.info\/#\/schema\/person\/2814e8a0df7643585a9ca38bc6eb9d4b","name":"Reda\u00e7\u00e3o Folha Popular","image":{"@type":"ImageObject","inLanguage":"pt-BR","@id":"https:\/\/folhapopular.info\/wp-content\/uploads\/2026\/04\/Folha-1.webp","url":"https:\/\/folhapopular.info\/wp-content\/uploads\/2026\/04\/Folha-1.webp","contentUrl":"https:\/\/folhapopular.info\/wp-content\/uploads\/2026\/04\/Folha-1.webp","caption":"Reda\u00e7\u00e3o Folha Popular"},"url":"https:\/\/folhapopular.info\/index.php\/author\/redacao\/"}]}},"jetpack_featured_media_url":"https:\/\/folhapopular.info\/wp-content\/uploads\/2023\/05\/WhatsApp-Image-2023-04-27-at-16.27.45-e1683828802205.jpeg","jetpack_sharing_enabled":true,"amp_enabled":true,"_links":{"self":[{"href":"https:\/\/folhapopular.info\/index.php\/wp-json\/wp\/v2\/posts\/127388","targetHints":{"allow":["GET"]}}],"collection":[{"href":"https:\/\/folhapopular.info\/index.php\/wp-json\/wp\/v2\/posts"}],"about":[{"href":"https:\/\/folhapopular.info\/index.php\/wp-json\/wp\/v2\/types\/post"}],"author":[{"embeddable":true,"href":"https:\/\/folhapopular.info\/index.php\/wp-json\/wp\/v2\/users\/8"}],"replies":[{"embeddable":true,"href":"https:\/\/folhapopular.info\/index.php\/wp-json\/wp\/v2\/comments?post=127388"}],"version-history":[{"count":0,"href":"https:\/\/folhapopular.info\/index.php\/wp-json\/wp\/v2\/posts\/127388\/revisions"}],"wp:featuredmedia":[{"embeddable":true,"href":"https:\/\/folhapopular.info\/index.php\/wp-json\/wp\/v2\/media\/127389"}],"wp:attachment":[{"href":"https:\/\/folhapopular.info\/index.php\/wp-json\/wp\/v2\/media?parent=127388"}],"wp:term":[{"taxonomy":"category","embeddable":true,"href":"https:\/\/folhapopular.info\/index.php\/wp-json\/wp\/v2\/categories?post=127388"},{"taxonomy":"post_tag","embeddable":true,"href":"https:\/\/folhapopular.info\/index.php\/wp-json\/wp\/v2\/tags?post=127388"}],"curies":[{"name":"wp","href":"https:\/\/api.w.org\/{rel}","templated":true}]}}