{"id":127438,"date":"2023-05-12T09:55:12","date_gmt":"2023-05-12T12:55:12","guid":{"rendered":"https:\/\/folhapopular.info\/?p=127438"},"modified":"2023-05-12T09:55:15","modified_gmt":"2023-05-12T12:55:15","slug":"cooperativa-languiru-realiza-reuniao-com-liderancas-sindicais","status":"publish","type":"post","link":"https:\/\/folhapopular.info\/index.php\/2023\/05\/12\/cooperativa-languiru-realiza-reuniao-com-liderancas-sindicais\/","title":{"rendered":"Cooperativa Languiru realiza reuni\u00e3o com lideran\u00e7as sindicais"},"content":{"rendered":"\n<p>Na manh\u00e3 de quinta-feira (11\/5) lideran\u00e7as da Regional Sindical Vale do Taquari estiveram reunidas com o Conselho de Administra\u00e7\u00e3o da Languiru. O encontro ocorreu no audit\u00f3rio da Sede Administrativa da Cooperativa, em Teut\u00f4nia. O presidente Paulo Birck e o vice-presidente F\u00e1bio Secchi, acompanhados da suplente do Conselho de Administra\u00e7\u00e3o, Loiva Beatriz Trapp, receberam representantes dos sindicatos de trabalhadores rurais de Teut\u00f4nia, Westf\u00e1lia, Estrela, Cruzeiro do Sul, Colinas, Paverama e Roca Sales.<\/p>\n\n\n\n<p>As lideran\u00e7as puderam esclarecer d\u00favidas e sugerir a\u00e7\u00f5es que se alinhem ao trabalho de reestrutura\u00e7\u00e3o da Cooperativa. \u201cO encontro nos permite entender a situa\u00e7\u00e3o da Languiru, informa\u00e7\u00f5es que ser\u00e3o divididas com os produtores rurais que nos acessam. Nossa inten\u00e7\u00e3o n\u00e3o \u00e9 questionar o porqu\u00ea de tudo isso, mas termos uma perspectiva de futuro, no curto, m\u00e9dio e longo prazo. Expusemos a preocupa\u00e7\u00e3o com a cadeia produtiva, tentando encontrar caminhos, mantendo os p\u00e9s no ch\u00e3o\u201d, destaca a presidente do Sindicato dos Trabalhadores Rurais de Teut\u00f4nia e Westf\u00e1lia, Liane Brackmann.<\/p>\n\n\n\n<p>Ela crescentou que essa reuni\u00e3o \u00e9 essencial. &#8220;As lideran\u00e7as sindicais tamb\u00e9m est\u00e3o engajadas. A mobiliza\u00e7\u00e3o pol\u00edtica ganha for\u00e7a com o envolvimento da Regional Sindical. O produtor de leite da Languiru possui uma sa\u00edda melhor, mas o segmento das carnes causa bastante apreens\u00e3o.&#8221;<\/p>\n\n\n\n<h2 class=\"wp-block-heading\"><strong>Urg\u00eancia<\/strong><\/h2>\n\n\n\n<p>O vice-presidente valorizou a transpar\u00eancia de informa\u00e7\u00f5es com a sociedade, principalmente associados. \u201cA situa\u00e7\u00e3o exige urg\u00eancia. Os integrantes dos Conselhos de Administra\u00e7\u00e3o e Fiscal, superintend\u00eancia e funcion\u00e1rios de todas as \u00e1reas est\u00e3o empenhados e buscando solu\u00e7\u00f5es. A tomada de decis\u00f5es \u00e9 baseada em n\u00fameros e planejamento. Estamos focados em medidas emergenciais na busca por recursos que permitam a continuidade da Languiru. Em conjunto, vamos encontrar o melhor caminho, no dia a dia j\u00e1 percebemos essa corrente de for\u00e7as convergindo para modificar a situa\u00e7\u00e3o em que a Cooperativa se encontra. Os sindicatos rurais s\u00e3o parte importante nesse processo.&#8221;<\/p>\n\n\n\n<p>Entre as estrat\u00e9gias, a Cooperativa segue com o plano de redu\u00e7\u00e3o da produ\u00e7\u00e3o nos segmentos de aves e su\u00ednos, al\u00e9m da avalia\u00e7\u00e3o de venda do patrim\u00f4nio e parcerias. \u201cExistem negocia\u00e7\u00f5es em andamento, estamos avaliando todas as possibilidades. Importante que a sociedade entenda que algumas dessas negocia\u00e7\u00f5es contam com cl\u00e1usula de confidencialidade, por isso n\u00e3o estamos autorizados a trazer mais detalhes nesse momento\u201d, revelou Secchi.<\/p>\n\n\n\n<h2 class=\"wp-block-heading\"><strong>Aprova\u00e7\u00e3o do quadro social<\/strong><\/h2>\n\n\n\n<p>O novo presidente tamb\u00e9m alertou para o tempo. \u201cPrecisamos de a\u00e7\u00f5es imediatas, e n\u00e3o podemos sacrificar os associados. Mas a redu\u00e7\u00e3o no volume de produ\u00e7\u00e3o precisa ocorrer, a Languiru precisa e vai mudar, \u00e9 invi\u00e1vel manter a Cooperativa com todas as atividades em que est\u00e1 atualmente. Todos os caminhos est\u00e3o sendo postos na mesa, e antes da tomada de qualquer decis\u00e3o, vamos convocar cada setor para expor o cen\u00e1rio e ouvir os envolvidos, considerando quest\u00f5es econ\u00f4micas e sociais. Todas as avalia\u00e7\u00f5es est\u00e3o sendo feitas com muito cuidado. O maior preju\u00edzo est\u00e1 no segmento de su\u00ednos\u201d, alertou Birck, sugerindo reuni\u00f5es descentralizadas com associados nas comunidades do interior.<\/p>\n\n\n\n<p>O cen\u00e1rio de extrema dificuldade enfrentado pelo segmento das carnes tamb\u00e9m foi pauta de reuni\u00e3o da Languiru com a Organiza\u00e7\u00e3o das Cooperativas do Estado do Rio Grande do Sul (Ocergs) e a Federa\u00e7\u00e3o das Cooperativas Agropecu\u00e1rias do Estado do Rio Grande do Sul (Fecoagro\/RS). O encontro ocorreu nesta quarta-feira, dia 10, em Porto Alegre, e reuniu representantes de cooperativas que atuam no setor de prote\u00edna animal.<\/p>\n","protected":false},"excerpt":{"rendered":"<p>Na manh\u00e3 de quinta-feira (11\/5) lideran\u00e7as da Regional Sindical Vale do Taquari estiveram reunidas com o Conselho de Administra\u00e7\u00e3o da Languiru. O encontro ocorreu no audit\u00f3rio da Sede Administrativa da Cooperativa, em Teut\u00f4nia. O presidente Paulo Birck e o vice-presidente F\u00e1bio Secchi, acompanhados da suplente do Conselho de Administra\u00e7\u00e3o, Loiva Beatriz Trapp, receberam representantes dos [&hellip;]<\/p>\n","protected":false},"author":8,"featured_media":127440,"comment_status":"open","ping_status":"open","sticky":false,"template":"","format":"standard","meta":{"pmpro_default_level":"","_jetpack_memberships_contains_paid_content":false,"footnotes":""},"categories":[10992,2],"tags":[127,313,406,7212,12167,370,26],"class_list":{"0":"post-127438","1":"post","2":"type-post","3":"status-publish","4":"format-standard","5":"has-post-thumbnail","7":"category-coopop","8":"category-featured","9":"tag-cooperativa","10":"tag-cooperativa-languiru","11":"tag-languiru","12":"tag-presidente","13":"tag-sindicatos-rurais","14":"tag-str","15":"tag-teutonia","16":"pmpro-has-access"},"yoast_head":"<!-- This site is optimized with the Yoast SEO plugin v27.5 - https:\/\/yoast.com\/product\/yoast-seo-wordpress\/ -->\n<title>Cooperativa Languiru realiza reuni\u00e3o com lideran\u00e7as sindicais - Folha Popular<\/title>\n<meta name=\"description\" content=\"O presidente Paulo Birck e o vice-presidente F\u00e1bio Secchi, acompanhados da suplente do Conselho de Administra\u00e7\u00e3o, Loiva Beatriz Trapp\" \/>\n<meta name=\"robots\" content=\"index, follow, max-snippet:-1, max-image-preview:large, max-video-preview:-1\" \/>\n<link rel=\"canonical\" href=\"https:\/\/folhapopular.info\/index.php\/2023\/05\/12\/cooperativa-languiru-realiza-reuniao-com-liderancas-sindicais\/\" \/>\n<meta property=\"og:locale\" content=\"pt_BR\" \/>\n<meta property=\"og:type\" content=\"article\" \/>\n<meta property=\"og:title\" content=\"Cooperativa Languiru realiza reuni\u00e3o com lideran\u00e7as sindicais - Folha Popular\" \/>\n<meta property=\"og:description\" content=\"O presidente Paulo Birck e o vice-presidente F\u00e1bio Secchi, acompanhados da suplente do Conselho de Administra\u00e7\u00e3o, Loiva Beatriz Trapp\" \/>\n<meta property=\"og:url\" content=\"https:\/\/folhapopular.info\/index.php\/2023\/05\/12\/cooperativa-languiru-realiza-reuniao-com-liderancas-sindicais\/\" \/>\n<meta property=\"og:site_name\" content=\"Folha Popular\" \/>\n<meta property=\"article:published_time\" content=\"2023-05-12T12:55:12+00:00\" \/>\n<meta property=\"article:modified_time\" content=\"2023-05-12T12:55:15+00:00\" \/>\n<meta property=\"og:image\" content=\"http:\/\/folhapopular.info\/wp-content\/uploads\/2023\/05\/DSC_9099-JORNAL-scaled.jpg\" \/>\n\t<meta property=\"og:image:width\" content=\"2560\" \/>\n\t<meta property=\"og:image:height\" content=\"1566\" \/>\n\t<meta property=\"og:image:type\" content=\"image\/jpeg\" \/>\n<meta name=\"author\" content=\"Reda\u00e7\u00e3o Folha Popular\" \/>\n<meta name=\"twitter:card\" content=\"summary_large_image\" \/>\n<meta name=\"twitter:label1\" content=\"Escrito por\" \/>\n\t<meta name=\"twitter:data1\" content=\"Reda\u00e7\u00e3o Folha Popular\" \/>\n\t<meta name=\"twitter:label2\" content=\"Est. tempo de leitura\" \/>\n\t<meta name=\"twitter:data2\" content=\"3 minutos\" \/>\n<script type=\"application\/ld+json\" class=\"yoast-schema-graph\">{\"@context\":\"https:\\\/\\\/schema.org\",\"@graph\":[{\"@type\":\"Article\",\"@id\":\"https:\\\/\\\/folhapopular.info\\\/index.php\\\/2023\\\/05\\\/12\\\/cooperativa-languiru-realiza-reuniao-com-liderancas-sindicais\\\/#article\",\"isPartOf\":{\"@id\":\"https:\\\/\\\/folhapopular.info\\\/index.php\\\/2023\\\/05\\\/12\\\/cooperativa-languiru-realiza-reuniao-com-liderancas-sindicais\\\/\"},\"author\":{\"name\":\"Reda\u00e7\u00e3o Folha Popular\",\"@id\":\"https:\\\/\\\/folhapopular.info\\\/#\\\/schema\\\/person\\\/2814e8a0df7643585a9ca38bc6eb9d4b\"},\"headline\":\"Cooperativa Languiru realiza reuni\u00e3o com lideran\u00e7as sindicais\",\"datePublished\":\"2023-05-12T12:55:12+00:00\",\"dateModified\":\"2023-05-12T12:55:15+00:00\",\"mainEntityOfPage\":{\"@id\":\"https:\\\/\\\/folhapopular.info\\\/index.php\\\/2023\\\/05\\\/12\\\/cooperativa-languiru-realiza-reuniao-com-liderancas-sindicais\\\/\"},\"wordCount\":625,\"commentCount\":0,\"image\":{\"@id\":\"https:\\\/\\\/folhapopular.info\\\/index.php\\\/2023\\\/05\\\/12\\\/cooperativa-languiru-realiza-reuniao-com-liderancas-sindicais\\\/#primaryimage\"},\"thumbnailUrl\":\"https:\\\/\\\/folhapopular.info\\\/wp-content\\\/uploads\\\/2023\\\/05\\\/DSC_9099-JORNAL-scaled.jpg\",\"keywords\":[\"Cooperativa\",\"Cooperativa Languiru\",\"Languiru\",\"Presidente\",\"sindicatos rurais\",\"STR\",\"Teut\u00f4nia\"],\"articleSection\":[\"Coopop\",\"Destaques\"],\"inLanguage\":\"pt-BR\",\"potentialAction\":[{\"@type\":\"CommentAction\",\"name\":\"Comment\",\"target\":[\"https:\\\/\\\/folhapopular.info\\\/index.php\\\/2023\\\/05\\\/12\\\/cooperativa-languiru-realiza-reuniao-com-liderancas-sindicais\\\/#respond\"]}]},{\"@type\":\"WebPage\",\"@id\":\"https:\\\/\\\/folhapopular.info\\\/index.php\\\/2023\\\/05\\\/12\\\/cooperativa-languiru-realiza-reuniao-com-liderancas-sindicais\\\/\",\"url\":\"https:\\\/\\\/folhapopular.info\\\/index.php\\\/2023\\\/05\\\/12\\\/cooperativa-languiru-realiza-reuniao-com-liderancas-sindicais\\\/\",\"name\":\"Cooperativa Languiru realiza reuni\u00e3o com lideran\u00e7as sindicais - Folha Popular\",\"isPartOf\":{\"@id\":\"https:\\\/\\\/folhapopular.info\\\/#website\"},\"primaryImageOfPage\":{\"@id\":\"https:\\\/\\\/folhapopular.info\\\/index.php\\\/2023\\\/05\\\/12\\\/cooperativa-languiru-realiza-reuniao-com-liderancas-sindicais\\\/#primaryimage\"},\"image\":{\"@id\":\"https:\\\/\\\/folhapopular.info\\\/index.php\\\/2023\\\/05\\\/12\\\/cooperativa-languiru-realiza-reuniao-com-liderancas-sindicais\\\/#primaryimage\"},\"thumbnailUrl\":\"https:\\\/\\\/folhapopular.info\\\/wp-content\\\/uploads\\\/2023\\\/05\\\/DSC_9099-JORNAL-scaled.jpg\",\"datePublished\":\"2023-05-12T12:55:12+00:00\",\"dateModified\":\"2023-05-12T12:55:15+00:00\",\"author\":{\"@id\":\"https:\\\/\\\/folhapopular.info\\\/#\\\/schema\\\/person\\\/2814e8a0df7643585a9ca38bc6eb9d4b\"},\"description\":\"O presidente Paulo Birck e o vice-presidente F\u00e1bio Secchi, acompanhados da suplente do Conselho de Administra\u00e7\u00e3o, Loiva Beatriz Trapp\",\"breadcrumb\":{\"@id\":\"https:\\\/\\\/folhapopular.info\\\/index.php\\\/2023\\\/05\\\/12\\\/cooperativa-languiru-realiza-reuniao-com-liderancas-sindicais\\\/#breadcrumb\"},\"inLanguage\":\"pt-BR\",\"potentialAction\":[{\"@type\":\"ReadAction\",\"target\":[\"https:\\\/\\\/folhapopular.info\\\/index.php\\\/2023\\\/05\\\/12\\\/cooperativa-languiru-realiza-reuniao-com-liderancas-sindicais\\\/\"]}]},{\"@type\":\"ImageObject\",\"inLanguage\":\"pt-BR\",\"@id\":\"https:\\\/\\\/folhapopular.info\\\/index.php\\\/2023\\\/05\\\/12\\\/cooperativa-languiru-realiza-reuniao-com-liderancas-sindicais\\\/#primaryimage\",\"url\":\"https:\\\/\\\/folhapopular.info\\\/wp-content\\\/uploads\\\/2023\\\/05\\\/DSC_9099-JORNAL-scaled.jpg\",\"contentUrl\":\"https:\\\/\\\/folhapopular.info\\\/wp-content\\\/uploads\\\/2023\\\/05\\\/DSC_9099-JORNAL-scaled.jpg\",\"width\":2560,\"height\":1566,\"caption\":\"Encontro com representantes de sindicatos de trabalhadores rurais foi realizado em Teut\u00f4nia \\\/ Cr\u00e9dito: AI\"},{\"@type\":\"BreadcrumbList\",\"@id\":\"https:\\\/\\\/folhapopular.info\\\/index.php\\\/2023\\\/05\\\/12\\\/cooperativa-languiru-realiza-reuniao-com-liderancas-sindicais\\\/#breadcrumb\",\"itemListElement\":[{\"@type\":\"ListItem\",\"position\":1,\"name\":\"In\u00edcio\",\"item\":\"https:\\\/\\\/folhapopular.info\\\/\"},{\"@type\":\"ListItem\",\"position\":2,\"name\":\"Cooperativa Languiru realiza reuni\u00e3o com lideran\u00e7as sindicais\"}]},{\"@type\":\"WebSite\",\"@id\":\"https:\\\/\\\/folhapopular.info\\\/#website\",\"url\":\"https:\\\/\\\/folhapopular.info\\\/\",\"name\":\"Folha Popular\",\"description\":\"Onde voc\u00ea tem vez e voz\",\"potentialAction\":[{\"@type\":\"SearchAction\",\"target\":{\"@type\":\"EntryPoint\",\"urlTemplate\":\"https:\\\/\\\/folhapopular.info\\\/?s={search_term_string}\"},\"query-input\":{\"@type\":\"PropertyValueSpecification\",\"valueRequired\":true,\"valueName\":\"search_term_string\"}}],\"inLanguage\":\"pt-BR\"},{\"@type\":\"Person\",\"@id\":\"https:\\\/\\\/folhapopular.info\\\/#\\\/schema\\\/person\\\/2814e8a0df7643585a9ca38bc6eb9d4b\",\"name\":\"Reda\u00e7\u00e3o Folha Popular\",\"image\":{\"@type\":\"ImageObject\",\"inLanguage\":\"pt-BR\",\"@id\":\"https:\\\/\\\/folhapopular.info\\\/wp-content\\\/uploads\\\/2026\\\/04\\\/Folha-1.webp\",\"url\":\"https:\\\/\\\/folhapopular.info\\\/wp-content\\\/uploads\\\/2026\\\/04\\\/Folha-1.webp\",\"contentUrl\":\"https:\\\/\\\/folhapopular.info\\\/wp-content\\\/uploads\\\/2026\\\/04\\\/Folha-1.webp\",\"caption\":\"Reda\u00e7\u00e3o Folha Popular\"},\"url\":\"https:\\\/\\\/folhapopular.info\\\/index.php\\\/author\\\/redacao\\\/\"}]}<\/script>\n<!-- \/ Yoast SEO plugin. -->","yoast_head_json":{"title":"Cooperativa Languiru realiza reuni\u00e3o com lideran\u00e7as sindicais - Folha Popular","description":"O presidente Paulo Birck e o vice-presidente F\u00e1bio Secchi, acompanhados da suplente do Conselho de Administra\u00e7\u00e3o, Loiva Beatriz Trapp","robots":{"index":"index","follow":"follow","max-snippet":"max-snippet:-1","max-image-preview":"max-image-preview:large","max-video-preview":"max-video-preview:-1"},"canonical":"https:\/\/folhapopular.info\/index.php\/2023\/05\/12\/cooperativa-languiru-realiza-reuniao-com-liderancas-sindicais\/","og_locale":"pt_BR","og_type":"article","og_title":"Cooperativa Languiru realiza reuni\u00e3o com lideran\u00e7as sindicais - Folha Popular","og_description":"O presidente Paulo Birck e o vice-presidente F\u00e1bio Secchi, acompanhados da suplente do Conselho de Administra\u00e7\u00e3o, Loiva Beatriz Trapp","og_url":"https:\/\/folhapopular.info\/index.php\/2023\/05\/12\/cooperativa-languiru-realiza-reuniao-com-liderancas-sindicais\/","og_site_name":"Folha Popular","article_published_time":"2023-05-12T12:55:12+00:00","article_modified_time":"2023-05-12T12:55:15+00:00","og_image":[{"width":2560,"height":1566,"url":"http:\/\/folhapopular.info\/wp-content\/uploads\/2023\/05\/DSC_9099-JORNAL-scaled.jpg","type":"image\/jpeg"}],"author":"Reda\u00e7\u00e3o Folha Popular","twitter_card":"summary_large_image","twitter_misc":{"Escrito por":"Reda\u00e7\u00e3o Folha Popular","Est. tempo de leitura":"3 minutos"},"schema":{"@context":"https:\/\/schema.org","@graph":[{"@type":"Article","@id":"https:\/\/folhapopular.info\/index.php\/2023\/05\/12\/cooperativa-languiru-realiza-reuniao-com-liderancas-sindicais\/#article","isPartOf":{"@id":"https:\/\/folhapopular.info\/index.php\/2023\/05\/12\/cooperativa-languiru-realiza-reuniao-com-liderancas-sindicais\/"},"author":{"name":"Reda\u00e7\u00e3o Folha Popular","@id":"https:\/\/folhapopular.info\/#\/schema\/person\/2814e8a0df7643585a9ca38bc6eb9d4b"},"headline":"Cooperativa Languiru realiza reuni\u00e3o com lideran\u00e7as sindicais","datePublished":"2023-05-12T12:55:12+00:00","dateModified":"2023-05-12T12:55:15+00:00","mainEntityOfPage":{"@id":"https:\/\/folhapopular.info\/index.php\/2023\/05\/12\/cooperativa-languiru-realiza-reuniao-com-liderancas-sindicais\/"},"wordCount":625,"commentCount":0,"image":{"@id":"https:\/\/folhapopular.info\/index.php\/2023\/05\/12\/cooperativa-languiru-realiza-reuniao-com-liderancas-sindicais\/#primaryimage"},"thumbnailUrl":"https:\/\/folhapopular.info\/wp-content\/uploads\/2023\/05\/DSC_9099-JORNAL-scaled.jpg","keywords":["Cooperativa","Cooperativa Languiru","Languiru","Presidente","sindicatos rurais","STR","Teut\u00f4nia"],"articleSection":["Coopop","Destaques"],"inLanguage":"pt-BR","potentialAction":[{"@type":"CommentAction","name":"Comment","target":["https:\/\/folhapopular.info\/index.php\/2023\/05\/12\/cooperativa-languiru-realiza-reuniao-com-liderancas-sindicais\/#respond"]}]},{"@type":"WebPage","@id":"https:\/\/folhapopular.info\/index.php\/2023\/05\/12\/cooperativa-languiru-realiza-reuniao-com-liderancas-sindicais\/","url":"https:\/\/folhapopular.info\/index.php\/2023\/05\/12\/cooperativa-languiru-realiza-reuniao-com-liderancas-sindicais\/","name":"Cooperativa Languiru realiza reuni\u00e3o com lideran\u00e7as sindicais - Folha Popular","isPartOf":{"@id":"https:\/\/folhapopular.info\/#website"},"primaryImageOfPage":{"@id":"https:\/\/folhapopular.info\/index.php\/2023\/05\/12\/cooperativa-languiru-realiza-reuniao-com-liderancas-sindicais\/#primaryimage"},"image":{"@id":"https:\/\/folhapopular.info\/index.php\/2023\/05\/12\/cooperativa-languiru-realiza-reuniao-com-liderancas-sindicais\/#primaryimage"},"thumbnailUrl":"https:\/\/folhapopular.info\/wp-content\/uploads\/2023\/05\/DSC_9099-JORNAL-scaled.jpg","datePublished":"2023-05-12T12:55:12+00:00","dateModified":"2023-05-12T12:55:15+00:00","author":{"@id":"https:\/\/folhapopular.info\/#\/schema\/person\/2814e8a0df7643585a9ca38bc6eb9d4b"},"description":"O presidente Paulo Birck e o vice-presidente F\u00e1bio Secchi, acompanhados da suplente do Conselho de Administra\u00e7\u00e3o, Loiva Beatriz Trapp","breadcrumb":{"@id":"https:\/\/folhapopular.info\/index.php\/2023\/05\/12\/cooperativa-languiru-realiza-reuniao-com-liderancas-sindicais\/#breadcrumb"},"inLanguage":"pt-BR","potentialAction":[{"@type":"ReadAction","target":["https:\/\/folhapopular.info\/index.php\/2023\/05\/12\/cooperativa-languiru-realiza-reuniao-com-liderancas-sindicais\/"]}]},{"@type":"ImageObject","inLanguage":"pt-BR","@id":"https:\/\/folhapopular.info\/index.php\/2023\/05\/12\/cooperativa-languiru-realiza-reuniao-com-liderancas-sindicais\/#primaryimage","url":"https:\/\/folhapopular.info\/wp-content\/uploads\/2023\/05\/DSC_9099-JORNAL-scaled.jpg","contentUrl":"https:\/\/folhapopular.info\/wp-content\/uploads\/2023\/05\/DSC_9099-JORNAL-scaled.jpg","width":2560,"height":1566,"caption":"Encontro com representantes de sindicatos de trabalhadores rurais foi realizado em Teut\u00f4nia \/ Cr\u00e9dito: AI"},{"@type":"BreadcrumbList","@id":"https:\/\/folhapopular.info\/index.php\/2023\/05\/12\/cooperativa-languiru-realiza-reuniao-com-liderancas-sindicais\/#breadcrumb","itemListElement":[{"@type":"ListItem","position":1,"name":"In\u00edcio","item":"https:\/\/folhapopular.info\/"},{"@type":"ListItem","position":2,"name":"Cooperativa Languiru realiza reuni\u00e3o com lideran\u00e7as sindicais"}]},{"@type":"WebSite","@id":"https:\/\/folhapopular.info\/#website","url":"https:\/\/folhapopular.info\/","name":"Folha Popular","description":"Onde voc\u00ea tem vez e voz","potentialAction":[{"@type":"SearchAction","target":{"@type":"EntryPoint","urlTemplate":"https:\/\/folhapopular.info\/?s={search_term_string}"},"query-input":{"@type":"PropertyValueSpecification","valueRequired":true,"valueName":"search_term_string"}}],"inLanguage":"pt-BR"},{"@type":"Person","@id":"https:\/\/folhapopular.info\/#\/schema\/person\/2814e8a0df7643585a9ca38bc6eb9d4b","name":"Reda\u00e7\u00e3o Folha Popular","image":{"@type":"ImageObject","inLanguage":"pt-BR","@id":"https:\/\/folhapopular.info\/wp-content\/uploads\/2026\/04\/Folha-1.webp","url":"https:\/\/folhapopular.info\/wp-content\/uploads\/2026\/04\/Folha-1.webp","contentUrl":"https:\/\/folhapopular.info\/wp-content\/uploads\/2026\/04\/Folha-1.webp","caption":"Reda\u00e7\u00e3o Folha Popular"},"url":"https:\/\/folhapopular.info\/index.php\/author\/redacao\/"}]}},"jetpack_featured_media_url":"https:\/\/folhapopular.info\/wp-content\/uploads\/2023\/05\/DSC_9099-JORNAL-scaled.jpg","jetpack_sharing_enabled":true,"amp_enabled":true,"_links":{"self":[{"href":"https:\/\/folhapopular.info\/index.php\/wp-json\/wp\/v2\/posts\/127438","targetHints":{"allow":["GET"]}}],"collection":[{"href":"https:\/\/folhapopular.info\/index.php\/wp-json\/wp\/v2\/posts"}],"about":[{"href":"https:\/\/folhapopular.info\/index.php\/wp-json\/wp\/v2\/types\/post"}],"author":[{"embeddable":true,"href":"https:\/\/folhapopular.info\/index.php\/wp-json\/wp\/v2\/users\/8"}],"replies":[{"embeddable":true,"href":"https:\/\/folhapopular.info\/index.php\/wp-json\/wp\/v2\/comments?post=127438"}],"version-history":[{"count":0,"href":"https:\/\/folhapopular.info\/index.php\/wp-json\/wp\/v2\/posts\/127438\/revisions"}],"wp:featuredmedia":[{"embeddable":true,"href":"https:\/\/folhapopular.info\/index.php\/wp-json\/wp\/v2\/media\/127440"}],"wp:attachment":[{"href":"https:\/\/folhapopular.info\/index.php\/wp-json\/wp\/v2\/media?parent=127438"}],"wp:term":[{"taxonomy":"category","embeddable":true,"href":"https:\/\/folhapopular.info\/index.php\/wp-json\/wp\/v2\/categories?post=127438"},{"taxonomy":"post_tag","embeddable":true,"href":"https:\/\/folhapopular.info\/index.php\/wp-json\/wp\/v2\/tags?post=127438"}],"curies":[{"name":"wp","href":"https:\/\/api.w.org\/{rel}","templated":true}]}}