{"id":127461,"date":"2023-05-12T15:00:58","date_gmt":"2023-05-12T18:00:58","guid":{"rendered":"https:\/\/folhapopular.info\/?p=127461"},"modified":"2023-05-12T15:01:01","modified_gmt":"2023-05-12T18:01:01","slug":"operacao-tem-objetivo-de-elucidar-homicidios-que-ocorreram-em-lajeado","status":"publish","type":"post","link":"https:\/\/folhapopular.info\/index.php\/2023\/05\/12\/operacao-tem-objetivo-de-elucidar-homicidios-que-ocorreram-em-lajeado\/","title":{"rendered":"Opera\u00e7\u00e3o tem objetivo de elucidar homic\u00eddios que ocorreram em Lajeado"},"content":{"rendered":"\n<p>No in\u00edcio da manh\u00e3 desta sexta-feira (12\/5) a Delegacia de Pol\u00edcia de Lajeado, com o apoio da Delegacia Especializada de Atendimento \u00e0 Mulher (Deam), Delegacia de Repress\u00e3o \u00e0s A\u00e7\u00f5es Criminosas Organizadas (Draco), Delegacias de Estrela, Fazenda Vilanova e Bom Retiro do Sul e For\u00e7a T\u00e1tica da Brigada Militar BM, desencadeou a Opera\u00e7\u00e3o \u201cSic\u00e1rio \u2013 Fase V\u201d.<\/p>\n\n\n\n<p>O objetivo \u00e9 a elucida\u00e7\u00e3o de uma s\u00e9rie de homic\u00eddios dolosos ocorridos no m\u00eas de abril.<\/p>\n\n\n\n<p>Houve o cumprimento de quatro ordens judiciais, sendo efetivadas as pris\u00f5es de tr\u00eas homens e a apreens\u00e3o de um adolescente, nos bairros Santo Ant\u00f4nio, Morro 25 e Centro. Foram apreendidos uma arma raspada, calibre 9mm; 242 muni\u00e7\u00f5es do mesmo calibre; drogas; dinheiro e 15 telefones celulares.<\/p>\n\n\n\n<p>Somente no m\u00eas de abril foram registrados tr\u00eas homic\u00eddios em Lajeado.<\/p>\n\n\n\n<p>Dia 4, um jovem de 25 anos, com v\u00e1rios disparos de arma de fogo, na \u00e1rea central da cidade<\/p>\n\n\n\n<p>No dia 7, uma mulher de 51 anos, com um tiro na cabe\u00e7a, tamb\u00e9m no centro; J\u00e1 no dia 11, uma mulher de 36 anos, igualmente alvejada com tiros no Bairro Morro 25.<\/p>\n","protected":false},"excerpt":{"rendered":"<p>No in\u00edcio da manh\u00e3 desta sexta-feira (12\/5) a Delegacia de Pol\u00edcia de Lajeado, com o apoio da Delegacia Especializada de Atendimento \u00e0 Mulher (Deam), Delegacia de Repress\u00e3o \u00e0s A\u00e7\u00f5es Criminosas Organizadas (Draco), Delegacias de Estrela, Fazenda Vilanova e Bom Retiro do Sul e For\u00e7a T\u00e1tica da Brigada Militar BM, desencadeou a Opera\u00e7\u00e3o \u201cSic\u00e1rio \u2013 Fase [&hellip;]<\/p>\n","protected":false},"author":646,"featured_media":127463,"comment_status":"open","ping_status":"open","sticky":false,"template":"","format":"standard","meta":{"pmpro_default_level":"","_jetpack_memberships_contains_paid_content":false,"footnotes":""},"categories":[10982,7],"tags":[],"class_list":{"0":"post-127461","1":"post","2":"type-post","3":"status-publish","4":"format-standard","5":"has-post-thumbnail","7":"category-policia","8":"category-seguranca","9":"pmpro-has-access"},"yoast_head":"<!-- This site is optimized with the Yoast SEO plugin v27.5 - https:\/\/yoast.com\/product\/yoast-seo-wordpress\/ -->\n<title>Opera\u00e7\u00e3o tem objetivo de elucidar homic\u00eddios que ocorreram em Lajeado - Folha Popular<\/title>\n<meta name=\"robots\" content=\"index, follow, max-snippet:-1, max-image-preview:large, max-video-preview:-1\" \/>\n<link rel=\"canonical\" href=\"https:\/\/folhapopular.info\/index.php\/2023\/05\/12\/operacao-tem-objetivo-de-elucidar-homicidios-que-ocorreram-em-lajeado\/\" \/>\n<meta property=\"og:locale\" content=\"pt_BR\" \/>\n<meta property=\"og:type\" content=\"article\" \/>\n<meta property=\"og:title\" content=\"Opera\u00e7\u00e3o tem objetivo de elucidar homic\u00eddios que ocorreram em Lajeado - Folha Popular\" \/>\n<meta property=\"og:description\" content=\"No in\u00edcio da manh\u00e3 desta sexta-feira (12\/5) a Delegacia de Pol\u00edcia de Lajeado, com o apoio da Delegacia Especializada de Atendimento \u00e0 Mulher (Deam), Delegacia de Repress\u00e3o \u00e0s A\u00e7\u00f5es Criminosas Organizadas (Draco), Delegacias de Estrela, Fazenda Vilanova e Bom Retiro do Sul e For\u00e7a T\u00e1tica da Brigada Militar BM, desencadeou a Opera\u00e7\u00e3o \u201cSic\u00e1rio \u2013 Fase [&hellip;]\" \/>\n<meta property=\"og:url\" content=\"https:\/\/folhapopular.info\/index.php\/2023\/05\/12\/operacao-tem-objetivo-de-elucidar-homicidios-que-ocorreram-em-lajeado\/\" \/>\n<meta property=\"og:site_name\" content=\"Folha Popular\" \/>\n<meta property=\"article:published_time\" content=\"2023-05-12T18:00:58+00:00\" \/>\n<meta property=\"article:modified_time\" content=\"2023-05-12T18:01:01+00:00\" \/>\n<meta property=\"og:image\" content=\"http:\/\/folhapopular.info\/wp-content\/uploads\/2023\/05\/sicario-e1683899795480-696x389-1.jpeg\" \/>\n\t<meta property=\"og:image:width\" content=\"696\" \/>\n\t<meta property=\"og:image:height\" content=\"389\" \/>\n\t<meta property=\"og:image:type\" content=\"image\/jpeg\" \/>\n<meta name=\"author\" content=\"J\u00falio C\u00e9sar Lenhard\" \/>\n<meta name=\"twitter:card\" content=\"summary_large_image\" \/>\n<meta name=\"twitter:label1\" content=\"Escrito por\" \/>\n\t<meta name=\"twitter:data1\" content=\"J\u00falio C\u00e9sar Lenhard\" \/>\n\t<meta name=\"twitter:label2\" content=\"Est. tempo de leitura\" \/>\n\t<meta name=\"twitter:data2\" content=\"1 minuto\" \/>\n<script type=\"application\/ld+json\" class=\"yoast-schema-graph\">{\"@context\":\"https:\\\/\\\/schema.org\",\"@graph\":[{\"@type\":\"Article\",\"@id\":\"https:\\\/\\\/folhapopular.info\\\/index.php\\\/2023\\\/05\\\/12\\\/operacao-tem-objetivo-de-elucidar-homicidios-que-ocorreram-em-lajeado\\\/#article\",\"isPartOf\":{\"@id\":\"https:\\\/\\\/folhapopular.info\\\/index.php\\\/2023\\\/05\\\/12\\\/operacao-tem-objetivo-de-elucidar-homicidios-que-ocorreram-em-lajeado\\\/\"},\"author\":{\"name\":\"J\u00falio C\u00e9sar Lenhard\",\"@id\":\"https:\\\/\\\/folhapopular.info\\\/#\\\/schema\\\/person\\\/2c678f1be6a810fa1aa8786f135b80d8\"},\"headline\":\"Opera\u00e7\u00e3o tem objetivo de elucidar homic\u00eddios que ocorreram em Lajeado\",\"datePublished\":\"2023-05-12T18:00:58+00:00\",\"dateModified\":\"2023-05-12T18:01:01+00:00\",\"mainEntityOfPage\":{\"@id\":\"https:\\\/\\\/folhapopular.info\\\/index.php\\\/2023\\\/05\\\/12\\\/operacao-tem-objetivo-de-elucidar-homicidios-que-ocorreram-em-lajeado\\\/\"},\"wordCount\":202,\"commentCount\":0,\"image\":{\"@id\":\"https:\\\/\\\/folhapopular.info\\\/index.php\\\/2023\\\/05\\\/12\\\/operacao-tem-objetivo-de-elucidar-homicidios-que-ocorreram-em-lajeado\\\/#primaryimage\"},\"thumbnailUrl\":\"https:\\\/\\\/folhapopular.info\\\/wp-content\\\/uploads\\\/2023\\\/05\\\/sicario-e1683899795480-696x389-1.jpeg\",\"articleSection\":[\"Pol\u00edcia\",\"Seguran\u00e7a\"],\"inLanguage\":\"pt-BR\",\"potentialAction\":[{\"@type\":\"CommentAction\",\"name\":\"Comment\",\"target\":[\"https:\\\/\\\/folhapopular.info\\\/index.php\\\/2023\\\/05\\\/12\\\/operacao-tem-objetivo-de-elucidar-homicidios-que-ocorreram-em-lajeado\\\/#respond\"]}]},{\"@type\":\"WebPage\",\"@id\":\"https:\\\/\\\/folhapopular.info\\\/index.php\\\/2023\\\/05\\\/12\\\/operacao-tem-objetivo-de-elucidar-homicidios-que-ocorreram-em-lajeado\\\/\",\"url\":\"https:\\\/\\\/folhapopular.info\\\/index.php\\\/2023\\\/05\\\/12\\\/operacao-tem-objetivo-de-elucidar-homicidios-que-ocorreram-em-lajeado\\\/\",\"name\":\"Opera\u00e7\u00e3o tem objetivo de elucidar homic\u00eddios que ocorreram em Lajeado - Folha Popular\",\"isPartOf\":{\"@id\":\"https:\\\/\\\/folhapopular.info\\\/#website\"},\"primaryImageOfPage\":{\"@id\":\"https:\\\/\\\/folhapopular.info\\\/index.php\\\/2023\\\/05\\\/12\\\/operacao-tem-objetivo-de-elucidar-homicidios-que-ocorreram-em-lajeado\\\/#primaryimage\"},\"image\":{\"@id\":\"https:\\\/\\\/folhapopular.info\\\/index.php\\\/2023\\\/05\\\/12\\\/operacao-tem-objetivo-de-elucidar-homicidios-que-ocorreram-em-lajeado\\\/#primaryimage\"},\"thumbnailUrl\":\"https:\\\/\\\/folhapopular.info\\\/wp-content\\\/uploads\\\/2023\\\/05\\\/sicario-e1683899795480-696x389-1.jpeg\",\"datePublished\":\"2023-05-12T18:00:58+00:00\",\"dateModified\":\"2023-05-12T18:01:01+00:00\",\"author\":{\"@id\":\"https:\\\/\\\/folhapopular.info\\\/#\\\/schema\\\/person\\\/2c678f1be6a810fa1aa8786f135b80d8\"},\"breadcrumb\":{\"@id\":\"https:\\\/\\\/folhapopular.info\\\/index.php\\\/2023\\\/05\\\/12\\\/operacao-tem-objetivo-de-elucidar-homicidios-que-ocorreram-em-lajeado\\\/#breadcrumb\"},\"inLanguage\":\"pt-BR\",\"potentialAction\":[{\"@type\":\"ReadAction\",\"target\":[\"https:\\\/\\\/folhapopular.info\\\/index.php\\\/2023\\\/05\\\/12\\\/operacao-tem-objetivo-de-elucidar-homicidios-que-ocorreram-em-lajeado\\\/\"]}]},{\"@type\":\"ImageObject\",\"inLanguage\":\"pt-BR\",\"@id\":\"https:\\\/\\\/folhapopular.info\\\/index.php\\\/2023\\\/05\\\/12\\\/operacao-tem-objetivo-de-elucidar-homicidios-que-ocorreram-em-lajeado\\\/#primaryimage\",\"url\":\"https:\\\/\\\/folhapopular.info\\\/wp-content\\\/uploads\\\/2023\\\/05\\\/sicario-e1683899795480-696x389-1.jpeg\",\"contentUrl\":\"https:\\\/\\\/folhapopular.info\\\/wp-content\\\/uploads\\\/2023\\\/05\\\/sicario-e1683899795480-696x389-1.jpeg\",\"width\":696,\"height\":389,\"caption\":\"Foto: Brigada Militar\"},{\"@type\":\"BreadcrumbList\",\"@id\":\"https:\\\/\\\/folhapopular.info\\\/index.php\\\/2023\\\/05\\\/12\\\/operacao-tem-objetivo-de-elucidar-homicidios-que-ocorreram-em-lajeado\\\/#breadcrumb\",\"itemListElement\":[{\"@type\":\"ListItem\",\"position\":1,\"name\":\"In\u00edcio\",\"item\":\"https:\\\/\\\/folhapopular.info\\\/\"},{\"@type\":\"ListItem\",\"position\":2,\"name\":\"Opera\u00e7\u00e3o tem objetivo de elucidar homic\u00eddios que ocorreram em Lajeado\"}]},{\"@type\":\"WebSite\",\"@id\":\"https:\\\/\\\/folhapopular.info\\\/#website\",\"url\":\"https:\\\/\\\/folhapopular.info\\\/\",\"name\":\"Folha Popular\",\"description\":\"Onde voc\u00ea tem vez e voz\",\"potentialAction\":[{\"@type\":\"SearchAction\",\"target\":{\"@type\":\"EntryPoint\",\"urlTemplate\":\"https:\\\/\\\/folhapopular.info\\\/?s={search_term_string}\"},\"query-input\":{\"@type\":\"PropertyValueSpecification\",\"valueRequired\":true,\"valueName\":\"search_term_string\"}}],\"inLanguage\":\"pt-BR\"},{\"@type\":\"Person\",\"@id\":\"https:\\\/\\\/folhapopular.info\\\/#\\\/schema\\\/person\\\/2c678f1be6a810fa1aa8786f135b80d8\",\"name\":\"J\u00falio C\u00e9sar Lenhard\",\"image\":{\"@type\":\"ImageObject\",\"inLanguage\":\"pt-BR\",\"@id\":\"https:\\\/\\\/secure.gravatar.com\\\/avatar\\\/5fc145ba28daff4b7a20678a28e78dc0d1082681a40346a925de39665b5d8cd6?s=96&d=mm&r=g\",\"url\":\"https:\\\/\\\/secure.gravatar.com\\\/avatar\\\/5fc145ba28daff4b7a20678a28e78dc0d1082681a40346a925de39665b5d8cd6?s=96&d=mm&r=g\",\"contentUrl\":\"https:\\\/\\\/secure.gravatar.com\\\/avatar\\\/5fc145ba28daff4b7a20678a28e78dc0d1082681a40346a925de39665b5d8cd6?s=96&d=mm&r=g\",\"caption\":\"J\u00falio C\u00e9sar Lenhard\"},\"url\":\"https:\\\/\\\/folhapopular.info\\\/index.php\\\/author\\\/julio_lenhardhotmail-com\\\/\"}]}<\/script>\n<!-- \/ Yoast SEO plugin. -->","yoast_head_json":{"title":"Opera\u00e7\u00e3o tem objetivo de elucidar homic\u00eddios que ocorreram em Lajeado - Folha Popular","robots":{"index":"index","follow":"follow","max-snippet":"max-snippet:-1","max-image-preview":"max-image-preview:large","max-video-preview":"max-video-preview:-1"},"canonical":"https:\/\/folhapopular.info\/index.php\/2023\/05\/12\/operacao-tem-objetivo-de-elucidar-homicidios-que-ocorreram-em-lajeado\/","og_locale":"pt_BR","og_type":"article","og_title":"Opera\u00e7\u00e3o tem objetivo de elucidar homic\u00eddios que ocorreram em Lajeado - Folha Popular","og_description":"No in\u00edcio da manh\u00e3 desta sexta-feira (12\/5) a Delegacia de Pol\u00edcia de Lajeado, com o apoio da Delegacia Especializada de Atendimento \u00e0 Mulher (Deam), Delegacia de Repress\u00e3o \u00e0s A\u00e7\u00f5es Criminosas Organizadas (Draco), Delegacias de Estrela, Fazenda Vilanova e Bom Retiro do Sul e For\u00e7a T\u00e1tica da Brigada Militar BM, desencadeou a Opera\u00e7\u00e3o \u201cSic\u00e1rio \u2013 Fase [&hellip;]","og_url":"https:\/\/folhapopular.info\/index.php\/2023\/05\/12\/operacao-tem-objetivo-de-elucidar-homicidios-que-ocorreram-em-lajeado\/","og_site_name":"Folha Popular","article_published_time":"2023-05-12T18:00:58+00:00","article_modified_time":"2023-05-12T18:01:01+00:00","og_image":[{"width":696,"height":389,"url":"http:\/\/folhapopular.info\/wp-content\/uploads\/2023\/05\/sicario-e1683899795480-696x389-1.jpeg","type":"image\/jpeg"}],"author":"J\u00falio C\u00e9sar Lenhard","twitter_card":"summary_large_image","twitter_misc":{"Escrito por":"J\u00falio C\u00e9sar Lenhard","Est. tempo de leitura":"1 minuto"},"schema":{"@context":"https:\/\/schema.org","@graph":[{"@type":"Article","@id":"https:\/\/folhapopular.info\/index.php\/2023\/05\/12\/operacao-tem-objetivo-de-elucidar-homicidios-que-ocorreram-em-lajeado\/#article","isPartOf":{"@id":"https:\/\/folhapopular.info\/index.php\/2023\/05\/12\/operacao-tem-objetivo-de-elucidar-homicidios-que-ocorreram-em-lajeado\/"},"author":{"name":"J\u00falio C\u00e9sar Lenhard","@id":"https:\/\/folhapopular.info\/#\/schema\/person\/2c678f1be6a810fa1aa8786f135b80d8"},"headline":"Opera\u00e7\u00e3o tem objetivo de elucidar homic\u00eddios que ocorreram em Lajeado","datePublished":"2023-05-12T18:00:58+00:00","dateModified":"2023-05-12T18:01:01+00:00","mainEntityOfPage":{"@id":"https:\/\/folhapopular.info\/index.php\/2023\/05\/12\/operacao-tem-objetivo-de-elucidar-homicidios-que-ocorreram-em-lajeado\/"},"wordCount":202,"commentCount":0,"image":{"@id":"https:\/\/folhapopular.info\/index.php\/2023\/05\/12\/operacao-tem-objetivo-de-elucidar-homicidios-que-ocorreram-em-lajeado\/#primaryimage"},"thumbnailUrl":"https:\/\/folhapopular.info\/wp-content\/uploads\/2023\/05\/sicario-e1683899795480-696x389-1.jpeg","articleSection":["Pol\u00edcia","Seguran\u00e7a"],"inLanguage":"pt-BR","potentialAction":[{"@type":"CommentAction","name":"Comment","target":["https:\/\/folhapopular.info\/index.php\/2023\/05\/12\/operacao-tem-objetivo-de-elucidar-homicidios-que-ocorreram-em-lajeado\/#respond"]}]},{"@type":"WebPage","@id":"https:\/\/folhapopular.info\/index.php\/2023\/05\/12\/operacao-tem-objetivo-de-elucidar-homicidios-que-ocorreram-em-lajeado\/","url":"https:\/\/folhapopular.info\/index.php\/2023\/05\/12\/operacao-tem-objetivo-de-elucidar-homicidios-que-ocorreram-em-lajeado\/","name":"Opera\u00e7\u00e3o tem objetivo de elucidar homic\u00eddios que ocorreram em Lajeado - Folha Popular","isPartOf":{"@id":"https:\/\/folhapopular.info\/#website"},"primaryImageOfPage":{"@id":"https:\/\/folhapopular.info\/index.php\/2023\/05\/12\/operacao-tem-objetivo-de-elucidar-homicidios-que-ocorreram-em-lajeado\/#primaryimage"},"image":{"@id":"https:\/\/folhapopular.info\/index.php\/2023\/05\/12\/operacao-tem-objetivo-de-elucidar-homicidios-que-ocorreram-em-lajeado\/#primaryimage"},"thumbnailUrl":"https:\/\/folhapopular.info\/wp-content\/uploads\/2023\/05\/sicario-e1683899795480-696x389-1.jpeg","datePublished":"2023-05-12T18:00:58+00:00","dateModified":"2023-05-12T18:01:01+00:00","author":{"@id":"https:\/\/folhapopular.info\/#\/schema\/person\/2c678f1be6a810fa1aa8786f135b80d8"},"breadcrumb":{"@id":"https:\/\/folhapopular.info\/index.php\/2023\/05\/12\/operacao-tem-objetivo-de-elucidar-homicidios-que-ocorreram-em-lajeado\/#breadcrumb"},"inLanguage":"pt-BR","potentialAction":[{"@type":"ReadAction","target":["https:\/\/folhapopular.info\/index.php\/2023\/05\/12\/operacao-tem-objetivo-de-elucidar-homicidios-que-ocorreram-em-lajeado\/"]}]},{"@type":"ImageObject","inLanguage":"pt-BR","@id":"https:\/\/folhapopular.info\/index.php\/2023\/05\/12\/operacao-tem-objetivo-de-elucidar-homicidios-que-ocorreram-em-lajeado\/#primaryimage","url":"https:\/\/folhapopular.info\/wp-content\/uploads\/2023\/05\/sicario-e1683899795480-696x389-1.jpeg","contentUrl":"https:\/\/folhapopular.info\/wp-content\/uploads\/2023\/05\/sicario-e1683899795480-696x389-1.jpeg","width":696,"height":389,"caption":"Foto: Brigada Militar"},{"@type":"BreadcrumbList","@id":"https:\/\/folhapopular.info\/index.php\/2023\/05\/12\/operacao-tem-objetivo-de-elucidar-homicidios-que-ocorreram-em-lajeado\/#breadcrumb","itemListElement":[{"@type":"ListItem","position":1,"name":"In\u00edcio","item":"https:\/\/folhapopular.info\/"},{"@type":"ListItem","position":2,"name":"Opera\u00e7\u00e3o tem objetivo de elucidar homic\u00eddios que ocorreram em Lajeado"}]},{"@type":"WebSite","@id":"https:\/\/folhapopular.info\/#website","url":"https:\/\/folhapopular.info\/","name":"Folha Popular","description":"Onde voc\u00ea tem vez e voz","potentialAction":[{"@type":"SearchAction","target":{"@type":"EntryPoint","urlTemplate":"https:\/\/folhapopular.info\/?s={search_term_string}"},"query-input":{"@type":"PropertyValueSpecification","valueRequired":true,"valueName":"search_term_string"}}],"inLanguage":"pt-BR"},{"@type":"Person","@id":"https:\/\/folhapopular.info\/#\/schema\/person\/2c678f1be6a810fa1aa8786f135b80d8","name":"J\u00falio C\u00e9sar Lenhard","image":{"@type":"ImageObject","inLanguage":"pt-BR","@id":"https:\/\/secure.gravatar.com\/avatar\/5fc145ba28daff4b7a20678a28e78dc0d1082681a40346a925de39665b5d8cd6?s=96&d=mm&r=g","url":"https:\/\/secure.gravatar.com\/avatar\/5fc145ba28daff4b7a20678a28e78dc0d1082681a40346a925de39665b5d8cd6?s=96&d=mm&r=g","contentUrl":"https:\/\/secure.gravatar.com\/avatar\/5fc145ba28daff4b7a20678a28e78dc0d1082681a40346a925de39665b5d8cd6?s=96&d=mm&r=g","caption":"J\u00falio C\u00e9sar Lenhard"},"url":"https:\/\/folhapopular.info\/index.php\/author\/julio_lenhardhotmail-com\/"}]}},"jetpack_featured_media_url":"https:\/\/folhapopular.info\/wp-content\/uploads\/2023\/05\/sicario-e1683899795480-696x389-1.jpeg","jetpack_sharing_enabled":true,"amp_enabled":true,"_links":{"self":[{"href":"https:\/\/folhapopular.info\/index.php\/wp-json\/wp\/v2\/posts\/127461","targetHints":{"allow":["GET"]}}],"collection":[{"href":"https:\/\/folhapopular.info\/index.php\/wp-json\/wp\/v2\/posts"}],"about":[{"href":"https:\/\/folhapopular.info\/index.php\/wp-json\/wp\/v2\/types\/post"}],"author":[{"embeddable":true,"href":"https:\/\/folhapopular.info\/index.php\/wp-json\/wp\/v2\/users\/646"}],"replies":[{"embeddable":true,"href":"https:\/\/folhapopular.info\/index.php\/wp-json\/wp\/v2\/comments?post=127461"}],"version-history":[{"count":0,"href":"https:\/\/folhapopular.info\/index.php\/wp-json\/wp\/v2\/posts\/127461\/revisions"}],"wp:featuredmedia":[{"embeddable":true,"href":"https:\/\/folhapopular.info\/index.php\/wp-json\/wp\/v2\/media\/127463"}],"wp:attachment":[{"href":"https:\/\/folhapopular.info\/index.php\/wp-json\/wp\/v2\/media?parent=127461"}],"wp:term":[{"taxonomy":"category","embeddable":true,"href":"https:\/\/folhapopular.info\/index.php\/wp-json\/wp\/v2\/categories?post=127461"},{"taxonomy":"post_tag","embeddable":true,"href":"https:\/\/folhapopular.info\/index.php\/wp-json\/wp\/v2\/tags?post=127461"}],"curies":[{"name":"wp","href":"https:\/\/api.w.org\/{rel}","templated":true}]}}