{"id":127652,"date":"2023-05-15T16:35:00","date_gmt":"2023-05-15T19:35:00","guid":{"rendered":"https:\/\/folhapopular.info\/?p=127652"},"modified":"2023-05-15T16:33:29","modified_gmt":"2023-05-15T19:33:29","slug":"lajeado-lanca-campanha-maio-laranja-para-prevenir-violencia-contra-criancas-e-adolescentes","status":"publish","type":"post","link":"https:\/\/folhapopular.info\/index.php\/2023\/05\/15\/lajeado-lanca-campanha-maio-laranja-para-prevenir-violencia-contra-criancas-e-adolescentes\/","title":{"rendered":"Lajeado lan\u00e7a\u00a0campanha Maio Laranja para prevenir viol\u00eancia contra crian\u00e7as e adolescentes"},"content":{"rendered":"\n<p>A Prefeitura de Lajeado, por meio da Secretaria do Desenvolvimento Social (SMDS), lan\u00e7ou a campanha Maio Laranja, que visa combater crimes sexuais contra crian\u00e7as e adolescentes, e tamb\u00e9m o fluxo de prote\u00e7\u00e3o de crian\u00e7as e adolescentes v\u00edtimas ou testemunhas de viol\u00eancia em Lajeado. O evento de abertura da campanha ocorreu nesta segunda-feira (15\/5) no Sal\u00e3o de Eventos do Centro Administrativo da Prefeitura. .<\/p>\n\n\n\n<p>O fluxo de atendimento das demandas envolvendo situa\u00e7\u00f5es de abuso e\/ou explora\u00e7\u00e3o sexual infantil e juvenil, mostrado nesta manh\u00e3,\u00a0explica cada etapa de atua\u00e7\u00e3o dos \u00f3rg\u00e3os envolvidos na prote\u00e7\u00e3o deste grupo, como escuta, medidas de prote\u00e7\u00e3o, encaminhamento para assist\u00eancia, monitoramento do caso, entre outros, envolvendo o trabalho de Conselho Tutelar, Pol\u00edcia Civil, Minist\u00e9rio P\u00fablico, Poder Judici\u00e1rio e outras institui\u00e7\u00f5es.<\/p>\n\n\n\n<p>A secret\u00e1ria do Desenvolvimento Social, C\u00e9ci Maria Rodrigues Gerlach, comenta que a campanha \u00e9 uma data triste em raz\u00e3o dos acontecimentos que envolve, mas que \u00e9 preciso trabalhar para transformar esses fatos em sorrisos. &#8220;Nosso compromisso \u00e9 com a vida das crian\u00e7as e dos adolescentes. Estamos aqui para refor\u00e7ar a prote\u00e7\u00e3o \u00e0 vida. O Estatuto da Crian\u00e7a e do Adolescente existe para designar o compromisso de cada pessoa e cada \u00f3rg\u00e3o para a seguran\u00e7a desse grupo e, ainda assim, s\u00e3o necess\u00e1rias mais leis para evitar casos como da Araceli Crespo, Bernardo Boldrini, \u00c1gatha Vit\u00f3ria e tantas outras crian\u00e7as que sofreram algum tipo de viola\u00e7\u00e3o. Devemos entender os casos e agir&#8221;, destaca.<\/p>\n\n\n\n<p>Conforme a assistente social e coordenadora do Centro de Refer\u00eancia Especializado de Assist\u00eancia Social (Creas), B\u00e1rbara Weber, \u00e9 dever dos \u00f3rg\u00e3os trabalhar para evitar a revitimiza\u00e7\u00e3o das crian\u00e7as e adolescentes, causada quando estas s\u00e3o submetidas a discursos ou procedimentos desnecess\u00e1rios, repetitivos e invasivos. &#8220;Com o fluxo, queremos oferecer um atendimento para que a crian\u00e7a e o adolescente sofram o quanto menos com os danos j\u00e1 ocorridos. Por isso, precisamos de todas as entidades trabalhando juntas com o mesmo objetivo&#8221;, cita B\u00e1rbara.<\/p>\n\n\n\n<h2 class=\"wp-block-heading\"><strong>A campanha<\/strong><\/h2>\n\n\n\n<p>O munic\u00edpio, por meio da Lei Municipal n\u00ba 11.213, de 18 de agosto de 2021, realiza a\u00e7\u00f5es do \u201cMaio Laranja\u201d, m\u00eas de preven\u00e7\u00e3o ao abuso e \u00e0 explora\u00e7\u00e3o sexual de crian\u00e7as e adolescentes.<\/p>\n\n\n\n<p>Por meio desta a\u00e7\u00e3o, ser\u00e1 distribu\u00eddo material informativo da campanha Fa\u00e7a Bonito, que produz materiais para todo o pa\u00eds abordando o tema. O material \u00e9 produzido pelo Comit\u00ea Nacional de Enfrentamento \u00e0 Viol\u00eancia Sexual contra Crian\u00e7as e Adolescentes e Rede ECPAT Brasil e pode ser usado por qualquer entidade. Para informa\u00e7\u00f5es sobre a mobiliza\u00e7\u00e3o e os materiais, acesse&nbsp;<a href=\"http:\/\/facabonito.org\/\" rel=\"noreferrer noopener\" target=\"_blank\"><strong>facabonito.org<\/strong><\/a><\/p>\n\n\n\n<p>A programa\u00e7\u00e3o segue esta semana com visitas a escolas, participa\u00e7\u00e3o na sess\u00e3o da C\u00e2mara de Vereadores e a\u00e7\u00f5es em sem\u00e1foros da cidade. As atividades nos sem\u00e1foros ocorrem na quinta-feira, 18\/05, na esquina da Avenida Pira\u00ed com a Avenida Senador Alberto Pasqualini, no bairro S\u00e3o Crist\u00f3v\u00e3o; na conflu\u00eancia das ruas J\u00falio de Castilhos, Benjamin Constant e Alberto Pasqualini, no bairro Centro; e na esquia das ruas Arnoldo Uhry e Jo\u00e3o Fernando Schneider, no bairro Jardim do Cedro.<\/p>\n\n\n\n<p><\/p>\n\n\n\n<h2 class=\"wp-block-heading\"><strong>Programa\u00e7\u00e3o em Lajeado:<\/strong><\/h2>\n\n\n\n<p><strong>16\/05<\/strong> \u2013 Participa\u00e7\u00e3o na Sess\u00e3o da C\u00e2mara de Vereadores<\/p>\n\n\n\n<p><strong>17\/05<\/strong> \u2013 Visita \u00e0s escolas municipais para divulga\u00e7\u00e3o e sensibiliza\u00e7\u00e3o com entrega de material informativo<\/p>\n\n\n\n<p><strong>18\/05<\/strong> \u2013 A\u00e7\u00f5es em sem\u00e1foros da cidade nos bairros S\u00e3o Crist\u00f3v\u00e3o, Centro e Jardim do Cedro<\/p>\n\n\n\n<p><\/p>\n","protected":false},"excerpt":{"rendered":"<p>A Prefeitura de Lajeado, por meio da Secretaria do Desenvolvimento Social (SMDS), lan\u00e7ou a campanha Maio Laranja, que visa combater crimes sexuais contra crian\u00e7as e adolescentes, e tamb\u00e9m o fluxo de prote\u00e7\u00e3o de crian\u00e7as e adolescentes v\u00edtimas ou testemunhas de viol\u00eancia em Lajeado. O evento de abertura da campanha ocorreu nesta segunda-feira (15\/5) no Sal\u00e3o [&hellip;]<\/p>\n","protected":false},"author":8,"featured_media":127653,"comment_status":"open","ping_status":"open","sticky":false,"template":"","format":"standard","meta":{"pmpro_default_level":"","_jetpack_memberships_contains_paid_content":false,"footnotes":""},"categories":[2,3],"tags":[12202,135,12201,27,5950,10800],"class_list":{"0":"post-127652","1":"post","2":"type-post","3":"status-publish","4":"format-standard","5":"has-post-thumbnail","7":"category-featured","8":"category-geral","9":"tag-abuso","10":"tag-criancas","11":"tag-iolencia-contra-criancas-e-adolescentes","12":"tag-lajeado","13":"tag-maio-laranja","14":"tag-smds","15":"pmpro-has-access"},"yoast_head":"<!-- This site is optimized with the Yoast SEO plugin v27.5 - https:\/\/yoast.com\/product\/yoast-seo-wordpress\/ -->\n<title>Lajeado lan\u00e7a\u00a0campanha Maio Laranja para prevenir viol\u00eancia contra crian\u00e7as e adolescentes - Folha Popular<\/title>\n<meta name=\"description\" content=\"Por meio desta a\u00e7\u00e3o, ser\u00e1 distribu\u00eddo material informativo da campanha Fa\u00e7a Bonito, que produz materiais para todo o pa\u00eds abordando o tema.\" \/>\n<meta name=\"robots\" content=\"index, follow, max-snippet:-1, max-image-preview:large, max-video-preview:-1\" \/>\n<link rel=\"canonical\" href=\"https:\/\/folhapopular.info\/index.php\/2023\/05\/15\/lajeado-lanca-campanha-maio-laranja-para-prevenir-violencia-contra-criancas-e-adolescentes\/\" \/>\n<meta property=\"og:locale\" content=\"pt_BR\" \/>\n<meta property=\"og:type\" content=\"article\" \/>\n<meta property=\"og:title\" content=\"Lajeado lan\u00e7a\u00a0campanha Maio Laranja para prevenir viol\u00eancia contra crian\u00e7as e adolescentes - Folha Popular\" \/>\n<meta property=\"og:description\" content=\"Por meio desta a\u00e7\u00e3o, ser\u00e1 distribu\u00eddo material informativo da campanha Fa\u00e7a Bonito, que produz materiais para todo o pa\u00eds abordando o tema.\" \/>\n<meta property=\"og:url\" content=\"https:\/\/folhapopular.info\/index.php\/2023\/05\/15\/lajeado-lanca-campanha-maio-laranja-para-prevenir-violencia-contra-criancas-e-adolescentes\/\" \/>\n<meta property=\"og:site_name\" content=\"Folha Popular\" \/>\n<meta property=\"article:published_time\" content=\"2023-05-15T19:35:00+00:00\" \/>\n<meta property=\"og:image\" content=\"https:\/\/folhapopular.info\/wp-content\/uploads\/2023\/05\/Lancamento-da-Campanha-Maio-Laranja-6-scaled.jpg\" \/>\n\t<meta property=\"og:image:width\" content=\"2560\" \/>\n\t<meta property=\"og:image:height\" content=\"1707\" \/>\n\t<meta property=\"og:image:type\" content=\"image\/jpeg\" \/>\n<meta name=\"author\" content=\"Reda\u00e7\u00e3o Folha Popular\" \/>\n<meta name=\"twitter:card\" content=\"summary_large_image\" \/>\n<meta name=\"twitter:label1\" content=\"Escrito por\" \/>\n\t<meta name=\"twitter:data1\" content=\"Reda\u00e7\u00e3o Folha Popular\" \/>\n\t<meta name=\"twitter:label2\" content=\"Est. tempo de leitura\" \/>\n\t<meta name=\"twitter:data2\" content=\"3 minutos\" \/>\n<script type=\"application\/ld+json\" class=\"yoast-schema-graph\">{\"@context\":\"https:\\\/\\\/schema.org\",\"@graph\":[{\"@type\":\"Article\",\"@id\":\"https:\\\/\\\/folhapopular.info\\\/index.php\\\/2023\\\/05\\\/15\\\/lajeado-lanca-campanha-maio-laranja-para-prevenir-violencia-contra-criancas-e-adolescentes\\\/#article\",\"isPartOf\":{\"@id\":\"https:\\\/\\\/folhapopular.info\\\/index.php\\\/2023\\\/05\\\/15\\\/lajeado-lanca-campanha-maio-laranja-para-prevenir-violencia-contra-criancas-e-adolescentes\\\/\"},\"author\":{\"name\":\"Reda\u00e7\u00e3o Folha Popular\",\"@id\":\"https:\\\/\\\/folhapopular.info\\\/#\\\/schema\\\/person\\\/2814e8a0df7643585a9ca38bc6eb9d4b\"},\"headline\":\"Lajeado lan\u00e7a\u00a0campanha Maio Laranja para prevenir viol\u00eancia contra crian\u00e7as e adolescentes\",\"datePublished\":\"2023-05-15T19:35:00+00:00\",\"mainEntityOfPage\":{\"@id\":\"https:\\\/\\\/folhapopular.info\\\/index.php\\\/2023\\\/05\\\/15\\\/lajeado-lanca-campanha-maio-laranja-para-prevenir-violencia-contra-criancas-e-adolescentes\\\/\"},\"wordCount\":607,\"commentCount\":0,\"image\":{\"@id\":\"https:\\\/\\\/folhapopular.info\\\/index.php\\\/2023\\\/05\\\/15\\\/lajeado-lanca-campanha-maio-laranja-para-prevenir-violencia-contra-criancas-e-adolescentes\\\/#primaryimage\"},\"thumbnailUrl\":\"https:\\\/\\\/folhapopular.info\\\/wp-content\\\/uploads\\\/2023\\\/05\\\/Lancamento-da-Campanha-Maio-Laranja-6-scaled.jpg\",\"keywords\":[\"abuso\",\"Crian\u00e7as\",\"iol\u00eancia contra crian\u00e7as e adolescentes\",\"Lajeado\",\"Maio Laranja\",\"SMDS\"],\"articleSection\":[\"Destaques\",\"Geral\"],\"inLanguage\":\"pt-BR\",\"potentialAction\":[{\"@type\":\"CommentAction\",\"name\":\"Comment\",\"target\":[\"https:\\\/\\\/folhapopular.info\\\/index.php\\\/2023\\\/05\\\/15\\\/lajeado-lanca-campanha-maio-laranja-para-prevenir-violencia-contra-criancas-e-adolescentes\\\/#respond\"]}]},{\"@type\":\"WebPage\",\"@id\":\"https:\\\/\\\/folhapopular.info\\\/index.php\\\/2023\\\/05\\\/15\\\/lajeado-lanca-campanha-maio-laranja-para-prevenir-violencia-contra-criancas-e-adolescentes\\\/\",\"url\":\"https:\\\/\\\/folhapopular.info\\\/index.php\\\/2023\\\/05\\\/15\\\/lajeado-lanca-campanha-maio-laranja-para-prevenir-violencia-contra-criancas-e-adolescentes\\\/\",\"name\":\"Lajeado lan\u00e7a\u00a0campanha Maio Laranja para prevenir viol\u00eancia contra crian\u00e7as e adolescentes - Folha Popular\",\"isPartOf\":{\"@id\":\"https:\\\/\\\/folhapopular.info\\\/#website\"},\"primaryImageOfPage\":{\"@id\":\"https:\\\/\\\/folhapopular.info\\\/index.php\\\/2023\\\/05\\\/15\\\/lajeado-lanca-campanha-maio-laranja-para-prevenir-violencia-contra-criancas-e-adolescentes\\\/#primaryimage\"},\"image\":{\"@id\":\"https:\\\/\\\/folhapopular.info\\\/index.php\\\/2023\\\/05\\\/15\\\/lajeado-lanca-campanha-maio-laranja-para-prevenir-violencia-contra-criancas-e-adolescentes\\\/#primaryimage\"},\"thumbnailUrl\":\"https:\\\/\\\/folhapopular.info\\\/wp-content\\\/uploads\\\/2023\\\/05\\\/Lancamento-da-Campanha-Maio-Laranja-6-scaled.jpg\",\"datePublished\":\"2023-05-15T19:35:00+00:00\",\"author\":{\"@id\":\"https:\\\/\\\/folhapopular.info\\\/#\\\/schema\\\/person\\\/2814e8a0df7643585a9ca38bc6eb9d4b\"},\"description\":\"Por meio desta a\u00e7\u00e3o, ser\u00e1 distribu\u00eddo material informativo da campanha Fa\u00e7a Bonito, que produz materiais para todo o pa\u00eds abordando o tema.\",\"breadcrumb\":{\"@id\":\"https:\\\/\\\/folhapopular.info\\\/index.php\\\/2023\\\/05\\\/15\\\/lajeado-lanca-campanha-maio-laranja-para-prevenir-violencia-contra-criancas-e-adolescentes\\\/#breadcrumb\"},\"inLanguage\":\"pt-BR\",\"potentialAction\":[{\"@type\":\"ReadAction\",\"target\":[\"https:\\\/\\\/folhapopular.info\\\/index.php\\\/2023\\\/05\\\/15\\\/lajeado-lanca-campanha-maio-laranja-para-prevenir-violencia-contra-criancas-e-adolescentes\\\/\"]}]},{\"@type\":\"ImageObject\",\"inLanguage\":\"pt-BR\",\"@id\":\"https:\\\/\\\/folhapopular.info\\\/index.php\\\/2023\\\/05\\\/15\\\/lajeado-lanca-campanha-maio-laranja-para-prevenir-violencia-contra-criancas-e-adolescentes\\\/#primaryimage\",\"url\":\"https:\\\/\\\/folhapopular.info\\\/wp-content\\\/uploads\\\/2023\\\/05\\\/Lancamento-da-Campanha-Maio-Laranja-6-scaled.jpg\",\"contentUrl\":\"https:\\\/\\\/folhapopular.info\\\/wp-content\\\/uploads\\\/2023\\\/05\\\/Lancamento-da-Campanha-Maio-Laranja-6-scaled.jpg\",\"width\":2560,\"height\":1707,\"caption\":\"Por meio desta a\u00e7\u00e3o, ser\u00e1 distribu\u00eddo material informativo da campanha Fa\u00e7a Bonito, que produz materiais para todo o pa\u00eds abordando o tema. \\\/ Cr\u00e9dito: AI\"},{\"@type\":\"BreadcrumbList\",\"@id\":\"https:\\\/\\\/folhapopular.info\\\/index.php\\\/2023\\\/05\\\/15\\\/lajeado-lanca-campanha-maio-laranja-para-prevenir-violencia-contra-criancas-e-adolescentes\\\/#breadcrumb\",\"itemListElement\":[{\"@type\":\"ListItem\",\"position\":1,\"name\":\"In\u00edcio\",\"item\":\"https:\\\/\\\/folhapopular.info\\\/\"},{\"@type\":\"ListItem\",\"position\":2,\"name\":\"Lajeado lan\u00e7a\u00a0campanha Maio Laranja para prevenir viol\u00eancia contra crian\u00e7as e adolescentes\"}]},{\"@type\":\"WebSite\",\"@id\":\"https:\\\/\\\/folhapopular.info\\\/#website\",\"url\":\"https:\\\/\\\/folhapopular.info\\\/\",\"name\":\"Folha Popular\",\"description\":\"Onde voc\u00ea tem vez e voz\",\"potentialAction\":[{\"@type\":\"SearchAction\",\"target\":{\"@type\":\"EntryPoint\",\"urlTemplate\":\"https:\\\/\\\/folhapopular.info\\\/?s={search_term_string}\"},\"query-input\":{\"@type\":\"PropertyValueSpecification\",\"valueRequired\":true,\"valueName\":\"search_term_string\"}}],\"inLanguage\":\"pt-BR\"},{\"@type\":\"Person\",\"@id\":\"https:\\\/\\\/folhapopular.info\\\/#\\\/schema\\\/person\\\/2814e8a0df7643585a9ca38bc6eb9d4b\",\"name\":\"Reda\u00e7\u00e3o Folha Popular\",\"image\":{\"@type\":\"ImageObject\",\"inLanguage\":\"pt-BR\",\"@id\":\"https:\\\/\\\/folhapopular.info\\\/wp-content\\\/uploads\\\/2026\\\/04\\\/Folha-1.webp\",\"url\":\"https:\\\/\\\/folhapopular.info\\\/wp-content\\\/uploads\\\/2026\\\/04\\\/Folha-1.webp\",\"contentUrl\":\"https:\\\/\\\/folhapopular.info\\\/wp-content\\\/uploads\\\/2026\\\/04\\\/Folha-1.webp\",\"caption\":\"Reda\u00e7\u00e3o Folha Popular\"},\"url\":\"https:\\\/\\\/folhapopular.info\\\/index.php\\\/author\\\/redacao\\\/\"}]}<\/script>\n<!-- \/ Yoast SEO plugin. -->","yoast_head_json":{"title":"Lajeado lan\u00e7a\u00a0campanha Maio Laranja para prevenir viol\u00eancia contra crian\u00e7as e adolescentes - Folha Popular","description":"Por meio desta a\u00e7\u00e3o, ser\u00e1 distribu\u00eddo material informativo da campanha Fa\u00e7a Bonito, que produz materiais para todo o pa\u00eds abordando o tema.","robots":{"index":"index","follow":"follow","max-snippet":"max-snippet:-1","max-image-preview":"max-image-preview:large","max-video-preview":"max-video-preview:-1"},"canonical":"https:\/\/folhapopular.info\/index.php\/2023\/05\/15\/lajeado-lanca-campanha-maio-laranja-para-prevenir-violencia-contra-criancas-e-adolescentes\/","og_locale":"pt_BR","og_type":"article","og_title":"Lajeado lan\u00e7a\u00a0campanha Maio Laranja para prevenir viol\u00eancia contra crian\u00e7as e adolescentes - Folha Popular","og_description":"Por meio desta a\u00e7\u00e3o, ser\u00e1 distribu\u00eddo material informativo da campanha Fa\u00e7a Bonito, que produz materiais para todo o pa\u00eds abordando o tema.","og_url":"https:\/\/folhapopular.info\/index.php\/2023\/05\/15\/lajeado-lanca-campanha-maio-laranja-para-prevenir-violencia-contra-criancas-e-adolescentes\/","og_site_name":"Folha Popular","article_published_time":"2023-05-15T19:35:00+00:00","og_image":[{"width":2560,"height":1707,"url":"https:\/\/folhapopular.info\/wp-content\/uploads\/2023\/05\/Lancamento-da-Campanha-Maio-Laranja-6-scaled.jpg","type":"image\/jpeg"}],"author":"Reda\u00e7\u00e3o Folha Popular","twitter_card":"summary_large_image","twitter_misc":{"Escrito por":"Reda\u00e7\u00e3o Folha Popular","Est. tempo de leitura":"3 minutos"},"schema":{"@context":"https:\/\/schema.org","@graph":[{"@type":"Article","@id":"https:\/\/folhapopular.info\/index.php\/2023\/05\/15\/lajeado-lanca-campanha-maio-laranja-para-prevenir-violencia-contra-criancas-e-adolescentes\/#article","isPartOf":{"@id":"https:\/\/folhapopular.info\/index.php\/2023\/05\/15\/lajeado-lanca-campanha-maio-laranja-para-prevenir-violencia-contra-criancas-e-adolescentes\/"},"author":{"name":"Reda\u00e7\u00e3o Folha Popular","@id":"https:\/\/folhapopular.info\/#\/schema\/person\/2814e8a0df7643585a9ca38bc6eb9d4b"},"headline":"Lajeado lan\u00e7a\u00a0campanha Maio Laranja para prevenir viol\u00eancia contra crian\u00e7as e adolescentes","datePublished":"2023-05-15T19:35:00+00:00","mainEntityOfPage":{"@id":"https:\/\/folhapopular.info\/index.php\/2023\/05\/15\/lajeado-lanca-campanha-maio-laranja-para-prevenir-violencia-contra-criancas-e-adolescentes\/"},"wordCount":607,"commentCount":0,"image":{"@id":"https:\/\/folhapopular.info\/index.php\/2023\/05\/15\/lajeado-lanca-campanha-maio-laranja-para-prevenir-violencia-contra-criancas-e-adolescentes\/#primaryimage"},"thumbnailUrl":"https:\/\/folhapopular.info\/wp-content\/uploads\/2023\/05\/Lancamento-da-Campanha-Maio-Laranja-6-scaled.jpg","keywords":["abuso","Crian\u00e7as","iol\u00eancia contra crian\u00e7as e adolescentes","Lajeado","Maio Laranja","SMDS"],"articleSection":["Destaques","Geral"],"inLanguage":"pt-BR","potentialAction":[{"@type":"CommentAction","name":"Comment","target":["https:\/\/folhapopular.info\/index.php\/2023\/05\/15\/lajeado-lanca-campanha-maio-laranja-para-prevenir-violencia-contra-criancas-e-adolescentes\/#respond"]}]},{"@type":"WebPage","@id":"https:\/\/folhapopular.info\/index.php\/2023\/05\/15\/lajeado-lanca-campanha-maio-laranja-para-prevenir-violencia-contra-criancas-e-adolescentes\/","url":"https:\/\/folhapopular.info\/index.php\/2023\/05\/15\/lajeado-lanca-campanha-maio-laranja-para-prevenir-violencia-contra-criancas-e-adolescentes\/","name":"Lajeado lan\u00e7a\u00a0campanha Maio Laranja para prevenir viol\u00eancia contra crian\u00e7as e adolescentes - Folha Popular","isPartOf":{"@id":"https:\/\/folhapopular.info\/#website"},"primaryImageOfPage":{"@id":"https:\/\/folhapopular.info\/index.php\/2023\/05\/15\/lajeado-lanca-campanha-maio-laranja-para-prevenir-violencia-contra-criancas-e-adolescentes\/#primaryimage"},"image":{"@id":"https:\/\/folhapopular.info\/index.php\/2023\/05\/15\/lajeado-lanca-campanha-maio-laranja-para-prevenir-violencia-contra-criancas-e-adolescentes\/#primaryimage"},"thumbnailUrl":"https:\/\/folhapopular.info\/wp-content\/uploads\/2023\/05\/Lancamento-da-Campanha-Maio-Laranja-6-scaled.jpg","datePublished":"2023-05-15T19:35:00+00:00","author":{"@id":"https:\/\/folhapopular.info\/#\/schema\/person\/2814e8a0df7643585a9ca38bc6eb9d4b"},"description":"Por meio desta a\u00e7\u00e3o, ser\u00e1 distribu\u00eddo material informativo da campanha Fa\u00e7a Bonito, que produz materiais para todo o pa\u00eds abordando o tema.","breadcrumb":{"@id":"https:\/\/folhapopular.info\/index.php\/2023\/05\/15\/lajeado-lanca-campanha-maio-laranja-para-prevenir-violencia-contra-criancas-e-adolescentes\/#breadcrumb"},"inLanguage":"pt-BR","potentialAction":[{"@type":"ReadAction","target":["https:\/\/folhapopular.info\/index.php\/2023\/05\/15\/lajeado-lanca-campanha-maio-laranja-para-prevenir-violencia-contra-criancas-e-adolescentes\/"]}]},{"@type":"ImageObject","inLanguage":"pt-BR","@id":"https:\/\/folhapopular.info\/index.php\/2023\/05\/15\/lajeado-lanca-campanha-maio-laranja-para-prevenir-violencia-contra-criancas-e-adolescentes\/#primaryimage","url":"https:\/\/folhapopular.info\/wp-content\/uploads\/2023\/05\/Lancamento-da-Campanha-Maio-Laranja-6-scaled.jpg","contentUrl":"https:\/\/folhapopular.info\/wp-content\/uploads\/2023\/05\/Lancamento-da-Campanha-Maio-Laranja-6-scaled.jpg","width":2560,"height":1707,"caption":"Por meio desta a\u00e7\u00e3o, ser\u00e1 distribu\u00eddo material informativo da campanha Fa\u00e7a Bonito, que produz materiais para todo o pa\u00eds abordando o tema. \/ Cr\u00e9dito: AI"},{"@type":"BreadcrumbList","@id":"https:\/\/folhapopular.info\/index.php\/2023\/05\/15\/lajeado-lanca-campanha-maio-laranja-para-prevenir-violencia-contra-criancas-e-adolescentes\/#breadcrumb","itemListElement":[{"@type":"ListItem","position":1,"name":"In\u00edcio","item":"https:\/\/folhapopular.info\/"},{"@type":"ListItem","position":2,"name":"Lajeado lan\u00e7a\u00a0campanha Maio Laranja para prevenir viol\u00eancia contra crian\u00e7as e adolescentes"}]},{"@type":"WebSite","@id":"https:\/\/folhapopular.info\/#website","url":"https:\/\/folhapopular.info\/","name":"Folha Popular","description":"Onde voc\u00ea tem vez e voz","potentialAction":[{"@type":"SearchAction","target":{"@type":"EntryPoint","urlTemplate":"https:\/\/folhapopular.info\/?s={search_term_string}"},"query-input":{"@type":"PropertyValueSpecification","valueRequired":true,"valueName":"search_term_string"}}],"inLanguage":"pt-BR"},{"@type":"Person","@id":"https:\/\/folhapopular.info\/#\/schema\/person\/2814e8a0df7643585a9ca38bc6eb9d4b","name":"Reda\u00e7\u00e3o Folha Popular","image":{"@type":"ImageObject","inLanguage":"pt-BR","@id":"https:\/\/folhapopular.info\/wp-content\/uploads\/2026\/04\/Folha-1.webp","url":"https:\/\/folhapopular.info\/wp-content\/uploads\/2026\/04\/Folha-1.webp","contentUrl":"https:\/\/folhapopular.info\/wp-content\/uploads\/2026\/04\/Folha-1.webp","caption":"Reda\u00e7\u00e3o Folha Popular"},"url":"https:\/\/folhapopular.info\/index.php\/author\/redacao\/"}]}},"jetpack_featured_media_url":"https:\/\/folhapopular.info\/wp-content\/uploads\/2023\/05\/Lancamento-da-Campanha-Maio-Laranja-6-scaled.jpg","jetpack_sharing_enabled":true,"amp_enabled":true,"_links":{"self":[{"href":"https:\/\/folhapopular.info\/index.php\/wp-json\/wp\/v2\/posts\/127652","targetHints":{"allow":["GET"]}}],"collection":[{"href":"https:\/\/folhapopular.info\/index.php\/wp-json\/wp\/v2\/posts"}],"about":[{"href":"https:\/\/folhapopular.info\/index.php\/wp-json\/wp\/v2\/types\/post"}],"author":[{"embeddable":true,"href":"https:\/\/folhapopular.info\/index.php\/wp-json\/wp\/v2\/users\/8"}],"replies":[{"embeddable":true,"href":"https:\/\/folhapopular.info\/index.php\/wp-json\/wp\/v2\/comments?post=127652"}],"version-history":[{"count":0,"href":"https:\/\/folhapopular.info\/index.php\/wp-json\/wp\/v2\/posts\/127652\/revisions"}],"wp:featuredmedia":[{"embeddable":true,"href":"https:\/\/folhapopular.info\/index.php\/wp-json\/wp\/v2\/media\/127653"}],"wp:attachment":[{"href":"https:\/\/folhapopular.info\/index.php\/wp-json\/wp\/v2\/media?parent=127652"}],"wp:term":[{"taxonomy":"category","embeddable":true,"href":"https:\/\/folhapopular.info\/index.php\/wp-json\/wp\/v2\/categories?post=127652"},{"taxonomy":"post_tag","embeddable":true,"href":"https:\/\/folhapopular.info\/index.php\/wp-json\/wp\/v2\/tags?post=127652"}],"curies":[{"name":"wp","href":"https:\/\/api.w.org\/{rel}","templated":true}]}}