{"id":127899,"date":"2023-05-18T15:59:09","date_gmt":"2023-05-18T18:59:09","guid":{"rendered":"https:\/\/folhapopular.info\/?p=127899"},"modified":"2023-05-18T15:59:11","modified_gmt":"2023-05-18T18:59:11","slug":"escolas-de-imigrante-participam-da-5a-tertulia-cooperativas-escolares-em-movimento","status":"publish","type":"post","link":"https:\/\/folhapopular.info\/index.php\/2023\/05\/18\/escolas-de-imigrante-participam-da-5a-tertulia-cooperativas-escolares-em-movimento\/","title":{"rendered":"Escolas de Imigrante participam da 5\u00aa Tert\u00falia Cooperativas Escolares em Movimento"},"content":{"rendered":"\n<p>A Administra\u00e7\u00e3o Municipal, por meio da Secretaria de Educa\u00e7\u00e3o, participou da 5\u00aa Tert\u00falia \u2013 Cooperativas Escolares em Movimento. O evento busca formar as equipes diretivas das Escolas de Ensino Fundamental (Emefs) e professor mediador, tornando-os aptos \u00e0 participa\u00e7\u00e3o no programa. As equipes diretivas das Escolas de Ensino Fundamental (Emefs), juntamente com a coordenadora da Secretaria da Educa\u00e7\u00e3o de Imigrante, Magali R\u00f6hsig, estiveram em Nova Petr\u00f3polis, junto da professora mediadora, Julia Brune.<\/p>\n\n\n\n<p>\u201cO Programa \u00e9 uma iniciativa do Sicredi e ocorre em parceria com institui\u00e7\u00f5es de ensino que acreditam nos princ\u00edpios e valores do cooperativismo como proposta educativa. Assim, os estudantes s\u00e3o os protagonistas, atuando como pesquisadores, investigadores e compartilhando conhecimentos com todos\u201d, explica Magali.<\/p>\n\n\n\n<p>Com o aux\u00edlio do professor orientador, os alunos criam as suas pr\u00f3prias cooperativas com fins educativos. Um Programa que amplia as oportunidades de aprendizado de crian\u00e7as e adolescentes, vivenciando experi\u00eancias de valores e princ\u00edpios cooperativistas. \u201cO desafio dos alunos \u00e9 criar em grupos suas pr\u00f3prias cooperativas educativas com aux\u00edlio e orienta\u00e7\u00e3o. O resultado esperado \u00e9 o aprendizado na pr\u00e1tica e amplia\u00e7\u00e3o dos conhecimentos que permeiam a coopera\u00e7\u00e3o, trabalho em grupo e planejamento\u201d, esclarece Aline.<\/p>\n\n\n\n<p>O programa \u00e9 organizado em fases, e cada uma delas possui uma finalidade. Os alunos desenvolvem habilidades, conhecimentos e valores do cooperativismo enquanto aplicam uma trilha de aprendizagem cooperativa gameficada.<\/p>\n","protected":false},"excerpt":{"rendered":"<p>A Administra\u00e7\u00e3o Municipal, por meio da Secretaria de Educa\u00e7\u00e3o, participou da 5\u00aa Tert\u00falia \u2013 Cooperativas Escolares em Movimento. O evento busca formar as equipes diretivas das Escolas de Ensino Fundamental (Emefs) e professor mediador, tornando-os aptos \u00e0 participa\u00e7\u00e3o no programa. As equipes diretivas das Escolas de Ensino Fundamental (Emefs), juntamente com a coordenadora da Secretaria [&hellip;]<\/p>\n","protected":false},"author":8,"featured_media":127900,"comment_status":"open","ping_status":"open","sticky":false,"template":"","format":"standard","meta":{"pmpro_default_level":"","_jetpack_memberships_contains_paid_content":false,"footnotes":""},"categories":[2,10988,3],"tags":[73,5065,34,12228],"class_list":{"0":"post-127899","1":"post","2":"type-post","3":"status-publish","4":"format-standard","5":"has-post-thumbnail","7":"category-featured","8":"category-educacao","9":"category-geral","10":"tag-educacao","11":"tag-escolares","12":"tag-imigrante","13":"tag-tertulia","14":"pmpro-has-access"},"yoast_head":"<!-- This site is optimized with the Yoast SEO plugin v27.5 - https:\/\/yoast.com\/product\/yoast-seo-wordpress\/ -->\n<title>Escolas de Imigrante participam da 5\u00aa Tert\u00falia Cooperativas Escolares em Movimento - Folha Popular<\/title>\n<meta name=\"robots\" content=\"index, follow, max-snippet:-1, max-image-preview:large, max-video-preview:-1\" \/>\n<link rel=\"canonical\" href=\"https:\/\/folhapopular.info\/index.php\/2023\/05\/18\/escolas-de-imigrante-participam-da-5a-tertulia-cooperativas-escolares-em-movimento\/\" \/>\n<meta property=\"og:locale\" content=\"pt_BR\" \/>\n<meta property=\"og:type\" content=\"article\" \/>\n<meta property=\"og:title\" content=\"Escolas de Imigrante participam da 5\u00aa Tert\u00falia Cooperativas Escolares em Movimento - Folha Popular\" \/>\n<meta property=\"og:description\" content=\"A Administra\u00e7\u00e3o Municipal, por meio da Secretaria de Educa\u00e7\u00e3o, participou da 5\u00aa Tert\u00falia \u2013 Cooperativas Escolares em Movimento. O evento busca formar as equipes diretivas das Escolas de Ensino Fundamental (Emefs) e professor mediador, tornando-os aptos \u00e0 participa\u00e7\u00e3o no programa. As equipes diretivas das Escolas de Ensino Fundamental (Emefs), juntamente com a coordenadora da Secretaria [&hellip;]\" \/>\n<meta property=\"og:url\" content=\"https:\/\/folhapopular.info\/index.php\/2023\/05\/18\/escolas-de-imigrante-participam-da-5a-tertulia-cooperativas-escolares-em-movimento\/\" \/>\n<meta property=\"og:site_name\" content=\"Folha Popular\" \/>\n<meta property=\"article:published_time\" content=\"2023-05-18T18:59:09+00:00\" \/>\n<meta property=\"article:modified_time\" content=\"2023-05-18T18:59:11+00:00\" \/>\n<meta property=\"og:image\" content=\"http:\/\/folhapopular.info\/wp-content\/uploads\/2023\/05\/COOPERATIVAS-2.jpg\" \/>\n\t<meta property=\"og:image:width\" content=\"1600\" \/>\n\t<meta property=\"og:image:height\" content=\"1200\" \/>\n\t<meta property=\"og:image:type\" content=\"image\/jpeg\" \/>\n<meta name=\"author\" content=\"Reda\u00e7\u00e3o Folha Popular\" \/>\n<meta name=\"twitter:card\" content=\"summary_large_image\" \/>\n<meta name=\"twitter:label1\" content=\"Escrito por\" \/>\n\t<meta name=\"twitter:data1\" content=\"Reda\u00e7\u00e3o Folha Popular\" \/>\n\t<meta name=\"twitter:label2\" content=\"Est. tempo de leitura\" \/>\n\t<meta name=\"twitter:data2\" content=\"2 minutos\" \/>\n<script type=\"application\/ld+json\" class=\"yoast-schema-graph\">{\"@context\":\"https:\\\/\\\/schema.org\",\"@graph\":[{\"@type\":\"Article\",\"@id\":\"https:\\\/\\\/folhapopular.info\\\/index.php\\\/2023\\\/05\\\/18\\\/escolas-de-imigrante-participam-da-5a-tertulia-cooperativas-escolares-em-movimento\\\/#article\",\"isPartOf\":{\"@id\":\"https:\\\/\\\/folhapopular.info\\\/index.php\\\/2023\\\/05\\\/18\\\/escolas-de-imigrante-participam-da-5a-tertulia-cooperativas-escolares-em-movimento\\\/\"},\"author\":{\"name\":\"Reda\u00e7\u00e3o Folha Popular\",\"@id\":\"https:\\\/\\\/folhapopular.info\\\/#\\\/schema\\\/person\\\/2814e8a0df7643585a9ca38bc6eb9d4b\"},\"headline\":\"Escolas de Imigrante participam da 5\u00aa Tert\u00falia Cooperativas Escolares em Movimento\",\"datePublished\":\"2023-05-18T18:59:09+00:00\",\"dateModified\":\"2023-05-18T18:59:11+00:00\",\"mainEntityOfPage\":{\"@id\":\"https:\\\/\\\/folhapopular.info\\\/index.php\\\/2023\\\/05\\\/18\\\/escolas-de-imigrante-participam-da-5a-tertulia-cooperativas-escolares-em-movimento\\\/\"},\"wordCount\":243,\"commentCount\":0,\"image\":{\"@id\":\"https:\\\/\\\/folhapopular.info\\\/index.php\\\/2023\\\/05\\\/18\\\/escolas-de-imigrante-participam-da-5a-tertulia-cooperativas-escolares-em-movimento\\\/#primaryimage\"},\"thumbnailUrl\":\"https:\\\/\\\/folhapopular.info\\\/wp-content\\\/uploads\\\/2023\\\/05\\\/COOPERATIVAS-2.jpg\",\"keywords\":[\"Educa\u00e7\u00e3o\",\"escolares\",\"Imigrante\",\"tertulia\"],\"articleSection\":[\"Destaques\",\"Educa\u00e7\u00e3o\",\"Geral\"],\"inLanguage\":\"pt-BR\",\"potentialAction\":[{\"@type\":\"CommentAction\",\"name\":\"Comment\",\"target\":[\"https:\\\/\\\/folhapopular.info\\\/index.php\\\/2023\\\/05\\\/18\\\/escolas-de-imigrante-participam-da-5a-tertulia-cooperativas-escolares-em-movimento\\\/#respond\"]}]},{\"@type\":\"WebPage\",\"@id\":\"https:\\\/\\\/folhapopular.info\\\/index.php\\\/2023\\\/05\\\/18\\\/escolas-de-imigrante-participam-da-5a-tertulia-cooperativas-escolares-em-movimento\\\/\",\"url\":\"https:\\\/\\\/folhapopular.info\\\/index.php\\\/2023\\\/05\\\/18\\\/escolas-de-imigrante-participam-da-5a-tertulia-cooperativas-escolares-em-movimento\\\/\",\"name\":\"Escolas de Imigrante participam da 5\u00aa Tert\u00falia Cooperativas Escolares em Movimento - Folha Popular\",\"isPartOf\":{\"@id\":\"https:\\\/\\\/folhapopular.info\\\/#website\"},\"primaryImageOfPage\":{\"@id\":\"https:\\\/\\\/folhapopular.info\\\/index.php\\\/2023\\\/05\\\/18\\\/escolas-de-imigrante-participam-da-5a-tertulia-cooperativas-escolares-em-movimento\\\/#primaryimage\"},\"image\":{\"@id\":\"https:\\\/\\\/folhapopular.info\\\/index.php\\\/2023\\\/05\\\/18\\\/escolas-de-imigrante-participam-da-5a-tertulia-cooperativas-escolares-em-movimento\\\/#primaryimage\"},\"thumbnailUrl\":\"https:\\\/\\\/folhapopular.info\\\/wp-content\\\/uploads\\\/2023\\\/05\\\/COOPERATIVAS-2.jpg\",\"datePublished\":\"2023-05-18T18:59:09+00:00\",\"dateModified\":\"2023-05-18T18:59:11+00:00\",\"author\":{\"@id\":\"https:\\\/\\\/folhapopular.info\\\/#\\\/schema\\\/person\\\/2814e8a0df7643585a9ca38bc6eb9d4b\"},\"breadcrumb\":{\"@id\":\"https:\\\/\\\/folhapopular.info\\\/index.php\\\/2023\\\/05\\\/18\\\/escolas-de-imigrante-participam-da-5a-tertulia-cooperativas-escolares-em-movimento\\\/#breadcrumb\"},\"inLanguage\":\"pt-BR\",\"potentialAction\":[{\"@type\":\"ReadAction\",\"target\":[\"https:\\\/\\\/folhapopular.info\\\/index.php\\\/2023\\\/05\\\/18\\\/escolas-de-imigrante-participam-da-5a-tertulia-cooperativas-escolares-em-movimento\\\/\"]}]},{\"@type\":\"ImageObject\",\"inLanguage\":\"pt-BR\",\"@id\":\"https:\\\/\\\/folhapopular.info\\\/index.php\\\/2023\\\/05\\\/18\\\/escolas-de-imigrante-participam-da-5a-tertulia-cooperativas-escolares-em-movimento\\\/#primaryimage\",\"url\":\"https:\\\/\\\/folhapopular.info\\\/wp-content\\\/uploads\\\/2023\\\/05\\\/COOPERATIVAS-2.jpg\",\"contentUrl\":\"https:\\\/\\\/folhapopular.info\\\/wp-content\\\/uploads\\\/2023\\\/05\\\/COOPERATIVAS-2.jpg\",\"width\":1600,\"height\":1200,\"caption\":\"As equipes diretivas das Escolas de Ensino Fundamental (Emefs), juntamente com a coordenadora da Secretaria da Educa\u00e7\u00e3o de Imigrante, Magali R\u00f6hsig, estiveram em Nova Petr\u00f3polis, juntamente com a professora mediadora, Julia Brune \\\/ Cr\u00e9dito: AI\"},{\"@type\":\"BreadcrumbList\",\"@id\":\"https:\\\/\\\/folhapopular.info\\\/index.php\\\/2023\\\/05\\\/18\\\/escolas-de-imigrante-participam-da-5a-tertulia-cooperativas-escolares-em-movimento\\\/#breadcrumb\",\"itemListElement\":[{\"@type\":\"ListItem\",\"position\":1,\"name\":\"In\u00edcio\",\"item\":\"https:\\\/\\\/folhapopular.info\\\/\"},{\"@type\":\"ListItem\",\"position\":2,\"name\":\"Escolas de Imigrante participam da 5\u00aa Tert\u00falia Cooperativas Escolares em Movimento\"}]},{\"@type\":\"WebSite\",\"@id\":\"https:\\\/\\\/folhapopular.info\\\/#website\",\"url\":\"https:\\\/\\\/folhapopular.info\\\/\",\"name\":\"Folha Popular\",\"description\":\"Onde voc\u00ea tem vez e voz\",\"potentialAction\":[{\"@type\":\"SearchAction\",\"target\":{\"@type\":\"EntryPoint\",\"urlTemplate\":\"https:\\\/\\\/folhapopular.info\\\/?s={search_term_string}\"},\"query-input\":{\"@type\":\"PropertyValueSpecification\",\"valueRequired\":true,\"valueName\":\"search_term_string\"}}],\"inLanguage\":\"pt-BR\"},{\"@type\":\"Person\",\"@id\":\"https:\\\/\\\/folhapopular.info\\\/#\\\/schema\\\/person\\\/2814e8a0df7643585a9ca38bc6eb9d4b\",\"name\":\"Reda\u00e7\u00e3o Folha Popular\",\"image\":{\"@type\":\"ImageObject\",\"inLanguage\":\"pt-BR\",\"@id\":\"https:\\\/\\\/folhapopular.info\\\/wp-content\\\/uploads\\\/2026\\\/04\\\/Folha-1.webp\",\"url\":\"https:\\\/\\\/folhapopular.info\\\/wp-content\\\/uploads\\\/2026\\\/04\\\/Folha-1.webp\",\"contentUrl\":\"https:\\\/\\\/folhapopular.info\\\/wp-content\\\/uploads\\\/2026\\\/04\\\/Folha-1.webp\",\"caption\":\"Reda\u00e7\u00e3o Folha Popular\"},\"url\":\"https:\\\/\\\/folhapopular.info\\\/index.php\\\/author\\\/redacao\\\/\"}]}<\/script>\n<!-- \/ Yoast SEO plugin. -->","yoast_head_json":{"title":"Escolas de Imigrante participam da 5\u00aa Tert\u00falia Cooperativas Escolares em Movimento - Folha Popular","robots":{"index":"index","follow":"follow","max-snippet":"max-snippet:-1","max-image-preview":"max-image-preview:large","max-video-preview":"max-video-preview:-1"},"canonical":"https:\/\/folhapopular.info\/index.php\/2023\/05\/18\/escolas-de-imigrante-participam-da-5a-tertulia-cooperativas-escolares-em-movimento\/","og_locale":"pt_BR","og_type":"article","og_title":"Escolas de Imigrante participam da 5\u00aa Tert\u00falia Cooperativas Escolares em Movimento - Folha Popular","og_description":"A Administra\u00e7\u00e3o Municipal, por meio da Secretaria de Educa\u00e7\u00e3o, participou da 5\u00aa Tert\u00falia \u2013 Cooperativas Escolares em Movimento. O evento busca formar as equipes diretivas das Escolas de Ensino Fundamental (Emefs) e professor mediador, tornando-os aptos \u00e0 participa\u00e7\u00e3o no programa. As equipes diretivas das Escolas de Ensino Fundamental (Emefs), juntamente com a coordenadora da Secretaria [&hellip;]","og_url":"https:\/\/folhapopular.info\/index.php\/2023\/05\/18\/escolas-de-imigrante-participam-da-5a-tertulia-cooperativas-escolares-em-movimento\/","og_site_name":"Folha Popular","article_published_time":"2023-05-18T18:59:09+00:00","article_modified_time":"2023-05-18T18:59:11+00:00","og_image":[{"width":1600,"height":1200,"url":"http:\/\/folhapopular.info\/wp-content\/uploads\/2023\/05\/COOPERATIVAS-2.jpg","type":"image\/jpeg"}],"author":"Reda\u00e7\u00e3o Folha Popular","twitter_card":"summary_large_image","twitter_misc":{"Escrito por":"Reda\u00e7\u00e3o Folha Popular","Est. tempo de leitura":"2 minutos"},"schema":{"@context":"https:\/\/schema.org","@graph":[{"@type":"Article","@id":"https:\/\/folhapopular.info\/index.php\/2023\/05\/18\/escolas-de-imigrante-participam-da-5a-tertulia-cooperativas-escolares-em-movimento\/#article","isPartOf":{"@id":"https:\/\/folhapopular.info\/index.php\/2023\/05\/18\/escolas-de-imigrante-participam-da-5a-tertulia-cooperativas-escolares-em-movimento\/"},"author":{"name":"Reda\u00e7\u00e3o Folha Popular","@id":"https:\/\/folhapopular.info\/#\/schema\/person\/2814e8a0df7643585a9ca38bc6eb9d4b"},"headline":"Escolas de Imigrante participam da 5\u00aa Tert\u00falia Cooperativas Escolares em Movimento","datePublished":"2023-05-18T18:59:09+00:00","dateModified":"2023-05-18T18:59:11+00:00","mainEntityOfPage":{"@id":"https:\/\/folhapopular.info\/index.php\/2023\/05\/18\/escolas-de-imigrante-participam-da-5a-tertulia-cooperativas-escolares-em-movimento\/"},"wordCount":243,"commentCount":0,"image":{"@id":"https:\/\/folhapopular.info\/index.php\/2023\/05\/18\/escolas-de-imigrante-participam-da-5a-tertulia-cooperativas-escolares-em-movimento\/#primaryimage"},"thumbnailUrl":"https:\/\/folhapopular.info\/wp-content\/uploads\/2023\/05\/COOPERATIVAS-2.jpg","keywords":["Educa\u00e7\u00e3o","escolares","Imigrante","tertulia"],"articleSection":["Destaques","Educa\u00e7\u00e3o","Geral"],"inLanguage":"pt-BR","potentialAction":[{"@type":"CommentAction","name":"Comment","target":["https:\/\/folhapopular.info\/index.php\/2023\/05\/18\/escolas-de-imigrante-participam-da-5a-tertulia-cooperativas-escolares-em-movimento\/#respond"]}]},{"@type":"WebPage","@id":"https:\/\/folhapopular.info\/index.php\/2023\/05\/18\/escolas-de-imigrante-participam-da-5a-tertulia-cooperativas-escolares-em-movimento\/","url":"https:\/\/folhapopular.info\/index.php\/2023\/05\/18\/escolas-de-imigrante-participam-da-5a-tertulia-cooperativas-escolares-em-movimento\/","name":"Escolas de Imigrante participam da 5\u00aa Tert\u00falia Cooperativas Escolares em Movimento - Folha Popular","isPartOf":{"@id":"https:\/\/folhapopular.info\/#website"},"primaryImageOfPage":{"@id":"https:\/\/folhapopular.info\/index.php\/2023\/05\/18\/escolas-de-imigrante-participam-da-5a-tertulia-cooperativas-escolares-em-movimento\/#primaryimage"},"image":{"@id":"https:\/\/folhapopular.info\/index.php\/2023\/05\/18\/escolas-de-imigrante-participam-da-5a-tertulia-cooperativas-escolares-em-movimento\/#primaryimage"},"thumbnailUrl":"https:\/\/folhapopular.info\/wp-content\/uploads\/2023\/05\/COOPERATIVAS-2.jpg","datePublished":"2023-05-18T18:59:09+00:00","dateModified":"2023-05-18T18:59:11+00:00","author":{"@id":"https:\/\/folhapopular.info\/#\/schema\/person\/2814e8a0df7643585a9ca38bc6eb9d4b"},"breadcrumb":{"@id":"https:\/\/folhapopular.info\/index.php\/2023\/05\/18\/escolas-de-imigrante-participam-da-5a-tertulia-cooperativas-escolares-em-movimento\/#breadcrumb"},"inLanguage":"pt-BR","potentialAction":[{"@type":"ReadAction","target":["https:\/\/folhapopular.info\/index.php\/2023\/05\/18\/escolas-de-imigrante-participam-da-5a-tertulia-cooperativas-escolares-em-movimento\/"]}]},{"@type":"ImageObject","inLanguage":"pt-BR","@id":"https:\/\/folhapopular.info\/index.php\/2023\/05\/18\/escolas-de-imigrante-participam-da-5a-tertulia-cooperativas-escolares-em-movimento\/#primaryimage","url":"https:\/\/folhapopular.info\/wp-content\/uploads\/2023\/05\/COOPERATIVAS-2.jpg","contentUrl":"https:\/\/folhapopular.info\/wp-content\/uploads\/2023\/05\/COOPERATIVAS-2.jpg","width":1600,"height":1200,"caption":"As equipes diretivas das Escolas de Ensino Fundamental (Emefs), juntamente com a coordenadora da Secretaria da Educa\u00e7\u00e3o de Imigrante, Magali R\u00f6hsig, estiveram em Nova Petr\u00f3polis, juntamente com a professora mediadora, Julia Brune \/ Cr\u00e9dito: AI"},{"@type":"BreadcrumbList","@id":"https:\/\/folhapopular.info\/index.php\/2023\/05\/18\/escolas-de-imigrante-participam-da-5a-tertulia-cooperativas-escolares-em-movimento\/#breadcrumb","itemListElement":[{"@type":"ListItem","position":1,"name":"In\u00edcio","item":"https:\/\/folhapopular.info\/"},{"@type":"ListItem","position":2,"name":"Escolas de Imigrante participam da 5\u00aa Tert\u00falia Cooperativas Escolares em Movimento"}]},{"@type":"WebSite","@id":"https:\/\/folhapopular.info\/#website","url":"https:\/\/folhapopular.info\/","name":"Folha Popular","description":"Onde voc\u00ea tem vez e voz","potentialAction":[{"@type":"SearchAction","target":{"@type":"EntryPoint","urlTemplate":"https:\/\/folhapopular.info\/?s={search_term_string}"},"query-input":{"@type":"PropertyValueSpecification","valueRequired":true,"valueName":"search_term_string"}}],"inLanguage":"pt-BR"},{"@type":"Person","@id":"https:\/\/folhapopular.info\/#\/schema\/person\/2814e8a0df7643585a9ca38bc6eb9d4b","name":"Reda\u00e7\u00e3o Folha Popular","image":{"@type":"ImageObject","inLanguage":"pt-BR","@id":"https:\/\/folhapopular.info\/wp-content\/uploads\/2026\/04\/Folha-1.webp","url":"https:\/\/folhapopular.info\/wp-content\/uploads\/2026\/04\/Folha-1.webp","contentUrl":"https:\/\/folhapopular.info\/wp-content\/uploads\/2026\/04\/Folha-1.webp","caption":"Reda\u00e7\u00e3o Folha Popular"},"url":"https:\/\/folhapopular.info\/index.php\/author\/redacao\/"}]}},"jetpack_featured_media_url":"https:\/\/folhapopular.info\/wp-content\/uploads\/2023\/05\/COOPERATIVAS-2.jpg","jetpack_sharing_enabled":true,"amp_enabled":true,"_links":{"self":[{"href":"https:\/\/folhapopular.info\/index.php\/wp-json\/wp\/v2\/posts\/127899","targetHints":{"allow":["GET"]}}],"collection":[{"href":"https:\/\/folhapopular.info\/index.php\/wp-json\/wp\/v2\/posts"}],"about":[{"href":"https:\/\/folhapopular.info\/index.php\/wp-json\/wp\/v2\/types\/post"}],"author":[{"embeddable":true,"href":"https:\/\/folhapopular.info\/index.php\/wp-json\/wp\/v2\/users\/8"}],"replies":[{"embeddable":true,"href":"https:\/\/folhapopular.info\/index.php\/wp-json\/wp\/v2\/comments?post=127899"}],"version-history":[{"count":0,"href":"https:\/\/folhapopular.info\/index.php\/wp-json\/wp\/v2\/posts\/127899\/revisions"}],"wp:featuredmedia":[{"embeddable":true,"href":"https:\/\/folhapopular.info\/index.php\/wp-json\/wp\/v2\/media\/127900"}],"wp:attachment":[{"href":"https:\/\/folhapopular.info\/index.php\/wp-json\/wp\/v2\/media?parent=127899"}],"wp:term":[{"taxonomy":"category","embeddable":true,"href":"https:\/\/folhapopular.info\/index.php\/wp-json\/wp\/v2\/categories?post=127899"},{"taxonomy":"post_tag","embeddable":true,"href":"https:\/\/folhapopular.info\/index.php\/wp-json\/wp\/v2\/tags?post=127899"}],"curies":[{"name":"wp","href":"https:\/\/api.w.org\/{rel}","templated":true}]}}