{"id":127979,"date":"2023-05-19T17:20:00","date_gmt":"2023-05-19T20:20:00","guid":{"rendered":"https:\/\/folhapopular.info\/?p=127979"},"modified":"2023-05-19T16:40:53","modified_gmt":"2023-05-19T19:40:53","slug":"posto-montanha-de-lajeado-tera-horario-de-atendimento-ampliado","status":"publish","type":"post","link":"https:\/\/folhapopular.info\/index.php\/2023\/05\/19\/posto-montanha-de-lajeado-tera-horario-de-atendimento-ampliado\/","title":{"rendered":"Posto Montanha, de Lajeado, ter\u00e1 hor\u00e1rio de atendimento ampliado"},"content":{"rendered":"\n<p>A Prefeitura de Lajeado, por meio da Secretaria de Sa\u00fade (Sesa), ampliar\u00e1 o hor\u00e1rio de atendimento do Posto de Sa\u00fade do Bairro Montanha. A partir da pr\u00f3xima segunda-feira (22\/5) o posto funcionar\u00e1 nos dias \u00fateis com hor\u00e1rio estendido das 17h \u00e0s 22h. O objetivo \u00e9 atender os pacientes com sintomas leves e que procuram a UPA em raz\u00e3o de ser o \u00fanico local aberto. <\/p>\n\n\n\n<p>Agora, as pessoas que apresentarem sintomas gripais, dor de cabe\u00e7a, febre baixa ou outros sintomas n\u00e3o graves poder\u00e3o ir at\u00e9 o Montanha. Esta mudan\u00e7a qualificar\u00e1 o atendimento dos casos mais graves que precisam da UPA, reduzir\u00e1 a lota\u00e7\u00e3o da sala de espera e agilizar\u00e1 o atendimento dos casos leves.<\/p>\n\n\n\n<h2 class=\"wp-block-heading\"><strong>UPA fornecer\u00e1 atestado de comparecimento para casos leves<\/strong><\/h2>\n\n\n\n<p>A partir de uma resolu\u00e7\u00e3o do Conselho Regional de Medicina do RS (Cremers) de 2014, os profissionais de sa\u00fade da UPA passar\u00e3o a fornecer apenas atestado de comparecimento para os casos leves atendidos na unidade. A ideia \u00e9 que os pacientes com sintomas leves e que necessitarem atestado de afastamento do trabalho obtenham o documento junto ao m\u00e9dico do trabalho da sua empresa, ao m\u00e9dico da sua unidade de sa\u00fade ou ao profissional de sa\u00fade privado que lhe atenda.<\/p>\n\n\n\n<p>A resolu\u00e7\u00e3o do Cremers baseia-se no fato de que o m\u00e9dico que atua em servi\u00e7os de urg\u00eancia e emerg\u00eancia n\u00e3o conhece previamente o paciente, e deve atuar exclusivamente no atendimento imediato para solucionar o problema de sa\u00fade que se apresenta. Assim, a decis\u00e3o sobre a necessidade e indica\u00e7\u00e3o de se afastar do trabalho requer avalia\u00e7\u00e3o mais minuciosa, que n\u00e3o pode ser realizada em ambiente de urg\u00eancia e emerg\u00eancia.<\/p>\n\n\n\n<p>A avalia\u00e7\u00e3o sobre a concess\u00e3o de atestados de afastamento do trabalho ser\u00e1 criteriosa e concedida apenas em casos espec\u00edficos, especialmente os mais graves em raz\u00e3o da evidente necessidade. Importante ressaltar que a avalia\u00e7\u00e3o de cada caso cabe ao profissional de sa\u00fade, que tem autonomia para a decis\u00e3o.<\/p>\n\n\n\n<p><\/p>\n\n\n\n<h2 class=\"wp-block-heading\">Quando buscar o posto de sa\u00fade:<\/h2>\n\n\n\n<p>&#8211; Traumas leves<\/p>\n\n\n\n<p>&#8211; Sintomas gripais<\/p>\n\n\n\n<p>&#8211; Tontura<\/p>\n\n\n\n<p>&#8211; Dor abdominal leve<\/p>\n\n\n\n<p>&#8211; Conjuntivite<\/p>\n\n\n\n<p>&#8211; Mal estar<\/p>\n\n\n\n<p>&#8211; Outras sintomas leves<\/p>\n\n\n\n<h2 class=\"wp-block-heading\">Quando buscar a UPA:<\/h2>\n\n\n\n<p>&#8211; Febre alta (acima de 39\u00baC)<\/p>\n\n\n\n<p>&#8211; Fratura<\/p>\n\n\n\n<p>&#8211; Corte com pouco sangramento<\/p>\n\n\n\n<p>&#8211; Queda com tor\u00e7\u00e3o e dor intensa ou suspeita de fratura<\/p>\n\n\n\n<p>&#8211; Infarto<\/p>\n\n\n\n<p>&#8211; Derrame<\/p>\n\n\n\n<p>&#8211; Falta de ar intenso<\/p>\n\n\n\n<p>&#8211; Crise convulsiva<\/p>\n\n\n\n<p>&#8211; Dores fortes no peito<\/p>\n\n\n\n<p>&#8211; V\u00f4mito constante<\/p>\n","protected":false},"excerpt":{"rendered":"<p>A Prefeitura de Lajeado, por meio da Secretaria de Sa\u00fade (Sesa), ampliar\u00e1 o hor\u00e1rio de atendimento do Posto de Sa\u00fade do Bairro Montanha. A partir da pr\u00f3xima segunda-feira (22\/5) o posto funcionar\u00e1 nos dias \u00fateis com hor\u00e1rio estendido das 17h \u00e0s 22h. O objetivo \u00e9 atender os pacientes com sintomas leves e que procuram a [&hellip;]<\/p>\n","protected":false},"author":8,"featured_media":127983,"comment_status":"open","ping_status":"open","sticky":false,"template":"","format":"standard","meta":{"pmpro_default_level":"","_jetpack_memberships_contains_paid_content":false,"footnotes":""},"categories":[2,10986],"tags":[5244,27,11296,4730,203,89,579,12239,179],"class_list":{"0":"post-127979","1":"post","2":"type-post","3":"status-publish","4":"format-standard","5":"has-post-thumbnail","7":"category-featured","8":"category-saude","9":"tag-atendimento","10":"tag-lajeado","11":"tag-montanha","12":"tag-posto","13":"tag-posto-de-saude","14":"tag-saude","15":"tag-ubs","16":"tag-uoa","17":"tag-upa","18":"pmpro-has-access"},"yoast_head":"<!-- This site is optimized with the Yoast SEO plugin v27.5 - https:\/\/yoast.com\/product\/yoast-seo-wordpress\/ -->\n<title>Posto Montanha, de Lajeado, ter\u00e1 hor\u00e1rio de atendimento ampliado - Folha Popular<\/title>\n<meta name=\"description\" content=\"O objetivo \u00e9 atender os pacientes com sintomas leves e que procuram a UPA em raz\u00e3o de ser o \u00fanico local aberto.\" \/>\n<meta name=\"robots\" content=\"index, follow, max-snippet:-1, max-image-preview:large, max-video-preview:-1\" \/>\n<link rel=\"canonical\" href=\"https:\/\/folhapopular.info\/index.php\/2023\/05\/19\/posto-montanha-de-lajeado-tera-horario-de-atendimento-ampliado\/\" \/>\n<meta property=\"og:locale\" content=\"pt_BR\" \/>\n<meta property=\"og:type\" content=\"article\" \/>\n<meta property=\"og:title\" content=\"Posto Montanha, de Lajeado, ter\u00e1 hor\u00e1rio de atendimento ampliado - Folha Popular\" \/>\n<meta property=\"og:description\" content=\"O objetivo \u00e9 atender os pacientes com sintomas leves e que procuram a UPA em raz\u00e3o de ser o \u00fanico local aberto.\" \/>\n<meta property=\"og:url\" content=\"https:\/\/folhapopular.info\/index.php\/2023\/05\/19\/posto-montanha-de-lajeado-tera-horario-de-atendimento-ampliado\/\" \/>\n<meta property=\"og:site_name\" content=\"Folha Popular\" \/>\n<meta property=\"article:published_time\" content=\"2023-05-19T20:20:00+00:00\" \/>\n<meta property=\"og:image\" content=\"https:\/\/folhapopular.info\/wp-content\/uploads\/2023\/05\/Posto-do-montanha.jpeg\" \/>\n\t<meta property=\"og:image:width\" content=\"1600\" \/>\n\t<meta property=\"og:image:height\" content=\"1204\" \/>\n\t<meta property=\"og:image:type\" content=\"image\/jpeg\" \/>\n<meta name=\"author\" content=\"Reda\u00e7\u00e3o Folha Popular\" \/>\n<meta name=\"twitter:card\" content=\"summary_large_image\" \/>\n<meta name=\"twitter:label1\" content=\"Escrito por\" \/>\n\t<meta name=\"twitter:data1\" content=\"Reda\u00e7\u00e3o Folha Popular\" \/>\n\t<meta name=\"twitter:label2\" content=\"Est. tempo de leitura\" \/>\n\t<meta name=\"twitter:data2\" content=\"3 minutos\" \/>\n<script type=\"application\/ld+json\" class=\"yoast-schema-graph\">{\"@context\":\"https:\\\/\\\/schema.org\",\"@graph\":[{\"@type\":\"Article\",\"@id\":\"https:\\\/\\\/folhapopular.info\\\/index.php\\\/2023\\\/05\\\/19\\\/posto-montanha-de-lajeado-tera-horario-de-atendimento-ampliado\\\/#article\",\"isPartOf\":{\"@id\":\"https:\\\/\\\/folhapopular.info\\\/index.php\\\/2023\\\/05\\\/19\\\/posto-montanha-de-lajeado-tera-horario-de-atendimento-ampliado\\\/\"},\"author\":{\"name\":\"Reda\u00e7\u00e3o Folha Popular\",\"@id\":\"https:\\\/\\\/folhapopular.info\\\/#\\\/schema\\\/person\\\/2814e8a0df7643585a9ca38bc6eb9d4b\"},\"headline\":\"Posto Montanha, de Lajeado, ter\u00e1 hor\u00e1rio de atendimento ampliado\",\"datePublished\":\"2023-05-19T20:20:00+00:00\",\"mainEntityOfPage\":{\"@id\":\"https:\\\/\\\/folhapopular.info\\\/index.php\\\/2023\\\/05\\\/19\\\/posto-montanha-de-lajeado-tera-horario-de-atendimento-ampliado\\\/\"},\"wordCount\":437,\"commentCount\":0,\"image\":{\"@id\":\"https:\\\/\\\/folhapopular.info\\\/index.php\\\/2023\\\/05\\\/19\\\/posto-montanha-de-lajeado-tera-horario-de-atendimento-ampliado\\\/#primaryimage\"},\"thumbnailUrl\":\"https:\\\/\\\/folhapopular.info\\\/wp-content\\\/uploads\\\/2023\\\/05\\\/Posto-do-montanha.jpeg\",\"keywords\":[\"atendimento\",\"Lajeado\",\"montanha\",\"posto\",\"Posto de Sa\u00fade\",\"Sa\u00fade\",\"UBS\",\"uoa\",\"UPA\"],\"articleSection\":[\"Destaques\",\"Sa\u00fade\"],\"inLanguage\":\"pt-BR\",\"potentialAction\":[{\"@type\":\"CommentAction\",\"name\":\"Comment\",\"target\":[\"https:\\\/\\\/folhapopular.info\\\/index.php\\\/2023\\\/05\\\/19\\\/posto-montanha-de-lajeado-tera-horario-de-atendimento-ampliado\\\/#respond\"]}]},{\"@type\":\"WebPage\",\"@id\":\"https:\\\/\\\/folhapopular.info\\\/index.php\\\/2023\\\/05\\\/19\\\/posto-montanha-de-lajeado-tera-horario-de-atendimento-ampliado\\\/\",\"url\":\"https:\\\/\\\/folhapopular.info\\\/index.php\\\/2023\\\/05\\\/19\\\/posto-montanha-de-lajeado-tera-horario-de-atendimento-ampliado\\\/\",\"name\":\"Posto Montanha, de Lajeado, ter\u00e1 hor\u00e1rio de atendimento ampliado - Folha Popular\",\"isPartOf\":{\"@id\":\"https:\\\/\\\/folhapopular.info\\\/#website\"},\"primaryImageOfPage\":{\"@id\":\"https:\\\/\\\/folhapopular.info\\\/index.php\\\/2023\\\/05\\\/19\\\/posto-montanha-de-lajeado-tera-horario-de-atendimento-ampliado\\\/#primaryimage\"},\"image\":{\"@id\":\"https:\\\/\\\/folhapopular.info\\\/index.php\\\/2023\\\/05\\\/19\\\/posto-montanha-de-lajeado-tera-horario-de-atendimento-ampliado\\\/#primaryimage\"},\"thumbnailUrl\":\"https:\\\/\\\/folhapopular.info\\\/wp-content\\\/uploads\\\/2023\\\/05\\\/Posto-do-montanha.jpeg\",\"datePublished\":\"2023-05-19T20:20:00+00:00\",\"author\":{\"@id\":\"https:\\\/\\\/folhapopular.info\\\/#\\\/schema\\\/person\\\/2814e8a0df7643585a9ca38bc6eb9d4b\"},\"description\":\"O objetivo \u00e9 atender os pacientes com sintomas leves e que procuram a UPA em raz\u00e3o de ser o \u00fanico local aberto.\",\"breadcrumb\":{\"@id\":\"https:\\\/\\\/folhapopular.info\\\/index.php\\\/2023\\\/05\\\/19\\\/posto-montanha-de-lajeado-tera-horario-de-atendimento-ampliado\\\/#breadcrumb\"},\"inLanguage\":\"pt-BR\",\"potentialAction\":[{\"@type\":\"ReadAction\",\"target\":[\"https:\\\/\\\/folhapopular.info\\\/index.php\\\/2023\\\/05\\\/19\\\/posto-montanha-de-lajeado-tera-horario-de-atendimento-ampliado\\\/\"]}]},{\"@type\":\"ImageObject\",\"inLanguage\":\"pt-BR\",\"@id\":\"https:\\\/\\\/folhapopular.info\\\/index.php\\\/2023\\\/05\\\/19\\\/posto-montanha-de-lajeado-tera-horario-de-atendimento-ampliado\\\/#primaryimage\",\"url\":\"https:\\\/\\\/folhapopular.info\\\/wp-content\\\/uploads\\\/2023\\\/05\\\/Posto-do-montanha.jpeg\",\"contentUrl\":\"https:\\\/\\\/folhapopular.info\\\/wp-content\\\/uploads\\\/2023\\\/05\\\/Posto-do-montanha.jpeg\",\"width\":1600,\"height\":1204,\"caption\":\"Posto de sa\u00fade Bairro Montanha \\\/ Cr\u00e9dito: AI\"},{\"@type\":\"BreadcrumbList\",\"@id\":\"https:\\\/\\\/folhapopular.info\\\/index.php\\\/2023\\\/05\\\/19\\\/posto-montanha-de-lajeado-tera-horario-de-atendimento-ampliado\\\/#breadcrumb\",\"itemListElement\":[{\"@type\":\"ListItem\",\"position\":1,\"name\":\"In\u00edcio\",\"item\":\"https:\\\/\\\/folhapopular.info\\\/\"},{\"@type\":\"ListItem\",\"position\":2,\"name\":\"Posto Montanha, de Lajeado, ter\u00e1 hor\u00e1rio de atendimento ampliado\"}]},{\"@type\":\"WebSite\",\"@id\":\"https:\\\/\\\/folhapopular.info\\\/#website\",\"url\":\"https:\\\/\\\/folhapopular.info\\\/\",\"name\":\"Folha Popular\",\"description\":\"Onde voc\u00ea tem vez e voz\",\"potentialAction\":[{\"@type\":\"SearchAction\",\"target\":{\"@type\":\"EntryPoint\",\"urlTemplate\":\"https:\\\/\\\/folhapopular.info\\\/?s={search_term_string}\"},\"query-input\":{\"@type\":\"PropertyValueSpecification\",\"valueRequired\":true,\"valueName\":\"search_term_string\"}}],\"inLanguage\":\"pt-BR\"},{\"@type\":\"Person\",\"@id\":\"https:\\\/\\\/folhapopular.info\\\/#\\\/schema\\\/person\\\/2814e8a0df7643585a9ca38bc6eb9d4b\",\"name\":\"Reda\u00e7\u00e3o Folha Popular\",\"image\":{\"@type\":\"ImageObject\",\"inLanguage\":\"pt-BR\",\"@id\":\"https:\\\/\\\/folhapopular.info\\\/wp-content\\\/uploads\\\/2026\\\/04\\\/Folha-1.webp\",\"url\":\"https:\\\/\\\/folhapopular.info\\\/wp-content\\\/uploads\\\/2026\\\/04\\\/Folha-1.webp\",\"contentUrl\":\"https:\\\/\\\/folhapopular.info\\\/wp-content\\\/uploads\\\/2026\\\/04\\\/Folha-1.webp\",\"caption\":\"Reda\u00e7\u00e3o Folha Popular\"},\"url\":\"https:\\\/\\\/folhapopular.info\\\/index.php\\\/author\\\/redacao\\\/\"}]}<\/script>\n<!-- \/ Yoast SEO plugin. -->","yoast_head_json":{"title":"Posto Montanha, de Lajeado, ter\u00e1 hor\u00e1rio de atendimento ampliado - Folha Popular","description":"O objetivo \u00e9 atender os pacientes com sintomas leves e que procuram a UPA em raz\u00e3o de ser o \u00fanico local aberto.","robots":{"index":"index","follow":"follow","max-snippet":"max-snippet:-1","max-image-preview":"max-image-preview:large","max-video-preview":"max-video-preview:-1"},"canonical":"https:\/\/folhapopular.info\/index.php\/2023\/05\/19\/posto-montanha-de-lajeado-tera-horario-de-atendimento-ampliado\/","og_locale":"pt_BR","og_type":"article","og_title":"Posto Montanha, de Lajeado, ter\u00e1 hor\u00e1rio de atendimento ampliado - Folha Popular","og_description":"O objetivo \u00e9 atender os pacientes com sintomas leves e que procuram a UPA em raz\u00e3o de ser o \u00fanico local aberto.","og_url":"https:\/\/folhapopular.info\/index.php\/2023\/05\/19\/posto-montanha-de-lajeado-tera-horario-de-atendimento-ampliado\/","og_site_name":"Folha Popular","article_published_time":"2023-05-19T20:20:00+00:00","og_image":[{"width":1600,"height":1204,"url":"https:\/\/folhapopular.info\/wp-content\/uploads\/2023\/05\/Posto-do-montanha.jpeg","type":"image\/jpeg"}],"author":"Reda\u00e7\u00e3o Folha Popular","twitter_card":"summary_large_image","twitter_misc":{"Escrito por":"Reda\u00e7\u00e3o Folha Popular","Est. tempo de leitura":"3 minutos"},"schema":{"@context":"https:\/\/schema.org","@graph":[{"@type":"Article","@id":"https:\/\/folhapopular.info\/index.php\/2023\/05\/19\/posto-montanha-de-lajeado-tera-horario-de-atendimento-ampliado\/#article","isPartOf":{"@id":"https:\/\/folhapopular.info\/index.php\/2023\/05\/19\/posto-montanha-de-lajeado-tera-horario-de-atendimento-ampliado\/"},"author":{"name":"Reda\u00e7\u00e3o Folha Popular","@id":"https:\/\/folhapopular.info\/#\/schema\/person\/2814e8a0df7643585a9ca38bc6eb9d4b"},"headline":"Posto Montanha, de Lajeado, ter\u00e1 hor\u00e1rio de atendimento ampliado","datePublished":"2023-05-19T20:20:00+00:00","mainEntityOfPage":{"@id":"https:\/\/folhapopular.info\/index.php\/2023\/05\/19\/posto-montanha-de-lajeado-tera-horario-de-atendimento-ampliado\/"},"wordCount":437,"commentCount":0,"image":{"@id":"https:\/\/folhapopular.info\/index.php\/2023\/05\/19\/posto-montanha-de-lajeado-tera-horario-de-atendimento-ampliado\/#primaryimage"},"thumbnailUrl":"https:\/\/folhapopular.info\/wp-content\/uploads\/2023\/05\/Posto-do-montanha.jpeg","keywords":["atendimento","Lajeado","montanha","posto","Posto de Sa\u00fade","Sa\u00fade","UBS","uoa","UPA"],"articleSection":["Destaques","Sa\u00fade"],"inLanguage":"pt-BR","potentialAction":[{"@type":"CommentAction","name":"Comment","target":["https:\/\/folhapopular.info\/index.php\/2023\/05\/19\/posto-montanha-de-lajeado-tera-horario-de-atendimento-ampliado\/#respond"]}]},{"@type":"WebPage","@id":"https:\/\/folhapopular.info\/index.php\/2023\/05\/19\/posto-montanha-de-lajeado-tera-horario-de-atendimento-ampliado\/","url":"https:\/\/folhapopular.info\/index.php\/2023\/05\/19\/posto-montanha-de-lajeado-tera-horario-de-atendimento-ampliado\/","name":"Posto Montanha, de Lajeado, ter\u00e1 hor\u00e1rio de atendimento ampliado - Folha Popular","isPartOf":{"@id":"https:\/\/folhapopular.info\/#website"},"primaryImageOfPage":{"@id":"https:\/\/folhapopular.info\/index.php\/2023\/05\/19\/posto-montanha-de-lajeado-tera-horario-de-atendimento-ampliado\/#primaryimage"},"image":{"@id":"https:\/\/folhapopular.info\/index.php\/2023\/05\/19\/posto-montanha-de-lajeado-tera-horario-de-atendimento-ampliado\/#primaryimage"},"thumbnailUrl":"https:\/\/folhapopular.info\/wp-content\/uploads\/2023\/05\/Posto-do-montanha.jpeg","datePublished":"2023-05-19T20:20:00+00:00","author":{"@id":"https:\/\/folhapopular.info\/#\/schema\/person\/2814e8a0df7643585a9ca38bc6eb9d4b"},"description":"O objetivo \u00e9 atender os pacientes com sintomas leves e que procuram a UPA em raz\u00e3o de ser o \u00fanico local aberto.","breadcrumb":{"@id":"https:\/\/folhapopular.info\/index.php\/2023\/05\/19\/posto-montanha-de-lajeado-tera-horario-de-atendimento-ampliado\/#breadcrumb"},"inLanguage":"pt-BR","potentialAction":[{"@type":"ReadAction","target":["https:\/\/folhapopular.info\/index.php\/2023\/05\/19\/posto-montanha-de-lajeado-tera-horario-de-atendimento-ampliado\/"]}]},{"@type":"ImageObject","inLanguage":"pt-BR","@id":"https:\/\/folhapopular.info\/index.php\/2023\/05\/19\/posto-montanha-de-lajeado-tera-horario-de-atendimento-ampliado\/#primaryimage","url":"https:\/\/folhapopular.info\/wp-content\/uploads\/2023\/05\/Posto-do-montanha.jpeg","contentUrl":"https:\/\/folhapopular.info\/wp-content\/uploads\/2023\/05\/Posto-do-montanha.jpeg","width":1600,"height":1204,"caption":"Posto de sa\u00fade Bairro Montanha \/ Cr\u00e9dito: AI"},{"@type":"BreadcrumbList","@id":"https:\/\/folhapopular.info\/index.php\/2023\/05\/19\/posto-montanha-de-lajeado-tera-horario-de-atendimento-ampliado\/#breadcrumb","itemListElement":[{"@type":"ListItem","position":1,"name":"In\u00edcio","item":"https:\/\/folhapopular.info\/"},{"@type":"ListItem","position":2,"name":"Posto Montanha, de Lajeado, ter\u00e1 hor\u00e1rio de atendimento ampliado"}]},{"@type":"WebSite","@id":"https:\/\/folhapopular.info\/#website","url":"https:\/\/folhapopular.info\/","name":"Folha Popular","description":"Onde voc\u00ea tem vez e voz","potentialAction":[{"@type":"SearchAction","target":{"@type":"EntryPoint","urlTemplate":"https:\/\/folhapopular.info\/?s={search_term_string}"},"query-input":{"@type":"PropertyValueSpecification","valueRequired":true,"valueName":"search_term_string"}}],"inLanguage":"pt-BR"},{"@type":"Person","@id":"https:\/\/folhapopular.info\/#\/schema\/person\/2814e8a0df7643585a9ca38bc6eb9d4b","name":"Reda\u00e7\u00e3o Folha Popular","image":{"@type":"ImageObject","inLanguage":"pt-BR","@id":"https:\/\/folhapopular.info\/wp-content\/uploads\/2026\/04\/Folha-1.webp","url":"https:\/\/folhapopular.info\/wp-content\/uploads\/2026\/04\/Folha-1.webp","contentUrl":"https:\/\/folhapopular.info\/wp-content\/uploads\/2026\/04\/Folha-1.webp","caption":"Reda\u00e7\u00e3o Folha Popular"},"url":"https:\/\/folhapopular.info\/index.php\/author\/redacao\/"}]}},"jetpack_featured_media_url":"https:\/\/folhapopular.info\/wp-content\/uploads\/2023\/05\/Posto-do-montanha.jpeg","jetpack_sharing_enabled":true,"amp_enabled":true,"_links":{"self":[{"href":"https:\/\/folhapopular.info\/index.php\/wp-json\/wp\/v2\/posts\/127979","targetHints":{"allow":["GET"]}}],"collection":[{"href":"https:\/\/folhapopular.info\/index.php\/wp-json\/wp\/v2\/posts"}],"about":[{"href":"https:\/\/folhapopular.info\/index.php\/wp-json\/wp\/v2\/types\/post"}],"author":[{"embeddable":true,"href":"https:\/\/folhapopular.info\/index.php\/wp-json\/wp\/v2\/users\/8"}],"replies":[{"embeddable":true,"href":"https:\/\/folhapopular.info\/index.php\/wp-json\/wp\/v2\/comments?post=127979"}],"version-history":[{"count":0,"href":"https:\/\/folhapopular.info\/index.php\/wp-json\/wp\/v2\/posts\/127979\/revisions"}],"wp:featuredmedia":[{"embeddable":true,"href":"https:\/\/folhapopular.info\/index.php\/wp-json\/wp\/v2\/media\/127983"}],"wp:attachment":[{"href":"https:\/\/folhapopular.info\/index.php\/wp-json\/wp\/v2\/media?parent=127979"}],"wp:term":[{"taxonomy":"category","embeddable":true,"href":"https:\/\/folhapopular.info\/index.php\/wp-json\/wp\/v2\/categories?post=127979"},{"taxonomy":"post_tag","embeddable":true,"href":"https:\/\/folhapopular.info\/index.php\/wp-json\/wp\/v2\/tags?post=127979"}],"curies":[{"name":"wp","href":"https:\/\/api.w.org\/{rel}","templated":true}]}}