{"id":128027,"date":"2023-05-20T15:13:44","date_gmt":"2023-05-20T18:13:44","guid":{"rendered":"https:\/\/folhapopular.info\/?p=128027"},"modified":"2023-05-20T15:24:51","modified_gmt":"2023-05-20T18:24:51","slug":"farmacia-de-lajeado-e-alvo-de-dois-furtos-na-mesma-semana","status":"publish","type":"post","link":"https:\/\/folhapopular.info\/index.php\/2023\/05\/20\/farmacia-de-lajeado-e-alvo-de-dois-furtos-na-mesma-semana\/","title":{"rendered":"Farm\u00e1cia de Lajeado \u00e9 alvo de dois furtos na mesma semana"},"content":{"rendered":"\n<p>Uma farm\u00e1cia foi alvo de dois furtos ao longo desta semana, na Rua J\u00falio de Castilhos, no Centro de Lajeado. Um indiv\u00edduo acessou o local irregularmente nas madrugadas da \u00faltima segunda-feira (15\/5) e quarta-feira (17\/5).<\/p>\n\n\n\n<p>Na primeira vez, o alarme do estabelecimento n\u00e3o estava acionado, e o homem for\u00e7ou a porta sem danific\u00e1-la. O criminoso ficou cerca de 20 minutos na parte interna da farm\u00e1cia e furtou diversos itens.<\/p>\n\n\n\n<p>Na segunda ocasi\u00e3o, dois dias depois, um homem com as mesmas caracter\u00edsticas retornou ao local e realizou o mesmo movimento. Por\u00e9m, desta vez, o sistema de seguran\u00e7a disparou e fez com que o indiv\u00edduo agisse rapidamente e n\u00e3o pudesse levar muitos itens. Imagens de c\u00e2meras de videomonitoramento foram entregues \u00e0 pol\u00edcia.<\/p>\n","protected":false},"excerpt":{"rendered":"<p>Uma farm\u00e1cia foi alvo de dois furtos ao longo desta semana, na Rua J\u00falio de Castilhos, no Centro de Lajeado. Um indiv\u00edduo acessou o local irregularmente nas madrugadas da \u00faltima segunda-feira (15\/5) e quarta-feira (17\/5). Na primeira vez, o alarme do estabelecimento n\u00e3o estava acionado, e o homem for\u00e7ou a porta sem danific\u00e1-la. O criminoso [&hellip;]<\/p>\n","protected":false},"author":646,"featured_media":128029,"comment_status":"open","ping_status":"open","sticky":false,"template":"","format":"standard","meta":{"pmpro_default_level":"","_jetpack_memberships_contains_paid_content":false,"footnotes":""},"categories":[3,10982,7],"tags":[],"class_list":{"0":"post-128027","1":"post","2":"type-post","3":"status-publish","4":"format-standard","5":"has-post-thumbnail","7":"category-geral","8":"category-policia","9":"category-seguranca","10":"pmpro-has-access"},"yoast_head":"<!-- This site is optimized with the Yoast SEO plugin v27.5 - https:\/\/yoast.com\/product\/yoast-seo-wordpress\/ -->\n<title>Farm\u00e1cia de Lajeado \u00e9 alvo de dois furtos na mesma semana - Folha Popular<\/title>\n<meta name=\"robots\" content=\"index, follow, max-snippet:-1, max-image-preview:large, max-video-preview:-1\" \/>\n<link rel=\"canonical\" href=\"https:\/\/folhapopular.info\/index.php\/2023\/05\/20\/farmacia-de-lajeado-e-alvo-de-dois-furtos-na-mesma-semana\/\" \/>\n<meta property=\"og:locale\" content=\"pt_BR\" \/>\n<meta property=\"og:type\" content=\"article\" \/>\n<meta property=\"og:title\" content=\"Farm\u00e1cia de Lajeado \u00e9 alvo de dois furtos na mesma semana - Folha Popular\" \/>\n<meta property=\"og:description\" content=\"Uma farm\u00e1cia foi alvo de dois furtos ao longo desta semana, na Rua J\u00falio de Castilhos, no Centro de Lajeado. Um indiv\u00edduo acessou o local irregularmente nas madrugadas da \u00faltima segunda-feira (15\/5) e quarta-feira (17\/5). Na primeira vez, o alarme do estabelecimento n\u00e3o estava acionado, e o homem for\u00e7ou a porta sem danific\u00e1-la. O criminoso [&hellip;]\" \/>\n<meta property=\"og:url\" content=\"https:\/\/folhapopular.info\/index.php\/2023\/05\/20\/farmacia-de-lajeado-e-alvo-de-dois-furtos-na-mesma-semana\/\" \/>\n<meta property=\"og:site_name\" content=\"Folha Popular\" \/>\n<meta property=\"article:published_time\" content=\"2023-05-20T18:13:44+00:00\" \/>\n<meta property=\"article:modified_time\" content=\"2023-05-20T18:24:51+00:00\" \/>\n<meta property=\"og:image\" content=\"http:\/\/folhapopular.info\/wp-content\/uploads\/2023\/05\/images-7.jpeg\" \/>\n\t<meta property=\"og:image:width\" content=\"678\" \/>\n\t<meta property=\"og:image:height\" content=\"452\" \/>\n\t<meta property=\"og:image:type\" content=\"image\/jpeg\" \/>\n<meta name=\"author\" content=\"J\u00falio C\u00e9sar Lenhard\" \/>\n<meta name=\"twitter:card\" content=\"summary_large_image\" \/>\n<meta name=\"twitter:label1\" content=\"Escrito por\" \/>\n\t<meta name=\"twitter:data1\" content=\"J\u00falio C\u00e9sar Lenhard\" \/>\n\t<meta name=\"twitter:label2\" content=\"Est. tempo de leitura\" \/>\n\t<meta name=\"twitter:data2\" content=\"1 minuto\" \/>\n<script type=\"application\/ld+json\" class=\"yoast-schema-graph\">{\"@context\":\"https:\\\/\\\/schema.org\",\"@graph\":[{\"@type\":\"Article\",\"@id\":\"https:\\\/\\\/folhapopular.info\\\/index.php\\\/2023\\\/05\\\/20\\\/farmacia-de-lajeado-e-alvo-de-dois-furtos-na-mesma-semana\\\/#article\",\"isPartOf\":{\"@id\":\"https:\\\/\\\/folhapopular.info\\\/index.php\\\/2023\\\/05\\\/20\\\/farmacia-de-lajeado-e-alvo-de-dois-furtos-na-mesma-semana\\\/\"},\"author\":{\"name\":\"J\u00falio C\u00e9sar Lenhard\",\"@id\":\"https:\\\/\\\/folhapopular.info\\\/#\\\/schema\\\/person\\\/2c678f1be6a810fa1aa8786f135b80d8\"},\"headline\":\"Farm\u00e1cia de Lajeado \u00e9 alvo de dois furtos na mesma semana\",\"datePublished\":\"2023-05-20T18:13:44+00:00\",\"dateModified\":\"2023-05-20T18:24:51+00:00\",\"mainEntityOfPage\":{\"@id\":\"https:\\\/\\\/folhapopular.info\\\/index.php\\\/2023\\\/05\\\/20\\\/farmacia-de-lajeado-e-alvo-de-dois-furtos-na-mesma-semana\\\/\"},\"wordCount\":142,\"commentCount\":0,\"image\":{\"@id\":\"https:\\\/\\\/folhapopular.info\\\/index.php\\\/2023\\\/05\\\/20\\\/farmacia-de-lajeado-e-alvo-de-dois-furtos-na-mesma-semana\\\/#primaryimage\"},\"thumbnailUrl\":\"https:\\\/\\\/folhapopular.info\\\/wp-content\\\/uploads\\\/2023\\\/05\\\/images-7.jpeg\",\"articleSection\":[\"Geral\",\"Pol\u00edcia\",\"Seguran\u00e7a\"],\"inLanguage\":\"pt-BR\",\"potentialAction\":[{\"@type\":\"CommentAction\",\"name\":\"Comment\",\"target\":[\"https:\\\/\\\/folhapopular.info\\\/index.php\\\/2023\\\/05\\\/20\\\/farmacia-de-lajeado-e-alvo-de-dois-furtos-na-mesma-semana\\\/#respond\"]}]},{\"@type\":\"WebPage\",\"@id\":\"https:\\\/\\\/folhapopular.info\\\/index.php\\\/2023\\\/05\\\/20\\\/farmacia-de-lajeado-e-alvo-de-dois-furtos-na-mesma-semana\\\/\",\"url\":\"https:\\\/\\\/folhapopular.info\\\/index.php\\\/2023\\\/05\\\/20\\\/farmacia-de-lajeado-e-alvo-de-dois-furtos-na-mesma-semana\\\/\",\"name\":\"Farm\u00e1cia de Lajeado \u00e9 alvo de dois furtos na mesma semana - Folha Popular\",\"isPartOf\":{\"@id\":\"https:\\\/\\\/folhapopular.info\\\/#website\"},\"primaryImageOfPage\":{\"@id\":\"https:\\\/\\\/folhapopular.info\\\/index.php\\\/2023\\\/05\\\/20\\\/farmacia-de-lajeado-e-alvo-de-dois-furtos-na-mesma-semana\\\/#primaryimage\"},\"image\":{\"@id\":\"https:\\\/\\\/folhapopular.info\\\/index.php\\\/2023\\\/05\\\/20\\\/farmacia-de-lajeado-e-alvo-de-dois-furtos-na-mesma-semana\\\/#primaryimage\"},\"thumbnailUrl\":\"https:\\\/\\\/folhapopular.info\\\/wp-content\\\/uploads\\\/2023\\\/05\\\/images-7.jpeg\",\"datePublished\":\"2023-05-20T18:13:44+00:00\",\"dateModified\":\"2023-05-20T18:24:51+00:00\",\"author\":{\"@id\":\"https:\\\/\\\/folhapopular.info\\\/#\\\/schema\\\/person\\\/2c678f1be6a810fa1aa8786f135b80d8\"},\"breadcrumb\":{\"@id\":\"https:\\\/\\\/folhapopular.info\\\/index.php\\\/2023\\\/05\\\/20\\\/farmacia-de-lajeado-e-alvo-de-dois-furtos-na-mesma-semana\\\/#breadcrumb\"},\"inLanguage\":\"pt-BR\",\"potentialAction\":[{\"@type\":\"ReadAction\",\"target\":[\"https:\\\/\\\/folhapopular.info\\\/index.php\\\/2023\\\/05\\\/20\\\/farmacia-de-lajeado-e-alvo-de-dois-furtos-na-mesma-semana\\\/\"]}]},{\"@type\":\"ImageObject\",\"inLanguage\":\"pt-BR\",\"@id\":\"https:\\\/\\\/folhapopular.info\\\/index.php\\\/2023\\\/05\\\/20\\\/farmacia-de-lajeado-e-alvo-de-dois-furtos-na-mesma-semana\\\/#primaryimage\",\"url\":\"https:\\\/\\\/folhapopular.info\\\/wp-content\\\/uploads\\\/2023\\\/05\\\/images-7.jpeg\",\"contentUrl\":\"https:\\\/\\\/folhapopular.info\\\/wp-content\\\/uploads\\\/2023\\\/05\\\/images-7.jpeg\",\"width\":678,\"height\":452},{\"@type\":\"BreadcrumbList\",\"@id\":\"https:\\\/\\\/folhapopular.info\\\/index.php\\\/2023\\\/05\\\/20\\\/farmacia-de-lajeado-e-alvo-de-dois-furtos-na-mesma-semana\\\/#breadcrumb\",\"itemListElement\":[{\"@type\":\"ListItem\",\"position\":1,\"name\":\"In\u00edcio\",\"item\":\"https:\\\/\\\/folhapopular.info\\\/\"},{\"@type\":\"ListItem\",\"position\":2,\"name\":\"Farm\u00e1cia de Lajeado \u00e9 alvo de dois furtos na mesma semana\"}]},{\"@type\":\"WebSite\",\"@id\":\"https:\\\/\\\/folhapopular.info\\\/#website\",\"url\":\"https:\\\/\\\/folhapopular.info\\\/\",\"name\":\"Folha Popular\",\"description\":\"Onde voc\u00ea tem vez e voz\",\"potentialAction\":[{\"@type\":\"SearchAction\",\"target\":{\"@type\":\"EntryPoint\",\"urlTemplate\":\"https:\\\/\\\/folhapopular.info\\\/?s={search_term_string}\"},\"query-input\":{\"@type\":\"PropertyValueSpecification\",\"valueRequired\":true,\"valueName\":\"search_term_string\"}}],\"inLanguage\":\"pt-BR\"},{\"@type\":\"Person\",\"@id\":\"https:\\\/\\\/folhapopular.info\\\/#\\\/schema\\\/person\\\/2c678f1be6a810fa1aa8786f135b80d8\",\"name\":\"J\u00falio C\u00e9sar Lenhard\",\"image\":{\"@type\":\"ImageObject\",\"inLanguage\":\"pt-BR\",\"@id\":\"https:\\\/\\\/secure.gravatar.com\\\/avatar\\\/5fc145ba28daff4b7a20678a28e78dc0d1082681a40346a925de39665b5d8cd6?s=96&d=mm&r=g\",\"url\":\"https:\\\/\\\/secure.gravatar.com\\\/avatar\\\/5fc145ba28daff4b7a20678a28e78dc0d1082681a40346a925de39665b5d8cd6?s=96&d=mm&r=g\",\"contentUrl\":\"https:\\\/\\\/secure.gravatar.com\\\/avatar\\\/5fc145ba28daff4b7a20678a28e78dc0d1082681a40346a925de39665b5d8cd6?s=96&d=mm&r=g\",\"caption\":\"J\u00falio C\u00e9sar Lenhard\"},\"url\":\"https:\\\/\\\/folhapopular.info\\\/index.php\\\/author\\\/julio_lenhardhotmail-com\\\/\"}]}<\/script>\n<!-- \/ Yoast SEO plugin. -->","yoast_head_json":{"title":"Farm\u00e1cia de Lajeado \u00e9 alvo de dois furtos na mesma semana - Folha Popular","robots":{"index":"index","follow":"follow","max-snippet":"max-snippet:-1","max-image-preview":"max-image-preview:large","max-video-preview":"max-video-preview:-1"},"canonical":"https:\/\/folhapopular.info\/index.php\/2023\/05\/20\/farmacia-de-lajeado-e-alvo-de-dois-furtos-na-mesma-semana\/","og_locale":"pt_BR","og_type":"article","og_title":"Farm\u00e1cia de Lajeado \u00e9 alvo de dois furtos na mesma semana - Folha Popular","og_description":"Uma farm\u00e1cia foi alvo de dois furtos ao longo desta semana, na Rua J\u00falio de Castilhos, no Centro de Lajeado. Um indiv\u00edduo acessou o local irregularmente nas madrugadas da \u00faltima segunda-feira (15\/5) e quarta-feira (17\/5). Na primeira vez, o alarme do estabelecimento n\u00e3o estava acionado, e o homem for\u00e7ou a porta sem danific\u00e1-la. O criminoso [&hellip;]","og_url":"https:\/\/folhapopular.info\/index.php\/2023\/05\/20\/farmacia-de-lajeado-e-alvo-de-dois-furtos-na-mesma-semana\/","og_site_name":"Folha Popular","article_published_time":"2023-05-20T18:13:44+00:00","article_modified_time":"2023-05-20T18:24:51+00:00","og_image":[{"width":678,"height":452,"url":"http:\/\/folhapopular.info\/wp-content\/uploads\/2023\/05\/images-7.jpeg","type":"image\/jpeg"}],"author":"J\u00falio C\u00e9sar Lenhard","twitter_card":"summary_large_image","twitter_misc":{"Escrito por":"J\u00falio C\u00e9sar Lenhard","Est. tempo de leitura":"1 minuto"},"schema":{"@context":"https:\/\/schema.org","@graph":[{"@type":"Article","@id":"https:\/\/folhapopular.info\/index.php\/2023\/05\/20\/farmacia-de-lajeado-e-alvo-de-dois-furtos-na-mesma-semana\/#article","isPartOf":{"@id":"https:\/\/folhapopular.info\/index.php\/2023\/05\/20\/farmacia-de-lajeado-e-alvo-de-dois-furtos-na-mesma-semana\/"},"author":{"name":"J\u00falio C\u00e9sar Lenhard","@id":"https:\/\/folhapopular.info\/#\/schema\/person\/2c678f1be6a810fa1aa8786f135b80d8"},"headline":"Farm\u00e1cia de Lajeado \u00e9 alvo de dois furtos na mesma semana","datePublished":"2023-05-20T18:13:44+00:00","dateModified":"2023-05-20T18:24:51+00:00","mainEntityOfPage":{"@id":"https:\/\/folhapopular.info\/index.php\/2023\/05\/20\/farmacia-de-lajeado-e-alvo-de-dois-furtos-na-mesma-semana\/"},"wordCount":142,"commentCount":0,"image":{"@id":"https:\/\/folhapopular.info\/index.php\/2023\/05\/20\/farmacia-de-lajeado-e-alvo-de-dois-furtos-na-mesma-semana\/#primaryimage"},"thumbnailUrl":"https:\/\/folhapopular.info\/wp-content\/uploads\/2023\/05\/images-7.jpeg","articleSection":["Geral","Pol\u00edcia","Seguran\u00e7a"],"inLanguage":"pt-BR","potentialAction":[{"@type":"CommentAction","name":"Comment","target":["https:\/\/folhapopular.info\/index.php\/2023\/05\/20\/farmacia-de-lajeado-e-alvo-de-dois-furtos-na-mesma-semana\/#respond"]}]},{"@type":"WebPage","@id":"https:\/\/folhapopular.info\/index.php\/2023\/05\/20\/farmacia-de-lajeado-e-alvo-de-dois-furtos-na-mesma-semana\/","url":"https:\/\/folhapopular.info\/index.php\/2023\/05\/20\/farmacia-de-lajeado-e-alvo-de-dois-furtos-na-mesma-semana\/","name":"Farm\u00e1cia de Lajeado \u00e9 alvo de dois furtos na mesma semana - Folha Popular","isPartOf":{"@id":"https:\/\/folhapopular.info\/#website"},"primaryImageOfPage":{"@id":"https:\/\/folhapopular.info\/index.php\/2023\/05\/20\/farmacia-de-lajeado-e-alvo-de-dois-furtos-na-mesma-semana\/#primaryimage"},"image":{"@id":"https:\/\/folhapopular.info\/index.php\/2023\/05\/20\/farmacia-de-lajeado-e-alvo-de-dois-furtos-na-mesma-semana\/#primaryimage"},"thumbnailUrl":"https:\/\/folhapopular.info\/wp-content\/uploads\/2023\/05\/images-7.jpeg","datePublished":"2023-05-20T18:13:44+00:00","dateModified":"2023-05-20T18:24:51+00:00","author":{"@id":"https:\/\/folhapopular.info\/#\/schema\/person\/2c678f1be6a810fa1aa8786f135b80d8"},"breadcrumb":{"@id":"https:\/\/folhapopular.info\/index.php\/2023\/05\/20\/farmacia-de-lajeado-e-alvo-de-dois-furtos-na-mesma-semana\/#breadcrumb"},"inLanguage":"pt-BR","potentialAction":[{"@type":"ReadAction","target":["https:\/\/folhapopular.info\/index.php\/2023\/05\/20\/farmacia-de-lajeado-e-alvo-de-dois-furtos-na-mesma-semana\/"]}]},{"@type":"ImageObject","inLanguage":"pt-BR","@id":"https:\/\/folhapopular.info\/index.php\/2023\/05\/20\/farmacia-de-lajeado-e-alvo-de-dois-furtos-na-mesma-semana\/#primaryimage","url":"https:\/\/folhapopular.info\/wp-content\/uploads\/2023\/05\/images-7.jpeg","contentUrl":"https:\/\/folhapopular.info\/wp-content\/uploads\/2023\/05\/images-7.jpeg","width":678,"height":452},{"@type":"BreadcrumbList","@id":"https:\/\/folhapopular.info\/index.php\/2023\/05\/20\/farmacia-de-lajeado-e-alvo-de-dois-furtos-na-mesma-semana\/#breadcrumb","itemListElement":[{"@type":"ListItem","position":1,"name":"In\u00edcio","item":"https:\/\/folhapopular.info\/"},{"@type":"ListItem","position":2,"name":"Farm\u00e1cia de Lajeado \u00e9 alvo de dois furtos na mesma semana"}]},{"@type":"WebSite","@id":"https:\/\/folhapopular.info\/#website","url":"https:\/\/folhapopular.info\/","name":"Folha Popular","description":"Onde voc\u00ea tem vez e voz","potentialAction":[{"@type":"SearchAction","target":{"@type":"EntryPoint","urlTemplate":"https:\/\/folhapopular.info\/?s={search_term_string}"},"query-input":{"@type":"PropertyValueSpecification","valueRequired":true,"valueName":"search_term_string"}}],"inLanguage":"pt-BR"},{"@type":"Person","@id":"https:\/\/folhapopular.info\/#\/schema\/person\/2c678f1be6a810fa1aa8786f135b80d8","name":"J\u00falio C\u00e9sar Lenhard","image":{"@type":"ImageObject","inLanguage":"pt-BR","@id":"https:\/\/secure.gravatar.com\/avatar\/5fc145ba28daff4b7a20678a28e78dc0d1082681a40346a925de39665b5d8cd6?s=96&d=mm&r=g","url":"https:\/\/secure.gravatar.com\/avatar\/5fc145ba28daff4b7a20678a28e78dc0d1082681a40346a925de39665b5d8cd6?s=96&d=mm&r=g","contentUrl":"https:\/\/secure.gravatar.com\/avatar\/5fc145ba28daff4b7a20678a28e78dc0d1082681a40346a925de39665b5d8cd6?s=96&d=mm&r=g","caption":"J\u00falio C\u00e9sar Lenhard"},"url":"https:\/\/folhapopular.info\/index.php\/author\/julio_lenhardhotmail-com\/"}]}},"jetpack_featured_media_url":"https:\/\/folhapopular.info\/wp-content\/uploads\/2023\/05\/images-7.jpeg","jetpack_sharing_enabled":true,"amp_enabled":true,"_links":{"self":[{"href":"https:\/\/folhapopular.info\/index.php\/wp-json\/wp\/v2\/posts\/128027","targetHints":{"allow":["GET"]}}],"collection":[{"href":"https:\/\/folhapopular.info\/index.php\/wp-json\/wp\/v2\/posts"}],"about":[{"href":"https:\/\/folhapopular.info\/index.php\/wp-json\/wp\/v2\/types\/post"}],"author":[{"embeddable":true,"href":"https:\/\/folhapopular.info\/index.php\/wp-json\/wp\/v2\/users\/646"}],"replies":[{"embeddable":true,"href":"https:\/\/folhapopular.info\/index.php\/wp-json\/wp\/v2\/comments?post=128027"}],"version-history":[{"count":0,"href":"https:\/\/folhapopular.info\/index.php\/wp-json\/wp\/v2\/posts\/128027\/revisions"}],"wp:featuredmedia":[{"embeddable":true,"href":"https:\/\/folhapopular.info\/index.php\/wp-json\/wp\/v2\/media\/128029"}],"wp:attachment":[{"href":"https:\/\/folhapopular.info\/index.php\/wp-json\/wp\/v2\/media?parent=128027"}],"wp:term":[{"taxonomy":"category","embeddable":true,"href":"https:\/\/folhapopular.info\/index.php\/wp-json\/wp\/v2\/categories?post=128027"},{"taxonomy":"post_tag","embeddable":true,"href":"https:\/\/folhapopular.info\/index.php\/wp-json\/wp\/v2\/tags?post=128027"}],"curies":[{"name":"wp","href":"https:\/\/api.w.org\/{rel}","templated":true}]}}