{"id":128173,"date":"2023-05-23T16:47:58","date_gmt":"2023-05-23T19:47:58","guid":{"rendered":"https:\/\/folhapopular.info\/?p=128173"},"modified":"2023-05-23T16:48:02","modified_gmt":"2023-05-23T19:48:02","slug":"projeto-de-extensao-da-univates-realiza-exposicao-expressoes-no-carcere-feminino","status":"publish","type":"post","link":"https:\/\/folhapopular.info\/index.php\/2023\/05\/23\/projeto-de-extensao-da-univates-realiza-exposicao-expressoes-no-carcere-feminino\/","title":{"rendered":"Projeto de extens\u00e3o da Univates realiza exposi\u00e7\u00e3o \u201cExpress\u00f5es no C\u00e1rcere Feminino\u201d"},"content":{"rendered":"\n<p>O projeto de extens\u00e3o <a href=\"https:\/\/www.univates.br\/noticia\/31919-sexta-feira-e-um-dia-diferente-e-um-dia-de-alegria-projeto-marias-completa-cinco-anos-de-atividades-no-presidio-de-lajeado\" target=\"_blank\" rel=\"noreferrer noopener\">Marias: Corpo e Linguagem na Institui\u00e7\u00e3o Prisional <\/a>\u00e9 desenvolvido pela Univates no Pres\u00eddio Estadual Feminino de Lajeado. O projeto busca contribuir para a humaniza\u00e7\u00e3o do c\u00e1rcere e a qualifica\u00e7\u00e3o das rela\u00e7\u00f5es, promovendo a aten\u00e7\u00e3o, o cuidado e a comunica\u00e7\u00e3o das mulheres privadas de liberdade, auxiliando a comunidade em diferentes dimens\u00f5es.\u00a0<\/p>\n\n\n\n<p>Com esse objetivo, o projeto est\u00e1 realizando a exposi\u00e7\u00e3o \u201cExpress\u00f5es no C\u00e1rcere Feminino\u201d, que apresenta imagens e textos da comunidade do pres\u00eddio, bem como de volunt\u00e1rias do projeto. O material exposto d\u00e1 visibilidade \u00e0s experi\u00eancias de corpos provocados pelo movimento, ao uso de diferentes linguagens e a experimenta\u00e7\u00f5es em arte. A abertura da exposi\u00e7\u00e3o acontece nesta ter\u00e7a-feira (23\/5), a partir das 20h, no Espa\u00e7o Arte 9, no Pr\u00e9dio 9 do <em>campus<\/em> da Univates.\u00a0<\/p>\n\n\n\n<p>A mostra estar\u00e1 dispon\u00edvel para visita\u00e7\u00e3o de forma gratuita no local at\u00e9 30 de maio, de segunda a sexta-feira, das 8h \u00e0s 22h30, e nos s\u00e1bados, das 8h \u00e0s 12h.\u00a0<\/p>\n\n\n\n<h2 class=\"wp-block-heading\"><strong>Novas hist\u00f3rias&nbsp;<\/strong><\/h2>\n\n\n\n<p>Antes da abertura da exposi\u00e7\u00e3o, a partir das 19h, no audit\u00f3rio do Pr\u00e9dio 9, haver\u00e1 uma palestra com o lan\u00e7amento do projeto social Nova Hist\u00f3ria, voltado para egressos do sistema prisional. A iniciativa \u00e9 do Conselho da Comunidade para a Assist\u00eancia aos Egressos do Sistema Prisional de Lajeado, em parceria com a Univates. Interessados em saber mais sobre o projeto podem entrar em contato atrav\u00e9s do e-mail novahistorialajeado@gmail.com.\u00a0<\/p>\n\n\n\n<figure class=\"wp-block-image size-full is-resized\"><img loading=\"lazy\" decoding=\"async\" src=\"https:\/\/folhapopular.info\/wp-content\/uploads\/2023\/05\/1-Marca-do-projeto-social-Nova-Historia-Credito-Divulgacao.png\" alt=\"\" class=\"wp-image-128175\" width=\"630\" height=\"395\"\/><figcaption class=\"wp-element-caption\">Cr\u00e9ditos: Divulga\u00e7\u00e3o<\/figcaption><\/figure>\n\n\n\n<p>Ambas as a\u00e7\u00f5es visam a marcar o Dia Nacional do Detento, que \u00e9 em 24 de maio, por meio de convite \u00e0 sociedade para refletir sobre as causas e crit\u00e9rios que levam ao encarceramento em massa, bem como sobre a situa\u00e7\u00e3o e condi\u00e7\u00f5es da popula\u00e7\u00e3o carcer\u00e1ria brasileira, tanto durante o cumprimento de penas como ap\u00f3s o fim delas.\u00a0<\/p>\n","protected":false},"excerpt":{"rendered":"<p>O projeto de extens\u00e3o Marias: Corpo e Linguagem na Institui\u00e7\u00e3o Prisional \u00e9 desenvolvido pela Univates no Pres\u00eddio Estadual Feminino de Lajeado. O projeto busca contribuir para a humaniza\u00e7\u00e3o do c\u00e1rcere e a qualifica\u00e7\u00e3o das rela\u00e7\u00f5es, promovendo a aten\u00e7\u00e3o, o cuidado e a comunica\u00e7\u00e3o das mulheres privadas de liberdade, auxiliando a comunidade em diferentes dimens\u00f5es.\u00a0 Com [&hellip;]<\/p>\n","protected":false},"author":8,"featured_media":128174,"comment_status":"open","ping_status":"open","sticky":false,"template":"","format":"standard","meta":{"pmpro_default_level":"","_jetpack_memberships_contains_paid_content":false,"footnotes":""},"categories":[10996,2,6],"tags":[27,10833,12260],"class_list":{"0":"post-128173","1":"post","2":"type-post","3":"status-publish","4":"format-standard","5":"has-post-thumbnail","7":"category-cultura","8":"category-featured","9":"category-inclusive","10":"tag-lajeado","11":"tag-presidio-estadual-feminino-de-lajeado","12":"tag-projeto-marias","13":"pmpro-has-access"},"yoast_head":"<!-- This site is optimized with the Yoast SEO plugin v27.5 - https:\/\/yoast.com\/product\/yoast-seo-wordpress\/ -->\n<title>Projeto de extens\u00e3o da Univates realiza exposi\u00e7\u00e3o \u201cExpress\u00f5es no C\u00e1rcere Feminino\u201d - Folha Popular<\/title>\n<meta name=\"robots\" content=\"index, follow, max-snippet:-1, max-image-preview:large, max-video-preview:-1\" \/>\n<link rel=\"canonical\" href=\"https:\/\/folhapopular.info\/index.php\/2023\/05\/23\/projeto-de-extensao-da-univates-realiza-exposicao-expressoes-no-carcere-feminino\/\" \/>\n<meta property=\"og:locale\" content=\"pt_BR\" \/>\n<meta property=\"og:type\" content=\"article\" \/>\n<meta property=\"og:title\" content=\"Projeto de extens\u00e3o da Univates realiza exposi\u00e7\u00e3o \u201cExpress\u00f5es no C\u00e1rcere Feminino\u201d - Folha Popular\" \/>\n<meta property=\"og:description\" content=\"O projeto de extens\u00e3o Marias: Corpo e Linguagem na Institui\u00e7\u00e3o Prisional \u00e9 desenvolvido pela Univates no Pres\u00eddio Estadual Feminino de Lajeado. O projeto busca contribuir para a humaniza\u00e7\u00e3o do c\u00e1rcere e a qualifica\u00e7\u00e3o das rela\u00e7\u00f5es, promovendo a aten\u00e7\u00e3o, o cuidado e a comunica\u00e7\u00e3o das mulheres privadas de liberdade, auxiliando a comunidade em diferentes dimens\u00f5es.\u00a0 Com [&hellip;]\" \/>\n<meta property=\"og:url\" content=\"https:\/\/folhapopular.info\/index.php\/2023\/05\/23\/projeto-de-extensao-da-univates-realiza-exposicao-expressoes-no-carcere-feminino\/\" \/>\n<meta property=\"og:site_name\" content=\"Folha Popular\" \/>\n<meta property=\"article:published_time\" content=\"2023-05-23T19:47:58+00:00\" \/>\n<meta property=\"article:modified_time\" content=\"2023-05-23T19:48:02+00:00\" \/>\n<meta property=\"og:image\" content=\"http:\/\/folhapopular.info\/wp-content\/uploads\/2023\/05\/3-Imagem-ilustrativa-para-o-projeto-Marias-Credito-Divulgacao.jpg\" \/>\n\t<meta property=\"og:image:width\" content=\"1501\" \/>\n\t<meta property=\"og:image:height\" content=\"1001\" \/>\n\t<meta property=\"og:image:type\" content=\"image\/jpeg\" \/>\n<meta name=\"author\" content=\"Reda\u00e7\u00e3o Folha Popular\" \/>\n<meta name=\"twitter:card\" content=\"summary_large_image\" \/>\n<meta name=\"twitter:label1\" content=\"Escrito por\" \/>\n\t<meta name=\"twitter:data1\" content=\"Reda\u00e7\u00e3o Folha Popular\" \/>\n\t<meta name=\"twitter:label2\" content=\"Est. tempo de leitura\" \/>\n\t<meta name=\"twitter:data2\" content=\"2 minutos\" \/>\n<script type=\"application\/ld+json\" class=\"yoast-schema-graph\">{\"@context\":\"https:\\\/\\\/schema.org\",\"@graph\":[{\"@type\":\"Article\",\"@id\":\"https:\\\/\\\/folhapopular.info\\\/index.php\\\/2023\\\/05\\\/23\\\/projeto-de-extensao-da-univates-realiza-exposicao-expressoes-no-carcere-feminino\\\/#article\",\"isPartOf\":{\"@id\":\"https:\\\/\\\/folhapopular.info\\\/index.php\\\/2023\\\/05\\\/23\\\/projeto-de-extensao-da-univates-realiza-exposicao-expressoes-no-carcere-feminino\\\/\"},\"author\":{\"name\":\"Reda\u00e7\u00e3o Folha Popular\",\"@id\":\"https:\\\/\\\/folhapopular.info\\\/#\\\/schema\\\/person\\\/2814e8a0df7643585a9ca38bc6eb9d4b\"},\"headline\":\"Projeto de extens\u00e3o da Univates realiza exposi\u00e7\u00e3o \u201cExpress\u00f5es no C\u00e1rcere Feminino\u201d\",\"datePublished\":\"2023-05-23T19:47:58+00:00\",\"dateModified\":\"2023-05-23T19:48:02+00:00\",\"mainEntityOfPage\":{\"@id\":\"https:\\\/\\\/folhapopular.info\\\/index.php\\\/2023\\\/05\\\/23\\\/projeto-de-extensao-da-univates-realiza-exposicao-expressoes-no-carcere-feminino\\\/\"},\"wordCount\":336,\"commentCount\":0,\"image\":{\"@id\":\"https:\\\/\\\/folhapopular.info\\\/index.php\\\/2023\\\/05\\\/23\\\/projeto-de-extensao-da-univates-realiza-exposicao-expressoes-no-carcere-feminino\\\/#primaryimage\"},\"thumbnailUrl\":\"https:\\\/\\\/folhapopular.info\\\/wp-content\\\/uploads\\\/2023\\\/05\\\/3-Imagem-ilustrativa-para-o-projeto-Marias-Credito-Divulgacao.jpg\",\"keywords\":[\"Lajeado\",\"pres\u00eddio estadual feminino de lajeado\",\"projeto marias\"],\"articleSection\":[\"Cultura\",\"Destaques\",\"Inclusive\"],\"inLanguage\":\"pt-BR\",\"potentialAction\":[{\"@type\":\"CommentAction\",\"name\":\"Comment\",\"target\":[\"https:\\\/\\\/folhapopular.info\\\/index.php\\\/2023\\\/05\\\/23\\\/projeto-de-extensao-da-univates-realiza-exposicao-expressoes-no-carcere-feminino\\\/#respond\"]}]},{\"@type\":\"WebPage\",\"@id\":\"https:\\\/\\\/folhapopular.info\\\/index.php\\\/2023\\\/05\\\/23\\\/projeto-de-extensao-da-univates-realiza-exposicao-expressoes-no-carcere-feminino\\\/\",\"url\":\"https:\\\/\\\/folhapopular.info\\\/index.php\\\/2023\\\/05\\\/23\\\/projeto-de-extensao-da-univates-realiza-exposicao-expressoes-no-carcere-feminino\\\/\",\"name\":\"Projeto de extens\u00e3o da Univates realiza exposi\u00e7\u00e3o \u201cExpress\u00f5es no C\u00e1rcere Feminino\u201d - Folha Popular\",\"isPartOf\":{\"@id\":\"https:\\\/\\\/folhapopular.info\\\/#website\"},\"primaryImageOfPage\":{\"@id\":\"https:\\\/\\\/folhapopular.info\\\/index.php\\\/2023\\\/05\\\/23\\\/projeto-de-extensao-da-univates-realiza-exposicao-expressoes-no-carcere-feminino\\\/#primaryimage\"},\"image\":{\"@id\":\"https:\\\/\\\/folhapopular.info\\\/index.php\\\/2023\\\/05\\\/23\\\/projeto-de-extensao-da-univates-realiza-exposicao-expressoes-no-carcere-feminino\\\/#primaryimage\"},\"thumbnailUrl\":\"https:\\\/\\\/folhapopular.info\\\/wp-content\\\/uploads\\\/2023\\\/05\\\/3-Imagem-ilustrativa-para-o-projeto-Marias-Credito-Divulgacao.jpg\",\"datePublished\":\"2023-05-23T19:47:58+00:00\",\"dateModified\":\"2023-05-23T19:48:02+00:00\",\"author\":{\"@id\":\"https:\\\/\\\/folhapopular.info\\\/#\\\/schema\\\/person\\\/2814e8a0df7643585a9ca38bc6eb9d4b\"},\"breadcrumb\":{\"@id\":\"https:\\\/\\\/folhapopular.info\\\/index.php\\\/2023\\\/05\\\/23\\\/projeto-de-extensao-da-univates-realiza-exposicao-expressoes-no-carcere-feminino\\\/#breadcrumb\"},\"inLanguage\":\"pt-BR\",\"potentialAction\":[{\"@type\":\"ReadAction\",\"target\":[\"https:\\\/\\\/folhapopular.info\\\/index.php\\\/2023\\\/05\\\/23\\\/projeto-de-extensao-da-univates-realiza-exposicao-expressoes-no-carcere-feminino\\\/\"]}]},{\"@type\":\"ImageObject\",\"inLanguage\":\"pt-BR\",\"@id\":\"https:\\\/\\\/folhapopular.info\\\/index.php\\\/2023\\\/05\\\/23\\\/projeto-de-extensao-da-univates-realiza-exposicao-expressoes-no-carcere-feminino\\\/#primaryimage\",\"url\":\"https:\\\/\\\/folhapopular.info\\\/wp-content\\\/uploads\\\/2023\\\/05\\\/3-Imagem-ilustrativa-para-o-projeto-Marias-Credito-Divulgacao.jpg\",\"contentUrl\":\"https:\\\/\\\/folhapopular.info\\\/wp-content\\\/uploads\\\/2023\\\/05\\\/3-Imagem-ilustrativa-para-o-projeto-Marias-Credito-Divulgacao.jpg\",\"width\":1501,\"height\":1001,\"caption\":\"Cr\u00e9ditos: Univates \\\/ Divulga\u00e7\u00e3o\"},{\"@type\":\"BreadcrumbList\",\"@id\":\"https:\\\/\\\/folhapopular.info\\\/index.php\\\/2023\\\/05\\\/23\\\/projeto-de-extensao-da-univates-realiza-exposicao-expressoes-no-carcere-feminino\\\/#breadcrumb\",\"itemListElement\":[{\"@type\":\"ListItem\",\"position\":1,\"name\":\"In\u00edcio\",\"item\":\"https:\\\/\\\/folhapopular.info\\\/\"},{\"@type\":\"ListItem\",\"position\":2,\"name\":\"Projeto de extens\u00e3o da Univates realiza exposi\u00e7\u00e3o \u201cExpress\u00f5es no C\u00e1rcere Feminino\u201d\"}]},{\"@type\":\"WebSite\",\"@id\":\"https:\\\/\\\/folhapopular.info\\\/#website\",\"url\":\"https:\\\/\\\/folhapopular.info\\\/\",\"name\":\"Folha Popular\",\"description\":\"Onde voc\u00ea tem vez e voz\",\"potentialAction\":[{\"@type\":\"SearchAction\",\"target\":{\"@type\":\"EntryPoint\",\"urlTemplate\":\"https:\\\/\\\/folhapopular.info\\\/?s={search_term_string}\"},\"query-input\":{\"@type\":\"PropertyValueSpecification\",\"valueRequired\":true,\"valueName\":\"search_term_string\"}}],\"inLanguage\":\"pt-BR\"},{\"@type\":\"Person\",\"@id\":\"https:\\\/\\\/folhapopular.info\\\/#\\\/schema\\\/person\\\/2814e8a0df7643585a9ca38bc6eb9d4b\",\"name\":\"Reda\u00e7\u00e3o Folha Popular\",\"image\":{\"@type\":\"ImageObject\",\"inLanguage\":\"pt-BR\",\"@id\":\"https:\\\/\\\/folhapopular.info\\\/wp-content\\\/uploads\\\/2026\\\/04\\\/Folha-1.webp\",\"url\":\"https:\\\/\\\/folhapopular.info\\\/wp-content\\\/uploads\\\/2026\\\/04\\\/Folha-1.webp\",\"contentUrl\":\"https:\\\/\\\/folhapopular.info\\\/wp-content\\\/uploads\\\/2026\\\/04\\\/Folha-1.webp\",\"caption\":\"Reda\u00e7\u00e3o Folha Popular\"},\"url\":\"https:\\\/\\\/folhapopular.info\\\/index.php\\\/author\\\/redacao\\\/\"}]}<\/script>\n<!-- \/ Yoast SEO plugin. -->","yoast_head_json":{"title":"Projeto de extens\u00e3o da Univates realiza exposi\u00e7\u00e3o \u201cExpress\u00f5es no C\u00e1rcere Feminino\u201d - Folha Popular","robots":{"index":"index","follow":"follow","max-snippet":"max-snippet:-1","max-image-preview":"max-image-preview:large","max-video-preview":"max-video-preview:-1"},"canonical":"https:\/\/folhapopular.info\/index.php\/2023\/05\/23\/projeto-de-extensao-da-univates-realiza-exposicao-expressoes-no-carcere-feminino\/","og_locale":"pt_BR","og_type":"article","og_title":"Projeto de extens\u00e3o da Univates realiza exposi\u00e7\u00e3o \u201cExpress\u00f5es no C\u00e1rcere Feminino\u201d - Folha Popular","og_description":"O projeto de extens\u00e3o Marias: Corpo e Linguagem na Institui\u00e7\u00e3o Prisional \u00e9 desenvolvido pela Univates no Pres\u00eddio Estadual Feminino de Lajeado. O projeto busca contribuir para a humaniza\u00e7\u00e3o do c\u00e1rcere e a qualifica\u00e7\u00e3o das rela\u00e7\u00f5es, promovendo a aten\u00e7\u00e3o, o cuidado e a comunica\u00e7\u00e3o das mulheres privadas de liberdade, auxiliando a comunidade em diferentes dimens\u00f5es.\u00a0 Com [&hellip;]","og_url":"https:\/\/folhapopular.info\/index.php\/2023\/05\/23\/projeto-de-extensao-da-univates-realiza-exposicao-expressoes-no-carcere-feminino\/","og_site_name":"Folha Popular","article_published_time":"2023-05-23T19:47:58+00:00","article_modified_time":"2023-05-23T19:48:02+00:00","og_image":[{"width":1501,"height":1001,"url":"http:\/\/folhapopular.info\/wp-content\/uploads\/2023\/05\/3-Imagem-ilustrativa-para-o-projeto-Marias-Credito-Divulgacao.jpg","type":"image\/jpeg"}],"author":"Reda\u00e7\u00e3o Folha Popular","twitter_card":"summary_large_image","twitter_misc":{"Escrito por":"Reda\u00e7\u00e3o Folha Popular","Est. tempo de leitura":"2 minutos"},"schema":{"@context":"https:\/\/schema.org","@graph":[{"@type":"Article","@id":"https:\/\/folhapopular.info\/index.php\/2023\/05\/23\/projeto-de-extensao-da-univates-realiza-exposicao-expressoes-no-carcere-feminino\/#article","isPartOf":{"@id":"https:\/\/folhapopular.info\/index.php\/2023\/05\/23\/projeto-de-extensao-da-univates-realiza-exposicao-expressoes-no-carcere-feminino\/"},"author":{"name":"Reda\u00e7\u00e3o Folha Popular","@id":"https:\/\/folhapopular.info\/#\/schema\/person\/2814e8a0df7643585a9ca38bc6eb9d4b"},"headline":"Projeto de extens\u00e3o da Univates realiza exposi\u00e7\u00e3o \u201cExpress\u00f5es no C\u00e1rcere Feminino\u201d","datePublished":"2023-05-23T19:47:58+00:00","dateModified":"2023-05-23T19:48:02+00:00","mainEntityOfPage":{"@id":"https:\/\/folhapopular.info\/index.php\/2023\/05\/23\/projeto-de-extensao-da-univates-realiza-exposicao-expressoes-no-carcere-feminino\/"},"wordCount":336,"commentCount":0,"image":{"@id":"https:\/\/folhapopular.info\/index.php\/2023\/05\/23\/projeto-de-extensao-da-univates-realiza-exposicao-expressoes-no-carcere-feminino\/#primaryimage"},"thumbnailUrl":"https:\/\/folhapopular.info\/wp-content\/uploads\/2023\/05\/3-Imagem-ilustrativa-para-o-projeto-Marias-Credito-Divulgacao.jpg","keywords":["Lajeado","pres\u00eddio estadual feminino de lajeado","projeto marias"],"articleSection":["Cultura","Destaques","Inclusive"],"inLanguage":"pt-BR","potentialAction":[{"@type":"CommentAction","name":"Comment","target":["https:\/\/folhapopular.info\/index.php\/2023\/05\/23\/projeto-de-extensao-da-univates-realiza-exposicao-expressoes-no-carcere-feminino\/#respond"]}]},{"@type":"WebPage","@id":"https:\/\/folhapopular.info\/index.php\/2023\/05\/23\/projeto-de-extensao-da-univates-realiza-exposicao-expressoes-no-carcere-feminino\/","url":"https:\/\/folhapopular.info\/index.php\/2023\/05\/23\/projeto-de-extensao-da-univates-realiza-exposicao-expressoes-no-carcere-feminino\/","name":"Projeto de extens\u00e3o da Univates realiza exposi\u00e7\u00e3o \u201cExpress\u00f5es no C\u00e1rcere Feminino\u201d - Folha Popular","isPartOf":{"@id":"https:\/\/folhapopular.info\/#website"},"primaryImageOfPage":{"@id":"https:\/\/folhapopular.info\/index.php\/2023\/05\/23\/projeto-de-extensao-da-univates-realiza-exposicao-expressoes-no-carcere-feminino\/#primaryimage"},"image":{"@id":"https:\/\/folhapopular.info\/index.php\/2023\/05\/23\/projeto-de-extensao-da-univates-realiza-exposicao-expressoes-no-carcere-feminino\/#primaryimage"},"thumbnailUrl":"https:\/\/folhapopular.info\/wp-content\/uploads\/2023\/05\/3-Imagem-ilustrativa-para-o-projeto-Marias-Credito-Divulgacao.jpg","datePublished":"2023-05-23T19:47:58+00:00","dateModified":"2023-05-23T19:48:02+00:00","author":{"@id":"https:\/\/folhapopular.info\/#\/schema\/person\/2814e8a0df7643585a9ca38bc6eb9d4b"},"breadcrumb":{"@id":"https:\/\/folhapopular.info\/index.php\/2023\/05\/23\/projeto-de-extensao-da-univates-realiza-exposicao-expressoes-no-carcere-feminino\/#breadcrumb"},"inLanguage":"pt-BR","potentialAction":[{"@type":"ReadAction","target":["https:\/\/folhapopular.info\/index.php\/2023\/05\/23\/projeto-de-extensao-da-univates-realiza-exposicao-expressoes-no-carcere-feminino\/"]}]},{"@type":"ImageObject","inLanguage":"pt-BR","@id":"https:\/\/folhapopular.info\/index.php\/2023\/05\/23\/projeto-de-extensao-da-univates-realiza-exposicao-expressoes-no-carcere-feminino\/#primaryimage","url":"https:\/\/folhapopular.info\/wp-content\/uploads\/2023\/05\/3-Imagem-ilustrativa-para-o-projeto-Marias-Credito-Divulgacao.jpg","contentUrl":"https:\/\/folhapopular.info\/wp-content\/uploads\/2023\/05\/3-Imagem-ilustrativa-para-o-projeto-Marias-Credito-Divulgacao.jpg","width":1501,"height":1001,"caption":"Cr\u00e9ditos: Univates \/ Divulga\u00e7\u00e3o"},{"@type":"BreadcrumbList","@id":"https:\/\/folhapopular.info\/index.php\/2023\/05\/23\/projeto-de-extensao-da-univates-realiza-exposicao-expressoes-no-carcere-feminino\/#breadcrumb","itemListElement":[{"@type":"ListItem","position":1,"name":"In\u00edcio","item":"https:\/\/folhapopular.info\/"},{"@type":"ListItem","position":2,"name":"Projeto de extens\u00e3o da Univates realiza exposi\u00e7\u00e3o \u201cExpress\u00f5es no C\u00e1rcere Feminino\u201d"}]},{"@type":"WebSite","@id":"https:\/\/folhapopular.info\/#website","url":"https:\/\/folhapopular.info\/","name":"Folha Popular","description":"Onde voc\u00ea tem vez e voz","potentialAction":[{"@type":"SearchAction","target":{"@type":"EntryPoint","urlTemplate":"https:\/\/folhapopular.info\/?s={search_term_string}"},"query-input":{"@type":"PropertyValueSpecification","valueRequired":true,"valueName":"search_term_string"}}],"inLanguage":"pt-BR"},{"@type":"Person","@id":"https:\/\/folhapopular.info\/#\/schema\/person\/2814e8a0df7643585a9ca38bc6eb9d4b","name":"Reda\u00e7\u00e3o Folha Popular","image":{"@type":"ImageObject","inLanguage":"pt-BR","@id":"https:\/\/folhapopular.info\/wp-content\/uploads\/2026\/04\/Folha-1.webp","url":"https:\/\/folhapopular.info\/wp-content\/uploads\/2026\/04\/Folha-1.webp","contentUrl":"https:\/\/folhapopular.info\/wp-content\/uploads\/2026\/04\/Folha-1.webp","caption":"Reda\u00e7\u00e3o Folha Popular"},"url":"https:\/\/folhapopular.info\/index.php\/author\/redacao\/"}]}},"jetpack_featured_media_url":"https:\/\/folhapopular.info\/wp-content\/uploads\/2023\/05\/3-Imagem-ilustrativa-para-o-projeto-Marias-Credito-Divulgacao.jpg","jetpack_sharing_enabled":true,"amp_enabled":true,"_links":{"self":[{"href":"https:\/\/folhapopular.info\/index.php\/wp-json\/wp\/v2\/posts\/128173","targetHints":{"allow":["GET"]}}],"collection":[{"href":"https:\/\/folhapopular.info\/index.php\/wp-json\/wp\/v2\/posts"}],"about":[{"href":"https:\/\/folhapopular.info\/index.php\/wp-json\/wp\/v2\/types\/post"}],"author":[{"embeddable":true,"href":"https:\/\/folhapopular.info\/index.php\/wp-json\/wp\/v2\/users\/8"}],"replies":[{"embeddable":true,"href":"https:\/\/folhapopular.info\/index.php\/wp-json\/wp\/v2\/comments?post=128173"}],"version-history":[{"count":0,"href":"https:\/\/folhapopular.info\/index.php\/wp-json\/wp\/v2\/posts\/128173\/revisions"}],"wp:featuredmedia":[{"embeddable":true,"href":"https:\/\/folhapopular.info\/index.php\/wp-json\/wp\/v2\/media\/128174"}],"wp:attachment":[{"href":"https:\/\/folhapopular.info\/index.php\/wp-json\/wp\/v2\/media?parent=128173"}],"wp:term":[{"taxonomy":"category","embeddable":true,"href":"https:\/\/folhapopular.info\/index.php\/wp-json\/wp\/v2\/categories?post=128173"},{"taxonomy":"post_tag","embeddable":true,"href":"https:\/\/folhapopular.info\/index.php\/wp-json\/wp\/v2\/tags?post=128173"}],"curies":[{"name":"wp","href":"https:\/\/api.w.org\/{rel}","templated":true}]}}