{"id":128198,"date":"2023-05-24T08:20:31","date_gmt":"2023-05-24T11:20:31","guid":{"rendered":"https:\/\/folhapopular.info\/?p=128198"},"modified":"2023-05-24T09:03:27","modified_gmt":"2023-05-24T12:03:27","slug":"estudante-do-colegio-teutonia-recebe-homenagem-do-poder-legislativo","status":"publish","type":"post","link":"https:\/\/folhapopular.info\/index.php\/2023\/05\/24\/estudante-do-colegio-teutonia-recebe-homenagem-do-poder-legislativo\/","title":{"rendered":"Estudante do Col\u00e9gio Teut\u00f4nia recebe homenagem do Poder Legislativo"},"content":{"rendered":"\n<p>Na noite de ter\u00e7a-feira (23\/5), o estudante da 2\u00aa s\u00e9rie do Ensino M\u00e9dio do Col\u00e9gio Teut\u00f4nia, Matias Lagemann (16), foi homenageado pela C\u00e2mara de Vereadores de Teut\u00f4nia pelo desempenho na Olimp\u00edada Brasileira de F\u00edsica (OBF). Ap\u00f3s tr\u00eas etapas de avalia\u00e7\u00f5es, o teutoniense conquistou men\u00e7\u00e3o honrosa no concurso nacional.<\/p>\n\n\n\n<p>A \u00faltima etapa foi realizada em fevereiro, na Universidade Federal do Rio Grande do Sul (UFRGS), em Porto Alegre. As duas primeiras fases foram on-line, com eleva\u00e7\u00e3o do grau de dificuldade a cada passo. <\/p>\n\n\n\n<p>\u201cEstou muito feliz com o reconhecimento da C\u00e2mara de Vereadores e com o desempenho na Olimp\u00edada. Me preparei lendo materiais recomendados pelo professor, al\u00e9m dos exerc\u00edcios na disciplina de F\u00edsica. Os ensinamentos e incentivos em sala de aula, al\u00e9m das conversas e informa\u00e7\u00f5es quanto \u00e0 import\u00e2ncia de cada etapa e oportunidades de aprendizado, foram muito importantes\u201d, destaca Matias.<\/p>\n\n\n\n<h2 class=\"wp-block-heading\"><strong>Identifica\u00e7\u00e3o com as Ci\u00eancias Exatas<\/strong><\/h2>\n\n\n\n<p>O jovem revela gosto especial pelas disciplinas de Exatas, e F\u00edsica \u00e9 uma das preferidas. Sobre o futuro, diz que ainda est\u00e1 em aberto. \u201cProvavelmente devo buscar algo na \u00e1rea\u201d, adianta Matias, que tamb\u00e9m agradece o apoio incondicional dos pais. \u201cTodos os dias me incentivando para estudar e aproveitar as oportunidades geradas pelo conhecimento\u201d.<\/p>\n\n\n\n<p>A m\u00e3e Rosemeri Krindges Lagemann e o pai, Andr\u00e9 Emilio Lagemann, n\u00e3o escondem a satisfa\u00e7\u00e3o. \u201cEstamos orgulhosos e muito felizes com a conquista dele, que \u00e9 um menino muito aplicado, disciplinado e que gosta de estudar. Sempre o incentivamos a aproveitar as oportunidades que o col\u00e9gio proporciona, que sejam inspira\u00e7\u00f5es para que fa\u00e7a a melhor escolha profissional para sua vida\u201d, frisam. <\/p>\n\n\n\n<p>Estiveram presentes o professor Eduardo Fuchs e o professor e vereador Vitor Krabbe, que realizou a indica\u00e7\u00e3o junto ao Poder Legislativo.<\/p>\n\n\n\n<h2 class=\"wp-block-heading\"><strong>A Olimp\u00edada<\/strong><\/h2>\n\n\n\n<p>A OBF tem por objetivo despertar e estimular o interesse pela F\u00edsica, proporcionar desafios aos estudantes, aproximar institui\u00e7\u00f5es de Ensino Superior a escolas de Ensino Fundamental e M\u00e9dio e identificar os estudantes talentosos em F\u00edsica, preparando-os para as Olimp\u00edadas Internacionais e estimulando-os a seguirem carreiras cient\u00edfico-tecnol\u00f3gicas.<\/p>\n\n\n\n<p>O professor de F\u00edsica do CT, Eduardo Ismael Fuchs, explica o processo de participa\u00e7\u00e3o e avalia\u00e7\u00e3o da Olimp\u00edada, promovida anualmente pela Sociedade Brasileira de F\u00edsica. \u201cInscrevo a escola e os estudantes interessados em participar. Os que possuem desempenho superior \u00e0 m\u00e9dia nacional se classificam para as duas fases seguintes. Na terceira etapa s\u00e3o aplicadas as provas experimental e te\u00f3rica\u201d, resume.<\/p>\n\n\n\n<p>Ao todo, o CT teve 68 estudantes inscritos. Nas avalia\u00e7\u00f5es s\u00e3o abordados conte\u00fados de F\u00edsica do Ensino M\u00e9dio, como Mec\u00e2nica Cl\u00e1ssica, Termodin\u00e2mica, \u00d3ptica Geom\u00e9trica, Oscila\u00e7\u00f5es e Ondas. <\/p>\n\n\n\n<h3 class=\"wp-block-heading\"><strong>Orgulho<\/strong><\/h3>\n\n\n\n<p>\u201cO Matias \u00e9 o primeiro estudante do Col\u00e9gio Teut\u00f4nia a ser premiado na Olimp\u00edada Brasileira de F\u00edsica, algo realmente excepcional, j\u00e1 que ele n\u00e3o teve aulas preparat\u00f3rias, que escolas de S\u00e3o Paulo e do Cear\u00e1, que mais t\u00eam estudantes premiados, oferecem. Estou muito feliz com o desempenho, lembrarei do Matias para sempre. Tenho v\u00e1rios estudantes premiados na Olimp\u00edada Ga\u00facha de F\u00edsica, mas nunca um aluno premiado na Olimp\u00edada Brasileira de F\u00edsica\u201d, orgulha-se Fuchs, acrescentando que trabalha para que mais estudantes do CT sejam premiados.<\/p>\n\n\n\n<p>O professor tamb\u00e9m valoriza o reconhecimento da C\u00e2mara de Vereadores. \u201cPoucos estudantes ga\u00fachos conseguiram esse feito. Teut\u00f4nia tem todos os motivos para se orgulhar de seu filho. Serve de est\u00edmulo para mais estudantes se prepararem para a OBF e seguirem uma carreira cient\u00edfico-tecnol\u00f3gica\u201d, conclui.<\/p>\n\n\n\n<p>Os estudantes de melhor desempenho na OBF s\u00e3o classificados para as Seletivas das Olimp\u00edadas Internacionais (SOIF).<\/p>\n","protected":false},"excerpt":{"rendered":"<p>Na noite de ter\u00e7a-feira (23\/5), o estudante da 2\u00aa s\u00e9rie do Ensino M\u00e9dio do Col\u00e9gio Teut\u00f4nia, Matias Lagemann (16), foi homenageado pela C\u00e2mara de Vereadores de Teut\u00f4nia pelo desempenho na Olimp\u00edada Brasileira de F\u00edsica (OBF). Ap\u00f3s tr\u00eas etapas de avalia\u00e7\u00f5es, o teutoniense conquistou men\u00e7\u00e3o honrosa no concurso nacional. A \u00faltima etapa foi realizada em fevereiro, [&hellip;]<\/p>\n","protected":false},"author":8,"featured_media":128199,"comment_status":"open","ping_status":"open","sticky":false,"template":"","format":"standard","meta":{"pmpro_default_level":"","_jetpack_memberships_contains_paid_content":false,"footnotes":""},"categories":[2,10988,3],"tags":[4442,131,1616,12263],"class_list":{"0":"post-128198","1":"post","2":"type-post","3":"status-publish","4":"format-standard","5":"has-post-thumbnail","7":"category-featured","8":"category-educacao","9":"category-geral","10":"tag-camara-de-vereadores-de-teutonia","11":"tag-colegio-teutonia","12":"tag-mencao-honrosa","13":"tag-olimpiada-brasileira-de-fisica","14":"pmpro-has-access"},"yoast_head":"<!-- This site is optimized with the Yoast SEO plugin v27.5 - https:\/\/yoast.com\/product\/yoast-seo-wordpress\/ -->\n<title>Estudante do Col\u00e9gio Teut\u00f4nia recebe homenagem do Poder Legislativo - Folha Popular<\/title>\n<meta name=\"robots\" content=\"index, follow, max-snippet:-1, max-image-preview:large, max-video-preview:-1\" \/>\n<link rel=\"canonical\" href=\"https:\/\/folhapopular.info\/index.php\/2023\/05\/24\/estudante-do-colegio-teutonia-recebe-homenagem-do-poder-legislativo\/\" \/>\n<meta property=\"og:locale\" content=\"pt_BR\" \/>\n<meta property=\"og:type\" content=\"article\" \/>\n<meta property=\"og:title\" content=\"Estudante do Col\u00e9gio Teut\u00f4nia recebe homenagem do Poder Legislativo - Folha Popular\" \/>\n<meta property=\"og:description\" content=\"Na noite de ter\u00e7a-feira (23\/5), o estudante da 2\u00aa s\u00e9rie do Ensino M\u00e9dio do Col\u00e9gio Teut\u00f4nia, Matias Lagemann (16), foi homenageado pela C\u00e2mara de Vereadores de Teut\u00f4nia pelo desempenho na Olimp\u00edada Brasileira de F\u00edsica (OBF). Ap\u00f3s tr\u00eas etapas de avalia\u00e7\u00f5es, o teutoniense conquistou men\u00e7\u00e3o honrosa no concurso nacional. A \u00faltima etapa foi realizada em fevereiro, [&hellip;]\" \/>\n<meta property=\"og:url\" content=\"https:\/\/folhapopular.info\/index.php\/2023\/05\/24\/estudante-do-colegio-teutonia-recebe-homenagem-do-poder-legislativo\/\" \/>\n<meta property=\"og:site_name\" content=\"Folha Popular\" \/>\n<meta property=\"article:published_time\" content=\"2023-05-24T11:20:31+00:00\" \/>\n<meta property=\"article:modified_time\" content=\"2023-05-24T12:03:27+00:00\" \/>\n<meta property=\"og:image\" content=\"http:\/\/folhapopular.info\/wp-content\/uploads\/2023\/05\/olimpiada-brasileira-de-fisica-homenagem-1-JORNAL.jpeg\" \/>\n\t<meta property=\"og:image:width\" content=\"987\" \/>\n\t<meta property=\"og:image:height\" content=\"652\" \/>\n\t<meta property=\"og:image:type\" content=\"image\/jpeg\" \/>\n<meta name=\"author\" content=\"Reda\u00e7\u00e3o Folha Popular\" \/>\n<meta name=\"twitter:card\" content=\"summary_large_image\" \/>\n<meta name=\"twitter:label1\" content=\"Escrito por\" \/>\n\t<meta name=\"twitter:data1\" content=\"Reda\u00e7\u00e3o Folha Popular\" \/>\n\t<meta name=\"twitter:label2\" content=\"Est. tempo de leitura\" \/>\n\t<meta name=\"twitter:data2\" content=\"4 minutos\" \/>\n<script type=\"application\/ld+json\" class=\"yoast-schema-graph\">{\"@context\":\"https:\\\/\\\/schema.org\",\"@graph\":[{\"@type\":\"Article\",\"@id\":\"https:\\\/\\\/folhapopular.info\\\/index.php\\\/2023\\\/05\\\/24\\\/estudante-do-colegio-teutonia-recebe-homenagem-do-poder-legislativo\\\/#article\",\"isPartOf\":{\"@id\":\"https:\\\/\\\/folhapopular.info\\\/index.php\\\/2023\\\/05\\\/24\\\/estudante-do-colegio-teutonia-recebe-homenagem-do-poder-legislativo\\\/\"},\"author\":{\"name\":\"Reda\u00e7\u00e3o Folha Popular\",\"@id\":\"https:\\\/\\\/folhapopular.info\\\/#\\\/schema\\\/person\\\/2814e8a0df7643585a9ca38bc6eb9d4b\"},\"headline\":\"Estudante do Col\u00e9gio Teut\u00f4nia recebe homenagem do Poder Legislativo\",\"datePublished\":\"2023-05-24T11:20:31+00:00\",\"dateModified\":\"2023-05-24T12:03:27+00:00\",\"mainEntityOfPage\":{\"@id\":\"https:\\\/\\\/folhapopular.info\\\/index.php\\\/2023\\\/05\\\/24\\\/estudante-do-colegio-teutonia-recebe-homenagem-do-poder-legislativo\\\/\"},\"wordCount\":645,\"commentCount\":0,\"image\":{\"@id\":\"https:\\\/\\\/folhapopular.info\\\/index.php\\\/2023\\\/05\\\/24\\\/estudante-do-colegio-teutonia-recebe-homenagem-do-poder-legislativo\\\/#primaryimage\"},\"thumbnailUrl\":\"https:\\\/\\\/folhapopular.info\\\/wp-content\\\/uploads\\\/2023\\\/05\\\/olimpiada-brasileira-de-fisica-homenagem-1-JORNAL.jpeg\",\"keywords\":[\"C\u00e2mara de Vereadores de Teut\u00f4nia\",\"Col\u00e9gio Teut\u00f4nia\",\"Men\u00e7\u00e3o Honrosa\",\"olimp\u00edada brasileira de f\u00edsica\"],\"articleSection\":[\"Destaques\",\"Educa\u00e7\u00e3o\",\"Geral\"],\"inLanguage\":\"pt-BR\",\"potentialAction\":[{\"@type\":\"CommentAction\",\"name\":\"Comment\",\"target\":[\"https:\\\/\\\/folhapopular.info\\\/index.php\\\/2023\\\/05\\\/24\\\/estudante-do-colegio-teutonia-recebe-homenagem-do-poder-legislativo\\\/#respond\"]}]},{\"@type\":\"WebPage\",\"@id\":\"https:\\\/\\\/folhapopular.info\\\/index.php\\\/2023\\\/05\\\/24\\\/estudante-do-colegio-teutonia-recebe-homenagem-do-poder-legislativo\\\/\",\"url\":\"https:\\\/\\\/folhapopular.info\\\/index.php\\\/2023\\\/05\\\/24\\\/estudante-do-colegio-teutonia-recebe-homenagem-do-poder-legislativo\\\/\",\"name\":\"Estudante do Col\u00e9gio Teut\u00f4nia recebe homenagem do Poder Legislativo - Folha Popular\",\"isPartOf\":{\"@id\":\"https:\\\/\\\/folhapopular.info\\\/#website\"},\"primaryImageOfPage\":{\"@id\":\"https:\\\/\\\/folhapopular.info\\\/index.php\\\/2023\\\/05\\\/24\\\/estudante-do-colegio-teutonia-recebe-homenagem-do-poder-legislativo\\\/#primaryimage\"},\"image\":{\"@id\":\"https:\\\/\\\/folhapopular.info\\\/index.php\\\/2023\\\/05\\\/24\\\/estudante-do-colegio-teutonia-recebe-homenagem-do-poder-legislativo\\\/#primaryimage\"},\"thumbnailUrl\":\"https:\\\/\\\/folhapopular.info\\\/wp-content\\\/uploads\\\/2023\\\/05\\\/olimpiada-brasileira-de-fisica-homenagem-1-JORNAL.jpeg\",\"datePublished\":\"2023-05-24T11:20:31+00:00\",\"dateModified\":\"2023-05-24T12:03:27+00:00\",\"author\":{\"@id\":\"https:\\\/\\\/folhapopular.info\\\/#\\\/schema\\\/person\\\/2814e8a0df7643585a9ca38bc6eb9d4b\"},\"breadcrumb\":{\"@id\":\"https:\\\/\\\/folhapopular.info\\\/index.php\\\/2023\\\/05\\\/24\\\/estudante-do-colegio-teutonia-recebe-homenagem-do-poder-legislativo\\\/#breadcrumb\"},\"inLanguage\":\"pt-BR\",\"potentialAction\":[{\"@type\":\"ReadAction\",\"target\":[\"https:\\\/\\\/folhapopular.info\\\/index.php\\\/2023\\\/05\\\/24\\\/estudante-do-colegio-teutonia-recebe-homenagem-do-poder-legislativo\\\/\"]}]},{\"@type\":\"ImageObject\",\"inLanguage\":\"pt-BR\",\"@id\":\"https:\\\/\\\/folhapopular.info\\\/index.php\\\/2023\\\/05\\\/24\\\/estudante-do-colegio-teutonia-recebe-homenagem-do-poder-legislativo\\\/#primaryimage\",\"url\":\"https:\\\/\\\/folhapopular.info\\\/wp-content\\\/uploads\\\/2023\\\/05\\\/olimpiada-brasileira-de-fisica-homenagem-1-JORNAL.jpeg\",\"contentUrl\":\"https:\\\/\\\/folhapopular.info\\\/wp-content\\\/uploads\\\/2023\\\/05\\\/olimpiada-brasileira-de-fisica-homenagem-1-JORNAL.jpeg\",\"width\":987,\"height\":652,\"caption\":\"Cr\u00e9ditos: Marco Mallmann \\\/ divulga\u00e7\u00e3o\"},{\"@type\":\"BreadcrumbList\",\"@id\":\"https:\\\/\\\/folhapopular.info\\\/index.php\\\/2023\\\/05\\\/24\\\/estudante-do-colegio-teutonia-recebe-homenagem-do-poder-legislativo\\\/#breadcrumb\",\"itemListElement\":[{\"@type\":\"ListItem\",\"position\":1,\"name\":\"In\u00edcio\",\"item\":\"https:\\\/\\\/folhapopular.info\\\/\"},{\"@type\":\"ListItem\",\"position\":2,\"name\":\"Estudante do Col\u00e9gio Teut\u00f4nia recebe homenagem do Poder Legislativo\"}]},{\"@type\":\"WebSite\",\"@id\":\"https:\\\/\\\/folhapopular.info\\\/#website\",\"url\":\"https:\\\/\\\/folhapopular.info\\\/\",\"name\":\"Folha Popular\",\"description\":\"Onde voc\u00ea tem vez e voz\",\"potentialAction\":[{\"@type\":\"SearchAction\",\"target\":{\"@type\":\"EntryPoint\",\"urlTemplate\":\"https:\\\/\\\/folhapopular.info\\\/?s={search_term_string}\"},\"query-input\":{\"@type\":\"PropertyValueSpecification\",\"valueRequired\":true,\"valueName\":\"search_term_string\"}}],\"inLanguage\":\"pt-BR\"},{\"@type\":\"Person\",\"@id\":\"https:\\\/\\\/folhapopular.info\\\/#\\\/schema\\\/person\\\/2814e8a0df7643585a9ca38bc6eb9d4b\",\"name\":\"Reda\u00e7\u00e3o Folha Popular\",\"image\":{\"@type\":\"ImageObject\",\"inLanguage\":\"pt-BR\",\"@id\":\"https:\\\/\\\/folhapopular.info\\\/wp-content\\\/uploads\\\/2026\\\/04\\\/Folha-1.webp\",\"url\":\"https:\\\/\\\/folhapopular.info\\\/wp-content\\\/uploads\\\/2026\\\/04\\\/Folha-1.webp\",\"contentUrl\":\"https:\\\/\\\/folhapopular.info\\\/wp-content\\\/uploads\\\/2026\\\/04\\\/Folha-1.webp\",\"caption\":\"Reda\u00e7\u00e3o Folha Popular\"},\"url\":\"https:\\\/\\\/folhapopular.info\\\/index.php\\\/author\\\/redacao\\\/\"}]}<\/script>\n<!-- \/ Yoast SEO plugin. -->","yoast_head_json":{"title":"Estudante do Col\u00e9gio Teut\u00f4nia recebe homenagem do Poder Legislativo - Folha Popular","robots":{"index":"index","follow":"follow","max-snippet":"max-snippet:-1","max-image-preview":"max-image-preview:large","max-video-preview":"max-video-preview:-1"},"canonical":"https:\/\/folhapopular.info\/index.php\/2023\/05\/24\/estudante-do-colegio-teutonia-recebe-homenagem-do-poder-legislativo\/","og_locale":"pt_BR","og_type":"article","og_title":"Estudante do Col\u00e9gio Teut\u00f4nia recebe homenagem do Poder Legislativo - Folha Popular","og_description":"Na noite de ter\u00e7a-feira (23\/5), o estudante da 2\u00aa s\u00e9rie do Ensino M\u00e9dio do Col\u00e9gio Teut\u00f4nia, Matias Lagemann (16), foi homenageado pela C\u00e2mara de Vereadores de Teut\u00f4nia pelo desempenho na Olimp\u00edada Brasileira de F\u00edsica (OBF). Ap\u00f3s tr\u00eas etapas de avalia\u00e7\u00f5es, o teutoniense conquistou men\u00e7\u00e3o honrosa no concurso nacional. A \u00faltima etapa foi realizada em fevereiro, [&hellip;]","og_url":"https:\/\/folhapopular.info\/index.php\/2023\/05\/24\/estudante-do-colegio-teutonia-recebe-homenagem-do-poder-legislativo\/","og_site_name":"Folha Popular","article_published_time":"2023-05-24T11:20:31+00:00","article_modified_time":"2023-05-24T12:03:27+00:00","og_image":[{"width":987,"height":652,"url":"http:\/\/folhapopular.info\/wp-content\/uploads\/2023\/05\/olimpiada-brasileira-de-fisica-homenagem-1-JORNAL.jpeg","type":"image\/jpeg"}],"author":"Reda\u00e7\u00e3o Folha Popular","twitter_card":"summary_large_image","twitter_misc":{"Escrito por":"Reda\u00e7\u00e3o Folha Popular","Est. tempo de leitura":"4 minutos"},"schema":{"@context":"https:\/\/schema.org","@graph":[{"@type":"Article","@id":"https:\/\/folhapopular.info\/index.php\/2023\/05\/24\/estudante-do-colegio-teutonia-recebe-homenagem-do-poder-legislativo\/#article","isPartOf":{"@id":"https:\/\/folhapopular.info\/index.php\/2023\/05\/24\/estudante-do-colegio-teutonia-recebe-homenagem-do-poder-legislativo\/"},"author":{"name":"Reda\u00e7\u00e3o Folha Popular","@id":"https:\/\/folhapopular.info\/#\/schema\/person\/2814e8a0df7643585a9ca38bc6eb9d4b"},"headline":"Estudante do Col\u00e9gio Teut\u00f4nia recebe homenagem do Poder Legislativo","datePublished":"2023-05-24T11:20:31+00:00","dateModified":"2023-05-24T12:03:27+00:00","mainEntityOfPage":{"@id":"https:\/\/folhapopular.info\/index.php\/2023\/05\/24\/estudante-do-colegio-teutonia-recebe-homenagem-do-poder-legislativo\/"},"wordCount":645,"commentCount":0,"image":{"@id":"https:\/\/folhapopular.info\/index.php\/2023\/05\/24\/estudante-do-colegio-teutonia-recebe-homenagem-do-poder-legislativo\/#primaryimage"},"thumbnailUrl":"https:\/\/folhapopular.info\/wp-content\/uploads\/2023\/05\/olimpiada-brasileira-de-fisica-homenagem-1-JORNAL.jpeg","keywords":["C\u00e2mara de Vereadores de Teut\u00f4nia","Col\u00e9gio Teut\u00f4nia","Men\u00e7\u00e3o Honrosa","olimp\u00edada brasileira de f\u00edsica"],"articleSection":["Destaques","Educa\u00e7\u00e3o","Geral"],"inLanguage":"pt-BR","potentialAction":[{"@type":"CommentAction","name":"Comment","target":["https:\/\/folhapopular.info\/index.php\/2023\/05\/24\/estudante-do-colegio-teutonia-recebe-homenagem-do-poder-legislativo\/#respond"]}]},{"@type":"WebPage","@id":"https:\/\/folhapopular.info\/index.php\/2023\/05\/24\/estudante-do-colegio-teutonia-recebe-homenagem-do-poder-legislativo\/","url":"https:\/\/folhapopular.info\/index.php\/2023\/05\/24\/estudante-do-colegio-teutonia-recebe-homenagem-do-poder-legislativo\/","name":"Estudante do Col\u00e9gio Teut\u00f4nia recebe homenagem do Poder Legislativo - Folha Popular","isPartOf":{"@id":"https:\/\/folhapopular.info\/#website"},"primaryImageOfPage":{"@id":"https:\/\/folhapopular.info\/index.php\/2023\/05\/24\/estudante-do-colegio-teutonia-recebe-homenagem-do-poder-legislativo\/#primaryimage"},"image":{"@id":"https:\/\/folhapopular.info\/index.php\/2023\/05\/24\/estudante-do-colegio-teutonia-recebe-homenagem-do-poder-legislativo\/#primaryimage"},"thumbnailUrl":"https:\/\/folhapopular.info\/wp-content\/uploads\/2023\/05\/olimpiada-brasileira-de-fisica-homenagem-1-JORNAL.jpeg","datePublished":"2023-05-24T11:20:31+00:00","dateModified":"2023-05-24T12:03:27+00:00","author":{"@id":"https:\/\/folhapopular.info\/#\/schema\/person\/2814e8a0df7643585a9ca38bc6eb9d4b"},"breadcrumb":{"@id":"https:\/\/folhapopular.info\/index.php\/2023\/05\/24\/estudante-do-colegio-teutonia-recebe-homenagem-do-poder-legislativo\/#breadcrumb"},"inLanguage":"pt-BR","potentialAction":[{"@type":"ReadAction","target":["https:\/\/folhapopular.info\/index.php\/2023\/05\/24\/estudante-do-colegio-teutonia-recebe-homenagem-do-poder-legislativo\/"]}]},{"@type":"ImageObject","inLanguage":"pt-BR","@id":"https:\/\/folhapopular.info\/index.php\/2023\/05\/24\/estudante-do-colegio-teutonia-recebe-homenagem-do-poder-legislativo\/#primaryimage","url":"https:\/\/folhapopular.info\/wp-content\/uploads\/2023\/05\/olimpiada-brasileira-de-fisica-homenagem-1-JORNAL.jpeg","contentUrl":"https:\/\/folhapopular.info\/wp-content\/uploads\/2023\/05\/olimpiada-brasileira-de-fisica-homenagem-1-JORNAL.jpeg","width":987,"height":652,"caption":"Cr\u00e9ditos: Marco Mallmann \/ divulga\u00e7\u00e3o"},{"@type":"BreadcrumbList","@id":"https:\/\/folhapopular.info\/index.php\/2023\/05\/24\/estudante-do-colegio-teutonia-recebe-homenagem-do-poder-legislativo\/#breadcrumb","itemListElement":[{"@type":"ListItem","position":1,"name":"In\u00edcio","item":"https:\/\/folhapopular.info\/"},{"@type":"ListItem","position":2,"name":"Estudante do Col\u00e9gio Teut\u00f4nia recebe homenagem do Poder Legislativo"}]},{"@type":"WebSite","@id":"https:\/\/folhapopular.info\/#website","url":"https:\/\/folhapopular.info\/","name":"Folha Popular","description":"Onde voc\u00ea tem vez e voz","potentialAction":[{"@type":"SearchAction","target":{"@type":"EntryPoint","urlTemplate":"https:\/\/folhapopular.info\/?s={search_term_string}"},"query-input":{"@type":"PropertyValueSpecification","valueRequired":true,"valueName":"search_term_string"}}],"inLanguage":"pt-BR"},{"@type":"Person","@id":"https:\/\/folhapopular.info\/#\/schema\/person\/2814e8a0df7643585a9ca38bc6eb9d4b","name":"Reda\u00e7\u00e3o Folha Popular","image":{"@type":"ImageObject","inLanguage":"pt-BR","@id":"https:\/\/folhapopular.info\/wp-content\/uploads\/2026\/04\/Folha-1.webp","url":"https:\/\/folhapopular.info\/wp-content\/uploads\/2026\/04\/Folha-1.webp","contentUrl":"https:\/\/folhapopular.info\/wp-content\/uploads\/2026\/04\/Folha-1.webp","caption":"Reda\u00e7\u00e3o Folha Popular"},"url":"https:\/\/folhapopular.info\/index.php\/author\/redacao\/"}]}},"jetpack_featured_media_url":"https:\/\/folhapopular.info\/wp-content\/uploads\/2023\/05\/olimpiada-brasileira-de-fisica-homenagem-1-JORNAL.jpeg","jetpack_sharing_enabled":true,"amp_enabled":true,"_links":{"self":[{"href":"https:\/\/folhapopular.info\/index.php\/wp-json\/wp\/v2\/posts\/128198","targetHints":{"allow":["GET"]}}],"collection":[{"href":"https:\/\/folhapopular.info\/index.php\/wp-json\/wp\/v2\/posts"}],"about":[{"href":"https:\/\/folhapopular.info\/index.php\/wp-json\/wp\/v2\/types\/post"}],"author":[{"embeddable":true,"href":"https:\/\/folhapopular.info\/index.php\/wp-json\/wp\/v2\/users\/8"}],"replies":[{"embeddable":true,"href":"https:\/\/folhapopular.info\/index.php\/wp-json\/wp\/v2\/comments?post=128198"}],"version-history":[{"count":0,"href":"https:\/\/folhapopular.info\/index.php\/wp-json\/wp\/v2\/posts\/128198\/revisions"}],"wp:featuredmedia":[{"embeddable":true,"href":"https:\/\/folhapopular.info\/index.php\/wp-json\/wp\/v2\/media\/128199"}],"wp:attachment":[{"href":"https:\/\/folhapopular.info\/index.php\/wp-json\/wp\/v2\/media?parent=128198"}],"wp:term":[{"taxonomy":"category","embeddable":true,"href":"https:\/\/folhapopular.info\/index.php\/wp-json\/wp\/v2\/categories?post=128198"},{"taxonomy":"post_tag","embeddable":true,"href":"https:\/\/folhapopular.info\/index.php\/wp-json\/wp\/v2\/tags?post=128198"}],"curies":[{"name":"wp","href":"https:\/\/api.w.org\/{rel}","templated":true}]}}