{"id":128201,"date":"2023-05-24T08:34:12","date_gmt":"2023-05-24T11:34:12","guid":{"rendered":"https:\/\/folhapopular.info\/?p=128201"},"modified":"2023-05-24T08:44:01","modified_gmt":"2023-05-24T11:44:01","slug":"tem-inicio-as-obras-de-pavimentacao-de-trecho-da-rua-alfredo-dahmer-em-westfalia","status":"publish","type":"post","link":"https:\/\/folhapopular.info\/index.php\/2023\/05\/24\/tem-inicio-as-obras-de-pavimentacao-de-trecho-da-rua-alfredo-dahmer-em-westfalia\/","title":{"rendered":"T\u00eam in\u00edcio as obras de pavimenta\u00e7\u00e3o de trecho da Rua Alfredo Dahmer, em Westf\u00e1lia"},"content":{"rendered":"\n<p>Tiveram in\u00edcio na semana passada as obras para a pavimenta\u00e7\u00e3o asf\u00e1ltica de trecho da Rua Alfredo Dahmer, no Bairro Bela Vista, em Westf\u00e1lia. Na etapa inicial, a Construtora Giovanella Ltda., vencedora da licita\u00e7\u00e3o, executa no momento servi\u00e7os de drenagem e terraplanagem.<\/p>\n\n\n\n<p>Numa uma \u00e1rea total de 1.400,29 m\u00b2, a obra ainda compreender\u00e1 pavimenta\u00e7\u00e3o asf\u00e1ltica e sinaliza\u00e7\u00e3o vi\u00e1ria. <\/p>\n\n\n\n<p>O prefeito de Westf\u00e1lia, Joacir Ant\u00f4nio Docena, refor\u00e7a a import\u00e2ncia da obra enquanto oferta de melhores condi\u00e7\u00f5es de trafegabilidade. \u201cO trecho a ser pavimentado na Rua Alfredo Dahmer \u00e9 \u00edngreme e, por este motivo, demanda manuten\u00e7\u00e3o ap\u00f3s cada chuva forte. Buscamos priorizar trechos como este e, aos poucos, atenderemos outras vias, al\u00e9m de localidades do interior, primando pela seguran\u00e7a \u00e0queles que as utilizam diariamente\u201d, considera o chefe do Executivo westfaliano.<\/p>\n\n\n\n<p>Em breve, tamb\u00e9m dever\u00e1 ser iniciada a obra da Rua Carlos Schr\u00f6er Filho.<\/p>\n","protected":false},"excerpt":{"rendered":"<p>Tiveram in\u00edcio na semana passada as obras para a pavimenta\u00e7\u00e3o asf\u00e1ltica de trecho da Rua Alfredo Dahmer, no Bairro Bela Vista, em Westf\u00e1lia. Na etapa inicial, a Construtora Giovanella Ltda., vencedora da licita\u00e7\u00e3o, executa no momento servi\u00e7os de drenagem e terraplanagem. Numa uma \u00e1rea total de 1.400,29 m\u00b2, a obra ainda compreender\u00e1 pavimenta\u00e7\u00e3o asf\u00e1ltica e [&hellip;]<\/p>\n","protected":false},"author":8,"featured_media":128202,"comment_status":"open","ping_status":"open","sticky":false,"template":"","format":"standard","meta":{"pmpro_default_level":"","_jetpack_memberships_contains_paid_content":false,"footnotes":""},"categories":[2,3,11091],"tags":[529,1755,479,12264,25],"class_list":{"0":"post-128201","1":"post","2":"type-post","3":"status-publish","4":"format-standard","5":"has-post-thumbnail","7":"category-featured","8":"category-geral","9":"category-servicos","10":"tag-infraestrutura","11":"tag-obra","12":"tag-pavimentacao","13":"tag-rua-alfredo-dahmer","14":"tag-westfalia","15":"pmpro-has-access"},"yoast_head":"<!-- This site is optimized with the Yoast SEO plugin v27.5 - https:\/\/yoast.com\/product\/yoast-seo-wordpress\/ -->\n<title>T\u00eam in\u00edcio as obras de pavimenta\u00e7\u00e3o de trecho da Rua Alfredo Dahmer, em Westf\u00e1lia - Folha Popular<\/title>\n<meta name=\"robots\" content=\"index, follow, max-snippet:-1, max-image-preview:large, max-video-preview:-1\" \/>\n<link rel=\"canonical\" href=\"https:\/\/folhapopular.info\/index.php\/2023\/05\/24\/tem-inicio-as-obras-de-pavimentacao-de-trecho-da-rua-alfredo-dahmer-em-westfalia\/\" \/>\n<meta property=\"og:locale\" content=\"pt_BR\" \/>\n<meta property=\"og:type\" content=\"article\" \/>\n<meta property=\"og:title\" content=\"T\u00eam in\u00edcio as obras de pavimenta\u00e7\u00e3o de trecho da Rua Alfredo Dahmer, em Westf\u00e1lia - Folha Popular\" \/>\n<meta property=\"og:description\" content=\"Tiveram in\u00edcio na semana passada as obras para a pavimenta\u00e7\u00e3o asf\u00e1ltica de trecho da Rua Alfredo Dahmer, no Bairro Bela Vista, em Westf\u00e1lia. Na etapa inicial, a Construtora Giovanella Ltda., vencedora da licita\u00e7\u00e3o, executa no momento servi\u00e7os de drenagem e terraplanagem. Numa uma \u00e1rea total de 1.400,29 m\u00b2, a obra ainda compreender\u00e1 pavimenta\u00e7\u00e3o asf\u00e1ltica e [&hellip;]\" \/>\n<meta property=\"og:url\" content=\"https:\/\/folhapopular.info\/index.php\/2023\/05\/24\/tem-inicio-as-obras-de-pavimentacao-de-trecho-da-rua-alfredo-dahmer-em-westfalia\/\" \/>\n<meta property=\"og:site_name\" content=\"Folha Popular\" \/>\n<meta property=\"article:published_time\" content=\"2023-05-24T11:34:12+00:00\" \/>\n<meta property=\"article:modified_time\" content=\"2023-05-24T11:44:01+00:00\" \/>\n<meta property=\"og:image\" content=\"http:\/\/folhapopular.info\/wp-content\/uploads\/2023\/05\/Obras-para-a-pavimentacao-de-trecho-da-Rua-Alfredo-Dahmer-foram-iniciadas-na-semana-passada_AI-Westfalia-scaled.jpg\" \/>\n\t<meta property=\"og:image:width\" content=\"2560\" \/>\n\t<meta property=\"og:image:height\" content=\"1711\" \/>\n\t<meta property=\"og:image:type\" content=\"image\/jpeg\" \/>\n<meta name=\"author\" content=\"Reda\u00e7\u00e3o Folha Popular\" \/>\n<meta name=\"twitter:card\" content=\"summary_large_image\" \/>\n<meta name=\"twitter:label1\" content=\"Escrito por\" \/>\n\t<meta name=\"twitter:data1\" content=\"Reda\u00e7\u00e3o Folha Popular\" \/>\n\t<meta name=\"twitter:label2\" content=\"Est. tempo de leitura\" \/>\n\t<meta name=\"twitter:data2\" content=\"1 minuto\" \/>\n<script type=\"application\/ld+json\" class=\"yoast-schema-graph\">{\"@context\":\"https:\\\/\\\/schema.org\",\"@graph\":[{\"@type\":\"Article\",\"@id\":\"https:\\\/\\\/folhapopular.info\\\/index.php\\\/2023\\\/05\\\/24\\\/tem-inicio-as-obras-de-pavimentacao-de-trecho-da-rua-alfredo-dahmer-em-westfalia\\\/#article\",\"isPartOf\":{\"@id\":\"https:\\\/\\\/folhapopular.info\\\/index.php\\\/2023\\\/05\\\/24\\\/tem-inicio-as-obras-de-pavimentacao-de-trecho-da-rua-alfredo-dahmer-em-westfalia\\\/\"},\"author\":{\"name\":\"Reda\u00e7\u00e3o Folha Popular\",\"@id\":\"https:\\\/\\\/folhapopular.info\\\/#\\\/schema\\\/person\\\/2814e8a0df7643585a9ca38bc6eb9d4b\"},\"headline\":\"T\u00eam in\u00edcio as obras de pavimenta\u00e7\u00e3o de trecho da Rua Alfredo Dahmer, em Westf\u00e1lia\",\"datePublished\":\"2023-05-24T11:34:12+00:00\",\"dateModified\":\"2023-05-24T11:44:01+00:00\",\"mainEntityOfPage\":{\"@id\":\"https:\\\/\\\/folhapopular.info\\\/index.php\\\/2023\\\/05\\\/24\\\/tem-inicio-as-obras-de-pavimentacao-de-trecho-da-rua-alfredo-dahmer-em-westfalia\\\/\"},\"wordCount\":177,\"commentCount\":0,\"image\":{\"@id\":\"https:\\\/\\\/folhapopular.info\\\/index.php\\\/2023\\\/05\\\/24\\\/tem-inicio-as-obras-de-pavimentacao-de-trecho-da-rua-alfredo-dahmer-em-westfalia\\\/#primaryimage\"},\"thumbnailUrl\":\"https:\\\/\\\/folhapopular.info\\\/wp-content\\\/uploads\\\/2023\\\/05\\\/Obras-para-a-pavimentacao-de-trecho-da-Rua-Alfredo-Dahmer-foram-iniciadas-na-semana-passada_AI-Westfalia-scaled.jpg\",\"keywords\":[\"Infraestrutura\",\"obra\",\"Pavimenta\u00e7\u00e3o\",\"rua alfredo dahmer\",\"Westf\u00e1lia\"],\"articleSection\":[\"Destaques\",\"Geral\",\"Servi\u00e7os\"],\"inLanguage\":\"pt-BR\",\"potentialAction\":[{\"@type\":\"CommentAction\",\"name\":\"Comment\",\"target\":[\"https:\\\/\\\/folhapopular.info\\\/index.php\\\/2023\\\/05\\\/24\\\/tem-inicio-as-obras-de-pavimentacao-de-trecho-da-rua-alfredo-dahmer-em-westfalia\\\/#respond\"]}]},{\"@type\":\"WebPage\",\"@id\":\"https:\\\/\\\/folhapopular.info\\\/index.php\\\/2023\\\/05\\\/24\\\/tem-inicio-as-obras-de-pavimentacao-de-trecho-da-rua-alfredo-dahmer-em-westfalia\\\/\",\"url\":\"https:\\\/\\\/folhapopular.info\\\/index.php\\\/2023\\\/05\\\/24\\\/tem-inicio-as-obras-de-pavimentacao-de-trecho-da-rua-alfredo-dahmer-em-westfalia\\\/\",\"name\":\"T\u00eam in\u00edcio as obras de pavimenta\u00e7\u00e3o de trecho da Rua Alfredo Dahmer, em Westf\u00e1lia - Folha Popular\",\"isPartOf\":{\"@id\":\"https:\\\/\\\/folhapopular.info\\\/#website\"},\"primaryImageOfPage\":{\"@id\":\"https:\\\/\\\/folhapopular.info\\\/index.php\\\/2023\\\/05\\\/24\\\/tem-inicio-as-obras-de-pavimentacao-de-trecho-da-rua-alfredo-dahmer-em-westfalia\\\/#primaryimage\"},\"image\":{\"@id\":\"https:\\\/\\\/folhapopular.info\\\/index.php\\\/2023\\\/05\\\/24\\\/tem-inicio-as-obras-de-pavimentacao-de-trecho-da-rua-alfredo-dahmer-em-westfalia\\\/#primaryimage\"},\"thumbnailUrl\":\"https:\\\/\\\/folhapopular.info\\\/wp-content\\\/uploads\\\/2023\\\/05\\\/Obras-para-a-pavimentacao-de-trecho-da-Rua-Alfredo-Dahmer-foram-iniciadas-na-semana-passada_AI-Westfalia-scaled.jpg\",\"datePublished\":\"2023-05-24T11:34:12+00:00\",\"dateModified\":\"2023-05-24T11:44:01+00:00\",\"author\":{\"@id\":\"https:\\\/\\\/folhapopular.info\\\/#\\\/schema\\\/person\\\/2814e8a0df7643585a9ca38bc6eb9d4b\"},\"breadcrumb\":{\"@id\":\"https:\\\/\\\/folhapopular.info\\\/index.php\\\/2023\\\/05\\\/24\\\/tem-inicio-as-obras-de-pavimentacao-de-trecho-da-rua-alfredo-dahmer-em-westfalia\\\/#breadcrumb\"},\"inLanguage\":\"pt-BR\",\"potentialAction\":[{\"@type\":\"ReadAction\",\"target\":[\"https:\\\/\\\/folhapopular.info\\\/index.php\\\/2023\\\/05\\\/24\\\/tem-inicio-as-obras-de-pavimentacao-de-trecho-da-rua-alfredo-dahmer-em-westfalia\\\/\"]}]},{\"@type\":\"ImageObject\",\"inLanguage\":\"pt-BR\",\"@id\":\"https:\\\/\\\/folhapopular.info\\\/index.php\\\/2023\\\/05\\\/24\\\/tem-inicio-as-obras-de-pavimentacao-de-trecho-da-rua-alfredo-dahmer-em-westfalia\\\/#primaryimage\",\"url\":\"https:\\\/\\\/folhapopular.info\\\/wp-content\\\/uploads\\\/2023\\\/05\\\/Obras-para-a-pavimentacao-de-trecho-da-Rua-Alfredo-Dahmer-foram-iniciadas-na-semana-passada_AI-Westfalia-scaled.jpg\",\"contentUrl\":\"https:\\\/\\\/folhapopular.info\\\/wp-content\\\/uploads\\\/2023\\\/05\\\/Obras-para-a-pavimentacao-de-trecho-da-Rua-Alfredo-Dahmer-foram-iniciadas-na-semana-passada_AI-Westfalia-scaled.jpg\",\"width\":2560,\"height\":1711,\"caption\":\"Cr\u00e9dito: AI Prefeitura de Westf\u00e1lia\"},{\"@type\":\"BreadcrumbList\",\"@id\":\"https:\\\/\\\/folhapopular.info\\\/index.php\\\/2023\\\/05\\\/24\\\/tem-inicio-as-obras-de-pavimentacao-de-trecho-da-rua-alfredo-dahmer-em-westfalia\\\/#breadcrumb\",\"itemListElement\":[{\"@type\":\"ListItem\",\"position\":1,\"name\":\"In\u00edcio\",\"item\":\"https:\\\/\\\/folhapopular.info\\\/\"},{\"@type\":\"ListItem\",\"position\":2,\"name\":\"T\u00eam in\u00edcio as obras de pavimenta\u00e7\u00e3o de trecho da Rua Alfredo Dahmer, em Westf\u00e1lia\"}]},{\"@type\":\"WebSite\",\"@id\":\"https:\\\/\\\/folhapopular.info\\\/#website\",\"url\":\"https:\\\/\\\/folhapopular.info\\\/\",\"name\":\"Folha Popular\",\"description\":\"Onde voc\u00ea tem vez e voz\",\"potentialAction\":[{\"@type\":\"SearchAction\",\"target\":{\"@type\":\"EntryPoint\",\"urlTemplate\":\"https:\\\/\\\/folhapopular.info\\\/?s={search_term_string}\"},\"query-input\":{\"@type\":\"PropertyValueSpecification\",\"valueRequired\":true,\"valueName\":\"search_term_string\"}}],\"inLanguage\":\"pt-BR\"},{\"@type\":\"Person\",\"@id\":\"https:\\\/\\\/folhapopular.info\\\/#\\\/schema\\\/person\\\/2814e8a0df7643585a9ca38bc6eb9d4b\",\"name\":\"Reda\u00e7\u00e3o Folha Popular\",\"image\":{\"@type\":\"ImageObject\",\"inLanguage\":\"pt-BR\",\"@id\":\"https:\\\/\\\/folhapopular.info\\\/wp-content\\\/uploads\\\/2026\\\/04\\\/Folha-1.webp\",\"url\":\"https:\\\/\\\/folhapopular.info\\\/wp-content\\\/uploads\\\/2026\\\/04\\\/Folha-1.webp\",\"contentUrl\":\"https:\\\/\\\/folhapopular.info\\\/wp-content\\\/uploads\\\/2026\\\/04\\\/Folha-1.webp\",\"caption\":\"Reda\u00e7\u00e3o Folha Popular\"},\"url\":\"https:\\\/\\\/folhapopular.info\\\/index.php\\\/author\\\/redacao\\\/\"}]}<\/script>\n<!-- \/ Yoast SEO plugin. -->","yoast_head_json":{"title":"T\u00eam in\u00edcio as obras de pavimenta\u00e7\u00e3o de trecho da Rua Alfredo Dahmer, em Westf\u00e1lia - Folha Popular","robots":{"index":"index","follow":"follow","max-snippet":"max-snippet:-1","max-image-preview":"max-image-preview:large","max-video-preview":"max-video-preview:-1"},"canonical":"https:\/\/folhapopular.info\/index.php\/2023\/05\/24\/tem-inicio-as-obras-de-pavimentacao-de-trecho-da-rua-alfredo-dahmer-em-westfalia\/","og_locale":"pt_BR","og_type":"article","og_title":"T\u00eam in\u00edcio as obras de pavimenta\u00e7\u00e3o de trecho da Rua Alfredo Dahmer, em Westf\u00e1lia - Folha Popular","og_description":"Tiveram in\u00edcio na semana passada as obras para a pavimenta\u00e7\u00e3o asf\u00e1ltica de trecho da Rua Alfredo Dahmer, no Bairro Bela Vista, em Westf\u00e1lia. Na etapa inicial, a Construtora Giovanella Ltda., vencedora da licita\u00e7\u00e3o, executa no momento servi\u00e7os de drenagem e terraplanagem. Numa uma \u00e1rea total de 1.400,29 m\u00b2, a obra ainda compreender\u00e1 pavimenta\u00e7\u00e3o asf\u00e1ltica e [&hellip;]","og_url":"https:\/\/folhapopular.info\/index.php\/2023\/05\/24\/tem-inicio-as-obras-de-pavimentacao-de-trecho-da-rua-alfredo-dahmer-em-westfalia\/","og_site_name":"Folha Popular","article_published_time":"2023-05-24T11:34:12+00:00","article_modified_time":"2023-05-24T11:44:01+00:00","og_image":[{"width":2560,"height":1711,"url":"http:\/\/folhapopular.info\/wp-content\/uploads\/2023\/05\/Obras-para-a-pavimentacao-de-trecho-da-Rua-Alfredo-Dahmer-foram-iniciadas-na-semana-passada_AI-Westfalia-scaled.jpg","type":"image\/jpeg"}],"author":"Reda\u00e7\u00e3o Folha Popular","twitter_card":"summary_large_image","twitter_misc":{"Escrito por":"Reda\u00e7\u00e3o Folha Popular","Est. tempo de leitura":"1 minuto"},"schema":{"@context":"https:\/\/schema.org","@graph":[{"@type":"Article","@id":"https:\/\/folhapopular.info\/index.php\/2023\/05\/24\/tem-inicio-as-obras-de-pavimentacao-de-trecho-da-rua-alfredo-dahmer-em-westfalia\/#article","isPartOf":{"@id":"https:\/\/folhapopular.info\/index.php\/2023\/05\/24\/tem-inicio-as-obras-de-pavimentacao-de-trecho-da-rua-alfredo-dahmer-em-westfalia\/"},"author":{"name":"Reda\u00e7\u00e3o Folha Popular","@id":"https:\/\/folhapopular.info\/#\/schema\/person\/2814e8a0df7643585a9ca38bc6eb9d4b"},"headline":"T\u00eam in\u00edcio as obras de pavimenta\u00e7\u00e3o de trecho da Rua Alfredo Dahmer, em Westf\u00e1lia","datePublished":"2023-05-24T11:34:12+00:00","dateModified":"2023-05-24T11:44:01+00:00","mainEntityOfPage":{"@id":"https:\/\/folhapopular.info\/index.php\/2023\/05\/24\/tem-inicio-as-obras-de-pavimentacao-de-trecho-da-rua-alfredo-dahmer-em-westfalia\/"},"wordCount":177,"commentCount":0,"image":{"@id":"https:\/\/folhapopular.info\/index.php\/2023\/05\/24\/tem-inicio-as-obras-de-pavimentacao-de-trecho-da-rua-alfredo-dahmer-em-westfalia\/#primaryimage"},"thumbnailUrl":"https:\/\/folhapopular.info\/wp-content\/uploads\/2023\/05\/Obras-para-a-pavimentacao-de-trecho-da-Rua-Alfredo-Dahmer-foram-iniciadas-na-semana-passada_AI-Westfalia-scaled.jpg","keywords":["Infraestrutura","obra","Pavimenta\u00e7\u00e3o","rua alfredo dahmer","Westf\u00e1lia"],"articleSection":["Destaques","Geral","Servi\u00e7os"],"inLanguage":"pt-BR","potentialAction":[{"@type":"CommentAction","name":"Comment","target":["https:\/\/folhapopular.info\/index.php\/2023\/05\/24\/tem-inicio-as-obras-de-pavimentacao-de-trecho-da-rua-alfredo-dahmer-em-westfalia\/#respond"]}]},{"@type":"WebPage","@id":"https:\/\/folhapopular.info\/index.php\/2023\/05\/24\/tem-inicio-as-obras-de-pavimentacao-de-trecho-da-rua-alfredo-dahmer-em-westfalia\/","url":"https:\/\/folhapopular.info\/index.php\/2023\/05\/24\/tem-inicio-as-obras-de-pavimentacao-de-trecho-da-rua-alfredo-dahmer-em-westfalia\/","name":"T\u00eam in\u00edcio as obras de pavimenta\u00e7\u00e3o de trecho da Rua Alfredo Dahmer, em Westf\u00e1lia - Folha Popular","isPartOf":{"@id":"https:\/\/folhapopular.info\/#website"},"primaryImageOfPage":{"@id":"https:\/\/folhapopular.info\/index.php\/2023\/05\/24\/tem-inicio-as-obras-de-pavimentacao-de-trecho-da-rua-alfredo-dahmer-em-westfalia\/#primaryimage"},"image":{"@id":"https:\/\/folhapopular.info\/index.php\/2023\/05\/24\/tem-inicio-as-obras-de-pavimentacao-de-trecho-da-rua-alfredo-dahmer-em-westfalia\/#primaryimage"},"thumbnailUrl":"https:\/\/folhapopular.info\/wp-content\/uploads\/2023\/05\/Obras-para-a-pavimentacao-de-trecho-da-Rua-Alfredo-Dahmer-foram-iniciadas-na-semana-passada_AI-Westfalia-scaled.jpg","datePublished":"2023-05-24T11:34:12+00:00","dateModified":"2023-05-24T11:44:01+00:00","author":{"@id":"https:\/\/folhapopular.info\/#\/schema\/person\/2814e8a0df7643585a9ca38bc6eb9d4b"},"breadcrumb":{"@id":"https:\/\/folhapopular.info\/index.php\/2023\/05\/24\/tem-inicio-as-obras-de-pavimentacao-de-trecho-da-rua-alfredo-dahmer-em-westfalia\/#breadcrumb"},"inLanguage":"pt-BR","potentialAction":[{"@type":"ReadAction","target":["https:\/\/folhapopular.info\/index.php\/2023\/05\/24\/tem-inicio-as-obras-de-pavimentacao-de-trecho-da-rua-alfredo-dahmer-em-westfalia\/"]}]},{"@type":"ImageObject","inLanguage":"pt-BR","@id":"https:\/\/folhapopular.info\/index.php\/2023\/05\/24\/tem-inicio-as-obras-de-pavimentacao-de-trecho-da-rua-alfredo-dahmer-em-westfalia\/#primaryimage","url":"https:\/\/folhapopular.info\/wp-content\/uploads\/2023\/05\/Obras-para-a-pavimentacao-de-trecho-da-Rua-Alfredo-Dahmer-foram-iniciadas-na-semana-passada_AI-Westfalia-scaled.jpg","contentUrl":"https:\/\/folhapopular.info\/wp-content\/uploads\/2023\/05\/Obras-para-a-pavimentacao-de-trecho-da-Rua-Alfredo-Dahmer-foram-iniciadas-na-semana-passada_AI-Westfalia-scaled.jpg","width":2560,"height":1711,"caption":"Cr\u00e9dito: AI Prefeitura de Westf\u00e1lia"},{"@type":"BreadcrumbList","@id":"https:\/\/folhapopular.info\/index.php\/2023\/05\/24\/tem-inicio-as-obras-de-pavimentacao-de-trecho-da-rua-alfredo-dahmer-em-westfalia\/#breadcrumb","itemListElement":[{"@type":"ListItem","position":1,"name":"In\u00edcio","item":"https:\/\/folhapopular.info\/"},{"@type":"ListItem","position":2,"name":"T\u00eam in\u00edcio as obras de pavimenta\u00e7\u00e3o de trecho da Rua Alfredo Dahmer, em Westf\u00e1lia"}]},{"@type":"WebSite","@id":"https:\/\/folhapopular.info\/#website","url":"https:\/\/folhapopular.info\/","name":"Folha Popular","description":"Onde voc\u00ea tem vez e voz","potentialAction":[{"@type":"SearchAction","target":{"@type":"EntryPoint","urlTemplate":"https:\/\/folhapopular.info\/?s={search_term_string}"},"query-input":{"@type":"PropertyValueSpecification","valueRequired":true,"valueName":"search_term_string"}}],"inLanguage":"pt-BR"},{"@type":"Person","@id":"https:\/\/folhapopular.info\/#\/schema\/person\/2814e8a0df7643585a9ca38bc6eb9d4b","name":"Reda\u00e7\u00e3o Folha Popular","image":{"@type":"ImageObject","inLanguage":"pt-BR","@id":"https:\/\/folhapopular.info\/wp-content\/uploads\/2026\/04\/Folha-1.webp","url":"https:\/\/folhapopular.info\/wp-content\/uploads\/2026\/04\/Folha-1.webp","contentUrl":"https:\/\/folhapopular.info\/wp-content\/uploads\/2026\/04\/Folha-1.webp","caption":"Reda\u00e7\u00e3o Folha Popular"},"url":"https:\/\/folhapopular.info\/index.php\/author\/redacao\/"}]}},"jetpack_featured_media_url":"https:\/\/folhapopular.info\/wp-content\/uploads\/2023\/05\/Obras-para-a-pavimentacao-de-trecho-da-Rua-Alfredo-Dahmer-foram-iniciadas-na-semana-passada_AI-Westfalia-scaled.jpg","jetpack_sharing_enabled":true,"amp_enabled":true,"_links":{"self":[{"href":"https:\/\/folhapopular.info\/index.php\/wp-json\/wp\/v2\/posts\/128201","targetHints":{"allow":["GET"]}}],"collection":[{"href":"https:\/\/folhapopular.info\/index.php\/wp-json\/wp\/v2\/posts"}],"about":[{"href":"https:\/\/folhapopular.info\/index.php\/wp-json\/wp\/v2\/types\/post"}],"author":[{"embeddable":true,"href":"https:\/\/folhapopular.info\/index.php\/wp-json\/wp\/v2\/users\/8"}],"replies":[{"embeddable":true,"href":"https:\/\/folhapopular.info\/index.php\/wp-json\/wp\/v2\/comments?post=128201"}],"version-history":[{"count":0,"href":"https:\/\/folhapopular.info\/index.php\/wp-json\/wp\/v2\/posts\/128201\/revisions"}],"wp:featuredmedia":[{"embeddable":true,"href":"https:\/\/folhapopular.info\/index.php\/wp-json\/wp\/v2\/media\/128202"}],"wp:attachment":[{"href":"https:\/\/folhapopular.info\/index.php\/wp-json\/wp\/v2\/media?parent=128201"}],"wp:term":[{"taxonomy":"category","embeddable":true,"href":"https:\/\/folhapopular.info\/index.php\/wp-json\/wp\/v2\/categories?post=128201"},{"taxonomy":"post_tag","embeddable":true,"href":"https:\/\/folhapopular.info\/index.php\/wp-json\/wp\/v2\/tags?post=128201"}],"curies":[{"name":"wp","href":"https:\/\/api.w.org\/{rel}","templated":true}]}}