{"id":128437,"date":"2023-05-26T23:23:49","date_gmt":"2023-05-27T02:23:49","guid":{"rendered":"https:\/\/folhapopular.info\/?p=128437"},"modified":"2023-05-26T23:23:53","modified_gmt":"2023-05-27T02:23:53","slug":"2o-festival-de-balonismo-de-teutonia-inicia-com-celebracoes-dos-42-anos-do-municipio","status":"publish","type":"post","link":"https:\/\/folhapopular.info\/index.php\/2023\/05\/26\/2o-festival-de-balonismo-de-teutonia-inicia-com-celebracoes-dos-42-anos-do-municipio\/","title":{"rendered":"2\u00ba Festival de Balonismo de Teut\u00f4nia inicia com celebra\u00e7\u00f5es dos 42 anos do munic\u00edpio"},"content":{"rendered":"\n<p>A 2\u00aa edi\u00e7\u00e3o do Festival de Balonismo e Manobras Radicais de Teut\u00f4nia teve in\u00edcio na noite desta sexta-feira (26\/5) com programa\u00e7\u00e3o especial alusiva aos 42 anos de emancipa\u00e7\u00e3o de Teut\u00f4nia.<\/p>\n\n\n\n<p>A cerim\u00f4nia de abertura contou com apresenta\u00e7\u00f5es art\u00edstico-culturais da Orquestra Henrique \u00dcebel e do Coral Municipal Infantojuvenil. Ap\u00f3s a fala das autoridades, foi a vez da Banda Circulante entrar em a\u00e7\u00e3o, guiando os integrantes do Coral ao meio da plateia, onde havia um c\u00edrculo formado por mesas. <\/p>\n\n\n\n<p>Os jovens carregavam 42 tortas, representanto cada um dos anivers\u00e1rios de Teut\u00f4nia. Foi cantado parab\u00e9ns e ent\u00e3o realizada a distribui\u00e7\u00e3o das fatias ao p\u00fablico presente.<\/p>\n\n\n\n<p>O prefeito Celso Alo\u00edsio Forneck revelou orgulho pelos resultados que Teut\u00f4nia vem obtendo, principalmente quanto \u00e0s not\u00edcias recentes de <a href=\"https:\/\/folhapopular.info\/index.php\/2023\/05\/26\/teutonia-alcanca-a-maior-nota-no-programa-previne-brasil-no-vale-do-taquari\/\" target=\"_blank\" rel=\"noreferrer noopener\">maior nota no programa federal Previne Brasil <\/a>entre os munic\u00edpios acima de 20 mil habitantes do Vale do Taquari e de destaque no \u00cdndice de Governan\u00e7a Municipal, tendo alcan\u00e7ado o 2\u00ba Lugar entre os 497 munic\u00edpios do Estado, e o 7\u00ba lugar no Brasil entre os munic\u00edpios de 20 a 50 mil habitantes. &#8220;Muito nos orgulha, e a comunidade merece essa comemora\u00e7\u00e3o&#8221;, citou.<\/p>\n\n\n\n<p>Ap\u00f3s a cerim\u00f4nia, ocorreu carreata Ruas de Fogo pelas ruas da cidade e, por fim, a apresenta\u00e7\u00e3o Night Glow com alguns dos bal\u00f5es. A \u00faltima apresenta\u00e7\u00e3o foi de Neg\u00e3o e Banda. <\/p>\n\n\n\n<p>A <a href=\"https:\/\/folhapopular.info\/index.php\/2023\/04\/18\/2o-festival-de-balonismo-e-manobras-radicais-comemora-aniversario-de-teutonia\/\" target=\"_blank\" rel=\"noreferrer noopener\">programa\u00e7\u00e3o<\/a> do 2\u00ba Festival de Balonismo de Teut\u00f4nia segue neste s\u00e1bado e domingo (27 e 28\/5) e tamb\u00e9m nos dias 2, 3 e 4 de junho no Centro Administrativo.<\/p>\n\n\n\n<div class=\"wp-block-jetpack-slideshow aligncenter\" data-effect=\"slide\"><div class=\"wp-block-jetpack-slideshow_container swiper-container\"><ul class=\"wp-block-jetpack-slideshow_swiper-wrapper swiper-wrapper\"><li class=\"wp-block-jetpack-slideshow_slide swiper-slide\"><figure><img loading=\"lazy\" decoding=\"async\" width=\"1024\" height=\"768\" alt=\"\" class=\"wp-block-jetpack-slideshow_image wp-image-128444\" data-id=\"128444\" src=\"https:\/\/folhapopular.info\/wp-content\/uploads\/2023\/05\/IMG_3131-1024x768.jpg\" srcset=\"https:\/\/folhapopular.info\/wp-content\/uploads\/2023\/05\/IMG_3131-1024x768.jpg 1024w, https:\/\/folhapopular.info\/wp-content\/uploads\/2023\/05\/IMG_3131-300x225.jpg 300w, https:\/\/folhapopular.info\/wp-content\/uploads\/2023\/05\/IMG_3131-768x576.jpg 768w, https:\/\/folhapopular.info\/wp-content\/uploads\/2023\/05\/IMG_3131-1536x1152.jpg 1536w, https:\/\/folhapopular.info\/wp-content\/uploads\/2023\/05\/IMG_3131-2048x1536.jpg 2048w, https:\/\/folhapopular.info\/wp-content\/uploads\/2023\/05\/IMG_3131-696x522.jpg 696w, https:\/\/folhapopular.info\/wp-content\/uploads\/2023\/05\/IMG_3131-1068x801.jpg 1068w, https:\/\/folhapopular.info\/wp-content\/uploads\/2023\/05\/IMG_3131-1920x1440.jpg 1920w\" sizes=\"(max-width: 1024px) 100vw, 1024px\" \/><figcaption class=\"wp-block-jetpack-slideshow_caption gallery-caption\">Cr\u00e9ditos: Camille Lenz da Silva<\/figcaption><\/figure><\/li><li class=\"wp-block-jetpack-slideshow_slide swiper-slide\"><figure><img loading=\"lazy\" decoding=\"async\" width=\"1024\" height=\"768\" alt=\"\" class=\"wp-block-jetpack-slideshow_image wp-image-128439\" data-id=\"128439\" src=\"https:\/\/folhapopular.info\/wp-content\/uploads\/2023\/05\/IMG_3174-1024x768.jpg\" srcset=\"https:\/\/folhapopular.info\/wp-content\/uploads\/2023\/05\/IMG_3174-1024x768.jpg 1024w, https:\/\/folhapopular.info\/wp-content\/uploads\/2023\/05\/IMG_3174-300x225.jpg 300w, https:\/\/folhapopular.info\/wp-content\/uploads\/2023\/05\/IMG_3174-768x576.jpg 768w, https:\/\/folhapopular.info\/wp-content\/uploads\/2023\/05\/IMG_3174-1536x1152.jpg 1536w, https:\/\/folhapopular.info\/wp-content\/uploads\/2023\/05\/IMG_3174-2048x1536.jpg 2048w, https:\/\/folhapopular.info\/wp-content\/uploads\/2023\/05\/IMG_3174-696x522.jpg 696w, https:\/\/folhapopular.info\/wp-content\/uploads\/2023\/05\/IMG_3174-1068x801.jpg 1068w, https:\/\/folhapopular.info\/wp-content\/uploads\/2023\/05\/IMG_3174-1920x1440.jpg 1920w\" sizes=\"(max-width: 1024px) 100vw, 1024px\" \/><figcaption class=\"wp-block-jetpack-slideshow_caption gallery-caption\">Cr\u00e9ditos: Camille Lenz da Silva<\/figcaption><\/figure><\/li><li class=\"wp-block-jetpack-slideshow_slide swiper-slide\"><figure><img loading=\"lazy\" decoding=\"async\" width=\"1024\" height=\"768\" alt=\"\" class=\"wp-block-jetpack-slideshow_image wp-image-128438\" data-id=\"128438\" src=\"https:\/\/folhapopular.info\/wp-content\/uploads\/2023\/05\/IMG_3171-1024x768.jpg\" srcset=\"https:\/\/folhapopular.info\/wp-content\/uploads\/2023\/05\/IMG_3171-1024x768.jpg 1024w, https:\/\/folhapopular.info\/wp-content\/uploads\/2023\/05\/IMG_3171-300x225.jpg 300w, https:\/\/folhapopular.info\/wp-content\/uploads\/2023\/05\/IMG_3171-768x576.jpg 768w, https:\/\/folhapopular.info\/wp-content\/uploads\/2023\/05\/IMG_3171-1536x1152.jpg 1536w, https:\/\/folhapopular.info\/wp-content\/uploads\/2023\/05\/IMG_3171-2048x1536.jpg 2048w, https:\/\/folhapopular.info\/wp-content\/uploads\/2023\/05\/IMG_3171-696x522.jpg 696w, https:\/\/folhapopular.info\/wp-content\/uploads\/2023\/05\/IMG_3171-1068x801.jpg 1068w, https:\/\/folhapopular.info\/wp-content\/uploads\/2023\/05\/IMG_3171-1920x1440.jpg 1920w\" sizes=\"(max-width: 1024px) 100vw, 1024px\" \/><figcaption class=\"wp-block-jetpack-slideshow_caption gallery-caption\">Cr\u00e9ditos: Camille Lenz da Silva<\/figcaption><\/figure><\/li><li class=\"wp-block-jetpack-slideshow_slide swiper-slide\"><figure><img loading=\"lazy\" decoding=\"async\" width=\"1024\" height=\"768\" alt=\"\" class=\"wp-block-jetpack-slideshow_image wp-image-128442\" data-id=\"128442\" src=\"https:\/\/folhapopular.info\/wp-content\/uploads\/2023\/05\/IMG_3175-1024x768.jpg\" srcset=\"https:\/\/folhapopular.info\/wp-content\/uploads\/2023\/05\/IMG_3175-1024x768.jpg 1024w, https:\/\/folhapopular.info\/wp-content\/uploads\/2023\/05\/IMG_3175-300x225.jpg 300w, https:\/\/folhapopular.info\/wp-content\/uploads\/2023\/05\/IMG_3175-768x576.jpg 768w, https:\/\/folhapopular.info\/wp-content\/uploads\/2023\/05\/IMG_3175-1536x1152.jpg 1536w, https:\/\/folhapopular.info\/wp-content\/uploads\/2023\/05\/IMG_3175-2048x1536.jpg 2048w, https:\/\/folhapopular.info\/wp-content\/uploads\/2023\/05\/IMG_3175-696x522.jpg 696w, https:\/\/folhapopular.info\/wp-content\/uploads\/2023\/05\/IMG_3175-1068x801.jpg 1068w, https:\/\/folhapopular.info\/wp-content\/uploads\/2023\/05\/IMG_3175-1920x1440.jpg 1920w\" sizes=\"(max-width: 1024px) 100vw, 1024px\" \/><figcaption class=\"wp-block-jetpack-slideshow_caption gallery-caption\">Cr\u00e9ditos: Camille Lenz da Silva<\/figcaption><\/figure><\/li><li class=\"wp-block-jetpack-slideshow_slide swiper-slide\"><figure><img loading=\"lazy\" decoding=\"async\" width=\"1024\" height=\"683\" alt=\"\" class=\"wp-block-jetpack-slideshow_image wp-image-128448\" data-id=\"128448\" src=\"https:\/\/folhapopular.info\/wp-content\/uploads\/2023\/05\/2023_05_26_Festival-do-Balonismo-dia-01-39-1024x683.jpg\" srcset=\"https:\/\/folhapopular.info\/wp-content\/uploads\/2023\/05\/2023_05_26_Festival-do-Balonismo-dia-01-39-1024x683.jpg 1024w, https:\/\/folhapopular.info\/wp-content\/uploads\/2023\/05\/2023_05_26_Festival-do-Balonismo-dia-01-39-300x200.jpg 300w, https:\/\/folhapopular.info\/wp-content\/uploads\/2023\/05\/2023_05_26_Festival-do-Balonismo-dia-01-39-768x512.jpg 768w, https:\/\/folhapopular.info\/wp-content\/uploads\/2023\/05\/2023_05_26_Festival-do-Balonismo-dia-01-39-1536x1024.jpg 1536w, https:\/\/folhapopular.info\/wp-content\/uploads\/2023\/05\/2023_05_26_Festival-do-Balonismo-dia-01-39-2048x1365.jpg 2048w, https:\/\/folhapopular.info\/wp-content\/uploads\/2023\/05\/2023_05_26_Festival-do-Balonismo-dia-01-39-696x464.jpg 696w, https:\/\/folhapopular.info\/wp-content\/uploads\/2023\/05\/2023_05_26_Festival-do-Balonismo-dia-01-39-1068x712.jpg 1068w, https:\/\/folhapopular.info\/wp-content\/uploads\/2023\/05\/2023_05_26_Festival-do-Balonismo-dia-01-39-1920x1280.jpg 1920w\" sizes=\"(max-width: 1024px) 100vw, 1024px\" \/><figcaption class=\"wp-block-jetpack-slideshow_caption gallery-caption\">Cr\u00e9ditos: AI Prefeitura de Teut\u00f4nia<\/figcaption><\/figure><\/li><\/ul><a class=\"wp-block-jetpack-slideshow_button-prev swiper-button-prev swiper-button-white\" role=\"button\"><\/a><a class=\"wp-block-jetpack-slideshow_button-next swiper-button-next swiper-button-white\" role=\"button\"><\/a><a aria-label=\"Pause Slideshow\" class=\"wp-block-jetpack-slideshow_button-pause\" role=\"button\"><\/a><div class=\"wp-block-jetpack-slideshow_pagination swiper-pagination swiper-pagination-white\"><\/div><\/div><\/div>\n","protected":false},"excerpt":{"rendered":"<p>A 2\u00aa edi\u00e7\u00e3o do Festival de Balonismo e Manobras Radicais de Teut\u00f4nia teve in\u00edcio na noite desta sexta-feira (26\/5) com programa\u00e7\u00e3o especial alusiva aos 42 anos de emancipa\u00e7\u00e3o de Teut\u00f4nia. A cerim\u00f4nia de abertura contou com apresenta\u00e7\u00f5es art\u00edstico-culturais da Orquestra Henrique \u00dcebel e do Coral Municipal Infantojuvenil. Ap\u00f3s a fala das autoridades, foi a vez [&hellip;]<\/p>\n","protected":false},"author":639,"featured_media":128445,"comment_status":"open","ping_status":"open","sticky":false,"template":"","format":"standard","meta":{"pmpro_default_level":"","_jetpack_memberships_contains_paid_content":false,"footnotes":""},"categories":[2,10999,6],"tags":[11474,344,11543,12293],"class_list":{"0":"post-128437","1":"post","2":"type-post","3":"status-publish","4":"format-standard","5":"has-post-thumbnail","7":"category-featured","8":"category-entretenimento","9":"category-inclusive","10":"tag-balonismo","11":"tag-cultura","12":"tag-entretenimento","13":"tag-festival-de-balonismo-e-manobras-radicais","14":"pmpro-has-access"},"yoast_head":"<!-- This site is optimized with the Yoast SEO plugin v27.5 - https:\/\/yoast.com\/product\/yoast-seo-wordpress\/ -->\n<title>2\u00ba Festival de Balonismo de Teut\u00f4nia inicia com celebra\u00e7\u00f5es dos 42 anos do munic\u00edpio - Folha Popular<\/title>\n<meta name=\"robots\" content=\"index, follow, max-snippet:-1, max-image-preview:large, max-video-preview:-1\" \/>\n<link rel=\"canonical\" href=\"https:\/\/folhapopular.info\/index.php\/2023\/05\/26\/2o-festival-de-balonismo-de-teutonia-inicia-com-celebracoes-dos-42-anos-do-municipio\/\" \/>\n<meta property=\"og:locale\" content=\"pt_BR\" \/>\n<meta property=\"og:type\" content=\"article\" \/>\n<meta property=\"og:title\" content=\"2\u00ba Festival de Balonismo de Teut\u00f4nia inicia com celebra\u00e7\u00f5es dos 42 anos do munic\u00edpio - Folha Popular\" \/>\n<meta property=\"og:description\" content=\"A 2\u00aa edi\u00e7\u00e3o do Festival de Balonismo e Manobras Radicais de Teut\u00f4nia teve in\u00edcio na noite desta sexta-feira (26\/5) com programa\u00e7\u00e3o especial alusiva aos 42 anos de emancipa\u00e7\u00e3o de Teut\u00f4nia. A cerim\u00f4nia de abertura contou com apresenta\u00e7\u00f5es art\u00edstico-culturais da Orquestra Henrique \u00dcebel e do Coral Municipal Infantojuvenil. Ap\u00f3s a fala das autoridades, foi a vez [&hellip;]\" \/>\n<meta property=\"og:url\" content=\"https:\/\/folhapopular.info\/index.php\/2023\/05\/26\/2o-festival-de-balonismo-de-teutonia-inicia-com-celebracoes-dos-42-anos-do-municipio\/\" \/>\n<meta property=\"og:site_name\" content=\"Folha Popular\" \/>\n<meta property=\"article:published_time\" content=\"2023-05-27T02:23:49+00:00\" \/>\n<meta property=\"article:modified_time\" content=\"2023-05-27T02:23:53+00:00\" \/>\n<meta property=\"og:image\" content=\"http:\/\/folhapopular.info\/wp-content\/uploads\/2023\/05\/IMG_3137-scaled.jpg\" \/>\n\t<meta property=\"og:image:width\" content=\"2560\" \/>\n\t<meta property=\"og:image:height\" content=\"1920\" \/>\n\t<meta property=\"og:image:type\" content=\"image\/jpeg\" \/>\n<meta name=\"author\" content=\"Camille Lenz da Silva\" \/>\n<meta name=\"twitter:card\" content=\"summary_large_image\" \/>\n<meta name=\"twitter:label1\" content=\"Escrito por\" \/>\n\t<meta name=\"twitter:data1\" content=\"Camille Lenz da Silva\" \/>\n\t<meta name=\"twitter:label2\" content=\"Est. tempo de leitura\" \/>\n\t<meta name=\"twitter:data2\" content=\"3 minutos\" \/>\n<script type=\"application\/ld+json\" class=\"yoast-schema-graph\">{\"@context\":\"https:\\\/\\\/schema.org\",\"@graph\":[{\"@type\":\"Article\",\"@id\":\"https:\\\/\\\/folhapopular.info\\\/index.php\\\/2023\\\/05\\\/26\\\/2o-festival-de-balonismo-de-teutonia-inicia-com-celebracoes-dos-42-anos-do-municipio\\\/#article\",\"isPartOf\":{\"@id\":\"https:\\\/\\\/folhapopular.info\\\/index.php\\\/2023\\\/05\\\/26\\\/2o-festival-de-balonismo-de-teutonia-inicia-com-celebracoes-dos-42-anos-do-municipio\\\/\"},\"author\":{\"name\":\"Camille Lenz da Silva\",\"@id\":\"https:\\\/\\\/folhapopular.info\\\/#\\\/schema\\\/person\\\/f0b811f932ef2505faf473ffaef49df5\"},\"headline\":\"2\u00ba Festival de Balonismo de Teut\u00f4nia inicia com celebra\u00e7\u00f5es dos 42 anos do munic\u00edpio\",\"datePublished\":\"2023-05-27T02:23:49+00:00\",\"dateModified\":\"2023-05-27T02:23:53+00:00\",\"mainEntityOfPage\":{\"@id\":\"https:\\\/\\\/folhapopular.info\\\/index.php\\\/2023\\\/05\\\/26\\\/2o-festival-de-balonismo-de-teutonia-inicia-com-celebracoes-dos-42-anos-do-municipio\\\/\"},\"wordCount\":312,\"commentCount\":0,\"image\":{\"@id\":\"https:\\\/\\\/folhapopular.info\\\/index.php\\\/2023\\\/05\\\/26\\\/2o-festival-de-balonismo-de-teutonia-inicia-com-celebracoes-dos-42-anos-do-municipio\\\/#primaryimage\"},\"thumbnailUrl\":\"https:\\\/\\\/folhapopular.info\\\/wp-content\\\/uploads\\\/2023\\\/05\\\/IMG_3137-scaled.jpg\",\"keywords\":[\"Balonismo\",\"Cultura\",\"Entretenimento\",\"festival de balonismo e manobras radicais\"],\"articleSection\":[\"Destaques\",\"Entretenimento\",\"Inclusive\"],\"inLanguage\":\"pt-BR\",\"potentialAction\":[{\"@type\":\"CommentAction\",\"name\":\"Comment\",\"target\":[\"https:\\\/\\\/folhapopular.info\\\/index.php\\\/2023\\\/05\\\/26\\\/2o-festival-de-balonismo-de-teutonia-inicia-com-celebracoes-dos-42-anos-do-municipio\\\/#respond\"]}]},{\"@type\":\"WebPage\",\"@id\":\"https:\\\/\\\/folhapopular.info\\\/index.php\\\/2023\\\/05\\\/26\\\/2o-festival-de-balonismo-de-teutonia-inicia-com-celebracoes-dos-42-anos-do-municipio\\\/\",\"url\":\"https:\\\/\\\/folhapopular.info\\\/index.php\\\/2023\\\/05\\\/26\\\/2o-festival-de-balonismo-de-teutonia-inicia-com-celebracoes-dos-42-anos-do-municipio\\\/\",\"name\":\"2\u00ba Festival de Balonismo de Teut\u00f4nia inicia com celebra\u00e7\u00f5es dos 42 anos do munic\u00edpio - Folha Popular\",\"isPartOf\":{\"@id\":\"https:\\\/\\\/folhapopular.info\\\/#website\"},\"primaryImageOfPage\":{\"@id\":\"https:\\\/\\\/folhapopular.info\\\/index.php\\\/2023\\\/05\\\/26\\\/2o-festival-de-balonismo-de-teutonia-inicia-com-celebracoes-dos-42-anos-do-municipio\\\/#primaryimage\"},\"image\":{\"@id\":\"https:\\\/\\\/folhapopular.info\\\/index.php\\\/2023\\\/05\\\/26\\\/2o-festival-de-balonismo-de-teutonia-inicia-com-celebracoes-dos-42-anos-do-municipio\\\/#primaryimage\"},\"thumbnailUrl\":\"https:\\\/\\\/folhapopular.info\\\/wp-content\\\/uploads\\\/2023\\\/05\\\/IMG_3137-scaled.jpg\",\"datePublished\":\"2023-05-27T02:23:49+00:00\",\"dateModified\":\"2023-05-27T02:23:53+00:00\",\"author\":{\"@id\":\"https:\\\/\\\/folhapopular.info\\\/#\\\/schema\\\/person\\\/f0b811f932ef2505faf473ffaef49df5\"},\"breadcrumb\":{\"@id\":\"https:\\\/\\\/folhapopular.info\\\/index.php\\\/2023\\\/05\\\/26\\\/2o-festival-de-balonismo-de-teutonia-inicia-com-celebracoes-dos-42-anos-do-municipio\\\/#breadcrumb\"},\"inLanguage\":\"pt-BR\",\"potentialAction\":[{\"@type\":\"ReadAction\",\"target\":[\"https:\\\/\\\/folhapopular.info\\\/index.php\\\/2023\\\/05\\\/26\\\/2o-festival-de-balonismo-de-teutonia-inicia-com-celebracoes-dos-42-anos-do-municipio\\\/\"]}]},{\"@type\":\"ImageObject\",\"inLanguage\":\"pt-BR\",\"@id\":\"https:\\\/\\\/folhapopular.info\\\/index.php\\\/2023\\\/05\\\/26\\\/2o-festival-de-balonismo-de-teutonia-inicia-com-celebracoes-dos-42-anos-do-municipio\\\/#primaryimage\",\"url\":\"https:\\\/\\\/folhapopular.info\\\/wp-content\\\/uploads\\\/2023\\\/05\\\/IMG_3137-scaled.jpg\",\"contentUrl\":\"https:\\\/\\\/folhapopular.info\\\/wp-content\\\/uploads\\\/2023\\\/05\\\/IMG_3137-scaled.jpg\",\"width\":2560,\"height\":1920,\"caption\":\"Cr\u00e9ditos: Camille Lenz da Silva\"},{\"@type\":\"BreadcrumbList\",\"@id\":\"https:\\\/\\\/folhapopular.info\\\/index.php\\\/2023\\\/05\\\/26\\\/2o-festival-de-balonismo-de-teutonia-inicia-com-celebracoes-dos-42-anos-do-municipio\\\/#breadcrumb\",\"itemListElement\":[{\"@type\":\"ListItem\",\"position\":1,\"name\":\"In\u00edcio\",\"item\":\"https:\\\/\\\/folhapopular.info\\\/\"},{\"@type\":\"ListItem\",\"position\":2,\"name\":\"2\u00ba Festival de Balonismo de Teut\u00f4nia inicia com celebra\u00e7\u00f5es dos 42 anos do munic\u00edpio\"}]},{\"@type\":\"WebSite\",\"@id\":\"https:\\\/\\\/folhapopular.info\\\/#website\",\"url\":\"https:\\\/\\\/folhapopular.info\\\/\",\"name\":\"Folha Popular\",\"description\":\"Onde voc\u00ea tem vez e voz\",\"potentialAction\":[{\"@type\":\"SearchAction\",\"target\":{\"@type\":\"EntryPoint\",\"urlTemplate\":\"https:\\\/\\\/folhapopular.info\\\/?s={search_term_string}\"},\"query-input\":{\"@type\":\"PropertyValueSpecification\",\"valueRequired\":true,\"valueName\":\"search_term_string\"}}],\"inLanguage\":\"pt-BR\"},{\"@type\":\"Person\",\"@id\":\"https:\\\/\\\/folhapopular.info\\\/#\\\/schema\\\/person\\\/f0b811f932ef2505faf473ffaef49df5\",\"name\":\"Camille Lenz da Silva\",\"image\":{\"@type\":\"ImageObject\",\"inLanguage\":\"pt-BR\",\"@id\":\"https:\\\/\\\/secure.gravatar.com\\\/avatar\\\/50be826d73ca259ec0e0a88a407f5de800c576c46cfdc57e50ef28551e216fff?s=96&d=mm&r=g\",\"url\":\"https:\\\/\\\/secure.gravatar.com\\\/avatar\\\/50be826d73ca259ec0e0a88a407f5de800c576c46cfdc57e50ef28551e216fff?s=96&d=mm&r=g\",\"contentUrl\":\"https:\\\/\\\/secure.gravatar.com\\\/avatar\\\/50be826d73ca259ec0e0a88a407f5de800c576c46cfdc57e50ef28551e216fff?s=96&d=mm&r=g\",\"caption\":\"Camille Lenz da Silva\"},\"url\":\"https:\\\/\\\/folhapopular.info\\\/index.php\\\/author\\\/camillelenzgmail-com\\\/\"}]}<\/script>\n<!-- \/ Yoast SEO plugin. -->","yoast_head_json":{"title":"2\u00ba Festival de Balonismo de Teut\u00f4nia inicia com celebra\u00e7\u00f5es dos 42 anos do munic\u00edpio - Folha Popular","robots":{"index":"index","follow":"follow","max-snippet":"max-snippet:-1","max-image-preview":"max-image-preview:large","max-video-preview":"max-video-preview:-1"},"canonical":"https:\/\/folhapopular.info\/index.php\/2023\/05\/26\/2o-festival-de-balonismo-de-teutonia-inicia-com-celebracoes-dos-42-anos-do-municipio\/","og_locale":"pt_BR","og_type":"article","og_title":"2\u00ba Festival de Balonismo de Teut\u00f4nia inicia com celebra\u00e7\u00f5es dos 42 anos do munic\u00edpio - Folha Popular","og_description":"A 2\u00aa edi\u00e7\u00e3o do Festival de Balonismo e Manobras Radicais de Teut\u00f4nia teve in\u00edcio na noite desta sexta-feira (26\/5) com programa\u00e7\u00e3o especial alusiva aos 42 anos de emancipa\u00e7\u00e3o de Teut\u00f4nia. A cerim\u00f4nia de abertura contou com apresenta\u00e7\u00f5es art\u00edstico-culturais da Orquestra Henrique \u00dcebel e do Coral Municipal Infantojuvenil. Ap\u00f3s a fala das autoridades, foi a vez [&hellip;]","og_url":"https:\/\/folhapopular.info\/index.php\/2023\/05\/26\/2o-festival-de-balonismo-de-teutonia-inicia-com-celebracoes-dos-42-anos-do-municipio\/","og_site_name":"Folha Popular","article_published_time":"2023-05-27T02:23:49+00:00","article_modified_time":"2023-05-27T02:23:53+00:00","og_image":[{"width":2560,"height":1920,"url":"http:\/\/folhapopular.info\/wp-content\/uploads\/2023\/05\/IMG_3137-scaled.jpg","type":"image\/jpeg"}],"author":"Camille Lenz da Silva","twitter_card":"summary_large_image","twitter_misc":{"Escrito por":"Camille Lenz da Silva","Est. tempo de leitura":"3 minutos"},"schema":{"@context":"https:\/\/schema.org","@graph":[{"@type":"Article","@id":"https:\/\/folhapopular.info\/index.php\/2023\/05\/26\/2o-festival-de-balonismo-de-teutonia-inicia-com-celebracoes-dos-42-anos-do-municipio\/#article","isPartOf":{"@id":"https:\/\/folhapopular.info\/index.php\/2023\/05\/26\/2o-festival-de-balonismo-de-teutonia-inicia-com-celebracoes-dos-42-anos-do-municipio\/"},"author":{"name":"Camille Lenz da Silva","@id":"https:\/\/folhapopular.info\/#\/schema\/person\/f0b811f932ef2505faf473ffaef49df5"},"headline":"2\u00ba Festival de Balonismo de Teut\u00f4nia inicia com celebra\u00e7\u00f5es dos 42 anos do munic\u00edpio","datePublished":"2023-05-27T02:23:49+00:00","dateModified":"2023-05-27T02:23:53+00:00","mainEntityOfPage":{"@id":"https:\/\/folhapopular.info\/index.php\/2023\/05\/26\/2o-festival-de-balonismo-de-teutonia-inicia-com-celebracoes-dos-42-anos-do-municipio\/"},"wordCount":312,"commentCount":0,"image":{"@id":"https:\/\/folhapopular.info\/index.php\/2023\/05\/26\/2o-festival-de-balonismo-de-teutonia-inicia-com-celebracoes-dos-42-anos-do-municipio\/#primaryimage"},"thumbnailUrl":"https:\/\/folhapopular.info\/wp-content\/uploads\/2023\/05\/IMG_3137-scaled.jpg","keywords":["Balonismo","Cultura","Entretenimento","festival de balonismo e manobras radicais"],"articleSection":["Destaques","Entretenimento","Inclusive"],"inLanguage":"pt-BR","potentialAction":[{"@type":"CommentAction","name":"Comment","target":["https:\/\/folhapopular.info\/index.php\/2023\/05\/26\/2o-festival-de-balonismo-de-teutonia-inicia-com-celebracoes-dos-42-anos-do-municipio\/#respond"]}]},{"@type":"WebPage","@id":"https:\/\/folhapopular.info\/index.php\/2023\/05\/26\/2o-festival-de-balonismo-de-teutonia-inicia-com-celebracoes-dos-42-anos-do-municipio\/","url":"https:\/\/folhapopular.info\/index.php\/2023\/05\/26\/2o-festival-de-balonismo-de-teutonia-inicia-com-celebracoes-dos-42-anos-do-municipio\/","name":"2\u00ba Festival de Balonismo de Teut\u00f4nia inicia com celebra\u00e7\u00f5es dos 42 anos do munic\u00edpio - Folha Popular","isPartOf":{"@id":"https:\/\/folhapopular.info\/#website"},"primaryImageOfPage":{"@id":"https:\/\/folhapopular.info\/index.php\/2023\/05\/26\/2o-festival-de-balonismo-de-teutonia-inicia-com-celebracoes-dos-42-anos-do-municipio\/#primaryimage"},"image":{"@id":"https:\/\/folhapopular.info\/index.php\/2023\/05\/26\/2o-festival-de-balonismo-de-teutonia-inicia-com-celebracoes-dos-42-anos-do-municipio\/#primaryimage"},"thumbnailUrl":"https:\/\/folhapopular.info\/wp-content\/uploads\/2023\/05\/IMG_3137-scaled.jpg","datePublished":"2023-05-27T02:23:49+00:00","dateModified":"2023-05-27T02:23:53+00:00","author":{"@id":"https:\/\/folhapopular.info\/#\/schema\/person\/f0b811f932ef2505faf473ffaef49df5"},"breadcrumb":{"@id":"https:\/\/folhapopular.info\/index.php\/2023\/05\/26\/2o-festival-de-balonismo-de-teutonia-inicia-com-celebracoes-dos-42-anos-do-municipio\/#breadcrumb"},"inLanguage":"pt-BR","potentialAction":[{"@type":"ReadAction","target":["https:\/\/folhapopular.info\/index.php\/2023\/05\/26\/2o-festival-de-balonismo-de-teutonia-inicia-com-celebracoes-dos-42-anos-do-municipio\/"]}]},{"@type":"ImageObject","inLanguage":"pt-BR","@id":"https:\/\/folhapopular.info\/index.php\/2023\/05\/26\/2o-festival-de-balonismo-de-teutonia-inicia-com-celebracoes-dos-42-anos-do-municipio\/#primaryimage","url":"https:\/\/folhapopular.info\/wp-content\/uploads\/2023\/05\/IMG_3137-scaled.jpg","contentUrl":"https:\/\/folhapopular.info\/wp-content\/uploads\/2023\/05\/IMG_3137-scaled.jpg","width":2560,"height":1920,"caption":"Cr\u00e9ditos: Camille Lenz da Silva"},{"@type":"BreadcrumbList","@id":"https:\/\/folhapopular.info\/index.php\/2023\/05\/26\/2o-festival-de-balonismo-de-teutonia-inicia-com-celebracoes-dos-42-anos-do-municipio\/#breadcrumb","itemListElement":[{"@type":"ListItem","position":1,"name":"In\u00edcio","item":"https:\/\/folhapopular.info\/"},{"@type":"ListItem","position":2,"name":"2\u00ba Festival de Balonismo de Teut\u00f4nia inicia com celebra\u00e7\u00f5es dos 42 anos do munic\u00edpio"}]},{"@type":"WebSite","@id":"https:\/\/folhapopular.info\/#website","url":"https:\/\/folhapopular.info\/","name":"Folha Popular","description":"Onde voc\u00ea tem vez e voz","potentialAction":[{"@type":"SearchAction","target":{"@type":"EntryPoint","urlTemplate":"https:\/\/folhapopular.info\/?s={search_term_string}"},"query-input":{"@type":"PropertyValueSpecification","valueRequired":true,"valueName":"search_term_string"}}],"inLanguage":"pt-BR"},{"@type":"Person","@id":"https:\/\/folhapopular.info\/#\/schema\/person\/f0b811f932ef2505faf473ffaef49df5","name":"Camille Lenz da Silva","image":{"@type":"ImageObject","inLanguage":"pt-BR","@id":"https:\/\/secure.gravatar.com\/avatar\/50be826d73ca259ec0e0a88a407f5de800c576c46cfdc57e50ef28551e216fff?s=96&d=mm&r=g","url":"https:\/\/secure.gravatar.com\/avatar\/50be826d73ca259ec0e0a88a407f5de800c576c46cfdc57e50ef28551e216fff?s=96&d=mm&r=g","contentUrl":"https:\/\/secure.gravatar.com\/avatar\/50be826d73ca259ec0e0a88a407f5de800c576c46cfdc57e50ef28551e216fff?s=96&d=mm&r=g","caption":"Camille Lenz da Silva"},"url":"https:\/\/folhapopular.info\/index.php\/author\/camillelenzgmail-com\/"}]}},"jetpack_featured_media_url":"https:\/\/folhapopular.info\/wp-content\/uploads\/2023\/05\/IMG_3137-scaled.jpg","jetpack_sharing_enabled":true,"amp_enabled":true,"_links":{"self":[{"href":"https:\/\/folhapopular.info\/index.php\/wp-json\/wp\/v2\/posts\/128437","targetHints":{"allow":["GET"]}}],"collection":[{"href":"https:\/\/folhapopular.info\/index.php\/wp-json\/wp\/v2\/posts"}],"about":[{"href":"https:\/\/folhapopular.info\/index.php\/wp-json\/wp\/v2\/types\/post"}],"author":[{"embeddable":true,"href":"https:\/\/folhapopular.info\/index.php\/wp-json\/wp\/v2\/users\/639"}],"replies":[{"embeddable":true,"href":"https:\/\/folhapopular.info\/index.php\/wp-json\/wp\/v2\/comments?post=128437"}],"version-history":[{"count":0,"href":"https:\/\/folhapopular.info\/index.php\/wp-json\/wp\/v2\/posts\/128437\/revisions"}],"wp:featuredmedia":[{"embeddable":true,"href":"https:\/\/folhapopular.info\/index.php\/wp-json\/wp\/v2\/media\/128445"}],"wp:attachment":[{"href":"https:\/\/folhapopular.info\/index.php\/wp-json\/wp\/v2\/media?parent=128437"}],"wp:term":[{"taxonomy":"category","embeddable":true,"href":"https:\/\/folhapopular.info\/index.php\/wp-json\/wp\/v2\/categories?post=128437"},{"taxonomy":"post_tag","embeddable":true,"href":"https:\/\/folhapopular.info\/index.php\/wp-json\/wp\/v2\/tags?post=128437"}],"curies":[{"name":"wp","href":"https:\/\/api.w.org\/{rel}","templated":true}]}}