{"id":128619,"date":"2023-05-30T15:24:49","date_gmt":"2023-05-30T18:24:49","guid":{"rendered":"https:\/\/folhapopular.info\/?p=128619"},"modified":"2023-05-30T15:28:13","modified_gmt":"2023-05-30T18:28:13","slug":"programa-farmacia-cuidar-repassa-r-70-mil-a-westfalia","status":"publish","type":"post","link":"https:\/\/folhapopular.info\/index.php\/2023\/05\/30\/programa-farmacia-cuidar-repassa-r-70-mil-a-westfalia\/","title":{"rendered":"Programa Farm\u00e1cia Cuidar + repassa R$ 70 mil a Westf\u00e1lia"},"content":{"rendered":"\n<p>O munic\u00edpio de Westf\u00e1lia foi um dos 440 ga\u00fachos beneficiados atrav\u00e9s do Programa de Financiamento Farm\u00e1cia Cuidar +, promovido pelo Governo do Estado. Lan\u00e7ada em setembro de 2021, a iniciativa visou qualificar o cuidado farmac\u00eautico nas Farm\u00e1cias de Medicamentos Especiais (FME).<\/p>\n\n\n\n<p>Por meio do programa, o munic\u00edpio recebeu o valor de R$ 70 mil. Este recurso p\u00f4de ser utilizado na aquisi\u00e7\u00e3o de sacolas ecol\u00f3gicas, refrigerador, balan\u00e7a antropom\u00e9trica, m\u00f3veis, equipamentos de inform\u00e1tica, materiais de expediente, entre outros. <\/p>\n\n\n\n<p>Uma sala tamb\u00e9m foi especialmente preparada para o atendimento de pacientes com Doen\u00e7a Pulmonar Obstrutiva Cr\u00f4nica (DPOC) e asma, abrindo possibilidade para o atendimento individualizado a outros pacientes.<\/p>\n\n\n\n<p>As farmac\u00eauticas da Unidade B\u00e1sica de Sa\u00fade, Franscine Richter e Joana Brune, receberam capacita\u00e7\u00e3o espec\u00edfica pelo Programa Farm\u00e1cia Cuidar +. \u201cRecebemos capacita\u00e7\u00e3o para o atendimento individualizado aos pacientes. Estamos \u00e0 disposi\u00e7\u00e3o para atender a comunidade e sanar qualquer tipo de d\u00favida\u201d, enalteceram.<\/p>\n\n\n\n<p>O Estado do RS estima que aproximadamente 317 mil pessoas sejam beneficiadas atrav\u00e9s do programa.<\/p>\n\n\n\n<figure class=\"wp-block-image size-large\"><img loading=\"lazy\" decoding=\"async\" width=\"1024\" height=\"684\" src=\"https:\/\/folhapopular.info\/wp-content\/uploads\/2023\/05\/Refrigerador-balanca-antropometrica-moveis-e-equipamentos-de-informatica-foram-algumas-das-aquisicoes_AI-Westfalia-1024x684.jpg\" alt=\"\" class=\"wp-image-128622\" srcset=\"https:\/\/folhapopular.info\/wp-content\/uploads\/2023\/05\/Refrigerador-balanca-antropometrica-moveis-e-equipamentos-de-informatica-foram-algumas-das-aquisicoes_AI-Westfalia-1024x684.jpg 1024w, https:\/\/folhapopular.info\/wp-content\/uploads\/2023\/05\/Refrigerador-balanca-antropometrica-moveis-e-equipamentos-de-informatica-foram-algumas-das-aquisicoes_AI-Westfalia-300x201.jpg 300w, https:\/\/folhapopular.info\/wp-content\/uploads\/2023\/05\/Refrigerador-balanca-antropometrica-moveis-e-equipamentos-de-informatica-foram-algumas-das-aquisicoes_AI-Westfalia-768x513.jpg 768w, https:\/\/folhapopular.info\/wp-content\/uploads\/2023\/05\/Refrigerador-balanca-antropometrica-moveis-e-equipamentos-de-informatica-foram-algumas-das-aquisicoes_AI-Westfalia-1536x1027.jpg 1536w, https:\/\/folhapopular.info\/wp-content\/uploads\/2023\/05\/Refrigerador-balanca-antropometrica-moveis-e-equipamentos-de-informatica-foram-algumas-das-aquisicoes_AI-Westfalia-2048x1369.jpg 2048w, https:\/\/folhapopular.info\/wp-content\/uploads\/2023\/05\/Refrigerador-balanca-antropometrica-moveis-e-equipamentos-de-informatica-foram-algumas-das-aquisicoes_AI-Westfalia-696x465.jpg 696w, https:\/\/folhapopular.info\/wp-content\/uploads\/2023\/05\/Refrigerador-balanca-antropometrica-moveis-e-equipamentos-de-informatica-foram-algumas-das-aquisicoes_AI-Westfalia-1068x714.jpg 1068w, https:\/\/folhapopular.info\/wp-content\/uploads\/2023\/05\/Refrigerador-balanca-antropometrica-moveis-e-equipamentos-de-informatica-foram-algumas-das-aquisicoes_AI-Westfalia-1920x1283.jpg 1920w\" sizes=\"auto, (max-width: 1024px) 100vw, 1024px\" \/><figcaption class=\"wp-element-caption\">Refrigerador, balanc\u0327a antropome\u0301trica, mo\u0301veis e equipamentos de informa\u0301tica foram algumas das aquisic\u0327o\u0303es. Cr\u00e9ditos: Divulga\u00e7\u00e3o \/ AI Prefeitura de Westf\u00e1lia<\/figcaption><\/figure>\n\n\n\n<h2 class=\"wp-block-heading\"><strong>Eixos de implementa\u00e7\u00e3o<\/strong><\/h2>\n\n\n\n<p>O Programa Farm\u00e1cia Cuidar + esteve estruturado em tr\u00eas eixos de implementa\u00e7\u00e3o nas FMEs para atender os seguintes objetivos:<\/p>\n\n\n\n<p>I \u2013 Eixo Estrutura: contribuir para a estrutura\u00e7\u00e3o dos servi\u00e7os farmac\u00eauticos no SUS, de modo que estes sejam compat\u00edveis com as atividades desenvolvidas na Assist\u00eancia Farmac\u00eautica, para amplia\u00e7\u00e3o da capacidade de atendimento, garantia da qualidade do armazenamento dos medicamentos e melhoria da ambi\u00eancia da farm\u00e1cia.<\/p>\n\n\n\n<p>II \u2013 Eixo Cuidado Farmac\u00eautico: fortalecer as pr\u00e1ticas cl\u00ednicas no \u00e2mbito da Assist\u00eancia Farmac\u00eautica visando \u00e0 resolutividade das a\u00e7\u00f5es em sa\u00fade, otimizando os benef\u00edcios e minimizando os riscos relacionados \u00e0 farmacoterapia.<\/p>\n\n\n\n<p>III \u2013 Eixo Identidade Visual: padronizar a estrutura das farm\u00e1cias que aderirem ao programa como forma de identifica\u00e7\u00e3o do local que prestar\u00e1 servi\u00e7os cl\u00ednicos farmac\u00eauticos ao cidad\u00e3o.<\/p>\n\n\n\n<figure class=\"wp-block-image size-large\"><img loading=\"lazy\" decoding=\"async\" width=\"1024\" height=\"684\" src=\"https:\/\/folhapopular.info\/wp-content\/uploads\/2023\/05\/Sala-de-atendimento-individualizado-a-pacientes-foi-mobiliada-com-recursos-do-Programa-de-Financiamento-Farmacia-Cuidar_AI-Westfalia-1024x684.jpg\" alt=\"\" class=\"wp-image-128621\" srcset=\"https:\/\/folhapopular.info\/wp-content\/uploads\/2023\/05\/Sala-de-atendimento-individualizado-a-pacientes-foi-mobiliada-com-recursos-do-Programa-de-Financiamento-Farmacia-Cuidar_AI-Westfalia-1024x684.jpg 1024w, https:\/\/folhapopular.info\/wp-content\/uploads\/2023\/05\/Sala-de-atendimento-individualizado-a-pacientes-foi-mobiliada-com-recursos-do-Programa-de-Financiamento-Farmacia-Cuidar_AI-Westfalia-300x201.jpg 300w, https:\/\/folhapopular.info\/wp-content\/uploads\/2023\/05\/Sala-de-atendimento-individualizado-a-pacientes-foi-mobiliada-com-recursos-do-Programa-de-Financiamento-Farmacia-Cuidar_AI-Westfalia-768x513.jpg 768w, https:\/\/folhapopular.info\/wp-content\/uploads\/2023\/05\/Sala-de-atendimento-individualizado-a-pacientes-foi-mobiliada-com-recursos-do-Programa-de-Financiamento-Farmacia-Cuidar_AI-Westfalia-1536x1027.jpg 1536w, https:\/\/folhapopular.info\/wp-content\/uploads\/2023\/05\/Sala-de-atendimento-individualizado-a-pacientes-foi-mobiliada-com-recursos-do-Programa-de-Financiamento-Farmacia-Cuidar_AI-Westfalia-2048x1369.jpg 2048w, https:\/\/folhapopular.info\/wp-content\/uploads\/2023\/05\/Sala-de-atendimento-individualizado-a-pacientes-foi-mobiliada-com-recursos-do-Programa-de-Financiamento-Farmacia-Cuidar_AI-Westfalia-696x465.jpg 696w, https:\/\/folhapopular.info\/wp-content\/uploads\/2023\/05\/Sala-de-atendimento-individualizado-a-pacientes-foi-mobiliada-com-recursos-do-Programa-de-Financiamento-Farmacia-Cuidar_AI-Westfalia-1068x714.jpg 1068w, https:\/\/folhapopular.info\/wp-content\/uploads\/2023\/05\/Sala-de-atendimento-individualizado-a-pacientes-foi-mobiliada-com-recursos-do-Programa-de-Financiamento-Farmacia-Cuidar_AI-Westfalia-1920x1283.jpg 1920w\" sizes=\"auto, (max-width: 1024px) 100vw, 1024px\" \/><figcaption class=\"wp-element-caption\">Sala de atendimento individualizado a pacientes foi mobiliada com recursos do Programa de Financiamento Farma\u0301cia Cuidar+. Cr\u00e9ditos: Divulga\u00e7\u00e3o \/ AI Prefeitura de Westf\u00e1lia<\/figcaption><\/figure>\n","protected":false},"excerpt":{"rendered":"<p>O munic\u00edpio de Westf\u00e1lia foi um dos 440 ga\u00fachos beneficiados atrav\u00e9s do Programa de Financiamento Farm\u00e1cia Cuidar +, promovido pelo Governo do Estado. Lan\u00e7ada em setembro de 2021, a iniciativa visou qualificar o cuidado farmac\u00eautico nas Farm\u00e1cias de Medicamentos Especiais (FME). Por meio do programa, o munic\u00edpio recebeu o valor de R$ 70 mil. Este [&hellip;]<\/p>\n","protected":false},"author":8,"featured_media":128620,"comment_status":"open","ping_status":"open","sticky":false,"template":"","format":"standard","meta":{"pmpro_default_level":"","_jetpack_memberships_contains_paid_content":false,"footnotes":""},"categories":[2,3,10986],"tags":[12314,878,12313,89,25],"class_list":{"0":"post-128619","1":"post","2":"type-post","3":"status-publish","4":"format-standard","5":"has-post-thumbnail","7":"category-featured","8":"category-geral","9":"category-saude","10":"tag-farmacia-de-medicamento-especial","11":"tag-governo-do-estado","12":"tag-programa-farmacia-cuidar","13":"tag-saude","14":"tag-westfalia","15":"pmpro-has-access"},"yoast_head":"<!-- This site is optimized with the Yoast SEO plugin v27.5 - https:\/\/yoast.com\/product\/yoast-seo-wordpress\/ -->\n<title>Programa Farm\u00e1cia Cuidar + repassa R$ 70 mil a Westf\u00e1lia - Folha Popular<\/title>\n<meta name=\"robots\" content=\"index, follow, max-snippet:-1, max-image-preview:large, max-video-preview:-1\" \/>\n<link rel=\"canonical\" href=\"https:\/\/folhapopular.info\/index.php\/2023\/05\/30\/programa-farmacia-cuidar-repassa-r-70-mil-a-westfalia\/\" \/>\n<meta property=\"og:locale\" content=\"pt_BR\" \/>\n<meta property=\"og:type\" content=\"article\" \/>\n<meta property=\"og:title\" content=\"Programa Farm\u00e1cia Cuidar + repassa R$ 70 mil a Westf\u00e1lia - Folha Popular\" \/>\n<meta property=\"og:description\" content=\"O munic\u00edpio de Westf\u00e1lia foi um dos 440 ga\u00fachos beneficiados atrav\u00e9s do Programa de Financiamento Farm\u00e1cia Cuidar +, promovido pelo Governo do Estado. Lan\u00e7ada em setembro de 2021, a iniciativa visou qualificar o cuidado farmac\u00eautico nas Farm\u00e1cias de Medicamentos Especiais (FME). Por meio do programa, o munic\u00edpio recebeu o valor de R$ 70 mil. Este [&hellip;]\" \/>\n<meta property=\"og:url\" content=\"https:\/\/folhapopular.info\/index.php\/2023\/05\/30\/programa-farmacia-cuidar-repassa-r-70-mil-a-westfalia\/\" \/>\n<meta property=\"og:site_name\" content=\"Folha Popular\" \/>\n<meta property=\"article:published_time\" content=\"2023-05-30T18:24:49+00:00\" \/>\n<meta property=\"article:modified_time\" content=\"2023-05-30T18:28:13+00:00\" \/>\n<meta property=\"og:image\" content=\"http:\/\/folhapopular.info\/wp-content\/uploads\/2023\/05\/Municipio-foi-um-dos-beneficiados-pelo-programa-estadual-recebendo-R-70-mil-para-investimento_AI-Westfalia-scaled.jpg\" \/>\n\t<meta property=\"og:image:width\" content=\"2560\" \/>\n\t<meta property=\"og:image:height\" content=\"1711\" \/>\n\t<meta property=\"og:image:type\" content=\"image\/jpeg\" \/>\n<meta name=\"author\" content=\"Reda\u00e7\u00e3o Folha Popular\" \/>\n<meta name=\"twitter:card\" content=\"summary_large_image\" \/>\n<meta name=\"twitter:label1\" content=\"Escrito por\" \/>\n\t<meta name=\"twitter:data1\" content=\"Reda\u00e7\u00e3o Folha Popular\" \/>\n\t<meta name=\"twitter:label2\" content=\"Est. tempo de leitura\" \/>\n\t<meta name=\"twitter:data2\" content=\"3 minutos\" \/>\n<script type=\"application\/ld+json\" class=\"yoast-schema-graph\">{\"@context\":\"https:\\\/\\\/schema.org\",\"@graph\":[{\"@type\":\"Article\",\"@id\":\"https:\\\/\\\/folhapopular.info\\\/index.php\\\/2023\\\/05\\\/30\\\/programa-farmacia-cuidar-repassa-r-70-mil-a-westfalia\\\/#article\",\"isPartOf\":{\"@id\":\"https:\\\/\\\/folhapopular.info\\\/index.php\\\/2023\\\/05\\\/30\\\/programa-farmacia-cuidar-repassa-r-70-mil-a-westfalia\\\/\"},\"author\":{\"name\":\"Reda\u00e7\u00e3o Folha Popular\",\"@id\":\"https:\\\/\\\/folhapopular.info\\\/#\\\/schema\\\/person\\\/2814e8a0df7643585a9ca38bc6eb9d4b\"},\"headline\":\"Programa Farm\u00e1cia Cuidar + repassa R$ 70 mil a Westf\u00e1lia\",\"datePublished\":\"2023-05-30T18:24:49+00:00\",\"dateModified\":\"2023-05-30T18:28:13+00:00\",\"mainEntityOfPage\":{\"@id\":\"https:\\\/\\\/folhapopular.info\\\/index.php\\\/2023\\\/05\\\/30\\\/programa-farmacia-cuidar-repassa-r-70-mil-a-westfalia\\\/\"},\"wordCount\":392,\"commentCount\":0,\"image\":{\"@id\":\"https:\\\/\\\/folhapopular.info\\\/index.php\\\/2023\\\/05\\\/30\\\/programa-farmacia-cuidar-repassa-r-70-mil-a-westfalia\\\/#primaryimage\"},\"thumbnailUrl\":\"https:\\\/\\\/folhapopular.info\\\/wp-content\\\/uploads\\\/2023\\\/05\\\/Municipio-foi-um-dos-beneficiados-pelo-programa-estadual-recebendo-R-70-mil-para-investimento_AI-Westfalia-scaled.jpg\",\"keywords\":[\"farm\u00e1cia de medicamento especial\",\"Governo do Estado\",\"programa farm\u00e1cia cuidar +\",\"Sa\u00fade\",\"Westf\u00e1lia\"],\"articleSection\":[\"Destaques\",\"Geral\",\"Sa\u00fade\"],\"inLanguage\":\"pt-BR\",\"potentialAction\":[{\"@type\":\"CommentAction\",\"name\":\"Comment\",\"target\":[\"https:\\\/\\\/folhapopular.info\\\/index.php\\\/2023\\\/05\\\/30\\\/programa-farmacia-cuidar-repassa-r-70-mil-a-westfalia\\\/#respond\"]}]},{\"@type\":\"WebPage\",\"@id\":\"https:\\\/\\\/folhapopular.info\\\/index.php\\\/2023\\\/05\\\/30\\\/programa-farmacia-cuidar-repassa-r-70-mil-a-westfalia\\\/\",\"url\":\"https:\\\/\\\/folhapopular.info\\\/index.php\\\/2023\\\/05\\\/30\\\/programa-farmacia-cuidar-repassa-r-70-mil-a-westfalia\\\/\",\"name\":\"Programa Farm\u00e1cia Cuidar + repassa R$ 70 mil a Westf\u00e1lia - Folha Popular\",\"isPartOf\":{\"@id\":\"https:\\\/\\\/folhapopular.info\\\/#website\"},\"primaryImageOfPage\":{\"@id\":\"https:\\\/\\\/folhapopular.info\\\/index.php\\\/2023\\\/05\\\/30\\\/programa-farmacia-cuidar-repassa-r-70-mil-a-westfalia\\\/#primaryimage\"},\"image\":{\"@id\":\"https:\\\/\\\/folhapopular.info\\\/index.php\\\/2023\\\/05\\\/30\\\/programa-farmacia-cuidar-repassa-r-70-mil-a-westfalia\\\/#primaryimage\"},\"thumbnailUrl\":\"https:\\\/\\\/folhapopular.info\\\/wp-content\\\/uploads\\\/2023\\\/05\\\/Municipio-foi-um-dos-beneficiados-pelo-programa-estadual-recebendo-R-70-mil-para-investimento_AI-Westfalia-scaled.jpg\",\"datePublished\":\"2023-05-30T18:24:49+00:00\",\"dateModified\":\"2023-05-30T18:28:13+00:00\",\"author\":{\"@id\":\"https:\\\/\\\/folhapopular.info\\\/#\\\/schema\\\/person\\\/2814e8a0df7643585a9ca38bc6eb9d4b\"},\"breadcrumb\":{\"@id\":\"https:\\\/\\\/folhapopular.info\\\/index.php\\\/2023\\\/05\\\/30\\\/programa-farmacia-cuidar-repassa-r-70-mil-a-westfalia\\\/#breadcrumb\"},\"inLanguage\":\"pt-BR\",\"potentialAction\":[{\"@type\":\"ReadAction\",\"target\":[\"https:\\\/\\\/folhapopular.info\\\/index.php\\\/2023\\\/05\\\/30\\\/programa-farmacia-cuidar-repassa-r-70-mil-a-westfalia\\\/\"]}]},{\"@type\":\"ImageObject\",\"inLanguage\":\"pt-BR\",\"@id\":\"https:\\\/\\\/folhapopular.info\\\/index.php\\\/2023\\\/05\\\/30\\\/programa-farmacia-cuidar-repassa-r-70-mil-a-westfalia\\\/#primaryimage\",\"url\":\"https:\\\/\\\/folhapopular.info\\\/wp-content\\\/uploads\\\/2023\\\/05\\\/Municipio-foi-um-dos-beneficiados-pelo-programa-estadual-recebendo-R-70-mil-para-investimento_AI-Westfalia-scaled.jpg\",\"contentUrl\":\"https:\\\/\\\/folhapopular.info\\\/wp-content\\\/uploads\\\/2023\\\/05\\\/Municipio-foi-um-dos-beneficiados-pelo-programa-estadual-recebendo-R-70-mil-para-investimento_AI-Westfalia-scaled.jpg\",\"width\":2560,\"height\":1711,\"caption\":\"Cr\u00e9ditos: Divulga\u00e7\u00e3o \\\/ AI Prefeitura de Westf\u00e1lia\"},{\"@type\":\"BreadcrumbList\",\"@id\":\"https:\\\/\\\/folhapopular.info\\\/index.php\\\/2023\\\/05\\\/30\\\/programa-farmacia-cuidar-repassa-r-70-mil-a-westfalia\\\/#breadcrumb\",\"itemListElement\":[{\"@type\":\"ListItem\",\"position\":1,\"name\":\"In\u00edcio\",\"item\":\"https:\\\/\\\/folhapopular.info\\\/\"},{\"@type\":\"ListItem\",\"position\":2,\"name\":\"Programa Farm\u00e1cia Cuidar + repassa R$ 70 mil a Westf\u00e1lia\"}]},{\"@type\":\"WebSite\",\"@id\":\"https:\\\/\\\/folhapopular.info\\\/#website\",\"url\":\"https:\\\/\\\/folhapopular.info\\\/\",\"name\":\"Folha Popular\",\"description\":\"Onde voc\u00ea tem vez e voz\",\"potentialAction\":[{\"@type\":\"SearchAction\",\"target\":{\"@type\":\"EntryPoint\",\"urlTemplate\":\"https:\\\/\\\/folhapopular.info\\\/?s={search_term_string}\"},\"query-input\":{\"@type\":\"PropertyValueSpecification\",\"valueRequired\":true,\"valueName\":\"search_term_string\"}}],\"inLanguage\":\"pt-BR\"},{\"@type\":\"Person\",\"@id\":\"https:\\\/\\\/folhapopular.info\\\/#\\\/schema\\\/person\\\/2814e8a0df7643585a9ca38bc6eb9d4b\",\"name\":\"Reda\u00e7\u00e3o Folha Popular\",\"image\":{\"@type\":\"ImageObject\",\"inLanguage\":\"pt-BR\",\"@id\":\"https:\\\/\\\/folhapopular.info\\\/wp-content\\\/uploads\\\/2026\\\/04\\\/Folha-1.webp\",\"url\":\"https:\\\/\\\/folhapopular.info\\\/wp-content\\\/uploads\\\/2026\\\/04\\\/Folha-1.webp\",\"contentUrl\":\"https:\\\/\\\/folhapopular.info\\\/wp-content\\\/uploads\\\/2026\\\/04\\\/Folha-1.webp\",\"caption\":\"Reda\u00e7\u00e3o Folha Popular\"},\"url\":\"https:\\\/\\\/folhapopular.info\\\/index.php\\\/author\\\/redacao\\\/\"}]}<\/script>\n<!-- \/ Yoast SEO plugin. -->","yoast_head_json":{"title":"Programa Farm\u00e1cia Cuidar + repassa R$ 70 mil a Westf\u00e1lia - Folha Popular","robots":{"index":"index","follow":"follow","max-snippet":"max-snippet:-1","max-image-preview":"max-image-preview:large","max-video-preview":"max-video-preview:-1"},"canonical":"https:\/\/folhapopular.info\/index.php\/2023\/05\/30\/programa-farmacia-cuidar-repassa-r-70-mil-a-westfalia\/","og_locale":"pt_BR","og_type":"article","og_title":"Programa Farm\u00e1cia Cuidar + repassa R$ 70 mil a Westf\u00e1lia - Folha Popular","og_description":"O munic\u00edpio de Westf\u00e1lia foi um dos 440 ga\u00fachos beneficiados atrav\u00e9s do Programa de Financiamento Farm\u00e1cia Cuidar +, promovido pelo Governo do Estado. Lan\u00e7ada em setembro de 2021, a iniciativa visou qualificar o cuidado farmac\u00eautico nas Farm\u00e1cias de Medicamentos Especiais (FME). Por meio do programa, o munic\u00edpio recebeu o valor de R$ 70 mil. Este [&hellip;]","og_url":"https:\/\/folhapopular.info\/index.php\/2023\/05\/30\/programa-farmacia-cuidar-repassa-r-70-mil-a-westfalia\/","og_site_name":"Folha Popular","article_published_time":"2023-05-30T18:24:49+00:00","article_modified_time":"2023-05-30T18:28:13+00:00","og_image":[{"width":2560,"height":1711,"url":"http:\/\/folhapopular.info\/wp-content\/uploads\/2023\/05\/Municipio-foi-um-dos-beneficiados-pelo-programa-estadual-recebendo-R-70-mil-para-investimento_AI-Westfalia-scaled.jpg","type":"image\/jpeg"}],"author":"Reda\u00e7\u00e3o Folha Popular","twitter_card":"summary_large_image","twitter_misc":{"Escrito por":"Reda\u00e7\u00e3o Folha Popular","Est. tempo de leitura":"3 minutos"},"schema":{"@context":"https:\/\/schema.org","@graph":[{"@type":"Article","@id":"https:\/\/folhapopular.info\/index.php\/2023\/05\/30\/programa-farmacia-cuidar-repassa-r-70-mil-a-westfalia\/#article","isPartOf":{"@id":"https:\/\/folhapopular.info\/index.php\/2023\/05\/30\/programa-farmacia-cuidar-repassa-r-70-mil-a-westfalia\/"},"author":{"name":"Reda\u00e7\u00e3o Folha Popular","@id":"https:\/\/folhapopular.info\/#\/schema\/person\/2814e8a0df7643585a9ca38bc6eb9d4b"},"headline":"Programa Farm\u00e1cia Cuidar + repassa R$ 70 mil a Westf\u00e1lia","datePublished":"2023-05-30T18:24:49+00:00","dateModified":"2023-05-30T18:28:13+00:00","mainEntityOfPage":{"@id":"https:\/\/folhapopular.info\/index.php\/2023\/05\/30\/programa-farmacia-cuidar-repassa-r-70-mil-a-westfalia\/"},"wordCount":392,"commentCount":0,"image":{"@id":"https:\/\/folhapopular.info\/index.php\/2023\/05\/30\/programa-farmacia-cuidar-repassa-r-70-mil-a-westfalia\/#primaryimage"},"thumbnailUrl":"https:\/\/folhapopular.info\/wp-content\/uploads\/2023\/05\/Municipio-foi-um-dos-beneficiados-pelo-programa-estadual-recebendo-R-70-mil-para-investimento_AI-Westfalia-scaled.jpg","keywords":["farm\u00e1cia de medicamento especial","Governo do Estado","programa farm\u00e1cia cuidar +","Sa\u00fade","Westf\u00e1lia"],"articleSection":["Destaques","Geral","Sa\u00fade"],"inLanguage":"pt-BR","potentialAction":[{"@type":"CommentAction","name":"Comment","target":["https:\/\/folhapopular.info\/index.php\/2023\/05\/30\/programa-farmacia-cuidar-repassa-r-70-mil-a-westfalia\/#respond"]}]},{"@type":"WebPage","@id":"https:\/\/folhapopular.info\/index.php\/2023\/05\/30\/programa-farmacia-cuidar-repassa-r-70-mil-a-westfalia\/","url":"https:\/\/folhapopular.info\/index.php\/2023\/05\/30\/programa-farmacia-cuidar-repassa-r-70-mil-a-westfalia\/","name":"Programa Farm\u00e1cia Cuidar + repassa R$ 70 mil a Westf\u00e1lia - Folha Popular","isPartOf":{"@id":"https:\/\/folhapopular.info\/#website"},"primaryImageOfPage":{"@id":"https:\/\/folhapopular.info\/index.php\/2023\/05\/30\/programa-farmacia-cuidar-repassa-r-70-mil-a-westfalia\/#primaryimage"},"image":{"@id":"https:\/\/folhapopular.info\/index.php\/2023\/05\/30\/programa-farmacia-cuidar-repassa-r-70-mil-a-westfalia\/#primaryimage"},"thumbnailUrl":"https:\/\/folhapopular.info\/wp-content\/uploads\/2023\/05\/Municipio-foi-um-dos-beneficiados-pelo-programa-estadual-recebendo-R-70-mil-para-investimento_AI-Westfalia-scaled.jpg","datePublished":"2023-05-30T18:24:49+00:00","dateModified":"2023-05-30T18:28:13+00:00","author":{"@id":"https:\/\/folhapopular.info\/#\/schema\/person\/2814e8a0df7643585a9ca38bc6eb9d4b"},"breadcrumb":{"@id":"https:\/\/folhapopular.info\/index.php\/2023\/05\/30\/programa-farmacia-cuidar-repassa-r-70-mil-a-westfalia\/#breadcrumb"},"inLanguage":"pt-BR","potentialAction":[{"@type":"ReadAction","target":["https:\/\/folhapopular.info\/index.php\/2023\/05\/30\/programa-farmacia-cuidar-repassa-r-70-mil-a-westfalia\/"]}]},{"@type":"ImageObject","inLanguage":"pt-BR","@id":"https:\/\/folhapopular.info\/index.php\/2023\/05\/30\/programa-farmacia-cuidar-repassa-r-70-mil-a-westfalia\/#primaryimage","url":"https:\/\/folhapopular.info\/wp-content\/uploads\/2023\/05\/Municipio-foi-um-dos-beneficiados-pelo-programa-estadual-recebendo-R-70-mil-para-investimento_AI-Westfalia-scaled.jpg","contentUrl":"https:\/\/folhapopular.info\/wp-content\/uploads\/2023\/05\/Municipio-foi-um-dos-beneficiados-pelo-programa-estadual-recebendo-R-70-mil-para-investimento_AI-Westfalia-scaled.jpg","width":2560,"height":1711,"caption":"Cr\u00e9ditos: Divulga\u00e7\u00e3o \/ AI Prefeitura de Westf\u00e1lia"},{"@type":"BreadcrumbList","@id":"https:\/\/folhapopular.info\/index.php\/2023\/05\/30\/programa-farmacia-cuidar-repassa-r-70-mil-a-westfalia\/#breadcrumb","itemListElement":[{"@type":"ListItem","position":1,"name":"In\u00edcio","item":"https:\/\/folhapopular.info\/"},{"@type":"ListItem","position":2,"name":"Programa Farm\u00e1cia Cuidar + repassa R$ 70 mil a Westf\u00e1lia"}]},{"@type":"WebSite","@id":"https:\/\/folhapopular.info\/#website","url":"https:\/\/folhapopular.info\/","name":"Folha Popular","description":"Onde voc\u00ea tem vez e voz","potentialAction":[{"@type":"SearchAction","target":{"@type":"EntryPoint","urlTemplate":"https:\/\/folhapopular.info\/?s={search_term_string}"},"query-input":{"@type":"PropertyValueSpecification","valueRequired":true,"valueName":"search_term_string"}}],"inLanguage":"pt-BR"},{"@type":"Person","@id":"https:\/\/folhapopular.info\/#\/schema\/person\/2814e8a0df7643585a9ca38bc6eb9d4b","name":"Reda\u00e7\u00e3o Folha Popular","image":{"@type":"ImageObject","inLanguage":"pt-BR","@id":"https:\/\/folhapopular.info\/wp-content\/uploads\/2026\/04\/Folha-1.webp","url":"https:\/\/folhapopular.info\/wp-content\/uploads\/2026\/04\/Folha-1.webp","contentUrl":"https:\/\/folhapopular.info\/wp-content\/uploads\/2026\/04\/Folha-1.webp","caption":"Reda\u00e7\u00e3o Folha Popular"},"url":"https:\/\/folhapopular.info\/index.php\/author\/redacao\/"}]}},"jetpack_featured_media_url":"https:\/\/folhapopular.info\/wp-content\/uploads\/2023\/05\/Municipio-foi-um-dos-beneficiados-pelo-programa-estadual-recebendo-R-70-mil-para-investimento_AI-Westfalia-scaled.jpg","jetpack_sharing_enabled":true,"amp_enabled":true,"_links":{"self":[{"href":"https:\/\/folhapopular.info\/index.php\/wp-json\/wp\/v2\/posts\/128619","targetHints":{"allow":["GET"]}}],"collection":[{"href":"https:\/\/folhapopular.info\/index.php\/wp-json\/wp\/v2\/posts"}],"about":[{"href":"https:\/\/folhapopular.info\/index.php\/wp-json\/wp\/v2\/types\/post"}],"author":[{"embeddable":true,"href":"https:\/\/folhapopular.info\/index.php\/wp-json\/wp\/v2\/users\/8"}],"replies":[{"embeddable":true,"href":"https:\/\/folhapopular.info\/index.php\/wp-json\/wp\/v2\/comments?post=128619"}],"version-history":[{"count":0,"href":"https:\/\/folhapopular.info\/index.php\/wp-json\/wp\/v2\/posts\/128619\/revisions"}],"wp:featuredmedia":[{"embeddable":true,"href":"https:\/\/folhapopular.info\/index.php\/wp-json\/wp\/v2\/media\/128620"}],"wp:attachment":[{"href":"https:\/\/folhapopular.info\/index.php\/wp-json\/wp\/v2\/media?parent=128619"}],"wp:term":[{"taxonomy":"category","embeddable":true,"href":"https:\/\/folhapopular.info\/index.php\/wp-json\/wp\/v2\/categories?post=128619"},{"taxonomy":"post_tag","embeddable":true,"href":"https:\/\/folhapopular.info\/index.php\/wp-json\/wp\/v2\/tags?post=128619"}],"curies":[{"name":"wp","href":"https:\/\/api.w.org\/{rel}","templated":true}]}}