{"id":128633,"date":"2023-05-30T17:54:00","date_gmt":"2023-05-30T20:54:00","guid":{"rendered":"https:\/\/folhapopular.info\/?p=128633"},"modified":"2023-05-30T16:41:36","modified_gmt":"2023-05-30T19:41:36","slug":"emei-pequeno-mundo-de-colinas-investe-em-cercamento-e-portao-eletronico-com-camera","status":"publish","type":"post","link":"https:\/\/folhapopular.info\/index.php\/2023\/05\/30\/emei-pequeno-mundo-de-colinas-investe-em-cercamento-e-portao-eletronico-com-camera\/","title":{"rendered":"Emei Pequeno Mundo de Colinas investe em cercamento e port\u00e3o eletr\u00f4nico com c\u00e2mera"},"content":{"rendered":"\n<p>A seguran\u00e7a nas institui\u00e7\u00f5es de ensino \u00e9 uma preocupa\u00e7\u00e3o constante, especialmente ap\u00f3s os recentes ataques e amea\u00e7as ocorridos em abril deste ano. <\/p>\n\n\n\n<p>Com o objetivo de garantir a prote\u00e7\u00e3o das crian\u00e7as e oferecer um ambiente seguro, a Administra\u00e7\u00e3o de Colinas decidiu investir no cercamento do terreno e na implanta\u00e7\u00e3o de um port\u00e3o eletr\u00f4nico com c\u00e2mera na Escola Municipal de Ensino Infantil (Emei) Pequeno Mundo.<\/p>\n\n\n\n<p>O investimento de aproximadamente R$ 10 mil foi direcionado especificamente para refor\u00e7ar a seguran\u00e7a do educand\u00e1rio. O cercamento do terreno proporciona uma delimita\u00e7\u00e3o clara do espa\u00e7o, dificultando o acesso de pessoas n\u00e3o autorizadas e garantindo a privacidade e prote\u00e7\u00e3o dos alunos.<\/p>\n\n\n\n<figure class=\"wp-block-image size-large is-resized\"><img loading=\"lazy\" decoding=\"async\" src=\"https:\/\/folhapopular.info\/wp-content\/uploads\/2023\/05\/image-5-1024x755.png\" alt=\"\" class=\"wp-image-128636\" width=\"635\" height=\"481\"\/><figcaption class=\"wp-element-caption\">Cr\u00e9dito: Ang\u00e9lica Pott \/ AI Prefeitura de Colinas<\/figcaption><\/figure>\n\n\n\n<p>Ainda, a instala\u00e7\u00e3o de um port\u00e3o eletr\u00f4nico com c\u00e2mera proporciona um controle de entrada mais eficiente. O sistema permite o monitoramento em tempo real, registrando todas as pessoas que acessam o local e garantindo um ambiente mais seguro para as crian\u00e7as.<\/p>\n\n\n\n<p>O secret\u00e1rio de Educa\u00e7\u00e3o de Colinas, Edelbert Jasper, destacou a import\u00e2ncia dessas medidas. &#8220;A seguran\u00e7a das nossas crian\u00e7as \u00e9 fundamental. Estamos empenhados em garantir um ambiente escolar seguro e acolhedor para todos os alunos. O cercamento do terreno e a instala\u00e7\u00e3o do port\u00e3o eletr\u00f4nico com c\u00e2mera s\u00e3o medidas efetivas para proteger nossas crian\u00e7as e proporcionar tranquilidade aos pais e respons\u00e1veis&#8221;, declarou.<\/p>\n\n\n\n<figure class=\"wp-block-image size-large is-resized\"><img loading=\"lazy\" decoding=\"async\" src=\"https:\/\/folhapopular.info\/wp-content\/uploads\/2023\/05\/colinas-1-1024x779.png\" alt=\"\" class=\"wp-image-128635\" width=\"723\" height=\"565\"\/><figcaption class=\"wp-element-caption\">Cr\u00e9dito: Ang\u00e9lica Pott \/ AI Prefeitura de Colinas<\/figcaption><\/figure>\n","protected":false},"excerpt":{"rendered":"<p>A seguran\u00e7a nas institui\u00e7\u00f5es de ensino \u00e9 uma preocupa\u00e7\u00e3o constante, especialmente ap\u00f3s os recentes ataques e amea\u00e7as ocorridos em abril deste ano. Com o objetivo de garantir a prote\u00e7\u00e3o das crian\u00e7as e oferecer um ambiente seguro, a Administra\u00e7\u00e3o de Colinas decidiu investir no cercamento do terreno e na implanta\u00e7\u00e3o de um port\u00e3o eletr\u00f4nico com c\u00e2mera [&hellip;]<\/p>\n","protected":false},"author":8,"featured_media":128634,"comment_status":"open","ping_status":"open","sticky":false,"template":"","format":"standard","meta":{"pmpro_default_level":"","_jetpack_memberships_contains_paid_content":false,"footnotes":""},"categories":[2,10988,3],"tags":[183,73,12316,180,11779],"class_list":{"0":"post-128633","1":"post","2":"type-post","3":"status-publish","4":"format-standard","5":"has-post-thumbnail","7":"category-featured","8":"category-educacao","9":"category-geral","10":"tag-colinas","11":"tag-educacao","12":"tag-emei-pequeno-mundo","13":"tag-seguranca","14":"tag-seguranca-escolar","15":"pmpro-has-access"},"yoast_head":"<!-- This site is optimized with the Yoast SEO plugin v27.5 - https:\/\/yoast.com\/product\/yoast-seo-wordpress\/ -->\n<title>Emei Pequeno Mundo de Colinas investe em cercamento e port\u00e3o eletr\u00f4nico com c\u00e2mera - Folha Popular<\/title>\n<meta name=\"robots\" content=\"index, follow, max-snippet:-1, max-image-preview:large, max-video-preview:-1\" \/>\n<link rel=\"canonical\" href=\"https:\/\/folhapopular.info\/index.php\/2023\/05\/30\/emei-pequeno-mundo-de-colinas-investe-em-cercamento-e-portao-eletronico-com-camera\/\" \/>\n<meta property=\"og:locale\" content=\"pt_BR\" \/>\n<meta property=\"og:type\" content=\"article\" \/>\n<meta property=\"og:title\" content=\"Emei Pequeno Mundo de Colinas investe em cercamento e port\u00e3o eletr\u00f4nico com c\u00e2mera - Folha Popular\" \/>\n<meta property=\"og:description\" content=\"A seguran\u00e7a nas institui\u00e7\u00f5es de ensino \u00e9 uma preocupa\u00e7\u00e3o constante, especialmente ap\u00f3s os recentes ataques e amea\u00e7as ocorridos em abril deste ano. Com o objetivo de garantir a prote\u00e7\u00e3o das crian\u00e7as e oferecer um ambiente seguro, a Administra\u00e7\u00e3o de Colinas decidiu investir no cercamento do terreno e na implanta\u00e7\u00e3o de um port\u00e3o eletr\u00f4nico com c\u00e2mera [&hellip;]\" \/>\n<meta property=\"og:url\" content=\"https:\/\/folhapopular.info\/index.php\/2023\/05\/30\/emei-pequeno-mundo-de-colinas-investe-em-cercamento-e-portao-eletronico-com-camera\/\" \/>\n<meta property=\"og:site_name\" content=\"Folha Popular\" \/>\n<meta property=\"article:published_time\" content=\"2023-05-30T20:54:00+00:00\" \/>\n<meta property=\"og:image\" content=\"https:\/\/folhapopular.info\/wp-content\/uploads\/2023\/05\/emei-colinas-1024x805.png\" \/>\n\t<meta property=\"og:image:width\" content=\"1024\" \/>\n\t<meta property=\"og:image:height\" content=\"805\" \/>\n\t<meta property=\"og:image:type\" content=\"image\/png\" \/>\n<meta name=\"author\" content=\"Reda\u00e7\u00e3o Folha Popular\" \/>\n<meta name=\"twitter:card\" content=\"summary_large_image\" \/>\n<meta name=\"twitter:label1\" content=\"Escrito por\" \/>\n\t<meta name=\"twitter:data1\" content=\"Reda\u00e7\u00e3o Folha Popular\" \/>\n\t<meta name=\"twitter:label2\" content=\"Est. tempo de leitura\" \/>\n\t<meta name=\"twitter:data2\" content=\"2 minutos\" \/>\n<script type=\"application\/ld+json\" class=\"yoast-schema-graph\">{\"@context\":\"https:\\\/\\\/schema.org\",\"@graph\":[{\"@type\":\"Article\",\"@id\":\"https:\\\/\\\/folhapopular.info\\\/index.php\\\/2023\\\/05\\\/30\\\/emei-pequeno-mundo-de-colinas-investe-em-cercamento-e-portao-eletronico-com-camera\\\/#article\",\"isPartOf\":{\"@id\":\"https:\\\/\\\/folhapopular.info\\\/index.php\\\/2023\\\/05\\\/30\\\/emei-pequeno-mundo-de-colinas-investe-em-cercamento-e-portao-eletronico-com-camera\\\/\"},\"author\":{\"name\":\"Reda\u00e7\u00e3o Folha Popular\",\"@id\":\"https:\\\/\\\/folhapopular.info\\\/#\\\/schema\\\/person\\\/2814e8a0df7643585a9ca38bc6eb9d4b\"},\"headline\":\"Emei Pequeno Mundo de Colinas investe em cercamento e port\u00e3o eletr\u00f4nico com c\u00e2mera\",\"datePublished\":\"2023-05-30T20:54:00+00:00\",\"mainEntityOfPage\":{\"@id\":\"https:\\\/\\\/folhapopular.info\\\/index.php\\\/2023\\\/05\\\/30\\\/emei-pequeno-mundo-de-colinas-investe-em-cercamento-e-portao-eletronico-com-camera\\\/\"},\"wordCount\":274,\"commentCount\":0,\"image\":{\"@id\":\"https:\\\/\\\/folhapopular.info\\\/index.php\\\/2023\\\/05\\\/30\\\/emei-pequeno-mundo-de-colinas-investe-em-cercamento-e-portao-eletronico-com-camera\\\/#primaryimage\"},\"thumbnailUrl\":\"https:\\\/\\\/folhapopular.info\\\/wp-content\\\/uploads\\\/2023\\\/05\\\/emei-colinas.png\",\"keywords\":[\"Colinas\",\"Educa\u00e7\u00e3o\",\"emei pequeno mundo\",\"Seguran\u00e7a\",\"Seguran\u00e7a Escolar\"],\"articleSection\":[\"Destaques\",\"Educa\u00e7\u00e3o\",\"Geral\"],\"inLanguage\":\"pt-BR\",\"potentialAction\":[{\"@type\":\"CommentAction\",\"name\":\"Comment\",\"target\":[\"https:\\\/\\\/folhapopular.info\\\/index.php\\\/2023\\\/05\\\/30\\\/emei-pequeno-mundo-de-colinas-investe-em-cercamento-e-portao-eletronico-com-camera\\\/#respond\"]}]},{\"@type\":\"WebPage\",\"@id\":\"https:\\\/\\\/folhapopular.info\\\/index.php\\\/2023\\\/05\\\/30\\\/emei-pequeno-mundo-de-colinas-investe-em-cercamento-e-portao-eletronico-com-camera\\\/\",\"url\":\"https:\\\/\\\/folhapopular.info\\\/index.php\\\/2023\\\/05\\\/30\\\/emei-pequeno-mundo-de-colinas-investe-em-cercamento-e-portao-eletronico-com-camera\\\/\",\"name\":\"Emei Pequeno Mundo de Colinas investe em cercamento e port\u00e3o eletr\u00f4nico com c\u00e2mera - Folha Popular\",\"isPartOf\":{\"@id\":\"https:\\\/\\\/folhapopular.info\\\/#website\"},\"primaryImageOfPage\":{\"@id\":\"https:\\\/\\\/folhapopular.info\\\/index.php\\\/2023\\\/05\\\/30\\\/emei-pequeno-mundo-de-colinas-investe-em-cercamento-e-portao-eletronico-com-camera\\\/#primaryimage\"},\"image\":{\"@id\":\"https:\\\/\\\/folhapopular.info\\\/index.php\\\/2023\\\/05\\\/30\\\/emei-pequeno-mundo-de-colinas-investe-em-cercamento-e-portao-eletronico-com-camera\\\/#primaryimage\"},\"thumbnailUrl\":\"https:\\\/\\\/folhapopular.info\\\/wp-content\\\/uploads\\\/2023\\\/05\\\/emei-colinas.png\",\"datePublished\":\"2023-05-30T20:54:00+00:00\",\"author\":{\"@id\":\"https:\\\/\\\/folhapopular.info\\\/#\\\/schema\\\/person\\\/2814e8a0df7643585a9ca38bc6eb9d4b\"},\"breadcrumb\":{\"@id\":\"https:\\\/\\\/folhapopular.info\\\/index.php\\\/2023\\\/05\\\/30\\\/emei-pequeno-mundo-de-colinas-investe-em-cercamento-e-portao-eletronico-com-camera\\\/#breadcrumb\"},\"inLanguage\":\"pt-BR\",\"potentialAction\":[{\"@type\":\"ReadAction\",\"target\":[\"https:\\\/\\\/folhapopular.info\\\/index.php\\\/2023\\\/05\\\/30\\\/emei-pequeno-mundo-de-colinas-investe-em-cercamento-e-portao-eletronico-com-camera\\\/\"]}]},{\"@type\":\"ImageObject\",\"inLanguage\":\"pt-BR\",\"@id\":\"https:\\\/\\\/folhapopular.info\\\/index.php\\\/2023\\\/05\\\/30\\\/emei-pequeno-mundo-de-colinas-investe-em-cercamento-e-portao-eletronico-com-camera\\\/#primaryimage\",\"url\":\"https:\\\/\\\/folhapopular.info\\\/wp-content\\\/uploads\\\/2023\\\/05\\\/emei-colinas.png\",\"contentUrl\":\"https:\\\/\\\/folhapopular.info\\\/wp-content\\\/uploads\\\/2023\\\/05\\\/emei-colinas.png\",\"width\":1612,\"height\":1268,\"caption\":\"Cr\u00e9dito: Ang\u00e9lica Pott \\\/ AI Prefeitura de Colinas\"},{\"@type\":\"BreadcrumbList\",\"@id\":\"https:\\\/\\\/folhapopular.info\\\/index.php\\\/2023\\\/05\\\/30\\\/emei-pequeno-mundo-de-colinas-investe-em-cercamento-e-portao-eletronico-com-camera\\\/#breadcrumb\",\"itemListElement\":[{\"@type\":\"ListItem\",\"position\":1,\"name\":\"In\u00edcio\",\"item\":\"https:\\\/\\\/folhapopular.info\\\/\"},{\"@type\":\"ListItem\",\"position\":2,\"name\":\"Emei Pequeno Mundo de Colinas investe em cercamento e port\u00e3o eletr\u00f4nico com c\u00e2mera\"}]},{\"@type\":\"WebSite\",\"@id\":\"https:\\\/\\\/folhapopular.info\\\/#website\",\"url\":\"https:\\\/\\\/folhapopular.info\\\/\",\"name\":\"Folha Popular\",\"description\":\"Onde voc\u00ea tem vez e voz\",\"potentialAction\":[{\"@type\":\"SearchAction\",\"target\":{\"@type\":\"EntryPoint\",\"urlTemplate\":\"https:\\\/\\\/folhapopular.info\\\/?s={search_term_string}\"},\"query-input\":{\"@type\":\"PropertyValueSpecification\",\"valueRequired\":true,\"valueName\":\"search_term_string\"}}],\"inLanguage\":\"pt-BR\"},{\"@type\":\"Person\",\"@id\":\"https:\\\/\\\/folhapopular.info\\\/#\\\/schema\\\/person\\\/2814e8a0df7643585a9ca38bc6eb9d4b\",\"name\":\"Reda\u00e7\u00e3o Folha Popular\",\"image\":{\"@type\":\"ImageObject\",\"inLanguage\":\"pt-BR\",\"@id\":\"https:\\\/\\\/folhapopular.info\\\/wp-content\\\/uploads\\\/2026\\\/04\\\/Folha-1.webp\",\"url\":\"https:\\\/\\\/folhapopular.info\\\/wp-content\\\/uploads\\\/2026\\\/04\\\/Folha-1.webp\",\"contentUrl\":\"https:\\\/\\\/folhapopular.info\\\/wp-content\\\/uploads\\\/2026\\\/04\\\/Folha-1.webp\",\"caption\":\"Reda\u00e7\u00e3o Folha Popular\"},\"url\":\"https:\\\/\\\/folhapopular.info\\\/index.php\\\/author\\\/redacao\\\/\"}]}<\/script>\n<!-- \/ Yoast SEO plugin. -->","yoast_head_json":{"title":"Emei Pequeno Mundo de Colinas investe em cercamento e port\u00e3o eletr\u00f4nico com c\u00e2mera - Folha Popular","robots":{"index":"index","follow":"follow","max-snippet":"max-snippet:-1","max-image-preview":"max-image-preview:large","max-video-preview":"max-video-preview:-1"},"canonical":"https:\/\/folhapopular.info\/index.php\/2023\/05\/30\/emei-pequeno-mundo-de-colinas-investe-em-cercamento-e-portao-eletronico-com-camera\/","og_locale":"pt_BR","og_type":"article","og_title":"Emei Pequeno Mundo de Colinas investe em cercamento e port\u00e3o eletr\u00f4nico com c\u00e2mera - Folha Popular","og_description":"A seguran\u00e7a nas institui\u00e7\u00f5es de ensino \u00e9 uma preocupa\u00e7\u00e3o constante, especialmente ap\u00f3s os recentes ataques e amea\u00e7as ocorridos em abril deste ano. Com o objetivo de garantir a prote\u00e7\u00e3o das crian\u00e7as e oferecer um ambiente seguro, a Administra\u00e7\u00e3o de Colinas decidiu investir no cercamento do terreno e na implanta\u00e7\u00e3o de um port\u00e3o eletr\u00f4nico com c\u00e2mera [&hellip;]","og_url":"https:\/\/folhapopular.info\/index.php\/2023\/05\/30\/emei-pequeno-mundo-de-colinas-investe-em-cercamento-e-portao-eletronico-com-camera\/","og_site_name":"Folha Popular","article_published_time":"2023-05-30T20:54:00+00:00","og_image":[{"width":1024,"height":805,"url":"https:\/\/folhapopular.info\/wp-content\/uploads\/2023\/05\/emei-colinas-1024x805.png","type":"image\/png"}],"author":"Reda\u00e7\u00e3o Folha Popular","twitter_card":"summary_large_image","twitter_misc":{"Escrito por":"Reda\u00e7\u00e3o Folha Popular","Est. tempo de leitura":"2 minutos"},"schema":{"@context":"https:\/\/schema.org","@graph":[{"@type":"Article","@id":"https:\/\/folhapopular.info\/index.php\/2023\/05\/30\/emei-pequeno-mundo-de-colinas-investe-em-cercamento-e-portao-eletronico-com-camera\/#article","isPartOf":{"@id":"https:\/\/folhapopular.info\/index.php\/2023\/05\/30\/emei-pequeno-mundo-de-colinas-investe-em-cercamento-e-portao-eletronico-com-camera\/"},"author":{"name":"Reda\u00e7\u00e3o Folha Popular","@id":"https:\/\/folhapopular.info\/#\/schema\/person\/2814e8a0df7643585a9ca38bc6eb9d4b"},"headline":"Emei Pequeno Mundo de Colinas investe em cercamento e port\u00e3o eletr\u00f4nico com c\u00e2mera","datePublished":"2023-05-30T20:54:00+00:00","mainEntityOfPage":{"@id":"https:\/\/folhapopular.info\/index.php\/2023\/05\/30\/emei-pequeno-mundo-de-colinas-investe-em-cercamento-e-portao-eletronico-com-camera\/"},"wordCount":274,"commentCount":0,"image":{"@id":"https:\/\/folhapopular.info\/index.php\/2023\/05\/30\/emei-pequeno-mundo-de-colinas-investe-em-cercamento-e-portao-eletronico-com-camera\/#primaryimage"},"thumbnailUrl":"https:\/\/folhapopular.info\/wp-content\/uploads\/2023\/05\/emei-colinas.png","keywords":["Colinas","Educa\u00e7\u00e3o","emei pequeno mundo","Seguran\u00e7a","Seguran\u00e7a Escolar"],"articleSection":["Destaques","Educa\u00e7\u00e3o","Geral"],"inLanguage":"pt-BR","potentialAction":[{"@type":"CommentAction","name":"Comment","target":["https:\/\/folhapopular.info\/index.php\/2023\/05\/30\/emei-pequeno-mundo-de-colinas-investe-em-cercamento-e-portao-eletronico-com-camera\/#respond"]}]},{"@type":"WebPage","@id":"https:\/\/folhapopular.info\/index.php\/2023\/05\/30\/emei-pequeno-mundo-de-colinas-investe-em-cercamento-e-portao-eletronico-com-camera\/","url":"https:\/\/folhapopular.info\/index.php\/2023\/05\/30\/emei-pequeno-mundo-de-colinas-investe-em-cercamento-e-portao-eletronico-com-camera\/","name":"Emei Pequeno Mundo de Colinas investe em cercamento e port\u00e3o eletr\u00f4nico com c\u00e2mera - Folha Popular","isPartOf":{"@id":"https:\/\/folhapopular.info\/#website"},"primaryImageOfPage":{"@id":"https:\/\/folhapopular.info\/index.php\/2023\/05\/30\/emei-pequeno-mundo-de-colinas-investe-em-cercamento-e-portao-eletronico-com-camera\/#primaryimage"},"image":{"@id":"https:\/\/folhapopular.info\/index.php\/2023\/05\/30\/emei-pequeno-mundo-de-colinas-investe-em-cercamento-e-portao-eletronico-com-camera\/#primaryimage"},"thumbnailUrl":"https:\/\/folhapopular.info\/wp-content\/uploads\/2023\/05\/emei-colinas.png","datePublished":"2023-05-30T20:54:00+00:00","author":{"@id":"https:\/\/folhapopular.info\/#\/schema\/person\/2814e8a0df7643585a9ca38bc6eb9d4b"},"breadcrumb":{"@id":"https:\/\/folhapopular.info\/index.php\/2023\/05\/30\/emei-pequeno-mundo-de-colinas-investe-em-cercamento-e-portao-eletronico-com-camera\/#breadcrumb"},"inLanguage":"pt-BR","potentialAction":[{"@type":"ReadAction","target":["https:\/\/folhapopular.info\/index.php\/2023\/05\/30\/emei-pequeno-mundo-de-colinas-investe-em-cercamento-e-portao-eletronico-com-camera\/"]}]},{"@type":"ImageObject","inLanguage":"pt-BR","@id":"https:\/\/folhapopular.info\/index.php\/2023\/05\/30\/emei-pequeno-mundo-de-colinas-investe-em-cercamento-e-portao-eletronico-com-camera\/#primaryimage","url":"https:\/\/folhapopular.info\/wp-content\/uploads\/2023\/05\/emei-colinas.png","contentUrl":"https:\/\/folhapopular.info\/wp-content\/uploads\/2023\/05\/emei-colinas.png","width":1612,"height":1268,"caption":"Cr\u00e9dito: Ang\u00e9lica Pott \/ AI Prefeitura de Colinas"},{"@type":"BreadcrumbList","@id":"https:\/\/folhapopular.info\/index.php\/2023\/05\/30\/emei-pequeno-mundo-de-colinas-investe-em-cercamento-e-portao-eletronico-com-camera\/#breadcrumb","itemListElement":[{"@type":"ListItem","position":1,"name":"In\u00edcio","item":"https:\/\/folhapopular.info\/"},{"@type":"ListItem","position":2,"name":"Emei Pequeno Mundo de Colinas investe em cercamento e port\u00e3o eletr\u00f4nico com c\u00e2mera"}]},{"@type":"WebSite","@id":"https:\/\/folhapopular.info\/#website","url":"https:\/\/folhapopular.info\/","name":"Folha Popular","description":"Onde voc\u00ea tem vez e voz","potentialAction":[{"@type":"SearchAction","target":{"@type":"EntryPoint","urlTemplate":"https:\/\/folhapopular.info\/?s={search_term_string}"},"query-input":{"@type":"PropertyValueSpecification","valueRequired":true,"valueName":"search_term_string"}}],"inLanguage":"pt-BR"},{"@type":"Person","@id":"https:\/\/folhapopular.info\/#\/schema\/person\/2814e8a0df7643585a9ca38bc6eb9d4b","name":"Reda\u00e7\u00e3o Folha Popular","image":{"@type":"ImageObject","inLanguage":"pt-BR","@id":"https:\/\/folhapopular.info\/wp-content\/uploads\/2026\/04\/Folha-1.webp","url":"https:\/\/folhapopular.info\/wp-content\/uploads\/2026\/04\/Folha-1.webp","contentUrl":"https:\/\/folhapopular.info\/wp-content\/uploads\/2026\/04\/Folha-1.webp","caption":"Reda\u00e7\u00e3o Folha Popular"},"url":"https:\/\/folhapopular.info\/index.php\/author\/redacao\/"}]}},"jetpack_featured_media_url":"https:\/\/folhapopular.info\/wp-content\/uploads\/2023\/05\/emei-colinas.png","jetpack_sharing_enabled":true,"amp_enabled":true,"_links":{"self":[{"href":"https:\/\/folhapopular.info\/index.php\/wp-json\/wp\/v2\/posts\/128633","targetHints":{"allow":["GET"]}}],"collection":[{"href":"https:\/\/folhapopular.info\/index.php\/wp-json\/wp\/v2\/posts"}],"about":[{"href":"https:\/\/folhapopular.info\/index.php\/wp-json\/wp\/v2\/types\/post"}],"author":[{"embeddable":true,"href":"https:\/\/folhapopular.info\/index.php\/wp-json\/wp\/v2\/users\/8"}],"replies":[{"embeddable":true,"href":"https:\/\/folhapopular.info\/index.php\/wp-json\/wp\/v2\/comments?post=128633"}],"version-history":[{"count":0,"href":"https:\/\/folhapopular.info\/index.php\/wp-json\/wp\/v2\/posts\/128633\/revisions"}],"wp:featuredmedia":[{"embeddable":true,"href":"https:\/\/folhapopular.info\/index.php\/wp-json\/wp\/v2\/media\/128634"}],"wp:attachment":[{"href":"https:\/\/folhapopular.info\/index.php\/wp-json\/wp\/v2\/media?parent=128633"}],"wp:term":[{"taxonomy":"category","embeddable":true,"href":"https:\/\/folhapopular.info\/index.php\/wp-json\/wp\/v2\/categories?post=128633"},{"taxonomy":"post_tag","embeddable":true,"href":"https:\/\/folhapopular.info\/index.php\/wp-json\/wp\/v2\/tags?post=128633"}],"curies":[{"name":"wp","href":"https:\/\/api.w.org\/{rel}","templated":true}]}}