{"id":128671,"date":"2023-05-31T10:13:00","date_gmt":"2023-05-31T13:13:00","guid":{"rendered":"https:\/\/folhapopular.info\/?p=128671"},"modified":"2023-05-31T08:21:59","modified_gmt":"2023-05-31T11:21:59","slug":"saude-de-imigrante-sobe-para-a-16a-posicao-e-alcanca-nota-996-no-programa-previne-brasil","status":"publish","type":"post","link":"https:\/\/folhapopular.info\/index.php\/2023\/05\/31\/saude-de-imigrante-sobe-para-a-16a-posicao-e-alcanca-nota-996-no-programa-previne-brasil\/","title":{"rendered":"Sa\u00fade de Imigrante sobe para a 16\u00aa posi\u00e7\u00e3o e alcan\u00e7a nota 9,96 no Programa Previne Brasil"},"content":{"rendered":"\n<p>A Administra\u00e7\u00e3o de Imigrante, por meio da Secretaria de Sa\u00fade e Assist\u00eancia Social, alcan\u00e7ou o 16\u00ba lugar entre os 492 munic\u00edpios ga\u00fachos avaliados pelo Programa Previne Brasil, do Governo Federal. <\/p>\n\n\n\n<p>A coloca\u00e7\u00e3o \u00e9 referente \u00e0 avalia\u00e7\u00e3o feita no primeiro quadrimestre de 2023, levando-se em conta a aten\u00e7\u00e3o b\u00e1sica. Imigrante obteve nota 9,96, subindo 44 posi\u00e7\u00f5es em rela\u00e7\u00e3o \u00e0s \u00faltimas avalia\u00e7\u00f5es.<\/p>\n\n\n\n<p>Conforme a secret\u00e1ria J\u00f3ice Cristina Horst, esse avan\u00e7o foi poss\u00edvel gra\u00e7as \u00e0 aquisi\u00e7\u00e3o do programa \u201cBin Helper\u201d, que permite fazer uma busca ativa nominal dos pacientes. \u201cO programa nos fornece os dados necess\u00e1rios para sabermos onde devemos agir. Temos uma equipe proativa, que busca atender as demandas da melhor forma poss\u00edvel\u201d, reconhece.<\/p>\n\n\n\n<p>O programa avalia sete indicadores: <\/p>\n\n\n\n<ul class=\"wp-block-list\">\n<li>Consultas de pr\u00e9-natal das gestantes; <\/li>\n\n\n\n<li>Testes r\u00e1pidos em gestantes; <\/li>\n\n\n\n<li>Propor\u00e7\u00e3o de gestantes com atendimento odontol\u00f3gico; <\/li>\n\n\n\n<li>Cobertura de exame citopatol\u00f3gico; <\/li>\n\n\n\n<li>Cobertura vacinal; <\/li>\n\n\n\n<li>Acompanhamento de pessoas com hipertens\u00e3o;<\/li>\n\n\n\n<li>Acompanhamento de pacientes diab\u00e9ticos.<\/li>\n<\/ul>\n\n\n\n<h2 class=\"wp-block-heading\"><strong>Em busca de melhores resultados<\/strong><\/h2>\n\n\n\n<p>Ainda no terceiro quadrimestre de 2022, a equipe de sa\u00fade de Imigrante visitou o munic\u00edpio de Roca Sales, 1\u00ba colocado no Rio Grande do Sul, com a nota 9,96 na ocasi\u00e3o. \u201cAvan\u00e7amos muito at\u00e9 agora e permanecemos buscando a excel\u00eancia no atendimento \u00e0 comunidade\u201d, concluiu J\u00f3ice.<\/p>\n","protected":false},"excerpt":{"rendered":"<p>A Administra\u00e7\u00e3o de Imigrante, por meio da Secretaria de Sa\u00fade e Assist\u00eancia Social, alcan\u00e7ou o 16\u00ba lugar entre os 492 munic\u00edpios ga\u00fachos avaliados pelo Programa Previne Brasil, do Governo Federal. A coloca\u00e7\u00e3o \u00e9 referente \u00e0 avalia\u00e7\u00e3o feita no primeiro quadrimestre de 2023, levando-se em conta a aten\u00e7\u00e3o b\u00e1sica. Imigrante obteve nota 9,96, subindo 44 posi\u00e7\u00f5es [&hellip;]<\/p>\n","protected":false},"author":8,"featured_media":128672,"comment_status":"open","ping_status":"open","sticky":false,"template":"","format":"standard","meta":{"pmpro_default_level":"","_jetpack_memberships_contains_paid_content":false,"footnotes":""},"categories":[2,3,10986],"tags":[34,10148,89],"class_list":{"0":"post-128671","1":"post","2":"type-post","3":"status-publish","4":"format-standard","5":"has-post-thumbnail","7":"category-featured","8":"category-geral","9":"category-saude","10":"tag-imigrante","11":"tag-previne-brasil","12":"tag-saude","13":"pmpro-has-access"},"yoast_head":"<!-- This site is optimized with the Yoast SEO plugin v27.5 - https:\/\/yoast.com\/product\/yoast-seo-wordpress\/ -->\n<title>Sa\u00fade de Imigrante sobe para a 16\u00aa posi\u00e7\u00e3o e alcan\u00e7a nota 9,96 no Programa Previne Brasil - Folha Popular<\/title>\n<meta name=\"robots\" content=\"index, follow, max-snippet:-1, max-image-preview:large, max-video-preview:-1\" \/>\n<link rel=\"canonical\" href=\"https:\/\/folhapopular.info\/index.php\/2023\/05\/31\/saude-de-imigrante-sobe-para-a-16a-posicao-e-alcanca-nota-996-no-programa-previne-brasil\/\" \/>\n<meta property=\"og:locale\" content=\"pt_BR\" \/>\n<meta property=\"og:type\" content=\"article\" \/>\n<meta property=\"og:title\" content=\"Sa\u00fade de Imigrante sobe para a 16\u00aa posi\u00e7\u00e3o e alcan\u00e7a nota 9,96 no Programa Previne Brasil - Folha Popular\" \/>\n<meta property=\"og:description\" content=\"A Administra\u00e7\u00e3o de Imigrante, por meio da Secretaria de Sa\u00fade e Assist\u00eancia Social, alcan\u00e7ou o 16\u00ba lugar entre os 492 munic\u00edpios ga\u00fachos avaliados pelo Programa Previne Brasil, do Governo Federal. A coloca\u00e7\u00e3o \u00e9 referente \u00e0 avalia\u00e7\u00e3o feita no primeiro quadrimestre de 2023, levando-se em conta a aten\u00e7\u00e3o b\u00e1sica. Imigrante obteve nota 9,96, subindo 44 posi\u00e7\u00f5es [&hellip;]\" \/>\n<meta property=\"og:url\" content=\"https:\/\/folhapopular.info\/index.php\/2023\/05\/31\/saude-de-imigrante-sobe-para-a-16a-posicao-e-alcanca-nota-996-no-programa-previne-brasil\/\" \/>\n<meta property=\"og:site_name\" content=\"Folha Popular\" \/>\n<meta property=\"article:published_time\" content=\"2023-05-31T13:13:00+00:00\" \/>\n<meta property=\"og:image\" content=\"https:\/\/folhapopular.info\/wp-content\/uploads\/2023\/05\/349895317_255963147114090_5294569507191346004_n.jpg\" \/>\n\t<meta property=\"og:image:width\" content=\"1185\" \/>\n\t<meta property=\"og:image:height\" content=\"889\" \/>\n\t<meta property=\"og:image:type\" content=\"image\/jpeg\" \/>\n<meta name=\"author\" content=\"Reda\u00e7\u00e3o Folha Popular\" \/>\n<meta name=\"twitter:card\" content=\"summary_large_image\" \/>\n<meta name=\"twitter:label1\" content=\"Escrito por\" \/>\n\t<meta name=\"twitter:data1\" content=\"Reda\u00e7\u00e3o Folha Popular\" \/>\n\t<meta name=\"twitter:label2\" content=\"Est. tempo de leitura\" \/>\n\t<meta name=\"twitter:data2\" content=\"2 minutos\" \/>\n<script type=\"application\/ld+json\" class=\"yoast-schema-graph\">{\"@context\":\"https:\\\/\\\/schema.org\",\"@graph\":[{\"@type\":\"Article\",\"@id\":\"https:\\\/\\\/folhapopular.info\\\/index.php\\\/2023\\\/05\\\/31\\\/saude-de-imigrante-sobe-para-a-16a-posicao-e-alcanca-nota-996-no-programa-previne-brasil\\\/#article\",\"isPartOf\":{\"@id\":\"https:\\\/\\\/folhapopular.info\\\/index.php\\\/2023\\\/05\\\/31\\\/saude-de-imigrante-sobe-para-a-16a-posicao-e-alcanca-nota-996-no-programa-previne-brasil\\\/\"},\"author\":{\"name\":\"Reda\u00e7\u00e3o Folha Popular\",\"@id\":\"https:\\\/\\\/folhapopular.info\\\/#\\\/schema\\\/person\\\/2814e8a0df7643585a9ca38bc6eb9d4b\"},\"headline\":\"Sa\u00fade de Imigrante sobe para a 16\u00aa posi\u00e7\u00e3o e alcan\u00e7a nota 9,96 no Programa Previne Brasil\",\"datePublished\":\"2023-05-31T13:13:00+00:00\",\"mainEntityOfPage\":{\"@id\":\"https:\\\/\\\/folhapopular.info\\\/index.php\\\/2023\\\/05\\\/31\\\/saude-de-imigrante-sobe-para-a-16a-posicao-e-alcanca-nota-996-no-programa-previne-brasil\\\/\"},\"wordCount\":237,\"commentCount\":0,\"image\":{\"@id\":\"https:\\\/\\\/folhapopular.info\\\/index.php\\\/2023\\\/05\\\/31\\\/saude-de-imigrante-sobe-para-a-16a-posicao-e-alcanca-nota-996-no-programa-previne-brasil\\\/#primaryimage\"},\"thumbnailUrl\":\"https:\\\/\\\/folhapopular.info\\\/wp-content\\\/uploads\\\/2023\\\/05\\\/349895317_255963147114090_5294569507191346004_n.jpg\",\"keywords\":[\"Imigrante\",\"Previne Brasil\",\"Sa\u00fade\"],\"articleSection\":[\"Destaques\",\"Geral\",\"Sa\u00fade\"],\"inLanguage\":\"pt-BR\",\"potentialAction\":[{\"@type\":\"CommentAction\",\"name\":\"Comment\",\"target\":[\"https:\\\/\\\/folhapopular.info\\\/index.php\\\/2023\\\/05\\\/31\\\/saude-de-imigrante-sobe-para-a-16a-posicao-e-alcanca-nota-996-no-programa-previne-brasil\\\/#respond\"]}]},{\"@type\":\"WebPage\",\"@id\":\"https:\\\/\\\/folhapopular.info\\\/index.php\\\/2023\\\/05\\\/31\\\/saude-de-imigrante-sobe-para-a-16a-posicao-e-alcanca-nota-996-no-programa-previne-brasil\\\/\",\"url\":\"https:\\\/\\\/folhapopular.info\\\/index.php\\\/2023\\\/05\\\/31\\\/saude-de-imigrante-sobe-para-a-16a-posicao-e-alcanca-nota-996-no-programa-previne-brasil\\\/\",\"name\":\"Sa\u00fade de Imigrante sobe para a 16\u00aa posi\u00e7\u00e3o e alcan\u00e7a nota 9,96 no Programa Previne Brasil - Folha Popular\",\"isPartOf\":{\"@id\":\"https:\\\/\\\/folhapopular.info\\\/#website\"},\"primaryImageOfPage\":{\"@id\":\"https:\\\/\\\/folhapopular.info\\\/index.php\\\/2023\\\/05\\\/31\\\/saude-de-imigrante-sobe-para-a-16a-posicao-e-alcanca-nota-996-no-programa-previne-brasil\\\/#primaryimage\"},\"image\":{\"@id\":\"https:\\\/\\\/folhapopular.info\\\/index.php\\\/2023\\\/05\\\/31\\\/saude-de-imigrante-sobe-para-a-16a-posicao-e-alcanca-nota-996-no-programa-previne-brasil\\\/#primaryimage\"},\"thumbnailUrl\":\"https:\\\/\\\/folhapopular.info\\\/wp-content\\\/uploads\\\/2023\\\/05\\\/349895317_255963147114090_5294569507191346004_n.jpg\",\"datePublished\":\"2023-05-31T13:13:00+00:00\",\"author\":{\"@id\":\"https:\\\/\\\/folhapopular.info\\\/#\\\/schema\\\/person\\\/2814e8a0df7643585a9ca38bc6eb9d4b\"},\"breadcrumb\":{\"@id\":\"https:\\\/\\\/folhapopular.info\\\/index.php\\\/2023\\\/05\\\/31\\\/saude-de-imigrante-sobe-para-a-16a-posicao-e-alcanca-nota-996-no-programa-previne-brasil\\\/#breadcrumb\"},\"inLanguage\":\"pt-BR\",\"potentialAction\":[{\"@type\":\"ReadAction\",\"target\":[\"https:\\\/\\\/folhapopular.info\\\/index.php\\\/2023\\\/05\\\/31\\\/saude-de-imigrante-sobe-para-a-16a-posicao-e-alcanca-nota-996-no-programa-previne-brasil\\\/\"]}]},{\"@type\":\"ImageObject\",\"inLanguage\":\"pt-BR\",\"@id\":\"https:\\\/\\\/folhapopular.info\\\/index.php\\\/2023\\\/05\\\/31\\\/saude-de-imigrante-sobe-para-a-16a-posicao-e-alcanca-nota-996-no-programa-previne-brasil\\\/#primaryimage\",\"url\":\"https:\\\/\\\/folhapopular.info\\\/wp-content\\\/uploads\\\/2023\\\/05\\\/349895317_255963147114090_5294569507191346004_n.jpg\",\"contentUrl\":\"https:\\\/\\\/folhapopular.info\\\/wp-content\\\/uploads\\\/2023\\\/05\\\/349895317_255963147114090_5294569507191346004_n.jpg\",\"width\":1185,\"height\":889,\"caption\":\"Cr\u00e9dito: Carlos Eduardo Schneider \\\/ AI Prefeitura de Imigrante\"},{\"@type\":\"BreadcrumbList\",\"@id\":\"https:\\\/\\\/folhapopular.info\\\/index.php\\\/2023\\\/05\\\/31\\\/saude-de-imigrante-sobe-para-a-16a-posicao-e-alcanca-nota-996-no-programa-previne-brasil\\\/#breadcrumb\",\"itemListElement\":[{\"@type\":\"ListItem\",\"position\":1,\"name\":\"In\u00edcio\",\"item\":\"https:\\\/\\\/folhapopular.info\\\/\"},{\"@type\":\"ListItem\",\"position\":2,\"name\":\"Sa\u00fade de Imigrante sobe para a 16\u00aa posi\u00e7\u00e3o e alcan\u00e7a nota 9,96 no Programa Previne Brasil\"}]},{\"@type\":\"WebSite\",\"@id\":\"https:\\\/\\\/folhapopular.info\\\/#website\",\"url\":\"https:\\\/\\\/folhapopular.info\\\/\",\"name\":\"Folha Popular\",\"description\":\"Onde voc\u00ea tem vez e voz\",\"potentialAction\":[{\"@type\":\"SearchAction\",\"target\":{\"@type\":\"EntryPoint\",\"urlTemplate\":\"https:\\\/\\\/folhapopular.info\\\/?s={search_term_string}\"},\"query-input\":{\"@type\":\"PropertyValueSpecification\",\"valueRequired\":true,\"valueName\":\"search_term_string\"}}],\"inLanguage\":\"pt-BR\"},{\"@type\":\"Person\",\"@id\":\"https:\\\/\\\/folhapopular.info\\\/#\\\/schema\\\/person\\\/2814e8a0df7643585a9ca38bc6eb9d4b\",\"name\":\"Reda\u00e7\u00e3o Folha Popular\",\"image\":{\"@type\":\"ImageObject\",\"inLanguage\":\"pt-BR\",\"@id\":\"https:\\\/\\\/folhapopular.info\\\/wp-content\\\/uploads\\\/2026\\\/04\\\/Folha-1.webp\",\"url\":\"https:\\\/\\\/folhapopular.info\\\/wp-content\\\/uploads\\\/2026\\\/04\\\/Folha-1.webp\",\"contentUrl\":\"https:\\\/\\\/folhapopular.info\\\/wp-content\\\/uploads\\\/2026\\\/04\\\/Folha-1.webp\",\"caption\":\"Reda\u00e7\u00e3o Folha Popular\"},\"url\":\"https:\\\/\\\/folhapopular.info\\\/index.php\\\/author\\\/redacao\\\/\"}]}<\/script>\n<!-- \/ Yoast SEO plugin. -->","yoast_head_json":{"title":"Sa\u00fade de Imigrante sobe para a 16\u00aa posi\u00e7\u00e3o e alcan\u00e7a nota 9,96 no Programa Previne Brasil - Folha Popular","robots":{"index":"index","follow":"follow","max-snippet":"max-snippet:-1","max-image-preview":"max-image-preview:large","max-video-preview":"max-video-preview:-1"},"canonical":"https:\/\/folhapopular.info\/index.php\/2023\/05\/31\/saude-de-imigrante-sobe-para-a-16a-posicao-e-alcanca-nota-996-no-programa-previne-brasil\/","og_locale":"pt_BR","og_type":"article","og_title":"Sa\u00fade de Imigrante sobe para a 16\u00aa posi\u00e7\u00e3o e alcan\u00e7a nota 9,96 no Programa Previne Brasil - Folha Popular","og_description":"A Administra\u00e7\u00e3o de Imigrante, por meio da Secretaria de Sa\u00fade e Assist\u00eancia Social, alcan\u00e7ou o 16\u00ba lugar entre os 492 munic\u00edpios ga\u00fachos avaliados pelo Programa Previne Brasil, do Governo Federal. A coloca\u00e7\u00e3o \u00e9 referente \u00e0 avalia\u00e7\u00e3o feita no primeiro quadrimestre de 2023, levando-se em conta a aten\u00e7\u00e3o b\u00e1sica. Imigrante obteve nota 9,96, subindo 44 posi\u00e7\u00f5es [&hellip;]","og_url":"https:\/\/folhapopular.info\/index.php\/2023\/05\/31\/saude-de-imigrante-sobe-para-a-16a-posicao-e-alcanca-nota-996-no-programa-previne-brasil\/","og_site_name":"Folha Popular","article_published_time":"2023-05-31T13:13:00+00:00","og_image":[{"width":1185,"height":889,"url":"https:\/\/folhapopular.info\/wp-content\/uploads\/2023\/05\/349895317_255963147114090_5294569507191346004_n.jpg","type":"image\/jpeg"}],"author":"Reda\u00e7\u00e3o Folha Popular","twitter_card":"summary_large_image","twitter_misc":{"Escrito por":"Reda\u00e7\u00e3o Folha Popular","Est. tempo de leitura":"2 minutos"},"schema":{"@context":"https:\/\/schema.org","@graph":[{"@type":"Article","@id":"https:\/\/folhapopular.info\/index.php\/2023\/05\/31\/saude-de-imigrante-sobe-para-a-16a-posicao-e-alcanca-nota-996-no-programa-previne-brasil\/#article","isPartOf":{"@id":"https:\/\/folhapopular.info\/index.php\/2023\/05\/31\/saude-de-imigrante-sobe-para-a-16a-posicao-e-alcanca-nota-996-no-programa-previne-brasil\/"},"author":{"name":"Reda\u00e7\u00e3o Folha Popular","@id":"https:\/\/folhapopular.info\/#\/schema\/person\/2814e8a0df7643585a9ca38bc6eb9d4b"},"headline":"Sa\u00fade de Imigrante sobe para a 16\u00aa posi\u00e7\u00e3o e alcan\u00e7a nota 9,96 no Programa Previne Brasil","datePublished":"2023-05-31T13:13:00+00:00","mainEntityOfPage":{"@id":"https:\/\/folhapopular.info\/index.php\/2023\/05\/31\/saude-de-imigrante-sobe-para-a-16a-posicao-e-alcanca-nota-996-no-programa-previne-brasil\/"},"wordCount":237,"commentCount":0,"image":{"@id":"https:\/\/folhapopular.info\/index.php\/2023\/05\/31\/saude-de-imigrante-sobe-para-a-16a-posicao-e-alcanca-nota-996-no-programa-previne-brasil\/#primaryimage"},"thumbnailUrl":"https:\/\/folhapopular.info\/wp-content\/uploads\/2023\/05\/349895317_255963147114090_5294569507191346004_n.jpg","keywords":["Imigrante","Previne Brasil","Sa\u00fade"],"articleSection":["Destaques","Geral","Sa\u00fade"],"inLanguage":"pt-BR","potentialAction":[{"@type":"CommentAction","name":"Comment","target":["https:\/\/folhapopular.info\/index.php\/2023\/05\/31\/saude-de-imigrante-sobe-para-a-16a-posicao-e-alcanca-nota-996-no-programa-previne-brasil\/#respond"]}]},{"@type":"WebPage","@id":"https:\/\/folhapopular.info\/index.php\/2023\/05\/31\/saude-de-imigrante-sobe-para-a-16a-posicao-e-alcanca-nota-996-no-programa-previne-brasil\/","url":"https:\/\/folhapopular.info\/index.php\/2023\/05\/31\/saude-de-imigrante-sobe-para-a-16a-posicao-e-alcanca-nota-996-no-programa-previne-brasil\/","name":"Sa\u00fade de Imigrante sobe para a 16\u00aa posi\u00e7\u00e3o e alcan\u00e7a nota 9,96 no Programa Previne Brasil - Folha Popular","isPartOf":{"@id":"https:\/\/folhapopular.info\/#website"},"primaryImageOfPage":{"@id":"https:\/\/folhapopular.info\/index.php\/2023\/05\/31\/saude-de-imigrante-sobe-para-a-16a-posicao-e-alcanca-nota-996-no-programa-previne-brasil\/#primaryimage"},"image":{"@id":"https:\/\/folhapopular.info\/index.php\/2023\/05\/31\/saude-de-imigrante-sobe-para-a-16a-posicao-e-alcanca-nota-996-no-programa-previne-brasil\/#primaryimage"},"thumbnailUrl":"https:\/\/folhapopular.info\/wp-content\/uploads\/2023\/05\/349895317_255963147114090_5294569507191346004_n.jpg","datePublished":"2023-05-31T13:13:00+00:00","author":{"@id":"https:\/\/folhapopular.info\/#\/schema\/person\/2814e8a0df7643585a9ca38bc6eb9d4b"},"breadcrumb":{"@id":"https:\/\/folhapopular.info\/index.php\/2023\/05\/31\/saude-de-imigrante-sobe-para-a-16a-posicao-e-alcanca-nota-996-no-programa-previne-brasil\/#breadcrumb"},"inLanguage":"pt-BR","potentialAction":[{"@type":"ReadAction","target":["https:\/\/folhapopular.info\/index.php\/2023\/05\/31\/saude-de-imigrante-sobe-para-a-16a-posicao-e-alcanca-nota-996-no-programa-previne-brasil\/"]}]},{"@type":"ImageObject","inLanguage":"pt-BR","@id":"https:\/\/folhapopular.info\/index.php\/2023\/05\/31\/saude-de-imigrante-sobe-para-a-16a-posicao-e-alcanca-nota-996-no-programa-previne-brasil\/#primaryimage","url":"https:\/\/folhapopular.info\/wp-content\/uploads\/2023\/05\/349895317_255963147114090_5294569507191346004_n.jpg","contentUrl":"https:\/\/folhapopular.info\/wp-content\/uploads\/2023\/05\/349895317_255963147114090_5294569507191346004_n.jpg","width":1185,"height":889,"caption":"Cr\u00e9dito: Carlos Eduardo Schneider \/ AI Prefeitura de Imigrante"},{"@type":"BreadcrumbList","@id":"https:\/\/folhapopular.info\/index.php\/2023\/05\/31\/saude-de-imigrante-sobe-para-a-16a-posicao-e-alcanca-nota-996-no-programa-previne-brasil\/#breadcrumb","itemListElement":[{"@type":"ListItem","position":1,"name":"In\u00edcio","item":"https:\/\/folhapopular.info\/"},{"@type":"ListItem","position":2,"name":"Sa\u00fade de Imigrante sobe para a 16\u00aa posi\u00e7\u00e3o e alcan\u00e7a nota 9,96 no Programa Previne Brasil"}]},{"@type":"WebSite","@id":"https:\/\/folhapopular.info\/#website","url":"https:\/\/folhapopular.info\/","name":"Folha Popular","description":"Onde voc\u00ea tem vez e voz","potentialAction":[{"@type":"SearchAction","target":{"@type":"EntryPoint","urlTemplate":"https:\/\/folhapopular.info\/?s={search_term_string}"},"query-input":{"@type":"PropertyValueSpecification","valueRequired":true,"valueName":"search_term_string"}}],"inLanguage":"pt-BR"},{"@type":"Person","@id":"https:\/\/folhapopular.info\/#\/schema\/person\/2814e8a0df7643585a9ca38bc6eb9d4b","name":"Reda\u00e7\u00e3o Folha Popular","image":{"@type":"ImageObject","inLanguage":"pt-BR","@id":"https:\/\/folhapopular.info\/wp-content\/uploads\/2026\/04\/Folha-1.webp","url":"https:\/\/folhapopular.info\/wp-content\/uploads\/2026\/04\/Folha-1.webp","contentUrl":"https:\/\/folhapopular.info\/wp-content\/uploads\/2026\/04\/Folha-1.webp","caption":"Reda\u00e7\u00e3o Folha Popular"},"url":"https:\/\/folhapopular.info\/index.php\/author\/redacao\/"}]}},"jetpack_featured_media_url":"https:\/\/folhapopular.info\/wp-content\/uploads\/2023\/05\/349895317_255963147114090_5294569507191346004_n.jpg","jetpack_sharing_enabled":true,"amp_enabled":true,"_links":{"self":[{"href":"https:\/\/folhapopular.info\/index.php\/wp-json\/wp\/v2\/posts\/128671","targetHints":{"allow":["GET"]}}],"collection":[{"href":"https:\/\/folhapopular.info\/index.php\/wp-json\/wp\/v2\/posts"}],"about":[{"href":"https:\/\/folhapopular.info\/index.php\/wp-json\/wp\/v2\/types\/post"}],"author":[{"embeddable":true,"href":"https:\/\/folhapopular.info\/index.php\/wp-json\/wp\/v2\/users\/8"}],"replies":[{"embeddable":true,"href":"https:\/\/folhapopular.info\/index.php\/wp-json\/wp\/v2\/comments?post=128671"}],"version-history":[{"count":0,"href":"https:\/\/folhapopular.info\/index.php\/wp-json\/wp\/v2\/posts\/128671\/revisions"}],"wp:featuredmedia":[{"embeddable":true,"href":"https:\/\/folhapopular.info\/index.php\/wp-json\/wp\/v2\/media\/128672"}],"wp:attachment":[{"href":"https:\/\/folhapopular.info\/index.php\/wp-json\/wp\/v2\/media?parent=128671"}],"wp:term":[{"taxonomy":"category","embeddable":true,"href":"https:\/\/folhapopular.info\/index.php\/wp-json\/wp\/v2\/categories?post=128671"},{"taxonomy":"post_tag","embeddable":true,"href":"https:\/\/folhapopular.info\/index.php\/wp-json\/wp\/v2\/tags?post=128671"}],"curies":[{"name":"wp","href":"https:\/\/api.w.org\/{rel}","templated":true}]}}