{"id":128698,"date":"2023-05-31T14:40:42","date_gmt":"2023-05-31T17:40:42","guid":{"rendered":"https:\/\/folhapopular.info\/?p=128698"},"modified":"2023-05-31T14:40:45","modified_gmt":"2023-05-31T17:40:45","slug":"encontro-de-agroecologia-do-vale-do-taquari-reune-dezenas-de-produtores-organicos-em-encantado","status":"publish","type":"post","link":"https:\/\/folhapopular.info\/index.php\/2023\/05\/31\/encontro-de-agroecologia-do-vale-do-taquari-reune-dezenas-de-produtores-organicos-em-encantado\/","title":{"rendered":"Encontro de Agroecologia do Vale do Taquari re\u00fane dezenas de produtores org\u00e2nicos em Encantado\u00a0"},"content":{"rendered":"\n<p>Encantado recebeu, nesta ter\u00e7a-feira (30\/5), o 7\u00ba Encontro de Agroecologia do Vale do Taquari. A atividade foi promovida pela Articula\u00e7\u00e3o em Agroecologia do Vale do Taquari (AAVT), coletivo formado por uma s\u00e9rie de entidades, incluindo a Emater\/RS-Ascar.\u00a0O encontro integrou a Semana Municipal da Agricultura Familiar de Encantado.<\/p>\n\n\n\n<p>\u201cA agroecologia n\u00e3o \u00e9 um pacote pronto, ela \u00e9 uma constru\u00e7\u00e3o\u201d, disse Daiana Castoldi, produtora de morangos org\u00e2nicos e uma das respons\u00e1veis por realizar um relato de experi\u00eancia como agricultora agroecologista. <\/p>\n\n\n\n<h2 class=\"wp-block-heading\"><strong>Virada de chave<\/strong><\/h2>\n\n\n\n<p>Em sua manifesta\u00e7\u00e3o, Daiana brincou sobre o fato de ela e o marido Edson serem \u201cnovatos\u201d na produ\u00e7\u00e3o de alimentos livres de agrot\u00f3xicos, j\u00e1 que faz pouco mais de dois anos que abandonaram uma carreira de estabilidade como concursados do Banco do Brasil para apostar no cultivo de frutas org\u00e2nicas. <\/p>\n\n\n\n<p>\u201cQuando a gente \u00e9 crian\u00e7a, aprendemos que ser agricultor n\u00e3o \u00e9 legal, que \u00e9 penoso, dif\u00edcil, complicado, e estamos aqui pra desmistificar isso\u201d, pontuou a produtora. \u201cSer agricultor \u00e9 ser pesquisador, \u00e9 ser observador mundo, ser um eterno aprendiz\u201d, filosofou.\u00a0<\/p>\n\n\n\n<p>Para Daiana, a virada de chave veio em um momento em que foram visitar produtores convencionais de verduras em uma cidade da Serra, sendo impedidos de consumir os produtos na horta, pelo fato de o per\u00edodo de car\u00eancia da aplica\u00e7\u00e3o de agroqu\u00edmicos n\u00e3o ter sido vencido. <\/p>\n\n\n\n<p>\u201cA cena do meu filho n\u00e3o podendo sequer encostar nos alimentos foi muito triste\u201d, recorda. Essa foi a deixa para que Daiana retornasse oficialmente para o campo, em uma propriedade rural da fam\u00edlia, em Encantado, para investir em cultivos limpos.\u00a0<\/p>\n\n\n\n<p>Relatos como os de Daiana costumam ser comuns em eventos de trocas de sementes crioulas, em encontros de Agroecologia e em outras atividades que visam promover alternativas de cultivos mais sustent\u00e1veis, com estimulo para a produ\u00e7\u00e3o a partir de modelos de base agroecol\u00f3gica. <\/p>\n\n\n\n<p>No encontro de ter\u00e7a-feira, outros produtores, como Santo Sfoglia, de Encantado, e Helena Weinzenmann, de Arroio do Meio, refor\u00e7aram o ideal de uma agricultura saud\u00e1vel, limpa e ambientalmente sustent\u00e1vel. \u201cO nosso patrim\u00f4nio, queira ou n\u00e3o, \u00e9 a sa\u00fade, \u00e9 importante preserv\u00e1-la\u201d, lembrou Sfoglia.<\/p>\n\n\n\n<h2 class=\"wp-block-heading\"><strong>A\u00e7\u00f5es<\/strong><\/h2>\n\n\n\n<p>Como parte do evento, uma parcela das dezenas de entidades que integram a AAVT \u2013 atualmente s\u00e3o mais de vinte, al\u00e9m de secretarias municipais e sindicatos de trabalhadores \u2013 realizaram mostras e exposi\u00e7\u00f5es com a finalidade de compartilhar saberes e estimular discuss\u00f5es sobre os temas. <\/p>\n\n\n\n<p>No espa\u00e7o da Emater\/RS-Ascar, um painel com os letreiros \u201cVoc\u00ea sabe o que est\u00e1 comendo?\u201d conceituava alimentos ultraprocessados, processados e minimamente processados. De forma complementar, as extensionistas da institui\u00e7\u00e3o abordavam o uso de plantas bioativas, sua import\u00e2ncia e seus princ\u00edpios ativos.\u00a0Todas essas a\u00e7\u00f5es dialogaram com o tema do encontro, que promovia \u201cAlimentos sem agrot\u00f3xicos: Agroecologia \u00e9 vida na sa\u00fade\u201d. <\/p>\n\n\n\n<p>Entre os palestrantes, o professor doutor Althen Teixeira da Universidade Federal de Pelotas abordou o tema \u201cAgrot\u00f3xicos e seus efeitos sobre a vida\u201d. <\/p>\n\n\n\n<p>Na parte da tarde as discuss\u00f5es foram sobre contexto e tend\u00eancias no uso de bioinsumos e sobre homeopatia, com relato de experi\u00eancia do Organismo de Controle Social (OCS) Cultivar. \u201cA inten\u00e7\u00e3o geral \u00e9 propor debates e chamar a aten\u00e7\u00e3o para o tema\u201d, explica o extensionista da Emater\/RS-Ascar Marcos Sch\u00e4fer.\u00a0<\/p>\n\n\n\n<p>Al\u00e9m de agricultores, t\u00e9cnicos e representantes de entidades, o evento contou com a participa\u00e7\u00e3o de lideran\u00e7as, como o prefeito de Encantado, Jonas Calvi, o gerente regional da Emater\/RS-Ascar, Cristiano Laste, e o presidente do Sindicato dos Trabalhadores Rurais (STR) de Encantado, Gilberto Zanatta. <\/p>\n\n\n\n<figure class=\"wp-block-image size-large is-resized\"><img loading=\"lazy\" decoding=\"async\" src=\"https:\/\/folhapopular.info\/wp-content\/uploads\/2023\/05\/encontro_regional_agroecologia_encantado-1-1024x683.jpg\" alt=\"\" class=\"wp-image-128700\" width=\"739\" height=\"508\"\/><figcaption class=\"wp-element-caption\">Cr\u00e9ditos: Divulga\u00e7\u00e3o<\/figcaption><\/figure>\n","protected":false},"excerpt":{"rendered":"<p>Encantado recebeu, nesta ter\u00e7a-feira (30\/5), o 7\u00ba Encontro de Agroecologia do Vale do Taquari. A atividade foi promovida pela Articula\u00e7\u00e3o em Agroecologia do Vale do Taquari (AAVT), coletivo formado por uma s\u00e9rie de entidades, incluindo a Emater\/RS-Ascar.\u00a0O encontro integrou a Semana Municipal da Agricultura Familiar de Encantado. \u201cA agroecologia n\u00e3o \u00e9 um pacote pronto, ela [&hellip;]<\/p>\n","protected":false},"author":8,"featured_media":128699,"comment_status":"open","ping_status":"open","sticky":false,"template":"","format":"standard","meta":{"pmpro_default_level":"","_jetpack_memberships_contains_paid_content":false,"footnotes":""},"categories":[2,3,11025],"tags":[2397,466,1271,156],"class_list":{"0":"post-128698","1":"post","2":"type-post","3":"status-publish","4":"format-standard","5":"has-post-thumbnail","7":"category-featured","8":"category-geral","9":"category-meio-ambiente","10":"tag-agroecologia","11":"tag-encantado","12":"tag-encontro-de-agroecologia-do-vale-do-taquari","13":"tag-vale-do-taquari","14":"pmpro-has-access"},"yoast_head":"<!-- This site is optimized with the Yoast SEO plugin v27.5 - https:\/\/yoast.com\/product\/yoast-seo-wordpress\/ -->\n<title>Encontro de Agroecologia do Vale do Taquari re\u00fane dezenas de produtores org\u00e2nicos em Encantado\u00a0 - Folha Popular<\/title>\n<meta name=\"robots\" content=\"index, follow, max-snippet:-1, max-image-preview:large, max-video-preview:-1\" \/>\n<link rel=\"canonical\" href=\"https:\/\/folhapopular.info\/index.php\/2023\/05\/31\/encontro-de-agroecologia-do-vale-do-taquari-reune-dezenas-de-produtores-organicos-em-encantado\/\" \/>\n<meta property=\"og:locale\" content=\"pt_BR\" \/>\n<meta property=\"og:type\" content=\"article\" \/>\n<meta property=\"og:title\" content=\"Encontro de Agroecologia do Vale do Taquari re\u00fane dezenas de produtores org\u00e2nicos em Encantado\u00a0 - Folha Popular\" \/>\n<meta property=\"og:description\" content=\"Encantado recebeu, nesta ter\u00e7a-feira (30\/5), o 7\u00ba Encontro de Agroecologia do Vale do Taquari. A atividade foi promovida pela Articula\u00e7\u00e3o em Agroecologia do Vale do Taquari (AAVT), coletivo formado por uma s\u00e9rie de entidades, incluindo a Emater\/RS-Ascar.\u00a0O encontro integrou a Semana Municipal da Agricultura Familiar de Encantado. \u201cA agroecologia n\u00e3o \u00e9 um pacote pronto, ela [&hellip;]\" \/>\n<meta property=\"og:url\" content=\"https:\/\/folhapopular.info\/index.php\/2023\/05\/31\/encontro-de-agroecologia-do-vale-do-taquari-reune-dezenas-de-produtores-organicos-em-encantado\/\" \/>\n<meta property=\"og:site_name\" content=\"Folha Popular\" \/>\n<meta property=\"article:published_time\" content=\"2023-05-31T17:40:42+00:00\" \/>\n<meta property=\"article:modified_time\" content=\"2023-05-31T17:40:45+00:00\" \/>\n<meta property=\"og:image\" content=\"http:\/\/folhapopular.info\/wp-content\/uploads\/2023\/05\/encontro_regional_agroecologia_encantado-5-scaled.jpg\" \/>\n\t<meta property=\"og:image:width\" content=\"2560\" \/>\n\t<meta property=\"og:image:height\" content=\"1706\" \/>\n\t<meta property=\"og:image:type\" content=\"image\/jpeg\" \/>\n<meta name=\"author\" content=\"Reda\u00e7\u00e3o Folha Popular\" \/>\n<meta name=\"twitter:card\" content=\"summary_large_image\" \/>\n<meta name=\"twitter:label1\" content=\"Escrito por\" \/>\n\t<meta name=\"twitter:data1\" content=\"Reda\u00e7\u00e3o Folha Popular\" \/>\n\t<meta name=\"twitter:label2\" content=\"Est. tempo de leitura\" \/>\n\t<meta name=\"twitter:data2\" content=\"4 minutos\" \/>\n<script type=\"application\/ld+json\" class=\"yoast-schema-graph\">{\"@context\":\"https:\\\/\\\/schema.org\",\"@graph\":[{\"@type\":\"Article\",\"@id\":\"https:\\\/\\\/folhapopular.info\\\/index.php\\\/2023\\\/05\\\/31\\\/encontro-de-agroecologia-do-vale-do-taquari-reune-dezenas-de-produtores-organicos-em-encantado\\\/#article\",\"isPartOf\":{\"@id\":\"https:\\\/\\\/folhapopular.info\\\/index.php\\\/2023\\\/05\\\/31\\\/encontro-de-agroecologia-do-vale-do-taquari-reune-dezenas-de-produtores-organicos-em-encantado\\\/\"},\"author\":{\"name\":\"Reda\u00e7\u00e3o Folha Popular\",\"@id\":\"https:\\\/\\\/folhapopular.info\\\/#\\\/schema\\\/person\\\/2814e8a0df7643585a9ca38bc6eb9d4b\"},\"headline\":\"Encontro de Agroecologia do Vale do Taquari re\u00fane dezenas de produtores org\u00e2nicos em Encantado\u00a0\",\"datePublished\":\"2023-05-31T17:40:42+00:00\",\"dateModified\":\"2023-05-31T17:40:45+00:00\",\"mainEntityOfPage\":{\"@id\":\"https:\\\/\\\/folhapopular.info\\\/index.php\\\/2023\\\/05\\\/31\\\/encontro-de-agroecologia-do-vale-do-taquari-reune-dezenas-de-produtores-organicos-em-encantado\\\/\"},\"wordCount\":630,\"commentCount\":0,\"image\":{\"@id\":\"https:\\\/\\\/folhapopular.info\\\/index.php\\\/2023\\\/05\\\/31\\\/encontro-de-agroecologia-do-vale-do-taquari-reune-dezenas-de-produtores-organicos-em-encantado\\\/#primaryimage\"},\"thumbnailUrl\":\"https:\\\/\\\/folhapopular.info\\\/wp-content\\\/uploads\\\/2023\\\/05\\\/encontro_regional_agroecologia_encantado-5-scaled.jpg\",\"keywords\":[\"Agroecologia\",\"Encantado\",\"Encontro de Agroecologia do Vale do Taquari\",\"Vale do Taquari\"],\"articleSection\":[\"Destaques\",\"Geral\",\"Meio Ambiente\"],\"inLanguage\":\"pt-BR\",\"potentialAction\":[{\"@type\":\"CommentAction\",\"name\":\"Comment\",\"target\":[\"https:\\\/\\\/folhapopular.info\\\/index.php\\\/2023\\\/05\\\/31\\\/encontro-de-agroecologia-do-vale-do-taquari-reune-dezenas-de-produtores-organicos-em-encantado\\\/#respond\"]}]},{\"@type\":\"WebPage\",\"@id\":\"https:\\\/\\\/folhapopular.info\\\/index.php\\\/2023\\\/05\\\/31\\\/encontro-de-agroecologia-do-vale-do-taquari-reune-dezenas-de-produtores-organicos-em-encantado\\\/\",\"url\":\"https:\\\/\\\/folhapopular.info\\\/index.php\\\/2023\\\/05\\\/31\\\/encontro-de-agroecologia-do-vale-do-taquari-reune-dezenas-de-produtores-organicos-em-encantado\\\/\",\"name\":\"Encontro de Agroecologia do Vale do Taquari re\u00fane dezenas de produtores org\u00e2nicos em Encantado\u00a0 - Folha Popular\",\"isPartOf\":{\"@id\":\"https:\\\/\\\/folhapopular.info\\\/#website\"},\"primaryImageOfPage\":{\"@id\":\"https:\\\/\\\/folhapopular.info\\\/index.php\\\/2023\\\/05\\\/31\\\/encontro-de-agroecologia-do-vale-do-taquari-reune-dezenas-de-produtores-organicos-em-encantado\\\/#primaryimage\"},\"image\":{\"@id\":\"https:\\\/\\\/folhapopular.info\\\/index.php\\\/2023\\\/05\\\/31\\\/encontro-de-agroecologia-do-vale-do-taquari-reune-dezenas-de-produtores-organicos-em-encantado\\\/#primaryimage\"},\"thumbnailUrl\":\"https:\\\/\\\/folhapopular.info\\\/wp-content\\\/uploads\\\/2023\\\/05\\\/encontro_regional_agroecologia_encantado-5-scaled.jpg\",\"datePublished\":\"2023-05-31T17:40:42+00:00\",\"dateModified\":\"2023-05-31T17:40:45+00:00\",\"author\":{\"@id\":\"https:\\\/\\\/folhapopular.info\\\/#\\\/schema\\\/person\\\/2814e8a0df7643585a9ca38bc6eb9d4b\"},\"breadcrumb\":{\"@id\":\"https:\\\/\\\/folhapopular.info\\\/index.php\\\/2023\\\/05\\\/31\\\/encontro-de-agroecologia-do-vale-do-taquari-reune-dezenas-de-produtores-organicos-em-encantado\\\/#breadcrumb\"},\"inLanguage\":\"pt-BR\",\"potentialAction\":[{\"@type\":\"ReadAction\",\"target\":[\"https:\\\/\\\/folhapopular.info\\\/index.php\\\/2023\\\/05\\\/31\\\/encontro-de-agroecologia-do-vale-do-taquari-reune-dezenas-de-produtores-organicos-em-encantado\\\/\"]}]},{\"@type\":\"ImageObject\",\"inLanguage\":\"pt-BR\",\"@id\":\"https:\\\/\\\/folhapopular.info\\\/index.php\\\/2023\\\/05\\\/31\\\/encontro-de-agroecologia-do-vale-do-taquari-reune-dezenas-de-produtores-organicos-em-encantado\\\/#primaryimage\",\"url\":\"https:\\\/\\\/folhapopular.info\\\/wp-content\\\/uploads\\\/2023\\\/05\\\/encontro_regional_agroecologia_encantado-5-scaled.jpg\",\"contentUrl\":\"https:\\\/\\\/folhapopular.info\\\/wp-content\\\/uploads\\\/2023\\\/05\\\/encontro_regional_agroecologia_encantado-5-scaled.jpg\",\"width\":2560,\"height\":1706,\"caption\":\"Cr\u00e9ditos: Divulga\u00e7\u00e3o\"},{\"@type\":\"BreadcrumbList\",\"@id\":\"https:\\\/\\\/folhapopular.info\\\/index.php\\\/2023\\\/05\\\/31\\\/encontro-de-agroecologia-do-vale-do-taquari-reune-dezenas-de-produtores-organicos-em-encantado\\\/#breadcrumb\",\"itemListElement\":[{\"@type\":\"ListItem\",\"position\":1,\"name\":\"In\u00edcio\",\"item\":\"https:\\\/\\\/folhapopular.info\\\/\"},{\"@type\":\"ListItem\",\"position\":2,\"name\":\"Encontro de Agroecologia do Vale do Taquari re\u00fane dezenas de produtores org\u00e2nicos em Encantado\u00a0\"}]},{\"@type\":\"WebSite\",\"@id\":\"https:\\\/\\\/folhapopular.info\\\/#website\",\"url\":\"https:\\\/\\\/folhapopular.info\\\/\",\"name\":\"Folha Popular\",\"description\":\"Onde voc\u00ea tem vez e voz\",\"potentialAction\":[{\"@type\":\"SearchAction\",\"target\":{\"@type\":\"EntryPoint\",\"urlTemplate\":\"https:\\\/\\\/folhapopular.info\\\/?s={search_term_string}\"},\"query-input\":{\"@type\":\"PropertyValueSpecification\",\"valueRequired\":true,\"valueName\":\"search_term_string\"}}],\"inLanguage\":\"pt-BR\"},{\"@type\":\"Person\",\"@id\":\"https:\\\/\\\/folhapopular.info\\\/#\\\/schema\\\/person\\\/2814e8a0df7643585a9ca38bc6eb9d4b\",\"name\":\"Reda\u00e7\u00e3o Folha Popular\",\"image\":{\"@type\":\"ImageObject\",\"inLanguage\":\"pt-BR\",\"@id\":\"https:\\\/\\\/folhapopular.info\\\/wp-content\\\/uploads\\\/2026\\\/04\\\/Folha-1.webp\",\"url\":\"https:\\\/\\\/folhapopular.info\\\/wp-content\\\/uploads\\\/2026\\\/04\\\/Folha-1.webp\",\"contentUrl\":\"https:\\\/\\\/folhapopular.info\\\/wp-content\\\/uploads\\\/2026\\\/04\\\/Folha-1.webp\",\"caption\":\"Reda\u00e7\u00e3o Folha Popular\"},\"url\":\"https:\\\/\\\/folhapopular.info\\\/index.php\\\/author\\\/redacao\\\/\"}]}<\/script>\n<!-- \/ Yoast SEO plugin. -->","yoast_head_json":{"title":"Encontro de Agroecologia do Vale do Taquari re\u00fane dezenas de produtores org\u00e2nicos em Encantado\u00a0 - Folha Popular","robots":{"index":"index","follow":"follow","max-snippet":"max-snippet:-1","max-image-preview":"max-image-preview:large","max-video-preview":"max-video-preview:-1"},"canonical":"https:\/\/folhapopular.info\/index.php\/2023\/05\/31\/encontro-de-agroecologia-do-vale-do-taquari-reune-dezenas-de-produtores-organicos-em-encantado\/","og_locale":"pt_BR","og_type":"article","og_title":"Encontro de Agroecologia do Vale do Taquari re\u00fane dezenas de produtores org\u00e2nicos em Encantado\u00a0 - Folha Popular","og_description":"Encantado recebeu, nesta ter\u00e7a-feira (30\/5), o 7\u00ba Encontro de Agroecologia do Vale do Taquari. A atividade foi promovida pela Articula\u00e7\u00e3o em Agroecologia do Vale do Taquari (AAVT), coletivo formado por uma s\u00e9rie de entidades, incluindo a Emater\/RS-Ascar.\u00a0O encontro integrou a Semana Municipal da Agricultura Familiar de Encantado. \u201cA agroecologia n\u00e3o \u00e9 um pacote pronto, ela [&hellip;]","og_url":"https:\/\/folhapopular.info\/index.php\/2023\/05\/31\/encontro-de-agroecologia-do-vale-do-taquari-reune-dezenas-de-produtores-organicos-em-encantado\/","og_site_name":"Folha Popular","article_published_time":"2023-05-31T17:40:42+00:00","article_modified_time":"2023-05-31T17:40:45+00:00","og_image":[{"width":2560,"height":1706,"url":"http:\/\/folhapopular.info\/wp-content\/uploads\/2023\/05\/encontro_regional_agroecologia_encantado-5-scaled.jpg","type":"image\/jpeg"}],"author":"Reda\u00e7\u00e3o Folha Popular","twitter_card":"summary_large_image","twitter_misc":{"Escrito por":"Reda\u00e7\u00e3o Folha Popular","Est. tempo de leitura":"4 minutos"},"schema":{"@context":"https:\/\/schema.org","@graph":[{"@type":"Article","@id":"https:\/\/folhapopular.info\/index.php\/2023\/05\/31\/encontro-de-agroecologia-do-vale-do-taquari-reune-dezenas-de-produtores-organicos-em-encantado\/#article","isPartOf":{"@id":"https:\/\/folhapopular.info\/index.php\/2023\/05\/31\/encontro-de-agroecologia-do-vale-do-taquari-reune-dezenas-de-produtores-organicos-em-encantado\/"},"author":{"name":"Reda\u00e7\u00e3o Folha Popular","@id":"https:\/\/folhapopular.info\/#\/schema\/person\/2814e8a0df7643585a9ca38bc6eb9d4b"},"headline":"Encontro de Agroecologia do Vale do Taquari re\u00fane dezenas de produtores org\u00e2nicos em Encantado\u00a0","datePublished":"2023-05-31T17:40:42+00:00","dateModified":"2023-05-31T17:40:45+00:00","mainEntityOfPage":{"@id":"https:\/\/folhapopular.info\/index.php\/2023\/05\/31\/encontro-de-agroecologia-do-vale-do-taquari-reune-dezenas-de-produtores-organicos-em-encantado\/"},"wordCount":630,"commentCount":0,"image":{"@id":"https:\/\/folhapopular.info\/index.php\/2023\/05\/31\/encontro-de-agroecologia-do-vale-do-taquari-reune-dezenas-de-produtores-organicos-em-encantado\/#primaryimage"},"thumbnailUrl":"https:\/\/folhapopular.info\/wp-content\/uploads\/2023\/05\/encontro_regional_agroecologia_encantado-5-scaled.jpg","keywords":["Agroecologia","Encantado","Encontro de Agroecologia do Vale do Taquari","Vale do Taquari"],"articleSection":["Destaques","Geral","Meio Ambiente"],"inLanguage":"pt-BR","potentialAction":[{"@type":"CommentAction","name":"Comment","target":["https:\/\/folhapopular.info\/index.php\/2023\/05\/31\/encontro-de-agroecologia-do-vale-do-taquari-reune-dezenas-de-produtores-organicos-em-encantado\/#respond"]}]},{"@type":"WebPage","@id":"https:\/\/folhapopular.info\/index.php\/2023\/05\/31\/encontro-de-agroecologia-do-vale-do-taquari-reune-dezenas-de-produtores-organicos-em-encantado\/","url":"https:\/\/folhapopular.info\/index.php\/2023\/05\/31\/encontro-de-agroecologia-do-vale-do-taquari-reune-dezenas-de-produtores-organicos-em-encantado\/","name":"Encontro de Agroecologia do Vale do Taquari re\u00fane dezenas de produtores org\u00e2nicos em Encantado\u00a0 - Folha Popular","isPartOf":{"@id":"https:\/\/folhapopular.info\/#website"},"primaryImageOfPage":{"@id":"https:\/\/folhapopular.info\/index.php\/2023\/05\/31\/encontro-de-agroecologia-do-vale-do-taquari-reune-dezenas-de-produtores-organicos-em-encantado\/#primaryimage"},"image":{"@id":"https:\/\/folhapopular.info\/index.php\/2023\/05\/31\/encontro-de-agroecologia-do-vale-do-taquari-reune-dezenas-de-produtores-organicos-em-encantado\/#primaryimage"},"thumbnailUrl":"https:\/\/folhapopular.info\/wp-content\/uploads\/2023\/05\/encontro_regional_agroecologia_encantado-5-scaled.jpg","datePublished":"2023-05-31T17:40:42+00:00","dateModified":"2023-05-31T17:40:45+00:00","author":{"@id":"https:\/\/folhapopular.info\/#\/schema\/person\/2814e8a0df7643585a9ca38bc6eb9d4b"},"breadcrumb":{"@id":"https:\/\/folhapopular.info\/index.php\/2023\/05\/31\/encontro-de-agroecologia-do-vale-do-taquari-reune-dezenas-de-produtores-organicos-em-encantado\/#breadcrumb"},"inLanguage":"pt-BR","potentialAction":[{"@type":"ReadAction","target":["https:\/\/folhapopular.info\/index.php\/2023\/05\/31\/encontro-de-agroecologia-do-vale-do-taquari-reune-dezenas-de-produtores-organicos-em-encantado\/"]}]},{"@type":"ImageObject","inLanguage":"pt-BR","@id":"https:\/\/folhapopular.info\/index.php\/2023\/05\/31\/encontro-de-agroecologia-do-vale-do-taquari-reune-dezenas-de-produtores-organicos-em-encantado\/#primaryimage","url":"https:\/\/folhapopular.info\/wp-content\/uploads\/2023\/05\/encontro_regional_agroecologia_encantado-5-scaled.jpg","contentUrl":"https:\/\/folhapopular.info\/wp-content\/uploads\/2023\/05\/encontro_regional_agroecologia_encantado-5-scaled.jpg","width":2560,"height":1706,"caption":"Cr\u00e9ditos: Divulga\u00e7\u00e3o"},{"@type":"BreadcrumbList","@id":"https:\/\/folhapopular.info\/index.php\/2023\/05\/31\/encontro-de-agroecologia-do-vale-do-taquari-reune-dezenas-de-produtores-organicos-em-encantado\/#breadcrumb","itemListElement":[{"@type":"ListItem","position":1,"name":"In\u00edcio","item":"https:\/\/folhapopular.info\/"},{"@type":"ListItem","position":2,"name":"Encontro de Agroecologia do Vale do Taquari re\u00fane dezenas de produtores org\u00e2nicos em Encantado\u00a0"}]},{"@type":"WebSite","@id":"https:\/\/folhapopular.info\/#website","url":"https:\/\/folhapopular.info\/","name":"Folha Popular","description":"Onde voc\u00ea tem vez e voz","potentialAction":[{"@type":"SearchAction","target":{"@type":"EntryPoint","urlTemplate":"https:\/\/folhapopular.info\/?s={search_term_string}"},"query-input":{"@type":"PropertyValueSpecification","valueRequired":true,"valueName":"search_term_string"}}],"inLanguage":"pt-BR"},{"@type":"Person","@id":"https:\/\/folhapopular.info\/#\/schema\/person\/2814e8a0df7643585a9ca38bc6eb9d4b","name":"Reda\u00e7\u00e3o Folha Popular","image":{"@type":"ImageObject","inLanguage":"pt-BR","@id":"https:\/\/folhapopular.info\/wp-content\/uploads\/2026\/04\/Folha-1.webp","url":"https:\/\/folhapopular.info\/wp-content\/uploads\/2026\/04\/Folha-1.webp","contentUrl":"https:\/\/folhapopular.info\/wp-content\/uploads\/2026\/04\/Folha-1.webp","caption":"Reda\u00e7\u00e3o Folha Popular"},"url":"https:\/\/folhapopular.info\/index.php\/author\/redacao\/"}]}},"jetpack_featured_media_url":"https:\/\/folhapopular.info\/wp-content\/uploads\/2023\/05\/encontro_regional_agroecologia_encantado-5-scaled.jpg","jetpack_sharing_enabled":true,"amp_enabled":true,"_links":{"self":[{"href":"https:\/\/folhapopular.info\/index.php\/wp-json\/wp\/v2\/posts\/128698","targetHints":{"allow":["GET"]}}],"collection":[{"href":"https:\/\/folhapopular.info\/index.php\/wp-json\/wp\/v2\/posts"}],"about":[{"href":"https:\/\/folhapopular.info\/index.php\/wp-json\/wp\/v2\/types\/post"}],"author":[{"embeddable":true,"href":"https:\/\/folhapopular.info\/index.php\/wp-json\/wp\/v2\/users\/8"}],"replies":[{"embeddable":true,"href":"https:\/\/folhapopular.info\/index.php\/wp-json\/wp\/v2\/comments?post=128698"}],"version-history":[{"count":0,"href":"https:\/\/folhapopular.info\/index.php\/wp-json\/wp\/v2\/posts\/128698\/revisions"}],"wp:featuredmedia":[{"embeddable":true,"href":"https:\/\/folhapopular.info\/index.php\/wp-json\/wp\/v2\/media\/128699"}],"wp:attachment":[{"href":"https:\/\/folhapopular.info\/index.php\/wp-json\/wp\/v2\/media?parent=128698"}],"wp:term":[{"taxonomy":"category","embeddable":true,"href":"https:\/\/folhapopular.info\/index.php\/wp-json\/wp\/v2\/categories?post=128698"},{"taxonomy":"post_tag","embeddable":true,"href":"https:\/\/folhapopular.info\/index.php\/wp-json\/wp\/v2\/tags?post=128698"}],"curies":[{"name":"wp","href":"https:\/\/api.w.org\/{rel}","templated":true}]}}