{"id":128809,"date":"2023-06-03T06:51:00","date_gmt":"2023-06-03T09:51:00","guid":{"rendered":"https:\/\/folhapopular.info\/?p=128809"},"modified":"2023-06-02T16:28:48","modified_gmt":"2023-06-02T19:28:48","slug":"projeto-vet-na-rua-atende-mais-de-100-animais-em-regioes-de-vulnerabilidade-social-de-teutonia","status":"publish","type":"post","link":"https:\/\/folhapopular.info\/index.php\/2023\/06\/03\/projeto-vet-na-rua-atende-mais-de-100-animais-em-regioes-de-vulnerabilidade-social-de-teutonia\/","title":{"rendered":"Projeto Vet na Rua atende mais de 100 animais em regi\u00f5es de vulnerabilidade social de Teut\u00f4nia"},"content":{"rendered":"\n<p>Promover atendimento humanit\u00e1rio para animais em regi\u00f5es de vulnerabilidade social. Este \u00e9 o prop\u00f3sito do projeto Vet na Rua, idealizado pela m\u00e9dica veterin\u00e1ria Yasmin Cunha em parceria com o grupo de prote\u00e7\u00e3o animal Patas Solid\u00e1rias, de Teut\u00f4nia. A proposta tem como foco a preven\u00e7\u00e3o de doen\u00e7as e o bem-estar animal, por meio de campanhas de vacina\u00e7\u00e3o e controle de endo e ectoparasitas. Ainda, busca incentivar o controle populacional de animais e controle de zoonoses (doen\u00e7as que podem passar dos animais para as pessoas).<\/p>\n\n\n\n<p>O projeto \u00e9 inspirado no &#8220;M\u00e9dicos Veterin\u00e1rios de Rua&#8221;, que \u00e9 uma extens\u00e3o da ONG M\u00e9dicos do Mundo. Segundo Yasmin, promover a sa\u00fade e bem-estar animal tamb\u00e9m \u00e9 promover a sa\u00fade p\u00fablica, j\u00e1 que ambos convivem diretamente. \u201cNo m\u00eas de maio tivemos dois fins de semana de a\u00e7\u00e3o, em que vacinamos e vermifugamos mais de 100 c\u00e3es. Come\u00e7amos pelo Loteamento 8 e Morada do Sol, no Bairro Canabarro, devido ao grande n\u00famero de animais abandonados ou semi-domiciliados. Ap\u00f3s breve avalia\u00e7\u00e3o veterin\u00e1ria, s\u00e3o aplicadas vacina polivalente importada, verm\u00edfugos e antipulgas nos c\u00e3es\u201d, cita.<\/p>\n\n\n\n<h2 class=\"wp-block-heading\"><strong>Pr\u00f3ximos passos<\/strong><\/h2>\n\n\n\n<p>Yasmin explica que as a\u00e7\u00f5es ser\u00e3o sempre mensais, por\u00e9m o n\u00famero de animais atendidos varia, uma vez que o projeto depende de doa\u00e7\u00f5es. \u201cIremos sempre divulgar as datas e locais das a\u00e7\u00f5es com anteced\u00eancia. Seguimos em busca de empresas ou parceiros que queiram apoiar o projeto. Com as doa\u00e7\u00f5es que rebemos, conseguimos comprar uma caixa de vacina polivalente (25 doses), que ser\u00e3o usadas na pr\u00f3xima a\u00e7\u00e3o, a ser realizada em 17 e 18 de junho, para fazer o refor\u00e7o nos animais vacinados. Precisamos ainda de mais doses para aplica\u00e7\u00e3o nos demais\u201d, cita. O grupo tamb\u00e9m recebeu doa\u00e7\u00e3o de 13 microchips, que ser\u00e3o implantados nos animais na oportunidade.<\/p>\n\n\n\n<p>O projeto teve apoio ainda da m\u00e9dica veterin\u00e1ria J\u00e9ssica Chusanni e das auxiliares de veterin\u00e1ria Brenda Martins, Lais Flores e Cristiani Cardoso, bem como dos protetores do Patas Solid\u00e1rias Berta Barbosa, Aline Larssen, Alici Feyh, Let\u00edcia Gomes e Elizio Sales.<\/p>\n\n\n\n<figure class=\"wp-block-image size-large is-resized\"><img loading=\"lazy\" decoding=\"async\" src=\"https:\/\/folhapopular.info\/wp-content\/uploads\/2023\/06\/foto-1_DIV-1024x768.jpeg\" alt=\"\" class=\"wp-image-128820\" width=\"673\" height=\"519\"\/><figcaption class=\"wp-element-caption\">Cr\u00e9ditos: Divulga\u00e7\u00e3o<\/figcaption><\/figure>\n\n\n\n<p>Conforme Alici, os moradores tamb\u00e9m receberam carteira de vacina\u00e7\u00e3o dos animais e assinaram termos. \u201cNosso projeto \u00e9 s\u00e9rio e impacta na sa\u00fade p\u00fablica do munic\u00edpio. A vacina\u00e7\u00e3o protege e, junto com a castra\u00e7\u00e3o, \u00e9 nosso objetivo primordial. Todos nos recepcionaram muito bem\u201d, comenta.<\/p>\n\n\n\n<p>Ela, que tamb\u00e9m \u00e9 vice-diretora e professora da Emef 24 de Maio, cita que a escola possui fichas gratuitas para castra\u00e7\u00e3o de animais pelo Munic\u00edpio. \u201cO grupo tamb\u00e9m tem parceria a baixo custo com uma veterin\u00e1ria para esteriliza\u00e7\u00e3o de c\u00e3es e gatos\u201d, sinaliza.<br>O projeto aceita doa\u00e7\u00f5es de medicamentos e valores em dinheiro, que podem ser feitos via PIX para o CNPJ do grupo, 28.325.076\/0001-06.<\/p>\n\n\n\n<p>Confira a entrevista completa com Yasmin Cunha e Alici Feyh:<\/p>\n\n\n\n<figure class=\"wp-block-embed is-type-video is-provider-youtube wp-block-embed-youtube wp-embed-aspect-16-9 wp-has-aspect-ratio\"><div class=\"wp-block-embed__wrapper\">\n<div class=\"youtube-embed\" data-video_id=\"WhfhUhzMQ0M\"><iframe loading=\"lazy\" title=\"Projeto Vet na Rua do Grupo Patas Solid\u00e1rias\" width=\"696\" height=\"392\" src=\"https:\/\/www.youtube.com\/embed\/WhfhUhzMQ0M?feature=oembed&#038;enablejsapi=1\" frameborder=\"0\" allow=\"accelerometer; autoplay; clipboard-write; encrypted-media; gyroscope; picture-in-picture; web-share\" allowfullscreen><\/iframe><\/div>\n<\/div><\/figure>\n","protected":false},"excerpt":{"rendered":"<p>Promover atendimento humanit\u00e1rio para animais em regi\u00f5es de vulnerabilidade social. Este \u00e9 o prop\u00f3sito do projeto Vet na Rua, idealizado pela m\u00e9dica veterin\u00e1ria Yasmin Cunha em parceria com o grupo de prote\u00e7\u00e3o animal Patas Solid\u00e1rias, de Teut\u00f4nia. A proposta tem como foco a preven\u00e7\u00e3o de doen\u00e7as e o bem-estar animal, por meio de campanhas de [&hellip;]<\/p>\n","protected":false},"author":639,"featured_media":128818,"comment_status":"open","ping_status":"open","sticky":false,"template":"","format":"standard","meta":{"pmpro_default_level":"","_jetpack_memberships_contains_paid_content":false,"footnotes":""},"categories":[2,6],"tags":[216,5011,3311,2645,12352,12353,26,10928],"class_list":{"0":"post-128809","1":"post","2":"type-post","3":"status-publish","4":"format-standard","5":"has-post-thumbnail","7":"category-featured","8":"category-inclusive","9":"tag-bairro-canabarro","10":"tag-grupo-patas-solidarias","11":"tag-loteamento-8","12":"tag-morada-do-sol","13":"tag-projeto-vet-na-rua","14":"tag-saude-animal","15":"tag-teutonia","16":"tag-vulnerabilidade-social","17":"pmpro-has-access"},"yoast_head":"<!-- This site is optimized with the Yoast SEO plugin v27.5 - https:\/\/yoast.com\/product\/yoast-seo-wordpress\/ -->\n<title>Projeto Vet na Rua atende mais de 100 animais em regi\u00f5es de vulnerabilidade social de Teut\u00f4nia - Folha Popular<\/title>\n<meta name=\"robots\" content=\"index, follow, max-snippet:-1, max-image-preview:large, max-video-preview:-1\" \/>\n<link rel=\"canonical\" href=\"https:\/\/folhapopular.info\/index.php\/2023\/06\/03\/projeto-vet-na-rua-atende-mais-de-100-animais-em-regioes-de-vulnerabilidade-social-de-teutonia\/\" \/>\n<meta property=\"og:locale\" content=\"pt_BR\" \/>\n<meta property=\"og:type\" content=\"article\" \/>\n<meta property=\"og:title\" content=\"Projeto Vet na Rua atende mais de 100 animais em regi\u00f5es de vulnerabilidade social de Teut\u00f4nia - Folha Popular\" \/>\n<meta property=\"og:description\" content=\"Promover atendimento humanit\u00e1rio para animais em regi\u00f5es de vulnerabilidade social. Este \u00e9 o prop\u00f3sito do projeto Vet na Rua, idealizado pela m\u00e9dica veterin\u00e1ria Yasmin Cunha em parceria com o grupo de prote\u00e7\u00e3o animal Patas Solid\u00e1rias, de Teut\u00f4nia. A proposta tem como foco a preven\u00e7\u00e3o de doen\u00e7as e o bem-estar animal, por meio de campanhas de [&hellip;]\" \/>\n<meta property=\"og:url\" content=\"https:\/\/folhapopular.info\/index.php\/2023\/06\/03\/projeto-vet-na-rua-atende-mais-de-100-animais-em-regioes-de-vulnerabilidade-social-de-teutonia\/\" \/>\n<meta property=\"og:site_name\" content=\"Folha Popular\" \/>\n<meta property=\"article:published_time\" content=\"2023-06-03T09:51:00+00:00\" \/>\n<meta property=\"og:image\" content=\"https:\/\/folhapopular.info\/wp-content\/uploads\/2023\/06\/foto-3_DIV-e1685733835698.jpeg\" \/>\n\t<meta property=\"og:image:width\" content=\"960\" \/>\n\t<meta property=\"og:image:height\" content=\"601\" \/>\n\t<meta property=\"og:image:type\" content=\"image\/jpeg\" \/>\n<meta name=\"author\" content=\"Camille Lenz da Silva\" \/>\n<meta name=\"twitter:card\" content=\"summary_large_image\" \/>\n<meta name=\"twitter:label1\" content=\"Escrito por\" \/>\n\t<meta name=\"twitter:data1\" content=\"Camille Lenz da Silva\" \/>\n\t<meta name=\"twitter:label2\" content=\"Est. tempo de leitura\" \/>\n\t<meta name=\"twitter:data2\" content=\"3 minutos\" \/>\n<script type=\"application\/ld+json\" class=\"yoast-schema-graph\">{\"@context\":\"https:\\\/\\\/schema.org\",\"@graph\":[{\"@type\":\"Article\",\"@id\":\"https:\\\/\\\/folhapopular.info\\\/index.php\\\/2023\\\/06\\\/03\\\/projeto-vet-na-rua-atende-mais-de-100-animais-em-regioes-de-vulnerabilidade-social-de-teutonia\\\/#article\",\"isPartOf\":{\"@id\":\"https:\\\/\\\/folhapopular.info\\\/index.php\\\/2023\\\/06\\\/03\\\/projeto-vet-na-rua-atende-mais-de-100-animais-em-regioes-de-vulnerabilidade-social-de-teutonia\\\/\"},\"author\":{\"name\":\"Camille Lenz da Silva\",\"@id\":\"https:\\\/\\\/folhapopular.info\\\/#\\\/schema\\\/person\\\/f0b811f932ef2505faf473ffaef49df5\"},\"headline\":\"Projeto Vet na Rua atende mais de 100 animais em regi\u00f5es de vulnerabilidade social de Teut\u00f4nia\",\"datePublished\":\"2023-06-03T09:51:00+00:00\",\"mainEntityOfPage\":{\"@id\":\"https:\\\/\\\/folhapopular.info\\\/index.php\\\/2023\\\/06\\\/03\\\/projeto-vet-na-rua-atende-mais-de-100-animais-em-regioes-de-vulnerabilidade-social-de-teutonia\\\/\"},\"wordCount\":527,\"commentCount\":0,\"image\":{\"@id\":\"https:\\\/\\\/folhapopular.info\\\/index.php\\\/2023\\\/06\\\/03\\\/projeto-vet-na-rua-atende-mais-de-100-animais-em-regioes-de-vulnerabilidade-social-de-teutonia\\\/#primaryimage\"},\"thumbnailUrl\":\"https:\\\/\\\/folhapopular.info\\\/wp-content\\\/uploads\\\/2023\\\/06\\\/foto-3_DIV-e1685733835698.jpeg\",\"keywords\":[\"Bairro Canabarro\",\"Grupo Patas Solid\u00e1rias\",\"Loteamento 8\",\"Morada do Sol\",\"projeto vet na rua\",\"sa\u00fade animal\",\"Teut\u00f4nia\",\"Vulnerabilidade social\"],\"articleSection\":[\"Destaques\",\"Inclusive\"],\"inLanguage\":\"pt-BR\",\"potentialAction\":[{\"@type\":\"CommentAction\",\"name\":\"Comment\",\"target\":[\"https:\\\/\\\/folhapopular.info\\\/index.php\\\/2023\\\/06\\\/03\\\/projeto-vet-na-rua-atende-mais-de-100-animais-em-regioes-de-vulnerabilidade-social-de-teutonia\\\/#respond\"]}]},{\"@type\":\"WebPage\",\"@id\":\"https:\\\/\\\/folhapopular.info\\\/index.php\\\/2023\\\/06\\\/03\\\/projeto-vet-na-rua-atende-mais-de-100-animais-em-regioes-de-vulnerabilidade-social-de-teutonia\\\/\",\"url\":\"https:\\\/\\\/folhapopular.info\\\/index.php\\\/2023\\\/06\\\/03\\\/projeto-vet-na-rua-atende-mais-de-100-animais-em-regioes-de-vulnerabilidade-social-de-teutonia\\\/\",\"name\":\"Projeto Vet na Rua atende mais de 100 animais em regi\u00f5es de vulnerabilidade social de Teut\u00f4nia - Folha Popular\",\"isPartOf\":{\"@id\":\"https:\\\/\\\/folhapopular.info\\\/#website\"},\"primaryImageOfPage\":{\"@id\":\"https:\\\/\\\/folhapopular.info\\\/index.php\\\/2023\\\/06\\\/03\\\/projeto-vet-na-rua-atende-mais-de-100-animais-em-regioes-de-vulnerabilidade-social-de-teutonia\\\/#primaryimage\"},\"image\":{\"@id\":\"https:\\\/\\\/folhapopular.info\\\/index.php\\\/2023\\\/06\\\/03\\\/projeto-vet-na-rua-atende-mais-de-100-animais-em-regioes-de-vulnerabilidade-social-de-teutonia\\\/#primaryimage\"},\"thumbnailUrl\":\"https:\\\/\\\/folhapopular.info\\\/wp-content\\\/uploads\\\/2023\\\/06\\\/foto-3_DIV-e1685733835698.jpeg\",\"datePublished\":\"2023-06-03T09:51:00+00:00\",\"author\":{\"@id\":\"https:\\\/\\\/folhapopular.info\\\/#\\\/schema\\\/person\\\/f0b811f932ef2505faf473ffaef49df5\"},\"breadcrumb\":{\"@id\":\"https:\\\/\\\/folhapopular.info\\\/index.php\\\/2023\\\/06\\\/03\\\/projeto-vet-na-rua-atende-mais-de-100-animais-em-regioes-de-vulnerabilidade-social-de-teutonia\\\/#breadcrumb\"},\"inLanguage\":\"pt-BR\",\"potentialAction\":[{\"@type\":\"ReadAction\",\"target\":[\"https:\\\/\\\/folhapopular.info\\\/index.php\\\/2023\\\/06\\\/03\\\/projeto-vet-na-rua-atende-mais-de-100-animais-em-regioes-de-vulnerabilidade-social-de-teutonia\\\/\"]}]},{\"@type\":\"ImageObject\",\"inLanguage\":\"pt-BR\",\"@id\":\"https:\\\/\\\/folhapopular.info\\\/index.php\\\/2023\\\/06\\\/03\\\/projeto-vet-na-rua-atende-mais-de-100-animais-em-regioes-de-vulnerabilidade-social-de-teutonia\\\/#primaryimage\",\"url\":\"https:\\\/\\\/folhapopular.info\\\/wp-content\\\/uploads\\\/2023\\\/06\\\/foto-3_DIV-e1685733835698.jpeg\",\"contentUrl\":\"https:\\\/\\\/folhapopular.info\\\/wp-content\\\/uploads\\\/2023\\\/06\\\/foto-3_DIV-e1685733835698.jpeg\",\"width\":960,\"height\":601,\"caption\":\"Auxiliares de Veterin\u00e1ria durante a\u00e7\u00e3o. Cr\u00e9ditos: Divulga\u00e7\u00e3o\"},{\"@type\":\"BreadcrumbList\",\"@id\":\"https:\\\/\\\/folhapopular.info\\\/index.php\\\/2023\\\/06\\\/03\\\/projeto-vet-na-rua-atende-mais-de-100-animais-em-regioes-de-vulnerabilidade-social-de-teutonia\\\/#breadcrumb\",\"itemListElement\":[{\"@type\":\"ListItem\",\"position\":1,\"name\":\"In\u00edcio\",\"item\":\"https:\\\/\\\/folhapopular.info\\\/\"},{\"@type\":\"ListItem\",\"position\":2,\"name\":\"Projeto Vet na Rua atende mais de 100 animais em regi\u00f5es de vulnerabilidade social de Teut\u00f4nia\"}]},{\"@type\":\"WebSite\",\"@id\":\"https:\\\/\\\/folhapopular.info\\\/#website\",\"url\":\"https:\\\/\\\/folhapopular.info\\\/\",\"name\":\"Folha Popular\",\"description\":\"Onde voc\u00ea tem vez e voz\",\"potentialAction\":[{\"@type\":\"SearchAction\",\"target\":{\"@type\":\"EntryPoint\",\"urlTemplate\":\"https:\\\/\\\/folhapopular.info\\\/?s={search_term_string}\"},\"query-input\":{\"@type\":\"PropertyValueSpecification\",\"valueRequired\":true,\"valueName\":\"search_term_string\"}}],\"inLanguage\":\"pt-BR\"},{\"@type\":\"Person\",\"@id\":\"https:\\\/\\\/folhapopular.info\\\/#\\\/schema\\\/person\\\/f0b811f932ef2505faf473ffaef49df5\",\"name\":\"Camille Lenz da Silva\",\"image\":{\"@type\":\"ImageObject\",\"inLanguage\":\"pt-BR\",\"@id\":\"https:\\\/\\\/secure.gravatar.com\\\/avatar\\\/50be826d73ca259ec0e0a88a407f5de800c576c46cfdc57e50ef28551e216fff?s=96&d=mm&r=g\",\"url\":\"https:\\\/\\\/secure.gravatar.com\\\/avatar\\\/50be826d73ca259ec0e0a88a407f5de800c576c46cfdc57e50ef28551e216fff?s=96&d=mm&r=g\",\"contentUrl\":\"https:\\\/\\\/secure.gravatar.com\\\/avatar\\\/50be826d73ca259ec0e0a88a407f5de800c576c46cfdc57e50ef28551e216fff?s=96&d=mm&r=g\",\"caption\":\"Camille Lenz da Silva\"},\"url\":\"https:\\\/\\\/folhapopular.info\\\/index.php\\\/author\\\/camillelenzgmail-com\\\/\"}]}<\/script>\n<!-- \/ Yoast SEO plugin. -->","yoast_head_json":{"title":"Projeto Vet na Rua atende mais de 100 animais em regi\u00f5es de vulnerabilidade social de Teut\u00f4nia - Folha Popular","robots":{"index":"index","follow":"follow","max-snippet":"max-snippet:-1","max-image-preview":"max-image-preview:large","max-video-preview":"max-video-preview:-1"},"canonical":"https:\/\/folhapopular.info\/index.php\/2023\/06\/03\/projeto-vet-na-rua-atende-mais-de-100-animais-em-regioes-de-vulnerabilidade-social-de-teutonia\/","og_locale":"pt_BR","og_type":"article","og_title":"Projeto Vet na Rua atende mais de 100 animais em regi\u00f5es de vulnerabilidade social de Teut\u00f4nia - Folha Popular","og_description":"Promover atendimento humanit\u00e1rio para animais em regi\u00f5es de vulnerabilidade social. Este \u00e9 o prop\u00f3sito do projeto Vet na Rua, idealizado pela m\u00e9dica veterin\u00e1ria Yasmin Cunha em parceria com o grupo de prote\u00e7\u00e3o animal Patas Solid\u00e1rias, de Teut\u00f4nia. A proposta tem como foco a preven\u00e7\u00e3o de doen\u00e7as e o bem-estar animal, por meio de campanhas de [&hellip;]","og_url":"https:\/\/folhapopular.info\/index.php\/2023\/06\/03\/projeto-vet-na-rua-atende-mais-de-100-animais-em-regioes-de-vulnerabilidade-social-de-teutonia\/","og_site_name":"Folha Popular","article_published_time":"2023-06-03T09:51:00+00:00","og_image":[{"width":960,"height":601,"url":"https:\/\/folhapopular.info\/wp-content\/uploads\/2023\/06\/foto-3_DIV-e1685733835698.jpeg","type":"image\/jpeg"}],"author":"Camille Lenz da Silva","twitter_card":"summary_large_image","twitter_misc":{"Escrito por":"Camille Lenz da Silva","Est. tempo de leitura":"3 minutos"},"schema":{"@context":"https:\/\/schema.org","@graph":[{"@type":"Article","@id":"https:\/\/folhapopular.info\/index.php\/2023\/06\/03\/projeto-vet-na-rua-atende-mais-de-100-animais-em-regioes-de-vulnerabilidade-social-de-teutonia\/#article","isPartOf":{"@id":"https:\/\/folhapopular.info\/index.php\/2023\/06\/03\/projeto-vet-na-rua-atende-mais-de-100-animais-em-regioes-de-vulnerabilidade-social-de-teutonia\/"},"author":{"name":"Camille Lenz da Silva","@id":"https:\/\/folhapopular.info\/#\/schema\/person\/f0b811f932ef2505faf473ffaef49df5"},"headline":"Projeto Vet na Rua atende mais de 100 animais em regi\u00f5es de vulnerabilidade social de Teut\u00f4nia","datePublished":"2023-06-03T09:51:00+00:00","mainEntityOfPage":{"@id":"https:\/\/folhapopular.info\/index.php\/2023\/06\/03\/projeto-vet-na-rua-atende-mais-de-100-animais-em-regioes-de-vulnerabilidade-social-de-teutonia\/"},"wordCount":527,"commentCount":0,"image":{"@id":"https:\/\/folhapopular.info\/index.php\/2023\/06\/03\/projeto-vet-na-rua-atende-mais-de-100-animais-em-regioes-de-vulnerabilidade-social-de-teutonia\/#primaryimage"},"thumbnailUrl":"https:\/\/folhapopular.info\/wp-content\/uploads\/2023\/06\/foto-3_DIV-e1685733835698.jpeg","keywords":["Bairro Canabarro","Grupo Patas Solid\u00e1rias","Loteamento 8","Morada do Sol","projeto vet na rua","sa\u00fade animal","Teut\u00f4nia","Vulnerabilidade social"],"articleSection":["Destaques","Inclusive"],"inLanguage":"pt-BR","potentialAction":[{"@type":"CommentAction","name":"Comment","target":["https:\/\/folhapopular.info\/index.php\/2023\/06\/03\/projeto-vet-na-rua-atende-mais-de-100-animais-em-regioes-de-vulnerabilidade-social-de-teutonia\/#respond"]}]},{"@type":"WebPage","@id":"https:\/\/folhapopular.info\/index.php\/2023\/06\/03\/projeto-vet-na-rua-atende-mais-de-100-animais-em-regioes-de-vulnerabilidade-social-de-teutonia\/","url":"https:\/\/folhapopular.info\/index.php\/2023\/06\/03\/projeto-vet-na-rua-atende-mais-de-100-animais-em-regioes-de-vulnerabilidade-social-de-teutonia\/","name":"Projeto Vet na Rua atende mais de 100 animais em regi\u00f5es de vulnerabilidade social de Teut\u00f4nia - Folha Popular","isPartOf":{"@id":"https:\/\/folhapopular.info\/#website"},"primaryImageOfPage":{"@id":"https:\/\/folhapopular.info\/index.php\/2023\/06\/03\/projeto-vet-na-rua-atende-mais-de-100-animais-em-regioes-de-vulnerabilidade-social-de-teutonia\/#primaryimage"},"image":{"@id":"https:\/\/folhapopular.info\/index.php\/2023\/06\/03\/projeto-vet-na-rua-atende-mais-de-100-animais-em-regioes-de-vulnerabilidade-social-de-teutonia\/#primaryimage"},"thumbnailUrl":"https:\/\/folhapopular.info\/wp-content\/uploads\/2023\/06\/foto-3_DIV-e1685733835698.jpeg","datePublished":"2023-06-03T09:51:00+00:00","author":{"@id":"https:\/\/folhapopular.info\/#\/schema\/person\/f0b811f932ef2505faf473ffaef49df5"},"breadcrumb":{"@id":"https:\/\/folhapopular.info\/index.php\/2023\/06\/03\/projeto-vet-na-rua-atende-mais-de-100-animais-em-regioes-de-vulnerabilidade-social-de-teutonia\/#breadcrumb"},"inLanguage":"pt-BR","potentialAction":[{"@type":"ReadAction","target":["https:\/\/folhapopular.info\/index.php\/2023\/06\/03\/projeto-vet-na-rua-atende-mais-de-100-animais-em-regioes-de-vulnerabilidade-social-de-teutonia\/"]}]},{"@type":"ImageObject","inLanguage":"pt-BR","@id":"https:\/\/folhapopular.info\/index.php\/2023\/06\/03\/projeto-vet-na-rua-atende-mais-de-100-animais-em-regioes-de-vulnerabilidade-social-de-teutonia\/#primaryimage","url":"https:\/\/folhapopular.info\/wp-content\/uploads\/2023\/06\/foto-3_DIV-e1685733835698.jpeg","contentUrl":"https:\/\/folhapopular.info\/wp-content\/uploads\/2023\/06\/foto-3_DIV-e1685733835698.jpeg","width":960,"height":601,"caption":"Auxiliares de Veterin\u00e1ria durante a\u00e7\u00e3o. Cr\u00e9ditos: Divulga\u00e7\u00e3o"},{"@type":"BreadcrumbList","@id":"https:\/\/folhapopular.info\/index.php\/2023\/06\/03\/projeto-vet-na-rua-atende-mais-de-100-animais-em-regioes-de-vulnerabilidade-social-de-teutonia\/#breadcrumb","itemListElement":[{"@type":"ListItem","position":1,"name":"In\u00edcio","item":"https:\/\/folhapopular.info\/"},{"@type":"ListItem","position":2,"name":"Projeto Vet na Rua atende mais de 100 animais em regi\u00f5es de vulnerabilidade social de Teut\u00f4nia"}]},{"@type":"WebSite","@id":"https:\/\/folhapopular.info\/#website","url":"https:\/\/folhapopular.info\/","name":"Folha Popular","description":"Onde voc\u00ea tem vez e voz","potentialAction":[{"@type":"SearchAction","target":{"@type":"EntryPoint","urlTemplate":"https:\/\/folhapopular.info\/?s={search_term_string}"},"query-input":{"@type":"PropertyValueSpecification","valueRequired":true,"valueName":"search_term_string"}}],"inLanguage":"pt-BR"},{"@type":"Person","@id":"https:\/\/folhapopular.info\/#\/schema\/person\/f0b811f932ef2505faf473ffaef49df5","name":"Camille Lenz da Silva","image":{"@type":"ImageObject","inLanguage":"pt-BR","@id":"https:\/\/secure.gravatar.com\/avatar\/50be826d73ca259ec0e0a88a407f5de800c576c46cfdc57e50ef28551e216fff?s=96&d=mm&r=g","url":"https:\/\/secure.gravatar.com\/avatar\/50be826d73ca259ec0e0a88a407f5de800c576c46cfdc57e50ef28551e216fff?s=96&d=mm&r=g","contentUrl":"https:\/\/secure.gravatar.com\/avatar\/50be826d73ca259ec0e0a88a407f5de800c576c46cfdc57e50ef28551e216fff?s=96&d=mm&r=g","caption":"Camille Lenz da Silva"},"url":"https:\/\/folhapopular.info\/index.php\/author\/camillelenzgmail-com\/"}]}},"jetpack_featured_media_url":"https:\/\/folhapopular.info\/wp-content\/uploads\/2023\/06\/foto-3_DIV-e1685733835698.jpeg","jetpack_sharing_enabled":true,"amp_enabled":true,"_links":{"self":[{"href":"https:\/\/folhapopular.info\/index.php\/wp-json\/wp\/v2\/posts\/128809","targetHints":{"allow":["GET"]}}],"collection":[{"href":"https:\/\/folhapopular.info\/index.php\/wp-json\/wp\/v2\/posts"}],"about":[{"href":"https:\/\/folhapopular.info\/index.php\/wp-json\/wp\/v2\/types\/post"}],"author":[{"embeddable":true,"href":"https:\/\/folhapopular.info\/index.php\/wp-json\/wp\/v2\/users\/639"}],"replies":[{"embeddable":true,"href":"https:\/\/folhapopular.info\/index.php\/wp-json\/wp\/v2\/comments?post=128809"}],"version-history":[{"count":0,"href":"https:\/\/folhapopular.info\/index.php\/wp-json\/wp\/v2\/posts\/128809\/revisions"}],"wp:featuredmedia":[{"embeddable":true,"href":"https:\/\/folhapopular.info\/index.php\/wp-json\/wp\/v2\/media\/128818"}],"wp:attachment":[{"href":"https:\/\/folhapopular.info\/index.php\/wp-json\/wp\/v2\/media?parent=128809"}],"wp:term":[{"taxonomy":"category","embeddable":true,"href":"https:\/\/folhapopular.info\/index.php\/wp-json\/wp\/v2\/categories?post=128809"},{"taxonomy":"post_tag","embeddable":true,"href":"https:\/\/folhapopular.info\/index.php\/wp-json\/wp\/v2\/tags?post=128809"}],"curies":[{"name":"wp","href":"https:\/\/api.w.org\/{rel}","templated":true}]}}