{"id":128982,"date":"2023-05-26T15:38:00","date_gmt":"2023-05-26T18:38:00","guid":{"rendered":"https:\/\/folhapopular.info\/?p=128982"},"modified":"2023-06-05T10:43:49","modified_gmt":"2023-06-05T13:43:49","slug":"representantes-do-g7-debatem-proposta-de-estatuto-e-unem-esforcos-para-fortalecer-demandas","status":"publish","type":"post","link":"https:\/\/folhapopular.info\/index.php\/2023\/05\/26\/representantes-do-g7-debatem-proposta-de-estatuto-e-unem-esforcos-para-fortalecer-demandas\/","title":{"rendered":"Representantes do G7 debatem proposta de estatuto e unem esfor\u00e7os para fortalecer demandas"},"content":{"rendered":"\n<p>Integrantes do grupo G7 \u2013 que engloba Colinas, Westf\u00e1lia, Teut\u00f4nia, Paverama, Fazenda Vilanova, Imigrante e Po\u00e7o das Antas &#8211; se reuniram na manh\u00e3 desta sexta-feira (26\/5) para mais uma reuni\u00e3o. O momento foi realizado em Colinas, no estabelecimento Corvo Esporte Bar.<\/p>\n\n\n\n<p>Na oportunidade, houve a apresenta\u00e7\u00e3o dos membros da MR Arquitetura da Paisagem Ltda, de Gramado, que abordaram sua metodologia de trabalho e se puseram \u00e0 disposi\u00e7\u00e3o para discutir parcerias com os munic\u00edpios. Tamb\u00e9m foram abordados a cria\u00e7\u00e3o do Estatuto do G7 e assuntos gerais.<\/p>\n\n\n\n<h2 class=\"wp-block-heading\"><strong>Apresenta\u00e7\u00e3o<\/strong><\/h2>\n\n\n\n<p>Exercendo o papel de mediar projetos de interesse p\u00fablico atrav\u00e9s de agenda estrat\u00e9gica para um desenvolvimento sustent\u00e1vel, os membros da MR apresentaram sua metodologia de trabalho, visando o diagn\u00f3stico, planejamento e execu\u00e7\u00e3o de projetos que beneficiem os munic\u00edpios local e regionalmente.<\/p>\n\n\n\n<p>\u201cPrecisamos pensar quais passos estamos dando hoje para os pr\u00f3ximos 30, 50 anos. Por isso a import\u00e2ncia do di\u00e1logo entre as comunidades e entidades \u2013 para que consigam se articular e expor seus desejos, e ent\u00e3o se entre em consenso sobre quais possibilidades agradem a maioria\u201d, comunicaram.<\/p>\n\n\n\n<h2 class=\"wp-block-heading\"><strong>Estatuto<\/strong><\/h2>\n\n\n\n<p>Posteriormente o prefeito de Fazenda Vilanova, Amarildo da Silva, apresentou propostas de cria\u00e7\u00e3o do estatuto do grupo, bem como sua regulariza\u00e7\u00e3o. As indica\u00e7\u00f5es foram entregues para an\u00e1lise a cada representante dos sete munic\u00edpios e devem ser discutidas nos pr\u00f3ximos encontros.<\/p>\n\n\n\n<h2 class=\"wp-block-heading\"><strong>G7 para fortalecer demandas<\/strong><\/h2>\n\n\n\n<p>No espa\u00e7o para assuntos gerais, v\u00e1rios temas foram postos \u00e0 mesa para debate. O primeiro deles envolveu o refor\u00e7o do pedido para uma audi\u00eancia com a CCR ViaSul em busca de obter autoriza\u00e7\u00e3o para que os munic\u00edpios possam instalar placas tur\u00edsticas informativas ao longo da BR-386, rodovia administrada pelo grupo.<\/p>\n\n\n\n<h2 class=\"wp-block-heading\"><strong>Sa\u00fade<\/strong><\/h2>\n\n\n\n<p>Em seguida, o prefeito de Paverama, Fabiano Merence Brand\u00e3o, e a secret\u00e1ria de Sa\u00fade e Assist\u00eancia Social de Imigrante, J\u00f3ice Cristina Horst, apresentaram dificuldades com a hemodi\u00e1lise realizada na Cl\u00ednica Humanize, em Estrela. \u201cNossos pacientes n\u00e3o est\u00e3o bem, est\u00e3o passando mal depois do procedimento. Todas as semanas recebemos reclama\u00e7\u00f5es, e n\u00e3o temos como saber mais detalhes pois a cl\u00ednica n\u00e3o nos passa informa\u00e7\u00f5es\u201d, citou J\u00f3ice.<\/p>\n\n\n\n<p>\u201cQueremos pedir ajuda do G7 para encaminharmos um of\u00edcio junto \u00e0 16\u00aa Coordenadoria Regional de Sa\u00fade para que se fa\u00e7a uma avalia\u00e7\u00e3o t\u00e9cnica. Quando \u00e9ramos atendidos no Hospital Bruno Born, em Lajeado, nunca tivemos problemas\u201d, cita o prefeito.<\/p>\n\n\n\n<h2 class=\"wp-block-heading\"><strong>Prote\u00edna animal e ICMS<\/strong><\/h2>\n\n\n\n<p>Tamb\u00e9m foi solicitado refor\u00e7o do G7 junto aos demais munic\u00edpios do RS frente \u00e0s discuss\u00f5es sobre o futuro do setor de prote\u00edna animal. \u201cPrecisamos fazer o Governo Estadual dar mais aten\u00e7\u00e3o para este tema que, at\u00e9 o momento, vem sendo tratado com pouca aten\u00e7\u00e3o\u201d, citou o prefeito de Colinas, Sandro Herrmann.<\/p>\n\n\n\n<p>Herrmann abordou as altera\u00e7\u00f5es no ICMS sobre as integra\u00e7\u00f5es. Ele \u00e9 um dos prefeitos envolvidos no grupo da Famurs que est\u00e1 tratando do assunto. \u201cQuase 300 pequenos munic\u00edpios v\u00e3o perder recursos caso seja colocado em pr\u00e1tica o entendimento t\u00e9cnico da Sefaz, e nossa regi\u00e3o ser\u00e1 uma das mais afetadas. Estamos tentando mudar a lei federal, mas sabemos que o processo \u00e9 lento. Por isso, estamos pressionando deputados de todo o Brasil\u201d, citou.<\/p>\n\n\n\n<p>Ele ainda comentou que o \u00edndice provis\u00f3rio marcado para junho foi postergado. \u201cSe ele sa\u00edsse como previsto pelo novo c\u00e1lculo, a\u00ed o desespero seria grande. Somente os munic\u00edpios que fazem parte da Amvat perderiam, em tr\u00eas anos, mais de R$ 100 milh\u00f5es em valor de ICMS, conforme estimativa da Famurs endossada pela Secretaria Estadual da Fazenda\u201d, assinalou.<\/p>\n\n\n\n<p>O grupo do qual participa Herrmann defende a aprova\u00e7\u00e3o do Projeto de Lei Complementar (PLP) 158\/2022, que altera a lei complementar 63\/90, a qual estabelece novas regras para o c\u00e1lculo do Valor Adicionado do ICMS.<\/p>\n\n\n\n<p>A pr\u00f3xima reuni\u00e3o do G7 est\u00e1 marcada para o dia 30 de junho e ocorrer\u00e1 em Fazenda Vilanova.<\/p>\n","protected":false},"excerpt":{"rendered":"<p>Integrantes do grupo G7 \u2013 que engloba Colinas, Westf\u00e1lia, Teut\u00f4nia, Paverama, Fazenda Vilanova, Imigrante e Po\u00e7o das Antas &#8211; se reuniram na manh\u00e3 desta sexta-feira (26\/5) para mais uma reuni\u00e3o. O momento foi realizado em Colinas, no estabelecimento Corvo Esporte Bar. Na oportunidade, houve a apresenta\u00e7\u00e3o dos membros da MR Arquitetura da Paisagem Ltda, de [&hellip;]<\/p>\n","protected":false},"author":639,"featured_media":128983,"comment_status":"open","ping_status":"open","sticky":false,"template":"","format":"standard","meta":{"pmpro_default_level":"","_jetpack_memberships_contains_paid_content":false,"footnotes":""},"categories":[2,10985],"tags":[183,746,801,5530,34,46,40,2218,26,25],"class_list":{"0":"post-128982","1":"post","2":"type-post","3":"status-publish","4":"format-standard","5":"has-post-thumbnail","7":"category-featured","8":"category-politica","9":"tag-colinas","10":"tag-economia","11":"tag-fazenda-vilanova","12":"tag-g7","13":"tag-imigrante","14":"tag-paverama","15":"tag-poco-das-antas","16":"tag-politica","17":"tag-teutonia","18":"tag-westfalia","19":"pmpro-has-access"},"yoast_head":"<!-- This site is optimized with the Yoast SEO plugin v27.5 - https:\/\/yoast.com\/product\/yoast-seo-wordpress\/ -->\n<title>Representantes do G7 debatem proposta de estatuto e unem esfor\u00e7os para fortalecer demandas - Folha Popular<\/title>\n<meta name=\"robots\" content=\"index, follow, max-snippet:-1, max-image-preview:large, max-video-preview:-1\" \/>\n<link rel=\"canonical\" href=\"https:\/\/folhapopular.info\/index.php\/2023\/05\/26\/representantes-do-g7-debatem-proposta-de-estatuto-e-unem-esforcos-para-fortalecer-demandas\/\" \/>\n<meta property=\"og:locale\" content=\"pt_BR\" \/>\n<meta property=\"og:type\" content=\"article\" \/>\n<meta property=\"og:title\" content=\"Representantes do G7 debatem proposta de estatuto e unem esfor\u00e7os para fortalecer demandas - Folha Popular\" \/>\n<meta property=\"og:description\" content=\"Integrantes do grupo G7 \u2013 que engloba Colinas, Westf\u00e1lia, Teut\u00f4nia, Paverama, Fazenda Vilanova, Imigrante e Po\u00e7o das Antas &#8211; se reuniram na manh\u00e3 desta sexta-feira (26\/5) para mais uma reuni\u00e3o. O momento foi realizado em Colinas, no estabelecimento Corvo Esporte Bar. Na oportunidade, houve a apresenta\u00e7\u00e3o dos membros da MR Arquitetura da Paisagem Ltda, de [&hellip;]\" \/>\n<meta property=\"og:url\" content=\"https:\/\/folhapopular.info\/index.php\/2023\/05\/26\/representantes-do-g7-debatem-proposta-de-estatuto-e-unem-esforcos-para-fortalecer-demandas\/\" \/>\n<meta property=\"og:site_name\" content=\"Folha Popular\" \/>\n<meta property=\"article:published_time\" content=\"2023-05-26T18:38:00+00:00\" \/>\n<meta property=\"article:modified_time\" content=\"2023-06-05T13:43:49+00:00\" \/>\n<meta property=\"og:image\" content=\"http:\/\/folhapopular.info\/wp-content\/uploads\/2023\/06\/2023_05_26_COLINAS_Reuniao-G7_CLS.jpeg\" \/>\n\t<meta property=\"og:image:width\" content=\"2048\" \/>\n\t<meta property=\"og:image:height\" content=\"1536\" \/>\n\t<meta property=\"og:image:type\" content=\"image\/jpeg\" \/>\n<meta name=\"author\" content=\"Camille Lenz da Silva\" \/>\n<meta name=\"twitter:card\" content=\"summary_large_image\" \/>\n<meta name=\"twitter:label1\" content=\"Escrito por\" \/>\n\t<meta name=\"twitter:data1\" content=\"Camille Lenz da Silva\" \/>\n\t<meta name=\"twitter:label2\" content=\"Est. tempo de leitura\" \/>\n\t<meta name=\"twitter:data2\" content=\"4 minutos\" \/>\n<script type=\"application\/ld+json\" class=\"yoast-schema-graph\">{\"@context\":\"https:\\\/\\\/schema.org\",\"@graph\":[{\"@type\":\"Article\",\"@id\":\"https:\\\/\\\/folhapopular.info\\\/index.php\\\/2023\\\/05\\\/26\\\/representantes-do-g7-debatem-proposta-de-estatuto-e-unem-esforcos-para-fortalecer-demandas\\\/#article\",\"isPartOf\":{\"@id\":\"https:\\\/\\\/folhapopular.info\\\/index.php\\\/2023\\\/05\\\/26\\\/representantes-do-g7-debatem-proposta-de-estatuto-e-unem-esforcos-para-fortalecer-demandas\\\/\"},\"author\":{\"name\":\"Camille Lenz da Silva\",\"@id\":\"https:\\\/\\\/folhapopular.info\\\/#\\\/schema\\\/person\\\/f0b811f932ef2505faf473ffaef49df5\"},\"headline\":\"Representantes do G7 debatem proposta de estatuto e unem esfor\u00e7os para fortalecer demandas\",\"datePublished\":\"2023-05-26T18:38:00+00:00\",\"dateModified\":\"2023-06-05T13:43:49+00:00\",\"mainEntityOfPage\":{\"@id\":\"https:\\\/\\\/folhapopular.info\\\/index.php\\\/2023\\\/05\\\/26\\\/representantes-do-g7-debatem-proposta-de-estatuto-e-unem-esforcos-para-fortalecer-demandas\\\/\"},\"wordCount\":689,\"commentCount\":0,\"image\":{\"@id\":\"https:\\\/\\\/folhapopular.info\\\/index.php\\\/2023\\\/05\\\/26\\\/representantes-do-g7-debatem-proposta-de-estatuto-e-unem-esforcos-para-fortalecer-demandas\\\/#primaryimage\"},\"thumbnailUrl\":\"https:\\\/\\\/folhapopular.info\\\/wp-content\\\/uploads\\\/2023\\\/06\\\/2023_05_26_COLINAS_Reuniao-G7_CLS.jpeg\",\"keywords\":[\"Colinas\",\"Economia\",\"Fazenda Vilanova\",\"G7\",\"Imigrante\",\"Paverama\",\"Po\u00e7o das Antas\",\"pol\u00edtica\",\"Teut\u00f4nia\",\"Westf\u00e1lia\"],\"articleSection\":[\"Destaques\",\"Pol\u00edtica\"],\"inLanguage\":\"pt-BR\",\"potentialAction\":[{\"@type\":\"CommentAction\",\"name\":\"Comment\",\"target\":[\"https:\\\/\\\/folhapopular.info\\\/index.php\\\/2023\\\/05\\\/26\\\/representantes-do-g7-debatem-proposta-de-estatuto-e-unem-esforcos-para-fortalecer-demandas\\\/#respond\"]}]},{\"@type\":\"WebPage\",\"@id\":\"https:\\\/\\\/folhapopular.info\\\/index.php\\\/2023\\\/05\\\/26\\\/representantes-do-g7-debatem-proposta-de-estatuto-e-unem-esforcos-para-fortalecer-demandas\\\/\",\"url\":\"https:\\\/\\\/folhapopular.info\\\/index.php\\\/2023\\\/05\\\/26\\\/representantes-do-g7-debatem-proposta-de-estatuto-e-unem-esforcos-para-fortalecer-demandas\\\/\",\"name\":\"Representantes do G7 debatem proposta de estatuto e unem esfor\u00e7os para fortalecer demandas - Folha Popular\",\"isPartOf\":{\"@id\":\"https:\\\/\\\/folhapopular.info\\\/#website\"},\"primaryImageOfPage\":{\"@id\":\"https:\\\/\\\/folhapopular.info\\\/index.php\\\/2023\\\/05\\\/26\\\/representantes-do-g7-debatem-proposta-de-estatuto-e-unem-esforcos-para-fortalecer-demandas\\\/#primaryimage\"},\"image\":{\"@id\":\"https:\\\/\\\/folhapopular.info\\\/index.php\\\/2023\\\/05\\\/26\\\/representantes-do-g7-debatem-proposta-de-estatuto-e-unem-esforcos-para-fortalecer-demandas\\\/#primaryimage\"},\"thumbnailUrl\":\"https:\\\/\\\/folhapopular.info\\\/wp-content\\\/uploads\\\/2023\\\/06\\\/2023_05_26_COLINAS_Reuniao-G7_CLS.jpeg\",\"datePublished\":\"2023-05-26T18:38:00+00:00\",\"dateModified\":\"2023-06-05T13:43:49+00:00\",\"author\":{\"@id\":\"https:\\\/\\\/folhapopular.info\\\/#\\\/schema\\\/person\\\/f0b811f932ef2505faf473ffaef49df5\"},\"breadcrumb\":{\"@id\":\"https:\\\/\\\/folhapopular.info\\\/index.php\\\/2023\\\/05\\\/26\\\/representantes-do-g7-debatem-proposta-de-estatuto-e-unem-esforcos-para-fortalecer-demandas\\\/#breadcrumb\"},\"inLanguage\":\"pt-BR\",\"potentialAction\":[{\"@type\":\"ReadAction\",\"target\":[\"https:\\\/\\\/folhapopular.info\\\/index.php\\\/2023\\\/05\\\/26\\\/representantes-do-g7-debatem-proposta-de-estatuto-e-unem-esforcos-para-fortalecer-demandas\\\/\"]}]},{\"@type\":\"ImageObject\",\"inLanguage\":\"pt-BR\",\"@id\":\"https:\\\/\\\/folhapopular.info\\\/index.php\\\/2023\\\/05\\\/26\\\/representantes-do-g7-debatem-proposta-de-estatuto-e-unem-esforcos-para-fortalecer-demandas\\\/#primaryimage\",\"url\":\"https:\\\/\\\/folhapopular.info\\\/wp-content\\\/uploads\\\/2023\\\/06\\\/2023_05_26_COLINAS_Reuniao-G7_CLS.jpeg\",\"contentUrl\":\"https:\\\/\\\/folhapopular.info\\\/wp-content\\\/uploads\\\/2023\\\/06\\\/2023_05_26_COLINAS_Reuniao-G7_CLS.jpeg\",\"width\":2048,\"height\":1536,\"caption\":\"Grupo tem diversas afinidades comuns. Cr\u00e9ditos: Camille Lenz da Silva \\\/ Arquivo FP\"},{\"@type\":\"BreadcrumbList\",\"@id\":\"https:\\\/\\\/folhapopular.info\\\/index.php\\\/2023\\\/05\\\/26\\\/representantes-do-g7-debatem-proposta-de-estatuto-e-unem-esforcos-para-fortalecer-demandas\\\/#breadcrumb\",\"itemListElement\":[{\"@type\":\"ListItem\",\"position\":1,\"name\":\"In\u00edcio\",\"item\":\"https:\\\/\\\/folhapopular.info\\\/\"},{\"@type\":\"ListItem\",\"position\":2,\"name\":\"Representantes do G7 debatem proposta de estatuto e unem esfor\u00e7os para fortalecer demandas\"}]},{\"@type\":\"WebSite\",\"@id\":\"https:\\\/\\\/folhapopular.info\\\/#website\",\"url\":\"https:\\\/\\\/folhapopular.info\\\/\",\"name\":\"Folha Popular\",\"description\":\"Onde voc\u00ea tem vez e voz\",\"potentialAction\":[{\"@type\":\"SearchAction\",\"target\":{\"@type\":\"EntryPoint\",\"urlTemplate\":\"https:\\\/\\\/folhapopular.info\\\/?s={search_term_string}\"},\"query-input\":{\"@type\":\"PropertyValueSpecification\",\"valueRequired\":true,\"valueName\":\"search_term_string\"}}],\"inLanguage\":\"pt-BR\"},{\"@type\":\"Person\",\"@id\":\"https:\\\/\\\/folhapopular.info\\\/#\\\/schema\\\/person\\\/f0b811f932ef2505faf473ffaef49df5\",\"name\":\"Camille Lenz da Silva\",\"image\":{\"@type\":\"ImageObject\",\"inLanguage\":\"pt-BR\",\"@id\":\"https:\\\/\\\/secure.gravatar.com\\\/avatar\\\/50be826d73ca259ec0e0a88a407f5de800c576c46cfdc57e50ef28551e216fff?s=96&d=mm&r=g\",\"url\":\"https:\\\/\\\/secure.gravatar.com\\\/avatar\\\/50be826d73ca259ec0e0a88a407f5de800c576c46cfdc57e50ef28551e216fff?s=96&d=mm&r=g\",\"contentUrl\":\"https:\\\/\\\/secure.gravatar.com\\\/avatar\\\/50be826d73ca259ec0e0a88a407f5de800c576c46cfdc57e50ef28551e216fff?s=96&d=mm&r=g\",\"caption\":\"Camille Lenz da Silva\"},\"url\":\"https:\\\/\\\/folhapopular.info\\\/index.php\\\/author\\\/camillelenzgmail-com\\\/\"}]}<\/script>\n<!-- \/ Yoast SEO plugin. -->","yoast_head_json":{"title":"Representantes do G7 debatem proposta de estatuto e unem esfor\u00e7os para fortalecer demandas - Folha Popular","robots":{"index":"index","follow":"follow","max-snippet":"max-snippet:-1","max-image-preview":"max-image-preview:large","max-video-preview":"max-video-preview:-1"},"canonical":"https:\/\/folhapopular.info\/index.php\/2023\/05\/26\/representantes-do-g7-debatem-proposta-de-estatuto-e-unem-esforcos-para-fortalecer-demandas\/","og_locale":"pt_BR","og_type":"article","og_title":"Representantes do G7 debatem proposta de estatuto e unem esfor\u00e7os para fortalecer demandas - Folha Popular","og_description":"Integrantes do grupo G7 \u2013 que engloba Colinas, Westf\u00e1lia, Teut\u00f4nia, Paverama, Fazenda Vilanova, Imigrante e Po\u00e7o das Antas &#8211; se reuniram na manh\u00e3 desta sexta-feira (26\/5) para mais uma reuni\u00e3o. O momento foi realizado em Colinas, no estabelecimento Corvo Esporte Bar. Na oportunidade, houve a apresenta\u00e7\u00e3o dos membros da MR Arquitetura da Paisagem Ltda, de [&hellip;]","og_url":"https:\/\/folhapopular.info\/index.php\/2023\/05\/26\/representantes-do-g7-debatem-proposta-de-estatuto-e-unem-esforcos-para-fortalecer-demandas\/","og_site_name":"Folha Popular","article_published_time":"2023-05-26T18:38:00+00:00","article_modified_time":"2023-06-05T13:43:49+00:00","og_image":[{"width":2048,"height":1536,"url":"http:\/\/folhapopular.info\/wp-content\/uploads\/2023\/06\/2023_05_26_COLINAS_Reuniao-G7_CLS.jpeg","type":"image\/jpeg"}],"author":"Camille Lenz da Silva","twitter_card":"summary_large_image","twitter_misc":{"Escrito por":"Camille Lenz da Silva","Est. tempo de leitura":"4 minutos"},"schema":{"@context":"https:\/\/schema.org","@graph":[{"@type":"Article","@id":"https:\/\/folhapopular.info\/index.php\/2023\/05\/26\/representantes-do-g7-debatem-proposta-de-estatuto-e-unem-esforcos-para-fortalecer-demandas\/#article","isPartOf":{"@id":"https:\/\/folhapopular.info\/index.php\/2023\/05\/26\/representantes-do-g7-debatem-proposta-de-estatuto-e-unem-esforcos-para-fortalecer-demandas\/"},"author":{"name":"Camille Lenz da Silva","@id":"https:\/\/folhapopular.info\/#\/schema\/person\/f0b811f932ef2505faf473ffaef49df5"},"headline":"Representantes do G7 debatem proposta de estatuto e unem esfor\u00e7os para fortalecer demandas","datePublished":"2023-05-26T18:38:00+00:00","dateModified":"2023-06-05T13:43:49+00:00","mainEntityOfPage":{"@id":"https:\/\/folhapopular.info\/index.php\/2023\/05\/26\/representantes-do-g7-debatem-proposta-de-estatuto-e-unem-esforcos-para-fortalecer-demandas\/"},"wordCount":689,"commentCount":0,"image":{"@id":"https:\/\/folhapopular.info\/index.php\/2023\/05\/26\/representantes-do-g7-debatem-proposta-de-estatuto-e-unem-esforcos-para-fortalecer-demandas\/#primaryimage"},"thumbnailUrl":"https:\/\/folhapopular.info\/wp-content\/uploads\/2023\/06\/2023_05_26_COLINAS_Reuniao-G7_CLS.jpeg","keywords":["Colinas","Economia","Fazenda Vilanova","G7","Imigrante","Paverama","Po\u00e7o das Antas","pol\u00edtica","Teut\u00f4nia","Westf\u00e1lia"],"articleSection":["Destaques","Pol\u00edtica"],"inLanguage":"pt-BR","potentialAction":[{"@type":"CommentAction","name":"Comment","target":["https:\/\/folhapopular.info\/index.php\/2023\/05\/26\/representantes-do-g7-debatem-proposta-de-estatuto-e-unem-esforcos-para-fortalecer-demandas\/#respond"]}]},{"@type":"WebPage","@id":"https:\/\/folhapopular.info\/index.php\/2023\/05\/26\/representantes-do-g7-debatem-proposta-de-estatuto-e-unem-esforcos-para-fortalecer-demandas\/","url":"https:\/\/folhapopular.info\/index.php\/2023\/05\/26\/representantes-do-g7-debatem-proposta-de-estatuto-e-unem-esforcos-para-fortalecer-demandas\/","name":"Representantes do G7 debatem proposta de estatuto e unem esfor\u00e7os para fortalecer demandas - Folha Popular","isPartOf":{"@id":"https:\/\/folhapopular.info\/#website"},"primaryImageOfPage":{"@id":"https:\/\/folhapopular.info\/index.php\/2023\/05\/26\/representantes-do-g7-debatem-proposta-de-estatuto-e-unem-esforcos-para-fortalecer-demandas\/#primaryimage"},"image":{"@id":"https:\/\/folhapopular.info\/index.php\/2023\/05\/26\/representantes-do-g7-debatem-proposta-de-estatuto-e-unem-esforcos-para-fortalecer-demandas\/#primaryimage"},"thumbnailUrl":"https:\/\/folhapopular.info\/wp-content\/uploads\/2023\/06\/2023_05_26_COLINAS_Reuniao-G7_CLS.jpeg","datePublished":"2023-05-26T18:38:00+00:00","dateModified":"2023-06-05T13:43:49+00:00","author":{"@id":"https:\/\/folhapopular.info\/#\/schema\/person\/f0b811f932ef2505faf473ffaef49df5"},"breadcrumb":{"@id":"https:\/\/folhapopular.info\/index.php\/2023\/05\/26\/representantes-do-g7-debatem-proposta-de-estatuto-e-unem-esforcos-para-fortalecer-demandas\/#breadcrumb"},"inLanguage":"pt-BR","potentialAction":[{"@type":"ReadAction","target":["https:\/\/folhapopular.info\/index.php\/2023\/05\/26\/representantes-do-g7-debatem-proposta-de-estatuto-e-unem-esforcos-para-fortalecer-demandas\/"]}]},{"@type":"ImageObject","inLanguage":"pt-BR","@id":"https:\/\/folhapopular.info\/index.php\/2023\/05\/26\/representantes-do-g7-debatem-proposta-de-estatuto-e-unem-esforcos-para-fortalecer-demandas\/#primaryimage","url":"https:\/\/folhapopular.info\/wp-content\/uploads\/2023\/06\/2023_05_26_COLINAS_Reuniao-G7_CLS.jpeg","contentUrl":"https:\/\/folhapopular.info\/wp-content\/uploads\/2023\/06\/2023_05_26_COLINAS_Reuniao-G7_CLS.jpeg","width":2048,"height":1536,"caption":"Grupo tem diversas afinidades comuns. Cr\u00e9ditos: Camille Lenz da Silva \/ Arquivo FP"},{"@type":"BreadcrumbList","@id":"https:\/\/folhapopular.info\/index.php\/2023\/05\/26\/representantes-do-g7-debatem-proposta-de-estatuto-e-unem-esforcos-para-fortalecer-demandas\/#breadcrumb","itemListElement":[{"@type":"ListItem","position":1,"name":"In\u00edcio","item":"https:\/\/folhapopular.info\/"},{"@type":"ListItem","position":2,"name":"Representantes do G7 debatem proposta de estatuto e unem esfor\u00e7os para fortalecer demandas"}]},{"@type":"WebSite","@id":"https:\/\/folhapopular.info\/#website","url":"https:\/\/folhapopular.info\/","name":"Folha Popular","description":"Onde voc\u00ea tem vez e voz","potentialAction":[{"@type":"SearchAction","target":{"@type":"EntryPoint","urlTemplate":"https:\/\/folhapopular.info\/?s={search_term_string}"},"query-input":{"@type":"PropertyValueSpecification","valueRequired":true,"valueName":"search_term_string"}}],"inLanguage":"pt-BR"},{"@type":"Person","@id":"https:\/\/folhapopular.info\/#\/schema\/person\/f0b811f932ef2505faf473ffaef49df5","name":"Camille Lenz da Silva","image":{"@type":"ImageObject","inLanguage":"pt-BR","@id":"https:\/\/secure.gravatar.com\/avatar\/50be826d73ca259ec0e0a88a407f5de800c576c46cfdc57e50ef28551e216fff?s=96&d=mm&r=g","url":"https:\/\/secure.gravatar.com\/avatar\/50be826d73ca259ec0e0a88a407f5de800c576c46cfdc57e50ef28551e216fff?s=96&d=mm&r=g","contentUrl":"https:\/\/secure.gravatar.com\/avatar\/50be826d73ca259ec0e0a88a407f5de800c576c46cfdc57e50ef28551e216fff?s=96&d=mm&r=g","caption":"Camille Lenz da Silva"},"url":"https:\/\/folhapopular.info\/index.php\/author\/camillelenzgmail-com\/"}]}},"jetpack_featured_media_url":"https:\/\/folhapopular.info\/wp-content\/uploads\/2023\/06\/2023_05_26_COLINAS_Reuniao-G7_CLS.jpeg","jetpack_sharing_enabled":true,"amp_enabled":true,"_links":{"self":[{"href":"https:\/\/folhapopular.info\/index.php\/wp-json\/wp\/v2\/posts\/128982","targetHints":{"allow":["GET"]}}],"collection":[{"href":"https:\/\/folhapopular.info\/index.php\/wp-json\/wp\/v2\/posts"}],"about":[{"href":"https:\/\/folhapopular.info\/index.php\/wp-json\/wp\/v2\/types\/post"}],"author":[{"embeddable":true,"href":"https:\/\/folhapopular.info\/index.php\/wp-json\/wp\/v2\/users\/639"}],"replies":[{"embeddable":true,"href":"https:\/\/folhapopular.info\/index.php\/wp-json\/wp\/v2\/comments?post=128982"}],"version-history":[{"count":0,"href":"https:\/\/folhapopular.info\/index.php\/wp-json\/wp\/v2\/posts\/128982\/revisions"}],"wp:featuredmedia":[{"embeddable":true,"href":"https:\/\/folhapopular.info\/index.php\/wp-json\/wp\/v2\/media\/128983"}],"wp:attachment":[{"href":"https:\/\/folhapopular.info\/index.php\/wp-json\/wp\/v2\/media?parent=128982"}],"wp:term":[{"taxonomy":"category","embeddable":true,"href":"https:\/\/folhapopular.info\/index.php\/wp-json\/wp\/v2\/categories?post=128982"},{"taxonomy":"post_tag","embeddable":true,"href":"https:\/\/folhapopular.info\/index.php\/wp-json\/wp\/v2\/tags?post=128982"}],"curies":[{"name":"wp","href":"https:\/\/api.w.org\/{rel}","templated":true}]}}