{"id":129203,"date":"2023-06-07T15:58:57","date_gmt":"2023-06-07T18:58:57","guid":{"rendered":"https:\/\/folhapopular.info\/?p=129203"},"modified":"2023-06-07T15:59:00","modified_gmt":"2023-06-07T18:59:00","slug":"eduardo-leite-estima-fim-da-egr-e-lancamento-dos-editais-de-concessoes-para-2024","status":"publish","type":"post","link":"https:\/\/folhapopular.info\/index.php\/2023\/06\/07\/eduardo-leite-estima-fim-da-egr-e-lancamento-dos-editais-de-concessoes-para-2024\/","title":{"rendered":"Eduardo Leite estima fim da EGR e lan\u00e7amento dos editais de concess\u00f5es para 2024"},"content":{"rendered":"\n<p>O governador Eduardo Leite palestrou, na manh\u00e3 desta quarta-feira (7\/6), na reuni\u00e3o-almo\u00e7o da C\u00e2mara de Com\u00e9rcio, Ind\u00fastria, Servi\u00e7os e Agroneg\u00f3cio (Cacis) de Estrela. Na oportunidade, falou sobre o tema &#8220;Prioridades para acelerar o desenvolvimento no Rio Grande do Sul&#8221;.<\/p>\n\n\n\n<p>Durante sua explana\u00e7\u00e3o, trouxe informa\u00e7\u00f5es sobre a retomada de investimentos p\u00fablicos com recursos pr\u00f3prios, como a duplica\u00e7\u00e3o da ERS-118 entre Sapucaia do Sul e Gravata\u00ed, obras de pavimenta\u00e7\u00e3o como forma de favorecer o desenvolvimento dos munic\u00edpios no interior e melhorias em mais de 900 quil\u00f4metros de estradas.<\/p>\n\n\n\n<p>Na \u00e1rea da Educa\u00e7\u00e3o, abordou os programas Avaliar \u00e9 Tri, Aprende Mais, Todo Jovem na Escola e Escolha Certa. Citou ainda a aplica\u00e7\u00e3o de R$ 228 milh\u00f5es em recursos extra para reformas e investimentos, a contrata\u00e7\u00e3o, forma\u00e7\u00e3o e bolsa para docentes e o acr\u00e9scimo de 166% no repasse estadual para a merenda escolar.<\/p>\n\n\n\n<p>Na Sa\u00fade, lembrou da quita\u00e7\u00e3o de d\u00edvidas com hospitais e prefeituras, investimentos em reformas, amplia\u00e7\u00e3o e equipamentos em 102 hospitais, os programas Primeira Inf\u00e2ncia Melhor, Assistir, Cirurgias + e Rede Bem Cuidar.<\/p>\n\n\n\n<p>Leite pontuou ainda a retomada no efetivo das for\u00e7as de seguran\u00e7a, com o maior contingente desde 2010, a redu\u00e7\u00e3o do n\u00famero de mortes violentas e de roubos de ve\u00edculos. Abordou tamb\u00e9m a quest\u00e3o da retomada na competitividade do Estado, parcerias com o setor privado e reajustes para buscar sanar a d\u00edvida ga\u00facha com a Uni\u00e3o, Precat\u00f3rios e Previd\u00eancia.<\/p>\n\n\n\n<h2 class=\"wp-block-heading\"><strong>Coletiva de imprensa<\/strong><\/h2>\n\n\n\n<p>Ao fim, Leite cedeu coletiva de imprensa aos jornalistas presentes. Segundo ele, n\u00e3o haver\u00e1 tempo h\u00e1bil para reanalisar e lan\u00e7ar os editais das concess\u00f5es para os blocos 1 e 2, o que dever\u00e1 ficar para 2024. Da mesma forma, estimou que a vida \u00fatil da Empresa Ga\u00facha de Rodovias (EGR) seja de um ano e meio. &#8220;Sabemos que a empresa est\u00e1 com dificuldades, mas sem ela no momento seria ainda pior. \u00c9 preciso fazermos as mudan\u00e7as com calma e di\u00e1logo para que seja bom para a maioria&#8221;, comentou, adiantando que o Free Flow n\u00e3o \u00e9 apenas uma possibilidade, mas uma probabilidade.<\/p>\n\n\n\n<h3 class=\"wp-block-heading\"><strong>Languiru<\/strong><\/h3>\n\n\n\n<p>Questionado quanto \u00e0 situa\u00e7\u00e3o da Cooperativa Languiru, Leite refor\u00e7ou que o governo est\u00e1 envidando todos os esfor\u00e7os para dar o suporte poss\u00edvel. Citou a reuni\u00e3o com a equipe do Piratini, a cooperativa e bancos na segunda-feira (5\/6), e pontuou que t\u00e9cnicos de v\u00e1rias pastas est\u00e3o estudando alternativas e analisando os cen\u00e1rios. <\/p>\n\n\n\n<h3 class=\"wp-block-heading\"><strong>Traumato-ortopedia<\/strong><\/h3>\n\n\n\n<p>O governador tamb\u00e9m falou sobre a assinatura do conv\u00eanio com o Hospital Divina Provid\u00eancia de Estrela, que garantiu a vinda da especialidade de traumato-ortopedia para o Vale do Taquari, motivo principal de sua visita \u00e0 cidade. &#8220;S\u00e3o 72 cirurgias de m\u00e9dia e 16 de alta complexidade por m\u00eas, al\u00e9m de 700 consultas especializadas. Isso vai aproximar solu\u00e7\u00f5es e oferecer perspectivas para as pessoas que est\u00e3o esperando h\u00e1 muito tempo pela cirurgia, al\u00e9m de poder faz\u00ea-las mais perto de casa&#8221;, pontuou.<\/p>\n","protected":false},"excerpt":{"rendered":"<p>O governador Eduardo Leite palestrou, na manh\u00e3 desta quarta-feira (7\/6), na reuni\u00e3o-almo\u00e7o da C\u00e2mara de Com\u00e9rcio, Ind\u00fastria, Servi\u00e7os e Agroneg\u00f3cio (Cacis) de Estrela. Na oportunidade, falou sobre o tema &#8220;Prioridades para acelerar o desenvolvimento no Rio Grande do Sul&#8221;. Durante sua explana\u00e7\u00e3o, trouxe informa\u00e7\u00f5es sobre a retomada de investimentos p\u00fablicos com recursos pr\u00f3prios, como a [&hellip;]<\/p>\n","protected":false},"author":639,"featured_media":129207,"comment_status":"open","ping_status":"open","sticky":false,"template":"","format":"standard","meta":{"pmpro_default_level":"","_jetpack_memberships_contains_paid_content":false,"footnotes":""},"categories":[2,3,10985],"tags":[944,10685,3470,8949,10074,406,10676],"class_list":{"0":"post-129203","1":"post","2":"type-post","3":"status-publish","4":"format-standard","5":"has-post-thumbnail","7":"category-featured","8":"category-geral","9":"category-politica","10":"tag-cacis","11":"tag-concessoes","12":"tag-eduardo-leite","13":"tag-egr","14":"tag-governador-do-rs","15":"tag-languiru","16":"tag-traumato-ortopedia","17":"pmpro-has-access"},"yoast_head":"<!-- This site is optimized with the Yoast SEO plugin v27.5 - https:\/\/yoast.com\/product\/yoast-seo-wordpress\/ -->\n<title>Eduardo Leite estima fim da EGR e lan\u00e7amento dos editais de concess\u00f5es para 2024 - Folha Popular<\/title>\n<meta name=\"robots\" content=\"index, follow, max-snippet:-1, max-image-preview:large, max-video-preview:-1\" \/>\n<link rel=\"canonical\" href=\"https:\/\/folhapopular.info\/index.php\/2023\/06\/07\/eduardo-leite-estima-fim-da-egr-e-lancamento-dos-editais-de-concessoes-para-2024\/\" \/>\n<meta property=\"og:locale\" content=\"pt_BR\" \/>\n<meta property=\"og:type\" content=\"article\" \/>\n<meta property=\"og:title\" content=\"Eduardo Leite estima fim da EGR e lan\u00e7amento dos editais de concess\u00f5es para 2024 - Folha Popular\" \/>\n<meta property=\"og:description\" content=\"O governador Eduardo Leite palestrou, na manh\u00e3 desta quarta-feira (7\/6), na reuni\u00e3o-almo\u00e7o da C\u00e2mara de Com\u00e9rcio, Ind\u00fastria, Servi\u00e7os e Agroneg\u00f3cio (Cacis) de Estrela. Na oportunidade, falou sobre o tema &#8220;Prioridades para acelerar o desenvolvimento no Rio Grande do Sul&#8221;. Durante sua explana\u00e7\u00e3o, trouxe informa\u00e7\u00f5es sobre a retomada de investimentos p\u00fablicos com recursos pr\u00f3prios, como a [&hellip;]\" \/>\n<meta property=\"og:url\" content=\"https:\/\/folhapopular.info\/index.php\/2023\/06\/07\/eduardo-leite-estima-fim-da-egr-e-lancamento-dos-editais-de-concessoes-para-2024\/\" \/>\n<meta property=\"og:site_name\" content=\"Folha Popular\" \/>\n<meta property=\"article:published_time\" content=\"2023-06-07T18:58:57+00:00\" \/>\n<meta property=\"article:modified_time\" content=\"2023-06-07T18:59:00+00:00\" \/>\n<meta property=\"og:image\" content=\"http:\/\/folhapopular.info\/wp-content\/uploads\/2023\/06\/IMG_3447-scaled.jpg\" \/>\n\t<meta property=\"og:image:width\" content=\"2560\" \/>\n\t<meta property=\"og:image:height\" content=\"1920\" \/>\n\t<meta property=\"og:image:type\" content=\"image\/jpeg\" \/>\n<meta name=\"author\" content=\"Camille Lenz da Silva\" \/>\n<meta name=\"twitter:card\" content=\"summary_large_image\" \/>\n<meta name=\"twitter:label1\" content=\"Escrito por\" \/>\n\t<meta name=\"twitter:data1\" content=\"Camille Lenz da Silva\" \/>\n\t<meta name=\"twitter:label2\" content=\"Est. tempo de leitura\" \/>\n\t<meta name=\"twitter:data2\" content=\"3 minutos\" \/>\n<script type=\"application\/ld+json\" class=\"yoast-schema-graph\">{\"@context\":\"https:\\\/\\\/schema.org\",\"@graph\":[{\"@type\":\"Article\",\"@id\":\"https:\\\/\\\/folhapopular.info\\\/index.php\\\/2023\\\/06\\\/07\\\/eduardo-leite-estima-fim-da-egr-e-lancamento-dos-editais-de-concessoes-para-2024\\\/#article\",\"isPartOf\":{\"@id\":\"https:\\\/\\\/folhapopular.info\\\/index.php\\\/2023\\\/06\\\/07\\\/eduardo-leite-estima-fim-da-egr-e-lancamento-dos-editais-de-concessoes-para-2024\\\/\"},\"author\":{\"name\":\"Camille Lenz da Silva\",\"@id\":\"https:\\\/\\\/folhapopular.info\\\/#\\\/schema\\\/person\\\/f0b811f932ef2505faf473ffaef49df5\"},\"headline\":\"Eduardo Leite estima fim da EGR e lan\u00e7amento dos editais de concess\u00f5es para 2024\",\"datePublished\":\"2023-06-07T18:58:57+00:00\",\"dateModified\":\"2023-06-07T18:59:00+00:00\",\"mainEntityOfPage\":{\"@id\":\"https:\\\/\\\/folhapopular.info\\\/index.php\\\/2023\\\/06\\\/07\\\/eduardo-leite-estima-fim-da-egr-e-lancamento-dos-editais-de-concessoes-para-2024\\\/\"},\"wordCount\":528,\"commentCount\":0,\"image\":{\"@id\":\"https:\\\/\\\/folhapopular.info\\\/index.php\\\/2023\\\/06\\\/07\\\/eduardo-leite-estima-fim-da-egr-e-lancamento-dos-editais-de-concessoes-para-2024\\\/#primaryimage\"},\"thumbnailUrl\":\"https:\\\/\\\/folhapopular.info\\\/wp-content\\\/uploads\\\/2023\\\/06\\\/IMG_3447-scaled.jpg\",\"keywords\":[\"CACIS\",\"Concess\u00f5es\",\"Eduardo Leite\",\"EGR\",\"governador do rs\",\"Languiru\",\"traumato-ortopedia\"],\"articleSection\":[\"Destaques\",\"Geral\",\"Pol\u00edtica\"],\"inLanguage\":\"pt-BR\",\"potentialAction\":[{\"@type\":\"CommentAction\",\"name\":\"Comment\",\"target\":[\"https:\\\/\\\/folhapopular.info\\\/index.php\\\/2023\\\/06\\\/07\\\/eduardo-leite-estima-fim-da-egr-e-lancamento-dos-editais-de-concessoes-para-2024\\\/#respond\"]}]},{\"@type\":\"WebPage\",\"@id\":\"https:\\\/\\\/folhapopular.info\\\/index.php\\\/2023\\\/06\\\/07\\\/eduardo-leite-estima-fim-da-egr-e-lancamento-dos-editais-de-concessoes-para-2024\\\/\",\"url\":\"https:\\\/\\\/folhapopular.info\\\/index.php\\\/2023\\\/06\\\/07\\\/eduardo-leite-estima-fim-da-egr-e-lancamento-dos-editais-de-concessoes-para-2024\\\/\",\"name\":\"Eduardo Leite estima fim da EGR e lan\u00e7amento dos editais de concess\u00f5es para 2024 - Folha Popular\",\"isPartOf\":{\"@id\":\"https:\\\/\\\/folhapopular.info\\\/#website\"},\"primaryImageOfPage\":{\"@id\":\"https:\\\/\\\/folhapopular.info\\\/index.php\\\/2023\\\/06\\\/07\\\/eduardo-leite-estima-fim-da-egr-e-lancamento-dos-editais-de-concessoes-para-2024\\\/#primaryimage\"},\"image\":{\"@id\":\"https:\\\/\\\/folhapopular.info\\\/index.php\\\/2023\\\/06\\\/07\\\/eduardo-leite-estima-fim-da-egr-e-lancamento-dos-editais-de-concessoes-para-2024\\\/#primaryimage\"},\"thumbnailUrl\":\"https:\\\/\\\/folhapopular.info\\\/wp-content\\\/uploads\\\/2023\\\/06\\\/IMG_3447-scaled.jpg\",\"datePublished\":\"2023-06-07T18:58:57+00:00\",\"dateModified\":\"2023-06-07T18:59:00+00:00\",\"author\":{\"@id\":\"https:\\\/\\\/folhapopular.info\\\/#\\\/schema\\\/person\\\/f0b811f932ef2505faf473ffaef49df5\"},\"breadcrumb\":{\"@id\":\"https:\\\/\\\/folhapopular.info\\\/index.php\\\/2023\\\/06\\\/07\\\/eduardo-leite-estima-fim-da-egr-e-lancamento-dos-editais-de-concessoes-para-2024\\\/#breadcrumb\"},\"inLanguage\":\"pt-BR\",\"potentialAction\":[{\"@type\":\"ReadAction\",\"target\":[\"https:\\\/\\\/folhapopular.info\\\/index.php\\\/2023\\\/06\\\/07\\\/eduardo-leite-estima-fim-da-egr-e-lancamento-dos-editais-de-concessoes-para-2024\\\/\"]}]},{\"@type\":\"ImageObject\",\"inLanguage\":\"pt-BR\",\"@id\":\"https:\\\/\\\/folhapopular.info\\\/index.php\\\/2023\\\/06\\\/07\\\/eduardo-leite-estima-fim-da-egr-e-lancamento-dos-editais-de-concessoes-para-2024\\\/#primaryimage\",\"url\":\"https:\\\/\\\/folhapopular.info\\\/wp-content\\\/uploads\\\/2023\\\/06\\\/IMG_3447-scaled.jpg\",\"contentUrl\":\"https:\\\/\\\/folhapopular.info\\\/wp-content\\\/uploads\\\/2023\\\/06\\\/IMG_3447-scaled.jpg\",\"width\":2560,\"height\":1920,\"caption\":\"Cr\u00e9dito: Camille Lenz da Silva\"},{\"@type\":\"BreadcrumbList\",\"@id\":\"https:\\\/\\\/folhapopular.info\\\/index.php\\\/2023\\\/06\\\/07\\\/eduardo-leite-estima-fim-da-egr-e-lancamento-dos-editais-de-concessoes-para-2024\\\/#breadcrumb\",\"itemListElement\":[{\"@type\":\"ListItem\",\"position\":1,\"name\":\"In\u00edcio\",\"item\":\"https:\\\/\\\/folhapopular.info\\\/\"},{\"@type\":\"ListItem\",\"position\":2,\"name\":\"Eduardo Leite estima fim da EGR e lan\u00e7amento dos editais de concess\u00f5es para 2024\"}]},{\"@type\":\"WebSite\",\"@id\":\"https:\\\/\\\/folhapopular.info\\\/#website\",\"url\":\"https:\\\/\\\/folhapopular.info\\\/\",\"name\":\"Folha Popular\",\"description\":\"Onde voc\u00ea tem vez e voz\",\"potentialAction\":[{\"@type\":\"SearchAction\",\"target\":{\"@type\":\"EntryPoint\",\"urlTemplate\":\"https:\\\/\\\/folhapopular.info\\\/?s={search_term_string}\"},\"query-input\":{\"@type\":\"PropertyValueSpecification\",\"valueRequired\":true,\"valueName\":\"search_term_string\"}}],\"inLanguage\":\"pt-BR\"},{\"@type\":\"Person\",\"@id\":\"https:\\\/\\\/folhapopular.info\\\/#\\\/schema\\\/person\\\/f0b811f932ef2505faf473ffaef49df5\",\"name\":\"Camille Lenz da Silva\",\"image\":{\"@type\":\"ImageObject\",\"inLanguage\":\"pt-BR\",\"@id\":\"https:\\\/\\\/secure.gravatar.com\\\/avatar\\\/50be826d73ca259ec0e0a88a407f5de800c576c46cfdc57e50ef28551e216fff?s=96&d=mm&r=g\",\"url\":\"https:\\\/\\\/secure.gravatar.com\\\/avatar\\\/50be826d73ca259ec0e0a88a407f5de800c576c46cfdc57e50ef28551e216fff?s=96&d=mm&r=g\",\"contentUrl\":\"https:\\\/\\\/secure.gravatar.com\\\/avatar\\\/50be826d73ca259ec0e0a88a407f5de800c576c46cfdc57e50ef28551e216fff?s=96&d=mm&r=g\",\"caption\":\"Camille Lenz da Silva\"},\"url\":\"https:\\\/\\\/folhapopular.info\\\/index.php\\\/author\\\/camillelenzgmail-com\\\/\"}]}<\/script>\n<!-- \/ Yoast SEO plugin. -->","yoast_head_json":{"title":"Eduardo Leite estima fim da EGR e lan\u00e7amento dos editais de concess\u00f5es para 2024 - Folha Popular","robots":{"index":"index","follow":"follow","max-snippet":"max-snippet:-1","max-image-preview":"max-image-preview:large","max-video-preview":"max-video-preview:-1"},"canonical":"https:\/\/folhapopular.info\/index.php\/2023\/06\/07\/eduardo-leite-estima-fim-da-egr-e-lancamento-dos-editais-de-concessoes-para-2024\/","og_locale":"pt_BR","og_type":"article","og_title":"Eduardo Leite estima fim da EGR e lan\u00e7amento dos editais de concess\u00f5es para 2024 - Folha Popular","og_description":"O governador Eduardo Leite palestrou, na manh\u00e3 desta quarta-feira (7\/6), na reuni\u00e3o-almo\u00e7o da C\u00e2mara de Com\u00e9rcio, Ind\u00fastria, Servi\u00e7os e Agroneg\u00f3cio (Cacis) de Estrela. Na oportunidade, falou sobre o tema &#8220;Prioridades para acelerar o desenvolvimento no Rio Grande do Sul&#8221;. Durante sua explana\u00e7\u00e3o, trouxe informa\u00e7\u00f5es sobre a retomada de investimentos p\u00fablicos com recursos pr\u00f3prios, como a [&hellip;]","og_url":"https:\/\/folhapopular.info\/index.php\/2023\/06\/07\/eduardo-leite-estima-fim-da-egr-e-lancamento-dos-editais-de-concessoes-para-2024\/","og_site_name":"Folha Popular","article_published_time":"2023-06-07T18:58:57+00:00","article_modified_time":"2023-06-07T18:59:00+00:00","og_image":[{"width":2560,"height":1920,"url":"http:\/\/folhapopular.info\/wp-content\/uploads\/2023\/06\/IMG_3447-scaled.jpg","type":"image\/jpeg"}],"author":"Camille Lenz da Silva","twitter_card":"summary_large_image","twitter_misc":{"Escrito por":"Camille Lenz da Silva","Est. tempo de leitura":"3 minutos"},"schema":{"@context":"https:\/\/schema.org","@graph":[{"@type":"Article","@id":"https:\/\/folhapopular.info\/index.php\/2023\/06\/07\/eduardo-leite-estima-fim-da-egr-e-lancamento-dos-editais-de-concessoes-para-2024\/#article","isPartOf":{"@id":"https:\/\/folhapopular.info\/index.php\/2023\/06\/07\/eduardo-leite-estima-fim-da-egr-e-lancamento-dos-editais-de-concessoes-para-2024\/"},"author":{"name":"Camille Lenz da Silva","@id":"https:\/\/folhapopular.info\/#\/schema\/person\/f0b811f932ef2505faf473ffaef49df5"},"headline":"Eduardo Leite estima fim da EGR e lan\u00e7amento dos editais de concess\u00f5es para 2024","datePublished":"2023-06-07T18:58:57+00:00","dateModified":"2023-06-07T18:59:00+00:00","mainEntityOfPage":{"@id":"https:\/\/folhapopular.info\/index.php\/2023\/06\/07\/eduardo-leite-estima-fim-da-egr-e-lancamento-dos-editais-de-concessoes-para-2024\/"},"wordCount":528,"commentCount":0,"image":{"@id":"https:\/\/folhapopular.info\/index.php\/2023\/06\/07\/eduardo-leite-estima-fim-da-egr-e-lancamento-dos-editais-de-concessoes-para-2024\/#primaryimage"},"thumbnailUrl":"https:\/\/folhapopular.info\/wp-content\/uploads\/2023\/06\/IMG_3447-scaled.jpg","keywords":["CACIS","Concess\u00f5es","Eduardo Leite","EGR","governador do rs","Languiru","traumato-ortopedia"],"articleSection":["Destaques","Geral","Pol\u00edtica"],"inLanguage":"pt-BR","potentialAction":[{"@type":"CommentAction","name":"Comment","target":["https:\/\/folhapopular.info\/index.php\/2023\/06\/07\/eduardo-leite-estima-fim-da-egr-e-lancamento-dos-editais-de-concessoes-para-2024\/#respond"]}]},{"@type":"WebPage","@id":"https:\/\/folhapopular.info\/index.php\/2023\/06\/07\/eduardo-leite-estima-fim-da-egr-e-lancamento-dos-editais-de-concessoes-para-2024\/","url":"https:\/\/folhapopular.info\/index.php\/2023\/06\/07\/eduardo-leite-estima-fim-da-egr-e-lancamento-dos-editais-de-concessoes-para-2024\/","name":"Eduardo Leite estima fim da EGR e lan\u00e7amento dos editais de concess\u00f5es para 2024 - Folha Popular","isPartOf":{"@id":"https:\/\/folhapopular.info\/#website"},"primaryImageOfPage":{"@id":"https:\/\/folhapopular.info\/index.php\/2023\/06\/07\/eduardo-leite-estima-fim-da-egr-e-lancamento-dos-editais-de-concessoes-para-2024\/#primaryimage"},"image":{"@id":"https:\/\/folhapopular.info\/index.php\/2023\/06\/07\/eduardo-leite-estima-fim-da-egr-e-lancamento-dos-editais-de-concessoes-para-2024\/#primaryimage"},"thumbnailUrl":"https:\/\/folhapopular.info\/wp-content\/uploads\/2023\/06\/IMG_3447-scaled.jpg","datePublished":"2023-06-07T18:58:57+00:00","dateModified":"2023-06-07T18:59:00+00:00","author":{"@id":"https:\/\/folhapopular.info\/#\/schema\/person\/f0b811f932ef2505faf473ffaef49df5"},"breadcrumb":{"@id":"https:\/\/folhapopular.info\/index.php\/2023\/06\/07\/eduardo-leite-estima-fim-da-egr-e-lancamento-dos-editais-de-concessoes-para-2024\/#breadcrumb"},"inLanguage":"pt-BR","potentialAction":[{"@type":"ReadAction","target":["https:\/\/folhapopular.info\/index.php\/2023\/06\/07\/eduardo-leite-estima-fim-da-egr-e-lancamento-dos-editais-de-concessoes-para-2024\/"]}]},{"@type":"ImageObject","inLanguage":"pt-BR","@id":"https:\/\/folhapopular.info\/index.php\/2023\/06\/07\/eduardo-leite-estima-fim-da-egr-e-lancamento-dos-editais-de-concessoes-para-2024\/#primaryimage","url":"https:\/\/folhapopular.info\/wp-content\/uploads\/2023\/06\/IMG_3447-scaled.jpg","contentUrl":"https:\/\/folhapopular.info\/wp-content\/uploads\/2023\/06\/IMG_3447-scaled.jpg","width":2560,"height":1920,"caption":"Cr\u00e9dito: Camille Lenz da Silva"},{"@type":"BreadcrumbList","@id":"https:\/\/folhapopular.info\/index.php\/2023\/06\/07\/eduardo-leite-estima-fim-da-egr-e-lancamento-dos-editais-de-concessoes-para-2024\/#breadcrumb","itemListElement":[{"@type":"ListItem","position":1,"name":"In\u00edcio","item":"https:\/\/folhapopular.info\/"},{"@type":"ListItem","position":2,"name":"Eduardo Leite estima fim da EGR e lan\u00e7amento dos editais de concess\u00f5es para 2024"}]},{"@type":"WebSite","@id":"https:\/\/folhapopular.info\/#website","url":"https:\/\/folhapopular.info\/","name":"Folha Popular","description":"Onde voc\u00ea tem vez e voz","potentialAction":[{"@type":"SearchAction","target":{"@type":"EntryPoint","urlTemplate":"https:\/\/folhapopular.info\/?s={search_term_string}"},"query-input":{"@type":"PropertyValueSpecification","valueRequired":true,"valueName":"search_term_string"}}],"inLanguage":"pt-BR"},{"@type":"Person","@id":"https:\/\/folhapopular.info\/#\/schema\/person\/f0b811f932ef2505faf473ffaef49df5","name":"Camille Lenz da Silva","image":{"@type":"ImageObject","inLanguage":"pt-BR","@id":"https:\/\/secure.gravatar.com\/avatar\/50be826d73ca259ec0e0a88a407f5de800c576c46cfdc57e50ef28551e216fff?s=96&d=mm&r=g","url":"https:\/\/secure.gravatar.com\/avatar\/50be826d73ca259ec0e0a88a407f5de800c576c46cfdc57e50ef28551e216fff?s=96&d=mm&r=g","contentUrl":"https:\/\/secure.gravatar.com\/avatar\/50be826d73ca259ec0e0a88a407f5de800c576c46cfdc57e50ef28551e216fff?s=96&d=mm&r=g","caption":"Camille Lenz da Silva"},"url":"https:\/\/folhapopular.info\/index.php\/author\/camillelenzgmail-com\/"}]}},"jetpack_featured_media_url":"https:\/\/folhapopular.info\/wp-content\/uploads\/2023\/06\/IMG_3447-scaled.jpg","jetpack_sharing_enabled":true,"amp_enabled":true,"_links":{"self":[{"href":"https:\/\/folhapopular.info\/index.php\/wp-json\/wp\/v2\/posts\/129203","targetHints":{"allow":["GET"]}}],"collection":[{"href":"https:\/\/folhapopular.info\/index.php\/wp-json\/wp\/v2\/posts"}],"about":[{"href":"https:\/\/folhapopular.info\/index.php\/wp-json\/wp\/v2\/types\/post"}],"author":[{"embeddable":true,"href":"https:\/\/folhapopular.info\/index.php\/wp-json\/wp\/v2\/users\/639"}],"replies":[{"embeddable":true,"href":"https:\/\/folhapopular.info\/index.php\/wp-json\/wp\/v2\/comments?post=129203"}],"version-history":[{"count":0,"href":"https:\/\/folhapopular.info\/index.php\/wp-json\/wp\/v2\/posts\/129203\/revisions"}],"wp:featuredmedia":[{"embeddable":true,"href":"https:\/\/folhapopular.info\/index.php\/wp-json\/wp\/v2\/media\/129207"}],"wp:attachment":[{"href":"https:\/\/folhapopular.info\/index.php\/wp-json\/wp\/v2\/media?parent=129203"}],"wp:term":[{"taxonomy":"category","embeddable":true,"href":"https:\/\/folhapopular.info\/index.php\/wp-json\/wp\/v2\/categories?post=129203"},{"taxonomy":"post_tag","embeddable":true,"href":"https:\/\/folhapopular.info\/index.php\/wp-json\/wp\/v2\/tags?post=129203"}],"curies":[{"name":"wp","href":"https:\/\/api.w.org\/{rel}","templated":true}]}}