{"id":129487,"date":"2023-06-13T08:20:13","date_gmt":"2023-06-13T11:20:13","guid":{"rendered":"https:\/\/folhapopular.info\/?p=129487"},"modified":"2023-06-13T08:20:16","modified_gmt":"2023-06-13T11:20:16","slug":"saude-de-imigrante-adquire-sensor-para-radiografia-digital","status":"publish","type":"post","link":"https:\/\/folhapopular.info\/index.php\/2023\/06\/13\/saude-de-imigrante-adquire-sensor-para-radiografia-digital\/","title":{"rendered":"Sa\u00fade de Imigrante adquire sensor para radiografia digital"},"content":{"rendered":"\n<p>Administra\u00e7\u00e3o Municipal de Imigrante, por meio da Secretaria da Sa\u00fade e Assist\u00eancia Social, adquiriu recentemente um sensor para radiografia digital. O dispositivo foi obtido por R$ 10.558,46, oriundos do Governo Estadual. <\/p>\n\n\n\n<p>\u201cO sensor gera imagens instant\u00e2neas, mais n\u00edtidas e de alta defini\u00e7\u00e3o em poucos segundos. A imagem \u00e9 apresentada na tela do computador para proporcionar um exame digita mais confi\u00e1vel, facilitando a comunica\u00e7\u00e3o com o paciente e tornando o diagn\u00f3stico mais preciso\u201d, explica a dentista Daiane Osterkamp.<\/p>\n\n\n\n<p>O dispositivo reduz o tempo gasto com a revela\u00e7\u00e3o e o uso de produtos qu\u00edmicos, o que o torna ecologicamente correto, tornando o consult\u00f3rio dent\u00e1rio moderno e digital. Tamb\u00e9m proporciona redu\u00e7\u00e3o de 50% da radia\u00e7\u00e3o de um Raio-X convencional, tornando-o mais seguro.<\/p>\n\n\n\n<p>\u201cNosso intuito \u00e9 trazer melhorias constantes em todas as \u00e1reas da sa\u00fade no munic\u00edpio de Imigrante. O sensor digital facilita o trabalho dos dentistas e proporciona um diagn\u00f3stico ainda mais preciso, tornando a resolu\u00e7\u00e3o do problema mais f\u00e1cil\u201d, declarou a secret\u00e1ria J\u00f3ice Cristina Horst.<\/p>\n","protected":false},"excerpt":{"rendered":"<p>Administra\u00e7\u00e3o Municipal de Imigrante, por meio da Secretaria da Sa\u00fade e Assist\u00eancia Social, adquiriu recentemente um sensor para radiografia digital. O dispositivo foi obtido por R$ 10.558,46, oriundos do Governo Estadual. \u201cO sensor gera imagens instant\u00e2neas, mais n\u00edtidas e de alta defini\u00e7\u00e3o em poucos segundos. A imagem \u00e9 apresentada na tela do computador para proporcionar [&hellip;]<\/p>\n","protected":false},"author":8,"featured_media":129488,"comment_status":"open","ping_status":"open","sticky":false,"template":"","format":"standard","meta":{"pmpro_default_level":"","_jetpack_memberships_contains_paid_content":false,"footnotes":""},"categories":[2,3,10986,11091],"tags":[34,12407,12406],"class_list":{"0":"post-129487","1":"post","2":"type-post","3":"status-publish","4":"format-standard","5":"has-post-thumbnail","7":"category-featured","8":"category-geral","9":"category-saude","10":"category-servicos","11":"tag-imigrante","12":"tag-radiografia-digital","13":"tag-raio-x","14":"pmpro-has-access"},"yoast_head":"<!-- This site is optimized with the Yoast SEO plugin v27.5 - https:\/\/yoast.com\/product\/yoast-seo-wordpress\/ -->\n<title>Sa\u00fade de Imigrante adquire sensor para radiografia digital - Folha Popular<\/title>\n<meta name=\"robots\" content=\"index, follow, max-snippet:-1, max-image-preview:large, max-video-preview:-1\" \/>\n<link rel=\"canonical\" href=\"https:\/\/folhapopular.info\/index.php\/2023\/06\/13\/saude-de-imigrante-adquire-sensor-para-radiografia-digital\/\" \/>\n<meta property=\"og:locale\" content=\"pt_BR\" \/>\n<meta property=\"og:type\" content=\"article\" \/>\n<meta property=\"og:title\" content=\"Sa\u00fade de Imigrante adquire sensor para radiografia digital - Folha Popular\" \/>\n<meta property=\"og:description\" content=\"Administra\u00e7\u00e3o Municipal de Imigrante, por meio da Secretaria da Sa\u00fade e Assist\u00eancia Social, adquiriu recentemente um sensor para radiografia digital. O dispositivo foi obtido por R$ 10.558,46, oriundos do Governo Estadual. \u201cO sensor gera imagens instant\u00e2neas, mais n\u00edtidas e de alta defini\u00e7\u00e3o em poucos segundos. A imagem \u00e9 apresentada na tela do computador para proporcionar [&hellip;]\" \/>\n<meta property=\"og:url\" content=\"https:\/\/folhapopular.info\/index.php\/2023\/06\/13\/saude-de-imigrante-adquire-sensor-para-radiografia-digital\/\" \/>\n<meta property=\"og:site_name\" content=\"Folha Popular\" \/>\n<meta property=\"article:published_time\" content=\"2023-06-13T11:20:13+00:00\" \/>\n<meta property=\"article:modified_time\" content=\"2023-06-13T11:20:16+00:00\" \/>\n<meta property=\"og:image\" content=\"http:\/\/folhapopular.info\/wp-content\/uploads\/2023\/06\/DAIANE-RAIO-X-scaled.jpg\" \/>\n\t<meta property=\"og:image:width\" content=\"2560\" \/>\n\t<meta property=\"og:image:height\" content=\"1920\" \/>\n\t<meta property=\"og:image:type\" content=\"image\/jpeg\" \/>\n<meta name=\"author\" content=\"Reda\u00e7\u00e3o Folha Popular\" \/>\n<meta name=\"twitter:card\" content=\"summary_large_image\" \/>\n<meta name=\"twitter:label1\" content=\"Escrito por\" \/>\n\t<meta name=\"twitter:data1\" content=\"Reda\u00e7\u00e3o Folha Popular\" \/>\n\t<meta name=\"twitter:label2\" content=\"Est. tempo de leitura\" \/>\n\t<meta name=\"twitter:data2\" content=\"1 minuto\" \/>\n<script type=\"application\/ld+json\" class=\"yoast-schema-graph\">{\"@context\":\"https:\\\/\\\/schema.org\",\"@graph\":[{\"@type\":\"Article\",\"@id\":\"https:\\\/\\\/folhapopular.info\\\/index.php\\\/2023\\\/06\\\/13\\\/saude-de-imigrante-adquire-sensor-para-radiografia-digital\\\/#article\",\"isPartOf\":{\"@id\":\"https:\\\/\\\/folhapopular.info\\\/index.php\\\/2023\\\/06\\\/13\\\/saude-de-imigrante-adquire-sensor-para-radiografia-digital\\\/\"},\"author\":{\"name\":\"Reda\u00e7\u00e3o Folha Popular\",\"@id\":\"https:\\\/\\\/folhapopular.info\\\/#\\\/schema\\\/person\\\/2814e8a0df7643585a9ca38bc6eb9d4b\"},\"headline\":\"Sa\u00fade de Imigrante adquire sensor para radiografia digital\",\"datePublished\":\"2023-06-13T11:20:13+00:00\",\"dateModified\":\"2023-06-13T11:20:16+00:00\",\"mainEntityOfPage\":{\"@id\":\"https:\\\/\\\/folhapopular.info\\\/index.php\\\/2023\\\/06\\\/13\\\/saude-de-imigrante-adquire-sensor-para-radiografia-digital\\\/\"},\"wordCount\":191,\"commentCount\":0,\"image\":{\"@id\":\"https:\\\/\\\/folhapopular.info\\\/index.php\\\/2023\\\/06\\\/13\\\/saude-de-imigrante-adquire-sensor-para-radiografia-digital\\\/#primaryimage\"},\"thumbnailUrl\":\"https:\\\/\\\/folhapopular.info\\\/wp-content\\\/uploads\\\/2023\\\/06\\\/DAIANE-RAIO-X-scaled.jpg\",\"keywords\":[\"Imigrante\",\"radiografia digital\",\"raio-x\"],\"articleSection\":[\"Destaques\",\"Geral\",\"Sa\u00fade\",\"Servi\u00e7os\"],\"inLanguage\":\"pt-BR\",\"potentialAction\":[{\"@type\":\"CommentAction\",\"name\":\"Comment\",\"target\":[\"https:\\\/\\\/folhapopular.info\\\/index.php\\\/2023\\\/06\\\/13\\\/saude-de-imigrante-adquire-sensor-para-radiografia-digital\\\/#respond\"]}]},{\"@type\":\"WebPage\",\"@id\":\"https:\\\/\\\/folhapopular.info\\\/index.php\\\/2023\\\/06\\\/13\\\/saude-de-imigrante-adquire-sensor-para-radiografia-digital\\\/\",\"url\":\"https:\\\/\\\/folhapopular.info\\\/index.php\\\/2023\\\/06\\\/13\\\/saude-de-imigrante-adquire-sensor-para-radiografia-digital\\\/\",\"name\":\"Sa\u00fade de Imigrante adquire sensor para radiografia digital - Folha Popular\",\"isPartOf\":{\"@id\":\"https:\\\/\\\/folhapopular.info\\\/#website\"},\"primaryImageOfPage\":{\"@id\":\"https:\\\/\\\/folhapopular.info\\\/index.php\\\/2023\\\/06\\\/13\\\/saude-de-imigrante-adquire-sensor-para-radiografia-digital\\\/#primaryimage\"},\"image\":{\"@id\":\"https:\\\/\\\/folhapopular.info\\\/index.php\\\/2023\\\/06\\\/13\\\/saude-de-imigrante-adquire-sensor-para-radiografia-digital\\\/#primaryimage\"},\"thumbnailUrl\":\"https:\\\/\\\/folhapopular.info\\\/wp-content\\\/uploads\\\/2023\\\/06\\\/DAIANE-RAIO-X-scaled.jpg\",\"datePublished\":\"2023-06-13T11:20:13+00:00\",\"dateModified\":\"2023-06-13T11:20:16+00:00\",\"author\":{\"@id\":\"https:\\\/\\\/folhapopular.info\\\/#\\\/schema\\\/person\\\/2814e8a0df7643585a9ca38bc6eb9d4b\"},\"breadcrumb\":{\"@id\":\"https:\\\/\\\/folhapopular.info\\\/index.php\\\/2023\\\/06\\\/13\\\/saude-de-imigrante-adquire-sensor-para-radiografia-digital\\\/#breadcrumb\"},\"inLanguage\":\"pt-BR\",\"potentialAction\":[{\"@type\":\"ReadAction\",\"target\":[\"https:\\\/\\\/folhapopular.info\\\/index.php\\\/2023\\\/06\\\/13\\\/saude-de-imigrante-adquire-sensor-para-radiografia-digital\\\/\"]}]},{\"@type\":\"ImageObject\",\"inLanguage\":\"pt-BR\",\"@id\":\"https:\\\/\\\/folhapopular.info\\\/index.php\\\/2023\\\/06\\\/13\\\/saude-de-imigrante-adquire-sensor-para-radiografia-digital\\\/#primaryimage\",\"url\":\"https:\\\/\\\/folhapopular.info\\\/wp-content\\\/uploads\\\/2023\\\/06\\\/DAIANE-RAIO-X-scaled.jpg\",\"contentUrl\":\"https:\\\/\\\/folhapopular.info\\\/wp-content\\\/uploads\\\/2023\\\/06\\\/DAIANE-RAIO-X-scaled.jpg\",\"width\":2560,\"height\":1920,\"caption\":\"Cr\u00e9dito: Carlos Eduardo Schneider \\\/ AI Prefeitura de Imigrante\"},{\"@type\":\"BreadcrumbList\",\"@id\":\"https:\\\/\\\/folhapopular.info\\\/index.php\\\/2023\\\/06\\\/13\\\/saude-de-imigrante-adquire-sensor-para-radiografia-digital\\\/#breadcrumb\",\"itemListElement\":[{\"@type\":\"ListItem\",\"position\":1,\"name\":\"In\u00edcio\",\"item\":\"https:\\\/\\\/folhapopular.info\\\/\"},{\"@type\":\"ListItem\",\"position\":2,\"name\":\"Sa\u00fade de Imigrante adquire sensor para radiografia digital\"}]},{\"@type\":\"WebSite\",\"@id\":\"https:\\\/\\\/folhapopular.info\\\/#website\",\"url\":\"https:\\\/\\\/folhapopular.info\\\/\",\"name\":\"Folha Popular\",\"description\":\"Onde voc\u00ea tem vez e voz\",\"potentialAction\":[{\"@type\":\"SearchAction\",\"target\":{\"@type\":\"EntryPoint\",\"urlTemplate\":\"https:\\\/\\\/folhapopular.info\\\/?s={search_term_string}\"},\"query-input\":{\"@type\":\"PropertyValueSpecification\",\"valueRequired\":true,\"valueName\":\"search_term_string\"}}],\"inLanguage\":\"pt-BR\"},{\"@type\":\"Person\",\"@id\":\"https:\\\/\\\/folhapopular.info\\\/#\\\/schema\\\/person\\\/2814e8a0df7643585a9ca38bc6eb9d4b\",\"name\":\"Reda\u00e7\u00e3o Folha Popular\",\"image\":{\"@type\":\"ImageObject\",\"inLanguage\":\"pt-BR\",\"@id\":\"https:\\\/\\\/folhapopular.info\\\/wp-content\\\/uploads\\\/2026\\\/04\\\/Folha-1.webp\",\"url\":\"https:\\\/\\\/folhapopular.info\\\/wp-content\\\/uploads\\\/2026\\\/04\\\/Folha-1.webp\",\"contentUrl\":\"https:\\\/\\\/folhapopular.info\\\/wp-content\\\/uploads\\\/2026\\\/04\\\/Folha-1.webp\",\"caption\":\"Reda\u00e7\u00e3o Folha Popular\"},\"url\":\"https:\\\/\\\/folhapopular.info\\\/index.php\\\/author\\\/redacao\\\/\"}]}<\/script>\n<!-- \/ Yoast SEO plugin. -->","yoast_head_json":{"title":"Sa\u00fade de Imigrante adquire sensor para radiografia digital - Folha Popular","robots":{"index":"index","follow":"follow","max-snippet":"max-snippet:-1","max-image-preview":"max-image-preview:large","max-video-preview":"max-video-preview:-1"},"canonical":"https:\/\/folhapopular.info\/index.php\/2023\/06\/13\/saude-de-imigrante-adquire-sensor-para-radiografia-digital\/","og_locale":"pt_BR","og_type":"article","og_title":"Sa\u00fade de Imigrante adquire sensor para radiografia digital - Folha Popular","og_description":"Administra\u00e7\u00e3o Municipal de Imigrante, por meio da Secretaria da Sa\u00fade e Assist\u00eancia Social, adquiriu recentemente um sensor para radiografia digital. O dispositivo foi obtido por R$ 10.558,46, oriundos do Governo Estadual. \u201cO sensor gera imagens instant\u00e2neas, mais n\u00edtidas e de alta defini\u00e7\u00e3o em poucos segundos. A imagem \u00e9 apresentada na tela do computador para proporcionar [&hellip;]","og_url":"https:\/\/folhapopular.info\/index.php\/2023\/06\/13\/saude-de-imigrante-adquire-sensor-para-radiografia-digital\/","og_site_name":"Folha Popular","article_published_time":"2023-06-13T11:20:13+00:00","article_modified_time":"2023-06-13T11:20:16+00:00","og_image":[{"width":2560,"height":1920,"url":"http:\/\/folhapopular.info\/wp-content\/uploads\/2023\/06\/DAIANE-RAIO-X-scaled.jpg","type":"image\/jpeg"}],"author":"Reda\u00e7\u00e3o Folha Popular","twitter_card":"summary_large_image","twitter_misc":{"Escrito por":"Reda\u00e7\u00e3o Folha Popular","Est. tempo de leitura":"1 minuto"},"schema":{"@context":"https:\/\/schema.org","@graph":[{"@type":"Article","@id":"https:\/\/folhapopular.info\/index.php\/2023\/06\/13\/saude-de-imigrante-adquire-sensor-para-radiografia-digital\/#article","isPartOf":{"@id":"https:\/\/folhapopular.info\/index.php\/2023\/06\/13\/saude-de-imigrante-adquire-sensor-para-radiografia-digital\/"},"author":{"name":"Reda\u00e7\u00e3o Folha Popular","@id":"https:\/\/folhapopular.info\/#\/schema\/person\/2814e8a0df7643585a9ca38bc6eb9d4b"},"headline":"Sa\u00fade de Imigrante adquire sensor para radiografia digital","datePublished":"2023-06-13T11:20:13+00:00","dateModified":"2023-06-13T11:20:16+00:00","mainEntityOfPage":{"@id":"https:\/\/folhapopular.info\/index.php\/2023\/06\/13\/saude-de-imigrante-adquire-sensor-para-radiografia-digital\/"},"wordCount":191,"commentCount":0,"image":{"@id":"https:\/\/folhapopular.info\/index.php\/2023\/06\/13\/saude-de-imigrante-adquire-sensor-para-radiografia-digital\/#primaryimage"},"thumbnailUrl":"https:\/\/folhapopular.info\/wp-content\/uploads\/2023\/06\/DAIANE-RAIO-X-scaled.jpg","keywords":["Imigrante","radiografia digital","raio-x"],"articleSection":["Destaques","Geral","Sa\u00fade","Servi\u00e7os"],"inLanguage":"pt-BR","potentialAction":[{"@type":"CommentAction","name":"Comment","target":["https:\/\/folhapopular.info\/index.php\/2023\/06\/13\/saude-de-imigrante-adquire-sensor-para-radiografia-digital\/#respond"]}]},{"@type":"WebPage","@id":"https:\/\/folhapopular.info\/index.php\/2023\/06\/13\/saude-de-imigrante-adquire-sensor-para-radiografia-digital\/","url":"https:\/\/folhapopular.info\/index.php\/2023\/06\/13\/saude-de-imigrante-adquire-sensor-para-radiografia-digital\/","name":"Sa\u00fade de Imigrante adquire sensor para radiografia digital - Folha Popular","isPartOf":{"@id":"https:\/\/folhapopular.info\/#website"},"primaryImageOfPage":{"@id":"https:\/\/folhapopular.info\/index.php\/2023\/06\/13\/saude-de-imigrante-adquire-sensor-para-radiografia-digital\/#primaryimage"},"image":{"@id":"https:\/\/folhapopular.info\/index.php\/2023\/06\/13\/saude-de-imigrante-adquire-sensor-para-radiografia-digital\/#primaryimage"},"thumbnailUrl":"https:\/\/folhapopular.info\/wp-content\/uploads\/2023\/06\/DAIANE-RAIO-X-scaled.jpg","datePublished":"2023-06-13T11:20:13+00:00","dateModified":"2023-06-13T11:20:16+00:00","author":{"@id":"https:\/\/folhapopular.info\/#\/schema\/person\/2814e8a0df7643585a9ca38bc6eb9d4b"},"breadcrumb":{"@id":"https:\/\/folhapopular.info\/index.php\/2023\/06\/13\/saude-de-imigrante-adquire-sensor-para-radiografia-digital\/#breadcrumb"},"inLanguage":"pt-BR","potentialAction":[{"@type":"ReadAction","target":["https:\/\/folhapopular.info\/index.php\/2023\/06\/13\/saude-de-imigrante-adquire-sensor-para-radiografia-digital\/"]}]},{"@type":"ImageObject","inLanguage":"pt-BR","@id":"https:\/\/folhapopular.info\/index.php\/2023\/06\/13\/saude-de-imigrante-adquire-sensor-para-radiografia-digital\/#primaryimage","url":"https:\/\/folhapopular.info\/wp-content\/uploads\/2023\/06\/DAIANE-RAIO-X-scaled.jpg","contentUrl":"https:\/\/folhapopular.info\/wp-content\/uploads\/2023\/06\/DAIANE-RAIO-X-scaled.jpg","width":2560,"height":1920,"caption":"Cr\u00e9dito: Carlos Eduardo Schneider \/ AI Prefeitura de Imigrante"},{"@type":"BreadcrumbList","@id":"https:\/\/folhapopular.info\/index.php\/2023\/06\/13\/saude-de-imigrante-adquire-sensor-para-radiografia-digital\/#breadcrumb","itemListElement":[{"@type":"ListItem","position":1,"name":"In\u00edcio","item":"https:\/\/folhapopular.info\/"},{"@type":"ListItem","position":2,"name":"Sa\u00fade de Imigrante adquire sensor para radiografia digital"}]},{"@type":"WebSite","@id":"https:\/\/folhapopular.info\/#website","url":"https:\/\/folhapopular.info\/","name":"Folha Popular","description":"Onde voc\u00ea tem vez e voz","potentialAction":[{"@type":"SearchAction","target":{"@type":"EntryPoint","urlTemplate":"https:\/\/folhapopular.info\/?s={search_term_string}"},"query-input":{"@type":"PropertyValueSpecification","valueRequired":true,"valueName":"search_term_string"}}],"inLanguage":"pt-BR"},{"@type":"Person","@id":"https:\/\/folhapopular.info\/#\/schema\/person\/2814e8a0df7643585a9ca38bc6eb9d4b","name":"Reda\u00e7\u00e3o Folha Popular","image":{"@type":"ImageObject","inLanguage":"pt-BR","@id":"https:\/\/folhapopular.info\/wp-content\/uploads\/2026\/04\/Folha-1.webp","url":"https:\/\/folhapopular.info\/wp-content\/uploads\/2026\/04\/Folha-1.webp","contentUrl":"https:\/\/folhapopular.info\/wp-content\/uploads\/2026\/04\/Folha-1.webp","caption":"Reda\u00e7\u00e3o Folha Popular"},"url":"https:\/\/folhapopular.info\/index.php\/author\/redacao\/"}]}},"jetpack_featured_media_url":"https:\/\/folhapopular.info\/wp-content\/uploads\/2023\/06\/DAIANE-RAIO-X-scaled.jpg","jetpack_sharing_enabled":true,"amp_enabled":true,"_links":{"self":[{"href":"https:\/\/folhapopular.info\/index.php\/wp-json\/wp\/v2\/posts\/129487","targetHints":{"allow":["GET"]}}],"collection":[{"href":"https:\/\/folhapopular.info\/index.php\/wp-json\/wp\/v2\/posts"}],"about":[{"href":"https:\/\/folhapopular.info\/index.php\/wp-json\/wp\/v2\/types\/post"}],"author":[{"embeddable":true,"href":"https:\/\/folhapopular.info\/index.php\/wp-json\/wp\/v2\/users\/8"}],"replies":[{"embeddable":true,"href":"https:\/\/folhapopular.info\/index.php\/wp-json\/wp\/v2\/comments?post=129487"}],"version-history":[{"count":0,"href":"https:\/\/folhapopular.info\/index.php\/wp-json\/wp\/v2\/posts\/129487\/revisions"}],"wp:featuredmedia":[{"embeddable":true,"href":"https:\/\/folhapopular.info\/index.php\/wp-json\/wp\/v2\/media\/129488"}],"wp:attachment":[{"href":"https:\/\/folhapopular.info\/index.php\/wp-json\/wp\/v2\/media?parent=129487"}],"wp:term":[{"taxonomy":"category","embeddable":true,"href":"https:\/\/folhapopular.info\/index.php\/wp-json\/wp\/v2\/categories?post=129487"},{"taxonomy":"post_tag","embeddable":true,"href":"https:\/\/folhapopular.info\/index.php\/wp-json\/wp\/v2\/tags?post=129487"}],"curies":[{"name":"wp","href":"https:\/\/api.w.org\/{rel}","templated":true}]}}