{"id":129595,"date":"2023-06-13T21:55:54","date_gmt":"2023-06-14T00:55:54","guid":{"rendered":"https:\/\/folhapopular.info\/?p=129595"},"modified":"2023-06-13T21:55:57","modified_gmt":"2023-06-14T00:55:57","slug":"apl-alimentos-e-bebidas-vale-do-taquari-comemora-um-ano-de-reconhecimento-estadual","status":"publish","type":"post","link":"https:\/\/folhapopular.info\/index.php\/2023\/06\/13\/apl-alimentos-e-bebidas-vale-do-taquari-comemora-um-ano-de-reconhecimento-estadual\/","title":{"rendered":"APL Alimentos e Bebidas Vale do Taquari comemora um ano de reconhecimento estadual"},"content":{"rendered":"\n<p>O Arranjo Produtivo Local Alimentos e Bebidas Vale do Taquari (APL AB VT) comemorou nesta ter\u00e7a-feira (13\/6) um ano de reconhecimento pelo Governo do Estado. Visando celebrar a ocasi\u00e3o, foi realizada na noite de hoje a primeira plen\u00e1ria do Arranjo em 2023.<\/p>\n\n\n\n<p>A pauta iniciou com a linha do tempo e presta\u00e7\u00e3o de contas das atividades j\u00e1 realizadas. No primeiro semestre, foram realizadas tr\u00eas reuni\u00f5es gerais, dois <em>workshops<\/em>, uma miss\u00e3o empresarial, um evento de inova\u00e7\u00e3o, uma plen\u00e1rias, visita \u00e0 institui\u00e7\u00e3o banc\u00e1ria e concedidos cinco certificados via Fundo Opera\u00e7\u00e3o Empresa do Estado do Rio Grande do Sul (Fundopem).<\/p>\n\n\n\n<p>At\u00e9 o momento, o APL possui 38 empresas associadas. Neste ano, outras 20 foram visitadas, das quais cinco j\u00e1 aderiram, 11 est\u00e3o em an\u00e1lise e quatro decidiram n\u00e3o aderir. &#8220;Somente nos fortalecendo como grupo \u00e9 que conseguiremos dar mais voz \u00e0s nossas necessidades&#8221;, citou Aline Eggers Bagatini, coordenadora do APL.<\/p>\n\n\n\n<p>Dentre as atividades realizadas no primeiro semestre, deu-se destaque \u00e0 videoconfer\u00eancia organizada pela Secretaria de Desenvolvimento Econ\u00f4mico do Estado, onde a equipe do Vale buscou informa\u00e7\u00f5es sobre as oportunidades ofertadas aos APLs e a abertura de editais. &#8220;Obtivemos uma grande experi\u00eancia com os outros arranjos, que est\u00e3o muito mais avan\u00e7ados. Tamb\u00e9m est\u00e1 previsto o lan\u00e7amento do edital para os APLs para o fim do 1\u00ba semestre, com R$ 200 mil de verba para projetos de fomento&#8221;, citou Leonita dos Santos Boufet, diretora administrativa financeira da Docile Alimentos e vice-coordenadora do APL AB VT.<\/p>\n","protected":false},"excerpt":{"rendered":"<p>O Arranjo Produtivo Local Alimentos e Bebidas Vale do Taquari (APL AB VT) comemorou nesta ter\u00e7a-feira (13\/6) um ano de reconhecimento pelo Governo do Estado. Visando celebrar a ocasi\u00e3o, foi realizada na noite de hoje a primeira plen\u00e1ria do Arranjo em 2023. A pauta iniciou com a linha do tempo e presta\u00e7\u00e3o de contas das [&hellip;]<\/p>\n","protected":false},"author":639,"featured_media":129597,"comment_status":"open","ping_status":"open","sticky":false,"template":"","format":"standard","meta":{"pmpro_default_level":"","_jetpack_memberships_contains_paid_content":false,"footnotes":""},"categories":[2,10991,10993],"tags":[11834,11698,10091,156],"class_list":{"0":"post-129595","1":"post","2":"type-post","3":"status-publish","4":"format-standard","5":"has-post-thumbnail","7":"category-featured","8":"category-economia","9":"category-empreender","10":"tag-alimentos-e-bebidas","11":"tag-apl-ab-vt","12":"tag-apl-vale-do-taquari","13":"tag-vale-do-taquari","14":"pmpro-has-access"},"yoast_head":"<!-- This site is optimized with the Yoast SEO plugin v27.5 - https:\/\/yoast.com\/product\/yoast-seo-wordpress\/ -->\n<title>APL Alimentos e Bebidas Vale do Taquari comemora um ano de reconhecimento estadual - Folha Popular<\/title>\n<meta name=\"robots\" content=\"index, follow, max-snippet:-1, max-image-preview:large, max-video-preview:-1\" \/>\n<link rel=\"canonical\" href=\"https:\/\/folhapopular.info\/index.php\/2023\/06\/13\/apl-alimentos-e-bebidas-vale-do-taquari-comemora-um-ano-de-reconhecimento-estadual\/\" \/>\n<meta property=\"og:locale\" content=\"pt_BR\" \/>\n<meta property=\"og:type\" content=\"article\" \/>\n<meta property=\"og:title\" content=\"APL Alimentos e Bebidas Vale do Taquari comemora um ano de reconhecimento estadual - Folha Popular\" \/>\n<meta property=\"og:description\" content=\"O Arranjo Produtivo Local Alimentos e Bebidas Vale do Taquari (APL AB VT) comemorou nesta ter\u00e7a-feira (13\/6) um ano de reconhecimento pelo Governo do Estado. Visando celebrar a ocasi\u00e3o, foi realizada na noite de hoje a primeira plen\u00e1ria do Arranjo em 2023. A pauta iniciou com a linha do tempo e presta\u00e7\u00e3o de contas das [&hellip;]\" \/>\n<meta property=\"og:url\" content=\"https:\/\/folhapopular.info\/index.php\/2023\/06\/13\/apl-alimentos-e-bebidas-vale-do-taquari-comemora-um-ano-de-reconhecimento-estadual\/\" \/>\n<meta property=\"og:site_name\" content=\"Folha Popular\" \/>\n<meta property=\"article:published_time\" content=\"2023-06-14T00:55:54+00:00\" \/>\n<meta property=\"article:modified_time\" content=\"2023-06-14T00:55:57+00:00\" \/>\n<meta property=\"og:image\" content=\"http:\/\/folhapopular.info\/wp-content\/uploads\/2023\/06\/IMG_3596-scaled.jpg\" \/>\n\t<meta property=\"og:image:width\" content=\"2560\" \/>\n\t<meta property=\"og:image:height\" content=\"1920\" \/>\n\t<meta property=\"og:image:type\" content=\"image\/jpeg\" \/>\n<meta name=\"author\" content=\"Camille Lenz da Silva\" \/>\n<meta name=\"twitter:card\" content=\"summary_large_image\" \/>\n<meta name=\"twitter:label1\" content=\"Escrito por\" \/>\n\t<meta name=\"twitter:data1\" content=\"Camille Lenz da Silva\" \/>\n\t<meta name=\"twitter:label2\" content=\"Est. tempo de leitura\" \/>\n\t<meta name=\"twitter:data2\" content=\"2 minutos\" \/>\n<script type=\"application\/ld+json\" class=\"yoast-schema-graph\">{\"@context\":\"https:\\\/\\\/schema.org\",\"@graph\":[{\"@type\":\"Article\",\"@id\":\"https:\\\/\\\/folhapopular.info\\\/index.php\\\/2023\\\/06\\\/13\\\/apl-alimentos-e-bebidas-vale-do-taquari-comemora-um-ano-de-reconhecimento-estadual\\\/#article\",\"isPartOf\":{\"@id\":\"https:\\\/\\\/folhapopular.info\\\/index.php\\\/2023\\\/06\\\/13\\\/apl-alimentos-e-bebidas-vale-do-taquari-comemora-um-ano-de-reconhecimento-estadual\\\/\"},\"author\":{\"name\":\"Camille Lenz da Silva\",\"@id\":\"https:\\\/\\\/folhapopular.info\\\/#\\\/schema\\\/person\\\/f0b811f932ef2505faf473ffaef49df5\"},\"headline\":\"APL Alimentos e Bebidas Vale do Taquari comemora um ano de reconhecimento estadual\",\"datePublished\":\"2023-06-14T00:55:54+00:00\",\"dateModified\":\"2023-06-14T00:55:57+00:00\",\"mainEntityOfPage\":{\"@id\":\"https:\\\/\\\/folhapopular.info\\\/index.php\\\/2023\\\/06\\\/13\\\/apl-alimentos-e-bebidas-vale-do-taquari-comemora-um-ano-de-reconhecimento-estadual\\\/\"},\"wordCount\":266,\"commentCount\":0,\"image\":{\"@id\":\"https:\\\/\\\/folhapopular.info\\\/index.php\\\/2023\\\/06\\\/13\\\/apl-alimentos-e-bebidas-vale-do-taquari-comemora-um-ano-de-reconhecimento-estadual\\\/#primaryimage\"},\"thumbnailUrl\":\"https:\\\/\\\/folhapopular.info\\\/wp-content\\\/uploads\\\/2023\\\/06\\\/IMG_3596-scaled.jpg\",\"keywords\":[\"alimentos e bebidas\",\"apl ab vt\",\"apl vale do taquari\",\"Vale do Taquari\"],\"articleSection\":[\"Destaques\",\"Economia\",\"Empreender\"],\"inLanguage\":\"pt-BR\",\"potentialAction\":[{\"@type\":\"CommentAction\",\"name\":\"Comment\",\"target\":[\"https:\\\/\\\/folhapopular.info\\\/index.php\\\/2023\\\/06\\\/13\\\/apl-alimentos-e-bebidas-vale-do-taquari-comemora-um-ano-de-reconhecimento-estadual\\\/#respond\"]}]},{\"@type\":\"WebPage\",\"@id\":\"https:\\\/\\\/folhapopular.info\\\/index.php\\\/2023\\\/06\\\/13\\\/apl-alimentos-e-bebidas-vale-do-taquari-comemora-um-ano-de-reconhecimento-estadual\\\/\",\"url\":\"https:\\\/\\\/folhapopular.info\\\/index.php\\\/2023\\\/06\\\/13\\\/apl-alimentos-e-bebidas-vale-do-taquari-comemora-um-ano-de-reconhecimento-estadual\\\/\",\"name\":\"APL Alimentos e Bebidas Vale do Taquari comemora um ano de reconhecimento estadual - Folha Popular\",\"isPartOf\":{\"@id\":\"https:\\\/\\\/folhapopular.info\\\/#website\"},\"primaryImageOfPage\":{\"@id\":\"https:\\\/\\\/folhapopular.info\\\/index.php\\\/2023\\\/06\\\/13\\\/apl-alimentos-e-bebidas-vale-do-taquari-comemora-um-ano-de-reconhecimento-estadual\\\/#primaryimage\"},\"image\":{\"@id\":\"https:\\\/\\\/folhapopular.info\\\/index.php\\\/2023\\\/06\\\/13\\\/apl-alimentos-e-bebidas-vale-do-taquari-comemora-um-ano-de-reconhecimento-estadual\\\/#primaryimage\"},\"thumbnailUrl\":\"https:\\\/\\\/folhapopular.info\\\/wp-content\\\/uploads\\\/2023\\\/06\\\/IMG_3596-scaled.jpg\",\"datePublished\":\"2023-06-14T00:55:54+00:00\",\"dateModified\":\"2023-06-14T00:55:57+00:00\",\"author\":{\"@id\":\"https:\\\/\\\/folhapopular.info\\\/#\\\/schema\\\/person\\\/f0b811f932ef2505faf473ffaef49df5\"},\"breadcrumb\":{\"@id\":\"https:\\\/\\\/folhapopular.info\\\/index.php\\\/2023\\\/06\\\/13\\\/apl-alimentos-e-bebidas-vale-do-taquari-comemora-um-ano-de-reconhecimento-estadual\\\/#breadcrumb\"},\"inLanguage\":\"pt-BR\",\"potentialAction\":[{\"@type\":\"ReadAction\",\"target\":[\"https:\\\/\\\/folhapopular.info\\\/index.php\\\/2023\\\/06\\\/13\\\/apl-alimentos-e-bebidas-vale-do-taquari-comemora-um-ano-de-reconhecimento-estadual\\\/\"]}]},{\"@type\":\"ImageObject\",\"inLanguage\":\"pt-BR\",\"@id\":\"https:\\\/\\\/folhapopular.info\\\/index.php\\\/2023\\\/06\\\/13\\\/apl-alimentos-e-bebidas-vale-do-taquari-comemora-um-ano-de-reconhecimento-estadual\\\/#primaryimage\",\"url\":\"https:\\\/\\\/folhapopular.info\\\/wp-content\\\/uploads\\\/2023\\\/06\\\/IMG_3596-scaled.jpg\",\"contentUrl\":\"https:\\\/\\\/folhapopular.info\\\/wp-content\\\/uploads\\\/2023\\\/06\\\/IMG_3596-scaled.jpg\",\"width\":2560,\"height\":1920,\"caption\":\"Cr\u00e9dito: Camille Lenz da Silva\"},{\"@type\":\"BreadcrumbList\",\"@id\":\"https:\\\/\\\/folhapopular.info\\\/index.php\\\/2023\\\/06\\\/13\\\/apl-alimentos-e-bebidas-vale-do-taquari-comemora-um-ano-de-reconhecimento-estadual\\\/#breadcrumb\",\"itemListElement\":[{\"@type\":\"ListItem\",\"position\":1,\"name\":\"In\u00edcio\",\"item\":\"https:\\\/\\\/folhapopular.info\\\/\"},{\"@type\":\"ListItem\",\"position\":2,\"name\":\"APL Alimentos e Bebidas Vale do Taquari comemora um ano de reconhecimento estadual\"}]},{\"@type\":\"WebSite\",\"@id\":\"https:\\\/\\\/folhapopular.info\\\/#website\",\"url\":\"https:\\\/\\\/folhapopular.info\\\/\",\"name\":\"Folha Popular\",\"description\":\"Onde voc\u00ea tem vez e voz\",\"potentialAction\":[{\"@type\":\"SearchAction\",\"target\":{\"@type\":\"EntryPoint\",\"urlTemplate\":\"https:\\\/\\\/folhapopular.info\\\/?s={search_term_string}\"},\"query-input\":{\"@type\":\"PropertyValueSpecification\",\"valueRequired\":true,\"valueName\":\"search_term_string\"}}],\"inLanguage\":\"pt-BR\"},{\"@type\":\"Person\",\"@id\":\"https:\\\/\\\/folhapopular.info\\\/#\\\/schema\\\/person\\\/f0b811f932ef2505faf473ffaef49df5\",\"name\":\"Camille Lenz da Silva\",\"image\":{\"@type\":\"ImageObject\",\"inLanguage\":\"pt-BR\",\"@id\":\"https:\\\/\\\/secure.gravatar.com\\\/avatar\\\/50be826d73ca259ec0e0a88a407f5de800c576c46cfdc57e50ef28551e216fff?s=96&d=mm&r=g\",\"url\":\"https:\\\/\\\/secure.gravatar.com\\\/avatar\\\/50be826d73ca259ec0e0a88a407f5de800c576c46cfdc57e50ef28551e216fff?s=96&d=mm&r=g\",\"contentUrl\":\"https:\\\/\\\/secure.gravatar.com\\\/avatar\\\/50be826d73ca259ec0e0a88a407f5de800c576c46cfdc57e50ef28551e216fff?s=96&d=mm&r=g\",\"caption\":\"Camille Lenz da Silva\"},\"url\":\"https:\\\/\\\/folhapopular.info\\\/index.php\\\/author\\\/camillelenzgmail-com\\\/\"}]}<\/script>\n<!-- \/ Yoast SEO plugin. -->","yoast_head_json":{"title":"APL Alimentos e Bebidas Vale do Taquari comemora um ano de reconhecimento estadual - Folha Popular","robots":{"index":"index","follow":"follow","max-snippet":"max-snippet:-1","max-image-preview":"max-image-preview:large","max-video-preview":"max-video-preview:-1"},"canonical":"https:\/\/folhapopular.info\/index.php\/2023\/06\/13\/apl-alimentos-e-bebidas-vale-do-taquari-comemora-um-ano-de-reconhecimento-estadual\/","og_locale":"pt_BR","og_type":"article","og_title":"APL Alimentos e Bebidas Vale do Taquari comemora um ano de reconhecimento estadual - Folha Popular","og_description":"O Arranjo Produtivo Local Alimentos e Bebidas Vale do Taquari (APL AB VT) comemorou nesta ter\u00e7a-feira (13\/6) um ano de reconhecimento pelo Governo do Estado. Visando celebrar a ocasi\u00e3o, foi realizada na noite de hoje a primeira plen\u00e1ria do Arranjo em 2023. A pauta iniciou com a linha do tempo e presta\u00e7\u00e3o de contas das [&hellip;]","og_url":"https:\/\/folhapopular.info\/index.php\/2023\/06\/13\/apl-alimentos-e-bebidas-vale-do-taquari-comemora-um-ano-de-reconhecimento-estadual\/","og_site_name":"Folha Popular","article_published_time":"2023-06-14T00:55:54+00:00","article_modified_time":"2023-06-14T00:55:57+00:00","og_image":[{"width":2560,"height":1920,"url":"http:\/\/folhapopular.info\/wp-content\/uploads\/2023\/06\/IMG_3596-scaled.jpg","type":"image\/jpeg"}],"author":"Camille Lenz da Silva","twitter_card":"summary_large_image","twitter_misc":{"Escrito por":"Camille Lenz da Silva","Est. tempo de leitura":"2 minutos"},"schema":{"@context":"https:\/\/schema.org","@graph":[{"@type":"Article","@id":"https:\/\/folhapopular.info\/index.php\/2023\/06\/13\/apl-alimentos-e-bebidas-vale-do-taquari-comemora-um-ano-de-reconhecimento-estadual\/#article","isPartOf":{"@id":"https:\/\/folhapopular.info\/index.php\/2023\/06\/13\/apl-alimentos-e-bebidas-vale-do-taquari-comemora-um-ano-de-reconhecimento-estadual\/"},"author":{"name":"Camille Lenz da Silva","@id":"https:\/\/folhapopular.info\/#\/schema\/person\/f0b811f932ef2505faf473ffaef49df5"},"headline":"APL Alimentos e Bebidas Vale do Taquari comemora um ano de reconhecimento estadual","datePublished":"2023-06-14T00:55:54+00:00","dateModified":"2023-06-14T00:55:57+00:00","mainEntityOfPage":{"@id":"https:\/\/folhapopular.info\/index.php\/2023\/06\/13\/apl-alimentos-e-bebidas-vale-do-taquari-comemora-um-ano-de-reconhecimento-estadual\/"},"wordCount":266,"commentCount":0,"image":{"@id":"https:\/\/folhapopular.info\/index.php\/2023\/06\/13\/apl-alimentos-e-bebidas-vale-do-taquari-comemora-um-ano-de-reconhecimento-estadual\/#primaryimage"},"thumbnailUrl":"https:\/\/folhapopular.info\/wp-content\/uploads\/2023\/06\/IMG_3596-scaled.jpg","keywords":["alimentos e bebidas","apl ab vt","apl vale do taquari","Vale do Taquari"],"articleSection":["Destaques","Economia","Empreender"],"inLanguage":"pt-BR","potentialAction":[{"@type":"CommentAction","name":"Comment","target":["https:\/\/folhapopular.info\/index.php\/2023\/06\/13\/apl-alimentos-e-bebidas-vale-do-taquari-comemora-um-ano-de-reconhecimento-estadual\/#respond"]}]},{"@type":"WebPage","@id":"https:\/\/folhapopular.info\/index.php\/2023\/06\/13\/apl-alimentos-e-bebidas-vale-do-taquari-comemora-um-ano-de-reconhecimento-estadual\/","url":"https:\/\/folhapopular.info\/index.php\/2023\/06\/13\/apl-alimentos-e-bebidas-vale-do-taquari-comemora-um-ano-de-reconhecimento-estadual\/","name":"APL Alimentos e Bebidas Vale do Taquari comemora um ano de reconhecimento estadual - Folha Popular","isPartOf":{"@id":"https:\/\/folhapopular.info\/#website"},"primaryImageOfPage":{"@id":"https:\/\/folhapopular.info\/index.php\/2023\/06\/13\/apl-alimentos-e-bebidas-vale-do-taquari-comemora-um-ano-de-reconhecimento-estadual\/#primaryimage"},"image":{"@id":"https:\/\/folhapopular.info\/index.php\/2023\/06\/13\/apl-alimentos-e-bebidas-vale-do-taquari-comemora-um-ano-de-reconhecimento-estadual\/#primaryimage"},"thumbnailUrl":"https:\/\/folhapopular.info\/wp-content\/uploads\/2023\/06\/IMG_3596-scaled.jpg","datePublished":"2023-06-14T00:55:54+00:00","dateModified":"2023-06-14T00:55:57+00:00","author":{"@id":"https:\/\/folhapopular.info\/#\/schema\/person\/f0b811f932ef2505faf473ffaef49df5"},"breadcrumb":{"@id":"https:\/\/folhapopular.info\/index.php\/2023\/06\/13\/apl-alimentos-e-bebidas-vale-do-taquari-comemora-um-ano-de-reconhecimento-estadual\/#breadcrumb"},"inLanguage":"pt-BR","potentialAction":[{"@type":"ReadAction","target":["https:\/\/folhapopular.info\/index.php\/2023\/06\/13\/apl-alimentos-e-bebidas-vale-do-taquari-comemora-um-ano-de-reconhecimento-estadual\/"]}]},{"@type":"ImageObject","inLanguage":"pt-BR","@id":"https:\/\/folhapopular.info\/index.php\/2023\/06\/13\/apl-alimentos-e-bebidas-vale-do-taquari-comemora-um-ano-de-reconhecimento-estadual\/#primaryimage","url":"https:\/\/folhapopular.info\/wp-content\/uploads\/2023\/06\/IMG_3596-scaled.jpg","contentUrl":"https:\/\/folhapopular.info\/wp-content\/uploads\/2023\/06\/IMG_3596-scaled.jpg","width":2560,"height":1920,"caption":"Cr\u00e9dito: Camille Lenz da Silva"},{"@type":"BreadcrumbList","@id":"https:\/\/folhapopular.info\/index.php\/2023\/06\/13\/apl-alimentos-e-bebidas-vale-do-taquari-comemora-um-ano-de-reconhecimento-estadual\/#breadcrumb","itemListElement":[{"@type":"ListItem","position":1,"name":"In\u00edcio","item":"https:\/\/folhapopular.info\/"},{"@type":"ListItem","position":2,"name":"APL Alimentos e Bebidas Vale do Taquari comemora um ano de reconhecimento estadual"}]},{"@type":"WebSite","@id":"https:\/\/folhapopular.info\/#website","url":"https:\/\/folhapopular.info\/","name":"Folha Popular","description":"Onde voc\u00ea tem vez e voz","potentialAction":[{"@type":"SearchAction","target":{"@type":"EntryPoint","urlTemplate":"https:\/\/folhapopular.info\/?s={search_term_string}"},"query-input":{"@type":"PropertyValueSpecification","valueRequired":true,"valueName":"search_term_string"}}],"inLanguage":"pt-BR"},{"@type":"Person","@id":"https:\/\/folhapopular.info\/#\/schema\/person\/f0b811f932ef2505faf473ffaef49df5","name":"Camille Lenz da Silva","image":{"@type":"ImageObject","inLanguage":"pt-BR","@id":"https:\/\/secure.gravatar.com\/avatar\/50be826d73ca259ec0e0a88a407f5de800c576c46cfdc57e50ef28551e216fff?s=96&d=mm&r=g","url":"https:\/\/secure.gravatar.com\/avatar\/50be826d73ca259ec0e0a88a407f5de800c576c46cfdc57e50ef28551e216fff?s=96&d=mm&r=g","contentUrl":"https:\/\/secure.gravatar.com\/avatar\/50be826d73ca259ec0e0a88a407f5de800c576c46cfdc57e50ef28551e216fff?s=96&d=mm&r=g","caption":"Camille Lenz da Silva"},"url":"https:\/\/folhapopular.info\/index.php\/author\/camillelenzgmail-com\/"}]}},"jetpack_featured_media_url":"https:\/\/folhapopular.info\/wp-content\/uploads\/2023\/06\/IMG_3596-scaled.jpg","jetpack_sharing_enabled":true,"amp_enabled":true,"_links":{"self":[{"href":"https:\/\/folhapopular.info\/index.php\/wp-json\/wp\/v2\/posts\/129595","targetHints":{"allow":["GET"]}}],"collection":[{"href":"https:\/\/folhapopular.info\/index.php\/wp-json\/wp\/v2\/posts"}],"about":[{"href":"https:\/\/folhapopular.info\/index.php\/wp-json\/wp\/v2\/types\/post"}],"author":[{"embeddable":true,"href":"https:\/\/folhapopular.info\/index.php\/wp-json\/wp\/v2\/users\/639"}],"replies":[{"embeddable":true,"href":"https:\/\/folhapopular.info\/index.php\/wp-json\/wp\/v2\/comments?post=129595"}],"version-history":[{"count":0,"href":"https:\/\/folhapopular.info\/index.php\/wp-json\/wp\/v2\/posts\/129595\/revisions"}],"wp:featuredmedia":[{"embeddable":true,"href":"https:\/\/folhapopular.info\/index.php\/wp-json\/wp\/v2\/media\/129597"}],"wp:attachment":[{"href":"https:\/\/folhapopular.info\/index.php\/wp-json\/wp\/v2\/media?parent=129595"}],"wp:term":[{"taxonomy":"category","embeddable":true,"href":"https:\/\/folhapopular.info\/index.php\/wp-json\/wp\/v2\/categories?post=129595"},{"taxonomy":"post_tag","embeddable":true,"href":"https:\/\/folhapopular.info\/index.php\/wp-json\/wp\/v2\/tags?post=129595"}],"curies":[{"name":"wp","href":"https:\/\/api.w.org\/{rel}","templated":true}]}}