{"id":129601,"date":"2023-06-14T08:54:58","date_gmt":"2023-06-14T11:54:58","guid":{"rendered":"https:\/\/folhapopular.info\/?p=129601"},"modified":"2023-06-14T08:55:54","modified_gmt":"2023-06-14T11:55:54","slug":"emef-edgar-da-rosa-cardoso-recebe-grupo-de-educacao-fiscal-de-fazenda-vilanova","status":"publish","type":"post","link":"https:\/\/folhapopular.info\/index.php\/2023\/06\/14\/emef-edgar-da-rosa-cardoso-recebe-grupo-de-educacao-fiscal-de-fazenda-vilanova\/","title":{"rendered":"Emef Edgar da Rosa Cardoso recebe Grupo de Educa\u00e7\u00e3o Fiscal de Fazenda Vilanova"},"content":{"rendered":"\n<p>A coordenadora Grupo Municipal de Educa\u00e7\u00e3o Fiscal (GMEF) de Fazenda Vilanova e secret\u00e1ria-adjunta de Administra\u00e7\u00e3o, Neuza Inez Fell, esteve na Escola Municipal de Ensino Fundamental (Emef) Edgar da Rosa Cardoso nesta ter\u00e7a-feira (13\/6), a convite dos alunos das turmas 41 e 42, para responder alguns questionamentos. <\/p>\n\n\n\n<h2 class=\"wp-block-heading\"><strong>Meio ambiente<\/strong><\/h2>\n\n\n\n<p>Os estudantes dos quartos anos est\u00e3o trabalhando a Educa\u00e7\u00e3o Fiscal em sala de aula e apontaram d\u00favidas. Uma das perguntas estava relacionada ao recolhimento do lixo, cuja quest\u00e3o era a coleta seletiva e valores gastos pelo Munic\u00edpio. <\/p>\n\n\n\n<p>Na participa\u00e7\u00e3o dos alunos ficou claro que a escola trabalha muito bem estas quest\u00f5es. Os alunos ajudam e incentivam as fam\u00edlias na sele\u00e7\u00e3o e encaminhamento correto dos res\u00edduos. <\/p>\n\n\n\n<p>Em 2022, Fazenda Vilanova gastou em torno de R$ 300 mil, sendo que neste trabalho da institui\u00e7\u00e3o \u00e9 poss\u00edvel recuperar em torno de 10% dos res\u00edduos na triagem, materiais que s\u00e3o encaminhados para a esta\u00e7\u00e3o de tratamento e reaproveitados. <\/p>\n\n\n\n<p>\u201cUm exemplo a ser citado \u00e9 o trabalho realizado na escola, que junto \u00e0 comunidade recolhe, seleciona e vende recicl\u00e1veis, o que garante renda, mas acima de tudo uma postura sustent\u00e1vel, de cuidado com a natureza e com as despesas p\u00fablicas\u201d, salientou Neuza.<\/p>\n\n\n\n<h2 class=\"wp-block-heading\"><strong>Tributos<\/strong><\/h2>\n\n\n\n<p>Foram tamb\u00e9m respondidas quest\u00f5es relacionadas ao controle da entrada de tributos. A coordenadora ratificou junto aos alunos a import\u00e2ncia do registro do CPF nos comprovantes fiscais, garantindo o recolhimento dos tributos e dando seguran\u00e7a ao consumidor na garantia do produto adquirido. <\/p>\n","protected":false},"excerpt":{"rendered":"<p>A coordenadora Grupo Municipal de Educa\u00e7\u00e3o Fiscal (GMEF) de Fazenda Vilanova e secret\u00e1ria-adjunta de Administra\u00e7\u00e3o, Neuza Inez Fell, esteve na Escola Municipal de Ensino Fundamental (Emef) Edgar da Rosa Cardoso nesta ter\u00e7a-feira (13\/6), a convite dos alunos das turmas 41 e 42, para responder alguns questionamentos. Meio ambiente Os estudantes dos quartos anos est\u00e3o trabalhando [&hellip;]<\/p>\n","protected":false},"author":8,"featured_media":129606,"comment_status":"open","ping_status":"open","sticky":false,"template":"","format":"standard","meta":{"pmpro_default_level":"","_jetpack_memberships_contains_paid_content":false,"footnotes":""},"categories":[2,10988,3],"tags":[73,223,12417,801],"class_list":{"0":"post-129601","1":"post","2":"type-post","3":"status-publish","4":"format-standard","5":"has-post-thumbnail","7":"category-featured","8":"category-educacao","9":"category-geral","10":"tag-educacao","11":"tag-educacao-fiscal","12":"tag-emef-edgar-da-rosa-cardoso","13":"tag-fazenda-vilanova","14":"pmpro-has-access"},"yoast_head":"<!-- This site is optimized with the Yoast SEO plugin v27.4 - https:\/\/yoast.com\/product\/yoast-seo-wordpress\/ -->\n<title>Emef Edgar da Rosa Cardoso recebe Grupo de Educa\u00e7\u00e3o Fiscal de Fazenda Vilanova - Folha Popular<\/title>\n<meta name=\"robots\" content=\"index, follow, max-snippet:-1, max-image-preview:large, max-video-preview:-1\" \/>\n<link rel=\"canonical\" href=\"https:\/\/folhapopular.info\/index.php\/2023\/06\/14\/emef-edgar-da-rosa-cardoso-recebe-grupo-de-educacao-fiscal-de-fazenda-vilanova\/\" \/>\n<meta property=\"og:locale\" content=\"pt_BR\" \/>\n<meta property=\"og:type\" content=\"article\" \/>\n<meta property=\"og:title\" content=\"Emef Edgar da Rosa Cardoso recebe Grupo de Educa\u00e7\u00e3o Fiscal de Fazenda Vilanova - Folha Popular\" \/>\n<meta property=\"og:description\" content=\"A coordenadora Grupo Municipal de Educa\u00e7\u00e3o Fiscal (GMEF) de Fazenda Vilanova e secret\u00e1ria-adjunta de Administra\u00e7\u00e3o, Neuza Inez Fell, esteve na Escola Municipal de Ensino Fundamental (Emef) Edgar da Rosa Cardoso nesta ter\u00e7a-feira (13\/6), a convite dos alunos das turmas 41 e 42, para responder alguns questionamentos. Meio ambiente Os estudantes dos quartos anos est\u00e3o trabalhando [&hellip;]\" \/>\n<meta property=\"og:url\" content=\"https:\/\/folhapopular.info\/index.php\/2023\/06\/14\/emef-edgar-da-rosa-cardoso-recebe-grupo-de-educacao-fiscal-de-fazenda-vilanova\/\" \/>\n<meta property=\"og:site_name\" content=\"Folha Popular\" \/>\n<meta property=\"article:published_time\" content=\"2023-06-14T11:54:58+00:00\" \/>\n<meta property=\"article:modified_time\" content=\"2023-06-14T11:55:54+00:00\" \/>\n<meta property=\"og:image\" content=\"http:\/\/folhapopular.info\/wp-content\/uploads\/2023\/06\/fazenda-vilanova-1024x787.png\" \/>\n\t<meta property=\"og:image:width\" content=\"1024\" \/>\n\t<meta property=\"og:image:height\" content=\"787\" \/>\n\t<meta property=\"og:image:type\" content=\"image\/png\" \/>\n<meta name=\"author\" content=\"Reda\u00e7\u00e3o Folha Popular\" \/>\n<meta name=\"twitter:card\" content=\"summary_large_image\" \/>\n<meta name=\"twitter:label1\" content=\"Escrito por\" \/>\n\t<meta name=\"twitter:data1\" content=\"Reda\u00e7\u00e3o Folha Popular\" \/>\n\t<meta name=\"twitter:label2\" content=\"Est. tempo de leitura\" \/>\n\t<meta name=\"twitter:data2\" content=\"2 minutos\" \/>\n<script type=\"application\/ld+json\" class=\"yoast-schema-graph\">{\"@context\":\"https:\\\/\\\/schema.org\",\"@graph\":[{\"@type\":\"Article\",\"@id\":\"https:\\\/\\\/folhapopular.info\\\/index.php\\\/2023\\\/06\\\/14\\\/emef-edgar-da-rosa-cardoso-recebe-grupo-de-educacao-fiscal-de-fazenda-vilanova\\\/#article\",\"isPartOf\":{\"@id\":\"https:\\\/\\\/folhapopular.info\\\/index.php\\\/2023\\\/06\\\/14\\\/emef-edgar-da-rosa-cardoso-recebe-grupo-de-educacao-fiscal-de-fazenda-vilanova\\\/\"},\"author\":{\"name\":\"Reda\u00e7\u00e3o Folha Popular\",\"@id\":\"https:\\\/\\\/folhapopular.info\\\/#\\\/schema\\\/person\\\/2814e8a0df7643585a9ca38bc6eb9d4b\"},\"headline\":\"Emef Edgar da Rosa Cardoso recebe Grupo de Educa\u00e7\u00e3o Fiscal de Fazenda Vilanova\",\"datePublished\":\"2023-06-14T11:54:58+00:00\",\"dateModified\":\"2023-06-14T11:55:54+00:00\",\"mainEntityOfPage\":{\"@id\":\"https:\\\/\\\/folhapopular.info\\\/index.php\\\/2023\\\/06\\\/14\\\/emef-edgar-da-rosa-cardoso-recebe-grupo-de-educacao-fiscal-de-fazenda-vilanova\\\/\"},\"wordCount\":268,\"commentCount\":0,\"image\":{\"@id\":\"https:\\\/\\\/folhapopular.info\\\/index.php\\\/2023\\\/06\\\/14\\\/emef-edgar-da-rosa-cardoso-recebe-grupo-de-educacao-fiscal-de-fazenda-vilanova\\\/#primaryimage\"},\"thumbnailUrl\":\"https:\\\/\\\/folhapopular.info\\\/wp-content\\\/uploads\\\/2023\\\/06\\\/fazenda-vilanova.png\",\"keywords\":[\"Educa\u00e7\u00e3o\",\"Educa\u00e7\u00e3o Fiscal\",\"emef edgar da rosa cardoso\",\"Fazenda Vilanova\"],\"articleSection\":[\"Destaques\",\"Educa\u00e7\u00e3o\",\"Geral\"],\"inLanguage\":\"pt-BR\",\"potentialAction\":[{\"@type\":\"CommentAction\",\"name\":\"Comment\",\"target\":[\"https:\\\/\\\/folhapopular.info\\\/index.php\\\/2023\\\/06\\\/14\\\/emef-edgar-da-rosa-cardoso-recebe-grupo-de-educacao-fiscal-de-fazenda-vilanova\\\/#respond\"]}]},{\"@type\":\"WebPage\",\"@id\":\"https:\\\/\\\/folhapopular.info\\\/index.php\\\/2023\\\/06\\\/14\\\/emef-edgar-da-rosa-cardoso-recebe-grupo-de-educacao-fiscal-de-fazenda-vilanova\\\/\",\"url\":\"https:\\\/\\\/folhapopular.info\\\/index.php\\\/2023\\\/06\\\/14\\\/emef-edgar-da-rosa-cardoso-recebe-grupo-de-educacao-fiscal-de-fazenda-vilanova\\\/\",\"name\":\"Emef Edgar da Rosa Cardoso recebe Grupo de Educa\u00e7\u00e3o Fiscal de Fazenda Vilanova - Folha Popular\",\"isPartOf\":{\"@id\":\"https:\\\/\\\/folhapopular.info\\\/#website\"},\"primaryImageOfPage\":{\"@id\":\"https:\\\/\\\/folhapopular.info\\\/index.php\\\/2023\\\/06\\\/14\\\/emef-edgar-da-rosa-cardoso-recebe-grupo-de-educacao-fiscal-de-fazenda-vilanova\\\/#primaryimage\"},\"image\":{\"@id\":\"https:\\\/\\\/folhapopular.info\\\/index.php\\\/2023\\\/06\\\/14\\\/emef-edgar-da-rosa-cardoso-recebe-grupo-de-educacao-fiscal-de-fazenda-vilanova\\\/#primaryimage\"},\"thumbnailUrl\":\"https:\\\/\\\/folhapopular.info\\\/wp-content\\\/uploads\\\/2023\\\/06\\\/fazenda-vilanova.png\",\"datePublished\":\"2023-06-14T11:54:58+00:00\",\"dateModified\":\"2023-06-14T11:55:54+00:00\",\"author\":{\"@id\":\"https:\\\/\\\/folhapopular.info\\\/#\\\/schema\\\/person\\\/2814e8a0df7643585a9ca38bc6eb9d4b\"},\"breadcrumb\":{\"@id\":\"https:\\\/\\\/folhapopular.info\\\/index.php\\\/2023\\\/06\\\/14\\\/emef-edgar-da-rosa-cardoso-recebe-grupo-de-educacao-fiscal-de-fazenda-vilanova\\\/#breadcrumb\"},\"inLanguage\":\"pt-BR\",\"potentialAction\":[{\"@type\":\"ReadAction\",\"target\":[\"https:\\\/\\\/folhapopular.info\\\/index.php\\\/2023\\\/06\\\/14\\\/emef-edgar-da-rosa-cardoso-recebe-grupo-de-educacao-fiscal-de-fazenda-vilanova\\\/\"]}]},{\"@type\":\"ImageObject\",\"inLanguage\":\"pt-BR\",\"@id\":\"https:\\\/\\\/folhapopular.info\\\/index.php\\\/2023\\\/06\\\/14\\\/emef-edgar-da-rosa-cardoso-recebe-grupo-de-educacao-fiscal-de-fazenda-vilanova\\\/#primaryimage\",\"url\":\"https:\\\/\\\/folhapopular.info\\\/wp-content\\\/uploads\\\/2023\\\/06\\\/fazenda-vilanova.png\",\"contentUrl\":\"https:\\\/\\\/folhapopular.info\\\/wp-content\\\/uploads\\\/2023\\\/06\\\/fazenda-vilanova.png\",\"width\":1648,\"height\":1266,\"caption\":\"Cr\u00e9ditos: AI Prefeitura de Fazenda Vilanova\"},{\"@type\":\"BreadcrumbList\",\"@id\":\"https:\\\/\\\/folhapopular.info\\\/index.php\\\/2023\\\/06\\\/14\\\/emef-edgar-da-rosa-cardoso-recebe-grupo-de-educacao-fiscal-de-fazenda-vilanova\\\/#breadcrumb\",\"itemListElement\":[{\"@type\":\"ListItem\",\"position\":1,\"name\":\"In\u00edcio\",\"item\":\"https:\\\/\\\/folhapopular.info\\\/\"},{\"@type\":\"ListItem\",\"position\":2,\"name\":\"Emef Edgar da Rosa Cardoso recebe Grupo de Educa\u00e7\u00e3o Fiscal de Fazenda Vilanova\"}]},{\"@type\":\"WebSite\",\"@id\":\"https:\\\/\\\/folhapopular.info\\\/#website\",\"url\":\"https:\\\/\\\/folhapopular.info\\\/\",\"name\":\"Folha Popular\",\"description\":\"Onde voc\u00ea tem vez e voz\",\"potentialAction\":[{\"@type\":\"SearchAction\",\"target\":{\"@type\":\"EntryPoint\",\"urlTemplate\":\"https:\\\/\\\/folhapopular.info\\\/?s={search_term_string}\"},\"query-input\":{\"@type\":\"PropertyValueSpecification\",\"valueRequired\":true,\"valueName\":\"search_term_string\"}}],\"inLanguage\":\"pt-BR\"},{\"@type\":\"Person\",\"@id\":\"https:\\\/\\\/folhapopular.info\\\/#\\\/schema\\\/person\\\/2814e8a0df7643585a9ca38bc6eb9d4b\",\"name\":\"Reda\u00e7\u00e3o Folha Popular\",\"image\":{\"@type\":\"ImageObject\",\"inLanguage\":\"pt-BR\",\"@id\":\"https:\\\/\\\/folhapopular.info\\\/wp-content\\\/uploads\\\/2026\\\/04\\\/Folha-1.webp\",\"url\":\"https:\\\/\\\/folhapopular.info\\\/wp-content\\\/uploads\\\/2026\\\/04\\\/Folha-1.webp\",\"contentUrl\":\"https:\\\/\\\/folhapopular.info\\\/wp-content\\\/uploads\\\/2026\\\/04\\\/Folha-1.webp\",\"caption\":\"Reda\u00e7\u00e3o Folha Popular\"},\"url\":\"https:\\\/\\\/folhapopular.info\\\/index.php\\\/author\\\/redacao\\\/\"}]}<\/script>\n<!-- \/ Yoast SEO plugin. -->","yoast_head_json":{"title":"Emef Edgar da Rosa Cardoso recebe Grupo de Educa\u00e7\u00e3o Fiscal de Fazenda Vilanova - Folha Popular","robots":{"index":"index","follow":"follow","max-snippet":"max-snippet:-1","max-image-preview":"max-image-preview:large","max-video-preview":"max-video-preview:-1"},"canonical":"https:\/\/folhapopular.info\/index.php\/2023\/06\/14\/emef-edgar-da-rosa-cardoso-recebe-grupo-de-educacao-fiscal-de-fazenda-vilanova\/","og_locale":"pt_BR","og_type":"article","og_title":"Emef Edgar da Rosa Cardoso recebe Grupo de Educa\u00e7\u00e3o Fiscal de Fazenda Vilanova - Folha Popular","og_description":"A coordenadora Grupo Municipal de Educa\u00e7\u00e3o Fiscal (GMEF) de Fazenda Vilanova e secret\u00e1ria-adjunta de Administra\u00e7\u00e3o, Neuza Inez Fell, esteve na Escola Municipal de Ensino Fundamental (Emef) Edgar da Rosa Cardoso nesta ter\u00e7a-feira (13\/6), a convite dos alunos das turmas 41 e 42, para responder alguns questionamentos. Meio ambiente Os estudantes dos quartos anos est\u00e3o trabalhando [&hellip;]","og_url":"https:\/\/folhapopular.info\/index.php\/2023\/06\/14\/emef-edgar-da-rosa-cardoso-recebe-grupo-de-educacao-fiscal-de-fazenda-vilanova\/","og_site_name":"Folha Popular","article_published_time":"2023-06-14T11:54:58+00:00","article_modified_time":"2023-06-14T11:55:54+00:00","og_image":[{"width":1024,"height":787,"url":"http:\/\/folhapopular.info\/wp-content\/uploads\/2023\/06\/fazenda-vilanova-1024x787.png","type":"image\/png"}],"author":"Reda\u00e7\u00e3o Folha Popular","twitter_card":"summary_large_image","twitter_misc":{"Escrito por":"Reda\u00e7\u00e3o Folha Popular","Est. tempo de leitura":"2 minutos"},"schema":{"@context":"https:\/\/schema.org","@graph":[{"@type":"Article","@id":"https:\/\/folhapopular.info\/index.php\/2023\/06\/14\/emef-edgar-da-rosa-cardoso-recebe-grupo-de-educacao-fiscal-de-fazenda-vilanova\/#article","isPartOf":{"@id":"https:\/\/folhapopular.info\/index.php\/2023\/06\/14\/emef-edgar-da-rosa-cardoso-recebe-grupo-de-educacao-fiscal-de-fazenda-vilanova\/"},"author":{"name":"Reda\u00e7\u00e3o Folha Popular","@id":"https:\/\/folhapopular.info\/#\/schema\/person\/2814e8a0df7643585a9ca38bc6eb9d4b"},"headline":"Emef Edgar da Rosa Cardoso recebe Grupo de Educa\u00e7\u00e3o Fiscal de Fazenda Vilanova","datePublished":"2023-06-14T11:54:58+00:00","dateModified":"2023-06-14T11:55:54+00:00","mainEntityOfPage":{"@id":"https:\/\/folhapopular.info\/index.php\/2023\/06\/14\/emef-edgar-da-rosa-cardoso-recebe-grupo-de-educacao-fiscal-de-fazenda-vilanova\/"},"wordCount":268,"commentCount":0,"image":{"@id":"https:\/\/folhapopular.info\/index.php\/2023\/06\/14\/emef-edgar-da-rosa-cardoso-recebe-grupo-de-educacao-fiscal-de-fazenda-vilanova\/#primaryimage"},"thumbnailUrl":"https:\/\/folhapopular.info\/wp-content\/uploads\/2023\/06\/fazenda-vilanova.png","keywords":["Educa\u00e7\u00e3o","Educa\u00e7\u00e3o Fiscal","emef edgar da rosa cardoso","Fazenda Vilanova"],"articleSection":["Destaques","Educa\u00e7\u00e3o","Geral"],"inLanguage":"pt-BR","potentialAction":[{"@type":"CommentAction","name":"Comment","target":["https:\/\/folhapopular.info\/index.php\/2023\/06\/14\/emef-edgar-da-rosa-cardoso-recebe-grupo-de-educacao-fiscal-de-fazenda-vilanova\/#respond"]}]},{"@type":"WebPage","@id":"https:\/\/folhapopular.info\/index.php\/2023\/06\/14\/emef-edgar-da-rosa-cardoso-recebe-grupo-de-educacao-fiscal-de-fazenda-vilanova\/","url":"https:\/\/folhapopular.info\/index.php\/2023\/06\/14\/emef-edgar-da-rosa-cardoso-recebe-grupo-de-educacao-fiscal-de-fazenda-vilanova\/","name":"Emef Edgar da Rosa Cardoso recebe Grupo de Educa\u00e7\u00e3o Fiscal de Fazenda Vilanova - Folha Popular","isPartOf":{"@id":"https:\/\/folhapopular.info\/#website"},"primaryImageOfPage":{"@id":"https:\/\/folhapopular.info\/index.php\/2023\/06\/14\/emef-edgar-da-rosa-cardoso-recebe-grupo-de-educacao-fiscal-de-fazenda-vilanova\/#primaryimage"},"image":{"@id":"https:\/\/folhapopular.info\/index.php\/2023\/06\/14\/emef-edgar-da-rosa-cardoso-recebe-grupo-de-educacao-fiscal-de-fazenda-vilanova\/#primaryimage"},"thumbnailUrl":"https:\/\/folhapopular.info\/wp-content\/uploads\/2023\/06\/fazenda-vilanova.png","datePublished":"2023-06-14T11:54:58+00:00","dateModified":"2023-06-14T11:55:54+00:00","author":{"@id":"https:\/\/folhapopular.info\/#\/schema\/person\/2814e8a0df7643585a9ca38bc6eb9d4b"},"breadcrumb":{"@id":"https:\/\/folhapopular.info\/index.php\/2023\/06\/14\/emef-edgar-da-rosa-cardoso-recebe-grupo-de-educacao-fiscal-de-fazenda-vilanova\/#breadcrumb"},"inLanguage":"pt-BR","potentialAction":[{"@type":"ReadAction","target":["https:\/\/folhapopular.info\/index.php\/2023\/06\/14\/emef-edgar-da-rosa-cardoso-recebe-grupo-de-educacao-fiscal-de-fazenda-vilanova\/"]}]},{"@type":"ImageObject","inLanguage":"pt-BR","@id":"https:\/\/folhapopular.info\/index.php\/2023\/06\/14\/emef-edgar-da-rosa-cardoso-recebe-grupo-de-educacao-fiscal-de-fazenda-vilanova\/#primaryimage","url":"https:\/\/folhapopular.info\/wp-content\/uploads\/2023\/06\/fazenda-vilanova.png","contentUrl":"https:\/\/folhapopular.info\/wp-content\/uploads\/2023\/06\/fazenda-vilanova.png","width":1648,"height":1266,"caption":"Cr\u00e9ditos: AI Prefeitura de Fazenda Vilanova"},{"@type":"BreadcrumbList","@id":"https:\/\/folhapopular.info\/index.php\/2023\/06\/14\/emef-edgar-da-rosa-cardoso-recebe-grupo-de-educacao-fiscal-de-fazenda-vilanova\/#breadcrumb","itemListElement":[{"@type":"ListItem","position":1,"name":"In\u00edcio","item":"https:\/\/folhapopular.info\/"},{"@type":"ListItem","position":2,"name":"Emef Edgar da Rosa Cardoso recebe Grupo de Educa\u00e7\u00e3o Fiscal de Fazenda Vilanova"}]},{"@type":"WebSite","@id":"https:\/\/folhapopular.info\/#website","url":"https:\/\/folhapopular.info\/","name":"Folha Popular","description":"Onde voc\u00ea tem vez e voz","potentialAction":[{"@type":"SearchAction","target":{"@type":"EntryPoint","urlTemplate":"https:\/\/folhapopular.info\/?s={search_term_string}"},"query-input":{"@type":"PropertyValueSpecification","valueRequired":true,"valueName":"search_term_string"}}],"inLanguage":"pt-BR"},{"@type":"Person","@id":"https:\/\/folhapopular.info\/#\/schema\/person\/2814e8a0df7643585a9ca38bc6eb9d4b","name":"Reda\u00e7\u00e3o Folha Popular","image":{"@type":"ImageObject","inLanguage":"pt-BR","@id":"https:\/\/folhapopular.info\/wp-content\/uploads\/2026\/04\/Folha-1.webp","url":"https:\/\/folhapopular.info\/wp-content\/uploads\/2026\/04\/Folha-1.webp","contentUrl":"https:\/\/folhapopular.info\/wp-content\/uploads\/2026\/04\/Folha-1.webp","caption":"Reda\u00e7\u00e3o Folha Popular"},"url":"https:\/\/folhapopular.info\/index.php\/author\/redacao\/"}]}},"jetpack_featured_media_url":"https:\/\/folhapopular.info\/wp-content\/uploads\/2023\/06\/fazenda-vilanova.png","jetpack_sharing_enabled":true,"amp_enabled":true,"_links":{"self":[{"href":"https:\/\/folhapopular.info\/index.php\/wp-json\/wp\/v2\/posts\/129601","targetHints":{"allow":["GET"]}}],"collection":[{"href":"https:\/\/folhapopular.info\/index.php\/wp-json\/wp\/v2\/posts"}],"about":[{"href":"https:\/\/folhapopular.info\/index.php\/wp-json\/wp\/v2\/types\/post"}],"author":[{"embeddable":true,"href":"https:\/\/folhapopular.info\/index.php\/wp-json\/wp\/v2\/users\/8"}],"replies":[{"embeddable":true,"href":"https:\/\/folhapopular.info\/index.php\/wp-json\/wp\/v2\/comments?post=129601"}],"version-history":[{"count":0,"href":"https:\/\/folhapopular.info\/index.php\/wp-json\/wp\/v2\/posts\/129601\/revisions"}],"wp:featuredmedia":[{"embeddable":true,"href":"https:\/\/folhapopular.info\/index.php\/wp-json\/wp\/v2\/media\/129606"}],"wp:attachment":[{"href":"https:\/\/folhapopular.info\/index.php\/wp-json\/wp\/v2\/media?parent=129601"}],"wp:term":[{"taxonomy":"category","embeddable":true,"href":"https:\/\/folhapopular.info\/index.php\/wp-json\/wp\/v2\/categories?post=129601"},{"taxonomy":"post_tag","embeddable":true,"href":"https:\/\/folhapopular.info\/index.php\/wp-json\/wp\/v2\/tags?post=129601"}],"curies":[{"name":"wp","href":"https:\/\/api.w.org\/{rel}","templated":true}]}}