{"id":129684,"date":"2023-06-15T09:00:00","date_gmt":"2023-06-15T12:00:00","guid":{"rendered":"https:\/\/folhapopular.info\/?p=129684"},"modified":"2023-06-15T08:38:35","modified_gmt":"2023-06-15T11:38:35","slug":"colinas-inicia-construcao-de-microacudes-em-propriedades-rurais","status":"publish","type":"post","link":"https:\/\/folhapopular.info\/index.php\/2023\/06\/15\/colinas-inicia-construcao-de-microacudes-em-propriedades-rurais\/","title":{"rendered":"Colinas inicia constru\u00e7\u00e3o de microa\u00e7udes em propriedades rurais"},"content":{"rendered":"\n<p>Atrav\u00e9s de conv\u00eanio entre o Munic\u00edpio de Colinas e o Governo do Estado, por interm\u00e9dio da Secretaria Estadual da Agricultura e da Emater\/RS-Ascar, foi dado in\u00edcio \u00e0 constru\u00e7\u00e3o de at\u00e9 12 microa\u00e7udes, visando beneficiar agricultores familiares e empreendedores rurais.<\/p>\n\n\n\n<p>O valor recebido do Estado para a execu\u00e7\u00e3o do projeto \u00e9 de R$ 77.023,84, sendo o valor total do conv\u00eanio de R$ 84.286,08. Por meio dessa parceria, Colinas foi contemplada com a pol\u00edtica de combate \u00e0 estiagem, integrante do Programa Avan\u00e7ar na Agropecu\u00e1ria e Desenvolvimento Rural, especificamente no eixo Irriga + RS.<\/p>\n\n\n\n<p>A sele\u00e7\u00e3o das propriedades beneficiadas foi realizada por meio de inscri\u00e7\u00f5es realizadas pela Secretaria da Agricultura e Abastecimento, juntamente com os t\u00e9cnicos da Emater. <\/p>\n\n\n\n<p>Ap\u00f3s an\u00e1lise das inscri\u00e7\u00f5es e vistorias nas 15 propriedades inscritas, o Conselho de Agricultura deliberou e selecionou 12 propriedades para receberem o subs\u00eddio, enquanto as outras tr\u00eas ficaram como suplentes.<\/p>\n\n\n\n<p>Cada benefici\u00e1rio direto receber\u00e1 um projeto t\u00e9cnico elaborado pela Emater ou pelo engenheiro da Prefeitura, que incluir\u00e1 o memorial descritivo, a Anota\u00e7\u00e3o de Responsabilidade T\u00e9cnica (ART), o licenciamento ambiental e demais documenta\u00e7\u00f5es necess\u00e1rias, conforme a legisla\u00e7\u00e3o vigente.<\/p>\n\n\n\n<h2 class=\"wp-block-heading\"><strong>Objetivo<\/strong><\/h2>\n\n\n\n<p>O programa visa construir microa\u00e7udes para agricultores familiares, com o objetivo de fornecer \u00e1gua para irriga\u00e7\u00e3o de frutas, hortali\u00e7as, gr\u00e3os e pecu\u00e1ria. <\/p>\n\n\n\n<p>A regi\u00e3o tem enfrentado estiagens que prejudicam a produ\u00e7\u00e3o agr\u00edcola, afetando especialmente os agricultores familiares. A economia local \u00e9 baseada no setor prim\u00e1rio, com destaque para a diversificada produ\u00e7\u00e3o agr\u00edcola, incluindo cultivos como milho, batata-doce, feij\u00e3o e aipim. <\/p>\n\n\n\n<p>Al\u00e9m disso, h\u00e1 uma relevante cria\u00e7\u00e3o de animais, como frango, aves e su\u00ednos, com a \u00e1gua desempenhando um papel fundamental em todas as atividades.<\/p>\n\n\n\n<p>Com a constru\u00e7\u00e3o dos microa\u00e7udes, pretende-se captar e armazenar \u00e1gua da chuva nos per\u00edodos de maior precipita\u00e7\u00e3o, para ser utilizada em momentos de crise h\u00eddrica, garantindo assim o abastecimento de \u00e1gua para pomares, estufas com hortali\u00e7as e a oferta de \u00e1gua para os animais.<\/p>\n","protected":false},"excerpt":{"rendered":"<p>Atrav\u00e9s de conv\u00eanio entre o Munic\u00edpio de Colinas e o Governo do Estado, por interm\u00e9dio da Secretaria Estadual da Agricultura e da Emater\/RS-Ascar, foi dado in\u00edcio \u00e0 constru\u00e7\u00e3o de at\u00e9 12 microa\u00e7udes, visando beneficiar agricultores familiares e empreendedores rurais. O valor recebido do Estado para a execu\u00e7\u00e3o do projeto \u00e9 de R$ 77.023,84, sendo o [&hellip;]<\/p>\n","protected":false},"author":8,"featured_media":129688,"comment_status":"open","ping_status":"open","sticky":false,"template":"","format":"standard","meta":{"pmpro_default_level":"","_jetpack_memberships_contains_paid_content":false,"footnotes":""},"categories":[2,10994],"tags":[183,8220,11027],"class_list":{"0":"post-129684","1":"post","2":"type-post","3":"status-publish","4":"format-standard","5":"has-post-thumbnail","7":"category-featured","8":"category-rural","9":"tag-colinas","10":"tag-microacude","11":"tag-rural","12":"pmpro-has-access"},"yoast_head":"<!-- This site is optimized with the Yoast SEO plugin v27.5 - https:\/\/yoast.com\/product\/yoast-seo-wordpress\/ -->\n<title>Colinas inicia constru\u00e7\u00e3o de microa\u00e7udes em propriedades rurais - Folha Popular<\/title>\n<meta name=\"robots\" content=\"index, follow, max-snippet:-1, max-image-preview:large, max-video-preview:-1\" \/>\n<link rel=\"canonical\" href=\"https:\/\/folhapopular.info\/index.php\/2023\/06\/15\/colinas-inicia-construcao-de-microacudes-em-propriedades-rurais\/\" \/>\n<meta property=\"og:locale\" content=\"pt_BR\" \/>\n<meta property=\"og:type\" content=\"article\" \/>\n<meta property=\"og:title\" content=\"Colinas inicia constru\u00e7\u00e3o de microa\u00e7udes em propriedades rurais - Folha Popular\" \/>\n<meta property=\"og:description\" content=\"Atrav\u00e9s de conv\u00eanio entre o Munic\u00edpio de Colinas e o Governo do Estado, por interm\u00e9dio da Secretaria Estadual da Agricultura e da Emater\/RS-Ascar, foi dado in\u00edcio \u00e0 constru\u00e7\u00e3o de at\u00e9 12 microa\u00e7udes, visando beneficiar agricultores familiares e empreendedores rurais. O valor recebido do Estado para a execu\u00e7\u00e3o do projeto \u00e9 de R$ 77.023,84, sendo o [&hellip;]\" \/>\n<meta property=\"og:url\" content=\"https:\/\/folhapopular.info\/index.php\/2023\/06\/15\/colinas-inicia-construcao-de-microacudes-em-propriedades-rurais\/\" \/>\n<meta property=\"og:site_name\" content=\"Folha Popular\" \/>\n<meta property=\"article:published_time\" content=\"2023-06-15T12:00:00+00:00\" \/>\n<meta property=\"og:image\" content=\"https:\/\/folhapopular.info\/wp-content\/uploads\/2023\/06\/acudes-1024x732.png\" \/>\n\t<meta property=\"og:image:width\" content=\"1024\" \/>\n\t<meta property=\"og:image:height\" content=\"732\" \/>\n\t<meta property=\"og:image:type\" content=\"image\/png\" \/>\n<meta name=\"author\" content=\"Reda\u00e7\u00e3o Folha Popular\" \/>\n<meta name=\"twitter:card\" content=\"summary_large_image\" \/>\n<meta name=\"twitter:label1\" content=\"Escrito por\" \/>\n\t<meta name=\"twitter:data1\" content=\"Reda\u00e7\u00e3o Folha Popular\" \/>\n\t<meta name=\"twitter:label2\" content=\"Est. tempo de leitura\" \/>\n\t<meta name=\"twitter:data2\" content=\"2 minutos\" \/>\n<script type=\"application\/ld+json\" class=\"yoast-schema-graph\">{\"@context\":\"https:\\\/\\\/schema.org\",\"@graph\":[{\"@type\":\"Article\",\"@id\":\"https:\\\/\\\/folhapopular.info\\\/index.php\\\/2023\\\/06\\\/15\\\/colinas-inicia-construcao-de-microacudes-em-propriedades-rurais\\\/#article\",\"isPartOf\":{\"@id\":\"https:\\\/\\\/folhapopular.info\\\/index.php\\\/2023\\\/06\\\/15\\\/colinas-inicia-construcao-de-microacudes-em-propriedades-rurais\\\/\"},\"author\":{\"name\":\"Reda\u00e7\u00e3o Folha Popular\",\"@id\":\"https:\\\/\\\/folhapopular.info\\\/#\\\/schema\\\/person\\\/2814e8a0df7643585a9ca38bc6eb9d4b\"},\"headline\":\"Colinas inicia constru\u00e7\u00e3o de microa\u00e7udes em propriedades rurais\",\"datePublished\":\"2023-06-15T12:00:00+00:00\",\"mainEntityOfPage\":{\"@id\":\"https:\\\/\\\/folhapopular.info\\\/index.php\\\/2023\\\/06\\\/15\\\/colinas-inicia-construcao-de-microacudes-em-propriedades-rurais\\\/\"},\"wordCount\":360,\"commentCount\":0,\"image\":{\"@id\":\"https:\\\/\\\/folhapopular.info\\\/index.php\\\/2023\\\/06\\\/15\\\/colinas-inicia-construcao-de-microacudes-em-propriedades-rurais\\\/#primaryimage\"},\"thumbnailUrl\":\"https:\\\/\\\/folhapopular.info\\\/wp-content\\\/uploads\\\/2023\\\/06\\\/acudes.png\",\"keywords\":[\"Colinas\",\"microa\u00e7ude\",\"rural\"],\"articleSection\":[\"Destaques\",\"Rural\"],\"inLanguage\":\"pt-BR\",\"potentialAction\":[{\"@type\":\"CommentAction\",\"name\":\"Comment\",\"target\":[\"https:\\\/\\\/folhapopular.info\\\/index.php\\\/2023\\\/06\\\/15\\\/colinas-inicia-construcao-de-microacudes-em-propriedades-rurais\\\/#respond\"]}]},{\"@type\":\"WebPage\",\"@id\":\"https:\\\/\\\/folhapopular.info\\\/index.php\\\/2023\\\/06\\\/15\\\/colinas-inicia-construcao-de-microacudes-em-propriedades-rurais\\\/\",\"url\":\"https:\\\/\\\/folhapopular.info\\\/index.php\\\/2023\\\/06\\\/15\\\/colinas-inicia-construcao-de-microacudes-em-propriedades-rurais\\\/\",\"name\":\"Colinas inicia constru\u00e7\u00e3o de microa\u00e7udes em propriedades rurais - Folha Popular\",\"isPartOf\":{\"@id\":\"https:\\\/\\\/folhapopular.info\\\/#website\"},\"primaryImageOfPage\":{\"@id\":\"https:\\\/\\\/folhapopular.info\\\/index.php\\\/2023\\\/06\\\/15\\\/colinas-inicia-construcao-de-microacudes-em-propriedades-rurais\\\/#primaryimage\"},\"image\":{\"@id\":\"https:\\\/\\\/folhapopular.info\\\/index.php\\\/2023\\\/06\\\/15\\\/colinas-inicia-construcao-de-microacudes-em-propriedades-rurais\\\/#primaryimage\"},\"thumbnailUrl\":\"https:\\\/\\\/folhapopular.info\\\/wp-content\\\/uploads\\\/2023\\\/06\\\/acudes.png\",\"datePublished\":\"2023-06-15T12:00:00+00:00\",\"author\":{\"@id\":\"https:\\\/\\\/folhapopular.info\\\/#\\\/schema\\\/person\\\/2814e8a0df7643585a9ca38bc6eb9d4b\"},\"breadcrumb\":{\"@id\":\"https:\\\/\\\/folhapopular.info\\\/index.php\\\/2023\\\/06\\\/15\\\/colinas-inicia-construcao-de-microacudes-em-propriedades-rurais\\\/#breadcrumb\"},\"inLanguage\":\"pt-BR\",\"potentialAction\":[{\"@type\":\"ReadAction\",\"target\":[\"https:\\\/\\\/folhapopular.info\\\/index.php\\\/2023\\\/06\\\/15\\\/colinas-inicia-construcao-de-microacudes-em-propriedades-rurais\\\/\"]}]},{\"@type\":\"ImageObject\",\"inLanguage\":\"pt-BR\",\"@id\":\"https:\\\/\\\/folhapopular.info\\\/index.php\\\/2023\\\/06\\\/15\\\/colinas-inicia-construcao-de-microacudes-em-propriedades-rurais\\\/#primaryimage\",\"url\":\"https:\\\/\\\/folhapopular.info\\\/wp-content\\\/uploads\\\/2023\\\/06\\\/acudes.png\",\"contentUrl\":\"https:\\\/\\\/folhapopular.info\\\/wp-content\\\/uploads\\\/2023\\\/06\\\/acudes.png\",\"width\":3144,\"height\":2248,\"caption\":\"Cr\u00e9dito: Divulga\u00e7\u00e3o\"},{\"@type\":\"BreadcrumbList\",\"@id\":\"https:\\\/\\\/folhapopular.info\\\/index.php\\\/2023\\\/06\\\/15\\\/colinas-inicia-construcao-de-microacudes-em-propriedades-rurais\\\/#breadcrumb\",\"itemListElement\":[{\"@type\":\"ListItem\",\"position\":1,\"name\":\"In\u00edcio\",\"item\":\"https:\\\/\\\/folhapopular.info\\\/\"},{\"@type\":\"ListItem\",\"position\":2,\"name\":\"Colinas inicia constru\u00e7\u00e3o de microa\u00e7udes em propriedades rurais\"}]},{\"@type\":\"WebSite\",\"@id\":\"https:\\\/\\\/folhapopular.info\\\/#website\",\"url\":\"https:\\\/\\\/folhapopular.info\\\/\",\"name\":\"Folha Popular\",\"description\":\"Onde voc\u00ea tem vez e voz\",\"potentialAction\":[{\"@type\":\"SearchAction\",\"target\":{\"@type\":\"EntryPoint\",\"urlTemplate\":\"https:\\\/\\\/folhapopular.info\\\/?s={search_term_string}\"},\"query-input\":{\"@type\":\"PropertyValueSpecification\",\"valueRequired\":true,\"valueName\":\"search_term_string\"}}],\"inLanguage\":\"pt-BR\"},{\"@type\":\"Person\",\"@id\":\"https:\\\/\\\/folhapopular.info\\\/#\\\/schema\\\/person\\\/2814e8a0df7643585a9ca38bc6eb9d4b\",\"name\":\"Reda\u00e7\u00e3o Folha Popular\",\"image\":{\"@type\":\"ImageObject\",\"inLanguage\":\"pt-BR\",\"@id\":\"https:\\\/\\\/folhapopular.info\\\/wp-content\\\/uploads\\\/2026\\\/04\\\/Folha-1.webp\",\"url\":\"https:\\\/\\\/folhapopular.info\\\/wp-content\\\/uploads\\\/2026\\\/04\\\/Folha-1.webp\",\"contentUrl\":\"https:\\\/\\\/folhapopular.info\\\/wp-content\\\/uploads\\\/2026\\\/04\\\/Folha-1.webp\",\"caption\":\"Reda\u00e7\u00e3o Folha Popular\"},\"url\":\"https:\\\/\\\/folhapopular.info\\\/index.php\\\/author\\\/redacao\\\/\"}]}<\/script>\n<!-- \/ Yoast SEO plugin. -->","yoast_head_json":{"title":"Colinas inicia constru\u00e7\u00e3o de microa\u00e7udes em propriedades rurais - Folha Popular","robots":{"index":"index","follow":"follow","max-snippet":"max-snippet:-1","max-image-preview":"max-image-preview:large","max-video-preview":"max-video-preview:-1"},"canonical":"https:\/\/folhapopular.info\/index.php\/2023\/06\/15\/colinas-inicia-construcao-de-microacudes-em-propriedades-rurais\/","og_locale":"pt_BR","og_type":"article","og_title":"Colinas inicia constru\u00e7\u00e3o de microa\u00e7udes em propriedades rurais - Folha Popular","og_description":"Atrav\u00e9s de conv\u00eanio entre o Munic\u00edpio de Colinas e o Governo do Estado, por interm\u00e9dio da Secretaria Estadual da Agricultura e da Emater\/RS-Ascar, foi dado in\u00edcio \u00e0 constru\u00e7\u00e3o de at\u00e9 12 microa\u00e7udes, visando beneficiar agricultores familiares e empreendedores rurais. O valor recebido do Estado para a execu\u00e7\u00e3o do projeto \u00e9 de R$ 77.023,84, sendo o [&hellip;]","og_url":"https:\/\/folhapopular.info\/index.php\/2023\/06\/15\/colinas-inicia-construcao-de-microacudes-em-propriedades-rurais\/","og_site_name":"Folha Popular","article_published_time":"2023-06-15T12:00:00+00:00","og_image":[{"width":1024,"height":732,"url":"https:\/\/folhapopular.info\/wp-content\/uploads\/2023\/06\/acudes-1024x732.png","type":"image\/png"}],"author":"Reda\u00e7\u00e3o Folha Popular","twitter_card":"summary_large_image","twitter_misc":{"Escrito por":"Reda\u00e7\u00e3o Folha Popular","Est. tempo de leitura":"2 minutos"},"schema":{"@context":"https:\/\/schema.org","@graph":[{"@type":"Article","@id":"https:\/\/folhapopular.info\/index.php\/2023\/06\/15\/colinas-inicia-construcao-de-microacudes-em-propriedades-rurais\/#article","isPartOf":{"@id":"https:\/\/folhapopular.info\/index.php\/2023\/06\/15\/colinas-inicia-construcao-de-microacudes-em-propriedades-rurais\/"},"author":{"name":"Reda\u00e7\u00e3o Folha Popular","@id":"https:\/\/folhapopular.info\/#\/schema\/person\/2814e8a0df7643585a9ca38bc6eb9d4b"},"headline":"Colinas inicia constru\u00e7\u00e3o de microa\u00e7udes em propriedades rurais","datePublished":"2023-06-15T12:00:00+00:00","mainEntityOfPage":{"@id":"https:\/\/folhapopular.info\/index.php\/2023\/06\/15\/colinas-inicia-construcao-de-microacudes-em-propriedades-rurais\/"},"wordCount":360,"commentCount":0,"image":{"@id":"https:\/\/folhapopular.info\/index.php\/2023\/06\/15\/colinas-inicia-construcao-de-microacudes-em-propriedades-rurais\/#primaryimage"},"thumbnailUrl":"https:\/\/folhapopular.info\/wp-content\/uploads\/2023\/06\/acudes.png","keywords":["Colinas","microa\u00e7ude","rural"],"articleSection":["Destaques","Rural"],"inLanguage":"pt-BR","potentialAction":[{"@type":"CommentAction","name":"Comment","target":["https:\/\/folhapopular.info\/index.php\/2023\/06\/15\/colinas-inicia-construcao-de-microacudes-em-propriedades-rurais\/#respond"]}]},{"@type":"WebPage","@id":"https:\/\/folhapopular.info\/index.php\/2023\/06\/15\/colinas-inicia-construcao-de-microacudes-em-propriedades-rurais\/","url":"https:\/\/folhapopular.info\/index.php\/2023\/06\/15\/colinas-inicia-construcao-de-microacudes-em-propriedades-rurais\/","name":"Colinas inicia constru\u00e7\u00e3o de microa\u00e7udes em propriedades rurais - Folha Popular","isPartOf":{"@id":"https:\/\/folhapopular.info\/#website"},"primaryImageOfPage":{"@id":"https:\/\/folhapopular.info\/index.php\/2023\/06\/15\/colinas-inicia-construcao-de-microacudes-em-propriedades-rurais\/#primaryimage"},"image":{"@id":"https:\/\/folhapopular.info\/index.php\/2023\/06\/15\/colinas-inicia-construcao-de-microacudes-em-propriedades-rurais\/#primaryimage"},"thumbnailUrl":"https:\/\/folhapopular.info\/wp-content\/uploads\/2023\/06\/acudes.png","datePublished":"2023-06-15T12:00:00+00:00","author":{"@id":"https:\/\/folhapopular.info\/#\/schema\/person\/2814e8a0df7643585a9ca38bc6eb9d4b"},"breadcrumb":{"@id":"https:\/\/folhapopular.info\/index.php\/2023\/06\/15\/colinas-inicia-construcao-de-microacudes-em-propriedades-rurais\/#breadcrumb"},"inLanguage":"pt-BR","potentialAction":[{"@type":"ReadAction","target":["https:\/\/folhapopular.info\/index.php\/2023\/06\/15\/colinas-inicia-construcao-de-microacudes-em-propriedades-rurais\/"]}]},{"@type":"ImageObject","inLanguage":"pt-BR","@id":"https:\/\/folhapopular.info\/index.php\/2023\/06\/15\/colinas-inicia-construcao-de-microacudes-em-propriedades-rurais\/#primaryimage","url":"https:\/\/folhapopular.info\/wp-content\/uploads\/2023\/06\/acudes.png","contentUrl":"https:\/\/folhapopular.info\/wp-content\/uploads\/2023\/06\/acudes.png","width":3144,"height":2248,"caption":"Cr\u00e9dito: Divulga\u00e7\u00e3o"},{"@type":"BreadcrumbList","@id":"https:\/\/folhapopular.info\/index.php\/2023\/06\/15\/colinas-inicia-construcao-de-microacudes-em-propriedades-rurais\/#breadcrumb","itemListElement":[{"@type":"ListItem","position":1,"name":"In\u00edcio","item":"https:\/\/folhapopular.info\/"},{"@type":"ListItem","position":2,"name":"Colinas inicia constru\u00e7\u00e3o de microa\u00e7udes em propriedades rurais"}]},{"@type":"WebSite","@id":"https:\/\/folhapopular.info\/#website","url":"https:\/\/folhapopular.info\/","name":"Folha Popular","description":"Onde voc\u00ea tem vez e voz","potentialAction":[{"@type":"SearchAction","target":{"@type":"EntryPoint","urlTemplate":"https:\/\/folhapopular.info\/?s={search_term_string}"},"query-input":{"@type":"PropertyValueSpecification","valueRequired":true,"valueName":"search_term_string"}}],"inLanguage":"pt-BR"},{"@type":"Person","@id":"https:\/\/folhapopular.info\/#\/schema\/person\/2814e8a0df7643585a9ca38bc6eb9d4b","name":"Reda\u00e7\u00e3o Folha Popular","image":{"@type":"ImageObject","inLanguage":"pt-BR","@id":"https:\/\/folhapopular.info\/wp-content\/uploads\/2026\/04\/Folha-1.webp","url":"https:\/\/folhapopular.info\/wp-content\/uploads\/2026\/04\/Folha-1.webp","contentUrl":"https:\/\/folhapopular.info\/wp-content\/uploads\/2026\/04\/Folha-1.webp","caption":"Reda\u00e7\u00e3o Folha Popular"},"url":"https:\/\/folhapopular.info\/index.php\/author\/redacao\/"}]}},"jetpack_featured_media_url":"https:\/\/folhapopular.info\/wp-content\/uploads\/2023\/06\/acudes.png","jetpack_sharing_enabled":true,"amp_enabled":true,"_links":{"self":[{"href":"https:\/\/folhapopular.info\/index.php\/wp-json\/wp\/v2\/posts\/129684","targetHints":{"allow":["GET"]}}],"collection":[{"href":"https:\/\/folhapopular.info\/index.php\/wp-json\/wp\/v2\/posts"}],"about":[{"href":"https:\/\/folhapopular.info\/index.php\/wp-json\/wp\/v2\/types\/post"}],"author":[{"embeddable":true,"href":"https:\/\/folhapopular.info\/index.php\/wp-json\/wp\/v2\/users\/8"}],"replies":[{"embeddable":true,"href":"https:\/\/folhapopular.info\/index.php\/wp-json\/wp\/v2\/comments?post=129684"}],"version-history":[{"count":0,"href":"https:\/\/folhapopular.info\/index.php\/wp-json\/wp\/v2\/posts\/129684\/revisions"}],"wp:featuredmedia":[{"embeddable":true,"href":"https:\/\/folhapopular.info\/index.php\/wp-json\/wp\/v2\/media\/129688"}],"wp:attachment":[{"href":"https:\/\/folhapopular.info\/index.php\/wp-json\/wp\/v2\/media?parent=129684"}],"wp:term":[{"taxonomy":"category","embeddable":true,"href":"https:\/\/folhapopular.info\/index.php\/wp-json\/wp\/v2\/categories?post=129684"},{"taxonomy":"post_tag","embeddable":true,"href":"https:\/\/folhapopular.info\/index.php\/wp-json\/wp\/v2\/tags?post=129684"}],"curies":[{"name":"wp","href":"https:\/\/api.w.org\/{rel}","templated":true}]}}