{"id":129731,"date":"2023-06-15T11:00:00","date_gmt":"2023-06-15T14:00:00","guid":{"rendered":"https:\/\/folhapopular.info\/?p=129731"},"modified":"2023-06-15T09:47:54","modified_gmt":"2023-06-15T12:47:54","slug":"escolas-de-westfalia-contam-com-servicos-de-seguranca","status":"publish","type":"post","link":"https:\/\/folhapopular.info\/index.php\/2023\/06\/15\/escolas-de-westfalia-contam-com-servicos-de-seguranca\/","title":{"rendered":"Escolas de Westf\u00e1lia contam com servi\u00e7os de seguran\u00e7a"},"content":{"rendered":"\n<p>Iniciaram na segunda-feira (12\/6), os servi\u00e7os de seguran\u00e7a junto \u00e0s escolas da Rede Municipal de Ensino e \u00e0 Escola de Educa\u00e7\u00e3o Infantil (EEI) M\u00f4nica. <\/p>\n\n\n\n<p>Al\u00e9m da EEI M\u00f4nica, s\u00e3o atendidas as Escolas Municipais de Ensino Fundamental (Emefs) Bandeirantes (Linha Frank), Olavo Bilac (Linha Berlim), Rio Branco (Linha Paissandu) e Vila Schmidt (Centro). O servi\u00e7o visa garantir maior seguran\u00e7a aos estudantes e funcion\u00e1rios dos educand\u00e1rios.<\/p>\n","protected":false},"excerpt":{"rendered":"<p>Iniciaram na segunda-feira (12\/6), os servi\u00e7os de seguran\u00e7a junto \u00e0s escolas da Rede Municipal de Ensino e \u00e0 Escola de Educa\u00e7\u00e3o Infantil (EEI) M\u00f4nica. Al\u00e9m da EEI M\u00f4nica, s\u00e3o atendidas as Escolas Municipais de Ensino Fundamental (Emefs) Bandeirantes (Linha Frank), Olavo Bilac (Linha Berlim), Rio Branco (Linha Paissandu) e Vila Schmidt (Centro). O servi\u00e7o visa [&hellip;]<\/p>\n","protected":false},"author":8,"featured_media":129733,"comment_status":"open","ping_status":"open","sticky":false,"template":"","format":"standard","meta":{"pmpro_default_level":"","_jetpack_memberships_contains_paid_content":false,"footnotes":""},"categories":[2,3,11091],"tags":[4890,180,11440,25],"class_list":{"0":"post-129731","1":"post","2":"type-post","3":"status-publish","4":"format-standard","5":"has-post-thumbnail","7":"category-featured","8":"category-geral","9":"category-servicos","10":"tag-ensino","11":"tag-seguranca","12":"tag-seguranca-nas-escolas","13":"tag-westfalia","14":"pmpro-has-access"},"yoast_head":"<!-- This site is optimized with the Yoast SEO plugin v27.5 - https:\/\/yoast.com\/product\/yoast-seo-wordpress\/ -->\n<title>Escolas de Westf\u00e1lia contam com servi\u00e7os de seguran\u00e7a - Folha Popular<\/title>\n<meta name=\"robots\" content=\"index, follow, max-snippet:-1, max-image-preview:large, max-video-preview:-1\" \/>\n<link rel=\"canonical\" href=\"https:\/\/folhapopular.info\/index.php\/2023\/06\/15\/escolas-de-westfalia-contam-com-servicos-de-seguranca\/\" \/>\n<meta property=\"og:locale\" content=\"pt_BR\" \/>\n<meta property=\"og:type\" content=\"article\" \/>\n<meta property=\"og:title\" content=\"Escolas de Westf\u00e1lia contam com servi\u00e7os de seguran\u00e7a - Folha Popular\" \/>\n<meta property=\"og:description\" content=\"Iniciaram na segunda-feira (12\/6), os servi\u00e7os de seguran\u00e7a junto \u00e0s escolas da Rede Municipal de Ensino e \u00e0 Escola de Educa\u00e7\u00e3o Infantil (EEI) M\u00f4nica. Al\u00e9m da EEI M\u00f4nica, s\u00e3o atendidas as Escolas Municipais de Ensino Fundamental (Emefs) Bandeirantes (Linha Frank), Olavo Bilac (Linha Berlim), Rio Branco (Linha Paissandu) e Vila Schmidt (Centro). O servi\u00e7o visa [&hellip;]\" \/>\n<meta property=\"og:url\" content=\"https:\/\/folhapopular.info\/index.php\/2023\/06\/15\/escolas-de-westfalia-contam-com-servicos-de-seguranca\/\" \/>\n<meta property=\"og:site_name\" content=\"Folha Popular\" \/>\n<meta property=\"article:published_time\" content=\"2023-06-15T14:00:00+00:00\" \/>\n<meta property=\"og:image\" content=\"https:\/\/folhapopular.info\/wp-content\/uploads\/2023\/06\/seguranca.png\" \/>\n\t<meta property=\"og:image:width\" content=\"778\" \/>\n\t<meta property=\"og:image:height\" content=\"490\" \/>\n\t<meta property=\"og:image:type\" content=\"image\/png\" \/>\n<meta name=\"author\" content=\"Reda\u00e7\u00e3o Folha Popular\" \/>\n<meta name=\"twitter:card\" content=\"summary_large_image\" \/>\n<meta name=\"twitter:label1\" content=\"Escrito por\" \/>\n\t<meta name=\"twitter:data1\" content=\"Reda\u00e7\u00e3o Folha Popular\" \/>\n\t<meta name=\"twitter:label2\" content=\"Est. tempo de leitura\" \/>\n\t<meta name=\"twitter:data2\" content=\"1 minuto\" \/>\n<script type=\"application\/ld+json\" class=\"yoast-schema-graph\">{\"@context\":\"https:\\\/\\\/schema.org\",\"@graph\":[{\"@type\":\"Article\",\"@id\":\"https:\\\/\\\/folhapopular.info\\\/index.php\\\/2023\\\/06\\\/15\\\/escolas-de-westfalia-contam-com-servicos-de-seguranca\\\/#article\",\"isPartOf\":{\"@id\":\"https:\\\/\\\/folhapopular.info\\\/index.php\\\/2023\\\/06\\\/15\\\/escolas-de-westfalia-contam-com-servicos-de-seguranca\\\/\"},\"author\":{\"name\":\"Reda\u00e7\u00e3o Folha Popular\",\"@id\":\"https:\\\/\\\/folhapopular.info\\\/#\\\/schema\\\/person\\\/2814e8a0df7643585a9ca38bc6eb9d4b\"},\"headline\":\"Escolas de Westf\u00e1lia contam com servi\u00e7os de seguran\u00e7a\",\"datePublished\":\"2023-06-15T14:00:00+00:00\",\"mainEntityOfPage\":{\"@id\":\"https:\\\/\\\/folhapopular.info\\\/index.php\\\/2023\\\/06\\\/15\\\/escolas-de-westfalia-contam-com-servicos-de-seguranca\\\/\"},\"wordCount\":84,\"commentCount\":0,\"image\":{\"@id\":\"https:\\\/\\\/folhapopular.info\\\/index.php\\\/2023\\\/06\\\/15\\\/escolas-de-westfalia-contam-com-servicos-de-seguranca\\\/#primaryimage\"},\"thumbnailUrl\":\"https:\\\/\\\/folhapopular.info\\\/wp-content\\\/uploads\\\/2023\\\/06\\\/seguranca.png\",\"keywords\":[\"Ensino\",\"Seguran\u00e7a\",\"Seguran\u00e7a nas escolas\",\"Westf\u00e1lia\"],\"articleSection\":[\"Destaques\",\"Geral\",\"Servi\u00e7os\"],\"inLanguage\":\"pt-BR\",\"potentialAction\":[{\"@type\":\"CommentAction\",\"name\":\"Comment\",\"target\":[\"https:\\\/\\\/folhapopular.info\\\/index.php\\\/2023\\\/06\\\/15\\\/escolas-de-westfalia-contam-com-servicos-de-seguranca\\\/#respond\"]}]},{\"@type\":\"WebPage\",\"@id\":\"https:\\\/\\\/folhapopular.info\\\/index.php\\\/2023\\\/06\\\/15\\\/escolas-de-westfalia-contam-com-servicos-de-seguranca\\\/\",\"url\":\"https:\\\/\\\/folhapopular.info\\\/index.php\\\/2023\\\/06\\\/15\\\/escolas-de-westfalia-contam-com-servicos-de-seguranca\\\/\",\"name\":\"Escolas de Westf\u00e1lia contam com servi\u00e7os de seguran\u00e7a - Folha Popular\",\"isPartOf\":{\"@id\":\"https:\\\/\\\/folhapopular.info\\\/#website\"},\"primaryImageOfPage\":{\"@id\":\"https:\\\/\\\/folhapopular.info\\\/index.php\\\/2023\\\/06\\\/15\\\/escolas-de-westfalia-contam-com-servicos-de-seguranca\\\/#primaryimage\"},\"image\":{\"@id\":\"https:\\\/\\\/folhapopular.info\\\/index.php\\\/2023\\\/06\\\/15\\\/escolas-de-westfalia-contam-com-servicos-de-seguranca\\\/#primaryimage\"},\"thumbnailUrl\":\"https:\\\/\\\/folhapopular.info\\\/wp-content\\\/uploads\\\/2023\\\/06\\\/seguranca.png\",\"datePublished\":\"2023-06-15T14:00:00+00:00\",\"author\":{\"@id\":\"https:\\\/\\\/folhapopular.info\\\/#\\\/schema\\\/person\\\/2814e8a0df7643585a9ca38bc6eb9d4b\"},\"breadcrumb\":{\"@id\":\"https:\\\/\\\/folhapopular.info\\\/index.php\\\/2023\\\/06\\\/15\\\/escolas-de-westfalia-contam-com-servicos-de-seguranca\\\/#breadcrumb\"},\"inLanguage\":\"pt-BR\",\"potentialAction\":[{\"@type\":\"ReadAction\",\"target\":[\"https:\\\/\\\/folhapopular.info\\\/index.php\\\/2023\\\/06\\\/15\\\/escolas-de-westfalia-contam-com-servicos-de-seguranca\\\/\"]}]},{\"@type\":\"ImageObject\",\"inLanguage\":\"pt-BR\",\"@id\":\"https:\\\/\\\/folhapopular.info\\\/index.php\\\/2023\\\/06\\\/15\\\/escolas-de-westfalia-contam-com-servicos-de-seguranca\\\/#primaryimage\",\"url\":\"https:\\\/\\\/folhapopular.info\\\/wp-content\\\/uploads\\\/2023\\\/06\\\/seguranca.png\",\"contentUrl\":\"https:\\\/\\\/folhapopular.info\\\/wp-content\\\/uploads\\\/2023\\\/06\\\/seguranca.png\",\"width\":778,\"height\":490,\"caption\":\"Cr\u00e9dito: AI Prefeitura de Westf\u00e1lia\"},{\"@type\":\"BreadcrumbList\",\"@id\":\"https:\\\/\\\/folhapopular.info\\\/index.php\\\/2023\\\/06\\\/15\\\/escolas-de-westfalia-contam-com-servicos-de-seguranca\\\/#breadcrumb\",\"itemListElement\":[{\"@type\":\"ListItem\",\"position\":1,\"name\":\"In\u00edcio\",\"item\":\"https:\\\/\\\/folhapopular.info\\\/\"},{\"@type\":\"ListItem\",\"position\":2,\"name\":\"Escolas de Westf\u00e1lia contam com servi\u00e7os de seguran\u00e7a\"}]},{\"@type\":\"WebSite\",\"@id\":\"https:\\\/\\\/folhapopular.info\\\/#website\",\"url\":\"https:\\\/\\\/folhapopular.info\\\/\",\"name\":\"Folha Popular\",\"description\":\"Onde voc\u00ea tem vez e voz\",\"potentialAction\":[{\"@type\":\"SearchAction\",\"target\":{\"@type\":\"EntryPoint\",\"urlTemplate\":\"https:\\\/\\\/folhapopular.info\\\/?s={search_term_string}\"},\"query-input\":{\"@type\":\"PropertyValueSpecification\",\"valueRequired\":true,\"valueName\":\"search_term_string\"}}],\"inLanguage\":\"pt-BR\"},{\"@type\":\"Person\",\"@id\":\"https:\\\/\\\/folhapopular.info\\\/#\\\/schema\\\/person\\\/2814e8a0df7643585a9ca38bc6eb9d4b\",\"name\":\"Reda\u00e7\u00e3o Folha Popular\",\"image\":{\"@type\":\"ImageObject\",\"inLanguage\":\"pt-BR\",\"@id\":\"https:\\\/\\\/folhapopular.info\\\/wp-content\\\/uploads\\\/2026\\\/04\\\/Folha-1.webp\",\"url\":\"https:\\\/\\\/folhapopular.info\\\/wp-content\\\/uploads\\\/2026\\\/04\\\/Folha-1.webp\",\"contentUrl\":\"https:\\\/\\\/folhapopular.info\\\/wp-content\\\/uploads\\\/2026\\\/04\\\/Folha-1.webp\",\"caption\":\"Reda\u00e7\u00e3o Folha Popular\"},\"url\":\"https:\\\/\\\/folhapopular.info\\\/index.php\\\/author\\\/redacao\\\/\"}]}<\/script>\n<!-- \/ Yoast SEO plugin. -->","yoast_head_json":{"title":"Escolas de Westf\u00e1lia contam com servi\u00e7os de seguran\u00e7a - Folha Popular","robots":{"index":"index","follow":"follow","max-snippet":"max-snippet:-1","max-image-preview":"max-image-preview:large","max-video-preview":"max-video-preview:-1"},"canonical":"https:\/\/folhapopular.info\/index.php\/2023\/06\/15\/escolas-de-westfalia-contam-com-servicos-de-seguranca\/","og_locale":"pt_BR","og_type":"article","og_title":"Escolas de Westf\u00e1lia contam com servi\u00e7os de seguran\u00e7a - Folha Popular","og_description":"Iniciaram na segunda-feira (12\/6), os servi\u00e7os de seguran\u00e7a junto \u00e0s escolas da Rede Municipal de Ensino e \u00e0 Escola de Educa\u00e7\u00e3o Infantil (EEI) M\u00f4nica. Al\u00e9m da EEI M\u00f4nica, s\u00e3o atendidas as Escolas Municipais de Ensino Fundamental (Emefs) Bandeirantes (Linha Frank), Olavo Bilac (Linha Berlim), Rio Branco (Linha Paissandu) e Vila Schmidt (Centro). O servi\u00e7o visa [&hellip;]","og_url":"https:\/\/folhapopular.info\/index.php\/2023\/06\/15\/escolas-de-westfalia-contam-com-servicos-de-seguranca\/","og_site_name":"Folha Popular","article_published_time":"2023-06-15T14:00:00+00:00","og_image":[{"width":778,"height":490,"url":"https:\/\/folhapopular.info\/wp-content\/uploads\/2023\/06\/seguranca.png","type":"image\/png"}],"author":"Reda\u00e7\u00e3o Folha Popular","twitter_card":"summary_large_image","twitter_misc":{"Escrito por":"Reda\u00e7\u00e3o Folha Popular","Est. tempo de leitura":"1 minuto"},"schema":{"@context":"https:\/\/schema.org","@graph":[{"@type":"Article","@id":"https:\/\/folhapopular.info\/index.php\/2023\/06\/15\/escolas-de-westfalia-contam-com-servicos-de-seguranca\/#article","isPartOf":{"@id":"https:\/\/folhapopular.info\/index.php\/2023\/06\/15\/escolas-de-westfalia-contam-com-servicos-de-seguranca\/"},"author":{"name":"Reda\u00e7\u00e3o Folha Popular","@id":"https:\/\/folhapopular.info\/#\/schema\/person\/2814e8a0df7643585a9ca38bc6eb9d4b"},"headline":"Escolas de Westf\u00e1lia contam com servi\u00e7os de seguran\u00e7a","datePublished":"2023-06-15T14:00:00+00:00","mainEntityOfPage":{"@id":"https:\/\/folhapopular.info\/index.php\/2023\/06\/15\/escolas-de-westfalia-contam-com-servicos-de-seguranca\/"},"wordCount":84,"commentCount":0,"image":{"@id":"https:\/\/folhapopular.info\/index.php\/2023\/06\/15\/escolas-de-westfalia-contam-com-servicos-de-seguranca\/#primaryimage"},"thumbnailUrl":"https:\/\/folhapopular.info\/wp-content\/uploads\/2023\/06\/seguranca.png","keywords":["Ensino","Seguran\u00e7a","Seguran\u00e7a nas escolas","Westf\u00e1lia"],"articleSection":["Destaques","Geral","Servi\u00e7os"],"inLanguage":"pt-BR","potentialAction":[{"@type":"CommentAction","name":"Comment","target":["https:\/\/folhapopular.info\/index.php\/2023\/06\/15\/escolas-de-westfalia-contam-com-servicos-de-seguranca\/#respond"]}]},{"@type":"WebPage","@id":"https:\/\/folhapopular.info\/index.php\/2023\/06\/15\/escolas-de-westfalia-contam-com-servicos-de-seguranca\/","url":"https:\/\/folhapopular.info\/index.php\/2023\/06\/15\/escolas-de-westfalia-contam-com-servicos-de-seguranca\/","name":"Escolas de Westf\u00e1lia contam com servi\u00e7os de seguran\u00e7a - Folha Popular","isPartOf":{"@id":"https:\/\/folhapopular.info\/#website"},"primaryImageOfPage":{"@id":"https:\/\/folhapopular.info\/index.php\/2023\/06\/15\/escolas-de-westfalia-contam-com-servicos-de-seguranca\/#primaryimage"},"image":{"@id":"https:\/\/folhapopular.info\/index.php\/2023\/06\/15\/escolas-de-westfalia-contam-com-servicos-de-seguranca\/#primaryimage"},"thumbnailUrl":"https:\/\/folhapopular.info\/wp-content\/uploads\/2023\/06\/seguranca.png","datePublished":"2023-06-15T14:00:00+00:00","author":{"@id":"https:\/\/folhapopular.info\/#\/schema\/person\/2814e8a0df7643585a9ca38bc6eb9d4b"},"breadcrumb":{"@id":"https:\/\/folhapopular.info\/index.php\/2023\/06\/15\/escolas-de-westfalia-contam-com-servicos-de-seguranca\/#breadcrumb"},"inLanguage":"pt-BR","potentialAction":[{"@type":"ReadAction","target":["https:\/\/folhapopular.info\/index.php\/2023\/06\/15\/escolas-de-westfalia-contam-com-servicos-de-seguranca\/"]}]},{"@type":"ImageObject","inLanguage":"pt-BR","@id":"https:\/\/folhapopular.info\/index.php\/2023\/06\/15\/escolas-de-westfalia-contam-com-servicos-de-seguranca\/#primaryimage","url":"https:\/\/folhapopular.info\/wp-content\/uploads\/2023\/06\/seguranca.png","contentUrl":"https:\/\/folhapopular.info\/wp-content\/uploads\/2023\/06\/seguranca.png","width":778,"height":490,"caption":"Cr\u00e9dito: AI Prefeitura de Westf\u00e1lia"},{"@type":"BreadcrumbList","@id":"https:\/\/folhapopular.info\/index.php\/2023\/06\/15\/escolas-de-westfalia-contam-com-servicos-de-seguranca\/#breadcrumb","itemListElement":[{"@type":"ListItem","position":1,"name":"In\u00edcio","item":"https:\/\/folhapopular.info\/"},{"@type":"ListItem","position":2,"name":"Escolas de Westf\u00e1lia contam com servi\u00e7os de seguran\u00e7a"}]},{"@type":"WebSite","@id":"https:\/\/folhapopular.info\/#website","url":"https:\/\/folhapopular.info\/","name":"Folha Popular","description":"Onde voc\u00ea tem vez e voz","potentialAction":[{"@type":"SearchAction","target":{"@type":"EntryPoint","urlTemplate":"https:\/\/folhapopular.info\/?s={search_term_string}"},"query-input":{"@type":"PropertyValueSpecification","valueRequired":true,"valueName":"search_term_string"}}],"inLanguage":"pt-BR"},{"@type":"Person","@id":"https:\/\/folhapopular.info\/#\/schema\/person\/2814e8a0df7643585a9ca38bc6eb9d4b","name":"Reda\u00e7\u00e3o Folha Popular","image":{"@type":"ImageObject","inLanguage":"pt-BR","@id":"https:\/\/folhapopular.info\/wp-content\/uploads\/2026\/04\/Folha-1.webp","url":"https:\/\/folhapopular.info\/wp-content\/uploads\/2026\/04\/Folha-1.webp","contentUrl":"https:\/\/folhapopular.info\/wp-content\/uploads\/2026\/04\/Folha-1.webp","caption":"Reda\u00e7\u00e3o Folha Popular"},"url":"https:\/\/folhapopular.info\/index.php\/author\/redacao\/"}]}},"jetpack_featured_media_url":"https:\/\/folhapopular.info\/wp-content\/uploads\/2023\/06\/seguranca.png","jetpack_sharing_enabled":true,"amp_enabled":true,"_links":{"self":[{"href":"https:\/\/folhapopular.info\/index.php\/wp-json\/wp\/v2\/posts\/129731","targetHints":{"allow":["GET"]}}],"collection":[{"href":"https:\/\/folhapopular.info\/index.php\/wp-json\/wp\/v2\/posts"}],"about":[{"href":"https:\/\/folhapopular.info\/index.php\/wp-json\/wp\/v2\/types\/post"}],"author":[{"embeddable":true,"href":"https:\/\/folhapopular.info\/index.php\/wp-json\/wp\/v2\/users\/8"}],"replies":[{"embeddable":true,"href":"https:\/\/folhapopular.info\/index.php\/wp-json\/wp\/v2\/comments?post=129731"}],"version-history":[{"count":0,"href":"https:\/\/folhapopular.info\/index.php\/wp-json\/wp\/v2\/posts\/129731\/revisions"}],"wp:featuredmedia":[{"embeddable":true,"href":"https:\/\/folhapopular.info\/index.php\/wp-json\/wp\/v2\/media\/129733"}],"wp:attachment":[{"href":"https:\/\/folhapopular.info\/index.php\/wp-json\/wp\/v2\/media?parent=129731"}],"wp:term":[{"taxonomy":"category","embeddable":true,"href":"https:\/\/folhapopular.info\/index.php\/wp-json\/wp\/v2\/categories?post=129731"},{"taxonomy":"post_tag","embeddable":true,"href":"https:\/\/folhapopular.info\/index.php\/wp-json\/wp\/v2\/tags?post=129731"}],"curies":[{"name":"wp","href":"https:\/\/api.w.org\/{rel}","templated":true}]}}