{"id":129735,"date":"2023-06-15T11:30:00","date_gmt":"2023-06-15T14:30:00","guid":{"rendered":"https:\/\/folhapopular.info\/?p=129735"},"modified":"2023-06-15T10:08:02","modified_gmt":"2023-06-15T13:08:02","slug":"profissionais-de-imigrante-e-colinas-recebem-formacao-sobre-autismo","status":"publish","type":"post","link":"https:\/\/folhapopular.info\/index.php\/2023\/06\/15\/profissionais-de-imigrante-e-colinas-recebem-formacao-sobre-autismo\/","title":{"rendered":"Profissionais de Imigrante e Colinas recebem forma\u00e7\u00e3o sobre autismo"},"content":{"rendered":"\n<p>Na ter\u00e7a-feira (13\/6), profissionais das secretarias de Educa\u00e7\u00e3o e Sa\u00fade e Assist\u00eancia Social dos munic\u00edpios de Imigrante e Colinas receberam forma\u00e7\u00e3o sobre o autismo. O encontro ocorreu na Escola Municipal de Ensino Fundamental (Emef) Santo Ant\u00f4nio e foi ministrado pelos profissionais do Programa TEAcolhe, do Governo do Estado. <\/p>\n\n\n\n<p>O objetivo do TEAcolhe \u00e9 implementar a lei estadual que instituiu a Pol\u00edtica de Atendimento Integrado \u00e0 Pessoa com Transtorno do Espectro do Autismo no Rio Grande do Sul. A busca \u00e9 pela inclus\u00e3o social, cidadania e apoio \u00e0s fam\u00edlias. <\/p>\n\n\n\n<p>\u201cVisamos \u00e0 qualifica\u00e7\u00e3o t\u00e9cnica dos profissionais, a horizontaliza\u00e7\u00e3o do atendimento multiprofissional integrado, al\u00e9m da sensibiliza\u00e7\u00e3o da sociedade quanto \u00e0 inclus\u00e3o da pessoa com autismo e sua fam\u00edlia, a partir do trabalho em rede, tanto intra quanto intersetorial das \u00e1reas priorit\u00e1rias de assist\u00eancia social, educa\u00e7\u00e3o e sa\u00fade\u201d, explica a representante do Centro de Refer\u00eancia de Assist\u00eancia Social (Cras) de Imigrante, Fabiana Christ.<\/p>\n\n\n\n<p>\u201cBuscar mais conhecimento sobre o autismo \u00e9 de extrema import\u00e2ncia, sendo que esta demanda est\u00e1 aumentando a cada ano. Hoje, nas nossas escolas, existem alunos com esse transtorno, e por este motivo buscamos mais informa\u00e7\u00e3o para atender melhor, tanto o aluno como a fam\u00edlia. Sabemos tamb\u00e9m que \u00e9 muito importante a rede de apoio estar preparada para este p\u00fablico, ent\u00e3o Sa\u00fade e Educa\u00e7\u00e3o precisam estar juntas para buscar as melhores alternativas\u201d, disse a diretora da Escola Municipal de Educa\u00e7\u00e3o Infantil (Emei) Ciranda de Sonhos, Pauline Koerbes.<\/p>\n\n\n\n<p>\u201cPara n\u00f3s, da Educa\u00e7\u00e3o Infantil \u00e9 de suma import\u00e2ncia obter maior conhecimento sobre o tema, pois \u00e9 na Educa\u00e7\u00e3o Infantil que s\u00e3o trabalhados diferentes aspectos sobre o desenvolvimento da crian\u00e7a. Portanto, o quanto antes for percebido algum sinal de alerta, antes ser\u00e1 investigado e diagnosticado. A identifica\u00e7\u00e3o precoce faz com que a crian\u00e7a ainda pequena receba tratamento e interven\u00e7\u00f5es adequadas. Para que se tenha essa percep\u00e7\u00e3o \u00e9 fundamental ter conhecimento sobre o assunto, onde esta forma\u00e7\u00e3o do TEAcolhe vem ao encontro\u201d, disse a diretora da Emei Pequeno Mundo, Marina Michels.<\/p>\n","protected":false},"excerpt":{"rendered":"<p>Na ter\u00e7a-feira (13\/6), profissionais das secretarias de Educa\u00e7\u00e3o e Sa\u00fade e Assist\u00eancia Social dos munic\u00edpios de Imigrante e Colinas receberam forma\u00e7\u00e3o sobre o autismo. O encontro ocorreu na Escola Municipal de Ensino Fundamental (Emef) Santo Ant\u00f4nio e foi ministrado pelos profissionais do Programa TEAcolhe, do Governo do Estado. O objetivo do TEAcolhe \u00e9 implementar a [&hellip;]<\/p>\n","protected":false},"author":8,"featured_media":129736,"comment_status":"open","ping_status":"open","sticky":false,"template":"","format":"standard","meta":{"pmpro_default_level":"","_jetpack_memberships_contains_paid_content":false,"footnotes":""},"categories":[2,10988,3],"tags":[4562,183,4890,34],"class_list":{"0":"post-129735","1":"post","2":"type-post","3":"status-publish","4":"format-standard","5":"has-post-thumbnail","7":"category-featured","8":"category-educacao","9":"category-geral","10":"tag-autismo","11":"tag-colinas","12":"tag-ensino","13":"tag-imigrante","14":"pmpro-has-access"},"yoast_head":"<!-- This site is optimized with the Yoast SEO plugin v27.5 - https:\/\/yoast.com\/product\/yoast-seo-wordpress\/ -->\n<title>Profissionais de Imigrante e Colinas recebem forma\u00e7\u00e3o sobre autismo - Folha Popular<\/title>\n<meta name=\"robots\" content=\"index, follow, max-snippet:-1, max-image-preview:large, max-video-preview:-1\" \/>\n<link rel=\"canonical\" href=\"https:\/\/folhapopular.info\/index.php\/2023\/06\/15\/profissionais-de-imigrante-e-colinas-recebem-formacao-sobre-autismo\/\" \/>\n<meta property=\"og:locale\" content=\"pt_BR\" \/>\n<meta property=\"og:type\" content=\"article\" \/>\n<meta property=\"og:title\" content=\"Profissionais de Imigrante e Colinas recebem forma\u00e7\u00e3o sobre autismo - Folha Popular\" \/>\n<meta property=\"og:description\" content=\"Na ter\u00e7a-feira (13\/6), profissionais das secretarias de Educa\u00e7\u00e3o e Sa\u00fade e Assist\u00eancia Social dos munic\u00edpios de Imigrante e Colinas receberam forma\u00e7\u00e3o sobre o autismo. O encontro ocorreu na Escola Municipal de Ensino Fundamental (Emef) Santo Ant\u00f4nio e foi ministrado pelos profissionais do Programa TEAcolhe, do Governo do Estado. O objetivo do TEAcolhe \u00e9 implementar a [&hellip;]\" \/>\n<meta property=\"og:url\" content=\"https:\/\/folhapopular.info\/index.php\/2023\/06\/15\/profissionais-de-imigrante-e-colinas-recebem-formacao-sobre-autismo\/\" \/>\n<meta property=\"og:site_name\" content=\"Folha Popular\" \/>\n<meta property=\"article:published_time\" content=\"2023-06-15T14:30:00+00:00\" \/>\n<meta property=\"og:image\" content=\"https:\/\/folhapopular.info\/wp-content\/uploads\/2023\/06\/imigrante-1.png\" \/>\n\t<meta property=\"og:image:width\" content=\"794\" \/>\n\t<meta property=\"og:image:height\" content=\"521\" \/>\n\t<meta property=\"og:image:type\" content=\"image\/png\" \/>\n<meta name=\"author\" content=\"Reda\u00e7\u00e3o Folha Popular\" \/>\n<meta name=\"twitter:card\" content=\"summary_large_image\" \/>\n<meta name=\"twitter:label1\" content=\"Escrito por\" \/>\n\t<meta name=\"twitter:data1\" content=\"Reda\u00e7\u00e3o Folha Popular\" \/>\n\t<meta name=\"twitter:label2\" content=\"Est. tempo de leitura\" \/>\n\t<meta name=\"twitter:data2\" content=\"2 minutos\" \/>\n<script type=\"application\/ld+json\" class=\"yoast-schema-graph\">{\"@context\":\"https:\\\/\\\/schema.org\",\"@graph\":[{\"@type\":\"Article\",\"@id\":\"https:\\\/\\\/folhapopular.info\\\/index.php\\\/2023\\\/06\\\/15\\\/profissionais-de-imigrante-e-colinas-recebem-formacao-sobre-autismo\\\/#article\",\"isPartOf\":{\"@id\":\"https:\\\/\\\/folhapopular.info\\\/index.php\\\/2023\\\/06\\\/15\\\/profissionais-de-imigrante-e-colinas-recebem-formacao-sobre-autismo\\\/\"},\"author\":{\"name\":\"Reda\u00e7\u00e3o Folha Popular\",\"@id\":\"https:\\\/\\\/folhapopular.info\\\/#\\\/schema\\\/person\\\/2814e8a0df7643585a9ca38bc6eb9d4b\"},\"headline\":\"Profissionais de Imigrante e Colinas recebem forma\u00e7\u00e3o sobre autismo\",\"datePublished\":\"2023-06-15T14:30:00+00:00\",\"mainEntityOfPage\":{\"@id\":\"https:\\\/\\\/folhapopular.info\\\/index.php\\\/2023\\\/06\\\/15\\\/profissionais-de-imigrante-e-colinas-recebem-formacao-sobre-autismo\\\/\"},\"wordCount\":367,\"commentCount\":0,\"image\":{\"@id\":\"https:\\\/\\\/folhapopular.info\\\/index.php\\\/2023\\\/06\\\/15\\\/profissionais-de-imigrante-e-colinas-recebem-formacao-sobre-autismo\\\/#primaryimage\"},\"thumbnailUrl\":\"https:\\\/\\\/folhapopular.info\\\/wp-content\\\/uploads\\\/2023\\\/06\\\/imigrante-1.png\",\"keywords\":[\"autismo\",\"Colinas\",\"Ensino\",\"Imigrante\"],\"articleSection\":[\"Destaques\",\"Educa\u00e7\u00e3o\",\"Geral\"],\"inLanguage\":\"pt-BR\",\"potentialAction\":[{\"@type\":\"CommentAction\",\"name\":\"Comment\",\"target\":[\"https:\\\/\\\/folhapopular.info\\\/index.php\\\/2023\\\/06\\\/15\\\/profissionais-de-imigrante-e-colinas-recebem-formacao-sobre-autismo\\\/#respond\"]}]},{\"@type\":\"WebPage\",\"@id\":\"https:\\\/\\\/folhapopular.info\\\/index.php\\\/2023\\\/06\\\/15\\\/profissionais-de-imigrante-e-colinas-recebem-formacao-sobre-autismo\\\/\",\"url\":\"https:\\\/\\\/folhapopular.info\\\/index.php\\\/2023\\\/06\\\/15\\\/profissionais-de-imigrante-e-colinas-recebem-formacao-sobre-autismo\\\/\",\"name\":\"Profissionais de Imigrante e Colinas recebem forma\u00e7\u00e3o sobre autismo - Folha Popular\",\"isPartOf\":{\"@id\":\"https:\\\/\\\/folhapopular.info\\\/#website\"},\"primaryImageOfPage\":{\"@id\":\"https:\\\/\\\/folhapopular.info\\\/index.php\\\/2023\\\/06\\\/15\\\/profissionais-de-imigrante-e-colinas-recebem-formacao-sobre-autismo\\\/#primaryimage\"},\"image\":{\"@id\":\"https:\\\/\\\/folhapopular.info\\\/index.php\\\/2023\\\/06\\\/15\\\/profissionais-de-imigrante-e-colinas-recebem-formacao-sobre-autismo\\\/#primaryimage\"},\"thumbnailUrl\":\"https:\\\/\\\/folhapopular.info\\\/wp-content\\\/uploads\\\/2023\\\/06\\\/imigrante-1.png\",\"datePublished\":\"2023-06-15T14:30:00+00:00\",\"author\":{\"@id\":\"https:\\\/\\\/folhapopular.info\\\/#\\\/schema\\\/person\\\/2814e8a0df7643585a9ca38bc6eb9d4b\"},\"breadcrumb\":{\"@id\":\"https:\\\/\\\/folhapopular.info\\\/index.php\\\/2023\\\/06\\\/15\\\/profissionais-de-imigrante-e-colinas-recebem-formacao-sobre-autismo\\\/#breadcrumb\"},\"inLanguage\":\"pt-BR\",\"potentialAction\":[{\"@type\":\"ReadAction\",\"target\":[\"https:\\\/\\\/folhapopular.info\\\/index.php\\\/2023\\\/06\\\/15\\\/profissionais-de-imigrante-e-colinas-recebem-formacao-sobre-autismo\\\/\"]}]},{\"@type\":\"ImageObject\",\"inLanguage\":\"pt-BR\",\"@id\":\"https:\\\/\\\/folhapopular.info\\\/index.php\\\/2023\\\/06\\\/15\\\/profissionais-de-imigrante-e-colinas-recebem-formacao-sobre-autismo\\\/#primaryimage\",\"url\":\"https:\\\/\\\/folhapopular.info\\\/wp-content\\\/uploads\\\/2023\\\/06\\\/imigrante-1.png\",\"contentUrl\":\"https:\\\/\\\/folhapopular.info\\\/wp-content\\\/uploads\\\/2023\\\/06\\\/imigrante-1.png\",\"width\":794,\"height\":521,\"caption\":\"Cr\u00e9dito: Divulga\u00e7\u00e3o\"},{\"@type\":\"BreadcrumbList\",\"@id\":\"https:\\\/\\\/folhapopular.info\\\/index.php\\\/2023\\\/06\\\/15\\\/profissionais-de-imigrante-e-colinas-recebem-formacao-sobre-autismo\\\/#breadcrumb\",\"itemListElement\":[{\"@type\":\"ListItem\",\"position\":1,\"name\":\"In\u00edcio\",\"item\":\"https:\\\/\\\/folhapopular.info\\\/\"},{\"@type\":\"ListItem\",\"position\":2,\"name\":\"Profissionais de Imigrante e Colinas recebem forma\u00e7\u00e3o sobre autismo\"}]},{\"@type\":\"WebSite\",\"@id\":\"https:\\\/\\\/folhapopular.info\\\/#website\",\"url\":\"https:\\\/\\\/folhapopular.info\\\/\",\"name\":\"Folha Popular\",\"description\":\"Onde voc\u00ea tem vez e voz\",\"potentialAction\":[{\"@type\":\"SearchAction\",\"target\":{\"@type\":\"EntryPoint\",\"urlTemplate\":\"https:\\\/\\\/folhapopular.info\\\/?s={search_term_string}\"},\"query-input\":{\"@type\":\"PropertyValueSpecification\",\"valueRequired\":true,\"valueName\":\"search_term_string\"}}],\"inLanguage\":\"pt-BR\"},{\"@type\":\"Person\",\"@id\":\"https:\\\/\\\/folhapopular.info\\\/#\\\/schema\\\/person\\\/2814e8a0df7643585a9ca38bc6eb9d4b\",\"name\":\"Reda\u00e7\u00e3o Folha Popular\",\"image\":{\"@type\":\"ImageObject\",\"inLanguage\":\"pt-BR\",\"@id\":\"https:\\\/\\\/folhapopular.info\\\/wp-content\\\/uploads\\\/2026\\\/04\\\/Folha-1.webp\",\"url\":\"https:\\\/\\\/folhapopular.info\\\/wp-content\\\/uploads\\\/2026\\\/04\\\/Folha-1.webp\",\"contentUrl\":\"https:\\\/\\\/folhapopular.info\\\/wp-content\\\/uploads\\\/2026\\\/04\\\/Folha-1.webp\",\"caption\":\"Reda\u00e7\u00e3o Folha Popular\"},\"url\":\"https:\\\/\\\/folhapopular.info\\\/index.php\\\/author\\\/redacao\\\/\"}]}<\/script>\n<!-- \/ Yoast SEO plugin. -->","yoast_head_json":{"title":"Profissionais de Imigrante e Colinas recebem forma\u00e7\u00e3o sobre autismo - Folha Popular","robots":{"index":"index","follow":"follow","max-snippet":"max-snippet:-1","max-image-preview":"max-image-preview:large","max-video-preview":"max-video-preview:-1"},"canonical":"https:\/\/folhapopular.info\/index.php\/2023\/06\/15\/profissionais-de-imigrante-e-colinas-recebem-formacao-sobre-autismo\/","og_locale":"pt_BR","og_type":"article","og_title":"Profissionais de Imigrante e Colinas recebem forma\u00e7\u00e3o sobre autismo - Folha Popular","og_description":"Na ter\u00e7a-feira (13\/6), profissionais das secretarias de Educa\u00e7\u00e3o e Sa\u00fade e Assist\u00eancia Social dos munic\u00edpios de Imigrante e Colinas receberam forma\u00e7\u00e3o sobre o autismo. O encontro ocorreu na Escola Municipal de Ensino Fundamental (Emef) Santo Ant\u00f4nio e foi ministrado pelos profissionais do Programa TEAcolhe, do Governo do Estado. O objetivo do TEAcolhe \u00e9 implementar a [&hellip;]","og_url":"https:\/\/folhapopular.info\/index.php\/2023\/06\/15\/profissionais-de-imigrante-e-colinas-recebem-formacao-sobre-autismo\/","og_site_name":"Folha Popular","article_published_time":"2023-06-15T14:30:00+00:00","og_image":[{"width":794,"height":521,"url":"https:\/\/folhapopular.info\/wp-content\/uploads\/2023\/06\/imigrante-1.png","type":"image\/png"}],"author":"Reda\u00e7\u00e3o Folha Popular","twitter_card":"summary_large_image","twitter_misc":{"Escrito por":"Reda\u00e7\u00e3o Folha Popular","Est. tempo de leitura":"2 minutos"},"schema":{"@context":"https:\/\/schema.org","@graph":[{"@type":"Article","@id":"https:\/\/folhapopular.info\/index.php\/2023\/06\/15\/profissionais-de-imigrante-e-colinas-recebem-formacao-sobre-autismo\/#article","isPartOf":{"@id":"https:\/\/folhapopular.info\/index.php\/2023\/06\/15\/profissionais-de-imigrante-e-colinas-recebem-formacao-sobre-autismo\/"},"author":{"name":"Reda\u00e7\u00e3o Folha Popular","@id":"https:\/\/folhapopular.info\/#\/schema\/person\/2814e8a0df7643585a9ca38bc6eb9d4b"},"headline":"Profissionais de Imigrante e Colinas recebem forma\u00e7\u00e3o sobre autismo","datePublished":"2023-06-15T14:30:00+00:00","mainEntityOfPage":{"@id":"https:\/\/folhapopular.info\/index.php\/2023\/06\/15\/profissionais-de-imigrante-e-colinas-recebem-formacao-sobre-autismo\/"},"wordCount":367,"commentCount":0,"image":{"@id":"https:\/\/folhapopular.info\/index.php\/2023\/06\/15\/profissionais-de-imigrante-e-colinas-recebem-formacao-sobre-autismo\/#primaryimage"},"thumbnailUrl":"https:\/\/folhapopular.info\/wp-content\/uploads\/2023\/06\/imigrante-1.png","keywords":["autismo","Colinas","Ensino","Imigrante"],"articleSection":["Destaques","Educa\u00e7\u00e3o","Geral"],"inLanguage":"pt-BR","potentialAction":[{"@type":"CommentAction","name":"Comment","target":["https:\/\/folhapopular.info\/index.php\/2023\/06\/15\/profissionais-de-imigrante-e-colinas-recebem-formacao-sobre-autismo\/#respond"]}]},{"@type":"WebPage","@id":"https:\/\/folhapopular.info\/index.php\/2023\/06\/15\/profissionais-de-imigrante-e-colinas-recebem-formacao-sobre-autismo\/","url":"https:\/\/folhapopular.info\/index.php\/2023\/06\/15\/profissionais-de-imigrante-e-colinas-recebem-formacao-sobre-autismo\/","name":"Profissionais de Imigrante e Colinas recebem forma\u00e7\u00e3o sobre autismo - Folha Popular","isPartOf":{"@id":"https:\/\/folhapopular.info\/#website"},"primaryImageOfPage":{"@id":"https:\/\/folhapopular.info\/index.php\/2023\/06\/15\/profissionais-de-imigrante-e-colinas-recebem-formacao-sobre-autismo\/#primaryimage"},"image":{"@id":"https:\/\/folhapopular.info\/index.php\/2023\/06\/15\/profissionais-de-imigrante-e-colinas-recebem-formacao-sobre-autismo\/#primaryimage"},"thumbnailUrl":"https:\/\/folhapopular.info\/wp-content\/uploads\/2023\/06\/imigrante-1.png","datePublished":"2023-06-15T14:30:00+00:00","author":{"@id":"https:\/\/folhapopular.info\/#\/schema\/person\/2814e8a0df7643585a9ca38bc6eb9d4b"},"breadcrumb":{"@id":"https:\/\/folhapopular.info\/index.php\/2023\/06\/15\/profissionais-de-imigrante-e-colinas-recebem-formacao-sobre-autismo\/#breadcrumb"},"inLanguage":"pt-BR","potentialAction":[{"@type":"ReadAction","target":["https:\/\/folhapopular.info\/index.php\/2023\/06\/15\/profissionais-de-imigrante-e-colinas-recebem-formacao-sobre-autismo\/"]}]},{"@type":"ImageObject","inLanguage":"pt-BR","@id":"https:\/\/folhapopular.info\/index.php\/2023\/06\/15\/profissionais-de-imigrante-e-colinas-recebem-formacao-sobre-autismo\/#primaryimage","url":"https:\/\/folhapopular.info\/wp-content\/uploads\/2023\/06\/imigrante-1.png","contentUrl":"https:\/\/folhapopular.info\/wp-content\/uploads\/2023\/06\/imigrante-1.png","width":794,"height":521,"caption":"Cr\u00e9dito: Divulga\u00e7\u00e3o"},{"@type":"BreadcrumbList","@id":"https:\/\/folhapopular.info\/index.php\/2023\/06\/15\/profissionais-de-imigrante-e-colinas-recebem-formacao-sobre-autismo\/#breadcrumb","itemListElement":[{"@type":"ListItem","position":1,"name":"In\u00edcio","item":"https:\/\/folhapopular.info\/"},{"@type":"ListItem","position":2,"name":"Profissionais de Imigrante e Colinas recebem forma\u00e7\u00e3o sobre autismo"}]},{"@type":"WebSite","@id":"https:\/\/folhapopular.info\/#website","url":"https:\/\/folhapopular.info\/","name":"Folha Popular","description":"Onde voc\u00ea tem vez e voz","potentialAction":[{"@type":"SearchAction","target":{"@type":"EntryPoint","urlTemplate":"https:\/\/folhapopular.info\/?s={search_term_string}"},"query-input":{"@type":"PropertyValueSpecification","valueRequired":true,"valueName":"search_term_string"}}],"inLanguage":"pt-BR"},{"@type":"Person","@id":"https:\/\/folhapopular.info\/#\/schema\/person\/2814e8a0df7643585a9ca38bc6eb9d4b","name":"Reda\u00e7\u00e3o Folha Popular","image":{"@type":"ImageObject","inLanguage":"pt-BR","@id":"https:\/\/folhapopular.info\/wp-content\/uploads\/2026\/04\/Folha-1.webp","url":"https:\/\/folhapopular.info\/wp-content\/uploads\/2026\/04\/Folha-1.webp","contentUrl":"https:\/\/folhapopular.info\/wp-content\/uploads\/2026\/04\/Folha-1.webp","caption":"Reda\u00e7\u00e3o Folha Popular"},"url":"https:\/\/folhapopular.info\/index.php\/author\/redacao\/"}]}},"jetpack_featured_media_url":"https:\/\/folhapopular.info\/wp-content\/uploads\/2023\/06\/imigrante-1.png","jetpack_sharing_enabled":true,"amp_enabled":true,"_links":{"self":[{"href":"https:\/\/folhapopular.info\/index.php\/wp-json\/wp\/v2\/posts\/129735","targetHints":{"allow":["GET"]}}],"collection":[{"href":"https:\/\/folhapopular.info\/index.php\/wp-json\/wp\/v2\/posts"}],"about":[{"href":"https:\/\/folhapopular.info\/index.php\/wp-json\/wp\/v2\/types\/post"}],"author":[{"embeddable":true,"href":"https:\/\/folhapopular.info\/index.php\/wp-json\/wp\/v2\/users\/8"}],"replies":[{"embeddable":true,"href":"https:\/\/folhapopular.info\/index.php\/wp-json\/wp\/v2\/comments?post=129735"}],"version-history":[{"count":0,"href":"https:\/\/folhapopular.info\/index.php\/wp-json\/wp\/v2\/posts\/129735\/revisions"}],"wp:featuredmedia":[{"embeddable":true,"href":"https:\/\/folhapopular.info\/index.php\/wp-json\/wp\/v2\/media\/129736"}],"wp:attachment":[{"href":"https:\/\/folhapopular.info\/index.php\/wp-json\/wp\/v2\/media?parent=129735"}],"wp:term":[{"taxonomy":"category","embeddable":true,"href":"https:\/\/folhapopular.info\/index.php\/wp-json\/wp\/v2\/categories?post=129735"},{"taxonomy":"post_tag","embeddable":true,"href":"https:\/\/folhapopular.info\/index.php\/wp-json\/wp\/v2\/tags?post=129735"}],"curies":[{"name":"wp","href":"https:\/\/api.w.org\/{rel}","templated":true}]}}