{"id":129766,"date":"2023-06-15T12:54:39","date_gmt":"2023-06-15T15:54:39","guid":{"rendered":"https:\/\/folhapopular.info\/?p=129766"},"modified":"2023-06-15T12:55:22","modified_gmt":"2023-06-15T15:55:22","slug":"curso-de-empreendedorismo-e-desenvolvimento-para-a-juventude-rural-do-certa-tera-inicio-em-julho-em-teutonia","status":"publish","type":"post","link":"https:\/\/folhapopular.info\/index.php\/2023\/06\/15\/curso-de-empreendedorismo-e-desenvolvimento-para-a-juventude-rural-do-certa-tera-inicio-em-julho-em-teutonia\/","title":{"rendered":"Curso de Empreendedorismo e Desenvolvimento para a Juventude Rural do Certa ter\u00e1 in\u00edcio em julho\u00a0em Teut\u00f4nia"},"content":{"rendered":"\n<p>O curso de Empreendedorismo e Desenvolvimento para a Juventude Rural do Centro de Treinamento de Agricultores de Teut\u00f4nia (Certa) realizar\u00e1 o primeiro m\u00f3dulo de sua edi\u00e7\u00e3o inaugural nos dias 19 e 20 de julho. <\/p>\n\n\n\n<p>As aulas visam a contribuir na constru\u00e7\u00e3o de possibilidades de perman\u00eancia dos jovens no meio rural para serem protagonistas e empreendedores do processo de desenvolvimento socioecon\u00f4mico e ambiental, refor\u00e7ando perspectivas de sucess\u00e3o rural.<\/p>\n\n\n\n<p>Organizado pela Emater\/RS-Ascar e pelo Col\u00e9gio Teut\u00f4nia, com apoio das cooperativas Sicredi e Certel, a qualifica\u00e7\u00e3o contar\u00e1 com a participa\u00e7\u00e3o de 23 jovens entre 16 e 29 anos dos munic\u00edpios de Estrela, Fazenda Vilanova, Po\u00e7o das Antas, Teut\u00f4nia e Bar\u00e3o. <\/p>\n\n\n\n<p>\u201cA ideia \u00e9 olhar para a juventude rural em toda a sua complexidade, focando em aspectos sociais, culturais, ambientais e tecnol\u00f3gicos\u201d, explica a extensionista da Emater\/RS-Ascar Elizangela Teixeira, que lembra que este \u00e9 um dos desafios atuais e um dos focos de trabalho da institui\u00e7\u00e3o.\u00a0<\/p>\n\n\n\n<p>Com atividades te\u00f3ricas e pr\u00e1ticas, a inten\u00e7\u00e3o da qualifica\u00e7\u00e3o \u00e9 a de construir com os jovens. \u201cO que se busca \u00e9 desenvolver suas aptid\u00f5es na unidade de produ\u00e7\u00e3o familiar, assessorando-os na elabora\u00e7\u00e3o, implanta\u00e7\u00e3o e execu\u00e7\u00e3o de projetos de atividades agropecu\u00e1rias\u201d, salienta o coordenador do Certa, Maicon Berwanger. <\/p>\n\n\n\n<p>Ele observa ainda que o objetivo ser\u00e1 a forma\u00e7\u00e3o de uma nova gera\u00e7\u00e3o de agricultores. \u201cAos instrutores caber\u00e1 fornecer o embasamento t\u00e9cnico para a resolu\u00e7\u00e3o de quest\u00f5es, sejam administrativas ou operacionais, que envolvam a propriedade\u201d, avalia.\u00a0<\/p>\n\n\n\n<h2 class=\"wp-block-heading\"><strong>Metodologia<\/strong><\/h2>\n\n\n\n<p>Com seis m\u00f3dulos a serem desenvolvidos entre os meses de julho e dezembro, a capacita\u00e7\u00e3o ter\u00e1 assuntos diversos, que v\u00e3o desde o relacionamento intrafamiliar, com \u00eanfase em quest\u00f5es geracionais e de g\u00eanero, passando por diagn\u00f3sticos da propriedade rural e cen\u00e1rios da agricultura familiar, at\u00e9 chegar a pr\u00e1ticas ambientais e gest\u00e3o da propriedade. <\/p>\n\n\n\n<p>\u201cNo cerne da qualifica\u00e7\u00e3o tamb\u00e9m estar\u00e3o oportunidades em sistemas de produ\u00e7\u00e3o vegetal e animal, al\u00e9m de debates sobre turismo rural, agroind\u00fastria familiar, agroecologia e import\u00e2ncia do associativismo\u201d, comenta Elizangela.\u00a0<\/p>\n\n\n\n<p>\u201cA ideia \u00e9 de que seja feita uma imers\u00e3o, com os alunos permanecendo em cada noite, em atividades integrativas, palestras educativas, oficinas e momentos de lazer\u201d, pontua a extensionista. <\/p>\n\n\n\n<p>As equipes da Emater\/RS-Ascar envolvidas e os parceiros da atividade \u2013 entre eles as prefeituras &#8211; realizam as \u00faltimas reuni\u00f5es para a consolida\u00e7\u00e3o e abertura oficial do curso, que dever\u00e1 ser oferecido uma vez ao ano. <\/p>\n\n\n\n<p>\u201cEsta \u00e9 uma forma a mais que a institui\u00e7\u00e3o encontra para trabalhar quest\u00f5es de juventude rural e sucess\u00e3o, com vistas a fortalecer a agricultura familiar e estimular a autonomia\u201d, frisa o gerente regional da Emater\/RS-Ascar, Cristiano Laste. <\/p>\n\n\n\n<p>D\u00favidas podem ser sanadas pelo e-mail\u00a0<a href=\"mailto:ctteutonia@emater.tche.br\" target=\"_blank\" rel=\"noreferrer noopener\">ctteutonia@emater.tche.br<\/a>.\u00a0<\/p>\n\n\n\n<h2 class=\"wp-block-heading\"><strong>Programa\u00e7\u00e3o&nbsp;<\/strong><\/h2>\n\n\n\n<p>M\u00f3dulo I (19 e 20\/jul): Empreender e desenvolver&nbsp;<\/p>\n\n\n\n<p>M\u00f3dulo II (23 e 24\/ago): Agricultura e meio ambiente&nbsp;<\/p>\n\n\n\n<p>M\u00f3dulo III (14 e 15\/set): Gest\u00e3o da propriedade rural&nbsp;<\/p>\n\n\n\n<p>M\u00f3dulo IV (18 e 19\/out): Oportunidades e solu\u00e7\u00f5es para a agricultura familiar&nbsp;<\/p>\n\n\n\n<p>M\u00f3dulo V (21 e 22\/nov): Seguran\u00e7a alimentar e produ\u00e7\u00e3o de alimentos para o autoconsumo&nbsp;<\/p>\n\n\n\n<p>M\u00f3dulo VI (13 e 14\/dez): Consolida\u00e7\u00e3o do conhecimento&nbsp;<\/p>\n","protected":false},"excerpt":{"rendered":"<p>O curso de Empreendedorismo e Desenvolvimento para a Juventude Rural do Centro de Treinamento de Agricultores de Teut\u00f4nia (Certa) realizar\u00e1 o primeiro m\u00f3dulo de sua edi\u00e7\u00e3o inaugural nos dias 19 e 20 de julho. As aulas visam a contribuir na constru\u00e7\u00e3o de possibilidades de perman\u00eancia dos jovens no meio rural para serem protagonistas e empreendedores [&hellip;]<\/p>\n","protected":false},"author":8,"featured_media":129767,"comment_status":"open","ping_status":"open","sticky":false,"template":"","format":"standard","meta":{"pmpro_default_level":"","_jetpack_memberships_contains_paid_content":false,"footnotes":""},"categories":[2,10988,10993,3,10994],"tags":[12438,11899,131,173,12439,535,26],"class_list":{"0":"post-129766","1":"post","2":"type-post","3":"status-publish","4":"format-standard","5":"has-post-thumbnail","7":"category-featured","8":"category-educacao","9":"category-empreender","10":"category-geral","11":"category-rural","12":"tag-centro-de-treinamento-de-agricultores-de-teutonia","13":"tag-certa","14":"tag-colegio-teutonia","15":"tag-emater","16":"tag-empreendedorismo-e-desenvolvimento","17":"tag-juventude-rural","18":"tag-teutonia","19":"pmpro-has-access"},"yoast_head":"<!-- This site is optimized with the Yoast SEO plugin v27.5 - https:\/\/yoast.com\/product\/yoast-seo-wordpress\/ -->\n<title>Curso de Empreendedorismo e Desenvolvimento para a Juventude Rural do Certa ter\u00e1 in\u00edcio em julho\u00a0em Teut\u00f4nia - Folha Popular<\/title>\n<meta name=\"robots\" content=\"index, follow, max-snippet:-1, max-image-preview:large, max-video-preview:-1\" \/>\n<link rel=\"canonical\" href=\"https:\/\/folhapopular.info\/index.php\/2023\/06\/15\/curso-de-empreendedorismo-e-desenvolvimento-para-a-juventude-rural-do-certa-tera-inicio-em-julho-em-teutonia\/\" \/>\n<meta property=\"og:locale\" content=\"pt_BR\" \/>\n<meta property=\"og:type\" content=\"article\" \/>\n<meta property=\"og:title\" content=\"Curso de Empreendedorismo e Desenvolvimento para a Juventude Rural do Certa ter\u00e1 in\u00edcio em julho\u00a0em Teut\u00f4nia - Folha Popular\" \/>\n<meta property=\"og:description\" content=\"O curso de Empreendedorismo e Desenvolvimento para a Juventude Rural do Centro de Treinamento de Agricultores de Teut\u00f4nia (Certa) realizar\u00e1 o primeiro m\u00f3dulo de sua edi\u00e7\u00e3o inaugural nos dias 19 e 20 de julho. As aulas visam a contribuir na constru\u00e7\u00e3o de possibilidades de perman\u00eancia dos jovens no meio rural para serem protagonistas e empreendedores [&hellip;]\" \/>\n<meta property=\"og:url\" content=\"https:\/\/folhapopular.info\/index.php\/2023\/06\/15\/curso-de-empreendedorismo-e-desenvolvimento-para-a-juventude-rural-do-certa-tera-inicio-em-julho-em-teutonia\/\" \/>\n<meta property=\"og:site_name\" content=\"Folha Popular\" \/>\n<meta property=\"article:published_time\" content=\"2023-06-15T15:54:39+00:00\" \/>\n<meta property=\"article:modified_time\" content=\"2023-06-15T15:55:22+00:00\" \/>\n<meta property=\"og:image\" content=\"http:\/\/folhapopular.info\/wp-content\/uploads\/2023\/06\/curso_juventude_rural-4-scaled.jpg\" \/>\n\t<meta property=\"og:image:width\" content=\"2560\" \/>\n\t<meta property=\"og:image:height\" content=\"1706\" \/>\n\t<meta property=\"og:image:type\" content=\"image\/jpeg\" \/>\n<meta name=\"author\" content=\"Reda\u00e7\u00e3o Folha Popular\" \/>\n<meta name=\"twitter:card\" content=\"summary_large_image\" \/>\n<meta name=\"twitter:label1\" content=\"Escrito por\" \/>\n\t<meta name=\"twitter:data1\" content=\"Reda\u00e7\u00e3o Folha Popular\" \/>\n\t<meta name=\"twitter:label2\" content=\"Est. tempo de leitura\" \/>\n\t<meta name=\"twitter:data2\" content=\"3 minutos\" \/>\n<script type=\"application\/ld+json\" class=\"yoast-schema-graph\">{\"@context\":\"https:\\\/\\\/schema.org\",\"@graph\":[{\"@type\":\"Article\",\"@id\":\"https:\\\/\\\/folhapopular.info\\\/index.php\\\/2023\\\/06\\\/15\\\/curso-de-empreendedorismo-e-desenvolvimento-para-a-juventude-rural-do-certa-tera-inicio-em-julho-em-teutonia\\\/#article\",\"isPartOf\":{\"@id\":\"https:\\\/\\\/folhapopular.info\\\/index.php\\\/2023\\\/06\\\/15\\\/curso-de-empreendedorismo-e-desenvolvimento-para-a-juventude-rural-do-certa-tera-inicio-em-julho-em-teutonia\\\/\"},\"author\":{\"name\":\"Reda\u00e7\u00e3o Folha Popular\",\"@id\":\"https:\\\/\\\/folhapopular.info\\\/#\\\/schema\\\/person\\\/2814e8a0df7643585a9ca38bc6eb9d4b\"},\"headline\":\"Curso de Empreendedorismo e Desenvolvimento para a Juventude Rural do Certa ter\u00e1 in\u00edcio em julho\u00a0em Teut\u00f4nia\",\"datePublished\":\"2023-06-15T15:54:39+00:00\",\"dateModified\":\"2023-06-15T15:55:22+00:00\",\"mainEntityOfPage\":{\"@id\":\"https:\\\/\\\/folhapopular.info\\\/index.php\\\/2023\\\/06\\\/15\\\/curso-de-empreendedorismo-e-desenvolvimento-para-a-juventude-rural-do-certa-tera-inicio-em-julho-em-teutonia\\\/\"},\"wordCount\":570,\"commentCount\":0,\"image\":{\"@id\":\"https:\\\/\\\/folhapopular.info\\\/index.php\\\/2023\\\/06\\\/15\\\/curso-de-empreendedorismo-e-desenvolvimento-para-a-juventude-rural-do-certa-tera-inicio-em-julho-em-teutonia\\\/#primaryimage\"},\"thumbnailUrl\":\"https:\\\/\\\/folhapopular.info\\\/wp-content\\\/uploads\\\/2023\\\/06\\\/curso_juventude_rural-4-scaled.jpg\",\"keywords\":[\"centro de treinamento de agricultores de teut\u00f4nia\",\"certa\",\"Col\u00e9gio Teut\u00f4nia\",\"Emater\",\"empreendedorismo e desenvolvimento\",\"juventude rural\",\"Teut\u00f4nia\"],\"articleSection\":[\"Destaques\",\"Educa\u00e7\u00e3o\",\"Empreender\",\"Geral\",\"Rural\"],\"inLanguage\":\"pt-BR\",\"potentialAction\":[{\"@type\":\"CommentAction\",\"name\":\"Comment\",\"target\":[\"https:\\\/\\\/folhapopular.info\\\/index.php\\\/2023\\\/06\\\/15\\\/curso-de-empreendedorismo-e-desenvolvimento-para-a-juventude-rural-do-certa-tera-inicio-em-julho-em-teutonia\\\/#respond\"]}]},{\"@type\":\"WebPage\",\"@id\":\"https:\\\/\\\/folhapopular.info\\\/index.php\\\/2023\\\/06\\\/15\\\/curso-de-empreendedorismo-e-desenvolvimento-para-a-juventude-rural-do-certa-tera-inicio-em-julho-em-teutonia\\\/\",\"url\":\"https:\\\/\\\/folhapopular.info\\\/index.php\\\/2023\\\/06\\\/15\\\/curso-de-empreendedorismo-e-desenvolvimento-para-a-juventude-rural-do-certa-tera-inicio-em-julho-em-teutonia\\\/\",\"name\":\"Curso de Empreendedorismo e Desenvolvimento para a Juventude Rural do Certa ter\u00e1 in\u00edcio em julho\u00a0em Teut\u00f4nia - Folha Popular\",\"isPartOf\":{\"@id\":\"https:\\\/\\\/folhapopular.info\\\/#website\"},\"primaryImageOfPage\":{\"@id\":\"https:\\\/\\\/folhapopular.info\\\/index.php\\\/2023\\\/06\\\/15\\\/curso-de-empreendedorismo-e-desenvolvimento-para-a-juventude-rural-do-certa-tera-inicio-em-julho-em-teutonia\\\/#primaryimage\"},\"image\":{\"@id\":\"https:\\\/\\\/folhapopular.info\\\/index.php\\\/2023\\\/06\\\/15\\\/curso-de-empreendedorismo-e-desenvolvimento-para-a-juventude-rural-do-certa-tera-inicio-em-julho-em-teutonia\\\/#primaryimage\"},\"thumbnailUrl\":\"https:\\\/\\\/folhapopular.info\\\/wp-content\\\/uploads\\\/2023\\\/06\\\/curso_juventude_rural-4-scaled.jpg\",\"datePublished\":\"2023-06-15T15:54:39+00:00\",\"dateModified\":\"2023-06-15T15:55:22+00:00\",\"author\":{\"@id\":\"https:\\\/\\\/folhapopular.info\\\/#\\\/schema\\\/person\\\/2814e8a0df7643585a9ca38bc6eb9d4b\"},\"breadcrumb\":{\"@id\":\"https:\\\/\\\/folhapopular.info\\\/index.php\\\/2023\\\/06\\\/15\\\/curso-de-empreendedorismo-e-desenvolvimento-para-a-juventude-rural-do-certa-tera-inicio-em-julho-em-teutonia\\\/#breadcrumb\"},\"inLanguage\":\"pt-BR\",\"potentialAction\":[{\"@type\":\"ReadAction\",\"target\":[\"https:\\\/\\\/folhapopular.info\\\/index.php\\\/2023\\\/06\\\/15\\\/curso-de-empreendedorismo-e-desenvolvimento-para-a-juventude-rural-do-certa-tera-inicio-em-julho-em-teutonia\\\/\"]}]},{\"@type\":\"ImageObject\",\"inLanguage\":\"pt-BR\",\"@id\":\"https:\\\/\\\/folhapopular.info\\\/index.php\\\/2023\\\/06\\\/15\\\/curso-de-empreendedorismo-e-desenvolvimento-para-a-juventude-rural-do-certa-tera-inicio-em-julho-em-teutonia\\\/#primaryimage\",\"url\":\"https:\\\/\\\/folhapopular.info\\\/wp-content\\\/uploads\\\/2023\\\/06\\\/curso_juventude_rural-4-scaled.jpg\",\"contentUrl\":\"https:\\\/\\\/folhapopular.info\\\/wp-content\\\/uploads\\\/2023\\\/06\\\/curso_juventude_rural-4-scaled.jpg\",\"width\":2560,\"height\":1706,\"caption\":\"Cr\u00e9dito: Divulga\u00e7\u00e3o\"},{\"@type\":\"BreadcrumbList\",\"@id\":\"https:\\\/\\\/folhapopular.info\\\/index.php\\\/2023\\\/06\\\/15\\\/curso-de-empreendedorismo-e-desenvolvimento-para-a-juventude-rural-do-certa-tera-inicio-em-julho-em-teutonia\\\/#breadcrumb\",\"itemListElement\":[{\"@type\":\"ListItem\",\"position\":1,\"name\":\"In\u00edcio\",\"item\":\"https:\\\/\\\/folhapopular.info\\\/\"},{\"@type\":\"ListItem\",\"position\":2,\"name\":\"Curso de Empreendedorismo e Desenvolvimento para a Juventude Rural do Certa ter\u00e1 in\u00edcio em julho\u00a0em Teut\u00f4nia\"}]},{\"@type\":\"WebSite\",\"@id\":\"https:\\\/\\\/folhapopular.info\\\/#website\",\"url\":\"https:\\\/\\\/folhapopular.info\\\/\",\"name\":\"Folha Popular\",\"description\":\"Onde voc\u00ea tem vez e voz\",\"potentialAction\":[{\"@type\":\"SearchAction\",\"target\":{\"@type\":\"EntryPoint\",\"urlTemplate\":\"https:\\\/\\\/folhapopular.info\\\/?s={search_term_string}\"},\"query-input\":{\"@type\":\"PropertyValueSpecification\",\"valueRequired\":true,\"valueName\":\"search_term_string\"}}],\"inLanguage\":\"pt-BR\"},{\"@type\":\"Person\",\"@id\":\"https:\\\/\\\/folhapopular.info\\\/#\\\/schema\\\/person\\\/2814e8a0df7643585a9ca38bc6eb9d4b\",\"name\":\"Reda\u00e7\u00e3o Folha Popular\",\"image\":{\"@type\":\"ImageObject\",\"inLanguage\":\"pt-BR\",\"@id\":\"https:\\\/\\\/folhapopular.info\\\/wp-content\\\/uploads\\\/2026\\\/04\\\/Folha-1.webp\",\"url\":\"https:\\\/\\\/folhapopular.info\\\/wp-content\\\/uploads\\\/2026\\\/04\\\/Folha-1.webp\",\"contentUrl\":\"https:\\\/\\\/folhapopular.info\\\/wp-content\\\/uploads\\\/2026\\\/04\\\/Folha-1.webp\",\"caption\":\"Reda\u00e7\u00e3o Folha Popular\"},\"url\":\"https:\\\/\\\/folhapopular.info\\\/index.php\\\/author\\\/redacao\\\/\"}]}<\/script>\n<!-- \/ Yoast SEO plugin. -->","yoast_head_json":{"title":"Curso de Empreendedorismo e Desenvolvimento para a Juventude Rural do Certa ter\u00e1 in\u00edcio em julho\u00a0em Teut\u00f4nia - Folha Popular","robots":{"index":"index","follow":"follow","max-snippet":"max-snippet:-1","max-image-preview":"max-image-preview:large","max-video-preview":"max-video-preview:-1"},"canonical":"https:\/\/folhapopular.info\/index.php\/2023\/06\/15\/curso-de-empreendedorismo-e-desenvolvimento-para-a-juventude-rural-do-certa-tera-inicio-em-julho-em-teutonia\/","og_locale":"pt_BR","og_type":"article","og_title":"Curso de Empreendedorismo e Desenvolvimento para a Juventude Rural do Certa ter\u00e1 in\u00edcio em julho\u00a0em Teut\u00f4nia - Folha Popular","og_description":"O curso de Empreendedorismo e Desenvolvimento para a Juventude Rural do Centro de Treinamento de Agricultores de Teut\u00f4nia (Certa) realizar\u00e1 o primeiro m\u00f3dulo de sua edi\u00e7\u00e3o inaugural nos dias 19 e 20 de julho. As aulas visam a contribuir na constru\u00e7\u00e3o de possibilidades de perman\u00eancia dos jovens no meio rural para serem protagonistas e empreendedores [&hellip;]","og_url":"https:\/\/folhapopular.info\/index.php\/2023\/06\/15\/curso-de-empreendedorismo-e-desenvolvimento-para-a-juventude-rural-do-certa-tera-inicio-em-julho-em-teutonia\/","og_site_name":"Folha Popular","article_published_time":"2023-06-15T15:54:39+00:00","article_modified_time":"2023-06-15T15:55:22+00:00","og_image":[{"width":2560,"height":1706,"url":"http:\/\/folhapopular.info\/wp-content\/uploads\/2023\/06\/curso_juventude_rural-4-scaled.jpg","type":"image\/jpeg"}],"author":"Reda\u00e7\u00e3o Folha Popular","twitter_card":"summary_large_image","twitter_misc":{"Escrito por":"Reda\u00e7\u00e3o Folha Popular","Est. tempo de leitura":"3 minutos"},"schema":{"@context":"https:\/\/schema.org","@graph":[{"@type":"Article","@id":"https:\/\/folhapopular.info\/index.php\/2023\/06\/15\/curso-de-empreendedorismo-e-desenvolvimento-para-a-juventude-rural-do-certa-tera-inicio-em-julho-em-teutonia\/#article","isPartOf":{"@id":"https:\/\/folhapopular.info\/index.php\/2023\/06\/15\/curso-de-empreendedorismo-e-desenvolvimento-para-a-juventude-rural-do-certa-tera-inicio-em-julho-em-teutonia\/"},"author":{"name":"Reda\u00e7\u00e3o Folha Popular","@id":"https:\/\/folhapopular.info\/#\/schema\/person\/2814e8a0df7643585a9ca38bc6eb9d4b"},"headline":"Curso de Empreendedorismo e Desenvolvimento para a Juventude Rural do Certa ter\u00e1 in\u00edcio em julho\u00a0em Teut\u00f4nia","datePublished":"2023-06-15T15:54:39+00:00","dateModified":"2023-06-15T15:55:22+00:00","mainEntityOfPage":{"@id":"https:\/\/folhapopular.info\/index.php\/2023\/06\/15\/curso-de-empreendedorismo-e-desenvolvimento-para-a-juventude-rural-do-certa-tera-inicio-em-julho-em-teutonia\/"},"wordCount":570,"commentCount":0,"image":{"@id":"https:\/\/folhapopular.info\/index.php\/2023\/06\/15\/curso-de-empreendedorismo-e-desenvolvimento-para-a-juventude-rural-do-certa-tera-inicio-em-julho-em-teutonia\/#primaryimage"},"thumbnailUrl":"https:\/\/folhapopular.info\/wp-content\/uploads\/2023\/06\/curso_juventude_rural-4-scaled.jpg","keywords":["centro de treinamento de agricultores de teut\u00f4nia","certa","Col\u00e9gio Teut\u00f4nia","Emater","empreendedorismo e desenvolvimento","juventude rural","Teut\u00f4nia"],"articleSection":["Destaques","Educa\u00e7\u00e3o","Empreender","Geral","Rural"],"inLanguage":"pt-BR","potentialAction":[{"@type":"CommentAction","name":"Comment","target":["https:\/\/folhapopular.info\/index.php\/2023\/06\/15\/curso-de-empreendedorismo-e-desenvolvimento-para-a-juventude-rural-do-certa-tera-inicio-em-julho-em-teutonia\/#respond"]}]},{"@type":"WebPage","@id":"https:\/\/folhapopular.info\/index.php\/2023\/06\/15\/curso-de-empreendedorismo-e-desenvolvimento-para-a-juventude-rural-do-certa-tera-inicio-em-julho-em-teutonia\/","url":"https:\/\/folhapopular.info\/index.php\/2023\/06\/15\/curso-de-empreendedorismo-e-desenvolvimento-para-a-juventude-rural-do-certa-tera-inicio-em-julho-em-teutonia\/","name":"Curso de Empreendedorismo e Desenvolvimento para a Juventude Rural do Certa ter\u00e1 in\u00edcio em julho\u00a0em Teut\u00f4nia - Folha Popular","isPartOf":{"@id":"https:\/\/folhapopular.info\/#website"},"primaryImageOfPage":{"@id":"https:\/\/folhapopular.info\/index.php\/2023\/06\/15\/curso-de-empreendedorismo-e-desenvolvimento-para-a-juventude-rural-do-certa-tera-inicio-em-julho-em-teutonia\/#primaryimage"},"image":{"@id":"https:\/\/folhapopular.info\/index.php\/2023\/06\/15\/curso-de-empreendedorismo-e-desenvolvimento-para-a-juventude-rural-do-certa-tera-inicio-em-julho-em-teutonia\/#primaryimage"},"thumbnailUrl":"https:\/\/folhapopular.info\/wp-content\/uploads\/2023\/06\/curso_juventude_rural-4-scaled.jpg","datePublished":"2023-06-15T15:54:39+00:00","dateModified":"2023-06-15T15:55:22+00:00","author":{"@id":"https:\/\/folhapopular.info\/#\/schema\/person\/2814e8a0df7643585a9ca38bc6eb9d4b"},"breadcrumb":{"@id":"https:\/\/folhapopular.info\/index.php\/2023\/06\/15\/curso-de-empreendedorismo-e-desenvolvimento-para-a-juventude-rural-do-certa-tera-inicio-em-julho-em-teutonia\/#breadcrumb"},"inLanguage":"pt-BR","potentialAction":[{"@type":"ReadAction","target":["https:\/\/folhapopular.info\/index.php\/2023\/06\/15\/curso-de-empreendedorismo-e-desenvolvimento-para-a-juventude-rural-do-certa-tera-inicio-em-julho-em-teutonia\/"]}]},{"@type":"ImageObject","inLanguage":"pt-BR","@id":"https:\/\/folhapopular.info\/index.php\/2023\/06\/15\/curso-de-empreendedorismo-e-desenvolvimento-para-a-juventude-rural-do-certa-tera-inicio-em-julho-em-teutonia\/#primaryimage","url":"https:\/\/folhapopular.info\/wp-content\/uploads\/2023\/06\/curso_juventude_rural-4-scaled.jpg","contentUrl":"https:\/\/folhapopular.info\/wp-content\/uploads\/2023\/06\/curso_juventude_rural-4-scaled.jpg","width":2560,"height":1706,"caption":"Cr\u00e9dito: Divulga\u00e7\u00e3o"},{"@type":"BreadcrumbList","@id":"https:\/\/folhapopular.info\/index.php\/2023\/06\/15\/curso-de-empreendedorismo-e-desenvolvimento-para-a-juventude-rural-do-certa-tera-inicio-em-julho-em-teutonia\/#breadcrumb","itemListElement":[{"@type":"ListItem","position":1,"name":"In\u00edcio","item":"https:\/\/folhapopular.info\/"},{"@type":"ListItem","position":2,"name":"Curso de Empreendedorismo e Desenvolvimento para a Juventude Rural do Certa ter\u00e1 in\u00edcio em julho\u00a0em Teut\u00f4nia"}]},{"@type":"WebSite","@id":"https:\/\/folhapopular.info\/#website","url":"https:\/\/folhapopular.info\/","name":"Folha Popular","description":"Onde voc\u00ea tem vez e voz","potentialAction":[{"@type":"SearchAction","target":{"@type":"EntryPoint","urlTemplate":"https:\/\/folhapopular.info\/?s={search_term_string}"},"query-input":{"@type":"PropertyValueSpecification","valueRequired":true,"valueName":"search_term_string"}}],"inLanguage":"pt-BR"},{"@type":"Person","@id":"https:\/\/folhapopular.info\/#\/schema\/person\/2814e8a0df7643585a9ca38bc6eb9d4b","name":"Reda\u00e7\u00e3o Folha Popular","image":{"@type":"ImageObject","inLanguage":"pt-BR","@id":"https:\/\/folhapopular.info\/wp-content\/uploads\/2026\/04\/Folha-1.webp","url":"https:\/\/folhapopular.info\/wp-content\/uploads\/2026\/04\/Folha-1.webp","contentUrl":"https:\/\/folhapopular.info\/wp-content\/uploads\/2026\/04\/Folha-1.webp","caption":"Reda\u00e7\u00e3o Folha Popular"},"url":"https:\/\/folhapopular.info\/index.php\/author\/redacao\/"}]}},"jetpack_featured_media_url":"https:\/\/folhapopular.info\/wp-content\/uploads\/2023\/06\/curso_juventude_rural-4-scaled.jpg","jetpack_sharing_enabled":true,"amp_enabled":true,"_links":{"self":[{"href":"https:\/\/folhapopular.info\/index.php\/wp-json\/wp\/v2\/posts\/129766","targetHints":{"allow":["GET"]}}],"collection":[{"href":"https:\/\/folhapopular.info\/index.php\/wp-json\/wp\/v2\/posts"}],"about":[{"href":"https:\/\/folhapopular.info\/index.php\/wp-json\/wp\/v2\/types\/post"}],"author":[{"embeddable":true,"href":"https:\/\/folhapopular.info\/index.php\/wp-json\/wp\/v2\/users\/8"}],"replies":[{"embeddable":true,"href":"https:\/\/folhapopular.info\/index.php\/wp-json\/wp\/v2\/comments?post=129766"}],"version-history":[{"count":0,"href":"https:\/\/folhapopular.info\/index.php\/wp-json\/wp\/v2\/posts\/129766\/revisions"}],"wp:featuredmedia":[{"embeddable":true,"href":"https:\/\/folhapopular.info\/index.php\/wp-json\/wp\/v2\/media\/129767"}],"wp:attachment":[{"href":"https:\/\/folhapopular.info\/index.php\/wp-json\/wp\/v2\/media?parent=129766"}],"wp:term":[{"taxonomy":"category","embeddable":true,"href":"https:\/\/folhapopular.info\/index.php\/wp-json\/wp\/v2\/categories?post=129766"},{"taxonomy":"post_tag","embeddable":true,"href":"https:\/\/folhapopular.info\/index.php\/wp-json\/wp\/v2\/tags?post=129766"}],"curies":[{"name":"wp","href":"https:\/\/api.w.org\/{rel}","templated":true}]}}