{"id":130452,"date":"2023-06-21T17:27:00","date_gmt":"2023-06-21T20:27:00","guid":{"rendered":"https:\/\/folhapopular.info\/?p=130452"},"modified":"2023-06-21T14:41:40","modified_gmt":"2023-06-21T17:41:40","slug":"crie-univates-lanca-cursos-nas-areas-de-tecnologia-gestao-ensino-e-saude","status":"publish","type":"post","link":"https:\/\/folhapopular.info\/index.php\/2023\/06\/21\/crie-univates-lanca-cursos-nas-areas-de-tecnologia-gestao-ensino-e-saude\/","title":{"rendered":"Crie Univates lan\u00e7a cursos nas \u00e1reas de tecnologia, gest\u00e3o, ensino e sa\u00fade"},"content":{"rendered":"\n<p>O <a href=\"http:\/\/crie.co\/\" target=\"_blank\" rel=\"noreferrer noopener\">Crie Univates<\/a>\u00a0lan\u00e7ou em junho mais de 30 cursos nas \u00e1reas de tecnologia, gest\u00e3o, ensino e sa\u00fade, voltados para pessoas ou empresas que buscam solu\u00e7\u00f5es pr\u00e1ticas para as demandas do dia a dia. H\u00e1 op\u00e7\u00f5es com encontros presenciais, realizados em Lajeado, e cursos\u00a0on-line, que podem ser feitos por alunos de todo o Brasil.<\/p>\n\n\n\n<p>Um dos lan\u00e7amentos \u00e9 o curso\u00a0<em>Power<\/em>\u00a0BI &#8211; M\u00f3dulo B\u00e1sico, voltado para estudantes e profissionais com interesse em aprender a trabalhar com dados e que t\u00eam pouco ou nenhum conhecimento sobre a ferramenta de an\u00e1lise de dados. <\/p>\n\n\n\n<p>As aulas s\u00e3o a dist\u00e2ncia (EAD) e apresentam uma vis\u00e3o ampla e completa da ferramenta, cobrindo desde os fundamentos b\u00e1sicos de\u00a0<em>Power<\/em>\u00a0BI at\u00e9 como publicar e gerenciar acessos a um\u00a0<em>dashboard<\/em>. O curso custa apenas R$ 68,90, e o aluno tem acesso ao conte\u00fado logo ap\u00f3s a confirma\u00e7\u00e3o do pagamento.<\/p>\n\n\n\n<p>Para aqueles que precisam aprender ou aperfei\u00e7oar uma l\u00edngua, est\u00e3o abertas as inscri\u00e7\u00f5es para turmas de Ingl\u00eas, Alem\u00e3o e Libras (L\u00edngua Brasileira de Sinais). A modalidade e o valor de cada curso podem ser consultados diretamente\u00a0<a href=\"http:\/\/crie.co\/\" target=\"_blank\" rel=\"noreferrer noopener\">no\u00a0site<\/a>.<\/p>\n\n\n\n<p>As inscri\u00e7\u00f5es para os cursos do Crie Univates devem ser realizadas no\u00a0site\u00a0<a href=\"http:\/\/crie.co\/\" target=\"_blank\" rel=\"noreferrer noopener\">crie.co<\/a>. Outras informa\u00e7\u00f5es podem ser obtidas pelo telefone 0800 7 07 0809, op\u00e7\u00e3o 2, pelo\u00a0WhatsApp\u00a0(51) 3714-7043 ou pelo\u00a0e-mail\u00a0<a href=\"mailto:vemprauni@univates.br\" target=\"_blank\" rel=\"noreferrer noopener\">vemprauni@univates.br<\/a>.<\/p>\n\n\n\n<h2 class=\"wp-block-heading\"><strong>Conhe\u00e7a alguns cursos com inscri\u00e7\u00f5es abertas<\/strong><\/h2>\n\n\n\n<ul class=\"wp-block-list\">\n<li><strong>Produtividade e Alta Performance: t\u00e9cnicas para criar h\u00e1bitos de sucesso\u00a0(EAD)<br><\/strong>Valor: R$ 49,90<\/li>\n\n\n\n<li><strong>RH Estrat\u00e9gico\u00a0(presencial)<br><\/strong>Valor: R$ 300, em at\u00e9 2 parcelas<\/li>\n\n\n\n<li><strong>Treinamento e Desenvolvimento de Equipes\u00a0(presencial)<br><\/strong>Valor: R$ 300, em at\u00e9 2 parcelas<\/li>\n\n\n\n<li><strong>Recrutamento e Sele\u00e7\u00e3o\u00a0(presencial)<br><\/strong>Valor: R$ 370,00, em at\u00e9 2 parcelas<\/li>\n\n\n\n<li><strong>Combo RH Estrat\u00e9gico\u00a0(presencial) &#8211; Diagn\u00f3stico e Projeto de Implanta\u00e7\u00e3o de RH do Zero + Treinamento e Desenvolvimento de Equipes + Recrutamento e Sele\u00e7\u00e3o<br><\/strong>Valor: R$ 600, em at\u00e9 4 parcelas<\/li>\n\n\n\n<li><strong>NeuroVendas: Desvendando os Segredos do Varejo\u00a0(EAD)<br><\/strong>Valor: R$ 79,90<\/li>\n\n\n\n<li><strong>Sa\u00fade Mental e Envelhecimento\u00a0(EAD)<br><\/strong>Valor: R$ 68,90<\/li>\n<\/ul>\n","protected":false},"excerpt":{"rendered":"<p>O Crie Univates\u00a0lan\u00e7ou em junho mais de 30 cursos nas \u00e1reas de tecnologia, gest\u00e3o, ensino e sa\u00fade, voltados para pessoas ou empresas que buscam solu\u00e7\u00f5es pr\u00e1ticas para as demandas do dia a dia. H\u00e1 op\u00e7\u00f5es com encontros presenciais, realizados em Lajeado, e cursos\u00a0on-line, que podem ser feitos por alunos de todo o Brasil. Um dos [&hellip;]<\/p>\n","protected":false},"author":8,"featured_media":130453,"comment_status":"open","ping_status":"open","sticky":false,"template":"","format":"standard","meta":{"pmpro_default_level":"","_jetpack_memberships_contains_paid_content":false,"footnotes":""},"categories":[2,10988,3],"tags":[12475,12476,6704,89,2518],"class_list":{"0":"post-130452","1":"post","2":"type-post","3":"status-publish","4":"format-standard","5":"has-post-thumbnail","7":"category-featured","8":"category-educacao","9":"category-geral","10":"tag-crie-univates","11":"tag-cursos-livres","12":"tag-gestao","13":"tag-saude","14":"tag-tecnologia","15":"pmpro-has-access"},"yoast_head":"<!-- This site is optimized with the Yoast SEO plugin v27.5 - https:\/\/yoast.com\/product\/yoast-seo-wordpress\/ -->\n<title>Crie Univates lan\u00e7a cursos nas \u00e1reas de tecnologia, gest\u00e3o, ensino e sa\u00fade - Folha Popular<\/title>\n<meta name=\"robots\" content=\"index, follow, max-snippet:-1, max-image-preview:large, max-video-preview:-1\" \/>\n<link rel=\"canonical\" href=\"https:\/\/folhapopular.info\/index.php\/2023\/06\/21\/crie-univates-lanca-cursos-nas-areas-de-tecnologia-gestao-ensino-e-saude\/\" \/>\n<meta property=\"og:locale\" content=\"pt_BR\" \/>\n<meta property=\"og:type\" content=\"article\" \/>\n<meta property=\"og:title\" content=\"Crie Univates lan\u00e7a cursos nas \u00e1reas de tecnologia, gest\u00e3o, ensino e sa\u00fade - Folha Popular\" \/>\n<meta property=\"og:description\" content=\"O Crie Univates\u00a0lan\u00e7ou em junho mais de 30 cursos nas \u00e1reas de tecnologia, gest\u00e3o, ensino e sa\u00fade, voltados para pessoas ou empresas que buscam solu\u00e7\u00f5es pr\u00e1ticas para as demandas do dia a dia. H\u00e1 op\u00e7\u00f5es com encontros presenciais, realizados em Lajeado, e cursos\u00a0on-line, que podem ser feitos por alunos de todo o Brasil. Um dos [&hellip;]\" \/>\n<meta property=\"og:url\" content=\"https:\/\/folhapopular.info\/index.php\/2023\/06\/21\/crie-univates-lanca-cursos-nas-areas-de-tecnologia-gestao-ensino-e-saude\/\" \/>\n<meta property=\"og:site_name\" content=\"Folha Popular\" \/>\n<meta property=\"article:published_time\" content=\"2023-06-21T20:27:00+00:00\" \/>\n<meta property=\"og:image\" content=\"https:\/\/folhapopular.info\/wp-content\/uploads\/2023\/06\/1-Imagem-ilustrativa-Credito-Thomas-Lefebvre-Unsplash.jpg\" \/>\n\t<meta property=\"og:image:width\" content=\"1500\" \/>\n\t<meta property=\"og:image:height\" content=\"1000\" \/>\n\t<meta property=\"og:image:type\" content=\"image\/jpeg\" \/>\n<meta name=\"author\" content=\"Reda\u00e7\u00e3o Folha Popular\" \/>\n<meta name=\"twitter:card\" content=\"summary_large_image\" \/>\n<meta name=\"twitter:label1\" content=\"Escrito por\" \/>\n\t<meta name=\"twitter:data1\" content=\"Reda\u00e7\u00e3o Folha Popular\" \/>\n\t<meta name=\"twitter:label2\" content=\"Est. tempo de leitura\" \/>\n\t<meta name=\"twitter:data2\" content=\"2 minutos\" \/>\n<script type=\"application\/ld+json\" class=\"yoast-schema-graph\">{\"@context\":\"https:\\\/\\\/schema.org\",\"@graph\":[{\"@type\":\"Article\",\"@id\":\"https:\\\/\\\/folhapopular.info\\\/index.php\\\/2023\\\/06\\\/21\\\/crie-univates-lanca-cursos-nas-areas-de-tecnologia-gestao-ensino-e-saude\\\/#article\",\"isPartOf\":{\"@id\":\"https:\\\/\\\/folhapopular.info\\\/index.php\\\/2023\\\/06\\\/21\\\/crie-univates-lanca-cursos-nas-areas-de-tecnologia-gestao-ensino-e-saude\\\/\"},\"author\":{\"name\":\"Reda\u00e7\u00e3o Folha Popular\",\"@id\":\"https:\\\/\\\/folhapopular.info\\\/#\\\/schema\\\/person\\\/2814e8a0df7643585a9ca38bc6eb9d4b\"},\"headline\":\"Crie Univates lan\u00e7a cursos nas \u00e1reas de tecnologia, gest\u00e3o, ensino e sa\u00fade\",\"datePublished\":\"2023-06-21T20:27:00+00:00\",\"mainEntityOfPage\":{\"@id\":\"https:\\\/\\\/folhapopular.info\\\/index.php\\\/2023\\\/06\\\/21\\\/crie-univates-lanca-cursos-nas-areas-de-tecnologia-gestao-ensino-e-saude\\\/\"},\"wordCount\":355,\"commentCount\":0,\"image\":{\"@id\":\"https:\\\/\\\/folhapopular.info\\\/index.php\\\/2023\\\/06\\\/21\\\/crie-univates-lanca-cursos-nas-areas-de-tecnologia-gestao-ensino-e-saude\\\/#primaryimage\"},\"thumbnailUrl\":\"https:\\\/\\\/folhapopular.info\\\/wp-content\\\/uploads\\\/2023\\\/06\\\/1-Imagem-ilustrativa-Credito-Thomas-Lefebvre-Unsplash.jpg\",\"keywords\":[\"crie univates\",\"cursos livres\",\"Gest\u00e3o\",\"Sa\u00fade\",\"Tecnologia\"],\"articleSection\":[\"Destaques\",\"Educa\u00e7\u00e3o\",\"Geral\"],\"inLanguage\":\"pt-BR\",\"potentialAction\":[{\"@type\":\"CommentAction\",\"name\":\"Comment\",\"target\":[\"https:\\\/\\\/folhapopular.info\\\/index.php\\\/2023\\\/06\\\/21\\\/crie-univates-lanca-cursos-nas-areas-de-tecnologia-gestao-ensino-e-saude\\\/#respond\"]}]},{\"@type\":\"WebPage\",\"@id\":\"https:\\\/\\\/folhapopular.info\\\/index.php\\\/2023\\\/06\\\/21\\\/crie-univates-lanca-cursos-nas-areas-de-tecnologia-gestao-ensino-e-saude\\\/\",\"url\":\"https:\\\/\\\/folhapopular.info\\\/index.php\\\/2023\\\/06\\\/21\\\/crie-univates-lanca-cursos-nas-areas-de-tecnologia-gestao-ensino-e-saude\\\/\",\"name\":\"Crie Univates lan\u00e7a cursos nas \u00e1reas de tecnologia, gest\u00e3o, ensino e sa\u00fade - Folha Popular\",\"isPartOf\":{\"@id\":\"https:\\\/\\\/folhapopular.info\\\/#website\"},\"primaryImageOfPage\":{\"@id\":\"https:\\\/\\\/folhapopular.info\\\/index.php\\\/2023\\\/06\\\/21\\\/crie-univates-lanca-cursos-nas-areas-de-tecnologia-gestao-ensino-e-saude\\\/#primaryimage\"},\"image\":{\"@id\":\"https:\\\/\\\/folhapopular.info\\\/index.php\\\/2023\\\/06\\\/21\\\/crie-univates-lanca-cursos-nas-areas-de-tecnologia-gestao-ensino-e-saude\\\/#primaryimage\"},\"thumbnailUrl\":\"https:\\\/\\\/folhapopular.info\\\/wp-content\\\/uploads\\\/2023\\\/06\\\/1-Imagem-ilustrativa-Credito-Thomas-Lefebvre-Unsplash.jpg\",\"datePublished\":\"2023-06-21T20:27:00+00:00\",\"author\":{\"@id\":\"https:\\\/\\\/folhapopular.info\\\/#\\\/schema\\\/person\\\/2814e8a0df7643585a9ca38bc6eb9d4b\"},\"breadcrumb\":{\"@id\":\"https:\\\/\\\/folhapopular.info\\\/index.php\\\/2023\\\/06\\\/21\\\/crie-univates-lanca-cursos-nas-areas-de-tecnologia-gestao-ensino-e-saude\\\/#breadcrumb\"},\"inLanguage\":\"pt-BR\",\"potentialAction\":[{\"@type\":\"ReadAction\",\"target\":[\"https:\\\/\\\/folhapopular.info\\\/index.php\\\/2023\\\/06\\\/21\\\/crie-univates-lanca-cursos-nas-areas-de-tecnologia-gestao-ensino-e-saude\\\/\"]}]},{\"@type\":\"ImageObject\",\"inLanguage\":\"pt-BR\",\"@id\":\"https:\\\/\\\/folhapopular.info\\\/index.php\\\/2023\\\/06\\\/21\\\/crie-univates-lanca-cursos-nas-areas-de-tecnologia-gestao-ensino-e-saude\\\/#primaryimage\",\"url\":\"https:\\\/\\\/folhapopular.info\\\/wp-content\\\/uploads\\\/2023\\\/06\\\/1-Imagem-ilustrativa-Credito-Thomas-Lefebvre-Unsplash.jpg\",\"contentUrl\":\"https:\\\/\\\/folhapopular.info\\\/wp-content\\\/uploads\\\/2023\\\/06\\\/1-Imagem-ilustrativa-Credito-Thomas-Lefebvre-Unsplash.jpg\",\"width\":1500,\"height\":1000,\"caption\":\"Cr\u00e9dito: Thomas Lefebvre \\\/ Unsplash\"},{\"@type\":\"BreadcrumbList\",\"@id\":\"https:\\\/\\\/folhapopular.info\\\/index.php\\\/2023\\\/06\\\/21\\\/crie-univates-lanca-cursos-nas-areas-de-tecnologia-gestao-ensino-e-saude\\\/#breadcrumb\",\"itemListElement\":[{\"@type\":\"ListItem\",\"position\":1,\"name\":\"In\u00edcio\",\"item\":\"https:\\\/\\\/folhapopular.info\\\/\"},{\"@type\":\"ListItem\",\"position\":2,\"name\":\"Crie Univates lan\u00e7a cursos nas \u00e1reas de tecnologia, gest\u00e3o, ensino e sa\u00fade\"}]},{\"@type\":\"WebSite\",\"@id\":\"https:\\\/\\\/folhapopular.info\\\/#website\",\"url\":\"https:\\\/\\\/folhapopular.info\\\/\",\"name\":\"Folha Popular\",\"description\":\"Onde voc\u00ea tem vez e voz\",\"potentialAction\":[{\"@type\":\"SearchAction\",\"target\":{\"@type\":\"EntryPoint\",\"urlTemplate\":\"https:\\\/\\\/folhapopular.info\\\/?s={search_term_string}\"},\"query-input\":{\"@type\":\"PropertyValueSpecification\",\"valueRequired\":true,\"valueName\":\"search_term_string\"}}],\"inLanguage\":\"pt-BR\"},{\"@type\":\"Person\",\"@id\":\"https:\\\/\\\/folhapopular.info\\\/#\\\/schema\\\/person\\\/2814e8a0df7643585a9ca38bc6eb9d4b\",\"name\":\"Reda\u00e7\u00e3o Folha Popular\",\"image\":{\"@type\":\"ImageObject\",\"inLanguage\":\"pt-BR\",\"@id\":\"https:\\\/\\\/folhapopular.info\\\/wp-content\\\/uploads\\\/2026\\\/04\\\/Folha-1.webp\",\"url\":\"https:\\\/\\\/folhapopular.info\\\/wp-content\\\/uploads\\\/2026\\\/04\\\/Folha-1.webp\",\"contentUrl\":\"https:\\\/\\\/folhapopular.info\\\/wp-content\\\/uploads\\\/2026\\\/04\\\/Folha-1.webp\",\"caption\":\"Reda\u00e7\u00e3o Folha Popular\"},\"url\":\"https:\\\/\\\/folhapopular.info\\\/index.php\\\/author\\\/redacao\\\/\"}]}<\/script>\n<!-- \/ Yoast SEO plugin. -->","yoast_head_json":{"title":"Crie Univates lan\u00e7a cursos nas \u00e1reas de tecnologia, gest\u00e3o, ensino e sa\u00fade - Folha Popular","robots":{"index":"index","follow":"follow","max-snippet":"max-snippet:-1","max-image-preview":"max-image-preview:large","max-video-preview":"max-video-preview:-1"},"canonical":"https:\/\/folhapopular.info\/index.php\/2023\/06\/21\/crie-univates-lanca-cursos-nas-areas-de-tecnologia-gestao-ensino-e-saude\/","og_locale":"pt_BR","og_type":"article","og_title":"Crie Univates lan\u00e7a cursos nas \u00e1reas de tecnologia, gest\u00e3o, ensino e sa\u00fade - Folha Popular","og_description":"O Crie Univates\u00a0lan\u00e7ou em junho mais de 30 cursos nas \u00e1reas de tecnologia, gest\u00e3o, ensino e sa\u00fade, voltados para pessoas ou empresas que buscam solu\u00e7\u00f5es pr\u00e1ticas para as demandas do dia a dia. H\u00e1 op\u00e7\u00f5es com encontros presenciais, realizados em Lajeado, e cursos\u00a0on-line, que podem ser feitos por alunos de todo o Brasil. Um dos [&hellip;]","og_url":"https:\/\/folhapopular.info\/index.php\/2023\/06\/21\/crie-univates-lanca-cursos-nas-areas-de-tecnologia-gestao-ensino-e-saude\/","og_site_name":"Folha Popular","article_published_time":"2023-06-21T20:27:00+00:00","og_image":[{"width":1500,"height":1000,"url":"https:\/\/folhapopular.info\/wp-content\/uploads\/2023\/06\/1-Imagem-ilustrativa-Credito-Thomas-Lefebvre-Unsplash.jpg","type":"image\/jpeg"}],"author":"Reda\u00e7\u00e3o Folha Popular","twitter_card":"summary_large_image","twitter_misc":{"Escrito por":"Reda\u00e7\u00e3o Folha Popular","Est. tempo de leitura":"2 minutos"},"schema":{"@context":"https:\/\/schema.org","@graph":[{"@type":"Article","@id":"https:\/\/folhapopular.info\/index.php\/2023\/06\/21\/crie-univates-lanca-cursos-nas-areas-de-tecnologia-gestao-ensino-e-saude\/#article","isPartOf":{"@id":"https:\/\/folhapopular.info\/index.php\/2023\/06\/21\/crie-univates-lanca-cursos-nas-areas-de-tecnologia-gestao-ensino-e-saude\/"},"author":{"name":"Reda\u00e7\u00e3o Folha Popular","@id":"https:\/\/folhapopular.info\/#\/schema\/person\/2814e8a0df7643585a9ca38bc6eb9d4b"},"headline":"Crie Univates lan\u00e7a cursos nas \u00e1reas de tecnologia, gest\u00e3o, ensino e sa\u00fade","datePublished":"2023-06-21T20:27:00+00:00","mainEntityOfPage":{"@id":"https:\/\/folhapopular.info\/index.php\/2023\/06\/21\/crie-univates-lanca-cursos-nas-areas-de-tecnologia-gestao-ensino-e-saude\/"},"wordCount":355,"commentCount":0,"image":{"@id":"https:\/\/folhapopular.info\/index.php\/2023\/06\/21\/crie-univates-lanca-cursos-nas-areas-de-tecnologia-gestao-ensino-e-saude\/#primaryimage"},"thumbnailUrl":"https:\/\/folhapopular.info\/wp-content\/uploads\/2023\/06\/1-Imagem-ilustrativa-Credito-Thomas-Lefebvre-Unsplash.jpg","keywords":["crie univates","cursos livres","Gest\u00e3o","Sa\u00fade","Tecnologia"],"articleSection":["Destaques","Educa\u00e7\u00e3o","Geral"],"inLanguage":"pt-BR","potentialAction":[{"@type":"CommentAction","name":"Comment","target":["https:\/\/folhapopular.info\/index.php\/2023\/06\/21\/crie-univates-lanca-cursos-nas-areas-de-tecnologia-gestao-ensino-e-saude\/#respond"]}]},{"@type":"WebPage","@id":"https:\/\/folhapopular.info\/index.php\/2023\/06\/21\/crie-univates-lanca-cursos-nas-areas-de-tecnologia-gestao-ensino-e-saude\/","url":"https:\/\/folhapopular.info\/index.php\/2023\/06\/21\/crie-univates-lanca-cursos-nas-areas-de-tecnologia-gestao-ensino-e-saude\/","name":"Crie Univates lan\u00e7a cursos nas \u00e1reas de tecnologia, gest\u00e3o, ensino e sa\u00fade - Folha Popular","isPartOf":{"@id":"https:\/\/folhapopular.info\/#website"},"primaryImageOfPage":{"@id":"https:\/\/folhapopular.info\/index.php\/2023\/06\/21\/crie-univates-lanca-cursos-nas-areas-de-tecnologia-gestao-ensino-e-saude\/#primaryimage"},"image":{"@id":"https:\/\/folhapopular.info\/index.php\/2023\/06\/21\/crie-univates-lanca-cursos-nas-areas-de-tecnologia-gestao-ensino-e-saude\/#primaryimage"},"thumbnailUrl":"https:\/\/folhapopular.info\/wp-content\/uploads\/2023\/06\/1-Imagem-ilustrativa-Credito-Thomas-Lefebvre-Unsplash.jpg","datePublished":"2023-06-21T20:27:00+00:00","author":{"@id":"https:\/\/folhapopular.info\/#\/schema\/person\/2814e8a0df7643585a9ca38bc6eb9d4b"},"breadcrumb":{"@id":"https:\/\/folhapopular.info\/index.php\/2023\/06\/21\/crie-univates-lanca-cursos-nas-areas-de-tecnologia-gestao-ensino-e-saude\/#breadcrumb"},"inLanguage":"pt-BR","potentialAction":[{"@type":"ReadAction","target":["https:\/\/folhapopular.info\/index.php\/2023\/06\/21\/crie-univates-lanca-cursos-nas-areas-de-tecnologia-gestao-ensino-e-saude\/"]}]},{"@type":"ImageObject","inLanguage":"pt-BR","@id":"https:\/\/folhapopular.info\/index.php\/2023\/06\/21\/crie-univates-lanca-cursos-nas-areas-de-tecnologia-gestao-ensino-e-saude\/#primaryimage","url":"https:\/\/folhapopular.info\/wp-content\/uploads\/2023\/06\/1-Imagem-ilustrativa-Credito-Thomas-Lefebvre-Unsplash.jpg","contentUrl":"https:\/\/folhapopular.info\/wp-content\/uploads\/2023\/06\/1-Imagem-ilustrativa-Credito-Thomas-Lefebvre-Unsplash.jpg","width":1500,"height":1000,"caption":"Cr\u00e9dito: Thomas Lefebvre \/ Unsplash"},{"@type":"BreadcrumbList","@id":"https:\/\/folhapopular.info\/index.php\/2023\/06\/21\/crie-univates-lanca-cursos-nas-areas-de-tecnologia-gestao-ensino-e-saude\/#breadcrumb","itemListElement":[{"@type":"ListItem","position":1,"name":"In\u00edcio","item":"https:\/\/folhapopular.info\/"},{"@type":"ListItem","position":2,"name":"Crie Univates lan\u00e7a cursos nas \u00e1reas de tecnologia, gest\u00e3o, ensino e sa\u00fade"}]},{"@type":"WebSite","@id":"https:\/\/folhapopular.info\/#website","url":"https:\/\/folhapopular.info\/","name":"Folha Popular","description":"Onde voc\u00ea tem vez e voz","potentialAction":[{"@type":"SearchAction","target":{"@type":"EntryPoint","urlTemplate":"https:\/\/folhapopular.info\/?s={search_term_string}"},"query-input":{"@type":"PropertyValueSpecification","valueRequired":true,"valueName":"search_term_string"}}],"inLanguage":"pt-BR"},{"@type":"Person","@id":"https:\/\/folhapopular.info\/#\/schema\/person\/2814e8a0df7643585a9ca38bc6eb9d4b","name":"Reda\u00e7\u00e3o Folha Popular","image":{"@type":"ImageObject","inLanguage":"pt-BR","@id":"https:\/\/folhapopular.info\/wp-content\/uploads\/2026\/04\/Folha-1.webp","url":"https:\/\/folhapopular.info\/wp-content\/uploads\/2026\/04\/Folha-1.webp","contentUrl":"https:\/\/folhapopular.info\/wp-content\/uploads\/2026\/04\/Folha-1.webp","caption":"Reda\u00e7\u00e3o Folha Popular"},"url":"https:\/\/folhapopular.info\/index.php\/author\/redacao\/"}]}},"jetpack_featured_media_url":"https:\/\/folhapopular.info\/wp-content\/uploads\/2023\/06\/1-Imagem-ilustrativa-Credito-Thomas-Lefebvre-Unsplash.jpg","jetpack_sharing_enabled":true,"amp_enabled":true,"_links":{"self":[{"href":"https:\/\/folhapopular.info\/index.php\/wp-json\/wp\/v2\/posts\/130452","targetHints":{"allow":["GET"]}}],"collection":[{"href":"https:\/\/folhapopular.info\/index.php\/wp-json\/wp\/v2\/posts"}],"about":[{"href":"https:\/\/folhapopular.info\/index.php\/wp-json\/wp\/v2\/types\/post"}],"author":[{"embeddable":true,"href":"https:\/\/folhapopular.info\/index.php\/wp-json\/wp\/v2\/users\/8"}],"replies":[{"embeddable":true,"href":"https:\/\/folhapopular.info\/index.php\/wp-json\/wp\/v2\/comments?post=130452"}],"version-history":[{"count":0,"href":"https:\/\/folhapopular.info\/index.php\/wp-json\/wp\/v2\/posts\/130452\/revisions"}],"wp:featuredmedia":[{"embeddable":true,"href":"https:\/\/folhapopular.info\/index.php\/wp-json\/wp\/v2\/media\/130453"}],"wp:attachment":[{"href":"https:\/\/folhapopular.info\/index.php\/wp-json\/wp\/v2\/media?parent=130452"}],"wp:term":[{"taxonomy":"category","embeddable":true,"href":"https:\/\/folhapopular.info\/index.php\/wp-json\/wp\/v2\/categories?post=130452"},{"taxonomy":"post_tag","embeddable":true,"href":"https:\/\/folhapopular.info\/index.php\/wp-json\/wp\/v2\/tags?post=130452"}],"curies":[{"name":"wp","href":"https:\/\/api.w.org\/{rel}","templated":true}]}}