{"id":130471,"date":"2023-06-21T15:08:58","date_gmt":"2023-06-21T18:08:58","guid":{"rendered":"https:\/\/folhapopular.info\/?p=130471"},"modified":"2023-06-21T15:17:51","modified_gmt":"2023-06-21T18:17:51","slug":"cria-dos-gramados-de-estrela-vive-sonho-internacional","status":"publish","type":"post","link":"https:\/\/folhapopular.info\/index.php\/2023\/06\/21\/cria-dos-gramados-de-estrela-vive-sonho-internacional\/","title":{"rendered":"\u201cCria\u201d dos gramados de Estrela vive sonho internacional"},"content":{"rendered":"\n<p>Gabriel Fell, de 20 anos, \u00e9 filho de Adair Paulo Fell e Marli Carla Spiecker. O jovem gosta de falar que \u00e9 nascido e criado em Estrela, no Bairro Arroio do Ouro. Gabriel come\u00e7ou sua vida no futebol com 8 anos de idade, no Clube Estrelas do Futuro, na cidade de Estrela. N\u00e3o demorou muito tempo para o jovem al\u00e7ar voos maiores. Aos 10 anos iniciou sua vida profissional no mundo da bola, quando teve passagens pelo Lajeadense e Chapecoense. No fim do ano passado, com 19 anos, Gabriel come\u00e7ou sua carreira internacional na cidade Set\u00fabal em Portugal, onde reside atualmente. O jovem veste as cores do Vit\u00f3ria Futebol Clube.<\/p>\n\n\n\n<p>Sua carreira come\u00e7ou na parte ofensiva do campo, na fun\u00e7\u00e3o de atacante, depois foi se transformando defensivamente, passando pelo meio de campo, volante, at\u00e9 se tornar o zagueiro que \u00e9 hoje, com 1 metro e 90 cent\u00edmetros.<\/p>\n\n\n\n<p>Gabriel j\u00e1 conquistou t\u00edtulos internacionais que orgulham a fam\u00edlia e amigos da regi\u00e3o. O atleta conquistou o t\u00edtulo de campe\u00e3o da Segunda Divis\u00e3o da Copa Set\u00fabal Sub-23, rendendo ao clube o acesso \u00e0 Primeira Divis\u00e3o do Campeonato Portugu\u00eas.<\/p>\n\n\n\n<p>O jovem estrelense tem o sonho de jogar no Real Madrid e vestir a camisa da Sele\u00e7\u00e3o Brasileira. Seu irm\u00e3o, Lorenzo, de 11 anos, j\u00e1 iniciou sua carreira no futebol, jogando no Estrelas do Futuro. Ele deseja seguir os passos do irm\u00e3o mais velho.<\/p>\n","protected":false},"excerpt":{"rendered":"<p>Gabriel Fell, de 20 anos, \u00e9 filho de Adair Paulo Fell e Marli Carla Spiecker. O jovem gosta de falar que \u00e9 nascido e criado em Estrela, no Bairro Arroio do Ouro. Gabriel come\u00e7ou sua vida no futebol com 8 anos de idade, no Clube Estrelas do Futuro, na cidade de Estrela. N\u00e3o demorou muito [&hellip;]<\/p>\n","protected":false},"author":601,"featured_media":130472,"comment_status":"open","ping_status":"open","sticky":false,"template":"","format":"standard","meta":{"pmpro_default_level":"","_jetpack_memberships_contains_paid_content":false,"footnotes":""},"categories":[5,240,2243],"tags":[12477,8,12480,12478,12479],"class_list":{"0":"post-130471","1":"post","2":"type-post","3":"status-publish","4":"format-standard","5":"has-post-thumbnail","7":"category-esportes","8":"category-futebol-amador","9":"category-futebol-profissional","10":"tag-cria","11":"tag-estrela","12":"tag-gabriel-fell","13":"tag-gramados-estrela","14":"tag-sonho-internacional","15":"pmpro-has-access"},"yoast_head":"<!-- This site is optimized with the Yoast SEO plugin v27.5 - https:\/\/yoast.com\/product\/yoast-seo-wordpress\/ -->\n<title>\u201cCria\u201d dos gramados de Estrela vive sonho internacional - Folha Popular<\/title>\n<meta name=\"robots\" content=\"index, follow, max-snippet:-1, max-image-preview:large, max-video-preview:-1\" \/>\n<link rel=\"canonical\" href=\"https:\/\/folhapopular.info\/index.php\/2023\/06\/21\/cria-dos-gramados-de-estrela-vive-sonho-internacional\/\" \/>\n<meta property=\"og:locale\" content=\"pt_BR\" \/>\n<meta property=\"og:type\" content=\"article\" \/>\n<meta property=\"og:title\" content=\"\u201cCria\u201d dos gramados de Estrela vive sonho internacional - Folha Popular\" \/>\n<meta property=\"og:description\" content=\"Gabriel Fell, de 20 anos, \u00e9 filho de Adair Paulo Fell e Marli Carla Spiecker. O jovem gosta de falar que \u00e9 nascido e criado em Estrela, no Bairro Arroio do Ouro. Gabriel come\u00e7ou sua vida no futebol com 8 anos de idade, no Clube Estrelas do Futuro, na cidade de Estrela. N\u00e3o demorou muito [&hellip;]\" \/>\n<meta property=\"og:url\" content=\"https:\/\/folhapopular.info\/index.php\/2023\/06\/21\/cria-dos-gramados-de-estrela-vive-sonho-internacional\/\" \/>\n<meta property=\"og:site_name\" content=\"Folha Popular\" \/>\n<meta property=\"article:published_time\" content=\"2023-06-21T18:08:58+00:00\" \/>\n<meta property=\"article:modified_time\" content=\"2023-06-21T18:17:51+00:00\" \/>\n<meta property=\"og:image\" content=\"http:\/\/folhapopular.info\/wp-content\/uploads\/2023\/06\/WhatsApp-Image-2023-06-19-at-09.28.46-e1687371405978.jpeg\" \/>\n\t<meta property=\"og:image:width\" content=\"490\" \/>\n\t<meta property=\"og:image:height\" content=\"769\" \/>\n\t<meta property=\"og:image:type\" content=\"image\/jpeg\" \/>\n<meta name=\"author\" content=\"Carla Beckmann\" \/>\n<meta name=\"twitter:card\" content=\"summary_large_image\" \/>\n<meta name=\"twitter:label1\" content=\"Escrito por\" \/>\n\t<meta name=\"twitter:data1\" content=\"Carla Beckmann\" \/>\n\t<meta name=\"twitter:label2\" content=\"Est. tempo de leitura\" \/>\n\t<meta name=\"twitter:data2\" content=\"2 minutos\" \/>\n<script type=\"application\/ld+json\" class=\"yoast-schema-graph\">{\"@context\":\"https:\\\/\\\/schema.org\",\"@graph\":[{\"@type\":\"Article\",\"@id\":\"https:\\\/\\\/folhapopular.info\\\/index.php\\\/2023\\\/06\\\/21\\\/cria-dos-gramados-de-estrela-vive-sonho-internacional\\\/#article\",\"isPartOf\":{\"@id\":\"https:\\\/\\\/folhapopular.info\\\/index.php\\\/2023\\\/06\\\/21\\\/cria-dos-gramados-de-estrela-vive-sonho-internacional\\\/\"},\"author\":{\"name\":\"Carla Beckmann\",\"@id\":\"https:\\\/\\\/folhapopular.info\\\/#\\\/schema\\\/person\\\/c9138938e4781f3e1ca513f9bea5659c\"},\"headline\":\"\u201cCria\u201d dos gramados de Estrela vive sonho internacional\",\"datePublished\":\"2023-06-21T18:08:58+00:00\",\"dateModified\":\"2023-06-21T18:17:51+00:00\",\"mainEntityOfPage\":{\"@id\":\"https:\\\/\\\/folhapopular.info\\\/index.php\\\/2023\\\/06\\\/21\\\/cria-dos-gramados-de-estrela-vive-sonho-internacional\\\/\"},\"wordCount\":247,\"commentCount\":0,\"image\":{\"@id\":\"https:\\\/\\\/folhapopular.info\\\/index.php\\\/2023\\\/06\\\/21\\\/cria-dos-gramados-de-estrela-vive-sonho-internacional\\\/#primaryimage\"},\"thumbnailUrl\":\"https:\\\/\\\/folhapopular.info\\\/wp-content\\\/uploads\\\/2023\\\/06\\\/WhatsApp-Image-2023-06-19-at-09.28.46-e1687371405978.jpeg\",\"keywords\":[\"Cria\",\"Estrela\",\"Gabriel Fell\",\"Gramados Estrela\",\"Sonho internacional\"],\"articleSection\":[\"Esportes\",\"Futebol Amador\",\"Futebol Profissional\"],\"inLanguage\":\"pt-BR\",\"potentialAction\":[{\"@type\":\"CommentAction\",\"name\":\"Comment\",\"target\":[\"https:\\\/\\\/folhapopular.info\\\/index.php\\\/2023\\\/06\\\/21\\\/cria-dos-gramados-de-estrela-vive-sonho-internacional\\\/#respond\"]}]},{\"@type\":\"WebPage\",\"@id\":\"https:\\\/\\\/folhapopular.info\\\/index.php\\\/2023\\\/06\\\/21\\\/cria-dos-gramados-de-estrela-vive-sonho-internacional\\\/\",\"url\":\"https:\\\/\\\/folhapopular.info\\\/index.php\\\/2023\\\/06\\\/21\\\/cria-dos-gramados-de-estrela-vive-sonho-internacional\\\/\",\"name\":\"\u201cCria\u201d dos gramados de Estrela vive sonho internacional - Folha Popular\",\"isPartOf\":{\"@id\":\"https:\\\/\\\/folhapopular.info\\\/#website\"},\"primaryImageOfPage\":{\"@id\":\"https:\\\/\\\/folhapopular.info\\\/index.php\\\/2023\\\/06\\\/21\\\/cria-dos-gramados-de-estrela-vive-sonho-internacional\\\/#primaryimage\"},\"image\":{\"@id\":\"https:\\\/\\\/folhapopular.info\\\/index.php\\\/2023\\\/06\\\/21\\\/cria-dos-gramados-de-estrela-vive-sonho-internacional\\\/#primaryimage\"},\"thumbnailUrl\":\"https:\\\/\\\/folhapopular.info\\\/wp-content\\\/uploads\\\/2023\\\/06\\\/WhatsApp-Image-2023-06-19-at-09.28.46-e1687371405978.jpeg\",\"datePublished\":\"2023-06-21T18:08:58+00:00\",\"dateModified\":\"2023-06-21T18:17:51+00:00\",\"author\":{\"@id\":\"https:\\\/\\\/folhapopular.info\\\/#\\\/schema\\\/person\\\/c9138938e4781f3e1ca513f9bea5659c\"},\"breadcrumb\":{\"@id\":\"https:\\\/\\\/folhapopular.info\\\/index.php\\\/2023\\\/06\\\/21\\\/cria-dos-gramados-de-estrela-vive-sonho-internacional\\\/#breadcrumb\"},\"inLanguage\":\"pt-BR\",\"potentialAction\":[{\"@type\":\"ReadAction\",\"target\":[\"https:\\\/\\\/folhapopular.info\\\/index.php\\\/2023\\\/06\\\/21\\\/cria-dos-gramados-de-estrela-vive-sonho-internacional\\\/\"]}]},{\"@type\":\"ImageObject\",\"inLanguage\":\"pt-BR\",\"@id\":\"https:\\\/\\\/folhapopular.info\\\/index.php\\\/2023\\\/06\\\/21\\\/cria-dos-gramados-de-estrela-vive-sonho-internacional\\\/#primaryimage\",\"url\":\"https:\\\/\\\/folhapopular.info\\\/wp-content\\\/uploads\\\/2023\\\/06\\\/WhatsApp-Image-2023-06-19-at-09.28.46-e1687371405978.jpeg\",\"contentUrl\":\"https:\\\/\\\/folhapopular.info\\\/wp-content\\\/uploads\\\/2023\\\/06\\\/WhatsApp-Image-2023-06-19-at-09.28.46-e1687371405978.jpeg\",\"width\":490,\"height\":769,\"caption\":\"Gabriel Fell com t\u00edtulo internacional \\\/ Cr\u00e9dito: Arquivo pessoal\"},{\"@type\":\"BreadcrumbList\",\"@id\":\"https:\\\/\\\/folhapopular.info\\\/index.php\\\/2023\\\/06\\\/21\\\/cria-dos-gramados-de-estrela-vive-sonho-internacional\\\/#breadcrumb\",\"itemListElement\":[{\"@type\":\"ListItem\",\"position\":1,\"name\":\"In\u00edcio\",\"item\":\"https:\\\/\\\/folhapopular.info\\\/\"},{\"@type\":\"ListItem\",\"position\":2,\"name\":\"\u201cCria\u201d dos gramados de Estrela vive sonho internacional\"}]},{\"@type\":\"WebSite\",\"@id\":\"https:\\\/\\\/folhapopular.info\\\/#website\",\"url\":\"https:\\\/\\\/folhapopular.info\\\/\",\"name\":\"Folha Popular\",\"description\":\"Onde voc\u00ea tem vez e voz\",\"potentialAction\":[{\"@type\":\"SearchAction\",\"target\":{\"@type\":\"EntryPoint\",\"urlTemplate\":\"https:\\\/\\\/folhapopular.info\\\/?s={search_term_string}\"},\"query-input\":{\"@type\":\"PropertyValueSpecification\",\"valueRequired\":true,\"valueName\":\"search_term_string\"}}],\"inLanguage\":\"pt-BR\"},{\"@type\":\"Person\",\"@id\":\"https:\\\/\\\/folhapopular.info\\\/#\\\/schema\\\/person\\\/c9138938e4781f3e1ca513f9bea5659c\",\"name\":\"Carla Beckmann\",\"image\":{\"@type\":\"ImageObject\",\"inLanguage\":\"pt-BR\",\"@id\":\"https:\\\/\\\/secure.gravatar.com\\\/avatar\\\/790078f6ade9f70c31db5a673b88c15df0904c2847c456b3599f72843ac11eb9?s=96&d=mm&r=g\",\"url\":\"https:\\\/\\\/secure.gravatar.com\\\/avatar\\\/790078f6ade9f70c31db5a673b88c15df0904c2847c456b3599f72843ac11eb9?s=96&d=mm&r=g\",\"contentUrl\":\"https:\\\/\\\/secure.gravatar.com\\\/avatar\\\/790078f6ade9f70c31db5a673b88c15df0904c2847c456b3599f72843ac11eb9?s=96&d=mm&r=g\",\"caption\":\"Carla Beckmann\"},\"url\":\"https:\\\/\\\/folhapopular.info\\\/index.php\\\/author\\\/carlabeckmann03gmail-com\\\/\"}]}<\/script>\n<!-- \/ Yoast SEO plugin. -->","yoast_head_json":{"title":"\u201cCria\u201d dos gramados de Estrela vive sonho internacional - Folha Popular","robots":{"index":"index","follow":"follow","max-snippet":"max-snippet:-1","max-image-preview":"max-image-preview:large","max-video-preview":"max-video-preview:-1"},"canonical":"https:\/\/folhapopular.info\/index.php\/2023\/06\/21\/cria-dos-gramados-de-estrela-vive-sonho-internacional\/","og_locale":"pt_BR","og_type":"article","og_title":"\u201cCria\u201d dos gramados de Estrela vive sonho internacional - Folha Popular","og_description":"Gabriel Fell, de 20 anos, \u00e9 filho de Adair Paulo Fell e Marli Carla Spiecker. O jovem gosta de falar que \u00e9 nascido e criado em Estrela, no Bairro Arroio do Ouro. Gabriel come\u00e7ou sua vida no futebol com 8 anos de idade, no Clube Estrelas do Futuro, na cidade de Estrela. N\u00e3o demorou muito [&hellip;]","og_url":"https:\/\/folhapopular.info\/index.php\/2023\/06\/21\/cria-dos-gramados-de-estrela-vive-sonho-internacional\/","og_site_name":"Folha Popular","article_published_time":"2023-06-21T18:08:58+00:00","article_modified_time":"2023-06-21T18:17:51+00:00","og_image":[{"width":490,"height":769,"url":"http:\/\/folhapopular.info\/wp-content\/uploads\/2023\/06\/WhatsApp-Image-2023-06-19-at-09.28.46-e1687371405978.jpeg","type":"image\/jpeg"}],"author":"Carla Beckmann","twitter_card":"summary_large_image","twitter_misc":{"Escrito por":"Carla Beckmann","Est. tempo de leitura":"2 minutos"},"schema":{"@context":"https:\/\/schema.org","@graph":[{"@type":"Article","@id":"https:\/\/folhapopular.info\/index.php\/2023\/06\/21\/cria-dos-gramados-de-estrela-vive-sonho-internacional\/#article","isPartOf":{"@id":"https:\/\/folhapopular.info\/index.php\/2023\/06\/21\/cria-dos-gramados-de-estrela-vive-sonho-internacional\/"},"author":{"name":"Carla Beckmann","@id":"https:\/\/folhapopular.info\/#\/schema\/person\/c9138938e4781f3e1ca513f9bea5659c"},"headline":"\u201cCria\u201d dos gramados de Estrela vive sonho internacional","datePublished":"2023-06-21T18:08:58+00:00","dateModified":"2023-06-21T18:17:51+00:00","mainEntityOfPage":{"@id":"https:\/\/folhapopular.info\/index.php\/2023\/06\/21\/cria-dos-gramados-de-estrela-vive-sonho-internacional\/"},"wordCount":247,"commentCount":0,"image":{"@id":"https:\/\/folhapopular.info\/index.php\/2023\/06\/21\/cria-dos-gramados-de-estrela-vive-sonho-internacional\/#primaryimage"},"thumbnailUrl":"https:\/\/folhapopular.info\/wp-content\/uploads\/2023\/06\/WhatsApp-Image-2023-06-19-at-09.28.46-e1687371405978.jpeg","keywords":["Cria","Estrela","Gabriel Fell","Gramados Estrela","Sonho internacional"],"articleSection":["Esportes","Futebol Amador","Futebol Profissional"],"inLanguage":"pt-BR","potentialAction":[{"@type":"CommentAction","name":"Comment","target":["https:\/\/folhapopular.info\/index.php\/2023\/06\/21\/cria-dos-gramados-de-estrela-vive-sonho-internacional\/#respond"]}]},{"@type":"WebPage","@id":"https:\/\/folhapopular.info\/index.php\/2023\/06\/21\/cria-dos-gramados-de-estrela-vive-sonho-internacional\/","url":"https:\/\/folhapopular.info\/index.php\/2023\/06\/21\/cria-dos-gramados-de-estrela-vive-sonho-internacional\/","name":"\u201cCria\u201d dos gramados de Estrela vive sonho internacional - Folha Popular","isPartOf":{"@id":"https:\/\/folhapopular.info\/#website"},"primaryImageOfPage":{"@id":"https:\/\/folhapopular.info\/index.php\/2023\/06\/21\/cria-dos-gramados-de-estrela-vive-sonho-internacional\/#primaryimage"},"image":{"@id":"https:\/\/folhapopular.info\/index.php\/2023\/06\/21\/cria-dos-gramados-de-estrela-vive-sonho-internacional\/#primaryimage"},"thumbnailUrl":"https:\/\/folhapopular.info\/wp-content\/uploads\/2023\/06\/WhatsApp-Image-2023-06-19-at-09.28.46-e1687371405978.jpeg","datePublished":"2023-06-21T18:08:58+00:00","dateModified":"2023-06-21T18:17:51+00:00","author":{"@id":"https:\/\/folhapopular.info\/#\/schema\/person\/c9138938e4781f3e1ca513f9bea5659c"},"breadcrumb":{"@id":"https:\/\/folhapopular.info\/index.php\/2023\/06\/21\/cria-dos-gramados-de-estrela-vive-sonho-internacional\/#breadcrumb"},"inLanguage":"pt-BR","potentialAction":[{"@type":"ReadAction","target":["https:\/\/folhapopular.info\/index.php\/2023\/06\/21\/cria-dos-gramados-de-estrela-vive-sonho-internacional\/"]}]},{"@type":"ImageObject","inLanguage":"pt-BR","@id":"https:\/\/folhapopular.info\/index.php\/2023\/06\/21\/cria-dos-gramados-de-estrela-vive-sonho-internacional\/#primaryimage","url":"https:\/\/folhapopular.info\/wp-content\/uploads\/2023\/06\/WhatsApp-Image-2023-06-19-at-09.28.46-e1687371405978.jpeg","contentUrl":"https:\/\/folhapopular.info\/wp-content\/uploads\/2023\/06\/WhatsApp-Image-2023-06-19-at-09.28.46-e1687371405978.jpeg","width":490,"height":769,"caption":"Gabriel Fell com t\u00edtulo internacional \/ Cr\u00e9dito: Arquivo pessoal"},{"@type":"BreadcrumbList","@id":"https:\/\/folhapopular.info\/index.php\/2023\/06\/21\/cria-dos-gramados-de-estrela-vive-sonho-internacional\/#breadcrumb","itemListElement":[{"@type":"ListItem","position":1,"name":"In\u00edcio","item":"https:\/\/folhapopular.info\/"},{"@type":"ListItem","position":2,"name":"\u201cCria\u201d dos gramados de Estrela vive sonho internacional"}]},{"@type":"WebSite","@id":"https:\/\/folhapopular.info\/#website","url":"https:\/\/folhapopular.info\/","name":"Folha Popular","description":"Onde voc\u00ea tem vez e voz","potentialAction":[{"@type":"SearchAction","target":{"@type":"EntryPoint","urlTemplate":"https:\/\/folhapopular.info\/?s={search_term_string}"},"query-input":{"@type":"PropertyValueSpecification","valueRequired":true,"valueName":"search_term_string"}}],"inLanguage":"pt-BR"},{"@type":"Person","@id":"https:\/\/folhapopular.info\/#\/schema\/person\/c9138938e4781f3e1ca513f9bea5659c","name":"Carla Beckmann","image":{"@type":"ImageObject","inLanguage":"pt-BR","@id":"https:\/\/secure.gravatar.com\/avatar\/790078f6ade9f70c31db5a673b88c15df0904c2847c456b3599f72843ac11eb9?s=96&d=mm&r=g","url":"https:\/\/secure.gravatar.com\/avatar\/790078f6ade9f70c31db5a673b88c15df0904c2847c456b3599f72843ac11eb9?s=96&d=mm&r=g","contentUrl":"https:\/\/secure.gravatar.com\/avatar\/790078f6ade9f70c31db5a673b88c15df0904c2847c456b3599f72843ac11eb9?s=96&d=mm&r=g","caption":"Carla Beckmann"},"url":"https:\/\/folhapopular.info\/index.php\/author\/carlabeckmann03gmail-com\/"}]}},"jetpack_featured_media_url":"https:\/\/folhapopular.info\/wp-content\/uploads\/2023\/06\/WhatsApp-Image-2023-06-19-at-09.28.46-e1687371405978.jpeg","jetpack_sharing_enabled":true,"amp_enabled":true,"_links":{"self":[{"href":"https:\/\/folhapopular.info\/index.php\/wp-json\/wp\/v2\/posts\/130471","targetHints":{"allow":["GET"]}}],"collection":[{"href":"https:\/\/folhapopular.info\/index.php\/wp-json\/wp\/v2\/posts"}],"about":[{"href":"https:\/\/folhapopular.info\/index.php\/wp-json\/wp\/v2\/types\/post"}],"author":[{"embeddable":true,"href":"https:\/\/folhapopular.info\/index.php\/wp-json\/wp\/v2\/users\/601"}],"replies":[{"embeddable":true,"href":"https:\/\/folhapopular.info\/index.php\/wp-json\/wp\/v2\/comments?post=130471"}],"version-history":[{"count":0,"href":"https:\/\/folhapopular.info\/index.php\/wp-json\/wp\/v2\/posts\/130471\/revisions"}],"wp:featuredmedia":[{"embeddable":true,"href":"https:\/\/folhapopular.info\/index.php\/wp-json\/wp\/v2\/media\/130472"}],"wp:attachment":[{"href":"https:\/\/folhapopular.info\/index.php\/wp-json\/wp\/v2\/media?parent=130471"}],"wp:term":[{"taxonomy":"category","embeddable":true,"href":"https:\/\/folhapopular.info\/index.php\/wp-json\/wp\/v2\/categories?post=130471"},{"taxonomy":"post_tag","embeddable":true,"href":"https:\/\/folhapopular.info\/index.php\/wp-json\/wp\/v2\/tags?post=130471"}],"curies":[{"name":"wp","href":"https:\/\/api.w.org\/{rel}","templated":true}]}}