{"id":131053,"date":"2023-06-26T11:30:00","date_gmt":"2023-06-26T14:30:00","guid":{"rendered":"https:\/\/folhapopular.info\/?p=131053"},"modified":"2023-06-26T11:21:25","modified_gmt":"2023-06-26T14:21:25","slug":"turma-volante-de-poco-das-antas-fiscaliza-mais-de-200-veiculos-de-carga-no-primeiro-semestre","status":"publish","type":"post","link":"https:\/\/folhapopular.info\/index.php\/2023\/06\/26\/turma-volante-de-poco-das-antas-fiscaliza-mais-de-200-veiculos-de-carga-no-primeiro-semestre\/","title":{"rendered":"Turma Volante de Po\u00e7o das Antas fiscaliza mais de 200 ve\u00edculos de carga no primeiro semestre"},"content":{"rendered":"\n<p>A\u00a0Turma Volante Municipal do Programa de Integra\u00e7\u00e3o Tribut\u00e1ria (PIT) de Po\u00e7o das Antas tem como objetivo garantir o recolhimento do ICMS atrav\u00e9s da confer\u00eancia das notas portadas pelos ve\u00edculos de carga que circulam pelo Munic\u00edpio, cultuando a cidadania atrav\u00e9s da educa\u00e7\u00e3o fiscal nas empresas produtoras e transportadoras. <\/p>\n\n\n\n<p>Al\u00e9m disso, executa outros trabalhos que incentivam a emiss\u00e3o de nota fiscal e conscientiza\u00e7\u00e3o da comunidade. <\/p>\n\n\n\n<p>No primeiro semestre de 2023, nas\u00a0opera\u00e7\u00f5es de confer\u00eancia (blitzes)\u00a0realizadas, foram registradas 2.500 notas fiscais nos processos de confer\u00eancia de carga, com uma m\u00e9dia mensal de 200 ve\u00edculos abordados.<\/p>\n\n\n\n<p>A fiscaliza\u00e7\u00e3o consiste em efetuar a leitura do c\u00f3digo de barras do Documento Auxiliar da Nota Fiscal Eletr\u00f4nica (DANFE), apresentado pelo transportador, e sua confer\u00eancia com a Nota Fiscal Eletr\u00f4nica (NFE), ficando registrado o evento da circula\u00e7\u00e3o da mercadoria.<\/p>\n\n\n\n<p>A Turma Volante Municipal (TVM), da qual fazem parte os agentes Bryan William Marques e Maria Ang\u00e9lica Griebler, sob coordena\u00e7\u00e3o do secret\u00e1rio da Fazenda, Alfredo Edmundo Klein, \u00e9 uma das a\u00e7\u00f5es vinculados ao PIT, programa que visa ao combate \u00e0 sonega\u00e7\u00e3o e aumento da arrecada\u00e7\u00e3o do Munic\u00edpio e tamb\u00e9m do Estado. O trabalho realizado pela TVM beneficia o Munic\u00edpio de muitas maneiras, pois conta pontua\u00e7\u00e3o no PIT, e esses pontos garantem vantagem econ\u00f4mica \u00e0 Po\u00e7o das Antas. <\/p>\n\n\n\n<h2 class=\"wp-block-heading\"><strong>A\u00e7\u00f5es<\/strong><strong><\/strong><\/h2>\n\n\n\n<p>Em sua totalidade, o Programa de Integra\u00e7\u00e3o Tribut\u00e1ria, reunindo as atividades de Educa\u00e7\u00e3o Fiscal, incentivo \u00e0 emiss\u00e3o de documentos fiscais, digita\u00e7\u00e3o de notas de tal\u00e3o de produtor e Turma Volante Municipal, reverte em valores financeiros aos cofres do Munic\u00edpio. <\/p>\n\n\n\n<p>Entre outras a\u00e7\u00f5es com envolvimento do PIT em Po\u00e7o das Antas, nesse ano de 2023, est\u00e3o: <\/p>\n\n\n\n<ul class=\"wp-block-list\">\n<li>o III Semin\u00e1rio de Educa\u00e7\u00e3o Fiscal de Po\u00e7o das Antas, realizado em 24 de maio no audit\u00f3rio da Prefeitura Municipal; <\/li>\n\n\n\n<li>a Campanha Minha Nota Vale Pr\u00eamios 2023, institu\u00edda pela Lei n\u00b0 2.328;<\/li>\n\n\n\n<li>a Oficina de Educa\u00e7\u00e3o Fiscal, realizada semanalmente junto \u00e0 Escola Municipal de Ensino Fundamental (Emef) Leo Pedro Schneider. <\/li>\n<\/ul>\n\n\n\n<p>O PIT \u00e9 regulamentado no Munic\u00edpio pela Lei n\u00ba\u00a01.954 e no segundo semestre de 2022 alcan\u00e7ou a nota 95 de 100, em avalia\u00e7\u00e3o concedida pela Secretaria da Fazenda do Estado do Rio Grande do Sul.<\/p>\n\n\n\n<figure class=\"wp-block-gallery has-nested-images columns-default is-cropped wp-block-gallery-1 is-layout-flex wp-block-gallery-is-layout-flex\">\n<figure class=\"wp-block-image size-large\"><img loading=\"lazy\" decoding=\"async\" width=\"768\" height=\"1024\" data-id=\"131056\" src=\"https:\/\/folhapopular.info\/wp-content\/uploads\/2023\/06\/WhatsApp-Image-2023-06-26-at-11.12.03-768x1024.jpeg\" alt=\"\" class=\"wp-image-131056\" srcset=\"https:\/\/folhapopular.info\/wp-content\/uploads\/2023\/06\/WhatsApp-Image-2023-06-26-at-11.12.03-768x1024.jpeg 768w, https:\/\/folhapopular.info\/wp-content\/uploads\/2023\/06\/WhatsApp-Image-2023-06-26-at-11.12.03-225x300.jpeg 225w, https:\/\/folhapopular.info\/wp-content\/uploads\/2023\/06\/WhatsApp-Image-2023-06-26-at-11.12.03-1152x1536.jpeg 1152w, https:\/\/folhapopular.info\/wp-content\/uploads\/2023\/06\/WhatsApp-Image-2023-06-26-at-11.12.03-696x928.jpeg 696w, https:\/\/folhapopular.info\/wp-content\/uploads\/2023\/06\/WhatsApp-Image-2023-06-26-at-11.12.03-1068x1424.jpeg 1068w, https:\/\/folhapopular.info\/wp-content\/uploads\/2023\/06\/WhatsApp-Image-2023-06-26-at-11.12.03.jpeg 1200w\" sizes=\"auto, (max-width: 768px) 100vw, 768px\" \/><figcaption class=\"wp-element-caption\">Cr\u00e9dito: AI Prefeitura de Po\u00e7o das Antas<\/figcaption><\/figure>\n\n\n\n<figure class=\"wp-block-image size-large\"><img loading=\"lazy\" decoding=\"async\" width=\"1024\" height=\"576\" data-id=\"131057\" src=\"https:\/\/folhapopular.info\/wp-content\/uploads\/2023\/06\/WhatsApp-Image-2023-06-26-at-11.12.03-1-1024x576.jpeg\" alt=\"\" class=\"wp-image-131057\" srcset=\"https:\/\/folhapopular.info\/wp-content\/uploads\/2023\/06\/WhatsApp-Image-2023-06-26-at-11.12.03-1-1024x576.jpeg 1024w, https:\/\/folhapopular.info\/wp-content\/uploads\/2023\/06\/WhatsApp-Image-2023-06-26-at-11.12.03-1-300x169.jpeg 300w, https:\/\/folhapopular.info\/wp-content\/uploads\/2023\/06\/WhatsApp-Image-2023-06-26-at-11.12.03-1-768x432.jpeg 768w, https:\/\/folhapopular.info\/wp-content\/uploads\/2023\/06\/WhatsApp-Image-2023-06-26-at-11.12.03-1-1536x864.jpeg 1536w, https:\/\/folhapopular.info\/wp-content\/uploads\/2023\/06\/WhatsApp-Image-2023-06-26-at-11.12.03-1-696x392.jpeg 696w, https:\/\/folhapopular.info\/wp-content\/uploads\/2023\/06\/WhatsApp-Image-2023-06-26-at-11.12.03-1-1068x601.jpeg 1068w, https:\/\/folhapopular.info\/wp-content\/uploads\/2023\/06\/WhatsApp-Image-2023-06-26-at-11.12.03-1.jpeg 1600w\" sizes=\"auto, (max-width: 1024px) 100vw, 1024px\" \/><figcaption class=\"wp-element-caption\">Cr\u00e9dito: AI Prefeitura de Po\u00e7o das Antas<\/figcaption><\/figure>\n<\/figure>\n","protected":false},"excerpt":{"rendered":"<p>A\u00a0Turma Volante Municipal do Programa de Integra\u00e7\u00e3o Tribut\u00e1ria (PIT) de Po\u00e7o das Antas tem como objetivo garantir o recolhimento do ICMS atrav\u00e9s da confer\u00eancia das notas portadas pelos ve\u00edculos de carga que circulam pelo Munic\u00edpio, cultuando a cidadania atrav\u00e9s da educa\u00e7\u00e3o fiscal nas empresas produtoras e transportadoras. Al\u00e9m disso, executa outros trabalhos que incentivam a [&hellip;]<\/p>\n","protected":false},"author":8,"featured_media":131054,"comment_status":"open","ping_status":"open","sticky":false,"template":"","format":"standard","meta":{"pmpro_default_level":"","_jetpack_memberships_contains_paid_content":false,"footnotes":""},"categories":[2,10991,10993],"tags":[40,12508],"class_list":{"0":"post-131053","1":"post","2":"type-post","3":"status-publish","4":"format-standard","5":"has-post-thumbnail","7":"category-featured","8":"category-economia","9":"category-empreender","10":"tag-poco-das-antas","11":"tag-turma-volante","12":"pmpro-has-access"},"yoast_head":"<!-- This site is optimized with the Yoast SEO plugin v27.5 - https:\/\/yoast.com\/product\/yoast-seo-wordpress\/ -->\n<title>Turma Volante de Po\u00e7o das Antas fiscaliza mais de 200 ve\u00edculos de carga no primeiro semestre - Folha Popular<\/title>\n<meta name=\"robots\" content=\"index, follow, max-snippet:-1, max-image-preview:large, max-video-preview:-1\" \/>\n<link rel=\"canonical\" href=\"https:\/\/folhapopular.info\/index.php\/2023\/06\/26\/turma-volante-de-poco-das-antas-fiscaliza-mais-de-200-veiculos-de-carga-no-primeiro-semestre\/\" \/>\n<meta property=\"og:locale\" content=\"pt_BR\" \/>\n<meta property=\"og:type\" content=\"article\" \/>\n<meta property=\"og:title\" content=\"Turma Volante de Po\u00e7o das Antas fiscaliza mais de 200 ve\u00edculos de carga no primeiro semestre - Folha Popular\" \/>\n<meta property=\"og:description\" content=\"A\u00a0Turma Volante Municipal do Programa de Integra\u00e7\u00e3o Tribut\u00e1ria (PIT) de Po\u00e7o das Antas tem como objetivo garantir o recolhimento do ICMS atrav\u00e9s da confer\u00eancia das notas portadas pelos ve\u00edculos de carga que circulam pelo Munic\u00edpio, cultuando a cidadania atrav\u00e9s da educa\u00e7\u00e3o fiscal nas empresas produtoras e transportadoras. Al\u00e9m disso, executa outros trabalhos que incentivam a [&hellip;]\" \/>\n<meta property=\"og:url\" content=\"https:\/\/folhapopular.info\/index.php\/2023\/06\/26\/turma-volante-de-poco-das-antas-fiscaliza-mais-de-200-veiculos-de-carga-no-primeiro-semestre\/\" \/>\n<meta property=\"og:site_name\" content=\"Folha Popular\" \/>\n<meta property=\"article:published_time\" content=\"2023-06-26T14:30:00+00:00\" \/>\n<meta property=\"og:image\" content=\"https:\/\/folhapopular.info\/wp-content\/uploads\/2023\/06\/1-Turma-Volante-desenvolve-acoes-em-Poco-das-Antas-scaled.jpg\" \/>\n\t<meta property=\"og:image:width\" content=\"2560\" \/>\n\t<meta property=\"og:image:height\" content=\"1707\" \/>\n\t<meta property=\"og:image:type\" content=\"image\/jpeg\" \/>\n<meta name=\"author\" content=\"Reda\u00e7\u00e3o Folha Popular\" \/>\n<meta name=\"twitter:card\" content=\"summary_large_image\" \/>\n<meta name=\"twitter:label1\" content=\"Escrito por\" \/>\n\t<meta name=\"twitter:data1\" content=\"Reda\u00e7\u00e3o Folha Popular\" \/>\n\t<meta name=\"twitter:label2\" content=\"Est. tempo de leitura\" \/>\n\t<meta name=\"twitter:data2\" content=\"3 minutos\" \/>\n<script type=\"application\/ld+json\" class=\"yoast-schema-graph\">{\"@context\":\"https:\\\/\\\/schema.org\",\"@graph\":[{\"@type\":\"Article\",\"@id\":\"https:\\\/\\\/folhapopular.info\\\/index.php\\\/2023\\\/06\\\/26\\\/turma-volante-de-poco-das-antas-fiscaliza-mais-de-200-veiculos-de-carga-no-primeiro-semestre\\\/#article\",\"isPartOf\":{\"@id\":\"https:\\\/\\\/folhapopular.info\\\/index.php\\\/2023\\\/06\\\/26\\\/turma-volante-de-poco-das-antas-fiscaliza-mais-de-200-veiculos-de-carga-no-primeiro-semestre\\\/\"},\"author\":{\"name\":\"Reda\u00e7\u00e3o Folha Popular\",\"@id\":\"https:\\\/\\\/folhapopular.info\\\/#\\\/schema\\\/person\\\/2814e8a0df7643585a9ca38bc6eb9d4b\"},\"headline\":\"Turma Volante de Po\u00e7o das Antas fiscaliza mais de 200 ve\u00edculos de carga no primeiro semestre\",\"datePublished\":\"2023-06-26T14:30:00+00:00\",\"mainEntityOfPage\":{\"@id\":\"https:\\\/\\\/folhapopular.info\\\/index.php\\\/2023\\\/06\\\/26\\\/turma-volante-de-poco-das-antas-fiscaliza-mais-de-200-veiculos-de-carga-no-primeiro-semestre\\\/\"},\"wordCount\":426,\"commentCount\":0,\"image\":{\"@id\":\"https:\\\/\\\/folhapopular.info\\\/index.php\\\/2023\\\/06\\\/26\\\/turma-volante-de-poco-das-antas-fiscaliza-mais-de-200-veiculos-de-carga-no-primeiro-semestre\\\/#primaryimage\"},\"thumbnailUrl\":\"https:\\\/\\\/folhapopular.info\\\/wp-content\\\/uploads\\\/2023\\\/06\\\/1-Turma-Volante-desenvolve-acoes-em-Poco-das-Antas-scaled.jpg\",\"keywords\":[\"Po\u00e7o das Antas\",\"turma volante\"],\"articleSection\":[\"Destaques\",\"Economia\",\"Empreender\"],\"inLanguage\":\"pt-BR\",\"potentialAction\":[{\"@type\":\"CommentAction\",\"name\":\"Comment\",\"target\":[\"https:\\\/\\\/folhapopular.info\\\/index.php\\\/2023\\\/06\\\/26\\\/turma-volante-de-poco-das-antas-fiscaliza-mais-de-200-veiculos-de-carga-no-primeiro-semestre\\\/#respond\"]}]},{\"@type\":\"WebPage\",\"@id\":\"https:\\\/\\\/folhapopular.info\\\/index.php\\\/2023\\\/06\\\/26\\\/turma-volante-de-poco-das-antas-fiscaliza-mais-de-200-veiculos-de-carga-no-primeiro-semestre\\\/\",\"url\":\"https:\\\/\\\/folhapopular.info\\\/index.php\\\/2023\\\/06\\\/26\\\/turma-volante-de-poco-das-antas-fiscaliza-mais-de-200-veiculos-de-carga-no-primeiro-semestre\\\/\",\"name\":\"Turma Volante de Po\u00e7o das Antas fiscaliza mais de 200 ve\u00edculos de carga no primeiro semestre - Folha Popular\",\"isPartOf\":{\"@id\":\"https:\\\/\\\/folhapopular.info\\\/#website\"},\"primaryImageOfPage\":{\"@id\":\"https:\\\/\\\/folhapopular.info\\\/index.php\\\/2023\\\/06\\\/26\\\/turma-volante-de-poco-das-antas-fiscaliza-mais-de-200-veiculos-de-carga-no-primeiro-semestre\\\/#primaryimage\"},\"image\":{\"@id\":\"https:\\\/\\\/folhapopular.info\\\/index.php\\\/2023\\\/06\\\/26\\\/turma-volante-de-poco-das-antas-fiscaliza-mais-de-200-veiculos-de-carga-no-primeiro-semestre\\\/#primaryimage\"},\"thumbnailUrl\":\"https:\\\/\\\/folhapopular.info\\\/wp-content\\\/uploads\\\/2023\\\/06\\\/1-Turma-Volante-desenvolve-acoes-em-Poco-das-Antas-scaled.jpg\",\"datePublished\":\"2023-06-26T14:30:00+00:00\",\"author\":{\"@id\":\"https:\\\/\\\/folhapopular.info\\\/#\\\/schema\\\/person\\\/2814e8a0df7643585a9ca38bc6eb9d4b\"},\"breadcrumb\":{\"@id\":\"https:\\\/\\\/folhapopular.info\\\/index.php\\\/2023\\\/06\\\/26\\\/turma-volante-de-poco-das-antas-fiscaliza-mais-de-200-veiculos-de-carga-no-primeiro-semestre\\\/#breadcrumb\"},\"inLanguage\":\"pt-BR\",\"potentialAction\":[{\"@type\":\"ReadAction\",\"target\":[\"https:\\\/\\\/folhapopular.info\\\/index.php\\\/2023\\\/06\\\/26\\\/turma-volante-de-poco-das-antas-fiscaliza-mais-de-200-veiculos-de-carga-no-primeiro-semestre\\\/\"]}]},{\"@type\":\"ImageObject\",\"inLanguage\":\"pt-BR\",\"@id\":\"https:\\\/\\\/folhapopular.info\\\/index.php\\\/2023\\\/06\\\/26\\\/turma-volante-de-poco-das-antas-fiscaliza-mais-de-200-veiculos-de-carga-no-primeiro-semestre\\\/#primaryimage\",\"url\":\"https:\\\/\\\/folhapopular.info\\\/wp-content\\\/uploads\\\/2023\\\/06\\\/1-Turma-Volante-desenvolve-acoes-em-Poco-das-Antas-scaled.jpg\",\"contentUrl\":\"https:\\\/\\\/folhapopular.info\\\/wp-content\\\/uploads\\\/2023\\\/06\\\/1-Turma-Volante-desenvolve-acoes-em-Poco-das-Antas-scaled.jpg\",\"width\":2560,\"height\":1707,\"caption\":\"Cr\u00e9dito: AI Prefeitura de Po\u00e7o das Antas\"},{\"@type\":\"BreadcrumbList\",\"@id\":\"https:\\\/\\\/folhapopular.info\\\/index.php\\\/2023\\\/06\\\/26\\\/turma-volante-de-poco-das-antas-fiscaliza-mais-de-200-veiculos-de-carga-no-primeiro-semestre\\\/#breadcrumb\",\"itemListElement\":[{\"@type\":\"ListItem\",\"position\":1,\"name\":\"In\u00edcio\",\"item\":\"https:\\\/\\\/folhapopular.info\\\/\"},{\"@type\":\"ListItem\",\"position\":2,\"name\":\"Turma Volante de Po\u00e7o das Antas fiscaliza mais de 200 ve\u00edculos de carga no primeiro semestre\"}]},{\"@type\":\"WebSite\",\"@id\":\"https:\\\/\\\/folhapopular.info\\\/#website\",\"url\":\"https:\\\/\\\/folhapopular.info\\\/\",\"name\":\"Folha Popular\",\"description\":\"Onde voc\u00ea tem vez e voz\",\"potentialAction\":[{\"@type\":\"SearchAction\",\"target\":{\"@type\":\"EntryPoint\",\"urlTemplate\":\"https:\\\/\\\/folhapopular.info\\\/?s={search_term_string}\"},\"query-input\":{\"@type\":\"PropertyValueSpecification\",\"valueRequired\":true,\"valueName\":\"search_term_string\"}}],\"inLanguage\":\"pt-BR\"},{\"@type\":\"Person\",\"@id\":\"https:\\\/\\\/folhapopular.info\\\/#\\\/schema\\\/person\\\/2814e8a0df7643585a9ca38bc6eb9d4b\",\"name\":\"Reda\u00e7\u00e3o Folha Popular\",\"image\":{\"@type\":\"ImageObject\",\"inLanguage\":\"pt-BR\",\"@id\":\"https:\\\/\\\/folhapopular.info\\\/wp-content\\\/uploads\\\/2026\\\/04\\\/Folha-1.webp\",\"url\":\"https:\\\/\\\/folhapopular.info\\\/wp-content\\\/uploads\\\/2026\\\/04\\\/Folha-1.webp\",\"contentUrl\":\"https:\\\/\\\/folhapopular.info\\\/wp-content\\\/uploads\\\/2026\\\/04\\\/Folha-1.webp\",\"caption\":\"Reda\u00e7\u00e3o Folha Popular\"},\"url\":\"https:\\\/\\\/folhapopular.info\\\/index.php\\\/author\\\/redacao\\\/\"}]}<\/script>\n<!-- \/ Yoast SEO plugin. -->","yoast_head_json":{"title":"Turma Volante de Po\u00e7o das Antas fiscaliza mais de 200 ve\u00edculos de carga no primeiro semestre - Folha Popular","robots":{"index":"index","follow":"follow","max-snippet":"max-snippet:-1","max-image-preview":"max-image-preview:large","max-video-preview":"max-video-preview:-1"},"canonical":"https:\/\/folhapopular.info\/index.php\/2023\/06\/26\/turma-volante-de-poco-das-antas-fiscaliza-mais-de-200-veiculos-de-carga-no-primeiro-semestre\/","og_locale":"pt_BR","og_type":"article","og_title":"Turma Volante de Po\u00e7o das Antas fiscaliza mais de 200 ve\u00edculos de carga no primeiro semestre - Folha Popular","og_description":"A\u00a0Turma Volante Municipal do Programa de Integra\u00e7\u00e3o Tribut\u00e1ria (PIT) de Po\u00e7o das Antas tem como objetivo garantir o recolhimento do ICMS atrav\u00e9s da confer\u00eancia das notas portadas pelos ve\u00edculos de carga que circulam pelo Munic\u00edpio, cultuando a cidadania atrav\u00e9s da educa\u00e7\u00e3o fiscal nas empresas produtoras e transportadoras. Al\u00e9m disso, executa outros trabalhos que incentivam a [&hellip;]","og_url":"https:\/\/folhapopular.info\/index.php\/2023\/06\/26\/turma-volante-de-poco-das-antas-fiscaliza-mais-de-200-veiculos-de-carga-no-primeiro-semestre\/","og_site_name":"Folha Popular","article_published_time":"2023-06-26T14:30:00+00:00","og_image":[{"width":2560,"height":1707,"url":"https:\/\/folhapopular.info\/wp-content\/uploads\/2023\/06\/1-Turma-Volante-desenvolve-acoes-em-Poco-das-Antas-scaled.jpg","type":"image\/jpeg"}],"author":"Reda\u00e7\u00e3o Folha Popular","twitter_card":"summary_large_image","twitter_misc":{"Escrito por":"Reda\u00e7\u00e3o Folha Popular","Est. tempo de leitura":"3 minutos"},"schema":{"@context":"https:\/\/schema.org","@graph":[{"@type":"Article","@id":"https:\/\/folhapopular.info\/index.php\/2023\/06\/26\/turma-volante-de-poco-das-antas-fiscaliza-mais-de-200-veiculos-de-carga-no-primeiro-semestre\/#article","isPartOf":{"@id":"https:\/\/folhapopular.info\/index.php\/2023\/06\/26\/turma-volante-de-poco-das-antas-fiscaliza-mais-de-200-veiculos-de-carga-no-primeiro-semestre\/"},"author":{"name":"Reda\u00e7\u00e3o Folha Popular","@id":"https:\/\/folhapopular.info\/#\/schema\/person\/2814e8a0df7643585a9ca38bc6eb9d4b"},"headline":"Turma Volante de Po\u00e7o das Antas fiscaliza mais de 200 ve\u00edculos de carga no primeiro semestre","datePublished":"2023-06-26T14:30:00+00:00","mainEntityOfPage":{"@id":"https:\/\/folhapopular.info\/index.php\/2023\/06\/26\/turma-volante-de-poco-das-antas-fiscaliza-mais-de-200-veiculos-de-carga-no-primeiro-semestre\/"},"wordCount":426,"commentCount":0,"image":{"@id":"https:\/\/folhapopular.info\/index.php\/2023\/06\/26\/turma-volante-de-poco-das-antas-fiscaliza-mais-de-200-veiculos-de-carga-no-primeiro-semestre\/#primaryimage"},"thumbnailUrl":"https:\/\/folhapopular.info\/wp-content\/uploads\/2023\/06\/1-Turma-Volante-desenvolve-acoes-em-Poco-das-Antas-scaled.jpg","keywords":["Po\u00e7o das Antas","turma volante"],"articleSection":["Destaques","Economia","Empreender"],"inLanguage":"pt-BR","potentialAction":[{"@type":"CommentAction","name":"Comment","target":["https:\/\/folhapopular.info\/index.php\/2023\/06\/26\/turma-volante-de-poco-das-antas-fiscaliza-mais-de-200-veiculos-de-carga-no-primeiro-semestre\/#respond"]}]},{"@type":"WebPage","@id":"https:\/\/folhapopular.info\/index.php\/2023\/06\/26\/turma-volante-de-poco-das-antas-fiscaliza-mais-de-200-veiculos-de-carga-no-primeiro-semestre\/","url":"https:\/\/folhapopular.info\/index.php\/2023\/06\/26\/turma-volante-de-poco-das-antas-fiscaliza-mais-de-200-veiculos-de-carga-no-primeiro-semestre\/","name":"Turma Volante de Po\u00e7o das Antas fiscaliza mais de 200 ve\u00edculos de carga no primeiro semestre - Folha Popular","isPartOf":{"@id":"https:\/\/folhapopular.info\/#website"},"primaryImageOfPage":{"@id":"https:\/\/folhapopular.info\/index.php\/2023\/06\/26\/turma-volante-de-poco-das-antas-fiscaliza-mais-de-200-veiculos-de-carga-no-primeiro-semestre\/#primaryimage"},"image":{"@id":"https:\/\/folhapopular.info\/index.php\/2023\/06\/26\/turma-volante-de-poco-das-antas-fiscaliza-mais-de-200-veiculos-de-carga-no-primeiro-semestre\/#primaryimage"},"thumbnailUrl":"https:\/\/folhapopular.info\/wp-content\/uploads\/2023\/06\/1-Turma-Volante-desenvolve-acoes-em-Poco-das-Antas-scaled.jpg","datePublished":"2023-06-26T14:30:00+00:00","author":{"@id":"https:\/\/folhapopular.info\/#\/schema\/person\/2814e8a0df7643585a9ca38bc6eb9d4b"},"breadcrumb":{"@id":"https:\/\/folhapopular.info\/index.php\/2023\/06\/26\/turma-volante-de-poco-das-antas-fiscaliza-mais-de-200-veiculos-de-carga-no-primeiro-semestre\/#breadcrumb"},"inLanguage":"pt-BR","potentialAction":[{"@type":"ReadAction","target":["https:\/\/folhapopular.info\/index.php\/2023\/06\/26\/turma-volante-de-poco-das-antas-fiscaliza-mais-de-200-veiculos-de-carga-no-primeiro-semestre\/"]}]},{"@type":"ImageObject","inLanguage":"pt-BR","@id":"https:\/\/folhapopular.info\/index.php\/2023\/06\/26\/turma-volante-de-poco-das-antas-fiscaliza-mais-de-200-veiculos-de-carga-no-primeiro-semestre\/#primaryimage","url":"https:\/\/folhapopular.info\/wp-content\/uploads\/2023\/06\/1-Turma-Volante-desenvolve-acoes-em-Poco-das-Antas-scaled.jpg","contentUrl":"https:\/\/folhapopular.info\/wp-content\/uploads\/2023\/06\/1-Turma-Volante-desenvolve-acoes-em-Poco-das-Antas-scaled.jpg","width":2560,"height":1707,"caption":"Cr\u00e9dito: AI Prefeitura de Po\u00e7o das Antas"},{"@type":"BreadcrumbList","@id":"https:\/\/folhapopular.info\/index.php\/2023\/06\/26\/turma-volante-de-poco-das-antas-fiscaliza-mais-de-200-veiculos-de-carga-no-primeiro-semestre\/#breadcrumb","itemListElement":[{"@type":"ListItem","position":1,"name":"In\u00edcio","item":"https:\/\/folhapopular.info\/"},{"@type":"ListItem","position":2,"name":"Turma Volante de Po\u00e7o das Antas fiscaliza mais de 200 ve\u00edculos de carga no primeiro semestre"}]},{"@type":"WebSite","@id":"https:\/\/folhapopular.info\/#website","url":"https:\/\/folhapopular.info\/","name":"Folha Popular","description":"Onde voc\u00ea tem vez e voz","potentialAction":[{"@type":"SearchAction","target":{"@type":"EntryPoint","urlTemplate":"https:\/\/folhapopular.info\/?s={search_term_string}"},"query-input":{"@type":"PropertyValueSpecification","valueRequired":true,"valueName":"search_term_string"}}],"inLanguage":"pt-BR"},{"@type":"Person","@id":"https:\/\/folhapopular.info\/#\/schema\/person\/2814e8a0df7643585a9ca38bc6eb9d4b","name":"Reda\u00e7\u00e3o Folha Popular","image":{"@type":"ImageObject","inLanguage":"pt-BR","@id":"https:\/\/folhapopular.info\/wp-content\/uploads\/2026\/04\/Folha-1.webp","url":"https:\/\/folhapopular.info\/wp-content\/uploads\/2026\/04\/Folha-1.webp","contentUrl":"https:\/\/folhapopular.info\/wp-content\/uploads\/2026\/04\/Folha-1.webp","caption":"Reda\u00e7\u00e3o Folha Popular"},"url":"https:\/\/folhapopular.info\/index.php\/author\/redacao\/"}]}},"jetpack_featured_media_url":"https:\/\/folhapopular.info\/wp-content\/uploads\/2023\/06\/1-Turma-Volante-desenvolve-acoes-em-Poco-das-Antas-scaled.jpg","jetpack_sharing_enabled":true,"amp_enabled":true,"_links":{"self":[{"href":"https:\/\/folhapopular.info\/index.php\/wp-json\/wp\/v2\/posts\/131053","targetHints":{"allow":["GET"]}}],"collection":[{"href":"https:\/\/folhapopular.info\/index.php\/wp-json\/wp\/v2\/posts"}],"about":[{"href":"https:\/\/folhapopular.info\/index.php\/wp-json\/wp\/v2\/types\/post"}],"author":[{"embeddable":true,"href":"https:\/\/folhapopular.info\/index.php\/wp-json\/wp\/v2\/users\/8"}],"replies":[{"embeddable":true,"href":"https:\/\/folhapopular.info\/index.php\/wp-json\/wp\/v2\/comments?post=131053"}],"version-history":[{"count":0,"href":"https:\/\/folhapopular.info\/index.php\/wp-json\/wp\/v2\/posts\/131053\/revisions"}],"wp:featuredmedia":[{"embeddable":true,"href":"https:\/\/folhapopular.info\/index.php\/wp-json\/wp\/v2\/media\/131054"}],"wp:attachment":[{"href":"https:\/\/folhapopular.info\/index.php\/wp-json\/wp\/v2\/media?parent=131053"}],"wp:term":[{"taxonomy":"category","embeddable":true,"href":"https:\/\/folhapopular.info\/index.php\/wp-json\/wp\/v2\/categories?post=131053"},{"taxonomy":"post_tag","embeddable":true,"href":"https:\/\/folhapopular.info\/index.php\/wp-json\/wp\/v2\/tags?post=131053"}],"curies":[{"name":"wp","href":"https:\/\/api.w.org\/{rel}","templated":true}]}}