{"id":131547,"date":"2023-06-30T14:53:05","date_gmt":"2023-06-30T17:53:05","guid":{"rendered":"https:\/\/folhapopular.info\/?p=131547"},"modified":"2023-06-30T14:53:08","modified_gmt":"2023-06-30T17:53:08","slug":"produtores-decidem-formar-nova-cooperativa-de-suinocultores","status":"publish","type":"post","link":"https:\/\/folhapopular.info\/index.php\/2023\/06\/30\/produtores-decidem-formar-nova-cooperativa-de-suinocultores\/","title":{"rendered":"Produtores decidem formar nova cooperativa de suinocultores"},"content":{"rendered":"\n<p>A Cooperativa dos Suinocultores dos Vales (Coosuval) foi apresentada \u00e0 imprensa em coletiva na manh\u00e3 desta sexta-feira (30\/6), em sala cedida pela Sicredi Ouro Branco em Teut\u00f4nia. Um total de 36 produtores assinaram a ata de funda\u00e7\u00e3o no dia 23 de junho (sexta-feira passada), com apoio da Ocergs e de outras cooperativas da cidade. O CNPJ e a constitui\u00e7\u00e3o formal da cooperativa j\u00e1 tramitaram. A partir da pr\u00f3xima semana ser\u00e1 poss\u00edvel incluir mais s\u00f3cios.<\/p>\n\n\n\n<p>O objetivo \u00e9 garantir a continuidade das atividades nas propriedades rurais de aproximadamente 350 integrados, que deixar\u00e3o de ser assistidos pela Cooperativa Languiru. Em torno de 100 produtores j\u00e1 foram para outras empresas, mas os demais 250 ter\u00e3o as portas abertas na nova cooperativa. A inten\u00e7\u00e3o \u00e9 fazer apenas a cria\u00e7\u00e3o de desde UPL, crech\u00e1rio e termina\u00e7\u00e3o. A fabrica\u00e7\u00e3o de ra\u00e7\u00f5es e o abate ser\u00e3o negociados com parceiros &#8211; f\u00e1bricas de ra\u00e7\u00f5es e agroind\u00fastrias.<\/p>\n\n\n\n<p>A busca \u00e9 por uma sede pr\u00f3pria, encaminhamento dos tr\u00e2mites legais, inclus\u00e3o de novos s\u00f3cios e in\u00edcio das opera\u00e7\u00f5es. \u201cNosso enfoque \u00e9 dar suporte aos suinocultores que deixar\u00e3o de ser assistidos pela Languiru\u201d, disse o presidente Luiz Bayer \u2013 e antes de qualquer pergunta ou coment\u00e1rio, ele n\u00e3o tem parentesco com Dirceu Bayer, ex-presidente da Languiru.<\/p>\n\n\n\n<p>O vice-presidente Airton Wessel citou a migra\u00e7\u00e3o tranquila dos produtores da Languiru para a Coosuval. Essa mudan\u00e7a tem inclusive apoio da Languiru, sem v\u00ednculo formal. Os dirigentes imaginam que em 6 meses \u2013 fim do ano \u2013 \u00e9 poss\u00edvel ter o fechamento do primeiro ciclo de abate de su\u00ednos sob o novo CNPJ.<\/p>\n\n\n\n<p><strong>Diretoria da Coosuval<\/strong><\/p>\n\n\n\n<p>Presidente: Luiz Bayer (Schmidt Alta \/ Westf\u00e1lia e Linha Germano \/ Teut\u00f4nia)<\/p>\n\n\n\n<p>Vice-presidente: Airton Wessel (Linha Imhoff \/ Imigrante)<\/p>\n\n\n\n<p>Secret\u00e1rio: F\u00e1bio Weber (Linha Clara Alta \/ Teut\u00f4nia)<\/p>\n\n\n\n<p>Conselheiros efetivos: Jonas Morari (Linha S\u00e3o Miguel \/ Travesseiro), Nicolas Schaeffer (Linha Germano \/ Teut\u00f4nia)<\/p>\n\n\n\n<p>Suplentes: Paulo Schneider (Arroio do Meio), Renan Brune (Linha Clara Alta \/ Teut\u00f4nia)<\/p>\n\n\n\n<p><strong>Conselho Fiscal<\/strong><\/p>\n\n\n\n<p>Efetivos: Fabiano Goldmeyer (Ano Bom \/ Colinas), C\u00e9sar Ahlert (Linha Leopoldina \/ Estrela) e F\u00e1bio Meyring (Ano Bom \/ Colinas)<\/p>\n\n\n\n<p>Suplentes: Jonas Schneider (Linha Catarina \/ Teut\u00f4nia), Milton da Costa (Fazenda Vilanova ) e Eliseu Eggers (Schmidt Fundos \/ Westf\u00e1lia)<\/p>\n\n\n\n<p><strong>Mais detalhes na edi\u00e7\u00e3o deste s\u00e1bado da Folha Popular.<\/strong><\/p>\n","protected":false},"excerpt":{"rendered":"<p>A Cooperativa dos Suinocultores dos Vales (Coosuval) foi apresentada \u00e0 imprensa em coletiva na manh\u00e3 desta sexta-feira (30\/6), em sala cedida pela Sicredi Ouro Branco em Teut\u00f4nia. Um total de 36 produtores assinaram a ata de funda\u00e7\u00e3o no dia 23 de junho (sexta-feira passada), com apoio da Ocergs e de outras cooperativas da cidade. O [&hellip;]<\/p>\n","protected":false},"author":7,"featured_media":131548,"comment_status":"open","ping_status":"open","sticky":false,"template":"","format":"standard","meta":{"pmpro_default_level":"","_jetpack_memberships_contains_paid_content":false,"footnotes":""},"categories":[10992,2,10991],"tags":[26,156],"class_list":{"0":"post-131547","1":"post","2":"type-post","3":"status-publish","4":"format-standard","5":"has-post-thumbnail","7":"category-coopop","8":"category-featured","9":"category-economia","10":"tag-teutonia","11":"tag-vale-do-taquari","12":"pmpro-has-access"},"yoast_head":"<!-- This site is optimized with the Yoast SEO plugin v27.5 - https:\/\/yoast.com\/product\/yoast-seo-wordpress\/ -->\n<title>Produtores decidem formar nova cooperativa de suinocultores - Folha Popular<\/title>\n<meta name=\"robots\" content=\"index, follow, max-snippet:-1, max-image-preview:large, max-video-preview:-1\" \/>\n<link rel=\"canonical\" href=\"https:\/\/folhapopular.info\/index.php\/2023\/06\/30\/produtores-decidem-formar-nova-cooperativa-de-suinocultores\/\" \/>\n<meta property=\"og:locale\" content=\"pt_BR\" \/>\n<meta property=\"og:type\" content=\"article\" \/>\n<meta property=\"og:title\" content=\"Produtores decidem formar nova cooperativa de suinocultores - Folha Popular\" \/>\n<meta property=\"og:description\" content=\"A Cooperativa dos Suinocultores dos Vales (Coosuval) foi apresentada \u00e0 imprensa em coletiva na manh\u00e3 desta sexta-feira (30\/6), em sala cedida pela Sicredi Ouro Branco em Teut\u00f4nia. Um total de 36 produtores assinaram a ata de funda\u00e7\u00e3o no dia 23 de junho (sexta-feira passada), com apoio da Ocergs e de outras cooperativas da cidade. O [&hellip;]\" \/>\n<meta property=\"og:url\" content=\"https:\/\/folhapopular.info\/index.php\/2023\/06\/30\/produtores-decidem-formar-nova-cooperativa-de-suinocultores\/\" \/>\n<meta property=\"og:site_name\" content=\"Folha Popular\" \/>\n<meta property=\"article:published_time\" content=\"2023-06-30T17:53:05+00:00\" \/>\n<meta property=\"article:modified_time\" content=\"2023-06-30T17:53:08+00:00\" \/>\n<meta property=\"og:image\" content=\"http:\/\/folhapopular.info\/wp-content\/uploads\/2023\/06\/IMG_3443-scaled.jpg\" \/>\n\t<meta property=\"og:image:width\" content=\"2560\" \/>\n\t<meta property=\"og:image:height\" content=\"1920\" \/>\n\t<meta property=\"og:image:type\" content=\"image\/jpeg\" \/>\n<meta name=\"author\" content=\"Lucas Leandro Brune\" \/>\n<meta name=\"twitter:card\" content=\"summary_large_image\" \/>\n<meta name=\"twitter:label1\" content=\"Escrito por\" \/>\n\t<meta name=\"twitter:data1\" content=\"Lucas Leandro Brune\" \/>\n\t<meta name=\"twitter:label2\" content=\"Est. tempo de leitura\" \/>\n\t<meta name=\"twitter:data2\" content=\"2 minutos\" \/>\n<script type=\"application\/ld+json\" class=\"yoast-schema-graph\">{\"@context\":\"https:\\\/\\\/schema.org\",\"@graph\":[{\"@type\":\"Article\",\"@id\":\"https:\\\/\\\/folhapopular.info\\\/index.php\\\/2023\\\/06\\\/30\\\/produtores-decidem-formar-nova-cooperativa-de-suinocultores\\\/#article\",\"isPartOf\":{\"@id\":\"https:\\\/\\\/folhapopular.info\\\/index.php\\\/2023\\\/06\\\/30\\\/produtores-decidem-formar-nova-cooperativa-de-suinocultores\\\/\"},\"author\":{\"name\":\"Lucas Leandro Brune\",\"@id\":\"https:\\\/\\\/folhapopular.info\\\/#\\\/schema\\\/person\\\/533a15f60cd49e81ab3a90b4ca33cb36\"},\"headline\":\"Produtores decidem formar nova cooperativa de suinocultores\",\"datePublished\":\"2023-06-30T17:53:05+00:00\",\"dateModified\":\"2023-06-30T17:53:08+00:00\",\"mainEntityOfPage\":{\"@id\":\"https:\\\/\\\/folhapopular.info\\\/index.php\\\/2023\\\/06\\\/30\\\/produtores-decidem-formar-nova-cooperativa-de-suinocultores\\\/\"},\"wordCount\":390,\"commentCount\":0,\"image\":{\"@id\":\"https:\\\/\\\/folhapopular.info\\\/index.php\\\/2023\\\/06\\\/30\\\/produtores-decidem-formar-nova-cooperativa-de-suinocultores\\\/#primaryimage\"},\"thumbnailUrl\":\"https:\\\/\\\/folhapopular.info\\\/wp-content\\\/uploads\\\/2023\\\/06\\\/IMG_3443-scaled.jpg\",\"keywords\":[\"Teut\u00f4nia\",\"Vale do Taquari\"],\"articleSection\":[\"Coopop\",\"Destaques\",\"Economia\"],\"inLanguage\":\"pt-BR\",\"potentialAction\":[{\"@type\":\"CommentAction\",\"name\":\"Comment\",\"target\":[\"https:\\\/\\\/folhapopular.info\\\/index.php\\\/2023\\\/06\\\/30\\\/produtores-decidem-formar-nova-cooperativa-de-suinocultores\\\/#respond\"]}]},{\"@type\":\"WebPage\",\"@id\":\"https:\\\/\\\/folhapopular.info\\\/index.php\\\/2023\\\/06\\\/30\\\/produtores-decidem-formar-nova-cooperativa-de-suinocultores\\\/\",\"url\":\"https:\\\/\\\/folhapopular.info\\\/index.php\\\/2023\\\/06\\\/30\\\/produtores-decidem-formar-nova-cooperativa-de-suinocultores\\\/\",\"name\":\"Produtores decidem formar nova cooperativa de suinocultores - Folha Popular\",\"isPartOf\":{\"@id\":\"https:\\\/\\\/folhapopular.info\\\/#website\"},\"primaryImageOfPage\":{\"@id\":\"https:\\\/\\\/folhapopular.info\\\/index.php\\\/2023\\\/06\\\/30\\\/produtores-decidem-formar-nova-cooperativa-de-suinocultores\\\/#primaryimage\"},\"image\":{\"@id\":\"https:\\\/\\\/folhapopular.info\\\/index.php\\\/2023\\\/06\\\/30\\\/produtores-decidem-formar-nova-cooperativa-de-suinocultores\\\/#primaryimage\"},\"thumbnailUrl\":\"https:\\\/\\\/folhapopular.info\\\/wp-content\\\/uploads\\\/2023\\\/06\\\/IMG_3443-scaled.jpg\",\"datePublished\":\"2023-06-30T17:53:05+00:00\",\"dateModified\":\"2023-06-30T17:53:08+00:00\",\"author\":{\"@id\":\"https:\\\/\\\/folhapopular.info\\\/#\\\/schema\\\/person\\\/533a15f60cd49e81ab3a90b4ca33cb36\"},\"breadcrumb\":{\"@id\":\"https:\\\/\\\/folhapopular.info\\\/index.php\\\/2023\\\/06\\\/30\\\/produtores-decidem-formar-nova-cooperativa-de-suinocultores\\\/#breadcrumb\"},\"inLanguage\":\"pt-BR\",\"potentialAction\":[{\"@type\":\"ReadAction\",\"target\":[\"https:\\\/\\\/folhapopular.info\\\/index.php\\\/2023\\\/06\\\/30\\\/produtores-decidem-formar-nova-cooperativa-de-suinocultores\\\/\"]}]},{\"@type\":\"ImageObject\",\"inLanguage\":\"pt-BR\",\"@id\":\"https:\\\/\\\/folhapopular.info\\\/index.php\\\/2023\\\/06\\\/30\\\/produtores-decidem-formar-nova-cooperativa-de-suinocultores\\\/#primaryimage\",\"url\":\"https:\\\/\\\/folhapopular.info\\\/wp-content\\\/uploads\\\/2023\\\/06\\\/IMG_3443-scaled.jpg\",\"contentUrl\":\"https:\\\/\\\/folhapopular.info\\\/wp-content\\\/uploads\\\/2023\\\/06\\\/IMG_3443-scaled.jpg\",\"width\":2560,\"height\":1920,\"caption\":\"Airton Wessel (e), Luiz Bayer (c) e Jonas Schneider \\\/\\\/ Cr\u00e9dito: Lucas Leandro Brune\"},{\"@type\":\"BreadcrumbList\",\"@id\":\"https:\\\/\\\/folhapopular.info\\\/index.php\\\/2023\\\/06\\\/30\\\/produtores-decidem-formar-nova-cooperativa-de-suinocultores\\\/#breadcrumb\",\"itemListElement\":[{\"@type\":\"ListItem\",\"position\":1,\"name\":\"In\u00edcio\",\"item\":\"https:\\\/\\\/folhapopular.info\\\/\"},{\"@type\":\"ListItem\",\"position\":2,\"name\":\"Produtores decidem formar nova cooperativa de suinocultores\"}]},{\"@type\":\"WebSite\",\"@id\":\"https:\\\/\\\/folhapopular.info\\\/#website\",\"url\":\"https:\\\/\\\/folhapopular.info\\\/\",\"name\":\"Folha Popular\",\"description\":\"Onde voc\u00ea tem vez e voz\",\"potentialAction\":[{\"@type\":\"SearchAction\",\"target\":{\"@type\":\"EntryPoint\",\"urlTemplate\":\"https:\\\/\\\/folhapopular.info\\\/?s={search_term_string}\"},\"query-input\":{\"@type\":\"PropertyValueSpecification\",\"valueRequired\":true,\"valueName\":\"search_term_string\"}}],\"inLanguage\":\"pt-BR\"},{\"@type\":\"Person\",\"@id\":\"https:\\\/\\\/folhapopular.info\\\/#\\\/schema\\\/person\\\/533a15f60cd49e81ab3a90b4ca33cb36\",\"name\":\"Lucas Leandro Brune\",\"image\":{\"@type\":\"ImageObject\",\"inLanguage\":\"pt-BR\",\"@id\":\"https:\\\/\\\/folhapopular.info\\\/wp-content\\\/uploads\\\/2026\\\/04\\\/LUCAS-1-1.webp\",\"url\":\"https:\\\/\\\/folhapopular.info\\\/wp-content\\\/uploads\\\/2026\\\/04\\\/LUCAS-1-1.webp\",\"contentUrl\":\"https:\\\/\\\/folhapopular.info\\\/wp-content\\\/uploads\\\/2026\\\/04\\\/LUCAS-1-1.webp\",\"caption\":\"Lucas Leandro Brune\"},\"description\":\"Jornalista Profissional Diplomado MTB\\\/RS 14.333\",\"url\":\"https:\\\/\\\/folhapopular.info\\\/index.php\\\/author\\\/lucas-brune\\\/\"}]}<\/script>\n<!-- \/ Yoast SEO plugin. -->","yoast_head_json":{"title":"Produtores decidem formar nova cooperativa de suinocultores - Folha Popular","robots":{"index":"index","follow":"follow","max-snippet":"max-snippet:-1","max-image-preview":"max-image-preview:large","max-video-preview":"max-video-preview:-1"},"canonical":"https:\/\/folhapopular.info\/index.php\/2023\/06\/30\/produtores-decidem-formar-nova-cooperativa-de-suinocultores\/","og_locale":"pt_BR","og_type":"article","og_title":"Produtores decidem formar nova cooperativa de suinocultores - Folha Popular","og_description":"A Cooperativa dos Suinocultores dos Vales (Coosuval) foi apresentada \u00e0 imprensa em coletiva na manh\u00e3 desta sexta-feira (30\/6), em sala cedida pela Sicredi Ouro Branco em Teut\u00f4nia. Um total de 36 produtores assinaram a ata de funda\u00e7\u00e3o no dia 23 de junho (sexta-feira passada), com apoio da Ocergs e de outras cooperativas da cidade. O [&hellip;]","og_url":"https:\/\/folhapopular.info\/index.php\/2023\/06\/30\/produtores-decidem-formar-nova-cooperativa-de-suinocultores\/","og_site_name":"Folha Popular","article_published_time":"2023-06-30T17:53:05+00:00","article_modified_time":"2023-06-30T17:53:08+00:00","og_image":[{"width":2560,"height":1920,"url":"http:\/\/folhapopular.info\/wp-content\/uploads\/2023\/06\/IMG_3443-scaled.jpg","type":"image\/jpeg"}],"author":"Lucas Leandro Brune","twitter_card":"summary_large_image","twitter_misc":{"Escrito por":"Lucas Leandro Brune","Est. tempo de leitura":"2 minutos"},"schema":{"@context":"https:\/\/schema.org","@graph":[{"@type":"Article","@id":"https:\/\/folhapopular.info\/index.php\/2023\/06\/30\/produtores-decidem-formar-nova-cooperativa-de-suinocultores\/#article","isPartOf":{"@id":"https:\/\/folhapopular.info\/index.php\/2023\/06\/30\/produtores-decidem-formar-nova-cooperativa-de-suinocultores\/"},"author":{"name":"Lucas Leandro Brune","@id":"https:\/\/folhapopular.info\/#\/schema\/person\/533a15f60cd49e81ab3a90b4ca33cb36"},"headline":"Produtores decidem formar nova cooperativa de suinocultores","datePublished":"2023-06-30T17:53:05+00:00","dateModified":"2023-06-30T17:53:08+00:00","mainEntityOfPage":{"@id":"https:\/\/folhapopular.info\/index.php\/2023\/06\/30\/produtores-decidem-formar-nova-cooperativa-de-suinocultores\/"},"wordCount":390,"commentCount":0,"image":{"@id":"https:\/\/folhapopular.info\/index.php\/2023\/06\/30\/produtores-decidem-formar-nova-cooperativa-de-suinocultores\/#primaryimage"},"thumbnailUrl":"https:\/\/folhapopular.info\/wp-content\/uploads\/2023\/06\/IMG_3443-scaled.jpg","keywords":["Teut\u00f4nia","Vale do Taquari"],"articleSection":["Coopop","Destaques","Economia"],"inLanguage":"pt-BR","potentialAction":[{"@type":"CommentAction","name":"Comment","target":["https:\/\/folhapopular.info\/index.php\/2023\/06\/30\/produtores-decidem-formar-nova-cooperativa-de-suinocultores\/#respond"]}]},{"@type":"WebPage","@id":"https:\/\/folhapopular.info\/index.php\/2023\/06\/30\/produtores-decidem-formar-nova-cooperativa-de-suinocultores\/","url":"https:\/\/folhapopular.info\/index.php\/2023\/06\/30\/produtores-decidem-formar-nova-cooperativa-de-suinocultores\/","name":"Produtores decidem formar nova cooperativa de suinocultores - Folha Popular","isPartOf":{"@id":"https:\/\/folhapopular.info\/#website"},"primaryImageOfPage":{"@id":"https:\/\/folhapopular.info\/index.php\/2023\/06\/30\/produtores-decidem-formar-nova-cooperativa-de-suinocultores\/#primaryimage"},"image":{"@id":"https:\/\/folhapopular.info\/index.php\/2023\/06\/30\/produtores-decidem-formar-nova-cooperativa-de-suinocultores\/#primaryimage"},"thumbnailUrl":"https:\/\/folhapopular.info\/wp-content\/uploads\/2023\/06\/IMG_3443-scaled.jpg","datePublished":"2023-06-30T17:53:05+00:00","dateModified":"2023-06-30T17:53:08+00:00","author":{"@id":"https:\/\/folhapopular.info\/#\/schema\/person\/533a15f60cd49e81ab3a90b4ca33cb36"},"breadcrumb":{"@id":"https:\/\/folhapopular.info\/index.php\/2023\/06\/30\/produtores-decidem-formar-nova-cooperativa-de-suinocultores\/#breadcrumb"},"inLanguage":"pt-BR","potentialAction":[{"@type":"ReadAction","target":["https:\/\/folhapopular.info\/index.php\/2023\/06\/30\/produtores-decidem-formar-nova-cooperativa-de-suinocultores\/"]}]},{"@type":"ImageObject","inLanguage":"pt-BR","@id":"https:\/\/folhapopular.info\/index.php\/2023\/06\/30\/produtores-decidem-formar-nova-cooperativa-de-suinocultores\/#primaryimage","url":"https:\/\/folhapopular.info\/wp-content\/uploads\/2023\/06\/IMG_3443-scaled.jpg","contentUrl":"https:\/\/folhapopular.info\/wp-content\/uploads\/2023\/06\/IMG_3443-scaled.jpg","width":2560,"height":1920,"caption":"Airton Wessel (e), Luiz Bayer (c) e Jonas Schneider \/\/ Cr\u00e9dito: Lucas Leandro Brune"},{"@type":"BreadcrumbList","@id":"https:\/\/folhapopular.info\/index.php\/2023\/06\/30\/produtores-decidem-formar-nova-cooperativa-de-suinocultores\/#breadcrumb","itemListElement":[{"@type":"ListItem","position":1,"name":"In\u00edcio","item":"https:\/\/folhapopular.info\/"},{"@type":"ListItem","position":2,"name":"Produtores decidem formar nova cooperativa de suinocultores"}]},{"@type":"WebSite","@id":"https:\/\/folhapopular.info\/#website","url":"https:\/\/folhapopular.info\/","name":"Folha Popular","description":"Onde voc\u00ea tem vez e voz","potentialAction":[{"@type":"SearchAction","target":{"@type":"EntryPoint","urlTemplate":"https:\/\/folhapopular.info\/?s={search_term_string}"},"query-input":{"@type":"PropertyValueSpecification","valueRequired":true,"valueName":"search_term_string"}}],"inLanguage":"pt-BR"},{"@type":"Person","@id":"https:\/\/folhapopular.info\/#\/schema\/person\/533a15f60cd49e81ab3a90b4ca33cb36","name":"Lucas Leandro Brune","image":{"@type":"ImageObject","inLanguage":"pt-BR","@id":"https:\/\/folhapopular.info\/wp-content\/uploads\/2026\/04\/LUCAS-1-1.webp","url":"https:\/\/folhapopular.info\/wp-content\/uploads\/2026\/04\/LUCAS-1-1.webp","contentUrl":"https:\/\/folhapopular.info\/wp-content\/uploads\/2026\/04\/LUCAS-1-1.webp","caption":"Lucas Leandro Brune"},"description":"Jornalista Profissional Diplomado MTB\/RS 14.333","url":"https:\/\/folhapopular.info\/index.php\/author\/lucas-brune\/"}]}},"jetpack_featured_media_url":"https:\/\/folhapopular.info\/wp-content\/uploads\/2023\/06\/IMG_3443-scaled.jpg","jetpack_sharing_enabled":true,"amp_enabled":true,"_links":{"self":[{"href":"https:\/\/folhapopular.info\/index.php\/wp-json\/wp\/v2\/posts\/131547","targetHints":{"allow":["GET"]}}],"collection":[{"href":"https:\/\/folhapopular.info\/index.php\/wp-json\/wp\/v2\/posts"}],"about":[{"href":"https:\/\/folhapopular.info\/index.php\/wp-json\/wp\/v2\/types\/post"}],"author":[{"embeddable":true,"href":"https:\/\/folhapopular.info\/index.php\/wp-json\/wp\/v2\/users\/7"}],"replies":[{"embeddable":true,"href":"https:\/\/folhapopular.info\/index.php\/wp-json\/wp\/v2\/comments?post=131547"}],"version-history":[{"count":0,"href":"https:\/\/folhapopular.info\/index.php\/wp-json\/wp\/v2\/posts\/131547\/revisions"}],"wp:featuredmedia":[{"embeddable":true,"href":"https:\/\/folhapopular.info\/index.php\/wp-json\/wp\/v2\/media\/131548"}],"wp:attachment":[{"href":"https:\/\/folhapopular.info\/index.php\/wp-json\/wp\/v2\/media?parent=131547"}],"wp:term":[{"taxonomy":"category","embeddable":true,"href":"https:\/\/folhapopular.info\/index.php\/wp-json\/wp\/v2\/categories?post=131547"},{"taxonomy":"post_tag","embeddable":true,"href":"https:\/\/folhapopular.info\/index.php\/wp-json\/wp\/v2\/tags?post=131547"}],"curies":[{"name":"wp","href":"https:\/\/api.w.org\/{rel}","templated":true}]}}