{"id":131809,"date":"2023-07-05T10:16:38","date_gmt":"2023-07-05T13:16:38","guid":{"rendered":"https:\/\/folhapopular.info\/?p=131809"},"modified":"2023-07-05T10:16:42","modified_gmt":"2023-07-05T13:16:42","slug":"cram-de-lajeado-muda-de-endereco-e-rede-de-enfrentamento-se-posiciona-contraria","status":"publish","type":"post","link":"https:\/\/folhapopular.info\/index.php\/2023\/07\/05\/cram-de-lajeado-muda-de-endereco-e-rede-de-enfrentamento-se-posiciona-contraria\/","title":{"rendered":"Cram de Lajeado muda de endere\u00e7o e rede de enfrentamento se posiciona contr\u00e1ria"},"content":{"rendered":"\n<p>O Centro de Refer\u00eancia em Atendimento \u00e0 Mulher (Cram) de Lajeado atender\u00e1 em casa nova. O servi\u00e7o de atendimento especializado com mulheres v\u00edtimas de viol\u00eancia passar\u00e1 a ser prestado junto ao Centro de Refer\u00eancia Especializada de Assist\u00eancia Social (Creas), que fica na Rua Jo\u00e3o Abott, n\u00ba 484, no Centro.<\/p>\n\n\n\n<p>Com a proposta, segundo a Prefeitura, al\u00e9m da estrutura de atendimento j\u00e1 existente, o Cram passar\u00e1 a contar com um servi\u00e7o de Psicologia cinco vezes maior, uma vez que o trabalho passar\u00e1 de 4 horas semanais para 20 horas semanais, qualificando o atendimento das mulheres que buscam o servi\u00e7o. <\/p>\n\n\n\n<p>A equipe ser\u00e1 formada pela coordenadora geral Leila Rodrigues Ponciano (assistente social), coordenadora t\u00e9cnica Aline Rodrigues Flores (assistente social), psic\u00f3loga Andr\u00e9a Sp\u00edndola e um assessor jur\u00eddico, que est\u00e1 sendo contratado e deve iniciar o trabalho na pr\u00f3xima semana.\u00a0<\/p>\n\n\n\n<p>A mudan\u00e7a tamb\u00e9m permitir\u00e1 concentrar os atendimentos \u00e0s mulheres e a seus filhos no mesmo espa\u00e7o f\u00edsico, sem a necessidade de deslocamento por parte das v\u00edtimas.<\/p>\n\n\n\n<p>Conforme a titular da Secretaria de Desenvolvimento Social do munic\u00edpio (SMDS), C\u00e9ci Gerlach, ao ampliar o servi\u00e7o e integr\u00e1-lo ao Creas, estas mulheres tamb\u00e9m poder\u00e3o ter o atendimento dos filhos mais perto. &#8220;Hoje, elas precisam se deslocar entre servi\u00e7os para que seus filhos tamb\u00e9m tenham um encaminhamento, e agora isso ser\u00e1 facilitado. A\u00a0pol\u00edtica de assist\u00eancia social tem como centralidade o atendimento \u00e0 fam\u00edlia, e se considerarmos que a viol\u00eancia contra a mulher afeta todo o grupo familiar, incluindo, na maioria das vezes, crian\u00e7as e adolescentes, trazer o atendimento dessa demanda para a SMDS vem ao encontro da oferta de um servi\u00e7o que atenda a fam\u00edlia na sua integralidade&#8221;, exploca.<\/p>\n\n\n\n<h2 class=\"wp-block-heading\"><strong>Apresenta\u00e7\u00e3o da proposta<\/strong><\/h2>\n\n\n\n<p>As mudan\u00e7as foram apresentadas\u00a0\u00e0 Rede de Enfrentamento \u00e0 Viol\u00eancia Contra a Mulher\u00a0em reuni\u00e3o realizada na manh\u00e3 desta ter\u00e7a-feira (4\/7). No encontro, foi abordado o per\u00edodo de transi\u00e7\u00e3o do servi\u00e7o e o funcionamento do setor dentro da SMDS, que passar\u00e1 a ser respons\u00e1vel pelo atendimento das\u00a0demandas de viol\u00eancia contra a mulher. <\/p>\n\n\n\n<p>As altera\u00e7\u00f5es j\u00e1 vinham sendo abordadas em reuni\u00f5es entre a administra\u00e7\u00e3o e integrantes da\u00a0rede, com o objetivo de qualificar e ampliar o atendimento destas mulheres. Em 2022, o Cram atendeu 46 mulheres ao longo do ano, sendo que, dependendo do caso, a v\u00edtima recebe dois ou mais atendimentos.<\/p>\n\n\n\n<h3 class=\"wp-block-heading\"><strong>Nota de rep\u00fadio<\/strong><\/h3>\n\n\n\n<p>Por\u00e9m, ainda durante a ter\u00e7a-feira, a Rede de Enfrentamento \u00e0 Viol\u00eancia Contra a Mulher de Lajeado emitiu nota de rep\u00fadio sobre a perda da sede espec\u00edfica para o servi\u00e7o. Confira:<\/p>\n\n\n\n<p><em>A Rede de Enfrentamento \u00e0 Viol\u00eancia Contra a Mulher de Lajeado, nesta data, em reuni\u00e3o mensal, foi comunicada pela gest\u00e3o municipal que o CRAM (Centro de Refer\u00eancia de Atendimento \u00e0 Mulher) n\u00e3o ter\u00e1 mais pr\u00e9dio espec\u00edfico para o atendimento \u00e0s mulheres e funcionar\u00e1 juntamente ao servi\u00e7o do CREAS (Centro de Refer\u00eancia Especializado de Assist\u00eancia Social). <\/em><\/p>\n\n\n\n<p><em>A equipe t\u00e9cnica de refer\u00eancia do CRAM, que atuava at\u00e9 a semana passada, foi destitu\u00edda e n\u00e3o h\u00e1, at\u00e9 o momento, nova equipe para atender a demanda da viol\u00eancia contra a mulher.<\/em><\/p>\n\n\n\n<p><em>Representantes desta Rede j\u00e1 participaram de reuni\u00f5es com a gest\u00e3o e foi amplamente justificada a necessidade de uma pol\u00edtica p\u00fablica espec\u00edfica para a mulher e que o CRAM precisava ser fortalecido, com mais profissionais e com maior carga hor\u00e1ria para os atendimentos.<\/em><\/p>\n\n\n\n<p><em>Diante disso, esta Rede entendeu como um verdadeiro retrocesso a informa\u00e7\u00e3o recebida no dia de hoje e repudia com veem\u00eancia tal trato com uma pol\u00edtica t\u00e3o importante para enfrentar a viol\u00eancia contra a Mulher.<\/em><\/p>\n\n\n\n<p><em>Perder o espa\u00e7o f\u00edsico de atendimento \u00e0s mulheres representa um grande risco \u00e0 vida dessas v\u00edtimas, tendo em vista que ser\u00e3o atendidas no mesmo espa\u00e7o em que se atende o agressor, contrariando todas as normas buscadas com lutas hist\u00f3ricas de prote\u00e7\u00e3o \u00e0s mulheres.<\/em><\/p>\n\n\n\n<p><em>O fato da gest\u00e3o n\u00e3o apresentar para a Rede a nova equipe, com a carga hor\u00e1ria necess\u00e1ria e sugerida reiteradamente por esta Rede, \u00e9 inacredit\u00e1vel e demonstra um grande descaso com um assunto t\u00e3o s\u00e9rio.<\/em><\/p>\n\n\n\n<p><em>Dessa forma, esta Rede formada por representantes de diversos servi\u00e7os e entidades com relev\u00e2ncia na defesa dos direitos humanos das mulheres, manifesta o seu rep\u00fadio total ao desmonte da pol\u00edtica p\u00fablica CRAM e demonstra \u00e0 comunidade lajeadense e regional, a sua perplexidade.<\/em><\/p>\n\n\n\n<p><em>O CRAM precisa continuar existindo de forma aut\u00f4noma e com o apoio e respeito que as mulheres deste munic\u00edpio merecem. Seguiremos lutando para que o CRAM continue existindo com a for\u00e7a de uma pol\u00edtica p\u00fablica essencial e n\u00e3o como um servi\u00e7o coadjuvante.<\/em><\/p>\n\n\n\n<p><\/p>\n","protected":false},"excerpt":{"rendered":"<p>O Centro de Refer\u00eancia em Atendimento \u00e0 Mulher (Cram) de Lajeado atender\u00e1 em casa nova. O servi\u00e7o de atendimento especializado com mulheres v\u00edtimas de viol\u00eancia passar\u00e1 a ser prestado junto ao Centro de Refer\u00eancia Especializada de Assist\u00eancia Social (Creas), que fica na Rua Jo\u00e3o Abott, n\u00ba 484, no Centro. Com a proposta, segundo a Prefeitura, [&hellip;]<\/p>\n","protected":false},"author":8,"featured_media":131810,"comment_status":"open","ping_status":"open","sticky":false,"template":"","format":"standard","meta":{"pmpro_default_level":"","_jetpack_memberships_contains_paid_content":false,"footnotes":""},"categories":[2,3,11091],"tags":[12589,6283,10521,1685],"class_list":{"0":"post-131809","1":"post","2":"type-post","3":"status-publish","4":"format-standard","5":"has-post-thumbnail","7":"category-featured","8":"category-geral","9":"category-servicos","10":"tag-atendimento-a-mulher","11":"tag-centro-de-referencia-em-atendimento-a-mulher","12":"tag-cram-lajeado","13":"tag-creas","14":"pmpro-has-access"},"yoast_head":"<!-- This site is optimized with the Yoast SEO plugin v27.5 - https:\/\/yoast.com\/product\/yoast-seo-wordpress\/ -->\n<title>Cram de Lajeado muda de endere\u00e7o e rede de enfrentamento se posiciona contr\u00e1ria - Folha Popular<\/title>\n<meta name=\"robots\" content=\"index, follow, max-snippet:-1, max-image-preview:large, max-video-preview:-1\" \/>\n<link rel=\"canonical\" href=\"https:\/\/folhapopular.info\/index.php\/2023\/07\/05\/cram-de-lajeado-muda-de-endereco-e-rede-de-enfrentamento-se-posiciona-contraria\/\" \/>\n<meta property=\"og:locale\" content=\"pt_BR\" \/>\n<meta property=\"og:type\" content=\"article\" \/>\n<meta property=\"og:title\" content=\"Cram de Lajeado muda de endere\u00e7o e rede de enfrentamento se posiciona contr\u00e1ria - Folha Popular\" \/>\n<meta property=\"og:description\" content=\"O Centro de Refer\u00eancia em Atendimento \u00e0 Mulher (Cram) de Lajeado atender\u00e1 em casa nova. O servi\u00e7o de atendimento especializado com mulheres v\u00edtimas de viol\u00eancia passar\u00e1 a ser prestado junto ao Centro de Refer\u00eancia Especializada de Assist\u00eancia Social (Creas), que fica na Rua Jo\u00e3o Abott, n\u00ba 484, no Centro. Com a proposta, segundo a Prefeitura, [&hellip;]\" \/>\n<meta property=\"og:url\" content=\"https:\/\/folhapopular.info\/index.php\/2023\/07\/05\/cram-de-lajeado-muda-de-endereco-e-rede-de-enfrentamento-se-posiciona-contraria\/\" \/>\n<meta property=\"og:site_name\" content=\"Folha Popular\" \/>\n<meta property=\"article:published_time\" content=\"2023-07-05T13:16:38+00:00\" \/>\n<meta property=\"article:modified_time\" content=\"2023-07-05T13:16:42+00:00\" \/>\n<meta property=\"og:image\" content=\"http:\/\/folhapopular.info\/wp-content\/uploads\/2023\/07\/cram-lajeado.jpg\" \/>\n\t<meta property=\"og:image:width\" content=\"696\" \/>\n\t<meta property=\"og:image:height\" content=\"464\" \/>\n\t<meta property=\"og:image:type\" content=\"image\/jpeg\" \/>\n<meta name=\"author\" content=\"Reda\u00e7\u00e3o Folha Popular\" \/>\n<meta name=\"twitter:card\" content=\"summary_large_image\" \/>\n<meta name=\"twitter:label1\" content=\"Escrito por\" \/>\n\t<meta name=\"twitter:data1\" content=\"Reda\u00e7\u00e3o Folha Popular\" \/>\n\t<meta name=\"twitter:label2\" content=\"Est. tempo de leitura\" \/>\n\t<meta name=\"twitter:data2\" content=\"5 minutos\" \/>\n<script type=\"application\/ld+json\" class=\"yoast-schema-graph\">{\"@context\":\"https:\\\/\\\/schema.org\",\"@graph\":[{\"@type\":\"Article\",\"@id\":\"https:\\\/\\\/folhapopular.info\\\/index.php\\\/2023\\\/07\\\/05\\\/cram-de-lajeado-muda-de-endereco-e-rede-de-enfrentamento-se-posiciona-contraria\\\/#article\",\"isPartOf\":{\"@id\":\"https:\\\/\\\/folhapopular.info\\\/index.php\\\/2023\\\/07\\\/05\\\/cram-de-lajeado-muda-de-endereco-e-rede-de-enfrentamento-se-posiciona-contraria\\\/\"},\"author\":{\"name\":\"Reda\u00e7\u00e3o Folha Popular\",\"@id\":\"https:\\\/\\\/folhapopular.info\\\/#\\\/schema\\\/person\\\/2814e8a0df7643585a9ca38bc6eb9d4b\"},\"headline\":\"Cram de Lajeado muda de endere\u00e7o e rede de enfrentamento se posiciona contr\u00e1ria\",\"datePublished\":\"2023-07-05T13:16:38+00:00\",\"dateModified\":\"2023-07-05T13:16:42+00:00\",\"mainEntityOfPage\":{\"@id\":\"https:\\\/\\\/folhapopular.info\\\/index.php\\\/2023\\\/07\\\/05\\\/cram-de-lajeado-muda-de-endereco-e-rede-de-enfrentamento-se-posiciona-contraria\\\/\"},\"wordCount\":843,\"commentCount\":0,\"image\":{\"@id\":\"https:\\\/\\\/folhapopular.info\\\/index.php\\\/2023\\\/07\\\/05\\\/cram-de-lajeado-muda-de-endereco-e-rede-de-enfrentamento-se-posiciona-contraria\\\/#primaryimage\"},\"thumbnailUrl\":\"https:\\\/\\\/folhapopular.info\\\/wp-content\\\/uploads\\\/2023\\\/07\\\/cram-lajeado.jpg\",\"keywords\":[\"atendimento \u00e0 mulher\",\"Centro de Refer\u00eancia em Atendimento \u00e0 Mulher\",\"cram lajeado\",\"CREAS\"],\"articleSection\":[\"Destaques\",\"Geral\",\"Servi\u00e7os\"],\"inLanguage\":\"pt-BR\",\"potentialAction\":[{\"@type\":\"CommentAction\",\"name\":\"Comment\",\"target\":[\"https:\\\/\\\/folhapopular.info\\\/index.php\\\/2023\\\/07\\\/05\\\/cram-de-lajeado-muda-de-endereco-e-rede-de-enfrentamento-se-posiciona-contraria\\\/#respond\"]}]},{\"@type\":\"WebPage\",\"@id\":\"https:\\\/\\\/folhapopular.info\\\/index.php\\\/2023\\\/07\\\/05\\\/cram-de-lajeado-muda-de-endereco-e-rede-de-enfrentamento-se-posiciona-contraria\\\/\",\"url\":\"https:\\\/\\\/folhapopular.info\\\/index.php\\\/2023\\\/07\\\/05\\\/cram-de-lajeado-muda-de-endereco-e-rede-de-enfrentamento-se-posiciona-contraria\\\/\",\"name\":\"Cram de Lajeado muda de endere\u00e7o e rede de enfrentamento se posiciona contr\u00e1ria - Folha Popular\",\"isPartOf\":{\"@id\":\"https:\\\/\\\/folhapopular.info\\\/#website\"},\"primaryImageOfPage\":{\"@id\":\"https:\\\/\\\/folhapopular.info\\\/index.php\\\/2023\\\/07\\\/05\\\/cram-de-lajeado-muda-de-endereco-e-rede-de-enfrentamento-se-posiciona-contraria\\\/#primaryimage\"},\"image\":{\"@id\":\"https:\\\/\\\/folhapopular.info\\\/index.php\\\/2023\\\/07\\\/05\\\/cram-de-lajeado-muda-de-endereco-e-rede-de-enfrentamento-se-posiciona-contraria\\\/#primaryimage\"},\"thumbnailUrl\":\"https:\\\/\\\/folhapopular.info\\\/wp-content\\\/uploads\\\/2023\\\/07\\\/cram-lajeado.jpg\",\"datePublished\":\"2023-07-05T13:16:38+00:00\",\"dateModified\":\"2023-07-05T13:16:42+00:00\",\"author\":{\"@id\":\"https:\\\/\\\/folhapopular.info\\\/#\\\/schema\\\/person\\\/2814e8a0df7643585a9ca38bc6eb9d4b\"},\"breadcrumb\":{\"@id\":\"https:\\\/\\\/folhapopular.info\\\/index.php\\\/2023\\\/07\\\/05\\\/cram-de-lajeado-muda-de-endereco-e-rede-de-enfrentamento-se-posiciona-contraria\\\/#breadcrumb\"},\"inLanguage\":\"pt-BR\",\"potentialAction\":[{\"@type\":\"ReadAction\",\"target\":[\"https:\\\/\\\/folhapopular.info\\\/index.php\\\/2023\\\/07\\\/05\\\/cram-de-lajeado-muda-de-endereco-e-rede-de-enfrentamento-se-posiciona-contraria\\\/\"]}]},{\"@type\":\"ImageObject\",\"inLanguage\":\"pt-BR\",\"@id\":\"https:\\\/\\\/folhapopular.info\\\/index.php\\\/2023\\\/07\\\/05\\\/cram-de-lajeado-muda-de-endereco-e-rede-de-enfrentamento-se-posiciona-contraria\\\/#primaryimage\",\"url\":\"https:\\\/\\\/folhapopular.info\\\/wp-content\\\/uploads\\\/2023\\\/07\\\/cram-lajeado.jpg\",\"contentUrl\":\"https:\\\/\\\/folhapopular.info\\\/wp-content\\\/uploads\\\/2023\\\/07\\\/cram-lajeado.jpg\",\"width\":696,\"height\":464,\"caption\":\"Cr\u00e9dito: Divulga\u00e7\u00e3o\"},{\"@type\":\"BreadcrumbList\",\"@id\":\"https:\\\/\\\/folhapopular.info\\\/index.php\\\/2023\\\/07\\\/05\\\/cram-de-lajeado-muda-de-endereco-e-rede-de-enfrentamento-se-posiciona-contraria\\\/#breadcrumb\",\"itemListElement\":[{\"@type\":\"ListItem\",\"position\":1,\"name\":\"In\u00edcio\",\"item\":\"https:\\\/\\\/folhapopular.info\\\/\"},{\"@type\":\"ListItem\",\"position\":2,\"name\":\"Cram de Lajeado muda de endere\u00e7o e rede de enfrentamento se posiciona contr\u00e1ria\"}]},{\"@type\":\"WebSite\",\"@id\":\"https:\\\/\\\/folhapopular.info\\\/#website\",\"url\":\"https:\\\/\\\/folhapopular.info\\\/\",\"name\":\"Folha Popular\",\"description\":\"Onde voc\u00ea tem vez e voz\",\"potentialAction\":[{\"@type\":\"SearchAction\",\"target\":{\"@type\":\"EntryPoint\",\"urlTemplate\":\"https:\\\/\\\/folhapopular.info\\\/?s={search_term_string}\"},\"query-input\":{\"@type\":\"PropertyValueSpecification\",\"valueRequired\":true,\"valueName\":\"search_term_string\"}}],\"inLanguage\":\"pt-BR\"},{\"@type\":\"Person\",\"@id\":\"https:\\\/\\\/folhapopular.info\\\/#\\\/schema\\\/person\\\/2814e8a0df7643585a9ca38bc6eb9d4b\",\"name\":\"Reda\u00e7\u00e3o Folha Popular\",\"image\":{\"@type\":\"ImageObject\",\"inLanguage\":\"pt-BR\",\"@id\":\"https:\\\/\\\/folhapopular.info\\\/wp-content\\\/uploads\\\/2026\\\/04\\\/Folha-1.webp\",\"url\":\"https:\\\/\\\/folhapopular.info\\\/wp-content\\\/uploads\\\/2026\\\/04\\\/Folha-1.webp\",\"contentUrl\":\"https:\\\/\\\/folhapopular.info\\\/wp-content\\\/uploads\\\/2026\\\/04\\\/Folha-1.webp\",\"caption\":\"Reda\u00e7\u00e3o Folha Popular\"},\"url\":\"https:\\\/\\\/folhapopular.info\\\/index.php\\\/author\\\/redacao\\\/\"}]}<\/script>\n<!-- \/ Yoast SEO plugin. -->","yoast_head_json":{"title":"Cram de Lajeado muda de endere\u00e7o e rede de enfrentamento se posiciona contr\u00e1ria - Folha Popular","robots":{"index":"index","follow":"follow","max-snippet":"max-snippet:-1","max-image-preview":"max-image-preview:large","max-video-preview":"max-video-preview:-1"},"canonical":"https:\/\/folhapopular.info\/index.php\/2023\/07\/05\/cram-de-lajeado-muda-de-endereco-e-rede-de-enfrentamento-se-posiciona-contraria\/","og_locale":"pt_BR","og_type":"article","og_title":"Cram de Lajeado muda de endere\u00e7o e rede de enfrentamento se posiciona contr\u00e1ria - Folha Popular","og_description":"O Centro de Refer\u00eancia em Atendimento \u00e0 Mulher (Cram) de Lajeado atender\u00e1 em casa nova. O servi\u00e7o de atendimento especializado com mulheres v\u00edtimas de viol\u00eancia passar\u00e1 a ser prestado junto ao Centro de Refer\u00eancia Especializada de Assist\u00eancia Social (Creas), que fica na Rua Jo\u00e3o Abott, n\u00ba 484, no Centro. Com a proposta, segundo a Prefeitura, [&hellip;]","og_url":"https:\/\/folhapopular.info\/index.php\/2023\/07\/05\/cram-de-lajeado-muda-de-endereco-e-rede-de-enfrentamento-se-posiciona-contraria\/","og_site_name":"Folha Popular","article_published_time":"2023-07-05T13:16:38+00:00","article_modified_time":"2023-07-05T13:16:42+00:00","og_image":[{"width":696,"height":464,"url":"http:\/\/folhapopular.info\/wp-content\/uploads\/2023\/07\/cram-lajeado.jpg","type":"image\/jpeg"}],"author":"Reda\u00e7\u00e3o Folha Popular","twitter_card":"summary_large_image","twitter_misc":{"Escrito por":"Reda\u00e7\u00e3o Folha Popular","Est. tempo de leitura":"5 minutos"},"schema":{"@context":"https:\/\/schema.org","@graph":[{"@type":"Article","@id":"https:\/\/folhapopular.info\/index.php\/2023\/07\/05\/cram-de-lajeado-muda-de-endereco-e-rede-de-enfrentamento-se-posiciona-contraria\/#article","isPartOf":{"@id":"https:\/\/folhapopular.info\/index.php\/2023\/07\/05\/cram-de-lajeado-muda-de-endereco-e-rede-de-enfrentamento-se-posiciona-contraria\/"},"author":{"name":"Reda\u00e7\u00e3o Folha Popular","@id":"https:\/\/folhapopular.info\/#\/schema\/person\/2814e8a0df7643585a9ca38bc6eb9d4b"},"headline":"Cram de Lajeado muda de endere\u00e7o e rede de enfrentamento se posiciona contr\u00e1ria","datePublished":"2023-07-05T13:16:38+00:00","dateModified":"2023-07-05T13:16:42+00:00","mainEntityOfPage":{"@id":"https:\/\/folhapopular.info\/index.php\/2023\/07\/05\/cram-de-lajeado-muda-de-endereco-e-rede-de-enfrentamento-se-posiciona-contraria\/"},"wordCount":843,"commentCount":0,"image":{"@id":"https:\/\/folhapopular.info\/index.php\/2023\/07\/05\/cram-de-lajeado-muda-de-endereco-e-rede-de-enfrentamento-se-posiciona-contraria\/#primaryimage"},"thumbnailUrl":"https:\/\/folhapopular.info\/wp-content\/uploads\/2023\/07\/cram-lajeado.jpg","keywords":["atendimento \u00e0 mulher","Centro de Refer\u00eancia em Atendimento \u00e0 Mulher","cram lajeado","CREAS"],"articleSection":["Destaques","Geral","Servi\u00e7os"],"inLanguage":"pt-BR","potentialAction":[{"@type":"CommentAction","name":"Comment","target":["https:\/\/folhapopular.info\/index.php\/2023\/07\/05\/cram-de-lajeado-muda-de-endereco-e-rede-de-enfrentamento-se-posiciona-contraria\/#respond"]}]},{"@type":"WebPage","@id":"https:\/\/folhapopular.info\/index.php\/2023\/07\/05\/cram-de-lajeado-muda-de-endereco-e-rede-de-enfrentamento-se-posiciona-contraria\/","url":"https:\/\/folhapopular.info\/index.php\/2023\/07\/05\/cram-de-lajeado-muda-de-endereco-e-rede-de-enfrentamento-se-posiciona-contraria\/","name":"Cram de Lajeado muda de endere\u00e7o e rede de enfrentamento se posiciona contr\u00e1ria - Folha Popular","isPartOf":{"@id":"https:\/\/folhapopular.info\/#website"},"primaryImageOfPage":{"@id":"https:\/\/folhapopular.info\/index.php\/2023\/07\/05\/cram-de-lajeado-muda-de-endereco-e-rede-de-enfrentamento-se-posiciona-contraria\/#primaryimage"},"image":{"@id":"https:\/\/folhapopular.info\/index.php\/2023\/07\/05\/cram-de-lajeado-muda-de-endereco-e-rede-de-enfrentamento-se-posiciona-contraria\/#primaryimage"},"thumbnailUrl":"https:\/\/folhapopular.info\/wp-content\/uploads\/2023\/07\/cram-lajeado.jpg","datePublished":"2023-07-05T13:16:38+00:00","dateModified":"2023-07-05T13:16:42+00:00","author":{"@id":"https:\/\/folhapopular.info\/#\/schema\/person\/2814e8a0df7643585a9ca38bc6eb9d4b"},"breadcrumb":{"@id":"https:\/\/folhapopular.info\/index.php\/2023\/07\/05\/cram-de-lajeado-muda-de-endereco-e-rede-de-enfrentamento-se-posiciona-contraria\/#breadcrumb"},"inLanguage":"pt-BR","potentialAction":[{"@type":"ReadAction","target":["https:\/\/folhapopular.info\/index.php\/2023\/07\/05\/cram-de-lajeado-muda-de-endereco-e-rede-de-enfrentamento-se-posiciona-contraria\/"]}]},{"@type":"ImageObject","inLanguage":"pt-BR","@id":"https:\/\/folhapopular.info\/index.php\/2023\/07\/05\/cram-de-lajeado-muda-de-endereco-e-rede-de-enfrentamento-se-posiciona-contraria\/#primaryimage","url":"https:\/\/folhapopular.info\/wp-content\/uploads\/2023\/07\/cram-lajeado.jpg","contentUrl":"https:\/\/folhapopular.info\/wp-content\/uploads\/2023\/07\/cram-lajeado.jpg","width":696,"height":464,"caption":"Cr\u00e9dito: Divulga\u00e7\u00e3o"},{"@type":"BreadcrumbList","@id":"https:\/\/folhapopular.info\/index.php\/2023\/07\/05\/cram-de-lajeado-muda-de-endereco-e-rede-de-enfrentamento-se-posiciona-contraria\/#breadcrumb","itemListElement":[{"@type":"ListItem","position":1,"name":"In\u00edcio","item":"https:\/\/folhapopular.info\/"},{"@type":"ListItem","position":2,"name":"Cram de Lajeado muda de endere\u00e7o e rede de enfrentamento se posiciona contr\u00e1ria"}]},{"@type":"WebSite","@id":"https:\/\/folhapopular.info\/#website","url":"https:\/\/folhapopular.info\/","name":"Folha Popular","description":"Onde voc\u00ea tem vez e voz","potentialAction":[{"@type":"SearchAction","target":{"@type":"EntryPoint","urlTemplate":"https:\/\/folhapopular.info\/?s={search_term_string}"},"query-input":{"@type":"PropertyValueSpecification","valueRequired":true,"valueName":"search_term_string"}}],"inLanguage":"pt-BR"},{"@type":"Person","@id":"https:\/\/folhapopular.info\/#\/schema\/person\/2814e8a0df7643585a9ca38bc6eb9d4b","name":"Reda\u00e7\u00e3o Folha Popular","image":{"@type":"ImageObject","inLanguage":"pt-BR","@id":"https:\/\/folhapopular.info\/wp-content\/uploads\/2026\/04\/Folha-1.webp","url":"https:\/\/folhapopular.info\/wp-content\/uploads\/2026\/04\/Folha-1.webp","contentUrl":"https:\/\/folhapopular.info\/wp-content\/uploads\/2026\/04\/Folha-1.webp","caption":"Reda\u00e7\u00e3o Folha Popular"},"url":"https:\/\/folhapopular.info\/index.php\/author\/redacao\/"}]}},"jetpack_featured_media_url":"https:\/\/folhapopular.info\/wp-content\/uploads\/2023\/07\/cram-lajeado.jpg","jetpack_sharing_enabled":true,"amp_enabled":true,"_links":{"self":[{"href":"https:\/\/folhapopular.info\/index.php\/wp-json\/wp\/v2\/posts\/131809","targetHints":{"allow":["GET"]}}],"collection":[{"href":"https:\/\/folhapopular.info\/index.php\/wp-json\/wp\/v2\/posts"}],"about":[{"href":"https:\/\/folhapopular.info\/index.php\/wp-json\/wp\/v2\/types\/post"}],"author":[{"embeddable":true,"href":"https:\/\/folhapopular.info\/index.php\/wp-json\/wp\/v2\/users\/8"}],"replies":[{"embeddable":true,"href":"https:\/\/folhapopular.info\/index.php\/wp-json\/wp\/v2\/comments?post=131809"}],"version-history":[{"count":0,"href":"https:\/\/folhapopular.info\/index.php\/wp-json\/wp\/v2\/posts\/131809\/revisions"}],"wp:featuredmedia":[{"embeddable":true,"href":"https:\/\/folhapopular.info\/index.php\/wp-json\/wp\/v2\/media\/131810"}],"wp:attachment":[{"href":"https:\/\/folhapopular.info\/index.php\/wp-json\/wp\/v2\/media?parent=131809"}],"wp:term":[{"taxonomy":"category","embeddable":true,"href":"https:\/\/folhapopular.info\/index.php\/wp-json\/wp\/v2\/categories?post=131809"},{"taxonomy":"post_tag","embeddable":true,"href":"https:\/\/folhapopular.info\/index.php\/wp-json\/wp\/v2\/tags?post=131809"}],"curies":[{"name":"wp","href":"https:\/\/api.w.org\/{rel}","templated":true}]}}