{"id":131830,"date":"2023-07-05T16:15:33","date_gmt":"2023-07-05T19:15:33","guid":{"rendered":"https:\/\/folhapopular.info\/?p=131830"},"modified":"2023-07-05T16:15:37","modified_gmt":"2023-07-05T19:15:37","slug":"orquestra-municipal-de-imigrante-lanca-turne-pela-alemanha-no-dia-19","status":"publish","type":"post","link":"https:\/\/folhapopular.info\/index.php\/2023\/07\/05\/orquestra-municipal-de-imigrante-lanca-turne-pela-alemanha-no-dia-19\/","title":{"rendered":"Orquestra Municipal de Imigrante lan\u00e7a turn\u00ea pela Alemanha no dia 19"},"content":{"rendered":"\n<p>O munic\u00edpio de Imigrante estar\u00e1 novamente representado na Alemanha, atrav\u00e9s da sua Orquestra Municipal. A viagem dos 21 integrantes acontece 10 anos depois da primeira turn\u00ea, e ocorre de 23 de julho at\u00e9 o dia 7 de agosto. Ao todo ser\u00e3o sete apresenta\u00e7\u00f5es em cidades da Baviera, Alta Sax\u00f4nia e Sax\u00f4nia.<\/p>\n\n\n\n<p>O projeto, aprovado pela Lei Rouanet, j\u00e1 conta com patroc\u00ednio da Metal\u00fargica Hassmann, STR Lajeado, Grupo Medical San e Biscoitos Klain. O repert\u00f3rio trar\u00e1 m\u00fasicas de grandes cl\u00e1ssicos brasileiros, incluindo \u201cAquarela do Brasil\u201d e \u201c\u00c1guas de Mar\u00e7o\u201d, rio-grandenses como \u201cC\u00e9u, Sol, Sul, Terra e Cor\u201d, de Leonardo, e latinos, como \u201cMercedita\u201d.<\/p>\n\n\n\n<p>Antes da viagem, ocorrer\u00e1 um evento de lan\u00e7amento da \u201cTurn\u00ea Orquestra Municipal de Imigrante na Alemanha\u201d, no Centro Comunit\u00e1rio Arroio da Seca, no dia 19 de julho, \u00e0s 19h30. As apresenta\u00e7\u00f5es ser\u00e3o registradas em v\u00eddeos e fotos e colocadas \u00e0 disposi\u00e7\u00e3o nas redes sociais e Youtube da Orquestra Municipal.<\/p>\n\n\n\n<p>Al\u00e9m da apresenta\u00e7\u00e3o musical, com o repert\u00f3rio a ser tocado durante a turn\u00ea, ser\u00e1 realizada uma conversa com os m\u00fasicos que representar\u00e3o o munic\u00edpio durante a viagem. Haver\u00e1 tamb\u00e9m a apresenta\u00e7\u00e3o da categoria mirim do grupo de dan\u00e7as Sonnenlicht.<\/p>\n\n\n\n<h2 class=\"wp-block-heading\"><strong>Apresenta\u00e7\u00f5es<\/strong><\/h2>\n\n\n\n<p>26\/7: Kohlberg \u2013 Baviera<br>27\/7: Hersbruck \u2013 Baviera<br>28\/7: Kirchensittenbach \u2013 Baviera<br>30\/7: Weiherhammer \u2013 Baviera<br>2\/8: Marktredwitz \u2013 Baviera<br>4\/8: Dessau-Ro\u00dflau \u2013 Alta Sax\u00f4nia<br>5\/8: Leipzig \u2013 Sax\u00f4nia<\/p>\n\n\n\n<h2 class=\"wp-block-heading\"><strong>Sobre a orquestra<\/strong><\/h2>\n\n\n\n<p>A Orquestra Municipal de Imigrante iniciou suas atividades em mar\u00e7o de 1993, sob a coordena\u00e7\u00e3o do maestro Astor Jair Dalferth. A distribui\u00e7\u00e3o instrumental \u00e9 de uma Big Band Standard, com naipes de saxofones, trompetes, trombones, apoiados r\u00edtmico e harmonicamente por teclados, percuss\u00e3o, guitarra e baixo. <\/p>\n\n\n\n<p>S\u00e3o apresenta\u00e7\u00f5es com instrumentistas, maestro e solistas de alto n\u00edvel, interpretando cl\u00e1ssicos da m\u00fasica brasileira, mundial e do cinema, num formato instrumental. O grupo realiza ensaios semanais e seus m\u00fasicos s\u00e3o formados em oficinas de m\u00fasica. <\/p>\n\n\n\n<p>Ao longo de sua trajet\u00f3ria, a orquestra realizou projetos pela Lei Rouanet e ProCultura, divulgando a m\u00fasica instrumental em v\u00e1rias cidades do Rio Grande do Sul. Em julho de 2013, realizou sua primeira turn\u00ea pela Alemanha, com nove concertos. Para essa viagem, gravou o CD Tour Alemanha 2013 com temas marcantes da trajet\u00f3ria do grupo.<\/p>\n\n\n\n<p>A Orquestra participou das grava\u00e7\u00f5es dos CD&#8217;s Imigrante M\u00fasica e Vida volume I, em 1996, e volume II, em 2003. Em 2004, para maior integra\u00e7\u00e3o do p\u00fablico, inseriu as artes c\u00eanicas (dan\u00e7a). Esse trabalho est\u00e1 sendo desenvolvido pela coreografa Leocardia Stapenhorst.<\/p>\n","protected":false},"excerpt":{"rendered":"<p>O munic\u00edpio de Imigrante estar\u00e1 novamente representado na Alemanha, atrav\u00e9s da sua Orquestra Municipal. A viagem dos 21 integrantes acontece 10 anos depois da primeira turn\u00ea, e ocorre de 23 de julho at\u00e9 o dia 7 de agosto. Ao todo ser\u00e3o sete apresenta\u00e7\u00f5es em cidades da Baviera, Alta Sax\u00f4nia e Sax\u00f4nia. O projeto, aprovado pela [&hellip;]<\/p>\n","protected":false},"author":8,"featured_media":131831,"comment_status":"open","ping_status":"open","sticky":false,"template":"","format":"standard","meta":{"pmpro_default_level":"","_jetpack_memberships_contains_paid_content":false,"footnotes":""},"categories":[10996,2,6],"tags":[1257,34,7392,5597],"class_list":{"0":"post-131830","1":"post","2":"type-post","3":"status-publish","4":"format-standard","5":"has-post-thumbnail","7":"category-cultura","8":"category-featured","9":"category-inclusive","10":"tag-alemanha","11":"tag-imigrante","12":"tag-orquestra-municipal-de-imigrante","13":"tag-turne","14":"pmpro-has-access"},"yoast_head":"<!-- This site is optimized with the Yoast SEO plugin v27.5 - https:\/\/yoast.com\/product\/yoast-seo-wordpress\/ -->\n<title>Orquestra Municipal de Imigrante lan\u00e7a turn\u00ea pela Alemanha no dia 19 - Folha Popular<\/title>\n<meta name=\"robots\" content=\"index, follow, max-snippet:-1, max-image-preview:large, max-video-preview:-1\" \/>\n<link rel=\"canonical\" href=\"https:\/\/folhapopular.info\/index.php\/2023\/07\/05\/orquestra-municipal-de-imigrante-lanca-turne-pela-alemanha-no-dia-19\/\" \/>\n<meta property=\"og:locale\" content=\"pt_BR\" \/>\n<meta property=\"og:type\" content=\"article\" \/>\n<meta property=\"og:title\" content=\"Orquestra Municipal de Imigrante lan\u00e7a turn\u00ea pela Alemanha no dia 19 - Folha Popular\" \/>\n<meta property=\"og:description\" content=\"O munic\u00edpio de Imigrante estar\u00e1 novamente representado na Alemanha, atrav\u00e9s da sua Orquestra Municipal. A viagem dos 21 integrantes acontece 10 anos depois da primeira turn\u00ea, e ocorre de 23 de julho at\u00e9 o dia 7 de agosto. Ao todo ser\u00e3o sete apresenta\u00e7\u00f5es em cidades da Baviera, Alta Sax\u00f4nia e Sax\u00f4nia. O projeto, aprovado pela [&hellip;]\" \/>\n<meta property=\"og:url\" content=\"https:\/\/folhapopular.info\/index.php\/2023\/07\/05\/orquestra-municipal-de-imigrante-lanca-turne-pela-alemanha-no-dia-19\/\" \/>\n<meta property=\"og:site_name\" content=\"Folha Popular\" \/>\n<meta property=\"article:published_time\" content=\"2023-07-05T19:15:33+00:00\" \/>\n<meta property=\"article:modified_time\" content=\"2023-07-05T19:15:37+00:00\" \/>\n<meta property=\"og:image\" content=\"http:\/\/folhapopular.info\/wp-content\/uploads\/2023\/07\/TURNE-OMI-4.jpg\" \/>\n\t<meta property=\"og:image:width\" content=\"2048\" \/>\n\t<meta property=\"og:image:height\" content=\"1369\" \/>\n\t<meta property=\"og:image:type\" content=\"image\/jpeg\" \/>\n<meta name=\"author\" content=\"Reda\u00e7\u00e3o Folha Popular\" \/>\n<meta name=\"twitter:card\" content=\"summary_large_image\" \/>\n<meta name=\"twitter:label1\" content=\"Escrito por\" \/>\n\t<meta name=\"twitter:data1\" content=\"Reda\u00e7\u00e3o Folha Popular\" \/>\n\t<meta name=\"twitter:label2\" content=\"Est. tempo de leitura\" \/>\n\t<meta name=\"twitter:data2\" content=\"3 minutos\" \/>\n<script type=\"application\/ld+json\" class=\"yoast-schema-graph\">{\"@context\":\"https:\\\/\\\/schema.org\",\"@graph\":[{\"@type\":\"Article\",\"@id\":\"https:\\\/\\\/folhapopular.info\\\/index.php\\\/2023\\\/07\\\/05\\\/orquestra-municipal-de-imigrante-lanca-turne-pela-alemanha-no-dia-19\\\/#article\",\"isPartOf\":{\"@id\":\"https:\\\/\\\/folhapopular.info\\\/index.php\\\/2023\\\/07\\\/05\\\/orquestra-municipal-de-imigrante-lanca-turne-pela-alemanha-no-dia-19\\\/\"},\"author\":{\"name\":\"Reda\u00e7\u00e3o Folha Popular\",\"@id\":\"https:\\\/\\\/folhapopular.info\\\/#\\\/schema\\\/person\\\/2814e8a0df7643585a9ca38bc6eb9d4b\"},\"headline\":\"Orquestra Municipal de Imigrante lan\u00e7a turn\u00ea pela Alemanha no dia 19\",\"datePublished\":\"2023-07-05T19:15:33+00:00\",\"dateModified\":\"2023-07-05T19:15:37+00:00\",\"mainEntityOfPage\":{\"@id\":\"https:\\\/\\\/folhapopular.info\\\/index.php\\\/2023\\\/07\\\/05\\\/orquestra-municipal-de-imigrante-lanca-turne-pela-alemanha-no-dia-19\\\/\"},\"wordCount\":440,\"commentCount\":0,\"image\":{\"@id\":\"https:\\\/\\\/folhapopular.info\\\/index.php\\\/2023\\\/07\\\/05\\\/orquestra-municipal-de-imigrante-lanca-turne-pela-alemanha-no-dia-19\\\/#primaryimage\"},\"thumbnailUrl\":\"https:\\\/\\\/folhapopular.info\\\/wp-content\\\/uploads\\\/2023\\\/07\\\/TURNE-OMI-4.jpg\",\"keywords\":[\"Alemanha\",\"Imigrante\",\"Orquestra Municipal de Imigrante\",\"Turn\u00ea\"],\"articleSection\":[\"Cultura\",\"Destaques\",\"Inclusive\"],\"inLanguage\":\"pt-BR\",\"potentialAction\":[{\"@type\":\"CommentAction\",\"name\":\"Comment\",\"target\":[\"https:\\\/\\\/folhapopular.info\\\/index.php\\\/2023\\\/07\\\/05\\\/orquestra-municipal-de-imigrante-lanca-turne-pela-alemanha-no-dia-19\\\/#respond\"]}]},{\"@type\":\"WebPage\",\"@id\":\"https:\\\/\\\/folhapopular.info\\\/index.php\\\/2023\\\/07\\\/05\\\/orquestra-municipal-de-imigrante-lanca-turne-pela-alemanha-no-dia-19\\\/\",\"url\":\"https:\\\/\\\/folhapopular.info\\\/index.php\\\/2023\\\/07\\\/05\\\/orquestra-municipal-de-imigrante-lanca-turne-pela-alemanha-no-dia-19\\\/\",\"name\":\"Orquestra Municipal de Imigrante lan\u00e7a turn\u00ea pela Alemanha no dia 19 - Folha Popular\",\"isPartOf\":{\"@id\":\"https:\\\/\\\/folhapopular.info\\\/#website\"},\"primaryImageOfPage\":{\"@id\":\"https:\\\/\\\/folhapopular.info\\\/index.php\\\/2023\\\/07\\\/05\\\/orquestra-municipal-de-imigrante-lanca-turne-pela-alemanha-no-dia-19\\\/#primaryimage\"},\"image\":{\"@id\":\"https:\\\/\\\/folhapopular.info\\\/index.php\\\/2023\\\/07\\\/05\\\/orquestra-municipal-de-imigrante-lanca-turne-pela-alemanha-no-dia-19\\\/#primaryimage\"},\"thumbnailUrl\":\"https:\\\/\\\/folhapopular.info\\\/wp-content\\\/uploads\\\/2023\\\/07\\\/TURNE-OMI-4.jpg\",\"datePublished\":\"2023-07-05T19:15:33+00:00\",\"dateModified\":\"2023-07-05T19:15:37+00:00\",\"author\":{\"@id\":\"https:\\\/\\\/folhapopular.info\\\/#\\\/schema\\\/person\\\/2814e8a0df7643585a9ca38bc6eb9d4b\"},\"breadcrumb\":{\"@id\":\"https:\\\/\\\/folhapopular.info\\\/index.php\\\/2023\\\/07\\\/05\\\/orquestra-municipal-de-imigrante-lanca-turne-pela-alemanha-no-dia-19\\\/#breadcrumb\"},\"inLanguage\":\"pt-BR\",\"potentialAction\":[{\"@type\":\"ReadAction\",\"target\":[\"https:\\\/\\\/folhapopular.info\\\/index.php\\\/2023\\\/07\\\/05\\\/orquestra-municipal-de-imigrante-lanca-turne-pela-alemanha-no-dia-19\\\/\"]}]},{\"@type\":\"ImageObject\",\"inLanguage\":\"pt-BR\",\"@id\":\"https:\\\/\\\/folhapopular.info\\\/index.php\\\/2023\\\/07\\\/05\\\/orquestra-municipal-de-imigrante-lanca-turne-pela-alemanha-no-dia-19\\\/#primaryimage\",\"url\":\"https:\\\/\\\/folhapopular.info\\\/wp-content\\\/uploads\\\/2023\\\/07\\\/TURNE-OMI-4.jpg\",\"contentUrl\":\"https:\\\/\\\/folhapopular.info\\\/wp-content\\\/uploads\\\/2023\\\/07\\\/TURNE-OMI-4.jpg\",\"width\":2048,\"height\":1369,\"caption\":\"Cr\u00e9dito: Cris Thom\u00e9 \\\/ AI Prefeitura de Imigrante\"},{\"@type\":\"BreadcrumbList\",\"@id\":\"https:\\\/\\\/folhapopular.info\\\/index.php\\\/2023\\\/07\\\/05\\\/orquestra-municipal-de-imigrante-lanca-turne-pela-alemanha-no-dia-19\\\/#breadcrumb\",\"itemListElement\":[{\"@type\":\"ListItem\",\"position\":1,\"name\":\"In\u00edcio\",\"item\":\"https:\\\/\\\/folhapopular.info\\\/\"},{\"@type\":\"ListItem\",\"position\":2,\"name\":\"Orquestra Municipal de Imigrante lan\u00e7a turn\u00ea pela Alemanha no dia 19\"}]},{\"@type\":\"WebSite\",\"@id\":\"https:\\\/\\\/folhapopular.info\\\/#website\",\"url\":\"https:\\\/\\\/folhapopular.info\\\/\",\"name\":\"Folha Popular\",\"description\":\"Onde voc\u00ea tem vez e voz\",\"potentialAction\":[{\"@type\":\"SearchAction\",\"target\":{\"@type\":\"EntryPoint\",\"urlTemplate\":\"https:\\\/\\\/folhapopular.info\\\/?s={search_term_string}\"},\"query-input\":{\"@type\":\"PropertyValueSpecification\",\"valueRequired\":true,\"valueName\":\"search_term_string\"}}],\"inLanguage\":\"pt-BR\"},{\"@type\":\"Person\",\"@id\":\"https:\\\/\\\/folhapopular.info\\\/#\\\/schema\\\/person\\\/2814e8a0df7643585a9ca38bc6eb9d4b\",\"name\":\"Reda\u00e7\u00e3o Folha Popular\",\"image\":{\"@type\":\"ImageObject\",\"inLanguage\":\"pt-BR\",\"@id\":\"https:\\\/\\\/folhapopular.info\\\/wp-content\\\/uploads\\\/2026\\\/04\\\/Folha-1.webp\",\"url\":\"https:\\\/\\\/folhapopular.info\\\/wp-content\\\/uploads\\\/2026\\\/04\\\/Folha-1.webp\",\"contentUrl\":\"https:\\\/\\\/folhapopular.info\\\/wp-content\\\/uploads\\\/2026\\\/04\\\/Folha-1.webp\",\"caption\":\"Reda\u00e7\u00e3o Folha Popular\"},\"url\":\"https:\\\/\\\/folhapopular.info\\\/index.php\\\/author\\\/redacao\\\/\"}]}<\/script>\n<!-- \/ Yoast SEO plugin. -->","yoast_head_json":{"title":"Orquestra Municipal de Imigrante lan\u00e7a turn\u00ea pela Alemanha no dia 19 - Folha Popular","robots":{"index":"index","follow":"follow","max-snippet":"max-snippet:-1","max-image-preview":"max-image-preview:large","max-video-preview":"max-video-preview:-1"},"canonical":"https:\/\/folhapopular.info\/index.php\/2023\/07\/05\/orquestra-municipal-de-imigrante-lanca-turne-pela-alemanha-no-dia-19\/","og_locale":"pt_BR","og_type":"article","og_title":"Orquestra Municipal de Imigrante lan\u00e7a turn\u00ea pela Alemanha no dia 19 - Folha Popular","og_description":"O munic\u00edpio de Imigrante estar\u00e1 novamente representado na Alemanha, atrav\u00e9s da sua Orquestra Municipal. A viagem dos 21 integrantes acontece 10 anos depois da primeira turn\u00ea, e ocorre de 23 de julho at\u00e9 o dia 7 de agosto. Ao todo ser\u00e3o sete apresenta\u00e7\u00f5es em cidades da Baviera, Alta Sax\u00f4nia e Sax\u00f4nia. O projeto, aprovado pela [&hellip;]","og_url":"https:\/\/folhapopular.info\/index.php\/2023\/07\/05\/orquestra-municipal-de-imigrante-lanca-turne-pela-alemanha-no-dia-19\/","og_site_name":"Folha Popular","article_published_time":"2023-07-05T19:15:33+00:00","article_modified_time":"2023-07-05T19:15:37+00:00","og_image":[{"width":2048,"height":1369,"url":"http:\/\/folhapopular.info\/wp-content\/uploads\/2023\/07\/TURNE-OMI-4.jpg","type":"image\/jpeg"}],"author":"Reda\u00e7\u00e3o Folha Popular","twitter_card":"summary_large_image","twitter_misc":{"Escrito por":"Reda\u00e7\u00e3o Folha Popular","Est. tempo de leitura":"3 minutos"},"schema":{"@context":"https:\/\/schema.org","@graph":[{"@type":"Article","@id":"https:\/\/folhapopular.info\/index.php\/2023\/07\/05\/orquestra-municipal-de-imigrante-lanca-turne-pela-alemanha-no-dia-19\/#article","isPartOf":{"@id":"https:\/\/folhapopular.info\/index.php\/2023\/07\/05\/orquestra-municipal-de-imigrante-lanca-turne-pela-alemanha-no-dia-19\/"},"author":{"name":"Reda\u00e7\u00e3o Folha Popular","@id":"https:\/\/folhapopular.info\/#\/schema\/person\/2814e8a0df7643585a9ca38bc6eb9d4b"},"headline":"Orquestra Municipal de Imigrante lan\u00e7a turn\u00ea pela Alemanha no dia 19","datePublished":"2023-07-05T19:15:33+00:00","dateModified":"2023-07-05T19:15:37+00:00","mainEntityOfPage":{"@id":"https:\/\/folhapopular.info\/index.php\/2023\/07\/05\/orquestra-municipal-de-imigrante-lanca-turne-pela-alemanha-no-dia-19\/"},"wordCount":440,"commentCount":0,"image":{"@id":"https:\/\/folhapopular.info\/index.php\/2023\/07\/05\/orquestra-municipal-de-imigrante-lanca-turne-pela-alemanha-no-dia-19\/#primaryimage"},"thumbnailUrl":"https:\/\/folhapopular.info\/wp-content\/uploads\/2023\/07\/TURNE-OMI-4.jpg","keywords":["Alemanha","Imigrante","Orquestra Municipal de Imigrante","Turn\u00ea"],"articleSection":["Cultura","Destaques","Inclusive"],"inLanguage":"pt-BR","potentialAction":[{"@type":"CommentAction","name":"Comment","target":["https:\/\/folhapopular.info\/index.php\/2023\/07\/05\/orquestra-municipal-de-imigrante-lanca-turne-pela-alemanha-no-dia-19\/#respond"]}]},{"@type":"WebPage","@id":"https:\/\/folhapopular.info\/index.php\/2023\/07\/05\/orquestra-municipal-de-imigrante-lanca-turne-pela-alemanha-no-dia-19\/","url":"https:\/\/folhapopular.info\/index.php\/2023\/07\/05\/orquestra-municipal-de-imigrante-lanca-turne-pela-alemanha-no-dia-19\/","name":"Orquestra Municipal de Imigrante lan\u00e7a turn\u00ea pela Alemanha no dia 19 - Folha Popular","isPartOf":{"@id":"https:\/\/folhapopular.info\/#website"},"primaryImageOfPage":{"@id":"https:\/\/folhapopular.info\/index.php\/2023\/07\/05\/orquestra-municipal-de-imigrante-lanca-turne-pela-alemanha-no-dia-19\/#primaryimage"},"image":{"@id":"https:\/\/folhapopular.info\/index.php\/2023\/07\/05\/orquestra-municipal-de-imigrante-lanca-turne-pela-alemanha-no-dia-19\/#primaryimage"},"thumbnailUrl":"https:\/\/folhapopular.info\/wp-content\/uploads\/2023\/07\/TURNE-OMI-4.jpg","datePublished":"2023-07-05T19:15:33+00:00","dateModified":"2023-07-05T19:15:37+00:00","author":{"@id":"https:\/\/folhapopular.info\/#\/schema\/person\/2814e8a0df7643585a9ca38bc6eb9d4b"},"breadcrumb":{"@id":"https:\/\/folhapopular.info\/index.php\/2023\/07\/05\/orquestra-municipal-de-imigrante-lanca-turne-pela-alemanha-no-dia-19\/#breadcrumb"},"inLanguage":"pt-BR","potentialAction":[{"@type":"ReadAction","target":["https:\/\/folhapopular.info\/index.php\/2023\/07\/05\/orquestra-municipal-de-imigrante-lanca-turne-pela-alemanha-no-dia-19\/"]}]},{"@type":"ImageObject","inLanguage":"pt-BR","@id":"https:\/\/folhapopular.info\/index.php\/2023\/07\/05\/orquestra-municipal-de-imigrante-lanca-turne-pela-alemanha-no-dia-19\/#primaryimage","url":"https:\/\/folhapopular.info\/wp-content\/uploads\/2023\/07\/TURNE-OMI-4.jpg","contentUrl":"https:\/\/folhapopular.info\/wp-content\/uploads\/2023\/07\/TURNE-OMI-4.jpg","width":2048,"height":1369,"caption":"Cr\u00e9dito: Cris Thom\u00e9 \/ AI Prefeitura de Imigrante"},{"@type":"BreadcrumbList","@id":"https:\/\/folhapopular.info\/index.php\/2023\/07\/05\/orquestra-municipal-de-imigrante-lanca-turne-pela-alemanha-no-dia-19\/#breadcrumb","itemListElement":[{"@type":"ListItem","position":1,"name":"In\u00edcio","item":"https:\/\/folhapopular.info\/"},{"@type":"ListItem","position":2,"name":"Orquestra Municipal de Imigrante lan\u00e7a turn\u00ea pela Alemanha no dia 19"}]},{"@type":"WebSite","@id":"https:\/\/folhapopular.info\/#website","url":"https:\/\/folhapopular.info\/","name":"Folha Popular","description":"Onde voc\u00ea tem vez e voz","potentialAction":[{"@type":"SearchAction","target":{"@type":"EntryPoint","urlTemplate":"https:\/\/folhapopular.info\/?s={search_term_string}"},"query-input":{"@type":"PropertyValueSpecification","valueRequired":true,"valueName":"search_term_string"}}],"inLanguage":"pt-BR"},{"@type":"Person","@id":"https:\/\/folhapopular.info\/#\/schema\/person\/2814e8a0df7643585a9ca38bc6eb9d4b","name":"Reda\u00e7\u00e3o Folha Popular","image":{"@type":"ImageObject","inLanguage":"pt-BR","@id":"https:\/\/folhapopular.info\/wp-content\/uploads\/2026\/04\/Folha-1.webp","url":"https:\/\/folhapopular.info\/wp-content\/uploads\/2026\/04\/Folha-1.webp","contentUrl":"https:\/\/folhapopular.info\/wp-content\/uploads\/2026\/04\/Folha-1.webp","caption":"Reda\u00e7\u00e3o Folha Popular"},"url":"https:\/\/folhapopular.info\/index.php\/author\/redacao\/"}]}},"jetpack_featured_media_url":"https:\/\/folhapopular.info\/wp-content\/uploads\/2023\/07\/TURNE-OMI-4.jpg","jetpack_sharing_enabled":true,"amp_enabled":true,"_links":{"self":[{"href":"https:\/\/folhapopular.info\/index.php\/wp-json\/wp\/v2\/posts\/131830","targetHints":{"allow":["GET"]}}],"collection":[{"href":"https:\/\/folhapopular.info\/index.php\/wp-json\/wp\/v2\/posts"}],"about":[{"href":"https:\/\/folhapopular.info\/index.php\/wp-json\/wp\/v2\/types\/post"}],"author":[{"embeddable":true,"href":"https:\/\/folhapopular.info\/index.php\/wp-json\/wp\/v2\/users\/8"}],"replies":[{"embeddable":true,"href":"https:\/\/folhapopular.info\/index.php\/wp-json\/wp\/v2\/comments?post=131830"}],"version-history":[{"count":0,"href":"https:\/\/folhapopular.info\/index.php\/wp-json\/wp\/v2\/posts\/131830\/revisions"}],"wp:featuredmedia":[{"embeddable":true,"href":"https:\/\/folhapopular.info\/index.php\/wp-json\/wp\/v2\/media\/131831"}],"wp:attachment":[{"href":"https:\/\/folhapopular.info\/index.php\/wp-json\/wp\/v2\/media?parent=131830"}],"wp:term":[{"taxonomy":"category","embeddable":true,"href":"https:\/\/folhapopular.info\/index.php\/wp-json\/wp\/v2\/categories?post=131830"},{"taxonomy":"post_tag","embeddable":true,"href":"https:\/\/folhapopular.info\/index.php\/wp-json\/wp\/v2\/tags?post=131830"}],"curies":[{"name":"wp","href":"https:\/\/api.w.org\/{rel}","templated":true}]}}