{"id":131850,"date":"2023-07-06T08:31:26","date_gmt":"2023-07-06T11:31:26","guid":{"rendered":"https:\/\/folhapopular.info\/?p=131850"},"modified":"2023-07-06T08:31:28","modified_gmt":"2023-07-06T11:31:28","slug":"prefeitura-de-lajeado-decide-manter-sede-propria-do-cram","status":"publish","type":"post","link":"https:\/\/folhapopular.info\/index.php\/2023\/07\/06\/prefeitura-de-lajeado-decide-manter-sede-propria-do-cram\/","title":{"rendered":"Prefeitura de Lajeado decide manter sede pr\u00f3pria do Cram"},"content":{"rendered":"\n<p>Ap\u00f3s nova avalia\u00e7\u00e3o sobre as <a href=\"https:\/\/folhapopular.info\/index.php\/2023\/07\/05\/cram-de-lajeado-muda-de-endereco-e-rede-de-enfrentamento-se-posiciona-contraria\/\" target=\"_blank\" rel=\"noreferrer noopener\">mudan\u00e7as anunciadas para o Centro de Refer\u00eancia em Atendimento \u00e0 Mulher (Cram)<\/a>, feitas junto \u00e0 equipe interna e depois de analisar posi\u00e7\u00e3o da Rede de Enfrentamento \u00e0 Viol\u00eancia Contra a Mulher, a Prefeitura de Lajeado decidiu manter a sede pr\u00f3pria do servi\u00e7o, que hoje funciona na Rua Santos Filho, no Edif\u00edcio Profissional Center, n\u00ba 401, sala 207, no Centro, em frente ao Cart\u00f3rio Eleitoral de Lajeado. <\/p>\n\n\n\n<p>A nova decis\u00e3o, segundo a Prefeitura, foi tomada a partir do entendimento de que \u00e9 relevante manter o atendimento das mulheres em situa\u00e7\u00e3o de viol\u00eancia em endere\u00e7o pr\u00f3prio, onde ser\u00e3o ouvidas, ter\u00e3o seu caso avaliado e ser\u00e3o encaminhadas para os demais servi\u00e7os necess\u00e1rios, se for o caso. <\/p>\n\n\n\n<p>Ainda no dia do an\u00fancio, na ter\u00e7a-feira (4\/7), <a href=\"https:\/\/folhapopular.info\/index.php\/2023\/07\/05\/cram-de-lajeado-muda-de-endereco-e-rede-de-enfrentamento-se-posiciona-contraria\/\" target=\"_blank\" rel=\"noreferrer noopener\">a Rede de Enfrentamento se manifestou contr\u00e1ria \u00e0s mudan\u00e7as<\/a>, no que em nota chamou de &#8220;retrocesso&#8221;.<\/p>\n\n\n\n<p>Conforme a vice-prefeita, Gl\u00e1ucia Schumacher, o Executivo revisou a posi\u00e7\u00e3o inicial e ir\u00e1 manter o servi\u00e7o no local atual, no qual as mulheres ser\u00e3o recebidas, encaminhadas para o atendimento especializado e para outros setores, se for o caso. &#8220;\u00c9 um espa\u00e7o discreto, com acesso p\u00fablico, e que permite o anonimato no momento da chegada, que \u00e9 o mais dif\u00edcil para estas mulheres&#8221;, explicou. <\/p>\n\n\n\n<p>As demais altera\u00e7\u00f5es j\u00e1 anunciadas permanecem v\u00e1lidas. O atendimento especializado das mulheres v\u00edtimas de viol\u00eancia ser\u00e1 ampliado para qualificar o trabalho. <\/p>\n\n\n\n<p>Al\u00e9m disso, para integrar o atendimento destas mulheres com o atendimento de seus filhos, evitando deslocamentos desnecess\u00e1rios, os servi\u00e7os prestados ser\u00e3o realizados dentro do pr\u00f3prio Cram. Parte do trabalho poder\u00e1 ser encaminhada, se necess\u00e1rio, ao servi\u00e7o do Centro de Refer\u00eancia Especializada de Assist\u00eancia Social (Creas), que fica na Rua Jo\u00e3o Abott, n\u00ba 484, no Centro.<\/p>\n\n\n\n<h2 class=\"wp-block-heading\"><strong>Amplia\u00e7\u00e3o do servi\u00e7o<\/strong><\/h2>\n\n\n\n<p>Com a amplia\u00e7\u00e3o, o Cram passar\u00e1 a contar com um servi\u00e7o de Psicologia cinco vezes maior, uma vez que o trabalho especializado passar\u00e1 de quatro para 20 horas semanais, qualificando o atendimento das mulheres que buscam o servi\u00e7o.<\/p>\n\n\n\n<p>A equipe do Cram ser\u00e1 formada pela coordenadora geral Leila Rodrigues Ponciano (assistente social), coordenadora t\u00e9cnica Aline Rodrigues Flores (assistente social), psic\u00f3loga Andr\u00e9a Sp\u00edndola e um assessor jur\u00eddico.<\/p>\n","protected":false},"excerpt":{"rendered":"<p>Ap\u00f3s nova avalia\u00e7\u00e3o sobre as mudan\u00e7as anunciadas para o Centro de Refer\u00eancia em Atendimento \u00e0 Mulher (Cram), feitas junto \u00e0 equipe interna e depois de analisar posi\u00e7\u00e3o da Rede de Enfrentamento \u00e0 Viol\u00eancia Contra a Mulher, a Prefeitura de Lajeado decidiu manter a sede pr\u00f3pria do servi\u00e7o, que hoje funciona na Rua Santos Filho, no [&hellip;]<\/p>\n","protected":false},"author":8,"featured_media":131852,"comment_status":"open","ping_status":"open","sticky":false,"template":"","format":"standard","meta":{"pmpro_default_level":"","_jetpack_memberships_contains_paid_content":false,"footnotes":""},"categories":[2,3,11091],"tags":[6283,10521,27,5083],"class_list":{"0":"post-131850","1":"post","2":"type-post","3":"status-publish","4":"format-standard","5":"has-post-thumbnail","7":"category-featured","8":"category-geral","9":"category-servicos","10":"tag-centro-de-referencia-em-atendimento-a-mulher","11":"tag-cram-lajeado","12":"tag-lajeado","13":"tag-prefeitura-de-lajeado","14":"pmpro-has-access"},"yoast_head":"<!-- This site is optimized with the Yoast SEO plugin v27.5 - https:\/\/yoast.com\/product\/yoast-seo-wordpress\/ -->\n<title>Prefeitura de Lajeado decide manter sede pr\u00f3pria do Cram - Folha Popular<\/title>\n<meta name=\"robots\" content=\"index, follow, max-snippet:-1, max-image-preview:large, max-video-preview:-1\" \/>\n<link rel=\"canonical\" href=\"https:\/\/folhapopular.info\/index.php\/2023\/07\/06\/prefeitura-de-lajeado-decide-manter-sede-propria-do-cram\/\" \/>\n<meta property=\"og:locale\" content=\"pt_BR\" \/>\n<meta property=\"og:type\" content=\"article\" \/>\n<meta property=\"og:title\" content=\"Prefeitura de Lajeado decide manter sede pr\u00f3pria do Cram - Folha Popular\" \/>\n<meta property=\"og:description\" content=\"Ap\u00f3s nova avalia\u00e7\u00e3o sobre as mudan\u00e7as anunciadas para o Centro de Refer\u00eancia em Atendimento \u00e0 Mulher (Cram), feitas junto \u00e0 equipe interna e depois de analisar posi\u00e7\u00e3o da Rede de Enfrentamento \u00e0 Viol\u00eancia Contra a Mulher, a Prefeitura de Lajeado decidiu manter a sede pr\u00f3pria do servi\u00e7o, que hoje funciona na Rua Santos Filho, no [&hellip;]\" \/>\n<meta property=\"og:url\" content=\"https:\/\/folhapopular.info\/index.php\/2023\/07\/06\/prefeitura-de-lajeado-decide-manter-sede-propria-do-cram\/\" \/>\n<meta property=\"og:site_name\" content=\"Folha Popular\" \/>\n<meta property=\"article:published_time\" content=\"2023-07-06T11:31:26+00:00\" \/>\n<meta property=\"article:modified_time\" content=\"2023-07-06T11:31:28+00:00\" \/>\n<meta property=\"og:image\" content=\"http:\/\/folhapopular.info\/wp-content\/uploads\/2023\/07\/Predio-onde-funciona-o-CRAM.jpeg\" \/>\n\t<meta property=\"og:image:width\" content=\"1156\" \/>\n\t<meta property=\"og:image:height\" content=\"521\" \/>\n\t<meta property=\"og:image:type\" content=\"image\/jpeg\" \/>\n<meta name=\"author\" content=\"Reda\u00e7\u00e3o Folha Popular\" \/>\n<meta name=\"twitter:card\" content=\"summary_large_image\" \/>\n<meta name=\"twitter:label1\" content=\"Escrito por\" \/>\n\t<meta name=\"twitter:data1\" content=\"Reda\u00e7\u00e3o Folha Popular\" \/>\n\t<meta name=\"twitter:label2\" content=\"Est. tempo de leitura\" \/>\n\t<meta name=\"twitter:data2\" content=\"2 minutos\" \/>\n<script type=\"application\/ld+json\" class=\"yoast-schema-graph\">{\"@context\":\"https:\\\/\\\/schema.org\",\"@graph\":[{\"@type\":\"Article\",\"@id\":\"https:\\\/\\\/folhapopular.info\\\/index.php\\\/2023\\\/07\\\/06\\\/prefeitura-de-lajeado-decide-manter-sede-propria-do-cram\\\/#article\",\"isPartOf\":{\"@id\":\"https:\\\/\\\/folhapopular.info\\\/index.php\\\/2023\\\/07\\\/06\\\/prefeitura-de-lajeado-decide-manter-sede-propria-do-cram\\\/\"},\"author\":{\"name\":\"Reda\u00e7\u00e3o Folha Popular\",\"@id\":\"https:\\\/\\\/folhapopular.info\\\/#\\\/schema\\\/person\\\/2814e8a0df7643585a9ca38bc6eb9d4b\"},\"headline\":\"Prefeitura de Lajeado decide manter sede pr\u00f3pria do Cram\",\"datePublished\":\"2023-07-06T11:31:26+00:00\",\"dateModified\":\"2023-07-06T11:31:28+00:00\",\"mainEntityOfPage\":{\"@id\":\"https:\\\/\\\/folhapopular.info\\\/index.php\\\/2023\\\/07\\\/06\\\/prefeitura-de-lajeado-decide-manter-sede-propria-do-cram\\\/\"},\"wordCount\":404,\"commentCount\":0,\"image\":{\"@id\":\"https:\\\/\\\/folhapopular.info\\\/index.php\\\/2023\\\/07\\\/06\\\/prefeitura-de-lajeado-decide-manter-sede-propria-do-cram\\\/#primaryimage\"},\"thumbnailUrl\":\"https:\\\/\\\/folhapopular.info\\\/wp-content\\\/uploads\\\/2023\\\/07\\\/Predio-onde-funciona-o-CRAM.jpeg\",\"keywords\":[\"Centro de Refer\u00eancia em Atendimento \u00e0 Mulher\",\"cram lajeado\",\"Lajeado\",\"Prefeitura de Lajeado\"],\"articleSection\":[\"Destaques\",\"Geral\",\"Servi\u00e7os\"],\"inLanguage\":\"pt-BR\",\"potentialAction\":[{\"@type\":\"CommentAction\",\"name\":\"Comment\",\"target\":[\"https:\\\/\\\/folhapopular.info\\\/index.php\\\/2023\\\/07\\\/06\\\/prefeitura-de-lajeado-decide-manter-sede-propria-do-cram\\\/#respond\"]}]},{\"@type\":\"WebPage\",\"@id\":\"https:\\\/\\\/folhapopular.info\\\/index.php\\\/2023\\\/07\\\/06\\\/prefeitura-de-lajeado-decide-manter-sede-propria-do-cram\\\/\",\"url\":\"https:\\\/\\\/folhapopular.info\\\/index.php\\\/2023\\\/07\\\/06\\\/prefeitura-de-lajeado-decide-manter-sede-propria-do-cram\\\/\",\"name\":\"Prefeitura de Lajeado decide manter sede pr\u00f3pria do Cram - Folha Popular\",\"isPartOf\":{\"@id\":\"https:\\\/\\\/folhapopular.info\\\/#website\"},\"primaryImageOfPage\":{\"@id\":\"https:\\\/\\\/folhapopular.info\\\/index.php\\\/2023\\\/07\\\/06\\\/prefeitura-de-lajeado-decide-manter-sede-propria-do-cram\\\/#primaryimage\"},\"image\":{\"@id\":\"https:\\\/\\\/folhapopular.info\\\/index.php\\\/2023\\\/07\\\/06\\\/prefeitura-de-lajeado-decide-manter-sede-propria-do-cram\\\/#primaryimage\"},\"thumbnailUrl\":\"https:\\\/\\\/folhapopular.info\\\/wp-content\\\/uploads\\\/2023\\\/07\\\/Predio-onde-funciona-o-CRAM.jpeg\",\"datePublished\":\"2023-07-06T11:31:26+00:00\",\"dateModified\":\"2023-07-06T11:31:28+00:00\",\"author\":{\"@id\":\"https:\\\/\\\/folhapopular.info\\\/#\\\/schema\\\/person\\\/2814e8a0df7643585a9ca38bc6eb9d4b\"},\"breadcrumb\":{\"@id\":\"https:\\\/\\\/folhapopular.info\\\/index.php\\\/2023\\\/07\\\/06\\\/prefeitura-de-lajeado-decide-manter-sede-propria-do-cram\\\/#breadcrumb\"},\"inLanguage\":\"pt-BR\",\"potentialAction\":[{\"@type\":\"ReadAction\",\"target\":[\"https:\\\/\\\/folhapopular.info\\\/index.php\\\/2023\\\/07\\\/06\\\/prefeitura-de-lajeado-decide-manter-sede-propria-do-cram\\\/\"]}]},{\"@type\":\"ImageObject\",\"inLanguage\":\"pt-BR\",\"@id\":\"https:\\\/\\\/folhapopular.info\\\/index.php\\\/2023\\\/07\\\/06\\\/prefeitura-de-lajeado-decide-manter-sede-propria-do-cram\\\/#primaryimage\",\"url\":\"https:\\\/\\\/folhapopular.info\\\/wp-content\\\/uploads\\\/2023\\\/07\\\/Predio-onde-funciona-o-CRAM.jpeg\",\"contentUrl\":\"https:\\\/\\\/folhapopular.info\\\/wp-content\\\/uploads\\\/2023\\\/07\\\/Predio-onde-funciona-o-CRAM.jpeg\",\"width\":1156,\"height\":521,\"caption\":\"Cr\u00e9dito: Prefeitura de Lajeado \\\/ divulga\u00e7\u00e3o\"},{\"@type\":\"BreadcrumbList\",\"@id\":\"https:\\\/\\\/folhapopular.info\\\/index.php\\\/2023\\\/07\\\/06\\\/prefeitura-de-lajeado-decide-manter-sede-propria-do-cram\\\/#breadcrumb\",\"itemListElement\":[{\"@type\":\"ListItem\",\"position\":1,\"name\":\"In\u00edcio\",\"item\":\"https:\\\/\\\/folhapopular.info\\\/\"},{\"@type\":\"ListItem\",\"position\":2,\"name\":\"Prefeitura de Lajeado decide manter sede pr\u00f3pria do Cram\"}]},{\"@type\":\"WebSite\",\"@id\":\"https:\\\/\\\/folhapopular.info\\\/#website\",\"url\":\"https:\\\/\\\/folhapopular.info\\\/\",\"name\":\"Folha Popular\",\"description\":\"Onde voc\u00ea tem vez e voz\",\"potentialAction\":[{\"@type\":\"SearchAction\",\"target\":{\"@type\":\"EntryPoint\",\"urlTemplate\":\"https:\\\/\\\/folhapopular.info\\\/?s={search_term_string}\"},\"query-input\":{\"@type\":\"PropertyValueSpecification\",\"valueRequired\":true,\"valueName\":\"search_term_string\"}}],\"inLanguage\":\"pt-BR\"},{\"@type\":\"Person\",\"@id\":\"https:\\\/\\\/folhapopular.info\\\/#\\\/schema\\\/person\\\/2814e8a0df7643585a9ca38bc6eb9d4b\",\"name\":\"Reda\u00e7\u00e3o Folha Popular\",\"image\":{\"@type\":\"ImageObject\",\"inLanguage\":\"pt-BR\",\"@id\":\"https:\\\/\\\/folhapopular.info\\\/wp-content\\\/uploads\\\/2026\\\/04\\\/Folha-1.webp\",\"url\":\"https:\\\/\\\/folhapopular.info\\\/wp-content\\\/uploads\\\/2026\\\/04\\\/Folha-1.webp\",\"contentUrl\":\"https:\\\/\\\/folhapopular.info\\\/wp-content\\\/uploads\\\/2026\\\/04\\\/Folha-1.webp\",\"caption\":\"Reda\u00e7\u00e3o Folha Popular\"},\"url\":\"https:\\\/\\\/folhapopular.info\\\/index.php\\\/author\\\/redacao\\\/\"}]}<\/script>\n<!-- \/ Yoast SEO plugin. -->","yoast_head_json":{"title":"Prefeitura de Lajeado decide manter sede pr\u00f3pria do Cram - Folha Popular","robots":{"index":"index","follow":"follow","max-snippet":"max-snippet:-1","max-image-preview":"max-image-preview:large","max-video-preview":"max-video-preview:-1"},"canonical":"https:\/\/folhapopular.info\/index.php\/2023\/07\/06\/prefeitura-de-lajeado-decide-manter-sede-propria-do-cram\/","og_locale":"pt_BR","og_type":"article","og_title":"Prefeitura de Lajeado decide manter sede pr\u00f3pria do Cram - Folha Popular","og_description":"Ap\u00f3s nova avalia\u00e7\u00e3o sobre as mudan\u00e7as anunciadas para o Centro de Refer\u00eancia em Atendimento \u00e0 Mulher (Cram), feitas junto \u00e0 equipe interna e depois de analisar posi\u00e7\u00e3o da Rede de Enfrentamento \u00e0 Viol\u00eancia Contra a Mulher, a Prefeitura de Lajeado decidiu manter a sede pr\u00f3pria do servi\u00e7o, que hoje funciona na Rua Santos Filho, no [&hellip;]","og_url":"https:\/\/folhapopular.info\/index.php\/2023\/07\/06\/prefeitura-de-lajeado-decide-manter-sede-propria-do-cram\/","og_site_name":"Folha Popular","article_published_time":"2023-07-06T11:31:26+00:00","article_modified_time":"2023-07-06T11:31:28+00:00","og_image":[{"width":1156,"height":521,"url":"http:\/\/folhapopular.info\/wp-content\/uploads\/2023\/07\/Predio-onde-funciona-o-CRAM.jpeg","type":"image\/jpeg"}],"author":"Reda\u00e7\u00e3o Folha Popular","twitter_card":"summary_large_image","twitter_misc":{"Escrito por":"Reda\u00e7\u00e3o Folha Popular","Est. tempo de leitura":"2 minutos"},"schema":{"@context":"https:\/\/schema.org","@graph":[{"@type":"Article","@id":"https:\/\/folhapopular.info\/index.php\/2023\/07\/06\/prefeitura-de-lajeado-decide-manter-sede-propria-do-cram\/#article","isPartOf":{"@id":"https:\/\/folhapopular.info\/index.php\/2023\/07\/06\/prefeitura-de-lajeado-decide-manter-sede-propria-do-cram\/"},"author":{"name":"Reda\u00e7\u00e3o Folha Popular","@id":"https:\/\/folhapopular.info\/#\/schema\/person\/2814e8a0df7643585a9ca38bc6eb9d4b"},"headline":"Prefeitura de Lajeado decide manter sede pr\u00f3pria do Cram","datePublished":"2023-07-06T11:31:26+00:00","dateModified":"2023-07-06T11:31:28+00:00","mainEntityOfPage":{"@id":"https:\/\/folhapopular.info\/index.php\/2023\/07\/06\/prefeitura-de-lajeado-decide-manter-sede-propria-do-cram\/"},"wordCount":404,"commentCount":0,"image":{"@id":"https:\/\/folhapopular.info\/index.php\/2023\/07\/06\/prefeitura-de-lajeado-decide-manter-sede-propria-do-cram\/#primaryimage"},"thumbnailUrl":"https:\/\/folhapopular.info\/wp-content\/uploads\/2023\/07\/Predio-onde-funciona-o-CRAM.jpeg","keywords":["Centro de Refer\u00eancia em Atendimento \u00e0 Mulher","cram lajeado","Lajeado","Prefeitura de Lajeado"],"articleSection":["Destaques","Geral","Servi\u00e7os"],"inLanguage":"pt-BR","potentialAction":[{"@type":"CommentAction","name":"Comment","target":["https:\/\/folhapopular.info\/index.php\/2023\/07\/06\/prefeitura-de-lajeado-decide-manter-sede-propria-do-cram\/#respond"]}]},{"@type":"WebPage","@id":"https:\/\/folhapopular.info\/index.php\/2023\/07\/06\/prefeitura-de-lajeado-decide-manter-sede-propria-do-cram\/","url":"https:\/\/folhapopular.info\/index.php\/2023\/07\/06\/prefeitura-de-lajeado-decide-manter-sede-propria-do-cram\/","name":"Prefeitura de Lajeado decide manter sede pr\u00f3pria do Cram - Folha Popular","isPartOf":{"@id":"https:\/\/folhapopular.info\/#website"},"primaryImageOfPage":{"@id":"https:\/\/folhapopular.info\/index.php\/2023\/07\/06\/prefeitura-de-lajeado-decide-manter-sede-propria-do-cram\/#primaryimage"},"image":{"@id":"https:\/\/folhapopular.info\/index.php\/2023\/07\/06\/prefeitura-de-lajeado-decide-manter-sede-propria-do-cram\/#primaryimage"},"thumbnailUrl":"https:\/\/folhapopular.info\/wp-content\/uploads\/2023\/07\/Predio-onde-funciona-o-CRAM.jpeg","datePublished":"2023-07-06T11:31:26+00:00","dateModified":"2023-07-06T11:31:28+00:00","author":{"@id":"https:\/\/folhapopular.info\/#\/schema\/person\/2814e8a0df7643585a9ca38bc6eb9d4b"},"breadcrumb":{"@id":"https:\/\/folhapopular.info\/index.php\/2023\/07\/06\/prefeitura-de-lajeado-decide-manter-sede-propria-do-cram\/#breadcrumb"},"inLanguage":"pt-BR","potentialAction":[{"@type":"ReadAction","target":["https:\/\/folhapopular.info\/index.php\/2023\/07\/06\/prefeitura-de-lajeado-decide-manter-sede-propria-do-cram\/"]}]},{"@type":"ImageObject","inLanguage":"pt-BR","@id":"https:\/\/folhapopular.info\/index.php\/2023\/07\/06\/prefeitura-de-lajeado-decide-manter-sede-propria-do-cram\/#primaryimage","url":"https:\/\/folhapopular.info\/wp-content\/uploads\/2023\/07\/Predio-onde-funciona-o-CRAM.jpeg","contentUrl":"https:\/\/folhapopular.info\/wp-content\/uploads\/2023\/07\/Predio-onde-funciona-o-CRAM.jpeg","width":1156,"height":521,"caption":"Cr\u00e9dito: Prefeitura de Lajeado \/ divulga\u00e7\u00e3o"},{"@type":"BreadcrumbList","@id":"https:\/\/folhapopular.info\/index.php\/2023\/07\/06\/prefeitura-de-lajeado-decide-manter-sede-propria-do-cram\/#breadcrumb","itemListElement":[{"@type":"ListItem","position":1,"name":"In\u00edcio","item":"https:\/\/folhapopular.info\/"},{"@type":"ListItem","position":2,"name":"Prefeitura de Lajeado decide manter sede pr\u00f3pria do Cram"}]},{"@type":"WebSite","@id":"https:\/\/folhapopular.info\/#website","url":"https:\/\/folhapopular.info\/","name":"Folha Popular","description":"Onde voc\u00ea tem vez e voz","potentialAction":[{"@type":"SearchAction","target":{"@type":"EntryPoint","urlTemplate":"https:\/\/folhapopular.info\/?s={search_term_string}"},"query-input":{"@type":"PropertyValueSpecification","valueRequired":true,"valueName":"search_term_string"}}],"inLanguage":"pt-BR"},{"@type":"Person","@id":"https:\/\/folhapopular.info\/#\/schema\/person\/2814e8a0df7643585a9ca38bc6eb9d4b","name":"Reda\u00e7\u00e3o Folha Popular","image":{"@type":"ImageObject","inLanguage":"pt-BR","@id":"https:\/\/folhapopular.info\/wp-content\/uploads\/2026\/04\/Folha-1.webp","url":"https:\/\/folhapopular.info\/wp-content\/uploads\/2026\/04\/Folha-1.webp","contentUrl":"https:\/\/folhapopular.info\/wp-content\/uploads\/2026\/04\/Folha-1.webp","caption":"Reda\u00e7\u00e3o Folha Popular"},"url":"https:\/\/folhapopular.info\/index.php\/author\/redacao\/"}]}},"jetpack_featured_media_url":"https:\/\/folhapopular.info\/wp-content\/uploads\/2023\/07\/Predio-onde-funciona-o-CRAM.jpeg","jetpack_sharing_enabled":true,"amp_enabled":true,"_links":{"self":[{"href":"https:\/\/folhapopular.info\/index.php\/wp-json\/wp\/v2\/posts\/131850","targetHints":{"allow":["GET"]}}],"collection":[{"href":"https:\/\/folhapopular.info\/index.php\/wp-json\/wp\/v2\/posts"}],"about":[{"href":"https:\/\/folhapopular.info\/index.php\/wp-json\/wp\/v2\/types\/post"}],"author":[{"embeddable":true,"href":"https:\/\/folhapopular.info\/index.php\/wp-json\/wp\/v2\/users\/8"}],"replies":[{"embeddable":true,"href":"https:\/\/folhapopular.info\/index.php\/wp-json\/wp\/v2\/comments?post=131850"}],"version-history":[{"count":0,"href":"https:\/\/folhapopular.info\/index.php\/wp-json\/wp\/v2\/posts\/131850\/revisions"}],"wp:featuredmedia":[{"embeddable":true,"href":"https:\/\/folhapopular.info\/index.php\/wp-json\/wp\/v2\/media\/131852"}],"wp:attachment":[{"href":"https:\/\/folhapopular.info\/index.php\/wp-json\/wp\/v2\/media?parent=131850"}],"wp:term":[{"taxonomy":"category","embeddable":true,"href":"https:\/\/folhapopular.info\/index.php\/wp-json\/wp\/v2\/categories?post=131850"},{"taxonomy":"post_tag","embeddable":true,"href":"https:\/\/folhapopular.info\/index.php\/wp-json\/wp\/v2\/tags?post=131850"}],"curies":[{"name":"wp","href":"https:\/\/api.w.org\/{rel}","templated":true}]}}