{"id":132614,"date":"2023-07-09T19:58:35","date_gmt":"2023-07-09T22:58:35","guid":{"rendered":"https:\/\/folhapopular.info\/?p=132614"},"modified":"2023-07-09T19:59:50","modified_gmt":"2023-07-09T22:59:50","slug":"comitiva-gaucha-pede-r-2-bilhoes-para-socorrer-setor-da-proteina-animal","status":"publish","type":"post","link":"https:\/\/folhapopular.info\/index.php\/2023\/07\/09\/comitiva-gaucha-pede-r-2-bilhoes-para-socorrer-setor-da-proteina-animal\/","title":{"rendered":"Comitiva ga\u00facha pede R$ 2 bilh\u00f5es para socorrer setor da prote\u00edna animal"},"content":{"rendered":"\n<p>Uma comitiva ga\u00facha formada por 25 integrantes, entre secret\u00e1rios de Estado, representantes de bancos, lideran\u00e7as de entidades e deputados estaduais da Frente Parlamentar da Agropecu\u00e1ria Ga\u00facha, estiveram em audi\u00eancia p\u00fablica com o diretor de opera\u00e7\u00f5es financeiras do Banco Nacional de Desenvolvimento Econ\u00f4mico e Social (BNDES), Alexandre Abreu. <\/p>\n\n\n\n<p>O encontro foi realizado na quarta-feira (5\/7), no Rio de Janeiro, e nele foi detalhada a gravidade da situa\u00e7\u00e3o vivida pelos setores de prote\u00edna animal. Foi apresentada uma proposta de renegocia\u00e7\u00e3o e concess\u00e3o de uma linha emergencial de cr\u00e9dito para os segmentos de aves, su\u00ednos, bovinos e leite. <\/p>\n\n\n\n<p>Na ocasi\u00e3o, foi entregue a proposta oficial no valor de R$ 2 bilh\u00f5es pelas lideran\u00e7as ao diretor do banco.<\/p>\n\n\n\n<p>O coordenador t\u00e9cnico do grupo tem\u00e1tico Cadeia Prote\u00edna Animal da Federasul, Renato Lauri Scheffler, que tamb\u00e9m faz parte da diretoria da C\u00e2mara da Ind\u00fastria, Com\u00e9rcio e Servi\u00e7os (CIC) Vale do Taquari, tamb\u00e9m esteve presente. <\/p>\n\n\n\n<p>Ele destacou que o encontro foi produtivo e demonstrou a import\u00e2ncia do grupo de trabalho criado dentro da federa\u00e7\u00e3o. \u201cA Federasul tem a for\u00e7a para conseguirmos mostrar para os demais \u00f3rg\u00e3os governamentais que o setor est\u00e1 passando por dificuldades, e conseguimos, com isso, mobilizar todas as esferas do Executivo e do Legislativo. Ainda temos ci\u00eancia que o caminho \u00e9 longo para a retomada do setor&#8221;, pontua.<\/p>\n\n\n\n<p>Alexandre Abreu elogiou a organiza\u00e7\u00e3o da comitiva, que compareceu em peso com dados espec\u00edficos de cada setor, o que ajudou a clarificar o cen\u00e1rio. \u201cSurgiram algumas ideias que ainda precisam ser avaliadas para ver se podem ser aplicadas neste caso, como, por exemplo, o uso de uma linha em d\u00f3lar, cuja taxa de juro \u00e9 bem mais reduzida, para quem exporta e tem receb\u00edveis em d\u00f3lar\u201d, explicou.<\/p>\n\n\n\n<p>O diretor n\u00e3o definiu prazo de resposta, mas acrescentou que depender\u00e1 da consolida\u00e7\u00e3o das informa\u00e7\u00f5es, que devem chegar em etapas. \u201cAcredito que a solu\u00e7\u00e3o n\u00e3o venhs toda de uma vez, algumas ser\u00e3o resolvidas mais r\u00e1pido e outras, um pouco mais devagar\u201d, disse.<br><\/p>\n","protected":false},"excerpt":{"rendered":"<p>Uma comitiva ga\u00facha formada por 25 integrantes, entre secret\u00e1rios de Estado, representantes de bancos, lideran\u00e7as de entidades e deputados estaduais da Frente Parlamentar da Agropecu\u00e1ria Ga\u00facha, estiveram em audi\u00eancia p\u00fablica com o diretor de opera\u00e7\u00f5es financeiras do Banco Nacional de Desenvolvimento Econ\u00f4mico e Social (BNDES), Alexandre Abreu. O encontro foi realizado na quarta-feira (5\/7), no [&hellip;]<\/p>\n","protected":false},"author":8,"featured_media":132615,"comment_status":"open","ping_status":"open","sticky":false,"template":"","format":"standard","meta":{"pmpro_default_level":"","_jetpack_memberships_contains_paid_content":false,"footnotes":""},"categories":[10992,2,10991],"tags":[6406,783,12626,12627,10688],"class_list":{"0":"post-132614","1":"post","2":"type-post","3":"status-publish","4":"format-standard","5":"has-post-thumbnail","7":"category-coopop","8":"category-featured","9":"category-economia","10":"tag-bndes","11":"tag-federasul","12":"tag-frente-parlamentar-da-agropecuaria-gaucha","13":"tag-linha-de-credito","14":"tag-proteina-animal","15":"pmpro-has-access"},"yoast_head":"<!-- This site is optimized with the Yoast SEO plugin v27.5 - https:\/\/yoast.com\/product\/yoast-seo-wordpress\/ -->\n<title>Comitiva ga\u00facha pede R$ 2 bilh\u00f5es para socorrer setor da prote\u00edna animal - Folha Popular<\/title>\n<meta name=\"robots\" content=\"index, follow, max-snippet:-1, max-image-preview:large, max-video-preview:-1\" \/>\n<link rel=\"canonical\" href=\"https:\/\/folhapopular.info\/index.php\/2023\/07\/09\/comitiva-gaucha-pede-r-2-bilhoes-para-socorrer-setor-da-proteina-animal\/\" \/>\n<meta property=\"og:locale\" content=\"pt_BR\" \/>\n<meta property=\"og:type\" content=\"article\" \/>\n<meta property=\"og:title\" content=\"Comitiva ga\u00facha pede R$ 2 bilh\u00f5es para socorrer setor da prote\u00edna animal - Folha Popular\" \/>\n<meta property=\"og:description\" content=\"Uma comitiva ga\u00facha formada por 25 integrantes, entre secret\u00e1rios de Estado, representantes de bancos, lideran\u00e7as de entidades e deputados estaduais da Frente Parlamentar da Agropecu\u00e1ria Ga\u00facha, estiveram em audi\u00eancia p\u00fablica com o diretor de opera\u00e7\u00f5es financeiras do Banco Nacional de Desenvolvimento Econ\u00f4mico e Social (BNDES), Alexandre Abreu. O encontro foi realizado na quarta-feira (5\/7), no [&hellip;]\" \/>\n<meta property=\"og:url\" content=\"https:\/\/folhapopular.info\/index.php\/2023\/07\/09\/comitiva-gaucha-pede-r-2-bilhoes-para-socorrer-setor-da-proteina-animal\/\" \/>\n<meta property=\"og:site_name\" content=\"Folha Popular\" \/>\n<meta property=\"article:published_time\" content=\"2023-07-09T22:58:35+00:00\" \/>\n<meta property=\"article:modified_time\" content=\"2023-07-09T22:59:50+00:00\" \/>\n<meta property=\"og:image\" content=\"http:\/\/folhapopular.info\/wp-content\/uploads\/2023\/07\/06121603_66622_GD.jpg\" \/>\n\t<meta property=\"og:image:width\" content=\"800\" \/>\n\t<meta property=\"og:image:height\" content=\"450\" \/>\n\t<meta property=\"og:image:type\" content=\"image\/jpeg\" \/>\n<meta name=\"author\" content=\"Reda\u00e7\u00e3o Folha Popular\" \/>\n<meta name=\"twitter:card\" content=\"summary_large_image\" \/>\n<meta name=\"twitter:label1\" content=\"Escrito por\" \/>\n\t<meta name=\"twitter:data1\" content=\"Reda\u00e7\u00e3o Folha Popular\" \/>\n\t<meta name=\"twitter:label2\" content=\"Est. tempo de leitura\" \/>\n\t<meta name=\"twitter:data2\" content=\"2 minutos\" \/>\n<script type=\"application\/ld+json\" class=\"yoast-schema-graph\">{\"@context\":\"https:\\\/\\\/schema.org\",\"@graph\":[{\"@type\":\"Article\",\"@id\":\"https:\\\/\\\/folhapopular.info\\\/index.php\\\/2023\\\/07\\\/09\\\/comitiva-gaucha-pede-r-2-bilhoes-para-socorrer-setor-da-proteina-animal\\\/#article\",\"isPartOf\":{\"@id\":\"https:\\\/\\\/folhapopular.info\\\/index.php\\\/2023\\\/07\\\/09\\\/comitiva-gaucha-pede-r-2-bilhoes-para-socorrer-setor-da-proteina-animal\\\/\"},\"author\":{\"name\":\"Reda\u00e7\u00e3o Folha Popular\",\"@id\":\"https:\\\/\\\/folhapopular.info\\\/#\\\/schema\\\/person\\\/2814e8a0df7643585a9ca38bc6eb9d4b\"},\"headline\":\"Comitiva ga\u00facha pede R$ 2 bilh\u00f5es para socorrer setor da prote\u00edna animal\",\"datePublished\":\"2023-07-09T22:58:35+00:00\",\"dateModified\":\"2023-07-09T22:59:50+00:00\",\"mainEntityOfPage\":{\"@id\":\"https:\\\/\\\/folhapopular.info\\\/index.php\\\/2023\\\/07\\\/09\\\/comitiva-gaucha-pede-r-2-bilhoes-para-socorrer-setor-da-proteina-animal\\\/\"},\"wordCount\":377,\"commentCount\":0,\"image\":{\"@id\":\"https:\\\/\\\/folhapopular.info\\\/index.php\\\/2023\\\/07\\\/09\\\/comitiva-gaucha-pede-r-2-bilhoes-para-socorrer-setor-da-proteina-animal\\\/#primaryimage\"},\"thumbnailUrl\":\"https:\\\/\\\/folhapopular.info\\\/wp-content\\\/uploads\\\/2023\\\/07\\\/06121603_66622_GD.jpg\",\"keywords\":[\"BNDES\",\"Federasul\",\"frente parlamentar da agropecu\u00e1ria ga\u00facha\",\"linha de cr\u00e9dito\",\"Prote\u00edna animal\"],\"articleSection\":[\"Coopop\",\"Destaques\",\"Economia\"],\"inLanguage\":\"pt-BR\",\"potentialAction\":[{\"@type\":\"CommentAction\",\"name\":\"Comment\",\"target\":[\"https:\\\/\\\/folhapopular.info\\\/index.php\\\/2023\\\/07\\\/09\\\/comitiva-gaucha-pede-r-2-bilhoes-para-socorrer-setor-da-proteina-animal\\\/#respond\"]}]},{\"@type\":\"WebPage\",\"@id\":\"https:\\\/\\\/folhapopular.info\\\/index.php\\\/2023\\\/07\\\/09\\\/comitiva-gaucha-pede-r-2-bilhoes-para-socorrer-setor-da-proteina-animal\\\/\",\"url\":\"https:\\\/\\\/folhapopular.info\\\/index.php\\\/2023\\\/07\\\/09\\\/comitiva-gaucha-pede-r-2-bilhoes-para-socorrer-setor-da-proteina-animal\\\/\",\"name\":\"Comitiva ga\u00facha pede R$ 2 bilh\u00f5es para socorrer setor da prote\u00edna animal - Folha Popular\",\"isPartOf\":{\"@id\":\"https:\\\/\\\/folhapopular.info\\\/#website\"},\"primaryImageOfPage\":{\"@id\":\"https:\\\/\\\/folhapopular.info\\\/index.php\\\/2023\\\/07\\\/09\\\/comitiva-gaucha-pede-r-2-bilhoes-para-socorrer-setor-da-proteina-animal\\\/#primaryimage\"},\"image\":{\"@id\":\"https:\\\/\\\/folhapopular.info\\\/index.php\\\/2023\\\/07\\\/09\\\/comitiva-gaucha-pede-r-2-bilhoes-para-socorrer-setor-da-proteina-animal\\\/#primaryimage\"},\"thumbnailUrl\":\"https:\\\/\\\/folhapopular.info\\\/wp-content\\\/uploads\\\/2023\\\/07\\\/06121603_66622_GD.jpg\",\"datePublished\":\"2023-07-09T22:58:35+00:00\",\"dateModified\":\"2023-07-09T22:59:50+00:00\",\"author\":{\"@id\":\"https:\\\/\\\/folhapopular.info\\\/#\\\/schema\\\/person\\\/2814e8a0df7643585a9ca38bc6eb9d4b\"},\"breadcrumb\":{\"@id\":\"https:\\\/\\\/folhapopular.info\\\/index.php\\\/2023\\\/07\\\/09\\\/comitiva-gaucha-pede-r-2-bilhoes-para-socorrer-setor-da-proteina-animal\\\/#breadcrumb\"},\"inLanguage\":\"pt-BR\",\"potentialAction\":[{\"@type\":\"ReadAction\",\"target\":[\"https:\\\/\\\/folhapopular.info\\\/index.php\\\/2023\\\/07\\\/09\\\/comitiva-gaucha-pede-r-2-bilhoes-para-socorrer-setor-da-proteina-animal\\\/\"]}]},{\"@type\":\"ImageObject\",\"inLanguage\":\"pt-BR\",\"@id\":\"https:\\\/\\\/folhapopular.info\\\/index.php\\\/2023\\\/07\\\/09\\\/comitiva-gaucha-pede-r-2-bilhoes-para-socorrer-setor-da-proteina-animal\\\/#primaryimage\",\"url\":\"https:\\\/\\\/folhapopular.info\\\/wp-content\\\/uploads\\\/2023\\\/07\\\/06121603_66622_GD.jpg\",\"contentUrl\":\"https:\\\/\\\/folhapopular.info\\\/wp-content\\\/uploads\\\/2023\\\/07\\\/06121603_66622_GD.jpg\",\"width\":800,\"height\":450,\"caption\":\"Cr\u00e9dito: J\u00e9ssica Alexandra \\\/ Divulga\u00e7\u00e3o\"},{\"@type\":\"BreadcrumbList\",\"@id\":\"https:\\\/\\\/folhapopular.info\\\/index.php\\\/2023\\\/07\\\/09\\\/comitiva-gaucha-pede-r-2-bilhoes-para-socorrer-setor-da-proteina-animal\\\/#breadcrumb\",\"itemListElement\":[{\"@type\":\"ListItem\",\"position\":1,\"name\":\"In\u00edcio\",\"item\":\"https:\\\/\\\/folhapopular.info\\\/\"},{\"@type\":\"ListItem\",\"position\":2,\"name\":\"Comitiva ga\u00facha pede R$ 2 bilh\u00f5es para socorrer setor da prote\u00edna animal\"}]},{\"@type\":\"WebSite\",\"@id\":\"https:\\\/\\\/folhapopular.info\\\/#website\",\"url\":\"https:\\\/\\\/folhapopular.info\\\/\",\"name\":\"Folha Popular\",\"description\":\"Onde voc\u00ea tem vez e voz\",\"potentialAction\":[{\"@type\":\"SearchAction\",\"target\":{\"@type\":\"EntryPoint\",\"urlTemplate\":\"https:\\\/\\\/folhapopular.info\\\/?s={search_term_string}\"},\"query-input\":{\"@type\":\"PropertyValueSpecification\",\"valueRequired\":true,\"valueName\":\"search_term_string\"}}],\"inLanguage\":\"pt-BR\"},{\"@type\":\"Person\",\"@id\":\"https:\\\/\\\/folhapopular.info\\\/#\\\/schema\\\/person\\\/2814e8a0df7643585a9ca38bc6eb9d4b\",\"name\":\"Reda\u00e7\u00e3o Folha Popular\",\"image\":{\"@type\":\"ImageObject\",\"inLanguage\":\"pt-BR\",\"@id\":\"https:\\\/\\\/folhapopular.info\\\/wp-content\\\/uploads\\\/2026\\\/04\\\/Folha-1.webp\",\"url\":\"https:\\\/\\\/folhapopular.info\\\/wp-content\\\/uploads\\\/2026\\\/04\\\/Folha-1.webp\",\"contentUrl\":\"https:\\\/\\\/folhapopular.info\\\/wp-content\\\/uploads\\\/2026\\\/04\\\/Folha-1.webp\",\"caption\":\"Reda\u00e7\u00e3o Folha Popular\"},\"url\":\"https:\\\/\\\/folhapopular.info\\\/index.php\\\/author\\\/redacao\\\/\"}]}<\/script>\n<!-- \/ Yoast SEO plugin. -->","yoast_head_json":{"title":"Comitiva ga\u00facha pede R$ 2 bilh\u00f5es para socorrer setor da prote\u00edna animal - Folha Popular","robots":{"index":"index","follow":"follow","max-snippet":"max-snippet:-1","max-image-preview":"max-image-preview:large","max-video-preview":"max-video-preview:-1"},"canonical":"https:\/\/folhapopular.info\/index.php\/2023\/07\/09\/comitiva-gaucha-pede-r-2-bilhoes-para-socorrer-setor-da-proteina-animal\/","og_locale":"pt_BR","og_type":"article","og_title":"Comitiva ga\u00facha pede R$ 2 bilh\u00f5es para socorrer setor da prote\u00edna animal - Folha Popular","og_description":"Uma comitiva ga\u00facha formada por 25 integrantes, entre secret\u00e1rios de Estado, representantes de bancos, lideran\u00e7as de entidades e deputados estaduais da Frente Parlamentar da Agropecu\u00e1ria Ga\u00facha, estiveram em audi\u00eancia p\u00fablica com o diretor de opera\u00e7\u00f5es financeiras do Banco Nacional de Desenvolvimento Econ\u00f4mico e Social (BNDES), Alexandre Abreu. O encontro foi realizado na quarta-feira (5\/7), no [&hellip;]","og_url":"https:\/\/folhapopular.info\/index.php\/2023\/07\/09\/comitiva-gaucha-pede-r-2-bilhoes-para-socorrer-setor-da-proteina-animal\/","og_site_name":"Folha Popular","article_published_time":"2023-07-09T22:58:35+00:00","article_modified_time":"2023-07-09T22:59:50+00:00","og_image":[{"width":800,"height":450,"url":"http:\/\/folhapopular.info\/wp-content\/uploads\/2023\/07\/06121603_66622_GD.jpg","type":"image\/jpeg"}],"author":"Reda\u00e7\u00e3o Folha Popular","twitter_card":"summary_large_image","twitter_misc":{"Escrito por":"Reda\u00e7\u00e3o Folha Popular","Est. tempo de leitura":"2 minutos"},"schema":{"@context":"https:\/\/schema.org","@graph":[{"@type":"Article","@id":"https:\/\/folhapopular.info\/index.php\/2023\/07\/09\/comitiva-gaucha-pede-r-2-bilhoes-para-socorrer-setor-da-proteina-animal\/#article","isPartOf":{"@id":"https:\/\/folhapopular.info\/index.php\/2023\/07\/09\/comitiva-gaucha-pede-r-2-bilhoes-para-socorrer-setor-da-proteina-animal\/"},"author":{"name":"Reda\u00e7\u00e3o Folha Popular","@id":"https:\/\/folhapopular.info\/#\/schema\/person\/2814e8a0df7643585a9ca38bc6eb9d4b"},"headline":"Comitiva ga\u00facha pede R$ 2 bilh\u00f5es para socorrer setor da prote\u00edna animal","datePublished":"2023-07-09T22:58:35+00:00","dateModified":"2023-07-09T22:59:50+00:00","mainEntityOfPage":{"@id":"https:\/\/folhapopular.info\/index.php\/2023\/07\/09\/comitiva-gaucha-pede-r-2-bilhoes-para-socorrer-setor-da-proteina-animal\/"},"wordCount":377,"commentCount":0,"image":{"@id":"https:\/\/folhapopular.info\/index.php\/2023\/07\/09\/comitiva-gaucha-pede-r-2-bilhoes-para-socorrer-setor-da-proteina-animal\/#primaryimage"},"thumbnailUrl":"https:\/\/folhapopular.info\/wp-content\/uploads\/2023\/07\/06121603_66622_GD.jpg","keywords":["BNDES","Federasul","frente parlamentar da agropecu\u00e1ria ga\u00facha","linha de cr\u00e9dito","Prote\u00edna animal"],"articleSection":["Coopop","Destaques","Economia"],"inLanguage":"pt-BR","potentialAction":[{"@type":"CommentAction","name":"Comment","target":["https:\/\/folhapopular.info\/index.php\/2023\/07\/09\/comitiva-gaucha-pede-r-2-bilhoes-para-socorrer-setor-da-proteina-animal\/#respond"]}]},{"@type":"WebPage","@id":"https:\/\/folhapopular.info\/index.php\/2023\/07\/09\/comitiva-gaucha-pede-r-2-bilhoes-para-socorrer-setor-da-proteina-animal\/","url":"https:\/\/folhapopular.info\/index.php\/2023\/07\/09\/comitiva-gaucha-pede-r-2-bilhoes-para-socorrer-setor-da-proteina-animal\/","name":"Comitiva ga\u00facha pede R$ 2 bilh\u00f5es para socorrer setor da prote\u00edna animal - Folha Popular","isPartOf":{"@id":"https:\/\/folhapopular.info\/#website"},"primaryImageOfPage":{"@id":"https:\/\/folhapopular.info\/index.php\/2023\/07\/09\/comitiva-gaucha-pede-r-2-bilhoes-para-socorrer-setor-da-proteina-animal\/#primaryimage"},"image":{"@id":"https:\/\/folhapopular.info\/index.php\/2023\/07\/09\/comitiva-gaucha-pede-r-2-bilhoes-para-socorrer-setor-da-proteina-animal\/#primaryimage"},"thumbnailUrl":"https:\/\/folhapopular.info\/wp-content\/uploads\/2023\/07\/06121603_66622_GD.jpg","datePublished":"2023-07-09T22:58:35+00:00","dateModified":"2023-07-09T22:59:50+00:00","author":{"@id":"https:\/\/folhapopular.info\/#\/schema\/person\/2814e8a0df7643585a9ca38bc6eb9d4b"},"breadcrumb":{"@id":"https:\/\/folhapopular.info\/index.php\/2023\/07\/09\/comitiva-gaucha-pede-r-2-bilhoes-para-socorrer-setor-da-proteina-animal\/#breadcrumb"},"inLanguage":"pt-BR","potentialAction":[{"@type":"ReadAction","target":["https:\/\/folhapopular.info\/index.php\/2023\/07\/09\/comitiva-gaucha-pede-r-2-bilhoes-para-socorrer-setor-da-proteina-animal\/"]}]},{"@type":"ImageObject","inLanguage":"pt-BR","@id":"https:\/\/folhapopular.info\/index.php\/2023\/07\/09\/comitiva-gaucha-pede-r-2-bilhoes-para-socorrer-setor-da-proteina-animal\/#primaryimage","url":"https:\/\/folhapopular.info\/wp-content\/uploads\/2023\/07\/06121603_66622_GD.jpg","contentUrl":"https:\/\/folhapopular.info\/wp-content\/uploads\/2023\/07\/06121603_66622_GD.jpg","width":800,"height":450,"caption":"Cr\u00e9dito: J\u00e9ssica Alexandra \/ Divulga\u00e7\u00e3o"},{"@type":"BreadcrumbList","@id":"https:\/\/folhapopular.info\/index.php\/2023\/07\/09\/comitiva-gaucha-pede-r-2-bilhoes-para-socorrer-setor-da-proteina-animal\/#breadcrumb","itemListElement":[{"@type":"ListItem","position":1,"name":"In\u00edcio","item":"https:\/\/folhapopular.info\/"},{"@type":"ListItem","position":2,"name":"Comitiva ga\u00facha pede R$ 2 bilh\u00f5es para socorrer setor da prote\u00edna animal"}]},{"@type":"WebSite","@id":"https:\/\/folhapopular.info\/#website","url":"https:\/\/folhapopular.info\/","name":"Folha Popular","description":"Onde voc\u00ea tem vez e voz","potentialAction":[{"@type":"SearchAction","target":{"@type":"EntryPoint","urlTemplate":"https:\/\/folhapopular.info\/?s={search_term_string}"},"query-input":{"@type":"PropertyValueSpecification","valueRequired":true,"valueName":"search_term_string"}}],"inLanguage":"pt-BR"},{"@type":"Person","@id":"https:\/\/folhapopular.info\/#\/schema\/person\/2814e8a0df7643585a9ca38bc6eb9d4b","name":"Reda\u00e7\u00e3o Folha Popular","image":{"@type":"ImageObject","inLanguage":"pt-BR","@id":"https:\/\/folhapopular.info\/wp-content\/uploads\/2026\/04\/Folha-1.webp","url":"https:\/\/folhapopular.info\/wp-content\/uploads\/2026\/04\/Folha-1.webp","contentUrl":"https:\/\/folhapopular.info\/wp-content\/uploads\/2026\/04\/Folha-1.webp","caption":"Reda\u00e7\u00e3o Folha Popular"},"url":"https:\/\/folhapopular.info\/index.php\/author\/redacao\/"}]}},"jetpack_featured_media_url":"https:\/\/folhapopular.info\/wp-content\/uploads\/2023\/07\/06121603_66622_GD.jpg","jetpack_sharing_enabled":true,"amp_enabled":true,"_links":{"self":[{"href":"https:\/\/folhapopular.info\/index.php\/wp-json\/wp\/v2\/posts\/132614","targetHints":{"allow":["GET"]}}],"collection":[{"href":"https:\/\/folhapopular.info\/index.php\/wp-json\/wp\/v2\/posts"}],"about":[{"href":"https:\/\/folhapopular.info\/index.php\/wp-json\/wp\/v2\/types\/post"}],"author":[{"embeddable":true,"href":"https:\/\/folhapopular.info\/index.php\/wp-json\/wp\/v2\/users\/8"}],"replies":[{"embeddable":true,"href":"https:\/\/folhapopular.info\/index.php\/wp-json\/wp\/v2\/comments?post=132614"}],"version-history":[{"count":0,"href":"https:\/\/folhapopular.info\/index.php\/wp-json\/wp\/v2\/posts\/132614\/revisions"}],"wp:featuredmedia":[{"embeddable":true,"href":"https:\/\/folhapopular.info\/index.php\/wp-json\/wp\/v2\/media\/132615"}],"wp:attachment":[{"href":"https:\/\/folhapopular.info\/index.php\/wp-json\/wp\/v2\/media?parent=132614"}],"wp:term":[{"taxonomy":"category","embeddable":true,"href":"https:\/\/folhapopular.info\/index.php\/wp-json\/wp\/v2\/categories?post=132614"},{"taxonomy":"post_tag","embeddable":true,"href":"https:\/\/folhapopular.info\/index.php\/wp-json\/wp\/v2\/tags?post=132614"}],"curies":[{"name":"wp","href":"https:\/\/api.w.org\/{rel}","templated":true}]}}