{"id":132619,"date":"2023-07-10T07:03:00","date_gmt":"2023-07-10T10:03:00","guid":{"rendered":"https:\/\/folhapopular.info\/?p=132619"},"modified":"2023-07-09T20:13:21","modified_gmt":"2023-07-09T23:13:21","slug":"exportacoes-de-carne-de-frango-fecham-1-semestre-com-alta-de-85","status":"publish","type":"post","link":"https:\/\/folhapopular.info\/index.php\/2023\/07\/10\/exportacoes-de-carne-de-frango-fecham-1-semestre-com-alta-de-85\/","title":{"rendered":"Exporta\u00e7\u00f5es de carne de frango fecham 1\u00b0 semestre com alta de 8,5%"},"content":{"rendered":"\n<p>As exporta\u00e7\u00f5es brasileiras de carne de frango (considerando todos os produtos, entre <em>in natura<\/em> e processados) totalizaram 2,629 milh\u00f5es de toneladas no primeiro semestre de 2023, segundo a Associa\u00e7\u00e3o Brasileira de Prote\u00edna Animal (ABPA). <\/p>\n\n\n\n<p>O n\u00famero supera em 8,5% as vendas internacionais realizadas nos seis primeiros meses de 2022, com 2,423 milh\u00f5es de toneladas.\u00a0<\/p>\n\n\n\n<p>A receita acumulada ao longo do primeiro semestre alcan\u00e7ou US$ 5,168 bilh\u00f5es, saldo que supera em 9,3% os n\u00fameros acumulados entre janeiro e junho de 2022, com US$ 4,728 bilh\u00f5es.<\/p>\n\n\n\n<p>Considerando apenas o m\u00eas de junho, as exporta\u00e7\u00f5es brasileiras de carne de frango alcan\u00e7aram 446,2 mil toneladas, n\u00famero 3,2% superior ao registrado no mesmo per\u00edodo de 2022, com 432,5 mil toneladas. <\/p>\n\n\n\n<p>A receita gerada pelas exporta\u00e7\u00f5es chegou a US$ 887,5 milh\u00f5es, n\u00famero 6,7% menor que os US$ 951,7 milh\u00f5es registrados em junho de 2022.\u00a0<\/p>\n\n\n\n<h2 class=\"wp-block-heading\"><strong>Exporta\u00e7\u00e3o e importa\u00e7\u00e3o<\/strong><\/h2>\n\n\n\n<p>No levantamento por pa\u00edses, a China segue como principal destino, com 390,7 mil toneladas importadas entre janeiro e junho (superando em 33% o resultado alcan\u00e7ado no primeiro semestre de 2022). <\/p>\n\n\n\n<p>Em seguida est\u00e3o o Jap\u00e3o, com 219,8 mil toneladas (+8,5%), Emirados \u00c1rabes Unidos, com 200,1 mil toneladas (-18,3%), \u00c1frica do Sul, com 189,7 mil toneladas (+16,5%) e Ar\u00e1bia Saudita, com 176,8 mil toneladas (+8,4%).<\/p>\n\n\n\n<p>Entre os estados exportadores, o Paran\u00e1 segue na lideran\u00e7a, com 1,090 milh\u00e3o de toneladas nos seis primeiros meses deste ano (+11,1% em rela\u00e7\u00e3o ao primeiro semestre de 2022), seguido por Santa Catarina, com 545,5 mil toneladas (+7,44%), Rio Grande do Sul, com 372,7 mil toneladas (-1,9%), S\u00e3o Paulo, com 151,4 mil toneladas (+17%) e Goi\u00e1s, com 120,4 mil toneladas (30,8%).&nbsp;<\/p>\n\n\n\n<p>O presidente da ABPA, Ricardo Santin, explica que, ao longo deste ano, foram registradas eleva\u00e7\u00f5es em praticamente todos os destinos de exporta\u00e7\u00f5es do Brasil, especialmente na \u00c1sia. <\/p>\n\n\n\n<p>&#8220;O comportamento positivo das exporta\u00e7\u00f5es em n\u00edveis mensais m\u00e9dios pr\u00f3ximos das 440 mil toneladas \u00e9 uma sinaliza\u00e7\u00e3o importante da confian\u00e7a dos mercados na qualidade do produto, na biosseguran\u00e7a da produ\u00e7\u00e3o e na transpar\u00eancia e efetividade do trabalho do Minist\u00e9rio da Agricultura e demais \u00f3rg\u00e3os do Brasil sobre o monitoramento da Influenza Avi\u00e1ria\u201d, ressalta.<\/p>\n","protected":false},"excerpt":{"rendered":"<p>As exporta\u00e7\u00f5es brasileiras de carne de frango (considerando todos os produtos, entre in natura e processados) totalizaram 2,629 milh\u00f5es de toneladas no primeiro semestre de 2023, segundo a Associa\u00e7\u00e3o Brasileira de Prote\u00edna Animal (ABPA). O n\u00famero supera em 8,5% as vendas internacionais realizadas nos seis primeiros meses de 2022, com 2,423 milh\u00f5es de toneladas.\u00a0 A [&hellip;]<\/p>\n","protected":false},"author":8,"featured_media":132620,"comment_status":"open","ping_status":"open","sticky":false,"template":"","format":"standard","meta":{"pmpro_default_level":"","_jetpack_memberships_contains_paid_content":false,"footnotes":""},"categories":[2,10991],"tags":[9134,6114,11142,9196,10688],"class_list":{"0":"post-132619","1":"post","2":"type-post","3":"status-publish","4":"format-standard","5":"has-post-thumbnail","7":"category-featured","8":"category-economia","9":"tag-abpa","10":"tag-carne","11":"tag-carne-de-frango","12":"tag-exportacao","13":"tag-proteina-animal","14":"pmpro-has-access"},"yoast_head":"<!-- This site is optimized with the Yoast SEO plugin v27.5 - https:\/\/yoast.com\/product\/yoast-seo-wordpress\/ -->\n<title>Exporta\u00e7\u00f5es de carne de frango fecham 1\u00b0 semestre com alta de 8,5% - Folha Popular<\/title>\n<meta name=\"robots\" content=\"index, follow, max-snippet:-1, max-image-preview:large, max-video-preview:-1\" \/>\n<link rel=\"canonical\" href=\"https:\/\/folhapopular.info\/index.php\/2023\/07\/10\/exportacoes-de-carne-de-frango-fecham-1-semestre-com-alta-de-85\/\" \/>\n<meta property=\"og:locale\" content=\"pt_BR\" \/>\n<meta property=\"og:type\" content=\"article\" \/>\n<meta property=\"og:title\" content=\"Exporta\u00e7\u00f5es de carne de frango fecham 1\u00b0 semestre com alta de 8,5% - Folha Popular\" \/>\n<meta property=\"og:description\" content=\"As exporta\u00e7\u00f5es brasileiras de carne de frango (considerando todos os produtos, entre in natura e processados) totalizaram 2,629 milh\u00f5es de toneladas no primeiro semestre de 2023, segundo a Associa\u00e7\u00e3o Brasileira de Prote\u00edna Animal (ABPA). O n\u00famero supera em 8,5% as vendas internacionais realizadas nos seis primeiros meses de 2022, com 2,423 milh\u00f5es de toneladas.\u00a0 A [&hellip;]\" \/>\n<meta property=\"og:url\" content=\"https:\/\/folhapopular.info\/index.php\/2023\/07\/10\/exportacoes-de-carne-de-frango-fecham-1-semestre-com-alta-de-85\/\" \/>\n<meta property=\"og:site_name\" content=\"Folha Popular\" \/>\n<meta property=\"article:published_time\" content=\"2023-07-10T10:03:00+00:00\" \/>\n<meta property=\"og:image\" content=\"https:\/\/folhapopular.info\/wp-content\/uploads\/2023\/07\/pexels-italo-melo-2446695.jpg\" \/>\n\t<meta property=\"og:image:width\" content=\"1280\" \/>\n\t<meta property=\"og:image:height\" content=\"914\" \/>\n\t<meta property=\"og:image:type\" content=\"image\/jpeg\" \/>\n<meta name=\"author\" content=\"Reda\u00e7\u00e3o Folha Popular\" \/>\n<meta name=\"twitter:card\" content=\"summary_large_image\" \/>\n<meta name=\"twitter:label1\" content=\"Escrito por\" \/>\n\t<meta name=\"twitter:data1\" content=\"Reda\u00e7\u00e3o Folha Popular\" \/>\n\t<meta name=\"twitter:label2\" content=\"Est. tempo de leitura\" \/>\n\t<meta name=\"twitter:data2\" content=\"2 minutos\" \/>\n<script type=\"application\/ld+json\" class=\"yoast-schema-graph\">{\"@context\":\"https:\\\/\\\/schema.org\",\"@graph\":[{\"@type\":\"Article\",\"@id\":\"https:\\\/\\\/folhapopular.info\\\/index.php\\\/2023\\\/07\\\/10\\\/exportacoes-de-carne-de-frango-fecham-1-semestre-com-alta-de-85\\\/#article\",\"isPartOf\":{\"@id\":\"https:\\\/\\\/folhapopular.info\\\/index.php\\\/2023\\\/07\\\/10\\\/exportacoes-de-carne-de-frango-fecham-1-semestre-com-alta-de-85\\\/\"},\"author\":{\"name\":\"Reda\u00e7\u00e3o Folha Popular\",\"@id\":\"https:\\\/\\\/folhapopular.info\\\/#\\\/schema\\\/person\\\/2814e8a0df7643585a9ca38bc6eb9d4b\"},\"headline\":\"Exporta\u00e7\u00f5es de carne de frango fecham 1\u00b0 semestre com alta de 8,5%\",\"datePublished\":\"2023-07-10T10:03:00+00:00\",\"mainEntityOfPage\":{\"@id\":\"https:\\\/\\\/folhapopular.info\\\/index.php\\\/2023\\\/07\\\/10\\\/exportacoes-de-carne-de-frango-fecham-1-semestre-com-alta-de-85\\\/\"},\"wordCount\":363,\"commentCount\":0,\"image\":{\"@id\":\"https:\\\/\\\/folhapopular.info\\\/index.php\\\/2023\\\/07\\\/10\\\/exportacoes-de-carne-de-frango-fecham-1-semestre-com-alta-de-85\\\/#primaryimage\"},\"thumbnailUrl\":\"https:\\\/\\\/folhapopular.info\\\/wp-content\\\/uploads\\\/2023\\\/07\\\/pexels-italo-melo-2446695.jpg\",\"keywords\":[\"ABPA\",\"carne\",\"carne de frango\",\"Exporta\u00e7\u00e3o\",\"Prote\u00edna animal\"],\"articleSection\":[\"Destaques\",\"Economia\"],\"inLanguage\":\"pt-BR\",\"potentialAction\":[{\"@type\":\"CommentAction\",\"name\":\"Comment\",\"target\":[\"https:\\\/\\\/folhapopular.info\\\/index.php\\\/2023\\\/07\\\/10\\\/exportacoes-de-carne-de-frango-fecham-1-semestre-com-alta-de-85\\\/#respond\"]}]},{\"@type\":\"WebPage\",\"@id\":\"https:\\\/\\\/folhapopular.info\\\/index.php\\\/2023\\\/07\\\/10\\\/exportacoes-de-carne-de-frango-fecham-1-semestre-com-alta-de-85\\\/\",\"url\":\"https:\\\/\\\/folhapopular.info\\\/index.php\\\/2023\\\/07\\\/10\\\/exportacoes-de-carne-de-frango-fecham-1-semestre-com-alta-de-85\\\/\",\"name\":\"Exporta\u00e7\u00f5es de carne de frango fecham 1\u00b0 semestre com alta de 8,5% - Folha Popular\",\"isPartOf\":{\"@id\":\"https:\\\/\\\/folhapopular.info\\\/#website\"},\"primaryImageOfPage\":{\"@id\":\"https:\\\/\\\/folhapopular.info\\\/index.php\\\/2023\\\/07\\\/10\\\/exportacoes-de-carne-de-frango-fecham-1-semestre-com-alta-de-85\\\/#primaryimage\"},\"image\":{\"@id\":\"https:\\\/\\\/folhapopular.info\\\/index.php\\\/2023\\\/07\\\/10\\\/exportacoes-de-carne-de-frango-fecham-1-semestre-com-alta-de-85\\\/#primaryimage\"},\"thumbnailUrl\":\"https:\\\/\\\/folhapopular.info\\\/wp-content\\\/uploads\\\/2023\\\/07\\\/pexels-italo-melo-2446695.jpg\",\"datePublished\":\"2023-07-10T10:03:00+00:00\",\"author\":{\"@id\":\"https:\\\/\\\/folhapopular.info\\\/#\\\/schema\\\/person\\\/2814e8a0df7643585a9ca38bc6eb9d4b\"},\"breadcrumb\":{\"@id\":\"https:\\\/\\\/folhapopular.info\\\/index.php\\\/2023\\\/07\\\/10\\\/exportacoes-de-carne-de-frango-fecham-1-semestre-com-alta-de-85\\\/#breadcrumb\"},\"inLanguage\":\"pt-BR\",\"potentialAction\":[{\"@type\":\"ReadAction\",\"target\":[\"https:\\\/\\\/folhapopular.info\\\/index.php\\\/2023\\\/07\\\/10\\\/exportacoes-de-carne-de-frango-fecham-1-semestre-com-alta-de-85\\\/\"]}]},{\"@type\":\"ImageObject\",\"inLanguage\":\"pt-BR\",\"@id\":\"https:\\\/\\\/folhapopular.info\\\/index.php\\\/2023\\\/07\\\/10\\\/exportacoes-de-carne-de-frango-fecham-1-semestre-com-alta-de-85\\\/#primaryimage\",\"url\":\"https:\\\/\\\/folhapopular.info\\\/wp-content\\\/uploads\\\/2023\\\/07\\\/pexels-italo-melo-2446695.jpg\",\"contentUrl\":\"https:\\\/\\\/folhapopular.info\\\/wp-content\\\/uploads\\\/2023\\\/07\\\/pexels-italo-melo-2446695.jpg\",\"width\":1280,\"height\":914,\"caption\":\"Cr\u00e9dito: Pexels\"},{\"@type\":\"BreadcrumbList\",\"@id\":\"https:\\\/\\\/folhapopular.info\\\/index.php\\\/2023\\\/07\\\/10\\\/exportacoes-de-carne-de-frango-fecham-1-semestre-com-alta-de-85\\\/#breadcrumb\",\"itemListElement\":[{\"@type\":\"ListItem\",\"position\":1,\"name\":\"In\u00edcio\",\"item\":\"https:\\\/\\\/folhapopular.info\\\/\"},{\"@type\":\"ListItem\",\"position\":2,\"name\":\"Exporta\u00e7\u00f5es de carne de frango fecham 1\u00b0 semestre com alta de 8,5%\"}]},{\"@type\":\"WebSite\",\"@id\":\"https:\\\/\\\/folhapopular.info\\\/#website\",\"url\":\"https:\\\/\\\/folhapopular.info\\\/\",\"name\":\"Folha Popular\",\"description\":\"Onde voc\u00ea tem vez e voz\",\"potentialAction\":[{\"@type\":\"SearchAction\",\"target\":{\"@type\":\"EntryPoint\",\"urlTemplate\":\"https:\\\/\\\/folhapopular.info\\\/?s={search_term_string}\"},\"query-input\":{\"@type\":\"PropertyValueSpecification\",\"valueRequired\":true,\"valueName\":\"search_term_string\"}}],\"inLanguage\":\"pt-BR\"},{\"@type\":\"Person\",\"@id\":\"https:\\\/\\\/folhapopular.info\\\/#\\\/schema\\\/person\\\/2814e8a0df7643585a9ca38bc6eb9d4b\",\"name\":\"Reda\u00e7\u00e3o Folha Popular\",\"image\":{\"@type\":\"ImageObject\",\"inLanguage\":\"pt-BR\",\"@id\":\"https:\\\/\\\/folhapopular.info\\\/wp-content\\\/uploads\\\/2026\\\/04\\\/Folha-1.webp\",\"url\":\"https:\\\/\\\/folhapopular.info\\\/wp-content\\\/uploads\\\/2026\\\/04\\\/Folha-1.webp\",\"contentUrl\":\"https:\\\/\\\/folhapopular.info\\\/wp-content\\\/uploads\\\/2026\\\/04\\\/Folha-1.webp\",\"caption\":\"Reda\u00e7\u00e3o Folha Popular\"},\"url\":\"https:\\\/\\\/folhapopular.info\\\/index.php\\\/author\\\/redacao\\\/\"}]}<\/script>\n<!-- \/ Yoast SEO plugin. -->","yoast_head_json":{"title":"Exporta\u00e7\u00f5es de carne de frango fecham 1\u00b0 semestre com alta de 8,5% - Folha Popular","robots":{"index":"index","follow":"follow","max-snippet":"max-snippet:-1","max-image-preview":"max-image-preview:large","max-video-preview":"max-video-preview:-1"},"canonical":"https:\/\/folhapopular.info\/index.php\/2023\/07\/10\/exportacoes-de-carne-de-frango-fecham-1-semestre-com-alta-de-85\/","og_locale":"pt_BR","og_type":"article","og_title":"Exporta\u00e7\u00f5es de carne de frango fecham 1\u00b0 semestre com alta de 8,5% - Folha Popular","og_description":"As exporta\u00e7\u00f5es brasileiras de carne de frango (considerando todos os produtos, entre in natura e processados) totalizaram 2,629 milh\u00f5es de toneladas no primeiro semestre de 2023, segundo a Associa\u00e7\u00e3o Brasileira de Prote\u00edna Animal (ABPA). O n\u00famero supera em 8,5% as vendas internacionais realizadas nos seis primeiros meses de 2022, com 2,423 milh\u00f5es de toneladas.\u00a0 A [&hellip;]","og_url":"https:\/\/folhapopular.info\/index.php\/2023\/07\/10\/exportacoes-de-carne-de-frango-fecham-1-semestre-com-alta-de-85\/","og_site_name":"Folha Popular","article_published_time":"2023-07-10T10:03:00+00:00","og_image":[{"width":1280,"height":914,"url":"https:\/\/folhapopular.info\/wp-content\/uploads\/2023\/07\/pexels-italo-melo-2446695.jpg","type":"image\/jpeg"}],"author":"Reda\u00e7\u00e3o Folha Popular","twitter_card":"summary_large_image","twitter_misc":{"Escrito por":"Reda\u00e7\u00e3o Folha Popular","Est. tempo de leitura":"2 minutos"},"schema":{"@context":"https:\/\/schema.org","@graph":[{"@type":"Article","@id":"https:\/\/folhapopular.info\/index.php\/2023\/07\/10\/exportacoes-de-carne-de-frango-fecham-1-semestre-com-alta-de-85\/#article","isPartOf":{"@id":"https:\/\/folhapopular.info\/index.php\/2023\/07\/10\/exportacoes-de-carne-de-frango-fecham-1-semestre-com-alta-de-85\/"},"author":{"name":"Reda\u00e7\u00e3o Folha Popular","@id":"https:\/\/folhapopular.info\/#\/schema\/person\/2814e8a0df7643585a9ca38bc6eb9d4b"},"headline":"Exporta\u00e7\u00f5es de carne de frango fecham 1\u00b0 semestre com alta de 8,5%","datePublished":"2023-07-10T10:03:00+00:00","mainEntityOfPage":{"@id":"https:\/\/folhapopular.info\/index.php\/2023\/07\/10\/exportacoes-de-carne-de-frango-fecham-1-semestre-com-alta-de-85\/"},"wordCount":363,"commentCount":0,"image":{"@id":"https:\/\/folhapopular.info\/index.php\/2023\/07\/10\/exportacoes-de-carne-de-frango-fecham-1-semestre-com-alta-de-85\/#primaryimage"},"thumbnailUrl":"https:\/\/folhapopular.info\/wp-content\/uploads\/2023\/07\/pexels-italo-melo-2446695.jpg","keywords":["ABPA","carne","carne de frango","Exporta\u00e7\u00e3o","Prote\u00edna animal"],"articleSection":["Destaques","Economia"],"inLanguage":"pt-BR","potentialAction":[{"@type":"CommentAction","name":"Comment","target":["https:\/\/folhapopular.info\/index.php\/2023\/07\/10\/exportacoes-de-carne-de-frango-fecham-1-semestre-com-alta-de-85\/#respond"]}]},{"@type":"WebPage","@id":"https:\/\/folhapopular.info\/index.php\/2023\/07\/10\/exportacoes-de-carne-de-frango-fecham-1-semestre-com-alta-de-85\/","url":"https:\/\/folhapopular.info\/index.php\/2023\/07\/10\/exportacoes-de-carne-de-frango-fecham-1-semestre-com-alta-de-85\/","name":"Exporta\u00e7\u00f5es de carne de frango fecham 1\u00b0 semestre com alta de 8,5% - Folha Popular","isPartOf":{"@id":"https:\/\/folhapopular.info\/#website"},"primaryImageOfPage":{"@id":"https:\/\/folhapopular.info\/index.php\/2023\/07\/10\/exportacoes-de-carne-de-frango-fecham-1-semestre-com-alta-de-85\/#primaryimage"},"image":{"@id":"https:\/\/folhapopular.info\/index.php\/2023\/07\/10\/exportacoes-de-carne-de-frango-fecham-1-semestre-com-alta-de-85\/#primaryimage"},"thumbnailUrl":"https:\/\/folhapopular.info\/wp-content\/uploads\/2023\/07\/pexels-italo-melo-2446695.jpg","datePublished":"2023-07-10T10:03:00+00:00","author":{"@id":"https:\/\/folhapopular.info\/#\/schema\/person\/2814e8a0df7643585a9ca38bc6eb9d4b"},"breadcrumb":{"@id":"https:\/\/folhapopular.info\/index.php\/2023\/07\/10\/exportacoes-de-carne-de-frango-fecham-1-semestre-com-alta-de-85\/#breadcrumb"},"inLanguage":"pt-BR","potentialAction":[{"@type":"ReadAction","target":["https:\/\/folhapopular.info\/index.php\/2023\/07\/10\/exportacoes-de-carne-de-frango-fecham-1-semestre-com-alta-de-85\/"]}]},{"@type":"ImageObject","inLanguage":"pt-BR","@id":"https:\/\/folhapopular.info\/index.php\/2023\/07\/10\/exportacoes-de-carne-de-frango-fecham-1-semestre-com-alta-de-85\/#primaryimage","url":"https:\/\/folhapopular.info\/wp-content\/uploads\/2023\/07\/pexels-italo-melo-2446695.jpg","contentUrl":"https:\/\/folhapopular.info\/wp-content\/uploads\/2023\/07\/pexels-italo-melo-2446695.jpg","width":1280,"height":914,"caption":"Cr\u00e9dito: Pexels"},{"@type":"BreadcrumbList","@id":"https:\/\/folhapopular.info\/index.php\/2023\/07\/10\/exportacoes-de-carne-de-frango-fecham-1-semestre-com-alta-de-85\/#breadcrumb","itemListElement":[{"@type":"ListItem","position":1,"name":"In\u00edcio","item":"https:\/\/folhapopular.info\/"},{"@type":"ListItem","position":2,"name":"Exporta\u00e7\u00f5es de carne de frango fecham 1\u00b0 semestre com alta de 8,5%"}]},{"@type":"WebSite","@id":"https:\/\/folhapopular.info\/#website","url":"https:\/\/folhapopular.info\/","name":"Folha Popular","description":"Onde voc\u00ea tem vez e voz","potentialAction":[{"@type":"SearchAction","target":{"@type":"EntryPoint","urlTemplate":"https:\/\/folhapopular.info\/?s={search_term_string}"},"query-input":{"@type":"PropertyValueSpecification","valueRequired":true,"valueName":"search_term_string"}}],"inLanguage":"pt-BR"},{"@type":"Person","@id":"https:\/\/folhapopular.info\/#\/schema\/person\/2814e8a0df7643585a9ca38bc6eb9d4b","name":"Reda\u00e7\u00e3o Folha Popular","image":{"@type":"ImageObject","inLanguage":"pt-BR","@id":"https:\/\/folhapopular.info\/wp-content\/uploads\/2026\/04\/Folha-1.webp","url":"https:\/\/folhapopular.info\/wp-content\/uploads\/2026\/04\/Folha-1.webp","contentUrl":"https:\/\/folhapopular.info\/wp-content\/uploads\/2026\/04\/Folha-1.webp","caption":"Reda\u00e7\u00e3o Folha Popular"},"url":"https:\/\/folhapopular.info\/index.php\/author\/redacao\/"}]}},"jetpack_featured_media_url":"https:\/\/folhapopular.info\/wp-content\/uploads\/2023\/07\/pexels-italo-melo-2446695.jpg","jetpack_sharing_enabled":true,"amp_enabled":true,"_links":{"self":[{"href":"https:\/\/folhapopular.info\/index.php\/wp-json\/wp\/v2\/posts\/132619","targetHints":{"allow":["GET"]}}],"collection":[{"href":"https:\/\/folhapopular.info\/index.php\/wp-json\/wp\/v2\/posts"}],"about":[{"href":"https:\/\/folhapopular.info\/index.php\/wp-json\/wp\/v2\/types\/post"}],"author":[{"embeddable":true,"href":"https:\/\/folhapopular.info\/index.php\/wp-json\/wp\/v2\/users\/8"}],"replies":[{"embeddable":true,"href":"https:\/\/folhapopular.info\/index.php\/wp-json\/wp\/v2\/comments?post=132619"}],"version-history":[{"count":0,"href":"https:\/\/folhapopular.info\/index.php\/wp-json\/wp\/v2\/posts\/132619\/revisions"}],"wp:featuredmedia":[{"embeddable":true,"href":"https:\/\/folhapopular.info\/index.php\/wp-json\/wp\/v2\/media\/132620"}],"wp:attachment":[{"href":"https:\/\/folhapopular.info\/index.php\/wp-json\/wp\/v2\/media?parent=132619"}],"wp:term":[{"taxonomy":"category","embeddable":true,"href":"https:\/\/folhapopular.info\/index.php\/wp-json\/wp\/v2\/categories?post=132619"},{"taxonomy":"post_tag","embeddable":true,"href":"https:\/\/folhapopular.info\/index.php\/wp-json\/wp\/v2\/tags?post=132619"}],"curies":[{"name":"wp","href":"https:\/\/api.w.org\/{rel}","templated":true}]}}