{"id":132939,"date":"2023-07-11T15:00:20","date_gmt":"2023-07-11T18:00:20","guid":{"rendered":"https:\/\/folhapopular.info\/?p=132939"},"modified":"2023-07-11T15:00:23","modified_gmt":"2023-07-11T18:00:23","slug":"lancada-a-programacao-da-17a-feira-do-livro-de-lajeado","status":"publish","type":"post","link":"https:\/\/folhapopular.info\/index.php\/2023\/07\/11\/lancada-a-programacao-da-17a-feira-do-livro-de-lajeado\/","title":{"rendered":"Lan\u00e7ada a programa\u00e7\u00e3o da 17\u00aa Feira do Livro de Lajeado"},"content":{"rendered":"\n<p>Com o tema \u201cLiteratura \u00e9 m\u00fasica para os olhos\u201d, a Prefeitura e o Sesc de Lajeado lan\u00e7aram a programa\u00e7\u00e3o oficial da 17\u00aa Feira do Livro na  manh\u00e3 desta ter\u00e7a-feira (11\/7). A feira, que ocorre entre os dias 16 e 20 de agosto, ser\u00e1 realizada na Pra\u00e7a Marechal Floriano Peixoto (Pra\u00e7a da Matriz).\u00a0<\/p>\n\n\n\n<p>A\u00a0programa\u00e7\u00e3o envolve encontros com escritores, espet\u00e1culos teatrais, mostras pedag\u00f3gicas, oficinas,\u00a0rodas de conversa,\u00a0horas do conto, shows e lan\u00e7amento de livros. O patrono do evento \u00e9 o escritor \u00c1lvaro Santi, e a escritora homenageada, Rosane Cardoso.<\/p>\n\n\n\n<p>Conforme o secret\u00e1rio de Cultura, Esporte e Lazer de Lajeado, Carlos Rodrigo Reckziegel, neste ano ser\u00e1 fechada a Rua Borges de Medeiros para posicionar o palco principal da feira e aproximar as atividades art\u00edsticas e culturais da Pra\u00e7a da Matriz. <\/p>\n\n\n\n<p>Santi lembrou da import\u00e2ncia da leitura na sua forma\u00e7\u00e3o. &#8220;Me sinto privilegiado por estar aqui, sendo homenageado como patrono da Feira por ser escritor. Se hoje sou escritor, \u00e9 porque anteriormente eu fui leitor. Pude ter uma educa\u00e7\u00e3o que incentivava a leitura, frequentando bibliotecas, e dali em diante n\u00e3o parei mais. A Feira do Livro n\u00e3o \u00e9 um evento apenas escolar, mas sim um acontecimento de incentivo \u00e0 leitura para jovens e adultos&#8221;, avaliou.<\/p>\n\n\n\n<p>J\u00e1 a escritora homenageada, Rosane Cardoso, lembrou de quando era pequena e frequentava a biblioteca da escola onde a m\u00e3e trabalhava. &#8220;A literatura \u00e9 m\u00fasica para os olhos de quem? Eu tenho certeza que \u00e9 m\u00fasica para a equidade, para olhar para outros e outras, para al\u00e9m da pele, do g\u00eanero e das escolhas de cada um. S\u00f3 posso parabenizar as entidades que buscam fazer da Feira do Livro um lugar que valoriza o conhecimento, a diversidade e a arte&#8221;, destacou.<\/p>\n\n\n\n<p>Novidades podem ser conferidas atrav\u00e9s do <a href=\"http:\/\/instagram.com\/feiradolivrodelajeado\" target=\"_blank\" rel=\"noreferrer noopener\">Instagram da feira<\/a>.<\/p>\n\n\n\n<figure class=\"wp-block-image size-large is-resized\"><img loading=\"lazy\" decoding=\"async\" src=\"https:\/\/folhapopular.info\/wp-content\/uploads\/2023\/07\/Homenagem-aos-escritores-1024x682.jpg\" alt=\"\" class=\"wp-image-132948\" width=\"820\" height=\"563\"\/><figcaption class=\"wp-element-caption\">A gerente do SESC Lajeado, Betina Durayski (e) e a vice-prefeita de Lajeado, Glaucia Schumacher (d), com o patrono e a escritora homenageada. Cr\u00e9dito: AI Prefeitura de Lajeado \/ divulga\u00e7\u00e3o<\/figcaption><\/figure>\n\n\n\n<h2 class=\"wp-block-heading\"><strong>Programa\u00e7\u00e3o completa<\/strong><\/h2>\n\n\n\n<h3 class=\"wp-block-heading\">Dia 16\/08\u00a0\u2013\u00a0Quarta-feira\u00a0\u2013\u00a09h \u00e0s 20h<\/h3>\n\n\n\n<p>9h \u2013 Solenidade de abertura da 17\u00aa Feira do Livro de Lajeado, com apresenta\u00e7\u00e3o musical de Solon Chaves e Vicente Breyer\u00a0\u2013 Palco principal<\/p>\n\n\n\n<p>10h15 \u2013 Encontro com o escritor e m\u00fasico Thedy Corr\u00eaa \u2013 Palco principal (Anos Finais e Ensino M\u00e9dio)<\/p>\n\n\n\n<p>12h \u2013 Coreto Cultural com o grupo M\u00fasica e Cena da Secel \u2013 Coreto da Pra\u00e7a<\/p>\n\n\n\n<p>14h \u2013 Encontro com escritor e m\u00fasico Thedy Corr\u00eaa \u2013 Palco principal (Anos Finais e Ensino M\u00e9dio)<\/p>\n\n\n\n<p>14h \u2013 Encontro com o patrono \u00c1lvaro Santi \u2013 Audit\u00f3rio do Col\u00e9gio Estadual Presidente Castelo Branco (Anos Iniciais)<\/p>\n\n\n\n<p>15h \u2013 Conta\u00e7\u00e3o de hist\u00f3rias com o grupo M\u00fasica e Cena da Secel&nbsp;\u2013&nbsp;Biblioteca P\u00fablica Municipal de Lajeado (Anos Iniciais)<\/p>\n\n\n\n<p>15h \u2013 Hora do conto com o grupo Vivandeiros da Alegria \u2013 Palco principal (Educa\u00e7\u00e3o Infantil e Anos Iniciais)<\/p>\n\n\n\n<p>15h \u2013 Encontro com a escritora homenageada Rosane Cardoso \u2013 Audit\u00f3rio da Casa de Cultura (Anos Finais e Ensino M\u00e9dio)<\/p>\n\n\n\n<p>17h \u2013 Apresenta\u00e7\u00e3o \u201cSom das Cores\u201d&nbsp;\u2013&nbsp;Coreto da Pra\u00e7a<\/p>\n\n\n\n<p>19h \u2013 Pocket Show \u2013 Thedy Corr\u00eaa \u2013 Palco principal<\/p>\n\n\n\n<p>20h \u2013 Encerramento<\/p>\n\n\n\n<h3 class=\"wp-block-heading\">Dia 17\/08\u00a0\u2013\u00a0Quinta-feira \u2013 8h30 \u00e0s 20h30<\/h3>\n\n\n\n<p>8h30 \u2013 Encontro com escritora Deborah Finocchiaro&nbsp;\u2013&nbsp;Audit\u00f3rio do Col\u00e9gio Estadual Presidente Castelo Branco (Anos Finais e Ensino M\u00e9dio)<\/p>\n\n\n\n<p>9h \u2013 Apresenta\u00e7\u00e3o teatral \u201cA Magia do Livro\u201d pelo projeto cultural Livro Que Te Quero Vivo \u2013 Palco principal (Anos Iniciais&nbsp;\u2013&nbsp;4\u00ba e 5\u00ba anos)<\/p>\n\n\n\n<p>9h \u2013 Hora do conto \u201cO \u00d4nibus Musical\u201d com alunas do Magist\u00e9rio do Col\u00e9gio Estadual Presidente Castelo Branco \u2013 Audit\u00f3rio da Casa de Cultura (1\u00ba e 2\u00ba anos)<\/p>\n\n\n\n<p>10h \u2013 Encontro com o patrono \u00c1lvaro Santi \u2013 Audit\u00f3rio do Col\u00e9gio Estadual Presidente Castelo Branco (Anos Finais e Ensino M\u00e9dio)<\/p>\n\n\n\n<p>10h30 \u2013 Hora do conto com o grupo Vivandeiros da Alegria \u2013 Palco principal (Educa\u00e7\u00e3o Infantil e Anos Iniciais)<\/p>\n\n\n\n<p>12h \u2013 Coreto Cultural com o grupo M\u00fasica e Cena da Secel \u2013 Coreto da Pra\u00e7a<\/p>\n\n\n\n<p>14h \u2013 Encontro com escritora Deborah Finocchiaro \u2013 Audit\u00f3rio do Col\u00e9gio Estadual Presidente Castelo Branco (Anos Finais e Ensino M\u00e9dio)<\/p>\n\n\n\n<p>14h \u2013 Hora do conto \u201cO \u00d4nibus Musical\u201d com alunas do Magist\u00e9rio do Col\u00e9gio Estadual Presidente Castelo Branco \u2013 Audit\u00f3rio da Casa de Cultura (1\u00ba e 2\u00ba anos)<\/p>\n\n\n\n<p>14h30 \u2013 Apresenta\u00e7\u00e3o teatral \u201cA Magia do Livro\u201d pelo projeto cultural Livro Que Te Quero Vivo \u2013 Palco principal (Anos Inicias&nbsp;\u2013&nbsp;4\u00ba e 5\u00ba anos)<\/p>\n\n\n\n<p>15h \u2013 Oficina de m\u00fasica com alunas do Magist\u00e9rio do Col\u00e9gio Estadual Presidente Castelo Branco&nbsp;\u2013 Audit\u00f3rio da Casa de Cultura (Anos Iniciais &#8211; 1\u00ba e 2\u00ba anos)<\/p>\n\n\n\n<p>15h45 \u2013 Hora do conto com o grupo Vivandeiros da Alegria \u2013 Palco principal (Educa\u00e7\u00e3o Infantil e Anos Iniciais)<\/p>\n\n\n\n<p>16h \u2013 Encontro Po\u00e9tico com Rotary Club Lajeado Engenho \u2013 Palco principal<\/p>\n\n\n\n<p>17h30 \u2013 Coreto Cultural com o grupo Musica e Cena da Secel \u2013 Coreto da Pra\u00e7a<\/p>\n\n\n\n<p>18h \u2013 Posse do Conselho Municipal de Pol\u00edtica Cultural de Lajeado\/Gest\u00e3o 2023-2025 \u2013 Audit\u00f3rio da Casa de Cultura<\/p>\n\n\n\n<p>19h30 \u2013 Show Tributo Tim Maia com Vagnotreta \u2013 Palco principal<\/p>\n\n\n\n<p>20h30 \u2013 Encerramento<\/p>\n\n\n\n<h3 class=\"wp-block-heading\">Dia 18\/08 \u2013 Sexta-feira \u2013 8h30 \u00e0s 20h30<\/h3>\n\n\n\n<p>8h30 \u2013 Encontro com escritora Eleonora Medeiros \u2013 Palco principal (Educa\u00e7\u00e3o Infantil e Anos Iniciais)<\/p>\n\n\n\n<p>9h \u2013 Oficina de Cinema e Literatura com Univates \u2013 Audit\u00f3rio da Casa de Cultura (Ensino M\u00e9dio)<\/p>\n\n\n\n<p>10h \u2013 Hora do Conto com o grupo Vivandeiros da Alegria \u2013 Palco principal (Educa\u00e7\u00e3o Infantil e Anos Iniciais)<\/p>\n\n\n\n<p>10h \u2013 Hora do conto \u201cO \u00d4nibus Musical\u201d com alunas do Magist\u00e9rio do Col\u00e9gio Estadual Presidente Castelo Branco&nbsp;\u2013 Audit\u00f3rio da Casa de Cultura (1\u00ba e 2\u00ba anos)<\/p>\n\n\n\n<p>10h15 \u2013 Encontro com escritora Deborah Finocchiaro \u2013 Audit\u00f3rio do Col\u00e9gio Estadual Presidente Castelo Branco (Anos Finais e Ensino M\u00e9dio)<\/p>\n\n\n\n<p>12h \u2013 Coreto Cultural com o grupo M\u00fasica e Cena da Secel \u2013 Coreto da Pra\u00e7a<\/p>\n\n\n\n<p>14h \u2013 Hora do conto com o grupo Vivandeiros da Alegria \u2013 Palco principal (Educa\u00e7\u00e3o Infantil e Anos Iniciais)<\/p>\n\n\n\n<p>15h \u2013 Encontro com escritora Eleonora Medeiros \u2013 Palco principal (Educ\u00e7a\u00e3o Infantil e Anos Iniciais)<\/p>\n\n\n\n<p>15h \u2013 Encontro com escritora homenageada Rosane Cardoso \u2013 Audit\u00f3rio da Casa de Cultura (Educa\u00e7\u00e3o Infantil e Anos Iniciais)<\/p>\n\n\n\n<p>15h15 \u2013 Encontro com escritora Deborah Finocchiaro \u2013 Audit\u00f3rio do Col\u00e9gio Estadual Presidente Castelo Branco (Anos Finais e Ensino M\u00e9dio)<\/p>\n\n\n\n<p>16h \u2013 Oficina de m\u00fasica com alunas do Magist\u00e9rio do Col\u00e9gio Estadual Presidente Castelo Branco&nbsp;\u2013 Audit\u00f3rio da Casa de Cultura (1\u00ba e 2\u00ba anos)<\/p>\n\n\n\n<p>17h30 \u2013 Coreto Cultural com o grupo M\u00fasica e Cena da Secel \u2013 Coreto da Pra\u00e7a<\/p>\n\n\n\n<p>18h \u2013 Apresenta\u00e7\u00e3o musical com Grupo Vocal Univates \u2013 Palco principal<\/p>\n\n\n\n<p>19h30 \u2013 Bate-papo sobre Literatura, Diversidade e M\u00fasica com o patrono \u00c1lvaro Santi e escritores Rosane Cardoso, Ivete Kist e Jandiro Koch \u2013 Palco principal<\/p>\n\n\n\n<p>20h30 \u2013 Encerramento<\/p>\n\n\n\n<h3 class=\"wp-block-heading\">Dia 19\/08 \u2013 S\u00e1bado \u2013 9h30 \u00e0s 19h<\/h3>\n\n\n\n<p>9h30 \u2013 Momento ALIVAT \u2013 Academia Liter\u00e1ria do Vale do Taquari &#8211; Palco principal<\/p>\n\n\n\n<p>10h \u2013 Hora do conto com o grupo Vivandeiros da Alegria \u2013 Pra\u00e7a da Matriz<\/p>\n\n\n\n<p>11h30 \u2013 Show ac\u00fastico loop sessions com Ana Ballardin \u2013 Palco principal<\/p>\n\n\n\n<p>14h&nbsp;\u2013&nbsp;Clown Univates \u2013 \u201cE seu sorrir!?\u201d com Miss Goela e Dr. Pierr\u00ea \u2013 Palco principal<\/p>\n\n\n\n<p>15h30 \u2013 Show musical Companhia Aprendiz \u2013 Palco principal<\/p>\n\n\n\n<p>17h&nbsp;\u2013&nbsp;Lan\u00e7amento do livro \u201cOs Tons de Tudo\u201d do patrono \u00c1lvaro Santi \u2013 Audit\u00f3rio da Casa de Cultura<\/p>\n\n\n\n<p>18h \u2013 Show musical Banda Rosas \u2013 Palco principal<\/p>\n\n\n\n<h3 class=\"wp-block-heading\">Dia 20\/08 \u2013 Domingo \u2013 9h \u00e0s 18h<\/h3>\n\n\n\n<p>10h \u2013 Hora do conto com o grupo Vivandeiros da Alegria \u2013 Palco principal<\/p>\n\n\n\n<p>10h30 \u2013 Espet\u00e1culo teatral \u201cA bruxinha que era boa\u201d com alunos de teatro da SECEL \u2013 Palco principal<\/p>\n\n\n\n<p>13h \u2013 Espet\u00e1culo teatral \u201cRomeu e Julieta\u201d com alunos de teatro da Secel \u2013 Palco principal<\/p>\n\n\n\n<p>14h \u2013 Roda de conversa \u201cPatrim\u00f4nio, cultura e identidade: um olhar sobre nossa hist\u00f3ria\u201d em alus\u00e3o ao Dia Estadual do Patrim\u00f4nio Cultural \u2013 Audit\u00f3rio da Casa de Cultura<\/p>\n\n\n\n<p>14h&nbsp;\u2013&nbsp;Hora do Conto com a escritora L\u00e9ia Cassol \u2013 Palco principal<\/p>\n\n\n\n<p>15h30 \u2013 Show em comemora\u00e7\u00e3o do anivers\u00e1rio da Casa de Cultura com Zoca Jungs Quarteto: a guitarra brasileira \u2013 Palco principal<\/p>\n\n\n\n<p>17h \u2013 Apresenta\u00e7\u00e3o da Orquestra Gustavo Adolfo Univates<\/p>\n\n\n\n<p>18h \u2013 Encerramento<\/p>\n\n\n\n<p>As atividades dos dias 16, 17 e 18 de agosto devem ser pr\u00e9-agendadas pelo fone (51) 3982-1205 ou pelo e-mail&nbsp;<a href=\"mailto:sed.pdde@educalajeado.rs.gov.br\" target=\"_blank\" rel=\"noreferrer noopener\">sed.pdde@educalajeado.rs.gov.br<\/a><\/p>\n\n\n\n<h2 class=\"wp-block-heading\"><strong>Programa\u00e7\u00e3o geral<\/strong><\/h2>\n\n\n\n<h3 class=\"wp-block-heading\">Exposi\u00e7\u00e3o e comercializa\u00e7\u00e3o de livros &#8211; Pra\u00e7a da Matriz<\/h3>\n\n\n\n<p>Hor\u00e1rios:<\/p>\n\n\n\n<p>Quarta-feira: 9 \u00e0s 20h<\/p>\n\n\n\n<p>Quinta-feira: 8h30 \u00e0s 20h<\/p>\n\n\n\n<p>Sexta-feira: 8h30 \u00e0s 20h<\/p>\n\n\n\n<p>S\u00e1bado: 8h30 \u00e0s 20h<\/p>\n\n\n\n<p>Domingo: 8h30 \u00e0s 19h<\/p>\n\n\n\n<p>Livrarias presentes na Feira: Amo Livros Livraria, BL Livros, Cometa Livraria, Kadernus, Livraria Santa Rita, N\u00f4mades Bookseller, Papelaria Blau, Ponto e V\u00edrgula Livros, RL Com\u00e9rcio de Livros e Vitrola.<\/p>\n\n\n\n<h3 class=\"wp-block-heading\">Mostra Pedag\u00f3gica das Escolas Municipais e Projetos Vida de Lajeado<\/h3>\n\n\n\n<p><strong>Projeto Alfabeletrando\/Jogos interativos da Univates<\/strong><\/p>\n\n\n\n<p>Sal\u00e3o Paroquial da Par\u00f3quia Santo In\u00e1cio de Loyola<\/p>\n\n\n\n<p>Hor\u00e1rio: 9h \u00e0s 17h<\/p>\n\n\n\n<h3 class=\"wp-block-heading\">Atividades paralelas:<\/h3>\n\n\n\n<p><strong>Biblioteca P\u00fablica de Lajeado<\/strong><\/p>\n\n\n\n<p>Biblioteca aberta nos seguintes hor\u00e1rios:<\/p>\n\n\n\n<p>Quarta, quinta e sexta-feira \u2013 9h \u00e0s 17h<\/p>\n\n\n\n<p>S\u00e1bado e domingo \u2013 13h \u00e0s 18h<\/p>\n\n\n\n<p>Espa\u00e7o para escritores do munic\u00edpio junto \u00e0 Feira<\/p>\n\n\n\n<p>Geloteca<\/p>\n\n\n\n<p><strong>Casa de Cultura de Lajeado<\/strong><\/p>\n\n\n\n<p>Casa de Cultura aberta durante os hor\u00e1rios da feira, com visita\u00e7\u00e3o ao museu hist\u00f3rico e exposi\u00e7\u00f5es culturais.<\/p>\n\n\n\n<p><strong>Espa\u00e7o de Alimenta\u00e7\u00e3o<\/strong><\/p>\n\n\n\n<p>O espa\u00e7o para alimenta\u00e7\u00e3o com <em>foodtrucks\u00a0<\/em><\/p>\n\n\n\n<p><strong>Artesanato na Feira<\/strong><\/p>\n\n\n\n<p>Exposi\u00e7\u00e3o &#8211; Galeria Sesc Lajeado<\/p>\n\n\n\n<p><strong>Ervateira Rei Verde<\/strong><\/p>\n\n\n\n<p>S\u00e1bado e domingo<\/p>\n\n\n\n<p><strong>Espa\u00e7o Univates<\/strong><\/p>\n\n\n\n<p>Projeto Observat\u00f3rio da Literatura Infantil e Juvenil Projeto Brocante<\/p>\n\n\n\n<p>Troca-troca de livros<\/p>\n\n\n\n<p>&#8211; 16 a 18\/8, das 14h \u00e0s 20h<\/p>\n\n\n\n<p>&#8211; 19\/8, das 14h \u00e0s 19h<\/p>\n\n\n\n<p>&#8211; 20\/8, das 14h \u00e0s 18h<\/p>\n\n\n\n<p>Projeto Pianos Livres<\/p>\n","protected":false},"excerpt":{"rendered":"<p>Com o tema \u201cLiteratura \u00e9 m\u00fasica para os olhos\u201d, a Prefeitura e o Sesc de Lajeado lan\u00e7aram a programa\u00e7\u00e3o oficial da 17\u00aa Feira do Livro na manh\u00e3 desta ter\u00e7a-feira (11\/7). A feira, que ocorre entre os dias 16 e 20 de agosto, ser\u00e1 realizada na Pra\u00e7a Marechal Floriano Peixoto (Pra\u00e7a da Matriz).\u00a0 A\u00a0programa\u00e7\u00e3o envolve encontros [&hellip;]<\/p>\n","protected":false},"author":8,"featured_media":132947,"comment_status":"open","ping_status":"open","sticky":false,"template":"","format":"standard","meta":{"pmpro_default_level":"","_jetpack_memberships_contains_paid_content":false,"footnotes":""},"categories":[10996,2,6],"tags":[12643,344,27,5083,453],"class_list":{"0":"post-132939","1":"post","2":"type-post","3":"status-publish","4":"format-standard","5":"has-post-thumbnail","7":"category-cultura","8":"category-featured","9":"category-inclusive","10":"tag-17a-feira-do-livro-de-lajeado","11":"tag-cultura","12":"tag-lajeado","13":"tag-prefeitura-de-lajeado","14":"tag-sesc-lajeado","15":"pmpro-has-access"},"yoast_head":"<!-- This site is optimized with the Yoast SEO plugin v27.5 - https:\/\/yoast.com\/product\/yoast-seo-wordpress\/ -->\n<title>Lan\u00e7ada a programa\u00e7\u00e3o da 17\u00aa Feira do Livro de Lajeado - Folha Popular<\/title>\n<meta name=\"robots\" content=\"index, follow, max-snippet:-1, max-image-preview:large, max-video-preview:-1\" \/>\n<link rel=\"canonical\" href=\"https:\/\/folhapopular.info\/index.php\/2023\/07\/11\/lancada-a-programacao-da-17a-feira-do-livro-de-lajeado\/\" \/>\n<meta property=\"og:locale\" content=\"pt_BR\" \/>\n<meta property=\"og:type\" content=\"article\" \/>\n<meta property=\"og:title\" content=\"Lan\u00e7ada a programa\u00e7\u00e3o da 17\u00aa Feira do Livro de Lajeado - Folha Popular\" \/>\n<meta property=\"og:description\" content=\"Com o tema \u201cLiteratura \u00e9 m\u00fasica para os olhos\u201d, a Prefeitura e o Sesc de Lajeado lan\u00e7aram a programa\u00e7\u00e3o oficial da 17\u00aa Feira do Livro na manh\u00e3 desta ter\u00e7a-feira (11\/7). A feira, que ocorre entre os dias 16 e 20 de agosto, ser\u00e1 realizada na Pra\u00e7a Marechal Floriano Peixoto (Pra\u00e7a da Matriz).\u00a0 A\u00a0programa\u00e7\u00e3o envolve encontros [&hellip;]\" \/>\n<meta property=\"og:url\" content=\"https:\/\/folhapopular.info\/index.php\/2023\/07\/11\/lancada-a-programacao-da-17a-feira-do-livro-de-lajeado\/\" \/>\n<meta property=\"og:site_name\" content=\"Folha Popular\" \/>\n<meta property=\"article:published_time\" content=\"2023-07-11T18:00:20+00:00\" \/>\n<meta property=\"article:modified_time\" content=\"2023-07-11T18:00:23+00:00\" \/>\n<meta property=\"og:image\" content=\"http:\/\/folhapopular.info\/wp-content\/uploads\/2023\/07\/Secretario-da-Secel-Carlos-Reckziegel-e-representantes-da-SED-scaled.jpg\" \/>\n\t<meta property=\"og:image:width\" content=\"2560\" \/>\n\t<meta property=\"og:image:height\" content=\"1707\" \/>\n\t<meta property=\"og:image:type\" content=\"image\/jpeg\" \/>\n<meta name=\"author\" content=\"Reda\u00e7\u00e3o Folha Popular\" \/>\n<meta name=\"twitter:card\" content=\"summary_large_image\" \/>\n<meta name=\"twitter:label1\" content=\"Escrito por\" \/>\n\t<meta name=\"twitter:data1\" content=\"Reda\u00e7\u00e3o Folha Popular\" \/>\n\t<meta name=\"twitter:label2\" content=\"Est. tempo de leitura\" \/>\n\t<meta name=\"twitter:data2\" content=\"9 minutos\" \/>\n<script type=\"application\/ld+json\" class=\"yoast-schema-graph\">{\"@context\":\"https:\\\/\\\/schema.org\",\"@graph\":[{\"@type\":\"Article\",\"@id\":\"https:\\\/\\\/folhapopular.info\\\/index.php\\\/2023\\\/07\\\/11\\\/lancada-a-programacao-da-17a-feira-do-livro-de-lajeado\\\/#article\",\"isPartOf\":{\"@id\":\"https:\\\/\\\/folhapopular.info\\\/index.php\\\/2023\\\/07\\\/11\\\/lancada-a-programacao-da-17a-feira-do-livro-de-lajeado\\\/\"},\"author\":{\"name\":\"Reda\u00e7\u00e3o Folha Popular\",\"@id\":\"https:\\\/\\\/folhapopular.info\\\/#\\\/schema\\\/person\\\/2814e8a0df7643585a9ca38bc6eb9d4b\"},\"headline\":\"Lan\u00e7ada a programa\u00e7\u00e3o da 17\u00aa Feira do Livro de Lajeado\",\"datePublished\":\"2023-07-11T18:00:20+00:00\",\"dateModified\":\"2023-07-11T18:00:23+00:00\",\"mainEntityOfPage\":{\"@id\":\"https:\\\/\\\/folhapopular.info\\\/index.php\\\/2023\\\/07\\\/11\\\/lancada-a-programacao-da-17a-feira-do-livro-de-lajeado\\\/\"},\"wordCount\":1588,\"commentCount\":0,\"image\":{\"@id\":\"https:\\\/\\\/folhapopular.info\\\/index.php\\\/2023\\\/07\\\/11\\\/lancada-a-programacao-da-17a-feira-do-livro-de-lajeado\\\/#primaryimage\"},\"thumbnailUrl\":\"https:\\\/\\\/folhapopular.info\\\/wp-content\\\/uploads\\\/2023\\\/07\\\/Secretario-da-Secel-Carlos-Reckziegel-e-representantes-da-SED-scaled.jpg\",\"keywords\":[\"17\u00aa feira do livro de lajeado\",\"Cultura\",\"Lajeado\",\"Prefeitura de Lajeado\",\"Sesc Lajeado\"],\"articleSection\":[\"Cultura\",\"Destaques\",\"Inclusive\"],\"inLanguage\":\"pt-BR\",\"potentialAction\":[{\"@type\":\"CommentAction\",\"name\":\"Comment\",\"target\":[\"https:\\\/\\\/folhapopular.info\\\/index.php\\\/2023\\\/07\\\/11\\\/lancada-a-programacao-da-17a-feira-do-livro-de-lajeado\\\/#respond\"]}]},{\"@type\":\"WebPage\",\"@id\":\"https:\\\/\\\/folhapopular.info\\\/index.php\\\/2023\\\/07\\\/11\\\/lancada-a-programacao-da-17a-feira-do-livro-de-lajeado\\\/\",\"url\":\"https:\\\/\\\/folhapopular.info\\\/index.php\\\/2023\\\/07\\\/11\\\/lancada-a-programacao-da-17a-feira-do-livro-de-lajeado\\\/\",\"name\":\"Lan\u00e7ada a programa\u00e7\u00e3o da 17\u00aa Feira do Livro de Lajeado - Folha Popular\",\"isPartOf\":{\"@id\":\"https:\\\/\\\/folhapopular.info\\\/#website\"},\"primaryImageOfPage\":{\"@id\":\"https:\\\/\\\/folhapopular.info\\\/index.php\\\/2023\\\/07\\\/11\\\/lancada-a-programacao-da-17a-feira-do-livro-de-lajeado\\\/#primaryimage\"},\"image\":{\"@id\":\"https:\\\/\\\/folhapopular.info\\\/index.php\\\/2023\\\/07\\\/11\\\/lancada-a-programacao-da-17a-feira-do-livro-de-lajeado\\\/#primaryimage\"},\"thumbnailUrl\":\"https:\\\/\\\/folhapopular.info\\\/wp-content\\\/uploads\\\/2023\\\/07\\\/Secretario-da-Secel-Carlos-Reckziegel-e-representantes-da-SED-scaled.jpg\",\"datePublished\":\"2023-07-11T18:00:20+00:00\",\"dateModified\":\"2023-07-11T18:00:23+00:00\",\"author\":{\"@id\":\"https:\\\/\\\/folhapopular.info\\\/#\\\/schema\\\/person\\\/2814e8a0df7643585a9ca38bc6eb9d4b\"},\"breadcrumb\":{\"@id\":\"https:\\\/\\\/folhapopular.info\\\/index.php\\\/2023\\\/07\\\/11\\\/lancada-a-programacao-da-17a-feira-do-livro-de-lajeado\\\/#breadcrumb\"},\"inLanguage\":\"pt-BR\",\"potentialAction\":[{\"@type\":\"ReadAction\",\"target\":[\"https:\\\/\\\/folhapopular.info\\\/index.php\\\/2023\\\/07\\\/11\\\/lancada-a-programacao-da-17a-feira-do-livro-de-lajeado\\\/\"]}]},{\"@type\":\"ImageObject\",\"inLanguage\":\"pt-BR\",\"@id\":\"https:\\\/\\\/folhapopular.info\\\/index.php\\\/2023\\\/07\\\/11\\\/lancada-a-programacao-da-17a-feira-do-livro-de-lajeado\\\/#primaryimage\",\"url\":\"https:\\\/\\\/folhapopular.info\\\/wp-content\\\/uploads\\\/2023\\\/07\\\/Secretario-da-Secel-Carlos-Reckziegel-e-representantes-da-SED-scaled.jpg\",\"contentUrl\":\"https:\\\/\\\/folhapopular.info\\\/wp-content\\\/uploads\\\/2023\\\/07\\\/Secretario-da-Secel-Carlos-Reckziegel-e-representantes-da-SED-scaled.jpg\",\"width\":2560,\"height\":1707,\"caption\":\"Cr\u00e9dito: AI Prefeitura de Lajeado \\\/ divulga\u00e7\u00e3o\"},{\"@type\":\"BreadcrumbList\",\"@id\":\"https:\\\/\\\/folhapopular.info\\\/index.php\\\/2023\\\/07\\\/11\\\/lancada-a-programacao-da-17a-feira-do-livro-de-lajeado\\\/#breadcrumb\",\"itemListElement\":[{\"@type\":\"ListItem\",\"position\":1,\"name\":\"In\u00edcio\",\"item\":\"https:\\\/\\\/folhapopular.info\\\/\"},{\"@type\":\"ListItem\",\"position\":2,\"name\":\"Lan\u00e7ada a programa\u00e7\u00e3o da 17\u00aa Feira do Livro de Lajeado\"}]},{\"@type\":\"WebSite\",\"@id\":\"https:\\\/\\\/folhapopular.info\\\/#website\",\"url\":\"https:\\\/\\\/folhapopular.info\\\/\",\"name\":\"Folha Popular\",\"description\":\"Onde voc\u00ea tem vez e voz\",\"potentialAction\":[{\"@type\":\"SearchAction\",\"target\":{\"@type\":\"EntryPoint\",\"urlTemplate\":\"https:\\\/\\\/folhapopular.info\\\/?s={search_term_string}\"},\"query-input\":{\"@type\":\"PropertyValueSpecification\",\"valueRequired\":true,\"valueName\":\"search_term_string\"}}],\"inLanguage\":\"pt-BR\"},{\"@type\":\"Person\",\"@id\":\"https:\\\/\\\/folhapopular.info\\\/#\\\/schema\\\/person\\\/2814e8a0df7643585a9ca38bc6eb9d4b\",\"name\":\"Reda\u00e7\u00e3o Folha Popular\",\"image\":{\"@type\":\"ImageObject\",\"inLanguage\":\"pt-BR\",\"@id\":\"https:\\\/\\\/folhapopular.info\\\/wp-content\\\/uploads\\\/2026\\\/04\\\/Folha-1.webp\",\"url\":\"https:\\\/\\\/folhapopular.info\\\/wp-content\\\/uploads\\\/2026\\\/04\\\/Folha-1.webp\",\"contentUrl\":\"https:\\\/\\\/folhapopular.info\\\/wp-content\\\/uploads\\\/2026\\\/04\\\/Folha-1.webp\",\"caption\":\"Reda\u00e7\u00e3o Folha Popular\"},\"url\":\"https:\\\/\\\/folhapopular.info\\\/index.php\\\/author\\\/redacao\\\/\"}]}<\/script>\n<!-- \/ Yoast SEO plugin. -->","yoast_head_json":{"title":"Lan\u00e7ada a programa\u00e7\u00e3o da 17\u00aa Feira do Livro de Lajeado - Folha Popular","robots":{"index":"index","follow":"follow","max-snippet":"max-snippet:-1","max-image-preview":"max-image-preview:large","max-video-preview":"max-video-preview:-1"},"canonical":"https:\/\/folhapopular.info\/index.php\/2023\/07\/11\/lancada-a-programacao-da-17a-feira-do-livro-de-lajeado\/","og_locale":"pt_BR","og_type":"article","og_title":"Lan\u00e7ada a programa\u00e7\u00e3o da 17\u00aa Feira do Livro de Lajeado - Folha Popular","og_description":"Com o tema \u201cLiteratura \u00e9 m\u00fasica para os olhos\u201d, a Prefeitura e o Sesc de Lajeado lan\u00e7aram a programa\u00e7\u00e3o oficial da 17\u00aa Feira do Livro na manh\u00e3 desta ter\u00e7a-feira (11\/7). A feira, que ocorre entre os dias 16 e 20 de agosto, ser\u00e1 realizada na Pra\u00e7a Marechal Floriano Peixoto (Pra\u00e7a da Matriz).\u00a0 A\u00a0programa\u00e7\u00e3o envolve encontros [&hellip;]","og_url":"https:\/\/folhapopular.info\/index.php\/2023\/07\/11\/lancada-a-programacao-da-17a-feira-do-livro-de-lajeado\/","og_site_name":"Folha Popular","article_published_time":"2023-07-11T18:00:20+00:00","article_modified_time":"2023-07-11T18:00:23+00:00","og_image":[{"width":2560,"height":1707,"url":"http:\/\/folhapopular.info\/wp-content\/uploads\/2023\/07\/Secretario-da-Secel-Carlos-Reckziegel-e-representantes-da-SED-scaled.jpg","type":"image\/jpeg"}],"author":"Reda\u00e7\u00e3o Folha Popular","twitter_card":"summary_large_image","twitter_misc":{"Escrito por":"Reda\u00e7\u00e3o Folha Popular","Est. tempo de leitura":"9 minutos"},"schema":{"@context":"https:\/\/schema.org","@graph":[{"@type":"Article","@id":"https:\/\/folhapopular.info\/index.php\/2023\/07\/11\/lancada-a-programacao-da-17a-feira-do-livro-de-lajeado\/#article","isPartOf":{"@id":"https:\/\/folhapopular.info\/index.php\/2023\/07\/11\/lancada-a-programacao-da-17a-feira-do-livro-de-lajeado\/"},"author":{"name":"Reda\u00e7\u00e3o Folha Popular","@id":"https:\/\/folhapopular.info\/#\/schema\/person\/2814e8a0df7643585a9ca38bc6eb9d4b"},"headline":"Lan\u00e7ada a programa\u00e7\u00e3o da 17\u00aa Feira do Livro de Lajeado","datePublished":"2023-07-11T18:00:20+00:00","dateModified":"2023-07-11T18:00:23+00:00","mainEntityOfPage":{"@id":"https:\/\/folhapopular.info\/index.php\/2023\/07\/11\/lancada-a-programacao-da-17a-feira-do-livro-de-lajeado\/"},"wordCount":1588,"commentCount":0,"image":{"@id":"https:\/\/folhapopular.info\/index.php\/2023\/07\/11\/lancada-a-programacao-da-17a-feira-do-livro-de-lajeado\/#primaryimage"},"thumbnailUrl":"https:\/\/folhapopular.info\/wp-content\/uploads\/2023\/07\/Secretario-da-Secel-Carlos-Reckziegel-e-representantes-da-SED-scaled.jpg","keywords":["17\u00aa feira do livro de lajeado","Cultura","Lajeado","Prefeitura de Lajeado","Sesc Lajeado"],"articleSection":["Cultura","Destaques","Inclusive"],"inLanguage":"pt-BR","potentialAction":[{"@type":"CommentAction","name":"Comment","target":["https:\/\/folhapopular.info\/index.php\/2023\/07\/11\/lancada-a-programacao-da-17a-feira-do-livro-de-lajeado\/#respond"]}]},{"@type":"WebPage","@id":"https:\/\/folhapopular.info\/index.php\/2023\/07\/11\/lancada-a-programacao-da-17a-feira-do-livro-de-lajeado\/","url":"https:\/\/folhapopular.info\/index.php\/2023\/07\/11\/lancada-a-programacao-da-17a-feira-do-livro-de-lajeado\/","name":"Lan\u00e7ada a programa\u00e7\u00e3o da 17\u00aa Feira do Livro de Lajeado - Folha Popular","isPartOf":{"@id":"https:\/\/folhapopular.info\/#website"},"primaryImageOfPage":{"@id":"https:\/\/folhapopular.info\/index.php\/2023\/07\/11\/lancada-a-programacao-da-17a-feira-do-livro-de-lajeado\/#primaryimage"},"image":{"@id":"https:\/\/folhapopular.info\/index.php\/2023\/07\/11\/lancada-a-programacao-da-17a-feira-do-livro-de-lajeado\/#primaryimage"},"thumbnailUrl":"https:\/\/folhapopular.info\/wp-content\/uploads\/2023\/07\/Secretario-da-Secel-Carlos-Reckziegel-e-representantes-da-SED-scaled.jpg","datePublished":"2023-07-11T18:00:20+00:00","dateModified":"2023-07-11T18:00:23+00:00","author":{"@id":"https:\/\/folhapopular.info\/#\/schema\/person\/2814e8a0df7643585a9ca38bc6eb9d4b"},"breadcrumb":{"@id":"https:\/\/folhapopular.info\/index.php\/2023\/07\/11\/lancada-a-programacao-da-17a-feira-do-livro-de-lajeado\/#breadcrumb"},"inLanguage":"pt-BR","potentialAction":[{"@type":"ReadAction","target":["https:\/\/folhapopular.info\/index.php\/2023\/07\/11\/lancada-a-programacao-da-17a-feira-do-livro-de-lajeado\/"]}]},{"@type":"ImageObject","inLanguage":"pt-BR","@id":"https:\/\/folhapopular.info\/index.php\/2023\/07\/11\/lancada-a-programacao-da-17a-feira-do-livro-de-lajeado\/#primaryimage","url":"https:\/\/folhapopular.info\/wp-content\/uploads\/2023\/07\/Secretario-da-Secel-Carlos-Reckziegel-e-representantes-da-SED-scaled.jpg","contentUrl":"https:\/\/folhapopular.info\/wp-content\/uploads\/2023\/07\/Secretario-da-Secel-Carlos-Reckziegel-e-representantes-da-SED-scaled.jpg","width":2560,"height":1707,"caption":"Cr\u00e9dito: AI Prefeitura de Lajeado \/ divulga\u00e7\u00e3o"},{"@type":"BreadcrumbList","@id":"https:\/\/folhapopular.info\/index.php\/2023\/07\/11\/lancada-a-programacao-da-17a-feira-do-livro-de-lajeado\/#breadcrumb","itemListElement":[{"@type":"ListItem","position":1,"name":"In\u00edcio","item":"https:\/\/folhapopular.info\/"},{"@type":"ListItem","position":2,"name":"Lan\u00e7ada a programa\u00e7\u00e3o da 17\u00aa Feira do Livro de Lajeado"}]},{"@type":"WebSite","@id":"https:\/\/folhapopular.info\/#website","url":"https:\/\/folhapopular.info\/","name":"Folha Popular","description":"Onde voc\u00ea tem vez e voz","potentialAction":[{"@type":"SearchAction","target":{"@type":"EntryPoint","urlTemplate":"https:\/\/folhapopular.info\/?s={search_term_string}"},"query-input":{"@type":"PropertyValueSpecification","valueRequired":true,"valueName":"search_term_string"}}],"inLanguage":"pt-BR"},{"@type":"Person","@id":"https:\/\/folhapopular.info\/#\/schema\/person\/2814e8a0df7643585a9ca38bc6eb9d4b","name":"Reda\u00e7\u00e3o Folha Popular","image":{"@type":"ImageObject","inLanguage":"pt-BR","@id":"https:\/\/folhapopular.info\/wp-content\/uploads\/2026\/04\/Folha-1.webp","url":"https:\/\/folhapopular.info\/wp-content\/uploads\/2026\/04\/Folha-1.webp","contentUrl":"https:\/\/folhapopular.info\/wp-content\/uploads\/2026\/04\/Folha-1.webp","caption":"Reda\u00e7\u00e3o Folha Popular"},"url":"https:\/\/folhapopular.info\/index.php\/author\/redacao\/"}]}},"jetpack_featured_media_url":"https:\/\/folhapopular.info\/wp-content\/uploads\/2023\/07\/Secretario-da-Secel-Carlos-Reckziegel-e-representantes-da-SED-scaled.jpg","jetpack_sharing_enabled":true,"amp_enabled":true,"_links":{"self":[{"href":"https:\/\/folhapopular.info\/index.php\/wp-json\/wp\/v2\/posts\/132939","targetHints":{"allow":["GET"]}}],"collection":[{"href":"https:\/\/folhapopular.info\/index.php\/wp-json\/wp\/v2\/posts"}],"about":[{"href":"https:\/\/folhapopular.info\/index.php\/wp-json\/wp\/v2\/types\/post"}],"author":[{"embeddable":true,"href":"https:\/\/folhapopular.info\/index.php\/wp-json\/wp\/v2\/users\/8"}],"replies":[{"embeddable":true,"href":"https:\/\/folhapopular.info\/index.php\/wp-json\/wp\/v2\/comments?post=132939"}],"version-history":[{"count":0,"href":"https:\/\/folhapopular.info\/index.php\/wp-json\/wp\/v2\/posts\/132939\/revisions"}],"wp:featuredmedia":[{"embeddable":true,"href":"https:\/\/folhapopular.info\/index.php\/wp-json\/wp\/v2\/media\/132947"}],"wp:attachment":[{"href":"https:\/\/folhapopular.info\/index.php\/wp-json\/wp\/v2\/media?parent=132939"}],"wp:term":[{"taxonomy":"category","embeddable":true,"href":"https:\/\/folhapopular.info\/index.php\/wp-json\/wp\/v2\/categories?post=132939"},{"taxonomy":"post_tag","embeddable":true,"href":"https:\/\/folhapopular.info\/index.php\/wp-json\/wp\/v2\/tags?post=132939"}],"curies":[{"name":"wp","href":"https:\/\/api.w.org\/{rel}","templated":true}]}}