{"id":133041,"date":"2023-07-11T17:17:19","date_gmt":"2023-07-11T20:17:19","guid":{"rendered":"https:\/\/folhapopular.info\/?p=133041"},"modified":"2023-07-11T17:17:20","modified_gmt":"2023-07-11T20:17:20","slug":"jaque-weber-conquista-mais-duas-medalhas-e-vaga-para-o-sul-americano","status":"publish","type":"post","link":"https:\/\/folhapopular.info\/index.php\/2023\/07\/11\/jaque-weber-conquista-mais-duas-medalhas-e-vaga-para-o-sul-americano\/","title":{"rendered":"Jaque Weber conquista mais duas medalhas e vaga para o sul-americano"},"content":{"rendered":"\n<p>A atleta teutoniense, Jaqueline Weber, representou a regi\u00e3o no 42\u00ba Trof\u00e9u Brasil de Atletismo. A principal competi\u00e7\u00e3o de clubes da Am\u00e9rica Latina ocorreu pela primeira vez na capital do Mato Grosso, Cuiab\u00e1. O evento teve a participa\u00e7\u00e3o de mais de 750 atletas de todos o pa\u00eds.<\/p>\n\n\n\n<p>Al\u00e9m das advers\u00e1rias brasileiras, Jaque enfrentou o calor de quase 35 graus. Ap\u00f3s se classificar na semifinal na sexta-feira (7\/7), a atleta voltou \u00e0 pista no s\u00e1bado (8\/7) para disputa da final dos 800 metros, conquistando a medalha de bronze.<\/p>\n\n\n\n<ul class=\"wp-block-list\">\n<li>&#8220;Foi uma prova bem diferente do que eu imaginei. O come\u00e7o lento, tornou a segunda volta em ritmo de muita velocidade e abriu margem para mais atletas. N\u00e3o gostei muito da coloca\u00e7\u00e3o e tempo final, por\u00e9m, garanti a vaga para o sul americano, j\u00e1 que continuo com a melhor marca do ano do Brasil (e tamb\u00e9m Am\u00e9rica do Sul). O sul americano \u00e9 muito importante para a Corrida Ol\u00edmpica&#8221;, destaca Jaque. <\/li>\n<\/ul>\n\n\n\n<p>No domingo (9\/7), Jaque voltou para a final dos 1.500 metros, conquistando novamente o bronze.<\/p>\n\n\n\n<ul class=\"wp-block-list\">\n<li>&#8220;Senti um pouco dos resqu\u00edcios da prova dos 800 metros e tamb\u00e9m do calor de Cuiab\u00e1. Mas n\u00e3o tive medo de me impor e trazer mais essa medalha pra AMO&#8221;. <\/li>\n<\/ul>\n\n\n\n<p>A teutoniense \u00e9 a \u00fanica atleta que se mant\u00e9m no p\u00f3dio da competi\u00e7\u00e3o nas duas dist\u00e2ncias desde o ano de 2021, e comemora essa const\u00e2ncia.<\/p>\n\n\n\n<ul class=\"wp-block-list\">\n<li>&#8220;A solidez do nosso trabalho nos d\u00e1 muita confian\u00e7a para os grandes objetivos. Ficamos agora no aguardo da convoca\u00e7\u00e3o oficial da Confedera\u00e7\u00e3o Brasileira&#8221;, destaca Jaque. <\/li>\n<\/ul>\n","protected":false},"excerpt":{"rendered":"<p>A atleta teutoniense, Jaqueline Weber, representou a regi\u00e3o no 42\u00ba Trof\u00e9u Brasil de Atletismo. A principal competi\u00e7\u00e3o de clubes da Am\u00e9rica Latina ocorreu pela primeira vez na capital do Mato Grosso, Cuiab\u00e1. O evento teve a participa\u00e7\u00e3o de mais de 750 atletas de todos o pa\u00eds. Al\u00e9m das advers\u00e1rias brasileiras, Jaque enfrentou o calor de [&hellip;]<\/p>\n","protected":false},"author":8,"featured_media":133045,"comment_status":"open","ping_status":"open","sticky":false,"template":"","format":"standard","meta":{"pmpro_default_level":"","_jetpack_memberships_contains_paid_content":false,"footnotes":""},"categories":[5],"tags":[9448,9447,80,263,4939,26,9413],"class_list":{"0":"post-133041","1":"post","2":"type-post","3":"status-publish","4":"format-standard","5":"has-post-thumbnail","7":"category-esportes","8":"tag-1500-metros","9":"tag-800-metros","10":"tag-atletismo","11":"tag-brasil","12":"tag-jaque-weber","13":"tag-teutonia","14":"tag-trofeu-brasil-de-atletismo","15":"pmpro-has-access"},"yoast_head":"<!-- This site is optimized with the Yoast SEO plugin v27.5 - https:\/\/yoast.com\/product\/yoast-seo-wordpress\/ -->\n<title>Jaque Weber conquista mais duas medalhas e vaga para o sul-americano - Folha Popular<\/title>\n<meta name=\"robots\" content=\"index, follow, max-snippet:-1, max-image-preview:large, max-video-preview:-1\" \/>\n<link rel=\"canonical\" href=\"https:\/\/folhapopular.info\/index.php\/2023\/07\/11\/jaque-weber-conquista-mais-duas-medalhas-e-vaga-para-o-sul-americano\/\" \/>\n<meta property=\"og:locale\" content=\"pt_BR\" \/>\n<meta property=\"og:type\" content=\"article\" \/>\n<meta property=\"og:title\" content=\"Jaque Weber conquista mais duas medalhas e vaga para o sul-americano - Folha Popular\" \/>\n<meta property=\"og:description\" content=\"A atleta teutoniense, Jaqueline Weber, representou a regi\u00e3o no 42\u00ba Trof\u00e9u Brasil de Atletismo. A principal competi\u00e7\u00e3o de clubes da Am\u00e9rica Latina ocorreu pela primeira vez na capital do Mato Grosso, Cuiab\u00e1. O evento teve a participa\u00e7\u00e3o de mais de 750 atletas de todos o pa\u00eds. Al\u00e9m das advers\u00e1rias brasileiras, Jaque enfrentou o calor de [&hellip;]\" \/>\n<meta property=\"og:url\" content=\"https:\/\/folhapopular.info\/index.php\/2023\/07\/11\/jaque-weber-conquista-mais-duas-medalhas-e-vaga-para-o-sul-americano\/\" \/>\n<meta property=\"og:site_name\" content=\"Folha Popular\" \/>\n<meta property=\"article:published_time\" content=\"2023-07-11T20:17:19+00:00\" \/>\n<meta property=\"article:modified_time\" content=\"2023-07-11T20:17:20+00:00\" \/>\n<meta property=\"og:image\" content=\"http:\/\/folhapopular.info\/wp-content\/uploads\/2023\/07\/wc_001_4-2.jpg\" \/>\n\t<meta property=\"og:image:width\" content=\"1500\" \/>\n\t<meta property=\"og:image:height\" content=\"1000\" \/>\n\t<meta property=\"og:image:type\" content=\"image\/jpeg\" \/>\n<meta name=\"author\" content=\"Reda\u00e7\u00e3o Folha Popular\" \/>\n<meta name=\"twitter:card\" content=\"summary_large_image\" \/>\n<meta name=\"twitter:label1\" content=\"Escrito por\" \/>\n\t<meta name=\"twitter:data1\" content=\"Reda\u00e7\u00e3o Folha Popular\" \/>\n\t<meta name=\"twitter:label2\" content=\"Est. tempo de leitura\" \/>\n\t<meta name=\"twitter:data2\" content=\"2 minutos\" \/>\n<script type=\"application\/ld+json\" class=\"yoast-schema-graph\">{\"@context\":\"https:\\\/\\\/schema.org\",\"@graph\":[{\"@type\":\"Article\",\"@id\":\"https:\\\/\\\/folhapopular.info\\\/index.php\\\/2023\\\/07\\\/11\\\/jaque-weber-conquista-mais-duas-medalhas-e-vaga-para-o-sul-americano\\\/#article\",\"isPartOf\":{\"@id\":\"https:\\\/\\\/folhapopular.info\\\/index.php\\\/2023\\\/07\\\/11\\\/jaque-weber-conquista-mais-duas-medalhas-e-vaga-para-o-sul-americano\\\/\"},\"author\":{\"name\":\"Reda\u00e7\u00e3o Folha Popular\",\"@id\":\"https:\\\/\\\/folhapopular.info\\\/#\\\/schema\\\/person\\\/2814e8a0df7643585a9ca38bc6eb9d4b\"},\"headline\":\"Jaque Weber conquista mais duas medalhas e vaga para o sul-americano\",\"datePublished\":\"2023-07-11T20:17:19+00:00\",\"dateModified\":\"2023-07-11T20:17:20+00:00\",\"mainEntityOfPage\":{\"@id\":\"https:\\\/\\\/folhapopular.info\\\/index.php\\\/2023\\\/07\\\/11\\\/jaque-weber-conquista-mais-duas-medalhas-e-vaga-para-o-sul-americano\\\/\"},\"wordCount\":278,\"commentCount\":0,\"image\":{\"@id\":\"https:\\\/\\\/folhapopular.info\\\/index.php\\\/2023\\\/07\\\/11\\\/jaque-weber-conquista-mais-duas-medalhas-e-vaga-para-o-sul-americano\\\/#primaryimage\"},\"thumbnailUrl\":\"https:\\\/\\\/folhapopular.info\\\/wp-content\\\/uploads\\\/2023\\\/07\\\/wc_001_4-2.jpg\",\"keywords\":[\"1500 metros\",\"800 metros\",\"Atletismo\",\"Brasil\",\"Jaque Weber\",\"Teut\u00f4nia\",\"Trof\u00e9u Brasil de Atletismo\"],\"articleSection\":[\"Esportes\"],\"inLanguage\":\"pt-BR\",\"potentialAction\":[{\"@type\":\"CommentAction\",\"name\":\"Comment\",\"target\":[\"https:\\\/\\\/folhapopular.info\\\/index.php\\\/2023\\\/07\\\/11\\\/jaque-weber-conquista-mais-duas-medalhas-e-vaga-para-o-sul-americano\\\/#respond\"]}]},{\"@type\":\"WebPage\",\"@id\":\"https:\\\/\\\/folhapopular.info\\\/index.php\\\/2023\\\/07\\\/11\\\/jaque-weber-conquista-mais-duas-medalhas-e-vaga-para-o-sul-americano\\\/\",\"url\":\"https:\\\/\\\/folhapopular.info\\\/index.php\\\/2023\\\/07\\\/11\\\/jaque-weber-conquista-mais-duas-medalhas-e-vaga-para-o-sul-americano\\\/\",\"name\":\"Jaque Weber conquista mais duas medalhas e vaga para o sul-americano - Folha Popular\",\"isPartOf\":{\"@id\":\"https:\\\/\\\/folhapopular.info\\\/#website\"},\"primaryImageOfPage\":{\"@id\":\"https:\\\/\\\/folhapopular.info\\\/index.php\\\/2023\\\/07\\\/11\\\/jaque-weber-conquista-mais-duas-medalhas-e-vaga-para-o-sul-americano\\\/#primaryimage\"},\"image\":{\"@id\":\"https:\\\/\\\/folhapopular.info\\\/index.php\\\/2023\\\/07\\\/11\\\/jaque-weber-conquista-mais-duas-medalhas-e-vaga-para-o-sul-americano\\\/#primaryimage\"},\"thumbnailUrl\":\"https:\\\/\\\/folhapopular.info\\\/wp-content\\\/uploads\\\/2023\\\/07\\\/wc_001_4-2.jpg\",\"datePublished\":\"2023-07-11T20:17:19+00:00\",\"dateModified\":\"2023-07-11T20:17:20+00:00\",\"author\":{\"@id\":\"https:\\\/\\\/folhapopular.info\\\/#\\\/schema\\\/person\\\/2814e8a0df7643585a9ca38bc6eb9d4b\"},\"breadcrumb\":{\"@id\":\"https:\\\/\\\/folhapopular.info\\\/index.php\\\/2023\\\/07\\\/11\\\/jaque-weber-conquista-mais-duas-medalhas-e-vaga-para-o-sul-americano\\\/#breadcrumb\"},\"inLanguage\":\"pt-BR\",\"potentialAction\":[{\"@type\":\"ReadAction\",\"target\":[\"https:\\\/\\\/folhapopular.info\\\/index.php\\\/2023\\\/07\\\/11\\\/jaque-weber-conquista-mais-duas-medalhas-e-vaga-para-o-sul-americano\\\/\"]}]},{\"@type\":\"ImageObject\",\"inLanguage\":\"pt-BR\",\"@id\":\"https:\\\/\\\/folhapopular.info\\\/index.php\\\/2023\\\/07\\\/11\\\/jaque-weber-conquista-mais-duas-medalhas-e-vaga-para-o-sul-americano\\\/#primaryimage\",\"url\":\"https:\\\/\\\/folhapopular.info\\\/wp-content\\\/uploads\\\/2023\\\/07\\\/wc_001_4-2.jpg\",\"contentUrl\":\"https:\\\/\\\/folhapopular.info\\\/wp-content\\\/uploads\\\/2023\\\/07\\\/wc_001_4-2.jpg\",\"width\":1500,\"height\":1000,\"caption\":\"A teutoniense \u00e9 a \u00fanica atleta que se mant\u00e9m no p\u00f3dio da competi\u00e7\u00e3o nas duas dist\u00e2ncias desde o ano de 2021\"},{\"@type\":\"BreadcrumbList\",\"@id\":\"https:\\\/\\\/folhapopular.info\\\/index.php\\\/2023\\\/07\\\/11\\\/jaque-weber-conquista-mais-duas-medalhas-e-vaga-para-o-sul-americano\\\/#breadcrumb\",\"itemListElement\":[{\"@type\":\"ListItem\",\"position\":1,\"name\":\"In\u00edcio\",\"item\":\"https:\\\/\\\/folhapopular.info\\\/\"},{\"@type\":\"ListItem\",\"position\":2,\"name\":\"Jaque Weber conquista mais duas medalhas e vaga para o sul-americano\"}]},{\"@type\":\"WebSite\",\"@id\":\"https:\\\/\\\/folhapopular.info\\\/#website\",\"url\":\"https:\\\/\\\/folhapopular.info\\\/\",\"name\":\"Folha Popular\",\"description\":\"Onde voc\u00ea tem vez e voz\",\"potentialAction\":[{\"@type\":\"SearchAction\",\"target\":{\"@type\":\"EntryPoint\",\"urlTemplate\":\"https:\\\/\\\/folhapopular.info\\\/?s={search_term_string}\"},\"query-input\":{\"@type\":\"PropertyValueSpecification\",\"valueRequired\":true,\"valueName\":\"search_term_string\"}}],\"inLanguage\":\"pt-BR\"},{\"@type\":\"Person\",\"@id\":\"https:\\\/\\\/folhapopular.info\\\/#\\\/schema\\\/person\\\/2814e8a0df7643585a9ca38bc6eb9d4b\",\"name\":\"Reda\u00e7\u00e3o Folha Popular\",\"image\":{\"@type\":\"ImageObject\",\"inLanguage\":\"pt-BR\",\"@id\":\"https:\\\/\\\/folhapopular.info\\\/wp-content\\\/uploads\\\/2026\\\/04\\\/Folha-1.webp\",\"url\":\"https:\\\/\\\/folhapopular.info\\\/wp-content\\\/uploads\\\/2026\\\/04\\\/Folha-1.webp\",\"contentUrl\":\"https:\\\/\\\/folhapopular.info\\\/wp-content\\\/uploads\\\/2026\\\/04\\\/Folha-1.webp\",\"caption\":\"Reda\u00e7\u00e3o Folha Popular\"},\"url\":\"https:\\\/\\\/folhapopular.info\\\/index.php\\\/author\\\/redacao\\\/\"}]}<\/script>\n<!-- \/ Yoast SEO plugin. -->","yoast_head_json":{"title":"Jaque Weber conquista mais duas medalhas e vaga para o sul-americano - Folha Popular","robots":{"index":"index","follow":"follow","max-snippet":"max-snippet:-1","max-image-preview":"max-image-preview:large","max-video-preview":"max-video-preview:-1"},"canonical":"https:\/\/folhapopular.info\/index.php\/2023\/07\/11\/jaque-weber-conquista-mais-duas-medalhas-e-vaga-para-o-sul-americano\/","og_locale":"pt_BR","og_type":"article","og_title":"Jaque Weber conquista mais duas medalhas e vaga para o sul-americano - Folha Popular","og_description":"A atleta teutoniense, Jaqueline Weber, representou a regi\u00e3o no 42\u00ba Trof\u00e9u Brasil de Atletismo. A principal competi\u00e7\u00e3o de clubes da Am\u00e9rica Latina ocorreu pela primeira vez na capital do Mato Grosso, Cuiab\u00e1. O evento teve a participa\u00e7\u00e3o de mais de 750 atletas de todos o pa\u00eds. Al\u00e9m das advers\u00e1rias brasileiras, Jaque enfrentou o calor de [&hellip;]","og_url":"https:\/\/folhapopular.info\/index.php\/2023\/07\/11\/jaque-weber-conquista-mais-duas-medalhas-e-vaga-para-o-sul-americano\/","og_site_name":"Folha Popular","article_published_time":"2023-07-11T20:17:19+00:00","article_modified_time":"2023-07-11T20:17:20+00:00","og_image":[{"width":1500,"height":1000,"url":"http:\/\/folhapopular.info\/wp-content\/uploads\/2023\/07\/wc_001_4-2.jpg","type":"image\/jpeg"}],"author":"Reda\u00e7\u00e3o Folha Popular","twitter_card":"summary_large_image","twitter_misc":{"Escrito por":"Reda\u00e7\u00e3o Folha Popular","Est. tempo de leitura":"2 minutos"},"schema":{"@context":"https:\/\/schema.org","@graph":[{"@type":"Article","@id":"https:\/\/folhapopular.info\/index.php\/2023\/07\/11\/jaque-weber-conquista-mais-duas-medalhas-e-vaga-para-o-sul-americano\/#article","isPartOf":{"@id":"https:\/\/folhapopular.info\/index.php\/2023\/07\/11\/jaque-weber-conquista-mais-duas-medalhas-e-vaga-para-o-sul-americano\/"},"author":{"name":"Reda\u00e7\u00e3o Folha Popular","@id":"https:\/\/folhapopular.info\/#\/schema\/person\/2814e8a0df7643585a9ca38bc6eb9d4b"},"headline":"Jaque Weber conquista mais duas medalhas e vaga para o sul-americano","datePublished":"2023-07-11T20:17:19+00:00","dateModified":"2023-07-11T20:17:20+00:00","mainEntityOfPage":{"@id":"https:\/\/folhapopular.info\/index.php\/2023\/07\/11\/jaque-weber-conquista-mais-duas-medalhas-e-vaga-para-o-sul-americano\/"},"wordCount":278,"commentCount":0,"image":{"@id":"https:\/\/folhapopular.info\/index.php\/2023\/07\/11\/jaque-weber-conquista-mais-duas-medalhas-e-vaga-para-o-sul-americano\/#primaryimage"},"thumbnailUrl":"https:\/\/folhapopular.info\/wp-content\/uploads\/2023\/07\/wc_001_4-2.jpg","keywords":["1500 metros","800 metros","Atletismo","Brasil","Jaque Weber","Teut\u00f4nia","Trof\u00e9u Brasil de Atletismo"],"articleSection":["Esportes"],"inLanguage":"pt-BR","potentialAction":[{"@type":"CommentAction","name":"Comment","target":["https:\/\/folhapopular.info\/index.php\/2023\/07\/11\/jaque-weber-conquista-mais-duas-medalhas-e-vaga-para-o-sul-americano\/#respond"]}]},{"@type":"WebPage","@id":"https:\/\/folhapopular.info\/index.php\/2023\/07\/11\/jaque-weber-conquista-mais-duas-medalhas-e-vaga-para-o-sul-americano\/","url":"https:\/\/folhapopular.info\/index.php\/2023\/07\/11\/jaque-weber-conquista-mais-duas-medalhas-e-vaga-para-o-sul-americano\/","name":"Jaque Weber conquista mais duas medalhas e vaga para o sul-americano - Folha Popular","isPartOf":{"@id":"https:\/\/folhapopular.info\/#website"},"primaryImageOfPage":{"@id":"https:\/\/folhapopular.info\/index.php\/2023\/07\/11\/jaque-weber-conquista-mais-duas-medalhas-e-vaga-para-o-sul-americano\/#primaryimage"},"image":{"@id":"https:\/\/folhapopular.info\/index.php\/2023\/07\/11\/jaque-weber-conquista-mais-duas-medalhas-e-vaga-para-o-sul-americano\/#primaryimage"},"thumbnailUrl":"https:\/\/folhapopular.info\/wp-content\/uploads\/2023\/07\/wc_001_4-2.jpg","datePublished":"2023-07-11T20:17:19+00:00","dateModified":"2023-07-11T20:17:20+00:00","author":{"@id":"https:\/\/folhapopular.info\/#\/schema\/person\/2814e8a0df7643585a9ca38bc6eb9d4b"},"breadcrumb":{"@id":"https:\/\/folhapopular.info\/index.php\/2023\/07\/11\/jaque-weber-conquista-mais-duas-medalhas-e-vaga-para-o-sul-americano\/#breadcrumb"},"inLanguage":"pt-BR","potentialAction":[{"@type":"ReadAction","target":["https:\/\/folhapopular.info\/index.php\/2023\/07\/11\/jaque-weber-conquista-mais-duas-medalhas-e-vaga-para-o-sul-americano\/"]}]},{"@type":"ImageObject","inLanguage":"pt-BR","@id":"https:\/\/folhapopular.info\/index.php\/2023\/07\/11\/jaque-weber-conquista-mais-duas-medalhas-e-vaga-para-o-sul-americano\/#primaryimage","url":"https:\/\/folhapopular.info\/wp-content\/uploads\/2023\/07\/wc_001_4-2.jpg","contentUrl":"https:\/\/folhapopular.info\/wp-content\/uploads\/2023\/07\/wc_001_4-2.jpg","width":1500,"height":1000,"caption":"A teutoniense \u00e9 a \u00fanica atleta que se mant\u00e9m no p\u00f3dio da competi\u00e7\u00e3o nas duas dist\u00e2ncias desde o ano de 2021"},{"@type":"BreadcrumbList","@id":"https:\/\/folhapopular.info\/index.php\/2023\/07\/11\/jaque-weber-conquista-mais-duas-medalhas-e-vaga-para-o-sul-americano\/#breadcrumb","itemListElement":[{"@type":"ListItem","position":1,"name":"In\u00edcio","item":"https:\/\/folhapopular.info\/"},{"@type":"ListItem","position":2,"name":"Jaque Weber conquista mais duas medalhas e vaga para o sul-americano"}]},{"@type":"WebSite","@id":"https:\/\/folhapopular.info\/#website","url":"https:\/\/folhapopular.info\/","name":"Folha Popular","description":"Onde voc\u00ea tem vez e voz","potentialAction":[{"@type":"SearchAction","target":{"@type":"EntryPoint","urlTemplate":"https:\/\/folhapopular.info\/?s={search_term_string}"},"query-input":{"@type":"PropertyValueSpecification","valueRequired":true,"valueName":"search_term_string"}}],"inLanguage":"pt-BR"},{"@type":"Person","@id":"https:\/\/folhapopular.info\/#\/schema\/person\/2814e8a0df7643585a9ca38bc6eb9d4b","name":"Reda\u00e7\u00e3o Folha Popular","image":{"@type":"ImageObject","inLanguage":"pt-BR","@id":"https:\/\/folhapopular.info\/wp-content\/uploads\/2026\/04\/Folha-1.webp","url":"https:\/\/folhapopular.info\/wp-content\/uploads\/2026\/04\/Folha-1.webp","contentUrl":"https:\/\/folhapopular.info\/wp-content\/uploads\/2026\/04\/Folha-1.webp","caption":"Reda\u00e7\u00e3o Folha Popular"},"url":"https:\/\/folhapopular.info\/index.php\/author\/redacao\/"}]}},"jetpack_featured_media_url":"https:\/\/folhapopular.info\/wp-content\/uploads\/2023\/07\/wc_001_4-2.jpg","jetpack_sharing_enabled":true,"amp_enabled":true,"_links":{"self":[{"href":"https:\/\/folhapopular.info\/index.php\/wp-json\/wp\/v2\/posts\/133041","targetHints":{"allow":["GET"]}}],"collection":[{"href":"https:\/\/folhapopular.info\/index.php\/wp-json\/wp\/v2\/posts"}],"about":[{"href":"https:\/\/folhapopular.info\/index.php\/wp-json\/wp\/v2\/types\/post"}],"author":[{"embeddable":true,"href":"https:\/\/folhapopular.info\/index.php\/wp-json\/wp\/v2\/users\/8"}],"replies":[{"embeddable":true,"href":"https:\/\/folhapopular.info\/index.php\/wp-json\/wp\/v2\/comments?post=133041"}],"version-history":[{"count":0,"href":"https:\/\/folhapopular.info\/index.php\/wp-json\/wp\/v2\/posts\/133041\/revisions"}],"wp:featuredmedia":[{"embeddable":true,"href":"https:\/\/folhapopular.info\/index.php\/wp-json\/wp\/v2\/media\/133045"}],"wp:attachment":[{"href":"https:\/\/folhapopular.info\/index.php\/wp-json\/wp\/v2\/media?parent=133041"}],"wp:term":[{"taxonomy":"category","embeddable":true,"href":"https:\/\/folhapopular.info\/index.php\/wp-json\/wp\/v2\/categories?post=133041"},{"taxonomy":"post_tag","embeddable":true,"href":"https:\/\/folhapopular.info\/index.php\/wp-json\/wp\/v2\/tags?post=133041"}],"curies":[{"name":"wp","href":"https:\/\/api.w.org\/{rel}","templated":true}]}}