{"id":133069,"date":"2023-07-12T13:58:12","date_gmt":"2023-07-12T16:58:12","guid":{"rendered":"https:\/\/folhapopular.info\/?p=133069"},"modified":"2023-07-12T14:04:00","modified_gmt":"2023-07-12T17:04:00","slug":"ciclone-extratropical-deve-chegar-com-intensidade-no-inicio-da-noite-desta-quarta-feira","status":"publish","type":"post","link":"https:\/\/folhapopular.info\/index.php\/2023\/07\/12\/ciclone-extratropical-deve-chegar-com-intensidade-no-inicio-da-noite-desta-quarta-feira\/","title":{"rendered":"Ciclone extratropical deve chegar com intensidade no in\u00edcio da noite desta quarta-feira"},"content":{"rendered":"\n<p>O ciclone extratropical que atingir\u00e1 o RS ainda n\u00e3o est\u00e1 sobre o Estado. A previs\u00e3o \u00e9 de que ele chegue com intensidade na regi\u00e3o no in\u00edcio da noite desta quarta-feira (12\/7), madrugada e amanh\u00e3 pela manh\u00e3, causando chuvas constantes, tempestades, ventos intensos podendo chegar aos 90km\/h e enxurradas de rios e arroios. <\/p>\n\n\n\n<p>Conforme a <a href=\"https:\/\/metsul.com\/ciclone-intenso-se-forma-no-sul-veja-o-que-esperar-hora-a-hora\/\" target=\"_blank\" rel=\"noreferrer noopener\">MetSul Meteorologia<\/a>, o ciclone que se formar\u00e1 hoje ter\u00e1 um diferencial em rela\u00e7\u00e3o \u00e0 maioria dos ciclones que afetam o Estado &#8211; ir\u00e1 se formar sobre o Rio Grande do Sul, e n\u00e3o sobre o mar, o que vai trazer vento forte entre hoje e amanh\u00e3 em muito mais cidades que o habitual em circula\u00e7\u00e3o cicl\u00f4nica.<\/p>\n\n\n\n<p>Hoje chove em todas as regi\u00f5es, com pancadas por vezes fortes a torrenciais com elevados volumes em curto per\u00edodo. H\u00e1 risco de temporais localizados com vendavais ou granizo pela intera\u00e7\u00e3o de ar quente com a baixa press\u00e3o.<\/p>\n\n\n\n<p>\u00c0 noite deve chover em quase todo o Rio Grande do Sul, de forma forte a torrencial em muitos locais. A chuva mais volumosa se concentrar\u00e1 no Centro, Sul e o Leste do Estado, com altas chances de alagamentos. <\/p>\n\n\n\n<p>No fim do dia, uma frente fria se organiza e avan\u00e7a com chuva localmente forte e risco de tempestades isoladas fortes com potencial para fen\u00f4menos severos isolados de vento pelo Noroeste e o Norte ga\u00facho, Oeste e Meio-Oeste catarinense e o Oeste do Paran\u00e1. <\/p>\n\n\n\n<p>Confira a rota que o ciclone deve fazer sobre o RS, conforme a MetSul Meteorologia:<\/p>\n\n\n\n<figure class=\"wp-block-image size-large is-resized\"><img loading=\"lazy\" decoding=\"async\" src=\"https:\/\/folhapopular.info\/wp-content\/uploads\/2023\/07\/WhatsApp-Image-2023-07-12-at-09.15.53-813x1024.jpeg\" alt=\"\" class=\"wp-image-133070\" width=\"619\" height=\"796\"\/><\/figure>\n","protected":false},"excerpt":{"rendered":"<p>O ciclone extratropical que atingir\u00e1 o RS ainda n\u00e3o est\u00e1 sobre o Estado. A previs\u00e3o \u00e9 de que ele chegue com intensidade na regi\u00e3o no in\u00edcio da noite desta quarta-feira (12\/7), madrugada e amanh\u00e3 pela manh\u00e3, causando chuvas constantes, tempestades, ventos intensos podendo chegar aos 90km\/h e enxurradas de rios e arroios. Conforme a MetSul [&hellip;]<\/p>\n","protected":false},"author":8,"featured_media":133072,"comment_status":"open","ping_status":"open","sticky":false,"template":"","format":"standard","meta":{"pmpro_default_level":"","_jetpack_memberships_contains_paid_content":false,"footnotes":""},"categories":[2,3],"tags":[1057,12538,12605,156],"class_list":{"0":"post-133069","1":"post","2":"type-post","3":"status-publish","4":"format-standard","5":"has-post-thumbnail","7":"category-featured","8":"category-geral","9":"tag-chuva","10":"tag-ciclone-extratropical","11":"tag-instabilidade","12":"tag-vale-do-taquari","13":"pmpro-has-access"},"yoast_head":"<!-- This site is optimized with the Yoast SEO plugin v27.5 - https:\/\/yoast.com\/product\/yoast-seo-wordpress\/ -->\n<title>Ciclone extratropical deve chegar com intensidade no in\u00edcio da noite desta quarta-feira - Folha Popular<\/title>\n<meta name=\"robots\" content=\"index, follow, max-snippet:-1, max-image-preview:large, max-video-preview:-1\" \/>\n<link rel=\"canonical\" href=\"https:\/\/folhapopular.info\/index.php\/2023\/07\/12\/ciclone-extratropical-deve-chegar-com-intensidade-no-inicio-da-noite-desta-quarta-feira\/\" \/>\n<meta property=\"og:locale\" content=\"pt_BR\" \/>\n<meta property=\"og:type\" content=\"article\" \/>\n<meta property=\"og:title\" content=\"Ciclone extratropical deve chegar com intensidade no in\u00edcio da noite desta quarta-feira - Folha Popular\" \/>\n<meta property=\"og:description\" content=\"O ciclone extratropical que atingir\u00e1 o RS ainda n\u00e3o est\u00e1 sobre o Estado. A previs\u00e3o \u00e9 de que ele chegue com intensidade na regi\u00e3o no in\u00edcio da noite desta quarta-feira (12\/7), madrugada e amanh\u00e3 pela manh\u00e3, causando chuvas constantes, tempestades, ventos intensos podendo chegar aos 90km\/h e enxurradas de rios e arroios. Conforme a MetSul [&hellip;]\" \/>\n<meta property=\"og:url\" content=\"https:\/\/folhapopular.info\/index.php\/2023\/07\/12\/ciclone-extratropical-deve-chegar-com-intensidade-no-inicio-da-noite-desta-quarta-feira\/\" \/>\n<meta property=\"og:site_name\" content=\"Folha Popular\" \/>\n<meta property=\"article:published_time\" content=\"2023-07-12T16:58:12+00:00\" \/>\n<meta property=\"article:modified_time\" content=\"2023-07-12T17:04:00+00:00\" \/>\n<meta property=\"og:image\" content=\"http:\/\/folhapopular.info\/wp-content\/uploads\/2023\/07\/pexels-ave-calvar-martinez-3497624.jpg\" \/>\n\t<meta property=\"og:image:width\" content=\"1920\" \/>\n\t<meta property=\"og:image:height\" content=\"1280\" \/>\n\t<meta property=\"og:image:type\" content=\"image\/jpeg\" \/>\n<meta name=\"author\" content=\"Reda\u00e7\u00e3o Folha Popular\" \/>\n<meta name=\"twitter:card\" content=\"summary_large_image\" \/>\n<meta name=\"twitter:label1\" content=\"Escrito por\" \/>\n\t<meta name=\"twitter:data1\" content=\"Reda\u00e7\u00e3o Folha Popular\" \/>\n\t<meta name=\"twitter:label2\" content=\"Est. tempo de leitura\" \/>\n\t<meta name=\"twitter:data2\" content=\"2 minutos\" \/>\n<script type=\"application\/ld+json\" class=\"yoast-schema-graph\">{\"@context\":\"https:\\\/\\\/schema.org\",\"@graph\":[{\"@type\":\"Article\",\"@id\":\"https:\\\/\\\/folhapopular.info\\\/index.php\\\/2023\\\/07\\\/12\\\/ciclone-extratropical-deve-chegar-com-intensidade-no-inicio-da-noite-desta-quarta-feira\\\/#article\",\"isPartOf\":{\"@id\":\"https:\\\/\\\/folhapopular.info\\\/index.php\\\/2023\\\/07\\\/12\\\/ciclone-extratropical-deve-chegar-com-intensidade-no-inicio-da-noite-desta-quarta-feira\\\/\"},\"author\":{\"name\":\"Reda\u00e7\u00e3o Folha Popular\",\"@id\":\"https:\\\/\\\/folhapopular.info\\\/#\\\/schema\\\/person\\\/2814e8a0df7643585a9ca38bc6eb9d4b\"},\"headline\":\"Ciclone extratropical deve chegar com intensidade no in\u00edcio da noite desta quarta-feira\",\"datePublished\":\"2023-07-12T16:58:12+00:00\",\"dateModified\":\"2023-07-12T17:04:00+00:00\",\"mainEntityOfPage\":{\"@id\":\"https:\\\/\\\/folhapopular.info\\\/index.php\\\/2023\\\/07\\\/12\\\/ciclone-extratropical-deve-chegar-com-intensidade-no-inicio-da-noite-desta-quarta-feira\\\/\"},\"wordCount\":270,\"commentCount\":0,\"image\":{\"@id\":\"https:\\\/\\\/folhapopular.info\\\/index.php\\\/2023\\\/07\\\/12\\\/ciclone-extratropical-deve-chegar-com-intensidade-no-inicio-da-noite-desta-quarta-feira\\\/#primaryimage\"},\"thumbnailUrl\":\"https:\\\/\\\/folhapopular.info\\\/wp-content\\\/uploads\\\/2023\\\/07\\\/pexels-ave-calvar-martinez-3497624.jpg\",\"keywords\":[\"chuva\",\"ciclone extratropical\",\"instabilidade\",\"Vale do Taquari\"],\"articleSection\":[\"Destaques\",\"Geral\"],\"inLanguage\":\"pt-BR\",\"potentialAction\":[{\"@type\":\"CommentAction\",\"name\":\"Comment\",\"target\":[\"https:\\\/\\\/folhapopular.info\\\/index.php\\\/2023\\\/07\\\/12\\\/ciclone-extratropical-deve-chegar-com-intensidade-no-inicio-da-noite-desta-quarta-feira\\\/#respond\"]}]},{\"@type\":\"WebPage\",\"@id\":\"https:\\\/\\\/folhapopular.info\\\/index.php\\\/2023\\\/07\\\/12\\\/ciclone-extratropical-deve-chegar-com-intensidade-no-inicio-da-noite-desta-quarta-feira\\\/\",\"url\":\"https:\\\/\\\/folhapopular.info\\\/index.php\\\/2023\\\/07\\\/12\\\/ciclone-extratropical-deve-chegar-com-intensidade-no-inicio-da-noite-desta-quarta-feira\\\/\",\"name\":\"Ciclone extratropical deve chegar com intensidade no in\u00edcio da noite desta quarta-feira - Folha Popular\",\"isPartOf\":{\"@id\":\"https:\\\/\\\/folhapopular.info\\\/#website\"},\"primaryImageOfPage\":{\"@id\":\"https:\\\/\\\/folhapopular.info\\\/index.php\\\/2023\\\/07\\\/12\\\/ciclone-extratropical-deve-chegar-com-intensidade-no-inicio-da-noite-desta-quarta-feira\\\/#primaryimage\"},\"image\":{\"@id\":\"https:\\\/\\\/folhapopular.info\\\/index.php\\\/2023\\\/07\\\/12\\\/ciclone-extratropical-deve-chegar-com-intensidade-no-inicio-da-noite-desta-quarta-feira\\\/#primaryimage\"},\"thumbnailUrl\":\"https:\\\/\\\/folhapopular.info\\\/wp-content\\\/uploads\\\/2023\\\/07\\\/pexels-ave-calvar-martinez-3497624.jpg\",\"datePublished\":\"2023-07-12T16:58:12+00:00\",\"dateModified\":\"2023-07-12T17:04:00+00:00\",\"author\":{\"@id\":\"https:\\\/\\\/folhapopular.info\\\/#\\\/schema\\\/person\\\/2814e8a0df7643585a9ca38bc6eb9d4b\"},\"breadcrumb\":{\"@id\":\"https:\\\/\\\/folhapopular.info\\\/index.php\\\/2023\\\/07\\\/12\\\/ciclone-extratropical-deve-chegar-com-intensidade-no-inicio-da-noite-desta-quarta-feira\\\/#breadcrumb\"},\"inLanguage\":\"pt-BR\",\"potentialAction\":[{\"@type\":\"ReadAction\",\"target\":[\"https:\\\/\\\/folhapopular.info\\\/index.php\\\/2023\\\/07\\\/12\\\/ciclone-extratropical-deve-chegar-com-intensidade-no-inicio-da-noite-desta-quarta-feira\\\/\"]}]},{\"@type\":\"ImageObject\",\"inLanguage\":\"pt-BR\",\"@id\":\"https:\\\/\\\/folhapopular.info\\\/index.php\\\/2023\\\/07\\\/12\\\/ciclone-extratropical-deve-chegar-com-intensidade-no-inicio-da-noite-desta-quarta-feira\\\/#primaryimage\",\"url\":\"https:\\\/\\\/folhapopular.info\\\/wp-content\\\/uploads\\\/2023\\\/07\\\/pexels-ave-calvar-martinez-3497624.jpg\",\"contentUrl\":\"https:\\\/\\\/folhapopular.info\\\/wp-content\\\/uploads\\\/2023\\\/07\\\/pexels-ave-calvar-martinez-3497624.jpg\",\"width\":1920,\"height\":1280,\"caption\":\"Cr\u00e9dito: Ave Calvar Martinez \\\/ Pexels\"},{\"@type\":\"BreadcrumbList\",\"@id\":\"https:\\\/\\\/folhapopular.info\\\/index.php\\\/2023\\\/07\\\/12\\\/ciclone-extratropical-deve-chegar-com-intensidade-no-inicio-da-noite-desta-quarta-feira\\\/#breadcrumb\",\"itemListElement\":[{\"@type\":\"ListItem\",\"position\":1,\"name\":\"In\u00edcio\",\"item\":\"https:\\\/\\\/folhapopular.info\\\/\"},{\"@type\":\"ListItem\",\"position\":2,\"name\":\"Ciclone extratropical deve chegar com intensidade no in\u00edcio da noite desta quarta-feira\"}]},{\"@type\":\"WebSite\",\"@id\":\"https:\\\/\\\/folhapopular.info\\\/#website\",\"url\":\"https:\\\/\\\/folhapopular.info\\\/\",\"name\":\"Folha Popular\",\"description\":\"Onde voc\u00ea tem vez e voz\",\"potentialAction\":[{\"@type\":\"SearchAction\",\"target\":{\"@type\":\"EntryPoint\",\"urlTemplate\":\"https:\\\/\\\/folhapopular.info\\\/?s={search_term_string}\"},\"query-input\":{\"@type\":\"PropertyValueSpecification\",\"valueRequired\":true,\"valueName\":\"search_term_string\"}}],\"inLanguage\":\"pt-BR\"},{\"@type\":\"Person\",\"@id\":\"https:\\\/\\\/folhapopular.info\\\/#\\\/schema\\\/person\\\/2814e8a0df7643585a9ca38bc6eb9d4b\",\"name\":\"Reda\u00e7\u00e3o Folha Popular\",\"image\":{\"@type\":\"ImageObject\",\"inLanguage\":\"pt-BR\",\"@id\":\"https:\\\/\\\/folhapopular.info\\\/wp-content\\\/uploads\\\/2026\\\/04\\\/Folha-1.webp\",\"url\":\"https:\\\/\\\/folhapopular.info\\\/wp-content\\\/uploads\\\/2026\\\/04\\\/Folha-1.webp\",\"contentUrl\":\"https:\\\/\\\/folhapopular.info\\\/wp-content\\\/uploads\\\/2026\\\/04\\\/Folha-1.webp\",\"caption\":\"Reda\u00e7\u00e3o Folha Popular\"},\"url\":\"https:\\\/\\\/folhapopular.info\\\/index.php\\\/author\\\/redacao\\\/\"}]}<\/script>\n<!-- \/ Yoast SEO plugin. -->","yoast_head_json":{"title":"Ciclone extratropical deve chegar com intensidade no in\u00edcio da noite desta quarta-feira - Folha Popular","robots":{"index":"index","follow":"follow","max-snippet":"max-snippet:-1","max-image-preview":"max-image-preview:large","max-video-preview":"max-video-preview:-1"},"canonical":"https:\/\/folhapopular.info\/index.php\/2023\/07\/12\/ciclone-extratropical-deve-chegar-com-intensidade-no-inicio-da-noite-desta-quarta-feira\/","og_locale":"pt_BR","og_type":"article","og_title":"Ciclone extratropical deve chegar com intensidade no in\u00edcio da noite desta quarta-feira - Folha Popular","og_description":"O ciclone extratropical que atingir\u00e1 o RS ainda n\u00e3o est\u00e1 sobre o Estado. A previs\u00e3o \u00e9 de que ele chegue com intensidade na regi\u00e3o no in\u00edcio da noite desta quarta-feira (12\/7), madrugada e amanh\u00e3 pela manh\u00e3, causando chuvas constantes, tempestades, ventos intensos podendo chegar aos 90km\/h e enxurradas de rios e arroios. Conforme a MetSul [&hellip;]","og_url":"https:\/\/folhapopular.info\/index.php\/2023\/07\/12\/ciclone-extratropical-deve-chegar-com-intensidade-no-inicio-da-noite-desta-quarta-feira\/","og_site_name":"Folha Popular","article_published_time":"2023-07-12T16:58:12+00:00","article_modified_time":"2023-07-12T17:04:00+00:00","og_image":[{"width":1920,"height":1280,"url":"http:\/\/folhapopular.info\/wp-content\/uploads\/2023\/07\/pexels-ave-calvar-martinez-3497624.jpg","type":"image\/jpeg"}],"author":"Reda\u00e7\u00e3o Folha Popular","twitter_card":"summary_large_image","twitter_misc":{"Escrito por":"Reda\u00e7\u00e3o Folha Popular","Est. tempo de leitura":"2 minutos"},"schema":{"@context":"https:\/\/schema.org","@graph":[{"@type":"Article","@id":"https:\/\/folhapopular.info\/index.php\/2023\/07\/12\/ciclone-extratropical-deve-chegar-com-intensidade-no-inicio-da-noite-desta-quarta-feira\/#article","isPartOf":{"@id":"https:\/\/folhapopular.info\/index.php\/2023\/07\/12\/ciclone-extratropical-deve-chegar-com-intensidade-no-inicio-da-noite-desta-quarta-feira\/"},"author":{"name":"Reda\u00e7\u00e3o Folha Popular","@id":"https:\/\/folhapopular.info\/#\/schema\/person\/2814e8a0df7643585a9ca38bc6eb9d4b"},"headline":"Ciclone extratropical deve chegar com intensidade no in\u00edcio da noite desta quarta-feira","datePublished":"2023-07-12T16:58:12+00:00","dateModified":"2023-07-12T17:04:00+00:00","mainEntityOfPage":{"@id":"https:\/\/folhapopular.info\/index.php\/2023\/07\/12\/ciclone-extratropical-deve-chegar-com-intensidade-no-inicio-da-noite-desta-quarta-feira\/"},"wordCount":270,"commentCount":0,"image":{"@id":"https:\/\/folhapopular.info\/index.php\/2023\/07\/12\/ciclone-extratropical-deve-chegar-com-intensidade-no-inicio-da-noite-desta-quarta-feira\/#primaryimage"},"thumbnailUrl":"https:\/\/folhapopular.info\/wp-content\/uploads\/2023\/07\/pexels-ave-calvar-martinez-3497624.jpg","keywords":["chuva","ciclone extratropical","instabilidade","Vale do Taquari"],"articleSection":["Destaques","Geral"],"inLanguage":"pt-BR","potentialAction":[{"@type":"CommentAction","name":"Comment","target":["https:\/\/folhapopular.info\/index.php\/2023\/07\/12\/ciclone-extratropical-deve-chegar-com-intensidade-no-inicio-da-noite-desta-quarta-feira\/#respond"]}]},{"@type":"WebPage","@id":"https:\/\/folhapopular.info\/index.php\/2023\/07\/12\/ciclone-extratropical-deve-chegar-com-intensidade-no-inicio-da-noite-desta-quarta-feira\/","url":"https:\/\/folhapopular.info\/index.php\/2023\/07\/12\/ciclone-extratropical-deve-chegar-com-intensidade-no-inicio-da-noite-desta-quarta-feira\/","name":"Ciclone extratropical deve chegar com intensidade no in\u00edcio da noite desta quarta-feira - Folha Popular","isPartOf":{"@id":"https:\/\/folhapopular.info\/#website"},"primaryImageOfPage":{"@id":"https:\/\/folhapopular.info\/index.php\/2023\/07\/12\/ciclone-extratropical-deve-chegar-com-intensidade-no-inicio-da-noite-desta-quarta-feira\/#primaryimage"},"image":{"@id":"https:\/\/folhapopular.info\/index.php\/2023\/07\/12\/ciclone-extratropical-deve-chegar-com-intensidade-no-inicio-da-noite-desta-quarta-feira\/#primaryimage"},"thumbnailUrl":"https:\/\/folhapopular.info\/wp-content\/uploads\/2023\/07\/pexels-ave-calvar-martinez-3497624.jpg","datePublished":"2023-07-12T16:58:12+00:00","dateModified":"2023-07-12T17:04:00+00:00","author":{"@id":"https:\/\/folhapopular.info\/#\/schema\/person\/2814e8a0df7643585a9ca38bc6eb9d4b"},"breadcrumb":{"@id":"https:\/\/folhapopular.info\/index.php\/2023\/07\/12\/ciclone-extratropical-deve-chegar-com-intensidade-no-inicio-da-noite-desta-quarta-feira\/#breadcrumb"},"inLanguage":"pt-BR","potentialAction":[{"@type":"ReadAction","target":["https:\/\/folhapopular.info\/index.php\/2023\/07\/12\/ciclone-extratropical-deve-chegar-com-intensidade-no-inicio-da-noite-desta-quarta-feira\/"]}]},{"@type":"ImageObject","inLanguage":"pt-BR","@id":"https:\/\/folhapopular.info\/index.php\/2023\/07\/12\/ciclone-extratropical-deve-chegar-com-intensidade-no-inicio-da-noite-desta-quarta-feira\/#primaryimage","url":"https:\/\/folhapopular.info\/wp-content\/uploads\/2023\/07\/pexels-ave-calvar-martinez-3497624.jpg","contentUrl":"https:\/\/folhapopular.info\/wp-content\/uploads\/2023\/07\/pexels-ave-calvar-martinez-3497624.jpg","width":1920,"height":1280,"caption":"Cr\u00e9dito: Ave Calvar Martinez \/ Pexels"},{"@type":"BreadcrumbList","@id":"https:\/\/folhapopular.info\/index.php\/2023\/07\/12\/ciclone-extratropical-deve-chegar-com-intensidade-no-inicio-da-noite-desta-quarta-feira\/#breadcrumb","itemListElement":[{"@type":"ListItem","position":1,"name":"In\u00edcio","item":"https:\/\/folhapopular.info\/"},{"@type":"ListItem","position":2,"name":"Ciclone extratropical deve chegar com intensidade no in\u00edcio da noite desta quarta-feira"}]},{"@type":"WebSite","@id":"https:\/\/folhapopular.info\/#website","url":"https:\/\/folhapopular.info\/","name":"Folha Popular","description":"Onde voc\u00ea tem vez e voz","potentialAction":[{"@type":"SearchAction","target":{"@type":"EntryPoint","urlTemplate":"https:\/\/folhapopular.info\/?s={search_term_string}"},"query-input":{"@type":"PropertyValueSpecification","valueRequired":true,"valueName":"search_term_string"}}],"inLanguage":"pt-BR"},{"@type":"Person","@id":"https:\/\/folhapopular.info\/#\/schema\/person\/2814e8a0df7643585a9ca38bc6eb9d4b","name":"Reda\u00e7\u00e3o Folha Popular","image":{"@type":"ImageObject","inLanguage":"pt-BR","@id":"https:\/\/folhapopular.info\/wp-content\/uploads\/2026\/04\/Folha-1.webp","url":"https:\/\/folhapopular.info\/wp-content\/uploads\/2026\/04\/Folha-1.webp","contentUrl":"https:\/\/folhapopular.info\/wp-content\/uploads\/2026\/04\/Folha-1.webp","caption":"Reda\u00e7\u00e3o Folha Popular"},"url":"https:\/\/folhapopular.info\/index.php\/author\/redacao\/"}]}},"jetpack_featured_media_url":"https:\/\/folhapopular.info\/wp-content\/uploads\/2023\/07\/pexels-ave-calvar-martinez-3497624.jpg","jetpack_sharing_enabled":true,"amp_enabled":true,"_links":{"self":[{"href":"https:\/\/folhapopular.info\/index.php\/wp-json\/wp\/v2\/posts\/133069","targetHints":{"allow":["GET"]}}],"collection":[{"href":"https:\/\/folhapopular.info\/index.php\/wp-json\/wp\/v2\/posts"}],"about":[{"href":"https:\/\/folhapopular.info\/index.php\/wp-json\/wp\/v2\/types\/post"}],"author":[{"embeddable":true,"href":"https:\/\/folhapopular.info\/index.php\/wp-json\/wp\/v2\/users\/8"}],"replies":[{"embeddable":true,"href":"https:\/\/folhapopular.info\/index.php\/wp-json\/wp\/v2\/comments?post=133069"}],"version-history":[{"count":0,"href":"https:\/\/folhapopular.info\/index.php\/wp-json\/wp\/v2\/posts\/133069\/revisions"}],"wp:featuredmedia":[{"embeddable":true,"href":"https:\/\/folhapopular.info\/index.php\/wp-json\/wp\/v2\/media\/133072"}],"wp:attachment":[{"href":"https:\/\/folhapopular.info\/index.php\/wp-json\/wp\/v2\/media?parent=133069"}],"wp:term":[{"taxonomy":"category","embeddable":true,"href":"https:\/\/folhapopular.info\/index.php\/wp-json\/wp\/v2\/categories?post=133069"},{"taxonomy":"post_tag","embeddable":true,"href":"https:\/\/folhapopular.info\/index.php\/wp-json\/wp\/v2\/tags?post=133069"}],"curies":[{"name":"wp","href":"https:\/\/api.w.org\/{rel}","templated":true}]}}