{"id":133752,"date":"2023-07-17T16:55:00","date_gmt":"2023-07-17T19:55:00","guid":{"rendered":"https:\/\/folhapopular.info\/?p=133752"},"modified":"2023-07-17T16:49:38","modified_gmt":"2023-07-17T19:49:38","slug":"bom-retiro-do-sul-promove-primeira-edicao-da-festa-do-agricultor","status":"publish","type":"post","link":"https:\/\/folhapopular.info\/index.php\/2023\/07\/17\/bom-retiro-do-sul-promove-primeira-edicao-da-festa-do-agricultor\/","title":{"rendered":"Bom Retiro do Sul promove primeira edi\u00e7\u00e3o da Festa do Agricultor"},"content":{"rendered":"\n<p>No dia 25 de julho a Administra\u00e7\u00e3o Municipal de Bom Retiro do Sul atrav\u00e9s da Secretaria Municipal de Agricultura e Meio Ambiente, promove a primeira edi\u00e7\u00e3o da Festa do Agricultor, com um grande Tratora\u00e7o.<\/p>\n\n\n\n<p>A Festa do Agricultor ser\u00e1 realizada no CTG Quer\u00eancia da Amizade, a partir das 9h30, com entrada gratuita. Conforme a secret\u00e1ria Maria Delci Klunck, o evento tem por objetivo valorizar a agricultura.<\/p>\n\n\n\n<p>\u201cNosso setor agropecu\u00e1rio responde por mais de 30% da economia de Bom Retiro do Sul, e por esta dedica\u00e7\u00e3o e representatividade, temos a obriga\u00e7\u00e3o de valorizar cada vez mais nossos agricultores e aqueles que tiram de terra o seu sustento e alavancam o munic\u00edpio, destacando seu empenho e apresentando para a comunidade suas ferramentas de trabalho, especialmente os equipamentos em um grande tratora\u00e7o\u201d, destacou Delci.<\/p>\n\n\n\n<p>A programa\u00e7\u00e3o do dia ter\u00e1:<\/p>\n\n\n\n<p>&#8211; 9h30: Tratora\u00e7o pelo Centro. Sa\u00edda da Prefeitura<br>&#8211; 11h: Cerim\u00f4nia de abertura (CTG Quer\u00eancia da Amizade)<br>&#8211; 11h30: Premia\u00e7\u00e3o Agricultores Destaque<br>&#8211; 12h: Almo\u00e7o (cart\u00f5es-almo\u00e7o gratuitos limitados na Secretaria de Agricultura e Meio Ambiente)<br>&#8211; 13h30: Apresenta\u00e7\u00f5es art\u00edsticas<br>&#8211; 14h: Baile.<\/p>\n\n\n\n<p>Tratora\u00e7o:<br>Para participar do Tratora\u00e7o, os interessados devem fazer a inscri\u00e7\u00e3o pr\u00e9via na Secretaria Municipal da Agricultura e Meio Ambiente ou na EMATER\/RS at\u00e9 o dia 21 de julho. Informa\u00e7\u00f5es podem ser obtidas pelo telefone 9 9845-8661.<\/p>\n\n\n\n<p>A Festa do Agricultor conta com o apoio do Sicredi, Emater\/RS-Ascar e do Sindicato dos Trabalhadores Rurais.<\/p>\n","protected":false},"excerpt":{"rendered":"<p>No dia 25 de julho a Administra\u00e7\u00e3o Municipal de Bom Retiro do Sul atrav\u00e9s da Secretaria Municipal de Agricultura e Meio Ambiente, promove a primeira edi\u00e7\u00e3o da Festa do Agricultor, com um grande Tratora\u00e7o. A Festa do Agricultor ser\u00e1 realizada no CTG Quer\u00eancia da Amizade, a partir das 9h30, com entrada gratuita. Conforme a secret\u00e1ria [&hellip;]<\/p>\n","protected":false},"author":8,"featured_media":133755,"comment_status":"open","ping_status":"open","sticky":false,"template":"","format":"standard","meta":{"pmpro_default_level":"","_jetpack_memberships_contains_paid_content":false,"footnotes":""},"categories":[2,10999,6],"tags":[146,456],"class_list":{"0":"post-133752","1":"post","2":"type-post","3":"status-publish","4":"format-standard","5":"has-post-thumbnail","7":"category-featured","8":"category-entretenimento","9":"category-inclusive","10":"tag-bom-retiro-do-sul","11":"tag-festa-do-agricultor","12":"pmpro-has-access"},"yoast_head":"<!-- This site is optimized with the Yoast SEO plugin v27.5 - https:\/\/yoast.com\/product\/yoast-seo-wordpress\/ -->\n<title>Bom Retiro do Sul promove primeira edi\u00e7\u00e3o da Festa do Agricultor - Folha Popular<\/title>\n<meta name=\"robots\" content=\"index, follow, max-snippet:-1, max-image-preview:large, max-video-preview:-1\" \/>\n<link rel=\"canonical\" href=\"https:\/\/folhapopular.info\/index.php\/2023\/07\/17\/bom-retiro-do-sul-promove-primeira-edicao-da-festa-do-agricultor\/\" \/>\n<meta property=\"og:locale\" content=\"pt_BR\" \/>\n<meta property=\"og:type\" content=\"article\" \/>\n<meta property=\"og:title\" content=\"Bom Retiro do Sul promove primeira edi\u00e7\u00e3o da Festa do Agricultor - Folha Popular\" \/>\n<meta property=\"og:description\" content=\"No dia 25 de julho a Administra\u00e7\u00e3o Municipal de Bom Retiro do Sul atrav\u00e9s da Secretaria Municipal de Agricultura e Meio Ambiente, promove a primeira edi\u00e7\u00e3o da Festa do Agricultor, com um grande Tratora\u00e7o. A Festa do Agricultor ser\u00e1 realizada no CTG Quer\u00eancia da Amizade, a partir das 9h30, com entrada gratuita. Conforme a secret\u00e1ria [&hellip;]\" \/>\n<meta property=\"og:url\" content=\"https:\/\/folhapopular.info\/index.php\/2023\/07\/17\/bom-retiro-do-sul-promove-primeira-edicao-da-festa-do-agricultor\/\" \/>\n<meta property=\"og:site_name\" content=\"Folha Popular\" \/>\n<meta property=\"article:published_time\" content=\"2023-07-17T19:55:00+00:00\" \/>\n<meta property=\"og:image\" content=\"https:\/\/folhapopular.info\/wp-content\/uploads\/2023\/07\/Cartaz-Festa-Agricultor-v3-scaled.jpg\" \/>\n\t<meta property=\"og:image:width\" content=\"1810\" \/>\n\t<meta property=\"og:image:height\" content=\"2560\" \/>\n\t<meta property=\"og:image:type\" content=\"image\/jpeg\" \/>\n<meta name=\"author\" content=\"Reda\u00e7\u00e3o Folha Popular\" \/>\n<meta name=\"twitter:card\" content=\"summary_large_image\" \/>\n<meta name=\"twitter:label1\" content=\"Escrito por\" \/>\n\t<meta name=\"twitter:data1\" content=\"Reda\u00e7\u00e3o Folha Popular\" \/>\n\t<meta name=\"twitter:label2\" content=\"Est. tempo de leitura\" \/>\n\t<meta name=\"twitter:data2\" content=\"2 minutos\" \/>\n<script type=\"application\/ld+json\" class=\"yoast-schema-graph\">{\"@context\":\"https:\\\/\\\/schema.org\",\"@graph\":[{\"@type\":\"Article\",\"@id\":\"https:\\\/\\\/folhapopular.info\\\/index.php\\\/2023\\\/07\\\/17\\\/bom-retiro-do-sul-promove-primeira-edicao-da-festa-do-agricultor\\\/#article\",\"isPartOf\":{\"@id\":\"https:\\\/\\\/folhapopular.info\\\/index.php\\\/2023\\\/07\\\/17\\\/bom-retiro-do-sul-promove-primeira-edicao-da-festa-do-agricultor\\\/\"},\"author\":{\"name\":\"Reda\u00e7\u00e3o Folha Popular\",\"@id\":\"https:\\\/\\\/folhapopular.info\\\/#\\\/schema\\\/person\\\/2814e8a0df7643585a9ca38bc6eb9d4b\"},\"headline\":\"Bom Retiro do Sul promove primeira edi\u00e7\u00e3o da Festa do Agricultor\",\"datePublished\":\"2023-07-17T19:55:00+00:00\",\"mainEntityOfPage\":{\"@id\":\"https:\\\/\\\/folhapopular.info\\\/index.php\\\/2023\\\/07\\\/17\\\/bom-retiro-do-sul-promove-primeira-edicao-da-festa-do-agricultor\\\/\"},\"wordCount\":266,\"commentCount\":0,\"image\":{\"@id\":\"https:\\\/\\\/folhapopular.info\\\/index.php\\\/2023\\\/07\\\/17\\\/bom-retiro-do-sul-promove-primeira-edicao-da-festa-do-agricultor\\\/#primaryimage\"},\"thumbnailUrl\":\"https:\\\/\\\/folhapopular.info\\\/wp-content\\\/uploads\\\/2023\\\/07\\\/Cartaz-Festa-Agricultor-v3-scaled.jpg\",\"keywords\":[\"Bom Retiro do Sul\",\"Festa do Agricultor\"],\"articleSection\":[\"Destaques\",\"Entretenimento\",\"Inclusive\"],\"inLanguage\":\"pt-BR\",\"potentialAction\":[{\"@type\":\"CommentAction\",\"name\":\"Comment\",\"target\":[\"https:\\\/\\\/folhapopular.info\\\/index.php\\\/2023\\\/07\\\/17\\\/bom-retiro-do-sul-promove-primeira-edicao-da-festa-do-agricultor\\\/#respond\"]}]},{\"@type\":\"WebPage\",\"@id\":\"https:\\\/\\\/folhapopular.info\\\/index.php\\\/2023\\\/07\\\/17\\\/bom-retiro-do-sul-promove-primeira-edicao-da-festa-do-agricultor\\\/\",\"url\":\"https:\\\/\\\/folhapopular.info\\\/index.php\\\/2023\\\/07\\\/17\\\/bom-retiro-do-sul-promove-primeira-edicao-da-festa-do-agricultor\\\/\",\"name\":\"Bom Retiro do Sul promove primeira edi\u00e7\u00e3o da Festa do Agricultor - Folha Popular\",\"isPartOf\":{\"@id\":\"https:\\\/\\\/folhapopular.info\\\/#website\"},\"primaryImageOfPage\":{\"@id\":\"https:\\\/\\\/folhapopular.info\\\/index.php\\\/2023\\\/07\\\/17\\\/bom-retiro-do-sul-promove-primeira-edicao-da-festa-do-agricultor\\\/#primaryimage\"},\"image\":{\"@id\":\"https:\\\/\\\/folhapopular.info\\\/index.php\\\/2023\\\/07\\\/17\\\/bom-retiro-do-sul-promove-primeira-edicao-da-festa-do-agricultor\\\/#primaryimage\"},\"thumbnailUrl\":\"https:\\\/\\\/folhapopular.info\\\/wp-content\\\/uploads\\\/2023\\\/07\\\/Cartaz-Festa-Agricultor-v3-scaled.jpg\",\"datePublished\":\"2023-07-17T19:55:00+00:00\",\"author\":{\"@id\":\"https:\\\/\\\/folhapopular.info\\\/#\\\/schema\\\/person\\\/2814e8a0df7643585a9ca38bc6eb9d4b\"},\"breadcrumb\":{\"@id\":\"https:\\\/\\\/folhapopular.info\\\/index.php\\\/2023\\\/07\\\/17\\\/bom-retiro-do-sul-promove-primeira-edicao-da-festa-do-agricultor\\\/#breadcrumb\"},\"inLanguage\":\"pt-BR\",\"potentialAction\":[{\"@type\":\"ReadAction\",\"target\":[\"https:\\\/\\\/folhapopular.info\\\/index.php\\\/2023\\\/07\\\/17\\\/bom-retiro-do-sul-promove-primeira-edicao-da-festa-do-agricultor\\\/\"]}]},{\"@type\":\"ImageObject\",\"inLanguage\":\"pt-BR\",\"@id\":\"https:\\\/\\\/folhapopular.info\\\/index.php\\\/2023\\\/07\\\/17\\\/bom-retiro-do-sul-promove-primeira-edicao-da-festa-do-agricultor\\\/#primaryimage\",\"url\":\"https:\\\/\\\/folhapopular.info\\\/wp-content\\\/uploads\\\/2023\\\/07\\\/Cartaz-Festa-Agricultor-v3-scaled.jpg\",\"contentUrl\":\"https:\\\/\\\/folhapopular.info\\\/wp-content\\\/uploads\\\/2023\\\/07\\\/Cartaz-Festa-Agricultor-v3-scaled.jpg\",\"width\":1810,\"height\":2560,\"caption\":\"Cr\u00e9dito: AI Bom Retiro do Sul\"},{\"@type\":\"BreadcrumbList\",\"@id\":\"https:\\\/\\\/folhapopular.info\\\/index.php\\\/2023\\\/07\\\/17\\\/bom-retiro-do-sul-promove-primeira-edicao-da-festa-do-agricultor\\\/#breadcrumb\",\"itemListElement\":[{\"@type\":\"ListItem\",\"position\":1,\"name\":\"In\u00edcio\",\"item\":\"https:\\\/\\\/folhapopular.info\\\/\"},{\"@type\":\"ListItem\",\"position\":2,\"name\":\"Bom Retiro do Sul promove primeira edi\u00e7\u00e3o da Festa do Agricultor\"}]},{\"@type\":\"WebSite\",\"@id\":\"https:\\\/\\\/folhapopular.info\\\/#website\",\"url\":\"https:\\\/\\\/folhapopular.info\\\/\",\"name\":\"Folha Popular\",\"description\":\"Onde voc\u00ea tem vez e voz\",\"potentialAction\":[{\"@type\":\"SearchAction\",\"target\":{\"@type\":\"EntryPoint\",\"urlTemplate\":\"https:\\\/\\\/folhapopular.info\\\/?s={search_term_string}\"},\"query-input\":{\"@type\":\"PropertyValueSpecification\",\"valueRequired\":true,\"valueName\":\"search_term_string\"}}],\"inLanguage\":\"pt-BR\"},{\"@type\":\"Person\",\"@id\":\"https:\\\/\\\/folhapopular.info\\\/#\\\/schema\\\/person\\\/2814e8a0df7643585a9ca38bc6eb9d4b\",\"name\":\"Reda\u00e7\u00e3o Folha Popular\",\"image\":{\"@type\":\"ImageObject\",\"inLanguage\":\"pt-BR\",\"@id\":\"https:\\\/\\\/folhapopular.info\\\/wp-content\\\/uploads\\\/2026\\\/04\\\/Folha-1.webp\",\"url\":\"https:\\\/\\\/folhapopular.info\\\/wp-content\\\/uploads\\\/2026\\\/04\\\/Folha-1.webp\",\"contentUrl\":\"https:\\\/\\\/folhapopular.info\\\/wp-content\\\/uploads\\\/2026\\\/04\\\/Folha-1.webp\",\"caption\":\"Reda\u00e7\u00e3o Folha Popular\"},\"url\":\"https:\\\/\\\/folhapopular.info\\\/index.php\\\/author\\\/redacao\\\/\"}]}<\/script>\n<!-- \/ Yoast SEO plugin. -->","yoast_head_json":{"title":"Bom Retiro do Sul promove primeira edi\u00e7\u00e3o da Festa do Agricultor - Folha Popular","robots":{"index":"index","follow":"follow","max-snippet":"max-snippet:-1","max-image-preview":"max-image-preview:large","max-video-preview":"max-video-preview:-1"},"canonical":"https:\/\/folhapopular.info\/index.php\/2023\/07\/17\/bom-retiro-do-sul-promove-primeira-edicao-da-festa-do-agricultor\/","og_locale":"pt_BR","og_type":"article","og_title":"Bom Retiro do Sul promove primeira edi\u00e7\u00e3o da Festa do Agricultor - Folha Popular","og_description":"No dia 25 de julho a Administra\u00e7\u00e3o Municipal de Bom Retiro do Sul atrav\u00e9s da Secretaria Municipal de Agricultura e Meio Ambiente, promove a primeira edi\u00e7\u00e3o da Festa do Agricultor, com um grande Tratora\u00e7o. A Festa do Agricultor ser\u00e1 realizada no CTG Quer\u00eancia da Amizade, a partir das 9h30, com entrada gratuita. Conforme a secret\u00e1ria [&hellip;]","og_url":"https:\/\/folhapopular.info\/index.php\/2023\/07\/17\/bom-retiro-do-sul-promove-primeira-edicao-da-festa-do-agricultor\/","og_site_name":"Folha Popular","article_published_time":"2023-07-17T19:55:00+00:00","og_image":[{"width":1810,"height":2560,"url":"https:\/\/folhapopular.info\/wp-content\/uploads\/2023\/07\/Cartaz-Festa-Agricultor-v3-scaled.jpg","type":"image\/jpeg"}],"author":"Reda\u00e7\u00e3o Folha Popular","twitter_card":"summary_large_image","twitter_misc":{"Escrito por":"Reda\u00e7\u00e3o Folha Popular","Est. tempo de leitura":"2 minutos"},"schema":{"@context":"https:\/\/schema.org","@graph":[{"@type":"Article","@id":"https:\/\/folhapopular.info\/index.php\/2023\/07\/17\/bom-retiro-do-sul-promove-primeira-edicao-da-festa-do-agricultor\/#article","isPartOf":{"@id":"https:\/\/folhapopular.info\/index.php\/2023\/07\/17\/bom-retiro-do-sul-promove-primeira-edicao-da-festa-do-agricultor\/"},"author":{"name":"Reda\u00e7\u00e3o Folha Popular","@id":"https:\/\/folhapopular.info\/#\/schema\/person\/2814e8a0df7643585a9ca38bc6eb9d4b"},"headline":"Bom Retiro do Sul promove primeira edi\u00e7\u00e3o da Festa do Agricultor","datePublished":"2023-07-17T19:55:00+00:00","mainEntityOfPage":{"@id":"https:\/\/folhapopular.info\/index.php\/2023\/07\/17\/bom-retiro-do-sul-promove-primeira-edicao-da-festa-do-agricultor\/"},"wordCount":266,"commentCount":0,"image":{"@id":"https:\/\/folhapopular.info\/index.php\/2023\/07\/17\/bom-retiro-do-sul-promove-primeira-edicao-da-festa-do-agricultor\/#primaryimage"},"thumbnailUrl":"https:\/\/folhapopular.info\/wp-content\/uploads\/2023\/07\/Cartaz-Festa-Agricultor-v3-scaled.jpg","keywords":["Bom Retiro do Sul","Festa do Agricultor"],"articleSection":["Destaques","Entretenimento","Inclusive"],"inLanguage":"pt-BR","potentialAction":[{"@type":"CommentAction","name":"Comment","target":["https:\/\/folhapopular.info\/index.php\/2023\/07\/17\/bom-retiro-do-sul-promove-primeira-edicao-da-festa-do-agricultor\/#respond"]}]},{"@type":"WebPage","@id":"https:\/\/folhapopular.info\/index.php\/2023\/07\/17\/bom-retiro-do-sul-promove-primeira-edicao-da-festa-do-agricultor\/","url":"https:\/\/folhapopular.info\/index.php\/2023\/07\/17\/bom-retiro-do-sul-promove-primeira-edicao-da-festa-do-agricultor\/","name":"Bom Retiro do Sul promove primeira edi\u00e7\u00e3o da Festa do Agricultor - Folha Popular","isPartOf":{"@id":"https:\/\/folhapopular.info\/#website"},"primaryImageOfPage":{"@id":"https:\/\/folhapopular.info\/index.php\/2023\/07\/17\/bom-retiro-do-sul-promove-primeira-edicao-da-festa-do-agricultor\/#primaryimage"},"image":{"@id":"https:\/\/folhapopular.info\/index.php\/2023\/07\/17\/bom-retiro-do-sul-promove-primeira-edicao-da-festa-do-agricultor\/#primaryimage"},"thumbnailUrl":"https:\/\/folhapopular.info\/wp-content\/uploads\/2023\/07\/Cartaz-Festa-Agricultor-v3-scaled.jpg","datePublished":"2023-07-17T19:55:00+00:00","author":{"@id":"https:\/\/folhapopular.info\/#\/schema\/person\/2814e8a0df7643585a9ca38bc6eb9d4b"},"breadcrumb":{"@id":"https:\/\/folhapopular.info\/index.php\/2023\/07\/17\/bom-retiro-do-sul-promove-primeira-edicao-da-festa-do-agricultor\/#breadcrumb"},"inLanguage":"pt-BR","potentialAction":[{"@type":"ReadAction","target":["https:\/\/folhapopular.info\/index.php\/2023\/07\/17\/bom-retiro-do-sul-promove-primeira-edicao-da-festa-do-agricultor\/"]}]},{"@type":"ImageObject","inLanguage":"pt-BR","@id":"https:\/\/folhapopular.info\/index.php\/2023\/07\/17\/bom-retiro-do-sul-promove-primeira-edicao-da-festa-do-agricultor\/#primaryimage","url":"https:\/\/folhapopular.info\/wp-content\/uploads\/2023\/07\/Cartaz-Festa-Agricultor-v3-scaled.jpg","contentUrl":"https:\/\/folhapopular.info\/wp-content\/uploads\/2023\/07\/Cartaz-Festa-Agricultor-v3-scaled.jpg","width":1810,"height":2560,"caption":"Cr\u00e9dito: AI Bom Retiro do Sul"},{"@type":"BreadcrumbList","@id":"https:\/\/folhapopular.info\/index.php\/2023\/07\/17\/bom-retiro-do-sul-promove-primeira-edicao-da-festa-do-agricultor\/#breadcrumb","itemListElement":[{"@type":"ListItem","position":1,"name":"In\u00edcio","item":"https:\/\/folhapopular.info\/"},{"@type":"ListItem","position":2,"name":"Bom Retiro do Sul promove primeira edi\u00e7\u00e3o da Festa do Agricultor"}]},{"@type":"WebSite","@id":"https:\/\/folhapopular.info\/#website","url":"https:\/\/folhapopular.info\/","name":"Folha Popular","description":"Onde voc\u00ea tem vez e voz","potentialAction":[{"@type":"SearchAction","target":{"@type":"EntryPoint","urlTemplate":"https:\/\/folhapopular.info\/?s={search_term_string}"},"query-input":{"@type":"PropertyValueSpecification","valueRequired":true,"valueName":"search_term_string"}}],"inLanguage":"pt-BR"},{"@type":"Person","@id":"https:\/\/folhapopular.info\/#\/schema\/person\/2814e8a0df7643585a9ca38bc6eb9d4b","name":"Reda\u00e7\u00e3o Folha Popular","image":{"@type":"ImageObject","inLanguage":"pt-BR","@id":"https:\/\/folhapopular.info\/wp-content\/uploads\/2026\/04\/Folha-1.webp","url":"https:\/\/folhapopular.info\/wp-content\/uploads\/2026\/04\/Folha-1.webp","contentUrl":"https:\/\/folhapopular.info\/wp-content\/uploads\/2026\/04\/Folha-1.webp","caption":"Reda\u00e7\u00e3o Folha Popular"},"url":"https:\/\/folhapopular.info\/index.php\/author\/redacao\/"}]}},"jetpack_featured_media_url":"https:\/\/folhapopular.info\/wp-content\/uploads\/2023\/07\/Cartaz-Festa-Agricultor-v3-scaled.jpg","jetpack_sharing_enabled":true,"amp_enabled":true,"_links":{"self":[{"href":"https:\/\/folhapopular.info\/index.php\/wp-json\/wp\/v2\/posts\/133752","targetHints":{"allow":["GET"]}}],"collection":[{"href":"https:\/\/folhapopular.info\/index.php\/wp-json\/wp\/v2\/posts"}],"about":[{"href":"https:\/\/folhapopular.info\/index.php\/wp-json\/wp\/v2\/types\/post"}],"author":[{"embeddable":true,"href":"https:\/\/folhapopular.info\/index.php\/wp-json\/wp\/v2\/users\/8"}],"replies":[{"embeddable":true,"href":"https:\/\/folhapopular.info\/index.php\/wp-json\/wp\/v2\/comments?post=133752"}],"version-history":[{"count":0,"href":"https:\/\/folhapopular.info\/index.php\/wp-json\/wp\/v2\/posts\/133752\/revisions"}],"wp:featuredmedia":[{"embeddable":true,"href":"https:\/\/folhapopular.info\/index.php\/wp-json\/wp\/v2\/media\/133755"}],"wp:attachment":[{"href":"https:\/\/folhapopular.info\/index.php\/wp-json\/wp\/v2\/media?parent=133752"}],"wp:term":[{"taxonomy":"category","embeddable":true,"href":"https:\/\/folhapopular.info\/index.php\/wp-json\/wp\/v2\/categories?post=133752"},{"taxonomy":"post_tag","embeddable":true,"href":"https:\/\/folhapopular.info\/index.php\/wp-json\/wp\/v2\/tags?post=133752"}],"curies":[{"name":"wp","href":"https:\/\/api.w.org\/{rel}","templated":true}]}}