{"id":133899,"date":"2023-07-19T15:03:46","date_gmt":"2023-07-19T18:03:46","guid":{"rendered":"https:\/\/folhapopular.info\/?p=133899"},"modified":"2023-07-19T15:07:05","modified_gmt":"2023-07-19T18:07:05","slug":"conjunto-instrumental-do-colegio-teutonia-embarca-para-turne-de-20-dias-pela-europa","status":"publish","type":"post","link":"https:\/\/folhapopular.info\/index.php\/2023\/07\/19\/conjunto-instrumental-do-colegio-teutonia-embarca-para-turne-de-20-dias-pela-europa\/","title":{"rendered":"Conjunto instrumental do Col\u00e9gio Teut\u00f4nia embarca para turn\u00ea de 20 dias pela Europa"},"content":{"rendered":"<p>O Conjunto Instrumental do Col\u00e9gio Teut\u00f4nia embarcou, \u00e0s 8h55 desta quarta-feira (19\/7), para a quarta turn\u00ea pela Europa. S\u00e3o 42 membros da comitiva, composta por 24 alunos, sete professores e demais pais e familiares. Com previs\u00e3o de chegada \u00e0s 16h30 pelo hor\u00e1rio de Frankfurt, na Alemanha (11h30 pelo Brasil), o grupo ent\u00e3o se preparar\u00e1 para&#8230; <\/p>\n<div class=\"pmpro\">\n<div class=\"pmpro_card pmpro_content_message\">\n<div class=\"pmpro_card_content\">Este conte\u00fado \u00e9 apenas para associados Grupo Popular &#8211; Conte\u00fado Total Anual e Grupo Popular &#8211; Conte\u00fado Total Mensal. <br \/><a href=\"https:\/\/folhapopular.info\/wp-login.php?action=register\">Cadastre-se<\/a><\/div>\n<div class=\"pmpro_card_actions pmpro_font-medium\">J\u00e1 se associou? <a href=\"https:\/\/folhapopular.info\/wp-login.php?redirect_to=https%3A%2F%2Ffolhapopular.info%2Findex.php%2F2023%2F07%2F19%2Fconjunto-instrumental-do-colegio-teutonia-embarca-para-turne-de-20-dias-pela-europa%2F\">Acesse aqui<\/a><\/div>\n<\/div>\n<\/div>\n","protected":false},"excerpt":{"rendered":"<p>O Conjunto Instrumental do Col\u00e9gio Teut\u00f4nia embarcou, \u00e0s 8h55 desta quarta-feira (19\/7), para a quarta turn\u00ea pela Europa. S\u00e3o 42 membros da comitiva, composta por 24 alunos, sete professores e demais pais e familiares. Com previs\u00e3o de chegada \u00e0s 16h30 pelo hor\u00e1rio de Frankfurt, na Alemanha (11h30 pelo Brasil), o grupo ent\u00e3o se preparar\u00e1 para... <\/p>\n<div class=\"pmpro\"><div class=\"pmpro_card pmpro_content_message\"><div class=\"pmpro_card_content\">Este conte\u00fado \u00e9 apenas para associados Grupo Popular - Conte\u00fado Total Anual e Grupo Popular - Conte\u00fado Total Mensal. <br \/><a href=\"https:\/\/folhapopular.info\/wp-login.php?action=register\">Cadastre-se<\/a><\/div><div class=\"pmpro_card_actions pmpro_font-medium\">J\u00e1 se associou? <a href=\"https:\/\/folhapopular.info\/wp-login.php?redirect_to=https%3A%2F%2Ffolhapopular.info%2Findex.php%2F2023%2F07%2F19%2Fconjunto-instrumental-do-colegio-teutonia-embarca-para-turne-de-20-dias-pela-europa%2F\">Acesse aqui<\/a><\/div><\/div><\/div>","protected":false},"author":639,"featured_media":133903,"comment_status":"open","ping_status":"open","sticky":false,"template":"","format":"standard","meta":{"pmpro_default_level":"","_jetpack_memberships_contains_paid_content":false,"footnotes":""},"categories":[11078,5990,10996,2,6,10995],"tags":[131,447,5597],"class_list":{"0":"post-133899","1":"post","2":"type-post","3":"status-publish","4":"format-standard","5":"has-post-thumbnail","7":"category-assinantes","8":"category-conteudo-exclusivo","9":"category-cultura","10":"category-featured","11":"category-inclusive","12":"category-reportagem-especial","13":"tag-colegio-teutonia","14":"tag-conjunto-instrumental-do-colegio-teutonia","15":"tag-turne","16":"pmpro-level-required","17":"pmpro-level-2","18":"pmpro-level-4","19":"pmpro-level-5","20":"pmpro-no-access"},"yoast_head":"<!-- This site is optimized with the Yoast SEO plugin v27.5 - https:\/\/yoast.com\/product\/yoast-seo-wordpress\/ -->\n<title>Conjunto instrumental do Col\u00e9gio Teut\u00f4nia embarca para turn\u00ea de 20 dias pela Europa - Folha Popular<\/title>\n<meta name=\"robots\" content=\"index, follow, max-snippet:-1, max-image-preview:large, max-video-preview:-1\" \/>\n<link rel=\"canonical\" href=\"https:\/\/folhapopular.info\/index.php\/2023\/07\/19\/conjunto-instrumental-do-colegio-teutonia-embarca-para-turne-de-20-dias-pela-europa\/\" \/>\n<meta property=\"og:locale\" content=\"pt_BR\" \/>\n<meta property=\"og:type\" content=\"article\" \/>\n<meta property=\"og:title\" content=\"Conjunto instrumental do Col\u00e9gio Teut\u00f4nia embarca para turn\u00ea de 20 dias pela Europa - Folha Popular\" \/>\n<meta property=\"og:description\" content=\"O Conjunto Instrumental do Col\u00e9gio Teut\u00f4nia embarcou, \u00e0s 8h55 desta quarta-feira (19\/7), para a quarta turn\u00ea pela Europa. S\u00e3o 42 membros da comitiva, composta por 24 alunos, sete professores e demais pais e familiares. Com previs\u00e3o de chegada \u00e0s 16h30 pelo hor\u00e1rio de Frankfurt, na Alemanha (11h30 pelo Brasil), o grupo ent\u00e3o se preparar\u00e1 para [&hellip;]\" \/>\n<meta property=\"og:url\" content=\"https:\/\/folhapopular.info\/index.php\/2023\/07\/19\/conjunto-instrumental-do-colegio-teutonia-embarca-para-turne-de-20-dias-pela-europa\/\" \/>\n<meta property=\"og:site_name\" content=\"Folha Popular\" \/>\n<meta property=\"article:published_time\" content=\"2023-07-19T18:03:46+00:00\" \/>\n<meta property=\"article:modified_time\" content=\"2023-07-19T18:07:05+00:00\" \/>\n<meta property=\"og:image\" content=\"http:\/\/folhapopular.info\/wp-content\/uploads\/2023\/07\/WhatsApp-Image-2023-07-19-at-12.47.08.jpeg\" \/>\n\t<meta property=\"og:image:width\" content=\"1600\" \/>\n\t<meta property=\"og:image:height\" content=\"1200\" \/>\n\t<meta property=\"og:image:type\" content=\"image\/jpeg\" \/>\n<meta name=\"author\" content=\"Camille Lenz da Silva\" \/>\n<meta name=\"twitter:card\" content=\"summary_large_image\" \/>\n<meta name=\"twitter:label1\" content=\"Escrito por\" \/>\n\t<meta name=\"twitter:data1\" content=\"Camille Lenz da Silva\" \/>\n\t<meta name=\"twitter:label2\" content=\"Est. tempo de leitura\" \/>\n\t<meta name=\"twitter:data2\" content=\"2 minutos\" \/>\n<script type=\"application\/ld+json\" class=\"yoast-schema-graph\">{\"@context\":\"https:\\\/\\\/schema.org\",\"@graph\":[{\"@type\":\"Article\",\"@id\":\"https:\\\/\\\/folhapopular.info\\\/index.php\\\/2023\\\/07\\\/19\\\/conjunto-instrumental-do-colegio-teutonia-embarca-para-turne-de-20-dias-pela-europa\\\/#article\",\"isPartOf\":{\"@id\":\"https:\\\/\\\/folhapopular.info\\\/index.php\\\/2023\\\/07\\\/19\\\/conjunto-instrumental-do-colegio-teutonia-embarca-para-turne-de-20-dias-pela-europa\\\/\"},\"author\":{\"name\":\"Camille Lenz da Silva\",\"@id\":\"https:\\\/\\\/folhapopular.info\\\/#\\\/schema\\\/person\\\/f0b811f932ef2505faf473ffaef49df5\"},\"headline\":\"Conjunto instrumental do Col\u00e9gio Teut\u00f4nia embarca para turn\u00ea de 20 dias pela Europa\",\"datePublished\":\"2023-07-19T18:03:46+00:00\",\"dateModified\":\"2023-07-19T18:07:05+00:00\",\"mainEntityOfPage\":{\"@id\":\"https:\\\/\\\/folhapopular.info\\\/index.php\\\/2023\\\/07\\\/19\\\/conjunto-instrumental-do-colegio-teutonia-embarca-para-turne-de-20-dias-pela-europa\\\/\"},\"wordCount\":254,\"commentCount\":0,\"image\":{\"@id\":\"https:\\\/\\\/folhapopular.info\\\/index.php\\\/2023\\\/07\\\/19\\\/conjunto-instrumental-do-colegio-teutonia-embarca-para-turne-de-20-dias-pela-europa\\\/#primaryimage\"},\"thumbnailUrl\":\"https:\\\/\\\/folhapopular.info\\\/wp-content\\\/uploads\\\/2023\\\/07\\\/WhatsApp-Image-2023-07-19-at-12.47.08.jpeg\",\"keywords\":[\"Col\u00e9gio Teut\u00f4nia\",\"Conjunto Instrumental do Col\u00e9gio Teut\u00f4nia\",\"Turn\u00ea\"],\"articleSection\":[\"Assinantes\",\"Conte\u00fado Exclusivo\",\"Cultura\",\"Destaques\",\"Inclusive\",\"Reportagem Especial\"],\"inLanguage\":\"pt-BR\",\"potentialAction\":[{\"@type\":\"CommentAction\",\"name\":\"Comment\",\"target\":[\"https:\\\/\\\/folhapopular.info\\\/index.php\\\/2023\\\/07\\\/19\\\/conjunto-instrumental-do-colegio-teutonia-embarca-para-turne-de-20-dias-pela-europa\\\/#respond\"]}]},{\"@type\":\"WebPage\",\"@id\":\"https:\\\/\\\/folhapopular.info\\\/index.php\\\/2023\\\/07\\\/19\\\/conjunto-instrumental-do-colegio-teutonia-embarca-para-turne-de-20-dias-pela-europa\\\/\",\"url\":\"https:\\\/\\\/folhapopular.info\\\/index.php\\\/2023\\\/07\\\/19\\\/conjunto-instrumental-do-colegio-teutonia-embarca-para-turne-de-20-dias-pela-europa\\\/\",\"name\":\"Conjunto instrumental do Col\u00e9gio Teut\u00f4nia embarca para turn\u00ea de 20 dias pela Europa - Folha Popular\",\"isPartOf\":{\"@id\":\"https:\\\/\\\/folhapopular.info\\\/#website\"},\"primaryImageOfPage\":{\"@id\":\"https:\\\/\\\/folhapopular.info\\\/index.php\\\/2023\\\/07\\\/19\\\/conjunto-instrumental-do-colegio-teutonia-embarca-para-turne-de-20-dias-pela-europa\\\/#primaryimage\"},\"image\":{\"@id\":\"https:\\\/\\\/folhapopular.info\\\/index.php\\\/2023\\\/07\\\/19\\\/conjunto-instrumental-do-colegio-teutonia-embarca-para-turne-de-20-dias-pela-europa\\\/#primaryimage\"},\"thumbnailUrl\":\"https:\\\/\\\/folhapopular.info\\\/wp-content\\\/uploads\\\/2023\\\/07\\\/WhatsApp-Image-2023-07-19-at-12.47.08.jpeg\",\"datePublished\":\"2023-07-19T18:03:46+00:00\",\"dateModified\":\"2023-07-19T18:07:05+00:00\",\"author\":{\"@id\":\"https:\\\/\\\/folhapopular.info\\\/#\\\/schema\\\/person\\\/f0b811f932ef2505faf473ffaef49df5\"},\"breadcrumb\":{\"@id\":\"https:\\\/\\\/folhapopular.info\\\/index.php\\\/2023\\\/07\\\/19\\\/conjunto-instrumental-do-colegio-teutonia-embarca-para-turne-de-20-dias-pela-europa\\\/#breadcrumb\"},\"inLanguage\":\"pt-BR\",\"potentialAction\":[{\"@type\":\"ReadAction\",\"target\":[\"https:\\\/\\\/folhapopular.info\\\/index.php\\\/2023\\\/07\\\/19\\\/conjunto-instrumental-do-colegio-teutonia-embarca-para-turne-de-20-dias-pela-europa\\\/\"]}]},{\"@type\":\"ImageObject\",\"inLanguage\":\"pt-BR\",\"@id\":\"https:\\\/\\\/folhapopular.info\\\/index.php\\\/2023\\\/07\\\/19\\\/conjunto-instrumental-do-colegio-teutonia-embarca-para-turne-de-20-dias-pela-europa\\\/#primaryimage\",\"url\":\"https:\\\/\\\/folhapopular.info\\\/wp-content\\\/uploads\\\/2023\\\/07\\\/WhatsApp-Image-2023-07-19-at-12.47.08.jpeg\",\"contentUrl\":\"https:\\\/\\\/folhapopular.info\\\/wp-content\\\/uploads\\\/2023\\\/07\\\/WhatsApp-Image-2023-07-19-at-12.47.08.jpeg\",\"width\":1600,\"height\":1200,\"caption\":\"Cr\u00e9dito: Divulga\u00e7\u00e3o\"},{\"@type\":\"BreadcrumbList\",\"@id\":\"https:\\\/\\\/folhapopular.info\\\/index.php\\\/2023\\\/07\\\/19\\\/conjunto-instrumental-do-colegio-teutonia-embarca-para-turne-de-20-dias-pela-europa\\\/#breadcrumb\",\"itemListElement\":[{\"@type\":\"ListItem\",\"position\":1,\"name\":\"In\u00edcio\",\"item\":\"https:\\\/\\\/folhapopular.info\\\/\"},{\"@type\":\"ListItem\",\"position\":2,\"name\":\"Conjunto instrumental do Col\u00e9gio Teut\u00f4nia embarca para turn\u00ea de 20 dias pela Europa\"}]},{\"@type\":\"WebSite\",\"@id\":\"https:\\\/\\\/folhapopular.info\\\/#website\",\"url\":\"https:\\\/\\\/folhapopular.info\\\/\",\"name\":\"Folha Popular\",\"description\":\"Onde voc\u00ea tem vez e voz\",\"potentialAction\":[{\"@type\":\"SearchAction\",\"target\":{\"@type\":\"EntryPoint\",\"urlTemplate\":\"https:\\\/\\\/folhapopular.info\\\/?s={search_term_string}\"},\"query-input\":{\"@type\":\"PropertyValueSpecification\",\"valueRequired\":true,\"valueName\":\"search_term_string\"}}],\"inLanguage\":\"pt-BR\"},{\"@type\":\"Person\",\"@id\":\"https:\\\/\\\/folhapopular.info\\\/#\\\/schema\\\/person\\\/f0b811f932ef2505faf473ffaef49df5\",\"name\":\"Camille Lenz da Silva\",\"image\":{\"@type\":\"ImageObject\",\"inLanguage\":\"pt-BR\",\"@id\":\"https:\\\/\\\/secure.gravatar.com\\\/avatar\\\/50be826d73ca259ec0e0a88a407f5de800c576c46cfdc57e50ef28551e216fff?s=96&d=mm&r=g\",\"url\":\"https:\\\/\\\/secure.gravatar.com\\\/avatar\\\/50be826d73ca259ec0e0a88a407f5de800c576c46cfdc57e50ef28551e216fff?s=96&d=mm&r=g\",\"contentUrl\":\"https:\\\/\\\/secure.gravatar.com\\\/avatar\\\/50be826d73ca259ec0e0a88a407f5de800c576c46cfdc57e50ef28551e216fff?s=96&d=mm&r=g\",\"caption\":\"Camille Lenz da Silva\"},\"url\":\"https:\\\/\\\/folhapopular.info\\\/index.php\\\/author\\\/camillelenzgmail-com\\\/\"}]}<\/script>\n<!-- \/ Yoast SEO plugin. -->","yoast_head_json":{"title":"Conjunto instrumental do Col\u00e9gio Teut\u00f4nia embarca para turn\u00ea de 20 dias pela Europa - Folha Popular","robots":{"index":"index","follow":"follow","max-snippet":"max-snippet:-1","max-image-preview":"max-image-preview:large","max-video-preview":"max-video-preview:-1"},"canonical":"https:\/\/folhapopular.info\/index.php\/2023\/07\/19\/conjunto-instrumental-do-colegio-teutonia-embarca-para-turne-de-20-dias-pela-europa\/","og_locale":"pt_BR","og_type":"article","og_title":"Conjunto instrumental do Col\u00e9gio Teut\u00f4nia embarca para turn\u00ea de 20 dias pela Europa - Folha Popular","og_description":"O Conjunto Instrumental do Col\u00e9gio Teut\u00f4nia embarcou, \u00e0s 8h55 desta quarta-feira (19\/7), para a quarta turn\u00ea pela Europa. S\u00e3o 42 membros da comitiva, composta por 24 alunos, sete professores e demais pais e familiares. Com previs\u00e3o de chegada \u00e0s 16h30 pelo hor\u00e1rio de Frankfurt, na Alemanha (11h30 pelo Brasil), o grupo ent\u00e3o se preparar\u00e1 para [&hellip;]","og_url":"https:\/\/folhapopular.info\/index.php\/2023\/07\/19\/conjunto-instrumental-do-colegio-teutonia-embarca-para-turne-de-20-dias-pela-europa\/","og_site_name":"Folha Popular","article_published_time":"2023-07-19T18:03:46+00:00","article_modified_time":"2023-07-19T18:07:05+00:00","og_image":[{"width":1600,"height":1200,"url":"http:\/\/folhapopular.info\/wp-content\/uploads\/2023\/07\/WhatsApp-Image-2023-07-19-at-12.47.08.jpeg","type":"image\/jpeg"}],"author":"Camille Lenz da Silva","twitter_card":"summary_large_image","twitter_misc":{"Escrito por":"Camille Lenz da Silva","Est. tempo de leitura":"2 minutos"},"schema":{"@context":"https:\/\/schema.org","@graph":[{"@type":"Article","@id":"https:\/\/folhapopular.info\/index.php\/2023\/07\/19\/conjunto-instrumental-do-colegio-teutonia-embarca-para-turne-de-20-dias-pela-europa\/#article","isPartOf":{"@id":"https:\/\/folhapopular.info\/index.php\/2023\/07\/19\/conjunto-instrumental-do-colegio-teutonia-embarca-para-turne-de-20-dias-pela-europa\/"},"author":{"name":"Camille Lenz da Silva","@id":"https:\/\/folhapopular.info\/#\/schema\/person\/f0b811f932ef2505faf473ffaef49df5"},"headline":"Conjunto instrumental do Col\u00e9gio Teut\u00f4nia embarca para turn\u00ea de 20 dias pela Europa","datePublished":"2023-07-19T18:03:46+00:00","dateModified":"2023-07-19T18:07:05+00:00","mainEntityOfPage":{"@id":"https:\/\/folhapopular.info\/index.php\/2023\/07\/19\/conjunto-instrumental-do-colegio-teutonia-embarca-para-turne-de-20-dias-pela-europa\/"},"wordCount":254,"commentCount":0,"image":{"@id":"https:\/\/folhapopular.info\/index.php\/2023\/07\/19\/conjunto-instrumental-do-colegio-teutonia-embarca-para-turne-de-20-dias-pela-europa\/#primaryimage"},"thumbnailUrl":"https:\/\/folhapopular.info\/wp-content\/uploads\/2023\/07\/WhatsApp-Image-2023-07-19-at-12.47.08.jpeg","keywords":["Col\u00e9gio Teut\u00f4nia","Conjunto Instrumental do Col\u00e9gio Teut\u00f4nia","Turn\u00ea"],"articleSection":["Assinantes","Conte\u00fado Exclusivo","Cultura","Destaques","Inclusive","Reportagem Especial"],"inLanguage":"pt-BR","potentialAction":[{"@type":"CommentAction","name":"Comment","target":["https:\/\/folhapopular.info\/index.php\/2023\/07\/19\/conjunto-instrumental-do-colegio-teutonia-embarca-para-turne-de-20-dias-pela-europa\/#respond"]}]},{"@type":"WebPage","@id":"https:\/\/folhapopular.info\/index.php\/2023\/07\/19\/conjunto-instrumental-do-colegio-teutonia-embarca-para-turne-de-20-dias-pela-europa\/","url":"https:\/\/folhapopular.info\/index.php\/2023\/07\/19\/conjunto-instrumental-do-colegio-teutonia-embarca-para-turne-de-20-dias-pela-europa\/","name":"Conjunto instrumental do Col\u00e9gio Teut\u00f4nia embarca para turn\u00ea de 20 dias pela Europa - Folha Popular","isPartOf":{"@id":"https:\/\/folhapopular.info\/#website"},"primaryImageOfPage":{"@id":"https:\/\/folhapopular.info\/index.php\/2023\/07\/19\/conjunto-instrumental-do-colegio-teutonia-embarca-para-turne-de-20-dias-pela-europa\/#primaryimage"},"image":{"@id":"https:\/\/folhapopular.info\/index.php\/2023\/07\/19\/conjunto-instrumental-do-colegio-teutonia-embarca-para-turne-de-20-dias-pela-europa\/#primaryimage"},"thumbnailUrl":"https:\/\/folhapopular.info\/wp-content\/uploads\/2023\/07\/WhatsApp-Image-2023-07-19-at-12.47.08.jpeg","datePublished":"2023-07-19T18:03:46+00:00","dateModified":"2023-07-19T18:07:05+00:00","author":{"@id":"https:\/\/folhapopular.info\/#\/schema\/person\/f0b811f932ef2505faf473ffaef49df5"},"breadcrumb":{"@id":"https:\/\/folhapopular.info\/index.php\/2023\/07\/19\/conjunto-instrumental-do-colegio-teutonia-embarca-para-turne-de-20-dias-pela-europa\/#breadcrumb"},"inLanguage":"pt-BR","potentialAction":[{"@type":"ReadAction","target":["https:\/\/folhapopular.info\/index.php\/2023\/07\/19\/conjunto-instrumental-do-colegio-teutonia-embarca-para-turne-de-20-dias-pela-europa\/"]}]},{"@type":"ImageObject","inLanguage":"pt-BR","@id":"https:\/\/folhapopular.info\/index.php\/2023\/07\/19\/conjunto-instrumental-do-colegio-teutonia-embarca-para-turne-de-20-dias-pela-europa\/#primaryimage","url":"https:\/\/folhapopular.info\/wp-content\/uploads\/2023\/07\/WhatsApp-Image-2023-07-19-at-12.47.08.jpeg","contentUrl":"https:\/\/folhapopular.info\/wp-content\/uploads\/2023\/07\/WhatsApp-Image-2023-07-19-at-12.47.08.jpeg","width":1600,"height":1200,"caption":"Cr\u00e9dito: Divulga\u00e7\u00e3o"},{"@type":"BreadcrumbList","@id":"https:\/\/folhapopular.info\/index.php\/2023\/07\/19\/conjunto-instrumental-do-colegio-teutonia-embarca-para-turne-de-20-dias-pela-europa\/#breadcrumb","itemListElement":[{"@type":"ListItem","position":1,"name":"In\u00edcio","item":"https:\/\/folhapopular.info\/"},{"@type":"ListItem","position":2,"name":"Conjunto instrumental do Col\u00e9gio Teut\u00f4nia embarca para turn\u00ea de 20 dias pela Europa"}]},{"@type":"WebSite","@id":"https:\/\/folhapopular.info\/#website","url":"https:\/\/folhapopular.info\/","name":"Folha Popular","description":"Onde voc\u00ea tem vez e voz","potentialAction":[{"@type":"SearchAction","target":{"@type":"EntryPoint","urlTemplate":"https:\/\/folhapopular.info\/?s={search_term_string}"},"query-input":{"@type":"PropertyValueSpecification","valueRequired":true,"valueName":"search_term_string"}}],"inLanguage":"pt-BR"},{"@type":"Person","@id":"https:\/\/folhapopular.info\/#\/schema\/person\/f0b811f932ef2505faf473ffaef49df5","name":"Camille Lenz da Silva","image":{"@type":"ImageObject","inLanguage":"pt-BR","@id":"https:\/\/secure.gravatar.com\/avatar\/50be826d73ca259ec0e0a88a407f5de800c576c46cfdc57e50ef28551e216fff?s=96&d=mm&r=g","url":"https:\/\/secure.gravatar.com\/avatar\/50be826d73ca259ec0e0a88a407f5de800c576c46cfdc57e50ef28551e216fff?s=96&d=mm&r=g","contentUrl":"https:\/\/secure.gravatar.com\/avatar\/50be826d73ca259ec0e0a88a407f5de800c576c46cfdc57e50ef28551e216fff?s=96&d=mm&r=g","caption":"Camille Lenz da Silva"},"url":"https:\/\/folhapopular.info\/index.php\/author\/camillelenzgmail-com\/"}]}},"jetpack_featured_media_url":"https:\/\/folhapopular.info\/wp-content\/uploads\/2023\/07\/WhatsApp-Image-2023-07-19-at-12.47.08.jpeg","jetpack_sharing_enabled":true,"amp_enabled":true,"_links":{"self":[{"href":"https:\/\/folhapopular.info\/index.php\/wp-json\/wp\/v2\/posts\/133899","targetHints":{"allow":["GET"]}}],"collection":[{"href":"https:\/\/folhapopular.info\/index.php\/wp-json\/wp\/v2\/posts"}],"about":[{"href":"https:\/\/folhapopular.info\/index.php\/wp-json\/wp\/v2\/types\/post"}],"author":[{"embeddable":true,"href":"https:\/\/folhapopular.info\/index.php\/wp-json\/wp\/v2\/users\/639"}],"replies":[{"embeddable":true,"href":"https:\/\/folhapopular.info\/index.php\/wp-json\/wp\/v2\/comments?post=133899"}],"version-history":[{"count":0,"href":"https:\/\/folhapopular.info\/index.php\/wp-json\/wp\/v2\/posts\/133899\/revisions"}],"wp:featuredmedia":[{"embeddable":true,"href":"https:\/\/folhapopular.info\/index.php\/wp-json\/wp\/v2\/media\/133903"}],"wp:attachment":[{"href":"https:\/\/folhapopular.info\/index.php\/wp-json\/wp\/v2\/media?parent=133899"}],"wp:term":[{"taxonomy":"category","embeddable":true,"href":"https:\/\/folhapopular.info\/index.php\/wp-json\/wp\/v2\/categories?post=133899"},{"taxonomy":"post_tag","embeddable":true,"href":"https:\/\/folhapopular.info\/index.php\/wp-json\/wp\/v2\/tags?post=133899"}],"curies":[{"name":"wp","href":"https:\/\/api.w.org\/{rel}","templated":true}]}}