{"id":133932,"date":"2023-07-19T15:55:53","date_gmt":"2023-07-19T18:55:53","guid":{"rendered":"https:\/\/folhapopular.info\/?p=133932"},"modified":"2023-07-19T15:55:56","modified_gmt":"2023-07-19T18:55:56","slug":"lancamento-da-turne-da-orquestra-municipal-de-imigrante-ocorre-nesta-quarta-feira","status":"publish","type":"post","link":"https:\/\/folhapopular.info\/index.php\/2023\/07\/19\/lancamento-da-turne-da-orquestra-municipal-de-imigrante-ocorre-nesta-quarta-feira\/","title":{"rendered":"Lan\u00e7amento da turn\u00ea da Orquestra Municipal de Imigrante ocorre nesta quarta-feira"},"content":{"rendered":"\n<p>A Orquestra Municipal de Imigrante lan\u00e7a, a partir das 19h30 de hoje (19\/7), a turn\u00ea OMI na Alemanha 2023. O evento ser\u00e1 realizado no Centro Comunit\u00e1rio Arroio da Seca, em Imigrante, e ter\u00e1 entrada gratuita. <\/p>\n\n\n\n<p>Al\u00e9m da apresenta\u00e7\u00e3o musical, com o repert\u00f3rio a ser tocado durante a turn\u00ea, ser\u00e1 realizada uma conversa com os m\u00fasicos que representar\u00e3o o munic\u00edpio durante a viagem. Haver\u00e1 tamb\u00e9m a apresenta\u00e7\u00e3o da categoria mirim do grupo de dan\u00e7as Sonnenlicht.<\/p>\n\n\n\n<p>A viagem dos 21 integrantes acontece 10 anos depois da primeira turn\u00ea, e ocorre de 23 de julho a 7 de agosto. Ao todo ser\u00e3o sete apresenta\u00e7\u00f5es em cidades da Baviera, Alta Sax\u00f4nia e Sax\u00f4nia.<br><br>O projeto, aprovado pela Lei Rouanet, j\u00e1 conta com patroc\u00ednio da Metal\u00fargica Hassmann, STR Lajeado, Grupo Medical San e Biscoitos Klain. O repert\u00f3rio trar\u00e1 m\u00fasicas de grandes cl\u00e1ssicos brasileiros incluindo \u201cAquarela do Brasil\u201d e \u201c\u00c1guas de Mar\u00e7o\u201d, rio-grandenses como \u201cC\u00e9u, Sol, Sul, Terra e Cor\u201d de Leonardo e latinos como \u201cMercedita\u201d.<\/p>\n\n\n\n<p>O projeto, aprovado atrav\u00e9s da Lei Federal de Incentivo \u00e0 Cultura &#8211; Lei Rouanet, j\u00e1 conta com patroc\u00ednio da Metal\u00fargica Hassmann, STR Lajeado, Grupo Medical San e Biscoitos Klain. A realiza\u00e7\u00e3o \u00e9 do Minist\u00e9rio da Cultura, Governo Federal, Brasil, Uni\u00e3o e Reconstru\u00e7\u00e3o.<\/p>\n\n\n\n<figure class=\"wp-block-image size-large is-resized\"><img loading=\"lazy\" decoding=\"async\" src=\"https:\/\/folhapopular.info\/wp-content\/uploads\/2023\/07\/image-1024x1024.png\" alt=\"\" class=\"wp-image-133940\" width=\"836\" height=\"853\"\/><\/figure>\n","protected":false},"excerpt":{"rendered":"<p>A Orquestra Municipal de Imigrante lan\u00e7a, a partir das 19h30 de hoje (19\/7), a turn\u00ea OMI na Alemanha 2023. O evento ser\u00e1 realizado no Centro Comunit\u00e1rio Arroio da Seca, em Imigrante, e ter\u00e1 entrada gratuita. Al\u00e9m da apresenta\u00e7\u00e3o musical, com o repert\u00f3rio a ser tocado durante a turn\u00ea, ser\u00e1 realizada uma conversa com os m\u00fasicos [&hellip;]<\/p>\n","protected":false},"author":8,"featured_media":133939,"comment_status":"open","ping_status":"open","sticky":false,"template":"","format":"standard","meta":{"pmpro_default_level":"","_jetpack_memberships_contains_paid_content":false,"footnotes":""},"categories":[10996,2,6],"tags":[344,34,7392,5597],"class_list":{"0":"post-133932","1":"post","2":"type-post","3":"status-publish","4":"format-standard","5":"has-post-thumbnail","7":"category-cultura","8":"category-featured","9":"category-inclusive","10":"tag-cultura","11":"tag-imigrante","12":"tag-orquestra-municipal-de-imigrante","13":"tag-turne","14":"pmpro-has-access"},"yoast_head":"<!-- This site is optimized with the Yoast SEO plugin v27.5 - https:\/\/yoast.com\/product\/yoast-seo-wordpress\/ -->\n<title>Lan\u00e7amento da turn\u00ea da Orquestra Municipal de Imigrante ocorre nesta quarta-feira - Folha Popular<\/title>\n<meta name=\"robots\" content=\"index, follow, max-snippet:-1, max-image-preview:large, max-video-preview:-1\" \/>\n<link rel=\"canonical\" href=\"https:\/\/folhapopular.info\/index.php\/2023\/07\/19\/lancamento-da-turne-da-orquestra-municipal-de-imigrante-ocorre-nesta-quarta-feira\/\" \/>\n<meta property=\"og:locale\" content=\"pt_BR\" \/>\n<meta property=\"og:type\" content=\"article\" \/>\n<meta property=\"og:title\" content=\"Lan\u00e7amento da turn\u00ea da Orquestra Municipal de Imigrante ocorre nesta quarta-feira - Folha Popular\" \/>\n<meta property=\"og:description\" content=\"A Orquestra Municipal de Imigrante lan\u00e7a, a partir das 19h30 de hoje (19\/7), a turn\u00ea OMI na Alemanha 2023. O evento ser\u00e1 realizado no Centro Comunit\u00e1rio Arroio da Seca, em Imigrante, e ter\u00e1 entrada gratuita. Al\u00e9m da apresenta\u00e7\u00e3o musical, com o repert\u00f3rio a ser tocado durante a turn\u00ea, ser\u00e1 realizada uma conversa com os m\u00fasicos [&hellip;]\" \/>\n<meta property=\"og:url\" content=\"https:\/\/folhapopular.info\/index.php\/2023\/07\/19\/lancamento-da-turne-da-orquestra-municipal-de-imigrante-ocorre-nesta-quarta-feira\/\" \/>\n<meta property=\"og:site_name\" content=\"Folha Popular\" \/>\n<meta property=\"article:published_time\" content=\"2023-07-19T18:55:53+00:00\" \/>\n<meta property=\"article:modified_time\" content=\"2023-07-19T18:55:56+00:00\" \/>\n<meta property=\"og:image\" content=\"http:\/\/folhapopular.info\/wp-content\/uploads\/2023\/07\/TURNE-OMI-1.jpg\" \/>\n\t<meta property=\"og:image:width\" content=\"2048\" \/>\n\t<meta property=\"og:image:height\" content=\"1369\" \/>\n\t<meta property=\"og:image:type\" content=\"image\/jpeg\" \/>\n<meta name=\"author\" content=\"Reda\u00e7\u00e3o Folha Popular\" \/>\n<meta name=\"twitter:card\" content=\"summary_large_image\" \/>\n<meta name=\"twitter:label1\" content=\"Escrito por\" \/>\n\t<meta name=\"twitter:data1\" content=\"Reda\u00e7\u00e3o Folha Popular\" \/>\n\t<meta name=\"twitter:label2\" content=\"Est. tempo de leitura\" \/>\n\t<meta name=\"twitter:data2\" content=\"2 minutos\" \/>\n<script type=\"application\/ld+json\" class=\"yoast-schema-graph\">{\"@context\":\"https:\\\/\\\/schema.org\",\"@graph\":[{\"@type\":\"Article\",\"@id\":\"https:\\\/\\\/folhapopular.info\\\/index.php\\\/2023\\\/07\\\/19\\\/lancamento-da-turne-da-orquestra-municipal-de-imigrante-ocorre-nesta-quarta-feira\\\/#article\",\"isPartOf\":{\"@id\":\"https:\\\/\\\/folhapopular.info\\\/index.php\\\/2023\\\/07\\\/19\\\/lancamento-da-turne-da-orquestra-municipal-de-imigrante-ocorre-nesta-quarta-feira\\\/\"},\"author\":{\"name\":\"Reda\u00e7\u00e3o Folha Popular\",\"@id\":\"https:\\\/\\\/folhapopular.info\\\/#\\\/schema\\\/person\\\/2814e8a0df7643585a9ca38bc6eb9d4b\"},\"headline\":\"Lan\u00e7amento da turn\u00ea da Orquestra Municipal de Imigrante ocorre nesta quarta-feira\",\"datePublished\":\"2023-07-19T18:55:53+00:00\",\"dateModified\":\"2023-07-19T18:55:56+00:00\",\"mainEntityOfPage\":{\"@id\":\"https:\\\/\\\/folhapopular.info\\\/index.php\\\/2023\\\/07\\\/19\\\/lancamento-da-turne-da-orquestra-municipal-de-imigrante-ocorre-nesta-quarta-feira\\\/\"},\"wordCount\":235,\"commentCount\":0,\"image\":{\"@id\":\"https:\\\/\\\/folhapopular.info\\\/index.php\\\/2023\\\/07\\\/19\\\/lancamento-da-turne-da-orquestra-municipal-de-imigrante-ocorre-nesta-quarta-feira\\\/#primaryimage\"},\"thumbnailUrl\":\"https:\\\/\\\/folhapopular.info\\\/wp-content\\\/uploads\\\/2023\\\/07\\\/TURNE-OMI-1.jpg\",\"keywords\":[\"Cultura\",\"Imigrante\",\"Orquestra Municipal de Imigrante\",\"Turn\u00ea\"],\"articleSection\":[\"Cultura\",\"Destaques\",\"Inclusive\"],\"inLanguage\":\"pt-BR\",\"potentialAction\":[{\"@type\":\"CommentAction\",\"name\":\"Comment\",\"target\":[\"https:\\\/\\\/folhapopular.info\\\/index.php\\\/2023\\\/07\\\/19\\\/lancamento-da-turne-da-orquestra-municipal-de-imigrante-ocorre-nesta-quarta-feira\\\/#respond\"]}]},{\"@type\":\"WebPage\",\"@id\":\"https:\\\/\\\/folhapopular.info\\\/index.php\\\/2023\\\/07\\\/19\\\/lancamento-da-turne-da-orquestra-municipal-de-imigrante-ocorre-nesta-quarta-feira\\\/\",\"url\":\"https:\\\/\\\/folhapopular.info\\\/index.php\\\/2023\\\/07\\\/19\\\/lancamento-da-turne-da-orquestra-municipal-de-imigrante-ocorre-nesta-quarta-feira\\\/\",\"name\":\"Lan\u00e7amento da turn\u00ea da Orquestra Municipal de Imigrante ocorre nesta quarta-feira - Folha Popular\",\"isPartOf\":{\"@id\":\"https:\\\/\\\/folhapopular.info\\\/#website\"},\"primaryImageOfPage\":{\"@id\":\"https:\\\/\\\/folhapopular.info\\\/index.php\\\/2023\\\/07\\\/19\\\/lancamento-da-turne-da-orquestra-municipal-de-imigrante-ocorre-nesta-quarta-feira\\\/#primaryimage\"},\"image\":{\"@id\":\"https:\\\/\\\/folhapopular.info\\\/index.php\\\/2023\\\/07\\\/19\\\/lancamento-da-turne-da-orquestra-municipal-de-imigrante-ocorre-nesta-quarta-feira\\\/#primaryimage\"},\"thumbnailUrl\":\"https:\\\/\\\/folhapopular.info\\\/wp-content\\\/uploads\\\/2023\\\/07\\\/TURNE-OMI-1.jpg\",\"datePublished\":\"2023-07-19T18:55:53+00:00\",\"dateModified\":\"2023-07-19T18:55:56+00:00\",\"author\":{\"@id\":\"https:\\\/\\\/folhapopular.info\\\/#\\\/schema\\\/person\\\/2814e8a0df7643585a9ca38bc6eb9d4b\"},\"breadcrumb\":{\"@id\":\"https:\\\/\\\/folhapopular.info\\\/index.php\\\/2023\\\/07\\\/19\\\/lancamento-da-turne-da-orquestra-municipal-de-imigrante-ocorre-nesta-quarta-feira\\\/#breadcrumb\"},\"inLanguage\":\"pt-BR\",\"potentialAction\":[{\"@type\":\"ReadAction\",\"target\":[\"https:\\\/\\\/folhapopular.info\\\/index.php\\\/2023\\\/07\\\/19\\\/lancamento-da-turne-da-orquestra-municipal-de-imigrante-ocorre-nesta-quarta-feira\\\/\"]}]},{\"@type\":\"ImageObject\",\"inLanguage\":\"pt-BR\",\"@id\":\"https:\\\/\\\/folhapopular.info\\\/index.php\\\/2023\\\/07\\\/19\\\/lancamento-da-turne-da-orquestra-municipal-de-imigrante-ocorre-nesta-quarta-feira\\\/#primaryimage\",\"url\":\"https:\\\/\\\/folhapopular.info\\\/wp-content\\\/uploads\\\/2023\\\/07\\\/TURNE-OMI-1.jpg\",\"contentUrl\":\"https:\\\/\\\/folhapopular.info\\\/wp-content\\\/uploads\\\/2023\\\/07\\\/TURNE-OMI-1.jpg\",\"width\":2048,\"height\":1369,\"caption\":\"Cr\u00e9dito: Cris Thom\u00e9 \\\/ AI Prefeitura de Imigrante\"},{\"@type\":\"BreadcrumbList\",\"@id\":\"https:\\\/\\\/folhapopular.info\\\/index.php\\\/2023\\\/07\\\/19\\\/lancamento-da-turne-da-orquestra-municipal-de-imigrante-ocorre-nesta-quarta-feira\\\/#breadcrumb\",\"itemListElement\":[{\"@type\":\"ListItem\",\"position\":1,\"name\":\"In\u00edcio\",\"item\":\"https:\\\/\\\/folhapopular.info\\\/\"},{\"@type\":\"ListItem\",\"position\":2,\"name\":\"Lan\u00e7amento da turn\u00ea da Orquestra Municipal de Imigrante ocorre nesta quarta-feira\"}]},{\"@type\":\"WebSite\",\"@id\":\"https:\\\/\\\/folhapopular.info\\\/#website\",\"url\":\"https:\\\/\\\/folhapopular.info\\\/\",\"name\":\"Folha Popular\",\"description\":\"Onde voc\u00ea tem vez e voz\",\"potentialAction\":[{\"@type\":\"SearchAction\",\"target\":{\"@type\":\"EntryPoint\",\"urlTemplate\":\"https:\\\/\\\/folhapopular.info\\\/?s={search_term_string}\"},\"query-input\":{\"@type\":\"PropertyValueSpecification\",\"valueRequired\":true,\"valueName\":\"search_term_string\"}}],\"inLanguage\":\"pt-BR\"},{\"@type\":\"Person\",\"@id\":\"https:\\\/\\\/folhapopular.info\\\/#\\\/schema\\\/person\\\/2814e8a0df7643585a9ca38bc6eb9d4b\",\"name\":\"Reda\u00e7\u00e3o Folha Popular\",\"image\":{\"@type\":\"ImageObject\",\"inLanguage\":\"pt-BR\",\"@id\":\"https:\\\/\\\/folhapopular.info\\\/wp-content\\\/uploads\\\/2026\\\/04\\\/Folha-1.webp\",\"url\":\"https:\\\/\\\/folhapopular.info\\\/wp-content\\\/uploads\\\/2026\\\/04\\\/Folha-1.webp\",\"contentUrl\":\"https:\\\/\\\/folhapopular.info\\\/wp-content\\\/uploads\\\/2026\\\/04\\\/Folha-1.webp\",\"caption\":\"Reda\u00e7\u00e3o Folha Popular\"},\"url\":\"https:\\\/\\\/folhapopular.info\\\/index.php\\\/author\\\/redacao\\\/\"}]}<\/script>\n<!-- \/ Yoast SEO plugin. -->","yoast_head_json":{"title":"Lan\u00e7amento da turn\u00ea da Orquestra Municipal de Imigrante ocorre nesta quarta-feira - Folha Popular","robots":{"index":"index","follow":"follow","max-snippet":"max-snippet:-1","max-image-preview":"max-image-preview:large","max-video-preview":"max-video-preview:-1"},"canonical":"https:\/\/folhapopular.info\/index.php\/2023\/07\/19\/lancamento-da-turne-da-orquestra-municipal-de-imigrante-ocorre-nesta-quarta-feira\/","og_locale":"pt_BR","og_type":"article","og_title":"Lan\u00e7amento da turn\u00ea da Orquestra Municipal de Imigrante ocorre nesta quarta-feira - Folha Popular","og_description":"A Orquestra Municipal de Imigrante lan\u00e7a, a partir das 19h30 de hoje (19\/7), a turn\u00ea OMI na Alemanha 2023. O evento ser\u00e1 realizado no Centro Comunit\u00e1rio Arroio da Seca, em Imigrante, e ter\u00e1 entrada gratuita. Al\u00e9m da apresenta\u00e7\u00e3o musical, com o repert\u00f3rio a ser tocado durante a turn\u00ea, ser\u00e1 realizada uma conversa com os m\u00fasicos [&hellip;]","og_url":"https:\/\/folhapopular.info\/index.php\/2023\/07\/19\/lancamento-da-turne-da-orquestra-municipal-de-imigrante-ocorre-nesta-quarta-feira\/","og_site_name":"Folha Popular","article_published_time":"2023-07-19T18:55:53+00:00","article_modified_time":"2023-07-19T18:55:56+00:00","og_image":[{"width":2048,"height":1369,"url":"http:\/\/folhapopular.info\/wp-content\/uploads\/2023\/07\/TURNE-OMI-1.jpg","type":"image\/jpeg"}],"author":"Reda\u00e7\u00e3o Folha Popular","twitter_card":"summary_large_image","twitter_misc":{"Escrito por":"Reda\u00e7\u00e3o Folha Popular","Est. tempo de leitura":"2 minutos"},"schema":{"@context":"https:\/\/schema.org","@graph":[{"@type":"Article","@id":"https:\/\/folhapopular.info\/index.php\/2023\/07\/19\/lancamento-da-turne-da-orquestra-municipal-de-imigrante-ocorre-nesta-quarta-feira\/#article","isPartOf":{"@id":"https:\/\/folhapopular.info\/index.php\/2023\/07\/19\/lancamento-da-turne-da-orquestra-municipal-de-imigrante-ocorre-nesta-quarta-feira\/"},"author":{"name":"Reda\u00e7\u00e3o Folha Popular","@id":"https:\/\/folhapopular.info\/#\/schema\/person\/2814e8a0df7643585a9ca38bc6eb9d4b"},"headline":"Lan\u00e7amento da turn\u00ea da Orquestra Municipal de Imigrante ocorre nesta quarta-feira","datePublished":"2023-07-19T18:55:53+00:00","dateModified":"2023-07-19T18:55:56+00:00","mainEntityOfPage":{"@id":"https:\/\/folhapopular.info\/index.php\/2023\/07\/19\/lancamento-da-turne-da-orquestra-municipal-de-imigrante-ocorre-nesta-quarta-feira\/"},"wordCount":235,"commentCount":0,"image":{"@id":"https:\/\/folhapopular.info\/index.php\/2023\/07\/19\/lancamento-da-turne-da-orquestra-municipal-de-imigrante-ocorre-nesta-quarta-feira\/#primaryimage"},"thumbnailUrl":"https:\/\/folhapopular.info\/wp-content\/uploads\/2023\/07\/TURNE-OMI-1.jpg","keywords":["Cultura","Imigrante","Orquestra Municipal de Imigrante","Turn\u00ea"],"articleSection":["Cultura","Destaques","Inclusive"],"inLanguage":"pt-BR","potentialAction":[{"@type":"CommentAction","name":"Comment","target":["https:\/\/folhapopular.info\/index.php\/2023\/07\/19\/lancamento-da-turne-da-orquestra-municipal-de-imigrante-ocorre-nesta-quarta-feira\/#respond"]}]},{"@type":"WebPage","@id":"https:\/\/folhapopular.info\/index.php\/2023\/07\/19\/lancamento-da-turne-da-orquestra-municipal-de-imigrante-ocorre-nesta-quarta-feira\/","url":"https:\/\/folhapopular.info\/index.php\/2023\/07\/19\/lancamento-da-turne-da-orquestra-municipal-de-imigrante-ocorre-nesta-quarta-feira\/","name":"Lan\u00e7amento da turn\u00ea da Orquestra Municipal de Imigrante ocorre nesta quarta-feira - Folha Popular","isPartOf":{"@id":"https:\/\/folhapopular.info\/#website"},"primaryImageOfPage":{"@id":"https:\/\/folhapopular.info\/index.php\/2023\/07\/19\/lancamento-da-turne-da-orquestra-municipal-de-imigrante-ocorre-nesta-quarta-feira\/#primaryimage"},"image":{"@id":"https:\/\/folhapopular.info\/index.php\/2023\/07\/19\/lancamento-da-turne-da-orquestra-municipal-de-imigrante-ocorre-nesta-quarta-feira\/#primaryimage"},"thumbnailUrl":"https:\/\/folhapopular.info\/wp-content\/uploads\/2023\/07\/TURNE-OMI-1.jpg","datePublished":"2023-07-19T18:55:53+00:00","dateModified":"2023-07-19T18:55:56+00:00","author":{"@id":"https:\/\/folhapopular.info\/#\/schema\/person\/2814e8a0df7643585a9ca38bc6eb9d4b"},"breadcrumb":{"@id":"https:\/\/folhapopular.info\/index.php\/2023\/07\/19\/lancamento-da-turne-da-orquestra-municipal-de-imigrante-ocorre-nesta-quarta-feira\/#breadcrumb"},"inLanguage":"pt-BR","potentialAction":[{"@type":"ReadAction","target":["https:\/\/folhapopular.info\/index.php\/2023\/07\/19\/lancamento-da-turne-da-orquestra-municipal-de-imigrante-ocorre-nesta-quarta-feira\/"]}]},{"@type":"ImageObject","inLanguage":"pt-BR","@id":"https:\/\/folhapopular.info\/index.php\/2023\/07\/19\/lancamento-da-turne-da-orquestra-municipal-de-imigrante-ocorre-nesta-quarta-feira\/#primaryimage","url":"https:\/\/folhapopular.info\/wp-content\/uploads\/2023\/07\/TURNE-OMI-1.jpg","contentUrl":"https:\/\/folhapopular.info\/wp-content\/uploads\/2023\/07\/TURNE-OMI-1.jpg","width":2048,"height":1369,"caption":"Cr\u00e9dito: Cris Thom\u00e9 \/ AI Prefeitura de Imigrante"},{"@type":"BreadcrumbList","@id":"https:\/\/folhapopular.info\/index.php\/2023\/07\/19\/lancamento-da-turne-da-orquestra-municipal-de-imigrante-ocorre-nesta-quarta-feira\/#breadcrumb","itemListElement":[{"@type":"ListItem","position":1,"name":"In\u00edcio","item":"https:\/\/folhapopular.info\/"},{"@type":"ListItem","position":2,"name":"Lan\u00e7amento da turn\u00ea da Orquestra Municipal de Imigrante ocorre nesta quarta-feira"}]},{"@type":"WebSite","@id":"https:\/\/folhapopular.info\/#website","url":"https:\/\/folhapopular.info\/","name":"Folha Popular","description":"Onde voc\u00ea tem vez e voz","potentialAction":[{"@type":"SearchAction","target":{"@type":"EntryPoint","urlTemplate":"https:\/\/folhapopular.info\/?s={search_term_string}"},"query-input":{"@type":"PropertyValueSpecification","valueRequired":true,"valueName":"search_term_string"}}],"inLanguage":"pt-BR"},{"@type":"Person","@id":"https:\/\/folhapopular.info\/#\/schema\/person\/2814e8a0df7643585a9ca38bc6eb9d4b","name":"Reda\u00e7\u00e3o Folha Popular","image":{"@type":"ImageObject","inLanguage":"pt-BR","@id":"https:\/\/folhapopular.info\/wp-content\/uploads\/2026\/04\/Folha-1.webp","url":"https:\/\/folhapopular.info\/wp-content\/uploads\/2026\/04\/Folha-1.webp","contentUrl":"https:\/\/folhapopular.info\/wp-content\/uploads\/2026\/04\/Folha-1.webp","caption":"Reda\u00e7\u00e3o Folha Popular"},"url":"https:\/\/folhapopular.info\/index.php\/author\/redacao\/"}]}},"jetpack_featured_media_url":"https:\/\/folhapopular.info\/wp-content\/uploads\/2023\/07\/TURNE-OMI-1.jpg","jetpack_sharing_enabled":true,"amp_enabled":true,"_links":{"self":[{"href":"https:\/\/folhapopular.info\/index.php\/wp-json\/wp\/v2\/posts\/133932","targetHints":{"allow":["GET"]}}],"collection":[{"href":"https:\/\/folhapopular.info\/index.php\/wp-json\/wp\/v2\/posts"}],"about":[{"href":"https:\/\/folhapopular.info\/index.php\/wp-json\/wp\/v2\/types\/post"}],"author":[{"embeddable":true,"href":"https:\/\/folhapopular.info\/index.php\/wp-json\/wp\/v2\/users\/8"}],"replies":[{"embeddable":true,"href":"https:\/\/folhapopular.info\/index.php\/wp-json\/wp\/v2\/comments?post=133932"}],"version-history":[{"count":0,"href":"https:\/\/folhapopular.info\/index.php\/wp-json\/wp\/v2\/posts\/133932\/revisions"}],"wp:featuredmedia":[{"embeddable":true,"href":"https:\/\/folhapopular.info\/index.php\/wp-json\/wp\/v2\/media\/133939"}],"wp:attachment":[{"href":"https:\/\/folhapopular.info\/index.php\/wp-json\/wp\/v2\/media?parent=133932"}],"wp:term":[{"taxonomy":"category","embeddable":true,"href":"https:\/\/folhapopular.info\/index.php\/wp-json\/wp\/v2\/categories?post=133932"},{"taxonomy":"post_tag","embeddable":true,"href":"https:\/\/folhapopular.info\/index.php\/wp-json\/wp\/v2\/tags?post=133932"}],"curies":[{"name":"wp","href":"https:\/\/api.w.org\/{rel}","templated":true}]}}