{"id":134048,"date":"2023-07-20T09:38:32","date_gmt":"2023-07-20T12:38:32","guid":{"rendered":"https:\/\/folhapopular.info\/?p=134048"},"modified":"2023-07-20T09:38:35","modified_gmt":"2023-07-20T12:38:35","slug":"bombeiros-militares-e-prefeitura-de-lajeado-lancam-o-projeto-bombeiro-mirim","status":"publish","type":"post","link":"https:\/\/folhapopular.info\/index.php\/2023\/07\/20\/bombeiros-militares-e-prefeitura-de-lajeado-lancam-o-projeto-bombeiro-mirim\/","title":{"rendered":"Bombeiros Militares e Prefeitura de Lajeado lan\u00e7am o projeto Bombeiro Mirim"},"content":{"rendered":"\n<p>O Corpo de Bombeiros Militar de Lajeado, em parceria com o Munic\u00edpio, por meio da Secretaria da Educa\u00e7\u00e3o,\u00a0lan\u00e7ou o projeto educacional Bombeiro Mirim em cerim\u00f4nia na tarde desta quarta-feira (19\/7) na Pra\u00e7a da Lyall. <\/p>\n\n\n\n<p>Participaram da solenidade a vice-prefeita, Gl\u00e1ucia Schumacher e os secret\u00e1rios de Educa\u00e7\u00e3o, Adriana Vettorello, de Seguran\u00e7a P\u00fablica, Paulo Locatelli, e de Obras e Servi\u00e7os Urbanos, Fabiano Bergmann, al\u00e9m de estudantes, familiares, representantes de empresas parceiras do projeto e dos \u00f3rg\u00e3os de seguran\u00e7a p\u00fablica.<\/p>\n\n\n\n<p>Cerca de 30 alunos da Escola Municipal de Ensino Fundamental (Emef) Dom Pedro I, com idades entre 10 e 12 anos, participam da 1\u00aa edi\u00e7\u00e3o do projeto no munic\u00edpio. <\/p>\n\n\n\n<p>O educand\u00e1rio foi escolhido pela Secretaria de Educa\u00e7\u00e3o, e os alunos interessados deveriam se inscrever para participar. Ser\u00e3o encontros semanais no contraturno escolar.<\/p>\n\n\n\n<p>A primeira aula ocorreu na semana passada, e os alunos tiveram a oportunidade de conhecer o quartel do Corpo de Bombeiros de Lajeado, que fica no Bairro Montanha. <\/p>\n\n\n\n<p>As aulas abordam diferentes temas e treinamentos, como preven\u00e7\u00e3o de inc\u00eandios, afogamento, acidentes, sa\u00fade f\u00edsica, preserva\u00e7\u00e3o do meio ambiente, primeiros socorros e seguran\u00e7a no tr\u00e2nsito, entre outros. <\/p>\n\n\n\n<p>O projeto visa a promover a consci\u00eancia de riscos, prepara\u00e7\u00e3o para agir em situa\u00e7\u00f5es de emerg\u00eancia, estimular a consci\u00eancia de cidadania e a preserva\u00e7\u00e3o ambiental.<\/p>\n\n\n\n<p>O capit\u00e3o e comandante da 2\u00aa Companhia do 6\u00ba Batalh\u00e3o de Bombeiros Militares de Lajeado, Thalys Rian Stobbe, explica que a proposta visa ainda apresentar os valores que os bombeiros trabalham no dia a dia, como civismo, honra, lealdade, companheirismo, disciplina, hierarquia e preserva\u00e7\u00e3o. <\/p>\n\n\n\n<p>Queremos formar jovens replicadores de responsabilidade prevencionista. Os desafios n\u00e3o ser\u00e3o f\u00e1ceis, mas acreditamos que ajudar\u00e3o no crescimento pessoal dos alunos, desenvolvendo a disciplina consciente e o exerc\u00edcio da coragem&#8221;, completa. <\/p>\n\n\n\n<p>A secret\u00e1ria de Educa\u00e7\u00e3o, Adriana Vettorello, destaca que s\u00e3o muitas m\u00e3os assumindo a responsabilidade de oferecer um curso como esse para os alunos da rede municipal. &#8220;O projeto Bombeiro Mirim corresponde ao trabalho realizado na grade curricular do Ensino Fundamental do Munic\u00edpio. O projeto vai estimular e provocar os estudantes a se desafiarem, e isso faz parte da educa\u00e7\u00e3o integral, porque n\u00f3s procuramos desenvolver todas as potencialidades dos nossos alunos&#8221;, avalia.<\/p>\n\n\n\n<h2 class=\"wp-block-heading\">Participa\u00e7\u00e3o<\/h2>\n\n\n\n<p>A aluna Pietra Machado do Couto, de 11 anos, contou que teve interesse em participar pelo desafio. &#8220;\u00c9 algo que parece uma aventura, pois sempre vamos aprender coisas novas. E aprender algo diferente \u00e9 sempre bom. Na semana passada tivemos a primeira aula e eu ainda n\u00e3o conhecia o quartel, s\u00f3 tinha ouvido falar de como era o local. Foi muito legal ver os caminh\u00f5es e os bombeiros de perto. J\u00e1 gostei da primeira experi\u00eancia&#8221; relata.<\/p>\n\n\n\n<p>O projeto Bombeiro Mirim \u00e9 uma parceria entre Corpo de Bombeiros Militar e Prefeitura Municipal. A Secretaria de Educa\u00e7\u00e3o fornece o transporte e a alimenta\u00e7\u00e3o. As empresas Construtora e Incorporadora Lyall e G Comunica\u00e7\u00e3o e Marketing forneceram os uniformes para os alunos do projeto.<\/p>\n\n\n\n<figure class=\"wp-block-image size-large is-resized\"><img loading=\"lazy\" decoding=\"async\" src=\"https:\/\/folhapopular.info\/wp-content\/uploads\/2023\/07\/Projeto-Bombeiro-Mirim-2-1024x683.jpg\" alt=\"\" class=\"wp-image-134058\" width=\"915\" height=\"629\"\/><figcaption class=\"wp-element-caption\">Cr\u00e9dito: Laura Mallmann \/ AI Prefeitura de Lajeado<\/figcaption><\/figure>\n","protected":false},"excerpt":{"rendered":"<p>O Corpo de Bombeiros Militar de Lajeado, em parceria com o Munic\u00edpio, por meio da Secretaria da Educa\u00e7\u00e3o,\u00a0lan\u00e7ou o projeto educacional Bombeiro Mirim em cerim\u00f4nia na tarde desta quarta-feira (19\/7) na Pra\u00e7a da Lyall. Participaram da solenidade a vice-prefeita, Gl\u00e1ucia Schumacher e os secret\u00e1rios de Educa\u00e7\u00e3o, Adriana Vettorello, de Seguran\u00e7a P\u00fablica, Paulo Locatelli, e de [&hellip;]<\/p>\n","protected":false},"author":8,"featured_media":134057,"comment_status":"open","ping_status":"open","sticky":false,"template":"","format":"standard","meta":{"pmpro_default_level":"","_jetpack_memberships_contains_paid_content":false,"footnotes":""},"categories":[2,10988,3],"tags":[687,11842,73,5083],"class_list":{"0":"post-134048","1":"post","2":"type-post","3":"status-publish","4":"format-standard","5":"has-post-thumbnail","7":"category-featured","8":"category-educacao","9":"category-geral","10":"tag-bombeiro-mirim","11":"tag-corpo-de-bombeiros-militar-de-lajeado","12":"tag-educacao","13":"tag-prefeitura-de-lajeado","14":"pmpro-has-access"},"yoast_head":"<!-- This site is optimized with the Yoast SEO plugin v27.5 - https:\/\/yoast.com\/product\/yoast-seo-wordpress\/ -->\n<title>Bombeiros Militares e Prefeitura de Lajeado lan\u00e7am o projeto Bombeiro Mirim - Folha Popular<\/title>\n<meta name=\"robots\" content=\"index, follow, max-snippet:-1, max-image-preview:large, max-video-preview:-1\" \/>\n<link rel=\"canonical\" href=\"https:\/\/folhapopular.info\/index.php\/2023\/07\/20\/bombeiros-militares-e-prefeitura-de-lajeado-lancam-o-projeto-bombeiro-mirim\/\" \/>\n<meta property=\"og:locale\" content=\"pt_BR\" \/>\n<meta property=\"og:type\" content=\"article\" \/>\n<meta property=\"og:title\" content=\"Bombeiros Militares e Prefeitura de Lajeado lan\u00e7am o projeto Bombeiro Mirim - Folha Popular\" \/>\n<meta property=\"og:description\" content=\"O Corpo de Bombeiros Militar de Lajeado, em parceria com o Munic\u00edpio, por meio da Secretaria da Educa\u00e7\u00e3o,\u00a0lan\u00e7ou o projeto educacional Bombeiro Mirim em cerim\u00f4nia na tarde desta quarta-feira (19\/7) na Pra\u00e7a da Lyall. Participaram da solenidade a vice-prefeita, Gl\u00e1ucia Schumacher e os secret\u00e1rios de Educa\u00e7\u00e3o, Adriana Vettorello, de Seguran\u00e7a P\u00fablica, Paulo Locatelli, e de [&hellip;]\" \/>\n<meta property=\"og:url\" content=\"https:\/\/folhapopular.info\/index.php\/2023\/07\/20\/bombeiros-militares-e-prefeitura-de-lajeado-lancam-o-projeto-bombeiro-mirim\/\" \/>\n<meta property=\"og:site_name\" content=\"Folha Popular\" \/>\n<meta property=\"article:published_time\" content=\"2023-07-20T12:38:32+00:00\" \/>\n<meta property=\"article:modified_time\" content=\"2023-07-20T12:38:35+00:00\" \/>\n<meta property=\"og:image\" content=\"http:\/\/folhapopular.info\/wp-content\/uploads\/2023\/07\/Projeto-Bombeiro-Mirim-scaled.jpg\" \/>\n\t<meta property=\"og:image:width\" content=\"2560\" \/>\n\t<meta property=\"og:image:height\" content=\"1707\" \/>\n\t<meta property=\"og:image:type\" content=\"image\/jpeg\" \/>\n<meta name=\"author\" content=\"Reda\u00e7\u00e3o Folha Popular\" \/>\n<meta name=\"twitter:card\" content=\"summary_large_image\" \/>\n<meta name=\"twitter:label1\" content=\"Escrito por\" \/>\n\t<meta name=\"twitter:data1\" content=\"Reda\u00e7\u00e3o Folha Popular\" \/>\n\t<meta name=\"twitter:label2\" content=\"Est. tempo de leitura\" \/>\n\t<meta name=\"twitter:data2\" content=\"3 minutos\" \/>\n<script type=\"application\/ld+json\" class=\"yoast-schema-graph\">{\"@context\":\"https:\\\/\\\/schema.org\",\"@graph\":[{\"@type\":\"Article\",\"@id\":\"https:\\\/\\\/folhapopular.info\\\/index.php\\\/2023\\\/07\\\/20\\\/bombeiros-militares-e-prefeitura-de-lajeado-lancam-o-projeto-bombeiro-mirim\\\/#article\",\"isPartOf\":{\"@id\":\"https:\\\/\\\/folhapopular.info\\\/index.php\\\/2023\\\/07\\\/20\\\/bombeiros-militares-e-prefeitura-de-lajeado-lancam-o-projeto-bombeiro-mirim\\\/\"},\"author\":{\"name\":\"Reda\u00e7\u00e3o Folha Popular\",\"@id\":\"https:\\\/\\\/folhapopular.info\\\/#\\\/schema\\\/person\\\/2814e8a0df7643585a9ca38bc6eb9d4b\"},\"headline\":\"Bombeiros Militares e Prefeitura de Lajeado lan\u00e7am o projeto Bombeiro Mirim\",\"datePublished\":\"2023-07-20T12:38:32+00:00\",\"dateModified\":\"2023-07-20T12:38:35+00:00\",\"mainEntityOfPage\":{\"@id\":\"https:\\\/\\\/folhapopular.info\\\/index.php\\\/2023\\\/07\\\/20\\\/bombeiros-militares-e-prefeitura-de-lajeado-lancam-o-projeto-bombeiro-mirim\\\/\"},\"wordCount\":541,\"commentCount\":0,\"image\":{\"@id\":\"https:\\\/\\\/folhapopular.info\\\/index.php\\\/2023\\\/07\\\/20\\\/bombeiros-militares-e-prefeitura-de-lajeado-lancam-o-projeto-bombeiro-mirim\\\/#primaryimage\"},\"thumbnailUrl\":\"https:\\\/\\\/folhapopular.info\\\/wp-content\\\/uploads\\\/2023\\\/07\\\/Projeto-Bombeiro-Mirim-scaled.jpg\",\"keywords\":[\"Bombeiro Mirim\",\"corpo de bombeiros militar de lajeado\",\"Educa\u00e7\u00e3o\",\"Prefeitura de Lajeado\"],\"articleSection\":[\"Destaques\",\"Educa\u00e7\u00e3o\",\"Geral\"],\"inLanguage\":\"pt-BR\",\"potentialAction\":[{\"@type\":\"CommentAction\",\"name\":\"Comment\",\"target\":[\"https:\\\/\\\/folhapopular.info\\\/index.php\\\/2023\\\/07\\\/20\\\/bombeiros-militares-e-prefeitura-de-lajeado-lancam-o-projeto-bombeiro-mirim\\\/#respond\"]}]},{\"@type\":\"WebPage\",\"@id\":\"https:\\\/\\\/folhapopular.info\\\/index.php\\\/2023\\\/07\\\/20\\\/bombeiros-militares-e-prefeitura-de-lajeado-lancam-o-projeto-bombeiro-mirim\\\/\",\"url\":\"https:\\\/\\\/folhapopular.info\\\/index.php\\\/2023\\\/07\\\/20\\\/bombeiros-militares-e-prefeitura-de-lajeado-lancam-o-projeto-bombeiro-mirim\\\/\",\"name\":\"Bombeiros Militares e Prefeitura de Lajeado lan\u00e7am o projeto Bombeiro Mirim - Folha Popular\",\"isPartOf\":{\"@id\":\"https:\\\/\\\/folhapopular.info\\\/#website\"},\"primaryImageOfPage\":{\"@id\":\"https:\\\/\\\/folhapopular.info\\\/index.php\\\/2023\\\/07\\\/20\\\/bombeiros-militares-e-prefeitura-de-lajeado-lancam-o-projeto-bombeiro-mirim\\\/#primaryimage\"},\"image\":{\"@id\":\"https:\\\/\\\/folhapopular.info\\\/index.php\\\/2023\\\/07\\\/20\\\/bombeiros-militares-e-prefeitura-de-lajeado-lancam-o-projeto-bombeiro-mirim\\\/#primaryimage\"},\"thumbnailUrl\":\"https:\\\/\\\/folhapopular.info\\\/wp-content\\\/uploads\\\/2023\\\/07\\\/Projeto-Bombeiro-Mirim-scaled.jpg\",\"datePublished\":\"2023-07-20T12:38:32+00:00\",\"dateModified\":\"2023-07-20T12:38:35+00:00\",\"author\":{\"@id\":\"https:\\\/\\\/folhapopular.info\\\/#\\\/schema\\\/person\\\/2814e8a0df7643585a9ca38bc6eb9d4b\"},\"breadcrumb\":{\"@id\":\"https:\\\/\\\/folhapopular.info\\\/index.php\\\/2023\\\/07\\\/20\\\/bombeiros-militares-e-prefeitura-de-lajeado-lancam-o-projeto-bombeiro-mirim\\\/#breadcrumb\"},\"inLanguage\":\"pt-BR\",\"potentialAction\":[{\"@type\":\"ReadAction\",\"target\":[\"https:\\\/\\\/folhapopular.info\\\/index.php\\\/2023\\\/07\\\/20\\\/bombeiros-militares-e-prefeitura-de-lajeado-lancam-o-projeto-bombeiro-mirim\\\/\"]}]},{\"@type\":\"ImageObject\",\"inLanguage\":\"pt-BR\",\"@id\":\"https:\\\/\\\/folhapopular.info\\\/index.php\\\/2023\\\/07\\\/20\\\/bombeiros-militares-e-prefeitura-de-lajeado-lancam-o-projeto-bombeiro-mirim\\\/#primaryimage\",\"url\":\"https:\\\/\\\/folhapopular.info\\\/wp-content\\\/uploads\\\/2023\\\/07\\\/Projeto-Bombeiro-Mirim-scaled.jpg\",\"contentUrl\":\"https:\\\/\\\/folhapopular.info\\\/wp-content\\\/uploads\\\/2023\\\/07\\\/Projeto-Bombeiro-Mirim-scaled.jpg\",\"width\":2560,\"height\":1707,\"caption\":\"Cr\u00e9dito: Laura Mallmann \\\/ AI Prefeitura de Lajeado\"},{\"@type\":\"BreadcrumbList\",\"@id\":\"https:\\\/\\\/folhapopular.info\\\/index.php\\\/2023\\\/07\\\/20\\\/bombeiros-militares-e-prefeitura-de-lajeado-lancam-o-projeto-bombeiro-mirim\\\/#breadcrumb\",\"itemListElement\":[{\"@type\":\"ListItem\",\"position\":1,\"name\":\"In\u00edcio\",\"item\":\"https:\\\/\\\/folhapopular.info\\\/\"},{\"@type\":\"ListItem\",\"position\":2,\"name\":\"Bombeiros Militares e Prefeitura de Lajeado lan\u00e7am o projeto Bombeiro Mirim\"}]},{\"@type\":\"WebSite\",\"@id\":\"https:\\\/\\\/folhapopular.info\\\/#website\",\"url\":\"https:\\\/\\\/folhapopular.info\\\/\",\"name\":\"Folha Popular\",\"description\":\"Onde voc\u00ea tem vez e voz\",\"potentialAction\":[{\"@type\":\"SearchAction\",\"target\":{\"@type\":\"EntryPoint\",\"urlTemplate\":\"https:\\\/\\\/folhapopular.info\\\/?s={search_term_string}\"},\"query-input\":{\"@type\":\"PropertyValueSpecification\",\"valueRequired\":true,\"valueName\":\"search_term_string\"}}],\"inLanguage\":\"pt-BR\"},{\"@type\":\"Person\",\"@id\":\"https:\\\/\\\/folhapopular.info\\\/#\\\/schema\\\/person\\\/2814e8a0df7643585a9ca38bc6eb9d4b\",\"name\":\"Reda\u00e7\u00e3o Folha Popular\",\"image\":{\"@type\":\"ImageObject\",\"inLanguage\":\"pt-BR\",\"@id\":\"https:\\\/\\\/folhapopular.info\\\/wp-content\\\/uploads\\\/2026\\\/04\\\/Folha-1.webp\",\"url\":\"https:\\\/\\\/folhapopular.info\\\/wp-content\\\/uploads\\\/2026\\\/04\\\/Folha-1.webp\",\"contentUrl\":\"https:\\\/\\\/folhapopular.info\\\/wp-content\\\/uploads\\\/2026\\\/04\\\/Folha-1.webp\",\"caption\":\"Reda\u00e7\u00e3o Folha Popular\"},\"url\":\"https:\\\/\\\/folhapopular.info\\\/index.php\\\/author\\\/redacao\\\/\"}]}<\/script>\n<!-- \/ Yoast SEO plugin. -->","yoast_head_json":{"title":"Bombeiros Militares e Prefeitura de Lajeado lan\u00e7am o projeto Bombeiro Mirim - Folha Popular","robots":{"index":"index","follow":"follow","max-snippet":"max-snippet:-1","max-image-preview":"max-image-preview:large","max-video-preview":"max-video-preview:-1"},"canonical":"https:\/\/folhapopular.info\/index.php\/2023\/07\/20\/bombeiros-militares-e-prefeitura-de-lajeado-lancam-o-projeto-bombeiro-mirim\/","og_locale":"pt_BR","og_type":"article","og_title":"Bombeiros Militares e Prefeitura de Lajeado lan\u00e7am o projeto Bombeiro Mirim - Folha Popular","og_description":"O Corpo de Bombeiros Militar de Lajeado, em parceria com o Munic\u00edpio, por meio da Secretaria da Educa\u00e7\u00e3o,\u00a0lan\u00e7ou o projeto educacional Bombeiro Mirim em cerim\u00f4nia na tarde desta quarta-feira (19\/7) na Pra\u00e7a da Lyall. Participaram da solenidade a vice-prefeita, Gl\u00e1ucia Schumacher e os secret\u00e1rios de Educa\u00e7\u00e3o, Adriana Vettorello, de Seguran\u00e7a P\u00fablica, Paulo Locatelli, e de [&hellip;]","og_url":"https:\/\/folhapopular.info\/index.php\/2023\/07\/20\/bombeiros-militares-e-prefeitura-de-lajeado-lancam-o-projeto-bombeiro-mirim\/","og_site_name":"Folha Popular","article_published_time":"2023-07-20T12:38:32+00:00","article_modified_time":"2023-07-20T12:38:35+00:00","og_image":[{"width":2560,"height":1707,"url":"http:\/\/folhapopular.info\/wp-content\/uploads\/2023\/07\/Projeto-Bombeiro-Mirim-scaled.jpg","type":"image\/jpeg"}],"author":"Reda\u00e7\u00e3o Folha Popular","twitter_card":"summary_large_image","twitter_misc":{"Escrito por":"Reda\u00e7\u00e3o Folha Popular","Est. tempo de leitura":"3 minutos"},"schema":{"@context":"https:\/\/schema.org","@graph":[{"@type":"Article","@id":"https:\/\/folhapopular.info\/index.php\/2023\/07\/20\/bombeiros-militares-e-prefeitura-de-lajeado-lancam-o-projeto-bombeiro-mirim\/#article","isPartOf":{"@id":"https:\/\/folhapopular.info\/index.php\/2023\/07\/20\/bombeiros-militares-e-prefeitura-de-lajeado-lancam-o-projeto-bombeiro-mirim\/"},"author":{"name":"Reda\u00e7\u00e3o Folha Popular","@id":"https:\/\/folhapopular.info\/#\/schema\/person\/2814e8a0df7643585a9ca38bc6eb9d4b"},"headline":"Bombeiros Militares e Prefeitura de Lajeado lan\u00e7am o projeto Bombeiro Mirim","datePublished":"2023-07-20T12:38:32+00:00","dateModified":"2023-07-20T12:38:35+00:00","mainEntityOfPage":{"@id":"https:\/\/folhapopular.info\/index.php\/2023\/07\/20\/bombeiros-militares-e-prefeitura-de-lajeado-lancam-o-projeto-bombeiro-mirim\/"},"wordCount":541,"commentCount":0,"image":{"@id":"https:\/\/folhapopular.info\/index.php\/2023\/07\/20\/bombeiros-militares-e-prefeitura-de-lajeado-lancam-o-projeto-bombeiro-mirim\/#primaryimage"},"thumbnailUrl":"https:\/\/folhapopular.info\/wp-content\/uploads\/2023\/07\/Projeto-Bombeiro-Mirim-scaled.jpg","keywords":["Bombeiro Mirim","corpo de bombeiros militar de lajeado","Educa\u00e7\u00e3o","Prefeitura de Lajeado"],"articleSection":["Destaques","Educa\u00e7\u00e3o","Geral"],"inLanguage":"pt-BR","potentialAction":[{"@type":"CommentAction","name":"Comment","target":["https:\/\/folhapopular.info\/index.php\/2023\/07\/20\/bombeiros-militares-e-prefeitura-de-lajeado-lancam-o-projeto-bombeiro-mirim\/#respond"]}]},{"@type":"WebPage","@id":"https:\/\/folhapopular.info\/index.php\/2023\/07\/20\/bombeiros-militares-e-prefeitura-de-lajeado-lancam-o-projeto-bombeiro-mirim\/","url":"https:\/\/folhapopular.info\/index.php\/2023\/07\/20\/bombeiros-militares-e-prefeitura-de-lajeado-lancam-o-projeto-bombeiro-mirim\/","name":"Bombeiros Militares e Prefeitura de Lajeado lan\u00e7am o projeto Bombeiro Mirim - Folha Popular","isPartOf":{"@id":"https:\/\/folhapopular.info\/#website"},"primaryImageOfPage":{"@id":"https:\/\/folhapopular.info\/index.php\/2023\/07\/20\/bombeiros-militares-e-prefeitura-de-lajeado-lancam-o-projeto-bombeiro-mirim\/#primaryimage"},"image":{"@id":"https:\/\/folhapopular.info\/index.php\/2023\/07\/20\/bombeiros-militares-e-prefeitura-de-lajeado-lancam-o-projeto-bombeiro-mirim\/#primaryimage"},"thumbnailUrl":"https:\/\/folhapopular.info\/wp-content\/uploads\/2023\/07\/Projeto-Bombeiro-Mirim-scaled.jpg","datePublished":"2023-07-20T12:38:32+00:00","dateModified":"2023-07-20T12:38:35+00:00","author":{"@id":"https:\/\/folhapopular.info\/#\/schema\/person\/2814e8a0df7643585a9ca38bc6eb9d4b"},"breadcrumb":{"@id":"https:\/\/folhapopular.info\/index.php\/2023\/07\/20\/bombeiros-militares-e-prefeitura-de-lajeado-lancam-o-projeto-bombeiro-mirim\/#breadcrumb"},"inLanguage":"pt-BR","potentialAction":[{"@type":"ReadAction","target":["https:\/\/folhapopular.info\/index.php\/2023\/07\/20\/bombeiros-militares-e-prefeitura-de-lajeado-lancam-o-projeto-bombeiro-mirim\/"]}]},{"@type":"ImageObject","inLanguage":"pt-BR","@id":"https:\/\/folhapopular.info\/index.php\/2023\/07\/20\/bombeiros-militares-e-prefeitura-de-lajeado-lancam-o-projeto-bombeiro-mirim\/#primaryimage","url":"https:\/\/folhapopular.info\/wp-content\/uploads\/2023\/07\/Projeto-Bombeiro-Mirim-scaled.jpg","contentUrl":"https:\/\/folhapopular.info\/wp-content\/uploads\/2023\/07\/Projeto-Bombeiro-Mirim-scaled.jpg","width":2560,"height":1707,"caption":"Cr\u00e9dito: Laura Mallmann \/ AI Prefeitura de Lajeado"},{"@type":"BreadcrumbList","@id":"https:\/\/folhapopular.info\/index.php\/2023\/07\/20\/bombeiros-militares-e-prefeitura-de-lajeado-lancam-o-projeto-bombeiro-mirim\/#breadcrumb","itemListElement":[{"@type":"ListItem","position":1,"name":"In\u00edcio","item":"https:\/\/folhapopular.info\/"},{"@type":"ListItem","position":2,"name":"Bombeiros Militares e Prefeitura de Lajeado lan\u00e7am o projeto Bombeiro Mirim"}]},{"@type":"WebSite","@id":"https:\/\/folhapopular.info\/#website","url":"https:\/\/folhapopular.info\/","name":"Folha Popular","description":"Onde voc\u00ea tem vez e voz","potentialAction":[{"@type":"SearchAction","target":{"@type":"EntryPoint","urlTemplate":"https:\/\/folhapopular.info\/?s={search_term_string}"},"query-input":{"@type":"PropertyValueSpecification","valueRequired":true,"valueName":"search_term_string"}}],"inLanguage":"pt-BR"},{"@type":"Person","@id":"https:\/\/folhapopular.info\/#\/schema\/person\/2814e8a0df7643585a9ca38bc6eb9d4b","name":"Reda\u00e7\u00e3o Folha Popular","image":{"@type":"ImageObject","inLanguage":"pt-BR","@id":"https:\/\/folhapopular.info\/wp-content\/uploads\/2026\/04\/Folha-1.webp","url":"https:\/\/folhapopular.info\/wp-content\/uploads\/2026\/04\/Folha-1.webp","contentUrl":"https:\/\/folhapopular.info\/wp-content\/uploads\/2026\/04\/Folha-1.webp","caption":"Reda\u00e7\u00e3o Folha Popular"},"url":"https:\/\/folhapopular.info\/index.php\/author\/redacao\/"}]}},"jetpack_featured_media_url":"https:\/\/folhapopular.info\/wp-content\/uploads\/2023\/07\/Projeto-Bombeiro-Mirim-scaled.jpg","jetpack_sharing_enabled":true,"amp_enabled":true,"_links":{"self":[{"href":"https:\/\/folhapopular.info\/index.php\/wp-json\/wp\/v2\/posts\/134048","targetHints":{"allow":["GET"]}}],"collection":[{"href":"https:\/\/folhapopular.info\/index.php\/wp-json\/wp\/v2\/posts"}],"about":[{"href":"https:\/\/folhapopular.info\/index.php\/wp-json\/wp\/v2\/types\/post"}],"author":[{"embeddable":true,"href":"https:\/\/folhapopular.info\/index.php\/wp-json\/wp\/v2\/users\/8"}],"replies":[{"embeddable":true,"href":"https:\/\/folhapopular.info\/index.php\/wp-json\/wp\/v2\/comments?post=134048"}],"version-history":[{"count":0,"href":"https:\/\/folhapopular.info\/index.php\/wp-json\/wp\/v2\/posts\/134048\/revisions"}],"wp:featuredmedia":[{"embeddable":true,"href":"https:\/\/folhapopular.info\/index.php\/wp-json\/wp\/v2\/media\/134057"}],"wp:attachment":[{"href":"https:\/\/folhapopular.info\/index.php\/wp-json\/wp\/v2\/media?parent=134048"}],"wp:term":[{"taxonomy":"category","embeddable":true,"href":"https:\/\/folhapopular.info\/index.php\/wp-json\/wp\/v2\/categories?post=134048"},{"taxonomy":"post_tag","embeddable":true,"href":"https:\/\/folhapopular.info\/index.php\/wp-json\/wp\/v2\/tags?post=134048"}],"curies":[{"name":"wp","href":"https:\/\/api.w.org\/{rel}","templated":true}]}}