{"id":134146,"date":"2023-07-20T11:31:55","date_gmt":"2023-07-20T14:31:55","guid":{"rendered":"https:\/\/folhapopular.info\/?p=134146"},"modified":"2023-07-20T11:31:59","modified_gmt":"2023-07-20T14:31:59","slug":"iniciado-o-curso-de-empreendedorismo-e-desenvolvimento-para-a-juventude-rural-de-teutonia","status":"publish","type":"post","link":"https:\/\/folhapopular.info\/index.php\/2023\/07\/20\/iniciado-o-curso-de-empreendedorismo-e-desenvolvimento-para-a-juventude-rural-de-teutonia\/","title":{"rendered":"Iniciado o curso de Empreendedorismo e Desenvolvimento para a Juventude Rural de Teut\u00f4nia\u00a0"},"content":{"rendered":"\n<p>Os 25 alunos participantes do curso de Empreendedorismo e Desenvolvimento para a Juventude Rural de Teut\u00f4nia tiveram, nesta quarta-feira (19\/7), a primeira aula do m\u00f3dulo 1. <\/p>\n\n\n\n<p>Organizado pela Emater\/RS-Ascar e pelo Col\u00e9gio Teut\u00f4nia com o apoio das cooperativas Certel e Sicredi, a qualifica\u00e7\u00e3o busca contribuir na constru\u00e7\u00e3o de possibilidades de perman\u00eancia dos jovens no meio rural para serem protagonistas do processo de desenvolvimento socioecon\u00f4mico e ambiental, refor\u00e7ando perspectivas de sucess\u00e3o rural.\u00a0<\/p>\n\n\n\n<p>Dividida em seis m\u00f3dulos, a capacita\u00e7\u00e3o, que segue nesta quinta-feira (20\/7), ter\u00e1 encontros mensais e se estender\u00e1 at\u00e9 dezembro, com diversas atividades te\u00f3ricas e pr\u00e1ticas que envolver\u00e3o palestras, oficinas, visitas, dias de campo e outras metodologias. <\/p>\n\n\n\n<p>A extensionista da Emater\/RS-Ascar, Elizangela Teixeira, explica que a ideia \u00e9 olhar para a juventude rural em toda a sua complexidade, focando em aspectos sociais, culturais, ambientais e tecnol\u00f3gicos. &#8220;Este \u00e9 um dos desafios atuais e um dos focos da institui\u00e7\u00e3o&#8221;. Neste primeiro curso participam jovens de Bar\u00e3o, Fazenda Vilanova, Estrela, Po\u00e7o das Antas e Teut\u00f4nia.<\/p>\n\n\n\n<figure class=\"wp-block-image size-large\"><img loading=\"lazy\" decoding=\"async\" width=\"2560\" height=\"1439\" src=\"https:\/\/folhapopular.info\/wp-content\/uploads\/2023\/07\/curso_juventude_rural_teutonia-14-edited-scaled.jpg\" alt=\"\" class=\"wp-image-134149\" srcset=\"https:\/\/folhapopular.info\/wp-content\/uploads\/2023\/07\/curso_juventude_rural_teutonia-14-edited-scaled.jpg 2560w, https:\/\/folhapopular.info\/wp-content\/uploads\/2023\/07\/curso_juventude_rural_teutonia-14-edited-300x169.jpg 300w, https:\/\/folhapopular.info\/wp-content\/uploads\/2023\/07\/curso_juventude_rural_teutonia-14-edited-1024x576.jpg 1024w, https:\/\/folhapopular.info\/wp-content\/uploads\/2023\/07\/curso_juventude_rural_teutonia-14-edited-768x432.jpg 768w, https:\/\/folhapopular.info\/wp-content\/uploads\/2023\/07\/curso_juventude_rural_teutonia-14-edited-1536x864.jpg 1536w, https:\/\/folhapopular.info\/wp-content\/uploads\/2023\/07\/curso_juventude_rural_teutonia-14-edited-2048x1151.jpg 2048w, https:\/\/folhapopular.info\/wp-content\/uploads\/2023\/07\/curso_juventude_rural_teutonia-14-edited-696x391.jpg 696w, https:\/\/folhapopular.info\/wp-content\/uploads\/2023\/07\/curso_juventude_rural_teutonia-14-edited-1068x600.jpg 1068w, https:\/\/folhapopular.info\/wp-content\/uploads\/2023\/07\/curso_juventude_rural_teutonia-14-edited-1920x1079.jpg 1920w\" sizes=\"auto, (max-width: 2560px) 100vw, 2560px\" \/><figcaption class=\"wp-element-caption\">Cr\u00e9dito: AI Emater\/RS-Ascar \/ Divulga\u00e7\u00e3o<\/figcaption><\/figure>\n\n\n\n<p>Elizangela pontua que a inten\u00e7\u00e3o \u00e9 construir de forma coletiva. \u201cO que se busca \u00e9 desenvolver as aptid\u00f5es dos jovens na unidade de produ\u00e7\u00e3o familiar, assessorando-os na elabora\u00e7\u00e3o, implanta\u00e7\u00e3o e execu\u00e7\u00e3o de projetos de atividades agropecu\u00e1rias\u201d, salienta a extensionista. <\/p>\n\n\n\n<p>De forma complementar, o coordenador do Centro de Treinamento de Agricultores de Teut\u00f4nia (Certa), Maicon Berwanger, afirma que um dos objetivos \u00e9 formar uma nova gera\u00e7\u00e3o de agricultores. \u201cAos instrutores, caber\u00e1 fornecer o embasamento t\u00e9cnico para a resolu\u00e7\u00e3o de quest\u00f5es, sejam administrativas ou operacionais, que envolvam a propriedade\u201d avalia.\u00a0<\/p>\n\n\n\n<h2 class=\"wp-block-heading\">Saiba mais<\/h2>\n\n\n\n<p>Com encontros mensais, a capacita\u00e7\u00e3o ter\u00e1 assuntos diversos, que v\u00e3o desde relacionamento intrafamiliar com \u00eanfase em quest\u00f5es geracionais e de g\u00eanero, passando por diagn\u00f3sticos da propriedade rural e cen\u00e1rios da agricultura familiar, at\u00e9 chegar a pr\u00e1ticas ambientais e gest\u00e3o da propriedade. <\/p>\n\n\n\n<p>\u201cNo cerne da qualifica\u00e7\u00e3o, tamb\u00e9m estar\u00e3o oportunidades em sistemas de produ\u00e7\u00e3o vegetal e animal, al\u00e9m de debates sobre turismo rural, agroind\u00fastria familiar, agroecologia e import\u00e2ncia do associativismo\u201d, comenta Elizangela.\u00a0<\/p>\n\n\n\n<h2 class=\"wp-block-heading\">Primeiro m\u00f3dulo<\/h2>\n\n\n\n<p>Maicon observa que, no primeiro m\u00f3dulo, a inten\u00e7\u00e3o foi a de &#8220;quebrar o gelo&#8221;. Nesse sentido, foram realizadas din\u00e2micas de acolhimento, palestras motivacionais, rodas de conversa, entregas de materiais e acordos de conviv\u00eancia. <\/p>\n\n\n\n<p>J\u00e1 a \u201cdin\u00e2mica dos sonhos\u201d mobilizou as fam\u00edlias para uma reflex\u00e3o sobre a import\u00e2ncia de se manter motivado, especialmente no que diz respeito \u00e0s perspectivas de futuro. \u201cPara isso, pais e filhos anotaram em tarjetas o que idealizam para os filhos, seus anseios e desejos para os anos vindouros\u201d, destacou Elizangela.\u00a0<\/p>\n\n\n\n<p>O dia seguiu com palestra \u201cCen\u00e1rios da agricultura familiar: sistemas agr\u00e1rios e oportunidades de empreendedorismo\u201d, ministrada pelo extensionista da Emater\/RS-Ascar, Diego Barden dos Santos, e painel sobre \u201cValoriza\u00e7\u00e3o do rural\u201d apresentado pela extensionista da Emater\/RS-Ascar, Clarice Bock. <\/p>\n\n\n\n<p>No segundo dia do m\u00f3dulo I, os cursistas conhecer\u00e3o fundamentos e ferramentas para constru\u00e7\u00e3o do diagn\u00f3stico de uma propriedade, ficando como \u201ctema de casa\u201d a elabora\u00e7\u00e3o de diagn\u00f3stico das suas propriedades, aplicando as ferramentas aprendidas no primeiro encontro.\u00a0<\/p>\n\n\n\n<h2 class=\"wp-block-heading\">Programa\u00e7\u00e3o\u00a0<\/h2>\n\n\n\n<p>M\u00f3dulo II (23 e 24\/8): Agricultura e meio ambiente\u00a0<\/p>\n\n\n\n<p>M\u00f3dulo III (14 e 15\/9): Gest\u00e3o da propriedade rural\u00a0<\/p>\n\n\n\n<p>M\u00f3dulo IV (18 e 19\/10): Oportunidades e solu\u00e7\u00f5es para a agricultura familiar\u00a0<\/p>\n\n\n\n<p>M\u00f3dulo V (21 e 22\/11): Seguran\u00e7a alimentar e produ\u00e7\u00e3o de alimentos para o autoconsumo\u00a0<\/p>\n\n\n\n<p>M\u00f3dulo VI (13 e 14\/12): Consolida\u00e7\u00e3o do conhecimento\u00a0<\/p>\n","protected":false},"excerpt":{"rendered":"<p>Os 25 alunos participantes do curso de Empreendedorismo e Desenvolvimento para a Juventude Rural de Teut\u00f4nia tiveram, nesta quarta-feira (19\/7), a primeira aula do m\u00f3dulo 1. Organizado pela Emater\/RS-Ascar e pelo Col\u00e9gio Teut\u00f4nia com o apoio das cooperativas Certel e Sicredi, a qualifica\u00e7\u00e3o busca contribuir na constru\u00e7\u00e3o de possibilidades de perman\u00eancia dos jovens no meio [&hellip;]<\/p>\n","protected":false},"author":8,"featured_media":134147,"comment_status":"open","ping_status":"open","sticky":false,"template":"","format":"standard","meta":{"pmpro_default_level":"","_jetpack_memberships_contains_paid_content":false,"footnotes":""},"categories":[2,3,10994],"tags":[12701,4890,535,11027,26],"class_list":{"0":"post-134146","1":"post","2":"type-post","3":"status-publish","4":"format-standard","5":"has-post-thumbnail","7":"category-featured","8":"category-geral","9":"category-rural","10":"tag-curso-de-empreendedorismo-e-desenvolvimento-para-a-juventude-rural-de-teutonia","11":"tag-ensino","12":"tag-juventude-rural","13":"tag-rural","14":"tag-teutonia","15":"pmpro-has-access"},"yoast_head":"<!-- This site is optimized with the Yoast SEO plugin v27.5 - https:\/\/yoast.com\/product\/yoast-seo-wordpress\/ -->\n<title>Iniciado o curso de Empreendedorismo e Desenvolvimento para a Juventude Rural de Teut\u00f4nia\u00a0 - Folha Popular<\/title>\n<meta name=\"robots\" content=\"index, follow, max-snippet:-1, max-image-preview:large, max-video-preview:-1\" \/>\n<link rel=\"canonical\" href=\"https:\/\/folhapopular.info\/index.php\/2023\/07\/20\/iniciado-o-curso-de-empreendedorismo-e-desenvolvimento-para-a-juventude-rural-de-teutonia\/\" \/>\n<meta property=\"og:locale\" content=\"pt_BR\" \/>\n<meta property=\"og:type\" content=\"article\" \/>\n<meta property=\"og:title\" content=\"Iniciado o curso de Empreendedorismo e Desenvolvimento para a Juventude Rural de Teut\u00f4nia\u00a0 - Folha Popular\" \/>\n<meta property=\"og:description\" content=\"Os 25 alunos participantes do curso de Empreendedorismo e Desenvolvimento para a Juventude Rural de Teut\u00f4nia tiveram, nesta quarta-feira (19\/7), a primeira aula do m\u00f3dulo 1. Organizado pela Emater\/RS-Ascar e pelo Col\u00e9gio Teut\u00f4nia com o apoio das cooperativas Certel e Sicredi, a qualifica\u00e7\u00e3o busca contribuir na constru\u00e7\u00e3o de possibilidades de perman\u00eancia dos jovens no meio [&hellip;]\" \/>\n<meta property=\"og:url\" content=\"https:\/\/folhapopular.info\/index.php\/2023\/07\/20\/iniciado-o-curso-de-empreendedorismo-e-desenvolvimento-para-a-juventude-rural-de-teutonia\/\" \/>\n<meta property=\"og:site_name\" content=\"Folha Popular\" \/>\n<meta property=\"article:published_time\" content=\"2023-07-20T14:31:55+00:00\" \/>\n<meta property=\"article:modified_time\" content=\"2023-07-20T14:31:59+00:00\" \/>\n<meta property=\"og:image\" content=\"http:\/\/folhapopular.info\/wp-content\/uploads\/2023\/07\/curso_juventude_rural_teutonia-17-scaled.jpg\" \/>\n\t<meta property=\"og:image:width\" content=\"2560\" \/>\n\t<meta property=\"og:image:height\" content=\"1706\" \/>\n\t<meta property=\"og:image:type\" content=\"image\/jpeg\" \/>\n<meta name=\"author\" content=\"Reda\u00e7\u00e3o Folha Popular\" \/>\n<meta name=\"twitter:card\" content=\"summary_large_image\" \/>\n<meta name=\"twitter:label1\" content=\"Escrito por\" \/>\n\t<meta name=\"twitter:data1\" content=\"Reda\u00e7\u00e3o Folha Popular\" \/>\n\t<meta name=\"twitter:label2\" content=\"Est. tempo de leitura\" \/>\n\t<meta name=\"twitter:data2\" content=\"4 minutos\" \/>\n<script type=\"application\/ld+json\" class=\"yoast-schema-graph\">{\"@context\":\"https:\\\/\\\/schema.org\",\"@graph\":[{\"@type\":\"Article\",\"@id\":\"https:\\\/\\\/folhapopular.info\\\/index.php\\\/2023\\\/07\\\/20\\\/iniciado-o-curso-de-empreendedorismo-e-desenvolvimento-para-a-juventude-rural-de-teutonia\\\/#article\",\"isPartOf\":{\"@id\":\"https:\\\/\\\/folhapopular.info\\\/index.php\\\/2023\\\/07\\\/20\\\/iniciado-o-curso-de-empreendedorismo-e-desenvolvimento-para-a-juventude-rural-de-teutonia\\\/\"},\"author\":{\"name\":\"Reda\u00e7\u00e3o Folha Popular\",\"@id\":\"https:\\\/\\\/folhapopular.info\\\/#\\\/schema\\\/person\\\/2814e8a0df7643585a9ca38bc6eb9d4b\"},\"headline\":\"Iniciado o curso de Empreendedorismo e Desenvolvimento para a Juventude Rural de Teut\u00f4nia\u00a0\",\"datePublished\":\"2023-07-20T14:31:55+00:00\",\"dateModified\":\"2023-07-20T14:31:59+00:00\",\"mainEntityOfPage\":{\"@id\":\"https:\\\/\\\/folhapopular.info\\\/index.php\\\/2023\\\/07\\\/20\\\/iniciado-o-curso-de-empreendedorismo-e-desenvolvimento-para-a-juventude-rural-de-teutonia\\\/\"},\"wordCount\":619,\"commentCount\":0,\"image\":{\"@id\":\"https:\\\/\\\/folhapopular.info\\\/index.php\\\/2023\\\/07\\\/20\\\/iniciado-o-curso-de-empreendedorismo-e-desenvolvimento-para-a-juventude-rural-de-teutonia\\\/#primaryimage\"},\"thumbnailUrl\":\"https:\\\/\\\/folhapopular.info\\\/wp-content\\\/uploads\\\/2023\\\/07\\\/curso_juventude_rural_teutonia-17-scaled.jpg\",\"keywords\":[\"curso de empreendedorismo e desenvolvimento para a juventude rural de Teut\u00f4nia\",\"Ensino\",\"juventude rural\",\"rural\",\"Teut\u00f4nia\"],\"articleSection\":[\"Destaques\",\"Geral\",\"Rural\"],\"inLanguage\":\"pt-BR\",\"potentialAction\":[{\"@type\":\"CommentAction\",\"name\":\"Comment\",\"target\":[\"https:\\\/\\\/folhapopular.info\\\/index.php\\\/2023\\\/07\\\/20\\\/iniciado-o-curso-de-empreendedorismo-e-desenvolvimento-para-a-juventude-rural-de-teutonia\\\/#respond\"]}]},{\"@type\":\"WebPage\",\"@id\":\"https:\\\/\\\/folhapopular.info\\\/index.php\\\/2023\\\/07\\\/20\\\/iniciado-o-curso-de-empreendedorismo-e-desenvolvimento-para-a-juventude-rural-de-teutonia\\\/\",\"url\":\"https:\\\/\\\/folhapopular.info\\\/index.php\\\/2023\\\/07\\\/20\\\/iniciado-o-curso-de-empreendedorismo-e-desenvolvimento-para-a-juventude-rural-de-teutonia\\\/\",\"name\":\"Iniciado o curso de Empreendedorismo e Desenvolvimento para a Juventude Rural de Teut\u00f4nia\u00a0 - Folha Popular\",\"isPartOf\":{\"@id\":\"https:\\\/\\\/folhapopular.info\\\/#website\"},\"primaryImageOfPage\":{\"@id\":\"https:\\\/\\\/folhapopular.info\\\/index.php\\\/2023\\\/07\\\/20\\\/iniciado-o-curso-de-empreendedorismo-e-desenvolvimento-para-a-juventude-rural-de-teutonia\\\/#primaryimage\"},\"image\":{\"@id\":\"https:\\\/\\\/folhapopular.info\\\/index.php\\\/2023\\\/07\\\/20\\\/iniciado-o-curso-de-empreendedorismo-e-desenvolvimento-para-a-juventude-rural-de-teutonia\\\/#primaryimage\"},\"thumbnailUrl\":\"https:\\\/\\\/folhapopular.info\\\/wp-content\\\/uploads\\\/2023\\\/07\\\/curso_juventude_rural_teutonia-17-scaled.jpg\",\"datePublished\":\"2023-07-20T14:31:55+00:00\",\"dateModified\":\"2023-07-20T14:31:59+00:00\",\"author\":{\"@id\":\"https:\\\/\\\/folhapopular.info\\\/#\\\/schema\\\/person\\\/2814e8a0df7643585a9ca38bc6eb9d4b\"},\"breadcrumb\":{\"@id\":\"https:\\\/\\\/folhapopular.info\\\/index.php\\\/2023\\\/07\\\/20\\\/iniciado-o-curso-de-empreendedorismo-e-desenvolvimento-para-a-juventude-rural-de-teutonia\\\/#breadcrumb\"},\"inLanguage\":\"pt-BR\",\"potentialAction\":[{\"@type\":\"ReadAction\",\"target\":[\"https:\\\/\\\/folhapopular.info\\\/index.php\\\/2023\\\/07\\\/20\\\/iniciado-o-curso-de-empreendedorismo-e-desenvolvimento-para-a-juventude-rural-de-teutonia\\\/\"]}]},{\"@type\":\"ImageObject\",\"inLanguage\":\"pt-BR\",\"@id\":\"https:\\\/\\\/folhapopular.info\\\/index.php\\\/2023\\\/07\\\/20\\\/iniciado-o-curso-de-empreendedorismo-e-desenvolvimento-para-a-juventude-rural-de-teutonia\\\/#primaryimage\",\"url\":\"https:\\\/\\\/folhapopular.info\\\/wp-content\\\/uploads\\\/2023\\\/07\\\/curso_juventude_rural_teutonia-17-scaled.jpg\",\"contentUrl\":\"https:\\\/\\\/folhapopular.info\\\/wp-content\\\/uploads\\\/2023\\\/07\\\/curso_juventude_rural_teutonia-17-scaled.jpg\",\"width\":2560,\"height\":1706,\"caption\":\"Cr\u00e9dito: AI Emater\\\/RS-Ascar \\\/ Divulga\u00e7\u00e3o\"},{\"@type\":\"BreadcrumbList\",\"@id\":\"https:\\\/\\\/folhapopular.info\\\/index.php\\\/2023\\\/07\\\/20\\\/iniciado-o-curso-de-empreendedorismo-e-desenvolvimento-para-a-juventude-rural-de-teutonia\\\/#breadcrumb\",\"itemListElement\":[{\"@type\":\"ListItem\",\"position\":1,\"name\":\"In\u00edcio\",\"item\":\"https:\\\/\\\/folhapopular.info\\\/\"},{\"@type\":\"ListItem\",\"position\":2,\"name\":\"Iniciado o curso de Empreendedorismo e Desenvolvimento para a Juventude Rural de Teut\u00f4nia\u00a0\"}]},{\"@type\":\"WebSite\",\"@id\":\"https:\\\/\\\/folhapopular.info\\\/#website\",\"url\":\"https:\\\/\\\/folhapopular.info\\\/\",\"name\":\"Folha Popular\",\"description\":\"Onde voc\u00ea tem vez e voz\",\"potentialAction\":[{\"@type\":\"SearchAction\",\"target\":{\"@type\":\"EntryPoint\",\"urlTemplate\":\"https:\\\/\\\/folhapopular.info\\\/?s={search_term_string}\"},\"query-input\":{\"@type\":\"PropertyValueSpecification\",\"valueRequired\":true,\"valueName\":\"search_term_string\"}}],\"inLanguage\":\"pt-BR\"},{\"@type\":\"Person\",\"@id\":\"https:\\\/\\\/folhapopular.info\\\/#\\\/schema\\\/person\\\/2814e8a0df7643585a9ca38bc6eb9d4b\",\"name\":\"Reda\u00e7\u00e3o Folha Popular\",\"image\":{\"@type\":\"ImageObject\",\"inLanguage\":\"pt-BR\",\"@id\":\"https:\\\/\\\/folhapopular.info\\\/wp-content\\\/uploads\\\/2026\\\/04\\\/Folha-1.webp\",\"url\":\"https:\\\/\\\/folhapopular.info\\\/wp-content\\\/uploads\\\/2026\\\/04\\\/Folha-1.webp\",\"contentUrl\":\"https:\\\/\\\/folhapopular.info\\\/wp-content\\\/uploads\\\/2026\\\/04\\\/Folha-1.webp\",\"caption\":\"Reda\u00e7\u00e3o Folha Popular\"},\"url\":\"https:\\\/\\\/folhapopular.info\\\/index.php\\\/author\\\/redacao\\\/\"}]}<\/script>\n<!-- \/ Yoast SEO plugin. -->","yoast_head_json":{"title":"Iniciado o curso de Empreendedorismo e Desenvolvimento para a Juventude Rural de Teut\u00f4nia\u00a0 - Folha Popular","robots":{"index":"index","follow":"follow","max-snippet":"max-snippet:-1","max-image-preview":"max-image-preview:large","max-video-preview":"max-video-preview:-1"},"canonical":"https:\/\/folhapopular.info\/index.php\/2023\/07\/20\/iniciado-o-curso-de-empreendedorismo-e-desenvolvimento-para-a-juventude-rural-de-teutonia\/","og_locale":"pt_BR","og_type":"article","og_title":"Iniciado o curso de Empreendedorismo e Desenvolvimento para a Juventude Rural de Teut\u00f4nia\u00a0 - Folha Popular","og_description":"Os 25 alunos participantes do curso de Empreendedorismo e Desenvolvimento para a Juventude Rural de Teut\u00f4nia tiveram, nesta quarta-feira (19\/7), a primeira aula do m\u00f3dulo 1. Organizado pela Emater\/RS-Ascar e pelo Col\u00e9gio Teut\u00f4nia com o apoio das cooperativas Certel e Sicredi, a qualifica\u00e7\u00e3o busca contribuir na constru\u00e7\u00e3o de possibilidades de perman\u00eancia dos jovens no meio [&hellip;]","og_url":"https:\/\/folhapopular.info\/index.php\/2023\/07\/20\/iniciado-o-curso-de-empreendedorismo-e-desenvolvimento-para-a-juventude-rural-de-teutonia\/","og_site_name":"Folha Popular","article_published_time":"2023-07-20T14:31:55+00:00","article_modified_time":"2023-07-20T14:31:59+00:00","og_image":[{"width":2560,"height":1706,"url":"http:\/\/folhapopular.info\/wp-content\/uploads\/2023\/07\/curso_juventude_rural_teutonia-17-scaled.jpg","type":"image\/jpeg"}],"author":"Reda\u00e7\u00e3o Folha Popular","twitter_card":"summary_large_image","twitter_misc":{"Escrito por":"Reda\u00e7\u00e3o Folha Popular","Est. tempo de leitura":"4 minutos"},"schema":{"@context":"https:\/\/schema.org","@graph":[{"@type":"Article","@id":"https:\/\/folhapopular.info\/index.php\/2023\/07\/20\/iniciado-o-curso-de-empreendedorismo-e-desenvolvimento-para-a-juventude-rural-de-teutonia\/#article","isPartOf":{"@id":"https:\/\/folhapopular.info\/index.php\/2023\/07\/20\/iniciado-o-curso-de-empreendedorismo-e-desenvolvimento-para-a-juventude-rural-de-teutonia\/"},"author":{"name":"Reda\u00e7\u00e3o Folha Popular","@id":"https:\/\/folhapopular.info\/#\/schema\/person\/2814e8a0df7643585a9ca38bc6eb9d4b"},"headline":"Iniciado o curso de Empreendedorismo e Desenvolvimento para a Juventude Rural de Teut\u00f4nia\u00a0","datePublished":"2023-07-20T14:31:55+00:00","dateModified":"2023-07-20T14:31:59+00:00","mainEntityOfPage":{"@id":"https:\/\/folhapopular.info\/index.php\/2023\/07\/20\/iniciado-o-curso-de-empreendedorismo-e-desenvolvimento-para-a-juventude-rural-de-teutonia\/"},"wordCount":619,"commentCount":0,"image":{"@id":"https:\/\/folhapopular.info\/index.php\/2023\/07\/20\/iniciado-o-curso-de-empreendedorismo-e-desenvolvimento-para-a-juventude-rural-de-teutonia\/#primaryimage"},"thumbnailUrl":"https:\/\/folhapopular.info\/wp-content\/uploads\/2023\/07\/curso_juventude_rural_teutonia-17-scaled.jpg","keywords":["curso de empreendedorismo e desenvolvimento para a juventude rural de Teut\u00f4nia","Ensino","juventude rural","rural","Teut\u00f4nia"],"articleSection":["Destaques","Geral","Rural"],"inLanguage":"pt-BR","potentialAction":[{"@type":"CommentAction","name":"Comment","target":["https:\/\/folhapopular.info\/index.php\/2023\/07\/20\/iniciado-o-curso-de-empreendedorismo-e-desenvolvimento-para-a-juventude-rural-de-teutonia\/#respond"]}]},{"@type":"WebPage","@id":"https:\/\/folhapopular.info\/index.php\/2023\/07\/20\/iniciado-o-curso-de-empreendedorismo-e-desenvolvimento-para-a-juventude-rural-de-teutonia\/","url":"https:\/\/folhapopular.info\/index.php\/2023\/07\/20\/iniciado-o-curso-de-empreendedorismo-e-desenvolvimento-para-a-juventude-rural-de-teutonia\/","name":"Iniciado o curso de Empreendedorismo e Desenvolvimento para a Juventude Rural de Teut\u00f4nia\u00a0 - Folha Popular","isPartOf":{"@id":"https:\/\/folhapopular.info\/#website"},"primaryImageOfPage":{"@id":"https:\/\/folhapopular.info\/index.php\/2023\/07\/20\/iniciado-o-curso-de-empreendedorismo-e-desenvolvimento-para-a-juventude-rural-de-teutonia\/#primaryimage"},"image":{"@id":"https:\/\/folhapopular.info\/index.php\/2023\/07\/20\/iniciado-o-curso-de-empreendedorismo-e-desenvolvimento-para-a-juventude-rural-de-teutonia\/#primaryimage"},"thumbnailUrl":"https:\/\/folhapopular.info\/wp-content\/uploads\/2023\/07\/curso_juventude_rural_teutonia-17-scaled.jpg","datePublished":"2023-07-20T14:31:55+00:00","dateModified":"2023-07-20T14:31:59+00:00","author":{"@id":"https:\/\/folhapopular.info\/#\/schema\/person\/2814e8a0df7643585a9ca38bc6eb9d4b"},"breadcrumb":{"@id":"https:\/\/folhapopular.info\/index.php\/2023\/07\/20\/iniciado-o-curso-de-empreendedorismo-e-desenvolvimento-para-a-juventude-rural-de-teutonia\/#breadcrumb"},"inLanguage":"pt-BR","potentialAction":[{"@type":"ReadAction","target":["https:\/\/folhapopular.info\/index.php\/2023\/07\/20\/iniciado-o-curso-de-empreendedorismo-e-desenvolvimento-para-a-juventude-rural-de-teutonia\/"]}]},{"@type":"ImageObject","inLanguage":"pt-BR","@id":"https:\/\/folhapopular.info\/index.php\/2023\/07\/20\/iniciado-o-curso-de-empreendedorismo-e-desenvolvimento-para-a-juventude-rural-de-teutonia\/#primaryimage","url":"https:\/\/folhapopular.info\/wp-content\/uploads\/2023\/07\/curso_juventude_rural_teutonia-17-scaled.jpg","contentUrl":"https:\/\/folhapopular.info\/wp-content\/uploads\/2023\/07\/curso_juventude_rural_teutonia-17-scaled.jpg","width":2560,"height":1706,"caption":"Cr\u00e9dito: AI Emater\/RS-Ascar \/ Divulga\u00e7\u00e3o"},{"@type":"BreadcrumbList","@id":"https:\/\/folhapopular.info\/index.php\/2023\/07\/20\/iniciado-o-curso-de-empreendedorismo-e-desenvolvimento-para-a-juventude-rural-de-teutonia\/#breadcrumb","itemListElement":[{"@type":"ListItem","position":1,"name":"In\u00edcio","item":"https:\/\/folhapopular.info\/"},{"@type":"ListItem","position":2,"name":"Iniciado o curso de Empreendedorismo e Desenvolvimento para a Juventude Rural de Teut\u00f4nia\u00a0"}]},{"@type":"WebSite","@id":"https:\/\/folhapopular.info\/#website","url":"https:\/\/folhapopular.info\/","name":"Folha Popular","description":"Onde voc\u00ea tem vez e voz","potentialAction":[{"@type":"SearchAction","target":{"@type":"EntryPoint","urlTemplate":"https:\/\/folhapopular.info\/?s={search_term_string}"},"query-input":{"@type":"PropertyValueSpecification","valueRequired":true,"valueName":"search_term_string"}}],"inLanguage":"pt-BR"},{"@type":"Person","@id":"https:\/\/folhapopular.info\/#\/schema\/person\/2814e8a0df7643585a9ca38bc6eb9d4b","name":"Reda\u00e7\u00e3o Folha Popular","image":{"@type":"ImageObject","inLanguage":"pt-BR","@id":"https:\/\/folhapopular.info\/wp-content\/uploads\/2026\/04\/Folha-1.webp","url":"https:\/\/folhapopular.info\/wp-content\/uploads\/2026\/04\/Folha-1.webp","contentUrl":"https:\/\/folhapopular.info\/wp-content\/uploads\/2026\/04\/Folha-1.webp","caption":"Reda\u00e7\u00e3o Folha Popular"},"url":"https:\/\/folhapopular.info\/index.php\/author\/redacao\/"}]}},"jetpack_featured_media_url":"https:\/\/folhapopular.info\/wp-content\/uploads\/2023\/07\/curso_juventude_rural_teutonia-17-scaled.jpg","jetpack_sharing_enabled":true,"amp_enabled":true,"_links":{"self":[{"href":"https:\/\/folhapopular.info\/index.php\/wp-json\/wp\/v2\/posts\/134146","targetHints":{"allow":["GET"]}}],"collection":[{"href":"https:\/\/folhapopular.info\/index.php\/wp-json\/wp\/v2\/posts"}],"about":[{"href":"https:\/\/folhapopular.info\/index.php\/wp-json\/wp\/v2\/types\/post"}],"author":[{"embeddable":true,"href":"https:\/\/folhapopular.info\/index.php\/wp-json\/wp\/v2\/users\/8"}],"replies":[{"embeddable":true,"href":"https:\/\/folhapopular.info\/index.php\/wp-json\/wp\/v2\/comments?post=134146"}],"version-history":[{"count":0,"href":"https:\/\/folhapopular.info\/index.php\/wp-json\/wp\/v2\/posts\/134146\/revisions"}],"wp:featuredmedia":[{"embeddable":true,"href":"https:\/\/folhapopular.info\/index.php\/wp-json\/wp\/v2\/media\/134147"}],"wp:attachment":[{"href":"https:\/\/folhapopular.info\/index.php\/wp-json\/wp\/v2\/media?parent=134146"}],"wp:term":[{"taxonomy":"category","embeddable":true,"href":"https:\/\/folhapopular.info\/index.php\/wp-json\/wp\/v2\/categories?post=134146"},{"taxonomy":"post_tag","embeddable":true,"href":"https:\/\/folhapopular.info\/index.php\/wp-json\/wp\/v2\/tags?post=134146"}],"curies":[{"name":"wp","href":"https:\/\/api.w.org\/{rel}","templated":true}]}}