{"id":134459,"date":"2023-07-22T08:27:41","date_gmt":"2023-07-22T11:27:41","guid":{"rendered":"https:\/\/folhapopular.info\/?p=134459"},"modified":"2023-07-22T08:49:03","modified_gmt":"2023-07-22T11:49:03","slug":"policial-militar-morre-em-acidente-em-bom-retiro-do-sul","status":"publish","type":"post","link":"https:\/\/folhapopular.info\/index.php\/2023\/07\/22\/policial-militar-morre-em-acidente-em-bom-retiro-do-sul\/","title":{"rendered":"Policial militar morre em acidente em Bom Retiro do Sul"},"content":{"rendered":"\n<p>Na manh\u00e3 deste s\u00e1bado (22\/7) um acidente de tr\u00e2nsito na ERS-128, em Bom Retiro do Sul, resultou na morte de um policial militar. O motociclista, estava a caminho de seu servi\u00e7o em Lajeado, onde atuava no setor de videomonitoramento da Brigada Militar.<\/p>\n\n\n\n<p>O acidente ocorreu na localidade de S\u00e3o Jo\u00e3o, e envolveu uma colis\u00e3o entre dois ve\u00edculos: um autom\u00f3vel Jeep Renegade, cujo condutor apresentou sinais de embriaguez, e a motocicleta que o policial conduzia. O policial militar S\u00e9rgio Luiz Kuhn, se 55 anos n\u00e3o resistiu aos ferimentos, vindo a falecer no local do acidente.<\/p>\n\n\n\n<figure class=\"wp-block-image size-large is-resized\"><img loading=\"lazy\" decoding=\"async\" src=\"https:\/\/folhapopular.info\/wp-content\/uploads\/2023\/07\/IMG-20230722-WA0012-1024x768.jpg\" alt=\"\" class=\"wp-image-134460\" width=\"343\" height=\"275\"\/><\/figure>\n\n\n\n<p>O condutor do autom\u00f3vel seguia no sentido em dire\u00e7\u00e3o a Bom Retiro do Sul, invadiu a pista contr\u00e1ria e colidiu de frente com a motocicleta.<\/p>\n\n\n\n<p>O motorista do autom\u00f3vel foi submetido ao teste do etil\u00f4metro, que apontou o \u00edndice de 0,47 mg\/L de \u00e1lcool por litro de ar expelido, configurando uma situa\u00e7\u00e3o de embriaguez ao volante. O autom\u00f3vel pegou fogo ap\u00f3s o acidente.<\/p>\n","protected":false},"excerpt":{"rendered":"<p>Na manh\u00e3 deste s\u00e1bado (22\/7) um acidente de tr\u00e2nsito na ERS-128, em Bom Retiro do Sul, resultou na morte de um policial militar. O motociclista, estava a caminho de seu servi\u00e7o em Lajeado, onde atuava no setor de videomonitoramento da Brigada Militar. O acidente ocorreu na localidade de S\u00e3o Jo\u00e3o, e envolveu uma colis\u00e3o entre [&hellip;]<\/p>\n","protected":false},"author":646,"featured_media":134466,"comment_status":"open","ping_status":"open","sticky":false,"template":"","format":"standard","meta":{"pmpro_default_level":"","_jetpack_memberships_contains_paid_content":false,"footnotes":""},"categories":[3,7,10983],"tags":[],"class_list":{"0":"post-134459","1":"post","2":"type-post","3":"status-publish","4":"format-standard","5":"has-post-thumbnail","7":"category-geral","8":"category-seguranca","9":"category-transito","10":"pmpro-has-access"},"yoast_head":"<!-- This site is optimized with the Yoast SEO plugin v27.4 - https:\/\/yoast.com\/product\/yoast-seo-wordpress\/ -->\n<title>Policial militar morre em acidente em Bom Retiro do Sul - Folha Popular<\/title>\n<meta name=\"robots\" content=\"index, follow, max-snippet:-1, max-image-preview:large, max-video-preview:-1\" \/>\n<link rel=\"canonical\" href=\"https:\/\/folhapopular.info\/index.php\/2023\/07\/22\/policial-militar-morre-em-acidente-em-bom-retiro-do-sul\/\" \/>\n<meta property=\"og:locale\" content=\"pt_BR\" \/>\n<meta property=\"og:type\" content=\"article\" \/>\n<meta property=\"og:title\" content=\"Policial militar morre em acidente em Bom Retiro do Sul - Folha Popular\" \/>\n<meta property=\"og:description\" content=\"Na manh\u00e3 deste s\u00e1bado (22\/7) um acidente de tr\u00e2nsito na ERS-128, em Bom Retiro do Sul, resultou na morte de um policial militar. O motociclista, estava a caminho de seu servi\u00e7o em Lajeado, onde atuava no setor de videomonitoramento da Brigada Militar. O acidente ocorreu na localidade de S\u00e3o Jo\u00e3o, e envolveu uma colis\u00e3o entre [&hellip;]\" \/>\n<meta property=\"og:url\" content=\"https:\/\/folhapopular.info\/index.php\/2023\/07\/22\/policial-militar-morre-em-acidente-em-bom-retiro-do-sul\/\" \/>\n<meta property=\"og:site_name\" content=\"Folha Popular\" \/>\n<meta property=\"article:published_time\" content=\"2023-07-22T11:27:41+00:00\" \/>\n<meta property=\"article:modified_time\" content=\"2023-07-22T11:49:03+00:00\" \/>\n<meta property=\"og:image\" content=\"http:\/\/folhapopular.info\/wp-content\/uploads\/2023\/07\/4d32bbb8-76c1-49d4-a513-b0cac82753d3.jpg\" \/>\n\t<meta property=\"og:image:width\" content=\"323\" \/>\n\t<meta property=\"og:image:height\" content=\"389\" \/>\n\t<meta property=\"og:image:type\" content=\"image\/jpeg\" \/>\n<meta name=\"author\" content=\"J\u00falio C\u00e9sar Lenhard\" \/>\n<meta name=\"twitter:card\" content=\"summary_large_image\" \/>\n<meta name=\"twitter:label1\" content=\"Escrito por\" \/>\n\t<meta name=\"twitter:data1\" content=\"J\u00falio C\u00e9sar Lenhard\" \/>\n\t<meta name=\"twitter:label2\" content=\"Est. tempo de leitura\" \/>\n\t<meta name=\"twitter:data2\" content=\"2 minutos\" \/>\n<script type=\"application\/ld+json\" class=\"yoast-schema-graph\">{\"@context\":\"https:\\\/\\\/schema.org\",\"@graph\":[{\"@type\":\"Article\",\"@id\":\"https:\\\/\\\/folhapopular.info\\\/index.php\\\/2023\\\/07\\\/22\\\/policial-militar-morre-em-acidente-em-bom-retiro-do-sul\\\/#article\",\"isPartOf\":{\"@id\":\"https:\\\/\\\/folhapopular.info\\\/index.php\\\/2023\\\/07\\\/22\\\/policial-militar-morre-em-acidente-em-bom-retiro-do-sul\\\/\"},\"author\":{\"name\":\"J\u00falio C\u00e9sar Lenhard\",\"@id\":\"https:\\\/\\\/folhapopular.info\\\/#\\\/schema\\\/person\\\/2c678f1be6a810fa1aa8786f135b80d8\"},\"headline\":\"Policial militar morre em acidente em Bom Retiro do Sul\",\"datePublished\":\"2023-07-22T11:27:41+00:00\",\"dateModified\":\"2023-07-22T11:49:03+00:00\",\"mainEntityOfPage\":{\"@id\":\"https:\\\/\\\/folhapopular.info\\\/index.php\\\/2023\\\/07\\\/22\\\/policial-militar-morre-em-acidente-em-bom-retiro-do-sul\\\/\"},\"wordCount\":183,\"commentCount\":0,\"image\":{\"@id\":\"https:\\\/\\\/folhapopular.info\\\/index.php\\\/2023\\\/07\\\/22\\\/policial-militar-morre-em-acidente-em-bom-retiro-do-sul\\\/#primaryimage\"},\"thumbnailUrl\":\"https:\\\/\\\/folhapopular.info\\\/wp-content\\\/uploads\\\/2023\\\/07\\\/4d32bbb8-76c1-49d4-a513-b0cac82753d3.jpg\",\"articleSection\":[\"Geral\",\"Seguran\u00e7a\",\"Tr\u00e2nsito\"],\"inLanguage\":\"pt-BR\",\"potentialAction\":[{\"@type\":\"CommentAction\",\"name\":\"Comment\",\"target\":[\"https:\\\/\\\/folhapopular.info\\\/index.php\\\/2023\\\/07\\\/22\\\/policial-militar-morre-em-acidente-em-bom-retiro-do-sul\\\/#respond\"]}]},{\"@type\":\"WebPage\",\"@id\":\"https:\\\/\\\/folhapopular.info\\\/index.php\\\/2023\\\/07\\\/22\\\/policial-militar-morre-em-acidente-em-bom-retiro-do-sul\\\/\",\"url\":\"https:\\\/\\\/folhapopular.info\\\/index.php\\\/2023\\\/07\\\/22\\\/policial-militar-morre-em-acidente-em-bom-retiro-do-sul\\\/\",\"name\":\"Policial militar morre em acidente em Bom Retiro do Sul - Folha Popular\",\"isPartOf\":{\"@id\":\"https:\\\/\\\/folhapopular.info\\\/#website\"},\"primaryImageOfPage\":{\"@id\":\"https:\\\/\\\/folhapopular.info\\\/index.php\\\/2023\\\/07\\\/22\\\/policial-militar-morre-em-acidente-em-bom-retiro-do-sul\\\/#primaryimage\"},\"image\":{\"@id\":\"https:\\\/\\\/folhapopular.info\\\/index.php\\\/2023\\\/07\\\/22\\\/policial-militar-morre-em-acidente-em-bom-retiro-do-sul\\\/#primaryimage\"},\"thumbnailUrl\":\"https:\\\/\\\/folhapopular.info\\\/wp-content\\\/uploads\\\/2023\\\/07\\\/4d32bbb8-76c1-49d4-a513-b0cac82753d3.jpg\",\"datePublished\":\"2023-07-22T11:27:41+00:00\",\"dateModified\":\"2023-07-22T11:49:03+00:00\",\"author\":{\"@id\":\"https:\\\/\\\/folhapopular.info\\\/#\\\/schema\\\/person\\\/2c678f1be6a810fa1aa8786f135b80d8\"},\"breadcrumb\":{\"@id\":\"https:\\\/\\\/folhapopular.info\\\/index.php\\\/2023\\\/07\\\/22\\\/policial-militar-morre-em-acidente-em-bom-retiro-do-sul\\\/#breadcrumb\"},\"inLanguage\":\"pt-BR\",\"potentialAction\":[{\"@type\":\"ReadAction\",\"target\":[\"https:\\\/\\\/folhapopular.info\\\/index.php\\\/2023\\\/07\\\/22\\\/policial-militar-morre-em-acidente-em-bom-retiro-do-sul\\\/\"]}]},{\"@type\":\"ImageObject\",\"inLanguage\":\"pt-BR\",\"@id\":\"https:\\\/\\\/folhapopular.info\\\/index.php\\\/2023\\\/07\\\/22\\\/policial-militar-morre-em-acidente-em-bom-retiro-do-sul\\\/#primaryimage\",\"url\":\"https:\\\/\\\/folhapopular.info\\\/wp-content\\\/uploads\\\/2023\\\/07\\\/4d32bbb8-76c1-49d4-a513-b0cac82753d3.jpg\",\"contentUrl\":\"https:\\\/\\\/folhapopular.info\\\/wp-content\\\/uploads\\\/2023\\\/07\\\/4d32bbb8-76c1-49d4-a513-b0cac82753d3.jpg\",\"width\":323,\"height\":389},{\"@type\":\"BreadcrumbList\",\"@id\":\"https:\\\/\\\/folhapopular.info\\\/index.php\\\/2023\\\/07\\\/22\\\/policial-militar-morre-em-acidente-em-bom-retiro-do-sul\\\/#breadcrumb\",\"itemListElement\":[{\"@type\":\"ListItem\",\"position\":1,\"name\":\"In\u00edcio\",\"item\":\"https:\\\/\\\/folhapopular.info\\\/\"},{\"@type\":\"ListItem\",\"position\":2,\"name\":\"Policial militar morre em acidente em Bom Retiro do Sul\"}]},{\"@type\":\"WebSite\",\"@id\":\"https:\\\/\\\/folhapopular.info\\\/#website\",\"url\":\"https:\\\/\\\/folhapopular.info\\\/\",\"name\":\"Folha Popular\",\"description\":\"Onde voc\u00ea tem vez e voz\",\"potentialAction\":[{\"@type\":\"SearchAction\",\"target\":{\"@type\":\"EntryPoint\",\"urlTemplate\":\"https:\\\/\\\/folhapopular.info\\\/?s={search_term_string}\"},\"query-input\":{\"@type\":\"PropertyValueSpecification\",\"valueRequired\":true,\"valueName\":\"search_term_string\"}}],\"inLanguage\":\"pt-BR\"},{\"@type\":\"Person\",\"@id\":\"https:\\\/\\\/folhapopular.info\\\/#\\\/schema\\\/person\\\/2c678f1be6a810fa1aa8786f135b80d8\",\"name\":\"J\u00falio C\u00e9sar Lenhard\",\"image\":{\"@type\":\"ImageObject\",\"inLanguage\":\"pt-BR\",\"@id\":\"https:\\\/\\\/secure.gravatar.com\\\/avatar\\\/5fc145ba28daff4b7a20678a28e78dc0d1082681a40346a925de39665b5d8cd6?s=96&d=mm&r=g\",\"url\":\"https:\\\/\\\/secure.gravatar.com\\\/avatar\\\/5fc145ba28daff4b7a20678a28e78dc0d1082681a40346a925de39665b5d8cd6?s=96&d=mm&r=g\",\"contentUrl\":\"https:\\\/\\\/secure.gravatar.com\\\/avatar\\\/5fc145ba28daff4b7a20678a28e78dc0d1082681a40346a925de39665b5d8cd6?s=96&d=mm&r=g\",\"caption\":\"J\u00falio C\u00e9sar Lenhard\"},\"url\":\"https:\\\/\\\/folhapopular.info\\\/index.php\\\/author\\\/julio_lenhardhotmail-com\\\/\"}]}<\/script>\n<!-- \/ Yoast SEO plugin. -->","yoast_head_json":{"title":"Policial militar morre em acidente em Bom Retiro do Sul - Folha Popular","robots":{"index":"index","follow":"follow","max-snippet":"max-snippet:-1","max-image-preview":"max-image-preview:large","max-video-preview":"max-video-preview:-1"},"canonical":"https:\/\/folhapopular.info\/index.php\/2023\/07\/22\/policial-militar-morre-em-acidente-em-bom-retiro-do-sul\/","og_locale":"pt_BR","og_type":"article","og_title":"Policial militar morre em acidente em Bom Retiro do Sul - Folha Popular","og_description":"Na manh\u00e3 deste s\u00e1bado (22\/7) um acidente de tr\u00e2nsito na ERS-128, em Bom Retiro do Sul, resultou na morte de um policial militar. O motociclista, estava a caminho de seu servi\u00e7o em Lajeado, onde atuava no setor de videomonitoramento da Brigada Militar. O acidente ocorreu na localidade de S\u00e3o Jo\u00e3o, e envolveu uma colis\u00e3o entre [&hellip;]","og_url":"https:\/\/folhapopular.info\/index.php\/2023\/07\/22\/policial-militar-morre-em-acidente-em-bom-retiro-do-sul\/","og_site_name":"Folha Popular","article_published_time":"2023-07-22T11:27:41+00:00","article_modified_time":"2023-07-22T11:49:03+00:00","og_image":[{"width":323,"height":389,"url":"http:\/\/folhapopular.info\/wp-content\/uploads\/2023\/07\/4d32bbb8-76c1-49d4-a513-b0cac82753d3.jpg","type":"image\/jpeg"}],"author":"J\u00falio C\u00e9sar Lenhard","twitter_card":"summary_large_image","twitter_misc":{"Escrito por":"J\u00falio C\u00e9sar Lenhard","Est. tempo de leitura":"2 minutos"},"schema":{"@context":"https:\/\/schema.org","@graph":[{"@type":"Article","@id":"https:\/\/folhapopular.info\/index.php\/2023\/07\/22\/policial-militar-morre-em-acidente-em-bom-retiro-do-sul\/#article","isPartOf":{"@id":"https:\/\/folhapopular.info\/index.php\/2023\/07\/22\/policial-militar-morre-em-acidente-em-bom-retiro-do-sul\/"},"author":{"name":"J\u00falio C\u00e9sar Lenhard","@id":"https:\/\/folhapopular.info\/#\/schema\/person\/2c678f1be6a810fa1aa8786f135b80d8"},"headline":"Policial militar morre em acidente em Bom Retiro do Sul","datePublished":"2023-07-22T11:27:41+00:00","dateModified":"2023-07-22T11:49:03+00:00","mainEntityOfPage":{"@id":"https:\/\/folhapopular.info\/index.php\/2023\/07\/22\/policial-militar-morre-em-acidente-em-bom-retiro-do-sul\/"},"wordCount":183,"commentCount":0,"image":{"@id":"https:\/\/folhapopular.info\/index.php\/2023\/07\/22\/policial-militar-morre-em-acidente-em-bom-retiro-do-sul\/#primaryimage"},"thumbnailUrl":"https:\/\/folhapopular.info\/wp-content\/uploads\/2023\/07\/4d32bbb8-76c1-49d4-a513-b0cac82753d3.jpg","articleSection":["Geral","Seguran\u00e7a","Tr\u00e2nsito"],"inLanguage":"pt-BR","potentialAction":[{"@type":"CommentAction","name":"Comment","target":["https:\/\/folhapopular.info\/index.php\/2023\/07\/22\/policial-militar-morre-em-acidente-em-bom-retiro-do-sul\/#respond"]}]},{"@type":"WebPage","@id":"https:\/\/folhapopular.info\/index.php\/2023\/07\/22\/policial-militar-morre-em-acidente-em-bom-retiro-do-sul\/","url":"https:\/\/folhapopular.info\/index.php\/2023\/07\/22\/policial-militar-morre-em-acidente-em-bom-retiro-do-sul\/","name":"Policial militar morre em acidente em Bom Retiro do Sul - Folha Popular","isPartOf":{"@id":"https:\/\/folhapopular.info\/#website"},"primaryImageOfPage":{"@id":"https:\/\/folhapopular.info\/index.php\/2023\/07\/22\/policial-militar-morre-em-acidente-em-bom-retiro-do-sul\/#primaryimage"},"image":{"@id":"https:\/\/folhapopular.info\/index.php\/2023\/07\/22\/policial-militar-morre-em-acidente-em-bom-retiro-do-sul\/#primaryimage"},"thumbnailUrl":"https:\/\/folhapopular.info\/wp-content\/uploads\/2023\/07\/4d32bbb8-76c1-49d4-a513-b0cac82753d3.jpg","datePublished":"2023-07-22T11:27:41+00:00","dateModified":"2023-07-22T11:49:03+00:00","author":{"@id":"https:\/\/folhapopular.info\/#\/schema\/person\/2c678f1be6a810fa1aa8786f135b80d8"},"breadcrumb":{"@id":"https:\/\/folhapopular.info\/index.php\/2023\/07\/22\/policial-militar-morre-em-acidente-em-bom-retiro-do-sul\/#breadcrumb"},"inLanguage":"pt-BR","potentialAction":[{"@type":"ReadAction","target":["https:\/\/folhapopular.info\/index.php\/2023\/07\/22\/policial-militar-morre-em-acidente-em-bom-retiro-do-sul\/"]}]},{"@type":"ImageObject","inLanguage":"pt-BR","@id":"https:\/\/folhapopular.info\/index.php\/2023\/07\/22\/policial-militar-morre-em-acidente-em-bom-retiro-do-sul\/#primaryimage","url":"https:\/\/folhapopular.info\/wp-content\/uploads\/2023\/07\/4d32bbb8-76c1-49d4-a513-b0cac82753d3.jpg","contentUrl":"https:\/\/folhapopular.info\/wp-content\/uploads\/2023\/07\/4d32bbb8-76c1-49d4-a513-b0cac82753d3.jpg","width":323,"height":389},{"@type":"BreadcrumbList","@id":"https:\/\/folhapopular.info\/index.php\/2023\/07\/22\/policial-militar-morre-em-acidente-em-bom-retiro-do-sul\/#breadcrumb","itemListElement":[{"@type":"ListItem","position":1,"name":"In\u00edcio","item":"https:\/\/folhapopular.info\/"},{"@type":"ListItem","position":2,"name":"Policial militar morre em acidente em Bom Retiro do Sul"}]},{"@type":"WebSite","@id":"https:\/\/folhapopular.info\/#website","url":"https:\/\/folhapopular.info\/","name":"Folha Popular","description":"Onde voc\u00ea tem vez e voz","potentialAction":[{"@type":"SearchAction","target":{"@type":"EntryPoint","urlTemplate":"https:\/\/folhapopular.info\/?s={search_term_string}"},"query-input":{"@type":"PropertyValueSpecification","valueRequired":true,"valueName":"search_term_string"}}],"inLanguage":"pt-BR"},{"@type":"Person","@id":"https:\/\/folhapopular.info\/#\/schema\/person\/2c678f1be6a810fa1aa8786f135b80d8","name":"J\u00falio C\u00e9sar Lenhard","image":{"@type":"ImageObject","inLanguage":"pt-BR","@id":"https:\/\/secure.gravatar.com\/avatar\/5fc145ba28daff4b7a20678a28e78dc0d1082681a40346a925de39665b5d8cd6?s=96&d=mm&r=g","url":"https:\/\/secure.gravatar.com\/avatar\/5fc145ba28daff4b7a20678a28e78dc0d1082681a40346a925de39665b5d8cd6?s=96&d=mm&r=g","contentUrl":"https:\/\/secure.gravatar.com\/avatar\/5fc145ba28daff4b7a20678a28e78dc0d1082681a40346a925de39665b5d8cd6?s=96&d=mm&r=g","caption":"J\u00falio C\u00e9sar Lenhard"},"url":"https:\/\/folhapopular.info\/index.php\/author\/julio_lenhardhotmail-com\/"}]}},"jetpack_featured_media_url":"https:\/\/folhapopular.info\/wp-content\/uploads\/2023\/07\/4d32bbb8-76c1-49d4-a513-b0cac82753d3.jpg","jetpack_sharing_enabled":true,"amp_enabled":true,"_links":{"self":[{"href":"https:\/\/folhapopular.info\/index.php\/wp-json\/wp\/v2\/posts\/134459","targetHints":{"allow":["GET"]}}],"collection":[{"href":"https:\/\/folhapopular.info\/index.php\/wp-json\/wp\/v2\/posts"}],"about":[{"href":"https:\/\/folhapopular.info\/index.php\/wp-json\/wp\/v2\/types\/post"}],"author":[{"embeddable":true,"href":"https:\/\/folhapopular.info\/index.php\/wp-json\/wp\/v2\/users\/646"}],"replies":[{"embeddable":true,"href":"https:\/\/folhapopular.info\/index.php\/wp-json\/wp\/v2\/comments?post=134459"}],"version-history":[{"count":3,"href":"https:\/\/folhapopular.info\/index.php\/wp-json\/wp\/v2\/posts\/134459\/revisions"}],"predecessor-version":[{"id":134469,"href":"https:\/\/folhapopular.info\/index.php\/wp-json\/wp\/v2\/posts\/134459\/revisions\/134469"}],"wp:featuredmedia":[{"embeddable":true,"href":"https:\/\/folhapopular.info\/index.php\/wp-json\/wp\/v2\/media\/134466"}],"wp:attachment":[{"href":"https:\/\/folhapopular.info\/index.php\/wp-json\/wp\/v2\/media?parent=134459"}],"wp:term":[{"taxonomy":"category","embeddable":true,"href":"https:\/\/folhapopular.info\/index.php\/wp-json\/wp\/v2\/categories?post=134459"},{"taxonomy":"post_tag","embeddable":true,"href":"https:\/\/folhapopular.info\/index.php\/wp-json\/wp\/v2\/tags?post=134459"}],"curies":[{"name":"wp","href":"https:\/\/api.w.org\/{rel}","templated":true}]}}